{"id":73968,"date":"2025-01-20T16:42:15","date_gmt":"2025-01-20T13:42:15","guid":{"rendered":"https:\/\/kibrisdakik.com\/index.php\/2025\/01\/20\/tak-yonetim-kurulu-baskani-aydin-akkurttan-perihan-aziz-icin-taziye-mesaji\/"},"modified":"2025-01-20T16:42:15","modified_gmt":"2025-01-20T13:42:15","slug":"tak-yonetim-kurulu-baskani-aydin-akkurttan-perihan-aziz-icin-taziye-mesaji","status":"publish","type":"post","link":"https:\/\/kibrisdakik.com\/?p=73968","title":{"rendered":"TAK Y\u00f6netim Kurulu Ba\u015fkan\u0131 Ayd\u0131n Akkurt\u2019tan Perihan Aziz i\u00e7in taziye mesaj\u0131"},"content":{"rendered":"<div>\n<div class=\"mariselle-image-container center\">\n                                            <\/div>\n<p>\nCumhurba\u015fkanl\u0131\u011f\u0131 ba\u015f dan\u0131\u015fman\u0131 ve T\u00fcrk Ajans\u0131 K\u0131br\u0131s (TAK) Y\u00f6netim Kurulu Ba\u015fkan\u0131 Ayd\u0131n Akkurt, Ajans\u2019\u0131n eski m\u00fcd\u00fcrlerinden Perihan Aziz i\u00e7in taziye mesaj\u0131 yay\u0131nlad\u0131.<\/p>\n<p>Akkurt mesaj\u0131nda, TAK\u2019a her kademede 37 y\u0131l boyunca hizmet veren, Ajans\u2019\u0131n m\u00fcd\u00fcrl\u00fc\u011f\u00fcn\u00fc yapan Perihan Aziz\u2019in vefat haberinden derin \u00fcz\u00fcnt\u00fc duydu\u011funu kaydetti.<\/p>\n<p>Akkurt mesaj\u0131nda, \u201cBas\u0131n\u0131m\u0131z\u0131n duayen isimlerinden, Perihan Aziz\u2019e Allah\u2019tan rahmet; ailesi, sevenleri ve bas\u0131n camias\u0131na ba\u015fsa\u011fl\u0131\u011f\u0131 diliyorum.\u201d ifadelerini kulland\u0131.<\/p>\n<\/p><\/div>\n<p><script async\n                    defer\n                    crossorigin=\"anonymous\"\n                    src=\"https:\/\/connect.facebook.net\/tr_TR\/sdk.js#xfbml=1&#038;version=v3.3\"\n            ><\/script><\/p>\n","protected":false},"excerpt":{"rendered":"<p>Cumhurba\u015fkanl\u0131\u011f\u0131 ba\u015f dan\u0131\u015fman\u0131 ve T\u00fcrk Ajans\u0131 K\u0131br\u0131s (TAK) Y\u00f6netim Kurulu Ba\u015fkan\u0131 Ayd\u0131n Akkurt, Ajans\u2019\u0131n eski m\u00fcd\u00fcrlerinden Perihan Aziz i\u00e7in taziye mesaj\u0131 yay\u0131nlad\u0131. Akkurt mesaj\u0131nda, TAK\u2019a her kademede 37 y\u0131l boyunca hizmet veren, Ajans\u2019\u0131n m\u00fcd\u00fcrl\u00fc\u011f\u00fcn\u00fc yapan Perihan Aziz\u2019in vefat haberinden derin \u00fcz\u00fcnt\u00fc duydu\u011funu kaydetti. Akkurt mesaj\u0131nda, \u201cBas\u0131n\u0131m\u0131z\u0131n duayen isimlerinden, Perihan Aziz\u2019e Allah\u2019tan rahmet; ailesi, sevenleri ve<\/p>\n","protected":false},"author":1,"featured_media":73969,"comment_status":"open","ping_status":"open","sticky":false,"template":"","format":"standard","meta":{"footnotes":""},"categories":[81,101],"tags":[],"class_list":["post-73968","post","type-post","status-publish","format-standard","has-post-thumbnail","hentry","category-kibris","category-manset"],"yoast_head":"<!-- This site is optimized with the Yoast SEO plugin v27.5 - https:\/\/yoast.com\/product\/yoast-seo-wordpress\/ -->\n<title>TAK Y\u00f6netim Kurulu Ba\u015fkan\u0131 Ayd\u0131n Akkurt\u2019tan Perihan Aziz i\u00e7in taziye mesaj\u0131 -<\/title>\n<meta name=\"robots\" content=\"index, follow, max-snippet:-1, max-image-preview:large, max-video-preview:-1\" \/>\n<link rel=\"canonical\" href=\"https:\/\/kibrisdakik.com\/?p=73968\" \/>\n<meta property=\"og:locale\" content=\"tr_TR\" \/>\n<meta property=\"og:type\" content=\"article\" \/>\n<meta property=\"og:title\" content=\"TAK Y\u00f6netim Kurulu Ba\u015fkan\u0131 Ayd\u0131n Akkurt\u2019tan Perihan Aziz i\u00e7in taziye mesaj\u0131 -\" \/>\n<meta property=\"og:description\" content=\"Cumhurba\u015fkanl\u0131\u011f\u0131 ba\u015f dan\u0131\u015fman\u0131 ve T\u00fcrk Ajans\u0131 K\u0131br\u0131s (TAK) Y\u00f6netim Kurulu Ba\u015fkan\u0131 Ayd\u0131n Akkurt, Ajans\u2019\u0131n eski m\u00fcd\u00fcrlerinden Perihan Aziz i\u00e7in taziye mesaj\u0131 yay\u0131nlad\u0131. Akkurt mesaj\u0131nda, TAK\u2019a her kademede 37 y\u0131l boyunca hizmet veren, Ajans\u2019\u0131n m\u00fcd\u00fcrl\u00fc\u011f\u00fcn\u00fc yapan Perihan Aziz\u2019in vefat haberinden derin \u00fcz\u00fcnt\u00fc duydu\u011funu kaydetti. Akkurt mesaj\u0131nda, \u201cBas\u0131n\u0131m\u0131z\u0131n duayen isimlerinden, Perihan Aziz\u2019e Allah\u2019tan rahmet; ailesi, sevenleri ve\" \/>\n<meta property=\"og:url\" content=\"https:\/\/kibrisdakik.com\/?p=73968\" \/>\n<meta property=\"article:published_time\" content=\"2025-01-20T13:42:15+00:00\" \/>\n<meta property=\"og:image\" content=\"https:\/\/kibrisdakik.com\/wp-content\/uploads\/2025\/01\/aydin-akkurt-foto-740x420.jpeg\" \/>\n\t<meta property=\"og:image:width\" content=\"2560\" \/>\n\t<meta property=\"og:image:height\" content=\"1706\" \/>\n\t<meta property=\"og:image:type\" content=\"image\/jpeg\" \/>\n<meta name=\"author\" content=\"admin\" \/>\n<meta name=\"twitter:card\" content=\"summary_large_image\" \/>\n<meta name=\"twitter:label1\" content=\"Yazan:\" \/>\n\t<meta name=\"twitter:data1\" content=\"admin\" \/>\n<script type=\"application\/ld+json\" class=\"yoast-schema-graph\">{\"@context\":\"https:\\\/\\\/schema.org\",\"@graph\":[{\"@type\":\"Article\",\"@id\":\"https:\\\/\\\/kibrisdakik.com\\\/?p=73968#article\",\"isPartOf\":{\"@id\":\"https:\\\/\\\/kibrisdakik.com\\\/?p=73968\"},\"author\":{\"name\":\"admin\",\"@id\":\"https:\\\/\\\/kibrisdakik.com\\\/#\\\/schema\\\/person\\\/9cd9d437bbb44f72b73ba127e06d8e79\"},\"headline\":\"TAK Y\u00f6netim Kurulu Ba\u015fkan\u0131 Ayd\u0131n Akkurt\u2019tan Perihan Aziz i\u00e7in taziye mesaj\u0131\",\"datePublished\":\"2025-01-20T13:42:15+00:00\",\"mainEntityOfPage\":{\"@id\":\"https:\\\/\\\/kibrisdakik.com\\\/?p=73968\"},\"wordCount\":110,\"commentCount\":0,\"image\":{\"@id\":\"https:\\\/\\\/kibrisdakik.com\\\/?p=73968#primaryimage\"},\"thumbnailUrl\":\"https:\\\/\\\/kibrisdakik.com\\\/wp-content\\\/uploads\\\/2025\\\/01\\\/aydin-akkurt-foto-740x420.jpeg\",\"articleSection\":[\"K\u0131br\u0131s\",\"Man\u015fet\"],\"inLanguage\":\"tr\",\"potentialAction\":[{\"@type\":\"CommentAction\",\"name\":\"Comment\",\"target\":[\"https:\\\/\\\/kibrisdakik.com\\\/?p=73968#respond\"]}]},{\"@type\":\"WebPage\",\"@id\":\"https:\\\/\\\/kibrisdakik.com\\\/?p=73968\",\"url\":\"https:\\\/\\\/kibrisdakik.com\\\/?p=73968\",\"name\":\"TAK Y\u00f6netim Kurulu Ba\u015fkan\u0131 Ayd\u0131n Akkurt\u2019tan Perihan Aziz i\u00e7in taziye mesaj\u0131 -\",\"isPartOf\":{\"@id\":\"https:\\\/\\\/kibrisdakik.com\\\/#website\"},\"primaryImageOfPage\":{\"@id\":\"https:\\\/\\\/kibrisdakik.com\\\/?p=73968#primaryimage\"},\"image\":{\"@id\":\"https:\\\/\\\/kibrisdakik.com\\\/?p=73968#primaryimage\"},\"thumbnailUrl\":\"https:\\\/\\\/kibrisdakik.com\\\/wp-content\\\/uploads\\\/2025\\\/01\\\/aydin-akkurt-foto-740x420.jpeg\",\"datePublished\":\"2025-01-20T13:42:15+00:00\",\"author\":{\"@id\":\"https:\\\/\\\/kibrisdakik.com\\\/#\\\/schema\\\/person\\\/9cd9d437bbb44f72b73ba127e06d8e79\"},\"breadcrumb\":{\"@id\":\"https:\\\/\\\/kibrisdakik.com\\\/?p=73968#breadcrumb\"},\"inLanguage\":\"tr\",\"potentialAction\":[{\"@type\":\"ReadAction\",\"target\":[\"https:\\\/\\\/kibrisdakik.com\\\/?p=73968\"]}]},{\"@type\":\"ImageObject\",\"inLanguage\":\"tr\",\"@id\":\"https:\\\/\\\/kibrisdakik.com\\\/?p=73968#primaryimage\",\"url\":\"https:\\\/\\\/kibrisdakik.com\\\/wp-content\\\/uploads\\\/2025\\\/01\\\/aydin-akkurt-foto-740x420.jpeg\",\"contentUrl\":\"https:\\\/\\\/kibrisdakik.com\\\/wp-content\\\/uploads\\\/2025\\\/01\\\/aydin-akkurt-foto-740x420.jpeg\",\"width\":2560,\"height\":1706},{\"@type\":\"BreadcrumbList\",\"@id\":\"https:\\\/\\\/kibrisdakik.com\\\/?p=73968#breadcrumb\",\"itemListElement\":[{\"@type\":\"ListItem\",\"position\":1,\"name\":\"Home\",\"item\":\"https:\\\/\\\/kibrisdakik.com\\\/\"},{\"@type\":\"ListItem\",\"position\":2,\"name\":\"TAK Y\u00f6netim Kurulu Ba\u015fkan\u0131 Ayd\u0131n Akkurt\u2019tan Perihan Aziz i\u00e7in taziye mesaj\u0131\"}]},{\"@type\":\"WebSite\",\"@id\":\"https:\\\/\\\/kibrisdakik.com\\\/#website\",\"url\":\"https:\\\/\\\/kibrisdakik.com\\\/\",\"name\":\"\",\"description\":\"Tam vaktinde haber\",\"potentialAction\":[{\"@type\":\"SearchAction\",\"target\":{\"@type\":\"EntryPoint\",\"urlTemplate\":\"https:\\\/\\\/kibrisdakik.com\\\/?s={search_term_string}\"},\"query-input\":{\"@type\":\"PropertyValueSpecification\",\"valueRequired\":true,\"valueName\":\"search_term_string\"}}],\"inLanguage\":\"tr\"},{\"@type\":\"Person\",\"@id\":\"https:\\\/\\\/kibrisdakik.com\\\/#\\\/schema\\\/person\\\/9cd9d437bbb44f72b73ba127e06d8e79\",\"name\":\"admin\",\"image\":{\"@type\":\"ImageObject\",\"inLanguage\":\"tr\",\"@id\":\"https:\\\/\\\/secure.gravatar.com\\\/avatar\\\/ccc17943b9d660506c869530f897617f7cb1c21a4bf30023f252596d83e1f007?s=96&d=mm&r=g\",\"url\":\"https:\\\/\\\/secure.gravatar.com\\\/avatar\\\/ccc17943b9d660506c869530f897617f7cb1c21a4bf30023f252596d83e1f007?s=96&d=mm&r=g\",\"contentUrl\":\"https:\\\/\\\/secure.gravatar.com\\\/avatar\\\/ccc17943b9d660506c869530f897617f7cb1c21a4bf30023f252596d83e1f007?s=96&d=mm&r=g\",\"caption\":\"admin\"},\"sameAs\":[\"https:\\\/\\\/kibrisdakik.com\"],\"url\":\"https:\\\/\\\/kibrisdakik.com\\\/?author=1\"}]}<\/script>\n<!-- \/ Yoast SEO plugin. -->","yoast_head_json":{"title":"TAK Y\u00f6netim Kurulu Ba\u015fkan\u0131 Ayd\u0131n Akkurt\u2019tan Perihan Aziz i\u00e7in taziye mesaj\u0131 -","robots":{"index":"index","follow":"follow","max-snippet":"max-snippet:-1","max-image-preview":"max-image-preview:large","max-video-preview":"max-video-preview:-1"},"canonical":"https:\/\/kibrisdakik.com\/?p=73968","og_locale":"tr_TR","og_type":"article","og_title":"TAK Y\u00f6netim Kurulu Ba\u015fkan\u0131 Ayd\u0131n Akkurt\u2019tan Perihan Aziz i\u00e7in taziye mesaj\u0131 -","og_description":"Cumhurba\u015fkanl\u0131\u011f\u0131 ba\u015f dan\u0131\u015fman\u0131 ve T\u00fcrk Ajans\u0131 K\u0131br\u0131s (TAK) Y\u00f6netim Kurulu Ba\u015fkan\u0131 Ayd\u0131n Akkurt, Ajans\u2019\u0131n eski m\u00fcd\u00fcrlerinden Perihan Aziz i\u00e7in taziye mesaj\u0131 yay\u0131nlad\u0131. Akkurt mesaj\u0131nda, TAK\u2019a her kademede 37 y\u0131l boyunca hizmet veren, Ajans\u2019\u0131n m\u00fcd\u00fcrl\u00fc\u011f\u00fcn\u00fc yapan Perihan Aziz\u2019in vefat haberinden derin \u00fcz\u00fcnt\u00fc duydu\u011funu kaydetti. Akkurt mesaj\u0131nda, \u201cBas\u0131n\u0131m\u0131z\u0131n duayen isimlerinden, Perihan Aziz\u2019e Allah\u2019tan rahmet; ailesi, sevenleri ve","og_url":"https:\/\/kibrisdakik.com\/?p=73968","article_published_time":"2025-01-20T13:42:15+00:00","og_image":[{"width":2560,"height":1706,"url":"https:\/\/kibrisdakik.com\/wp-content\/uploads\/2025\/01\/aydin-akkurt-foto-740x420.jpeg","type":"image\/jpeg"}],"author":"admin","twitter_card":"summary_large_image","twitter_misc":{"Yazan:":"admin"},"schema":{"@context":"https:\/\/schema.org","@graph":[{"@type":"Article","@id":"https:\/\/kibrisdakik.com\/?p=73968#article","isPartOf":{"@id":"https:\/\/kibrisdakik.com\/?p=73968"},"author":{"name":"admin","@id":"https:\/\/kibrisdakik.com\/#\/schema\/person\/9cd9d437bbb44f72b73ba127e06d8e79"},"headline":"TAK Y\u00f6netim Kurulu Ba\u015fkan\u0131 Ayd\u0131n Akkurt\u2019tan Perihan Aziz i\u00e7in taziye mesaj\u0131","datePublished":"2025-01-20T13:42:15+00:00","mainEntityOfPage":{"@id":"https:\/\/kibrisdakik.com\/?p=73968"},"wordCount":110,"commentCount":0,"image":{"@id":"https:\/\/kibrisdakik.com\/?p=73968#primaryimage"},"thumbnailUrl":"https:\/\/kibrisdakik.com\/wp-content\/uploads\/2025\/01\/aydin-akkurt-foto-740x420.jpeg","articleSection":["K\u0131br\u0131s","Man\u015fet"],"inLanguage":"tr","potentialAction":[{"@type":"CommentAction","name":"Comment","target":["https:\/\/kibrisdakik.com\/?p=73968#respond"]}]},{"@type":"WebPage","@id":"https:\/\/kibrisdakik.com\/?p=73968","url":"https:\/\/kibrisdakik.com\/?p=73968","name":"TAK Y\u00f6netim Kurulu Ba\u015fkan\u0131 Ayd\u0131n Akkurt\u2019tan Perihan Aziz i\u00e7in taziye mesaj\u0131 -","isPartOf":{"@id":"https:\/\/kibrisdakik.com\/#website"},"primaryImageOfPage":{"@id":"https:\/\/kibrisdakik.com\/?p=73968#primaryimage"},"image":{"@id":"https:\/\/kibrisdakik.com\/?p=73968#primaryimage"},"thumbnailUrl":"https:\/\/kibrisdakik.com\/wp-content\/uploads\/2025\/01\/aydin-akkurt-foto-740x420.jpeg","datePublished":"2025-01-20T13:42:15+00:00","author":{"@id":"https:\/\/kibrisdakik.com\/#\/schema\/person\/9cd9d437bbb44f72b73ba127e06d8e79"},"breadcrumb":{"@id":"https:\/\/kibrisdakik.com\/?p=73968#breadcrumb"},"inLanguage":"tr","potentialAction":[{"@type":"ReadAction","target":["https:\/\/kibrisdakik.com\/?p=73968"]}]},{"@type":"ImageObject","inLanguage":"tr","@id":"https:\/\/kibrisdakik.com\/?p=73968#primaryimage","url":"https:\/\/kibrisdakik.com\/wp-content\/uploads\/2025\/01\/aydin-akkurt-foto-740x420.jpeg","contentUrl":"https:\/\/kibrisdakik.com\/wp-content\/uploads\/2025\/01\/aydin-akkurt-foto-740x420.jpeg","width":2560,"height":1706},{"@type":"BreadcrumbList","@id":"https:\/\/kibrisdakik.com\/?p=73968#breadcrumb","itemListElement":[{"@type":"ListItem","position":1,"name":"Home","item":"https:\/\/kibrisdakik.com\/"},{"@type":"ListItem","position":2,"name":"TAK Y\u00f6netim Kurulu Ba\u015fkan\u0131 Ayd\u0131n Akkurt\u2019tan Perihan Aziz i\u00e7in taziye mesaj\u0131"}]},{"@type":"WebSite","@id":"https:\/\/kibrisdakik.com\/#website","url":"https:\/\/kibrisdakik.com\/","name":"","description":"Tam vaktinde haber","potentialAction":[{"@type":"SearchAction","target":{"@type":"EntryPoint","urlTemplate":"https:\/\/kibrisdakik.com\/?s={search_term_string}"},"query-input":{"@type":"PropertyValueSpecification","valueRequired":true,"valueName":"search_term_string"}}],"inLanguage":"tr"},{"@type":"Person","@id":"https:\/\/kibrisdakik.com\/#\/schema\/person\/9cd9d437bbb44f72b73ba127e06d8e79","name":"admin","image":{"@type":"ImageObject","inLanguage":"tr","@id":"https:\/\/secure.gravatar.com\/avatar\/ccc17943b9d660506c869530f897617f7cb1c21a4bf30023f252596d83e1f007?s=96&d=mm&r=g","url":"https:\/\/secure.gravatar.com\/avatar\/ccc17943b9d660506c869530f897617f7cb1c21a4bf30023f252596d83e1f007?s=96&d=mm&r=g","contentUrl":"https:\/\/secure.gravatar.com\/avatar\/ccc17943b9d660506c869530f897617f7cb1c21a4bf30023f252596d83e1f007?s=96&d=mm&r=g","caption":"admin"},"sameAs":["https:\/\/kibrisdakik.com"],"url":"https:\/\/kibrisdakik.com\/?author=1"}]}},"_links":{"self":[{"href":"https:\/\/kibrisdakik.com\/index.php?rest_route=\/wp\/v2\/posts\/73968","targetHints":{"allow":["GET"]}}],"collection":[{"href":"https:\/\/kibrisdakik.com\/index.php?rest_route=\/wp\/v2\/posts"}],"about":[{"href":"https:\/\/kibrisdakik.com\/index.php?rest_route=\/wp\/v2\/types\/post"}],"author":[{"embeddable":true,"href":"https:\/\/kibrisdakik.com\/index.php?rest_route=\/wp\/v2\/users\/1"}],"replies":[{"embeddable":true,"href":"https:\/\/kibrisdakik.com\/index.php?rest_route=%2Fwp%2Fv2%2Fcomments&post=73968"}],"version-history":[{"count":0,"href":"https:\/\/kibrisdakik.com\/index.php?rest_route=\/wp\/v2\/posts\/73968\/revisions"}],"wp:featuredmedia":[{"embeddable":true,"href":"https:\/\/kibrisdakik.com\/index.php?rest_route=\/wp\/v2\/media\/73969"}],"wp:attachment":[{"href":"https:\/\/kibrisdakik.com\/index.php?rest_route=%2Fwp%2Fv2%2Fmedia&parent=73968"}],"wp:term":[{"taxonomy":"category","embeddable":true,"href":"https:\/\/kibrisdakik.com\/index.php?rest_route=%2Fwp%2Fv2%2Fcategories&post=73968"},{"taxonomy":"post_tag","embeddable":true,"href":"https:\/\/kibrisdakik.com\/index.php?rest_route=%2Fwp%2Fv2%2Ftags&post=73968"}],"curies":[{"name":"wp","href":"https:\/\/api.w.org\/{rel}","templated":true}]}}