{"id":74013,"date":"2025-01-21T12:53:55","date_gmt":"2025-01-21T09:53:55","guid":{"rendered":"https:\/\/kibrisdakik.com\/index.php\/2025\/01\/21\/kav-orkide-yuruyusu-6-nisan-pazar-gunu-lefkede-yapilacak\/"},"modified":"2025-01-21T12:53:55","modified_gmt":"2025-01-21T09:53:55","slug":"kav-orkide-yuruyusu-6-nisan-pazar-gunu-lefkede-yapilacak","status":"publish","type":"post","link":"https:\/\/kibrisdakik.com\/?p=74013","title":{"rendered":"KAV Orkide Y\u00fcr\u00fcy\u00fc\u015f\u00fc, 6 Nisan Pazar g\u00fcn\u00fc Lefke\u2019de yap\u0131lacak"},"content":{"rendered":"<div>\n<div class=\"mariselle-image-container center\">\n                                            <\/div>\n<p> Kanser Ara\u015ft\u0131rma Vakf\u0131\u2019n\u0131n (KAV), CENGO-V Vakf\u0131 i\u015fbirli\u011fi ve Telsim ana sponsorlu\u011fu ile d\u00fczenledi\u011fi 22. Orkide Y\u00fcr\u00fcy\u00fc\u015f\u00fc, 6 Nisan Pazar g\u00fcn\u00fc Lefke\u2019de yap\u0131lacak.<\/p>\n<p>KAV\u2019dan yap\u0131lan yaz\u0131l\u0131 a\u00e7\u0131klamaya g\u00f6re, 22. Orkide Y\u00fcr\u00fcy\u00fc\u015f\u00fc ile ilgili olarak Telsim binas\u0131nda d\u00fczenlenen bilgilendirme toplant\u0131s\u0131na, Kanser Ara\u015ft\u0131rma Vakf\u0131 Ba\u015fkan\u0131 Prof. Dr. Mustafa Camg\u00f6z \u00e7evrimi\u00e7i kat\u0131l\u0131rken, CENGO-V Vakf\u0131 Ba\u015fkan\u0131 \u00d6zge \u00d6zbeko\u011flu, y\u00fcr\u00fcy\u00fc\u015f\u00fcn ger\u00e7ekle\u015fece\u011fi Lefke il\u00e7esi Belediye Ba\u015fkan\u0131 Aziz Kaya, Telsim Genel M\u00fcd\u00fcr Yard\u0131mc\u0131s\u0131 Fevzi Tanp\u0131nar, Dima Discount Genel M\u00fcd\u00fcr Yard\u0131mc\u0131s\u0131 Hasan \u00c7a\u011flar, Da\u011fc\u0131l\u0131k Spor Derne\u011fi Ba\u015fkan\u0131 Mustafa Kendir, Girne Con Kahve temsilcisi Vuslat B\u00fcy\u00fckalsancak ve Play FM Genel Yay\u0131n Y\u00f6netmeni Ali Dervi\u015fo\u011flu kat\u0131larak a\u00e7\u0131klamalarda bulundu.<\/p>\n<p>-Prof. Dr. Camg\u00f6z: \u201cBu y\u0131lki Orkide Y\u00fcr\u00fcy\u00fc\u015f\u00fc\u2019n\u00fcn temas\u0131: N\u00f6roblastom\u2026\u201d<\/p>\n<p>Bilgilendirme toplant\u0131s\u0131na Londra\u2019dan \u00e7evrimi\u00e7i kat\u0131lan Prof. Dr. Mustafa Camg\u00f6z, bu y\u0131l 22. si yap\u0131lacak olan Orkide Y\u00fcr\u00fcy\u00fc\u015f\u00fc ile rekor k\u0131rd\u0131klar\u0131n\u0131, y\u00fcr\u00fcy\u00fc\u015f\u00fcn K\u0131br\u0131s\u2019\u0131n en b\u00fcy\u00fck hay\u0131r etkinli\u011fi oldu\u011funu vurgulad\u0131.  <\/p>\n<p>Konu\u015fmas\u0131nda KAV\u2019\u0131n \u00fclkenin hem ulusal hem de uluslararas\u0131 ara\u015ft\u0131rma yapan tek vakf\u0131 oldu\u011funu belirten Prof. Dr. Camg\u00f6z, yapt\u0131klar\u0131 \u00e7al\u0131\u015fmalar ve kaydettikleri ilerlemelerle ilgili olarak toplumu y\u00fcr\u00fcy\u00fc\u015f g\u00fcn\u00fc yay\u0131nlay\u0131p da\u011f\u0131tt\u0131klar\u0131 raporlar ile bilgilendirdiklerini belirtti.<\/p>\n<p>KAV ve Cengo-V\u2019nin i\u015fbirliklerine de de\u011finen Prof. Dr. Mustafa Camg\u00f6z, kanserin b\u00fcy\u00fck bir sorun oldu\u011funu, iki vakf\u0131n kanser sorununu birlikte ele ald\u0131klar\u0131n\u0131 belirterek bu i\u015fbirli\u011finin ve ortaya konulan \u00e7al\u0131\u015fmalar\u0131n topluma da \u00f6rnek olmas\u0131n\u0131 diledi\u011fini kaydetti.<\/p>\n<p>Bu y\u0131lki y\u00fcr\u00fcy\u00fc\u015f\u00fcn \u201cN\u00f6roblastom\u201d temas\u0131 ile ger\u00e7ekle\u015fece\u011fini vurgulayan Prof. Dr. Mustafa Camg\u00f6z, bu kanser t\u00fcr\u00fcn\u00fcn K\u0131br\u0131s\u2019ta da g\u00f6r\u00fcld\u00fc\u011f\u00fcn\u00fc belirterek N\u00f6roblastom ile ilgili \u00e7al\u0131\u015fmalar\u0131 ba\u015flatt\u0131klar\u0131n\u0131 belirterek bu konudaki bilgilerin y\u00fcr\u00fcy\u00fc\u015f g\u00fcn\u00fc da\u011f\u0131t\u0131lacak ilerleme raporunda olaca\u011f\u0131n\u0131 kaydetti.<\/p>\n<p>Prof. Dr. Mustafa Camg\u00f6z konu\u015fmas\u0131n\u0131,  y\u00fcr\u00fcy\u00fc\u015fe destek veren sponsorlara ve y\u00fcr\u00fcy\u00fc\u015fe ev sahipli\u011fi yapacak olan Lefke halk\u0131na ve Lefke Belediyesi\u2019ne te\u015fekk\u00fcr ederek tamamlad\u0131.<\/p>\n<p>6 Nisan Pazar sabah\u0131 09.30\u2019da Lefke Atat\u00fcrk Park\u0131 \u00f6n\u00fcnden ba\u015flayacak olan 22. Orkide Y\u00fcr\u00fc\u015f\u00fc\u2019n\u00fcn biletleri, 250 TL ba\u011f\u0131\u015f kar\u015f\u0131l\u0131\u011f\u0131 Deniz Plazalar ile Telsim Ortak\u00f6y Shop ve Lefke  Belediyesi\u2019nden temin edilebilecek.<\/p>\n<\/p><\/div>\n<p><script async\n                    defer\n                    crossorigin=\"anonymous\"\n                    src=\"https:\/\/connect.facebook.net\/tr_TR\/sdk.js#xfbml=1&#038;version=v3.3\"\n            ><\/script><\/p>\n","protected":false},"excerpt":{"rendered":"<p>Kanser Ara\u015ft\u0131rma Vakf\u0131\u2019n\u0131n (KAV), CENGO-V Vakf\u0131 i\u015fbirli\u011fi ve Telsim ana sponsorlu\u011fu ile d\u00fczenledi\u011fi 22. Orkide Y\u00fcr\u00fcy\u00fc\u015f\u00fc, 6 Nisan Pazar g\u00fcn\u00fc Lefke\u2019de yap\u0131lacak. KAV\u2019dan yap\u0131lan yaz\u0131l\u0131 a\u00e7\u0131klamaya g\u00f6re, 22. Orkide Y\u00fcr\u00fcy\u00fc\u015f\u00fc ile ilgili olarak Telsim binas\u0131nda d\u00fczenlenen bilgilendirme toplant\u0131s\u0131na, Kanser Ara\u015ft\u0131rma Vakf\u0131 Ba\u015fkan\u0131 Prof. Dr. Mustafa Camg\u00f6z \u00e7evrimi\u00e7i kat\u0131l\u0131rken, CENGO-V Vakf\u0131 Ba\u015fkan\u0131 \u00d6zge \u00d6zbeko\u011flu, y\u00fcr\u00fcy\u00fc\u015f\u00fcn ger\u00e7ekle\u015fece\u011fi<\/p>\n","protected":false},"author":1,"featured_media":74014,"comment_status":"open","ping_status":"open","sticky":false,"template":"","format":"standard","meta":{"footnotes":""},"categories":[81,101],"tags":[],"class_list":["post-74013","post","type-post","status-publish","format-standard","has-post-thumbnail","hentry","category-kibris","category-manset"],"yoast_head":"<!-- This site is optimized with the Yoast SEO plugin v27.4 - https:\/\/yoast.com\/product\/yoast-seo-wordpress\/ -->\n<title>KAV Orkide Y\u00fcr\u00fcy\u00fc\u015f\u00fc, 6 Nisan Pazar g\u00fcn\u00fc Lefke\u2019de yap\u0131lacak -<\/title>\n<meta name=\"robots\" content=\"index, follow, max-snippet:-1, max-image-preview:large, max-video-preview:-1\" \/>\n<link rel=\"canonical\" href=\"https:\/\/kibrisdakik.com\/?p=74013\" \/>\n<meta property=\"og:locale\" content=\"tr_TR\" \/>\n<meta property=\"og:type\" content=\"article\" \/>\n<meta property=\"og:title\" content=\"KAV Orkide Y\u00fcr\u00fcy\u00fc\u015f\u00fc, 6 Nisan Pazar g\u00fcn\u00fc Lefke\u2019de yap\u0131lacak -\" \/>\n<meta property=\"og:description\" content=\"Kanser Ara\u015ft\u0131rma Vakf\u0131\u2019n\u0131n (KAV), CENGO-V Vakf\u0131 i\u015fbirli\u011fi ve Telsim ana sponsorlu\u011fu ile d\u00fczenledi\u011fi 22. Orkide Y\u00fcr\u00fcy\u00fc\u015f\u00fc, 6 Nisan Pazar g\u00fcn\u00fc Lefke\u2019de yap\u0131lacak. KAV\u2019dan yap\u0131lan yaz\u0131l\u0131 a\u00e7\u0131klamaya g\u00f6re, 22. Orkide Y\u00fcr\u00fcy\u00fc\u015f\u00fc ile ilgili olarak Telsim binas\u0131nda d\u00fczenlenen bilgilendirme toplant\u0131s\u0131na, Kanser Ara\u015ft\u0131rma Vakf\u0131 Ba\u015fkan\u0131 Prof. Dr. Mustafa Camg\u00f6z \u00e7evrimi\u00e7i kat\u0131l\u0131rken, CENGO-V Vakf\u0131 Ba\u015fkan\u0131 \u00d6zge \u00d6zbeko\u011flu, y\u00fcr\u00fcy\u00fc\u015f\u00fcn ger\u00e7ekle\u015fece\u011fi\" \/>\n<meta property=\"og:url\" content=\"https:\/\/kibrisdakik.com\/?p=74013\" \/>\n<meta property=\"article:published_time\" content=\"2025-01-21T09:53:55+00:00\" \/>\n<meta property=\"og:image\" content=\"https:\/\/kibrisdakik.com\/wp-content\/uploads\/2025\/01\/1737444751528ORKIDE-YURUYUSU2-740x420.jpg\" \/>\n\t<meta property=\"og:image:width\" content=\"2048\" \/>\n\t<meta property=\"og:image:height\" content=\"704\" \/>\n\t<meta property=\"og:image:type\" content=\"image\/jpeg\" \/>\n<meta name=\"author\" content=\"admin\" \/>\n<meta name=\"twitter:card\" content=\"summary_large_image\" \/>\n<meta name=\"twitter:label1\" content=\"Yazan:\" \/>\n\t<meta name=\"twitter:data1\" content=\"admin\" \/>\n\t<meta name=\"twitter:label2\" content=\"Tahmini okuma s\u00fcresi\" \/>\n\t<meta name=\"twitter:data2\" content=\"2 dakika\" \/>\n<script type=\"application\/ld+json\" class=\"yoast-schema-graph\">{\"@context\":\"https:\\\/\\\/schema.org\",\"@graph\":[{\"@type\":\"Article\",\"@id\":\"https:\\\/\\\/kibrisdakik.com\\\/?p=74013#article\",\"isPartOf\":{\"@id\":\"https:\\\/\\\/kibrisdakik.com\\\/?p=74013\"},\"author\":{\"name\":\"admin\",\"@id\":\"https:\\\/\\\/kibrisdakik.com\\\/#\\\/schema\\\/person\\\/9cd9d437bbb44f72b73ba127e06d8e79\"},\"headline\":\"KAV Orkide Y\u00fcr\u00fcy\u00fc\u015f\u00fc, 6 Nisan Pazar g\u00fcn\u00fc Lefke\u2019de yap\u0131lacak\",\"datePublished\":\"2025-01-21T09:53:55+00:00\",\"mainEntityOfPage\":{\"@id\":\"https:\\\/\\\/kibrisdakik.com\\\/?p=74013\"},\"wordCount\":476,\"commentCount\":0,\"image\":{\"@id\":\"https:\\\/\\\/kibrisdakik.com\\\/?p=74013#primaryimage\"},\"thumbnailUrl\":\"https:\\\/\\\/kibrisdakik.com\\\/wp-content\\\/uploads\\\/2025\\\/01\\\/1737444751528ORKIDE-YURUYUSU2-740x420.jpg\",\"articleSection\":[\"K\u0131br\u0131s\",\"Man\u015fet\"],\"inLanguage\":\"tr\",\"potentialAction\":[{\"@type\":\"CommentAction\",\"name\":\"Comment\",\"target\":[\"https:\\\/\\\/kibrisdakik.com\\\/?p=74013#respond\"]}]},{\"@type\":\"WebPage\",\"@id\":\"https:\\\/\\\/kibrisdakik.com\\\/?p=74013\",\"url\":\"https:\\\/\\\/kibrisdakik.com\\\/?p=74013\",\"name\":\"KAV Orkide Y\u00fcr\u00fcy\u00fc\u015f\u00fc, 6 Nisan Pazar g\u00fcn\u00fc Lefke\u2019de yap\u0131lacak -\",\"isPartOf\":{\"@id\":\"https:\\\/\\\/kibrisdakik.com\\\/#website\"},\"primaryImageOfPage\":{\"@id\":\"https:\\\/\\\/kibrisdakik.com\\\/?p=74013#primaryimage\"},\"image\":{\"@id\":\"https:\\\/\\\/kibrisdakik.com\\\/?p=74013#primaryimage\"},\"thumbnailUrl\":\"https:\\\/\\\/kibrisdakik.com\\\/wp-content\\\/uploads\\\/2025\\\/01\\\/1737444751528ORKIDE-YURUYUSU2-740x420.jpg\",\"datePublished\":\"2025-01-21T09:53:55+00:00\",\"author\":{\"@id\":\"https:\\\/\\\/kibrisdakik.com\\\/#\\\/schema\\\/person\\\/9cd9d437bbb44f72b73ba127e06d8e79\"},\"breadcrumb\":{\"@id\":\"https:\\\/\\\/kibrisdakik.com\\\/?p=74013#breadcrumb\"},\"inLanguage\":\"tr\",\"potentialAction\":[{\"@type\":\"ReadAction\",\"target\":[\"https:\\\/\\\/kibrisdakik.com\\\/?p=74013\"]}]},{\"@type\":\"ImageObject\",\"inLanguage\":\"tr\",\"@id\":\"https:\\\/\\\/kibrisdakik.com\\\/?p=74013#primaryimage\",\"url\":\"https:\\\/\\\/kibrisdakik.com\\\/wp-content\\\/uploads\\\/2025\\\/01\\\/1737444751528ORKIDE-YURUYUSU2-740x420.jpg\",\"contentUrl\":\"https:\\\/\\\/kibrisdakik.com\\\/wp-content\\\/uploads\\\/2025\\\/01\\\/1737444751528ORKIDE-YURUYUSU2-740x420.jpg\",\"width\":2048,\"height\":704},{\"@type\":\"BreadcrumbList\",\"@id\":\"https:\\\/\\\/kibrisdakik.com\\\/?p=74013#breadcrumb\",\"itemListElement\":[{\"@type\":\"ListItem\",\"position\":1,\"name\":\"Home\",\"item\":\"https:\\\/\\\/kibrisdakik.com\\\/\"},{\"@type\":\"ListItem\",\"position\":2,\"name\":\"KAV Orkide Y\u00fcr\u00fcy\u00fc\u015f\u00fc, 6 Nisan Pazar g\u00fcn\u00fc Lefke\u2019de yap\u0131lacak\"}]},{\"@type\":\"WebSite\",\"@id\":\"https:\\\/\\\/kibrisdakik.com\\\/#website\",\"url\":\"https:\\\/\\\/kibrisdakik.com\\\/\",\"name\":\"\",\"description\":\"Tam vaktinde haber\",\"potentialAction\":[{\"@type\":\"SearchAction\",\"target\":{\"@type\":\"EntryPoint\",\"urlTemplate\":\"https:\\\/\\\/kibrisdakik.com\\\/?s={search_term_string}\"},\"query-input\":{\"@type\":\"PropertyValueSpecification\",\"valueRequired\":true,\"valueName\":\"search_term_string\"}}],\"inLanguage\":\"tr\"},{\"@type\":\"Person\",\"@id\":\"https:\\\/\\\/kibrisdakik.com\\\/#\\\/schema\\\/person\\\/9cd9d437bbb44f72b73ba127e06d8e79\",\"name\":\"admin\",\"image\":{\"@type\":\"ImageObject\",\"inLanguage\":\"tr\",\"@id\":\"https:\\\/\\\/secure.gravatar.com\\\/avatar\\\/ccc17943b9d660506c869530f897617f7cb1c21a4bf30023f252596d83e1f007?s=96&d=mm&r=g\",\"url\":\"https:\\\/\\\/secure.gravatar.com\\\/avatar\\\/ccc17943b9d660506c869530f897617f7cb1c21a4bf30023f252596d83e1f007?s=96&d=mm&r=g\",\"contentUrl\":\"https:\\\/\\\/secure.gravatar.com\\\/avatar\\\/ccc17943b9d660506c869530f897617f7cb1c21a4bf30023f252596d83e1f007?s=96&d=mm&r=g\",\"caption\":\"admin\"},\"sameAs\":[\"https:\\\/\\\/kibrisdakik.com\"],\"url\":\"https:\\\/\\\/kibrisdakik.com\\\/?author=1\"}]}<\/script>\n<!-- \/ Yoast SEO plugin. -->","yoast_head_json":{"title":"KAV Orkide Y\u00fcr\u00fcy\u00fc\u015f\u00fc, 6 Nisan Pazar g\u00fcn\u00fc Lefke\u2019de yap\u0131lacak -","robots":{"index":"index","follow":"follow","max-snippet":"max-snippet:-1","max-image-preview":"max-image-preview:large","max-video-preview":"max-video-preview:-1"},"canonical":"https:\/\/kibrisdakik.com\/?p=74013","og_locale":"tr_TR","og_type":"article","og_title":"KAV Orkide Y\u00fcr\u00fcy\u00fc\u015f\u00fc, 6 Nisan Pazar g\u00fcn\u00fc Lefke\u2019de yap\u0131lacak -","og_description":"Kanser Ara\u015ft\u0131rma Vakf\u0131\u2019n\u0131n (KAV), CENGO-V Vakf\u0131 i\u015fbirli\u011fi ve Telsim ana sponsorlu\u011fu ile d\u00fczenledi\u011fi 22. Orkide Y\u00fcr\u00fcy\u00fc\u015f\u00fc, 6 Nisan Pazar g\u00fcn\u00fc Lefke\u2019de yap\u0131lacak. KAV\u2019dan yap\u0131lan yaz\u0131l\u0131 a\u00e7\u0131klamaya g\u00f6re, 22. Orkide Y\u00fcr\u00fcy\u00fc\u015f\u00fc ile ilgili olarak Telsim binas\u0131nda d\u00fczenlenen bilgilendirme toplant\u0131s\u0131na, Kanser Ara\u015ft\u0131rma Vakf\u0131 Ba\u015fkan\u0131 Prof. Dr. Mustafa Camg\u00f6z \u00e7evrimi\u00e7i kat\u0131l\u0131rken, CENGO-V Vakf\u0131 Ba\u015fkan\u0131 \u00d6zge \u00d6zbeko\u011flu, y\u00fcr\u00fcy\u00fc\u015f\u00fcn ger\u00e7ekle\u015fece\u011fi","og_url":"https:\/\/kibrisdakik.com\/?p=74013","article_published_time":"2025-01-21T09:53:55+00:00","og_image":[{"width":2048,"height":704,"url":"https:\/\/kibrisdakik.com\/wp-content\/uploads\/2025\/01\/1737444751528ORKIDE-YURUYUSU2-740x420.jpg","type":"image\/jpeg"}],"author":"admin","twitter_card":"summary_large_image","twitter_misc":{"Yazan:":"admin","Tahmini okuma s\u00fcresi":"2 dakika"},"schema":{"@context":"https:\/\/schema.org","@graph":[{"@type":"Article","@id":"https:\/\/kibrisdakik.com\/?p=74013#article","isPartOf":{"@id":"https:\/\/kibrisdakik.com\/?p=74013"},"author":{"name":"admin","@id":"https:\/\/kibrisdakik.com\/#\/schema\/person\/9cd9d437bbb44f72b73ba127e06d8e79"},"headline":"KAV Orkide Y\u00fcr\u00fcy\u00fc\u015f\u00fc, 6 Nisan Pazar g\u00fcn\u00fc Lefke\u2019de yap\u0131lacak","datePublished":"2025-01-21T09:53:55+00:00","mainEntityOfPage":{"@id":"https:\/\/kibrisdakik.com\/?p=74013"},"wordCount":476,"commentCount":0,"image":{"@id":"https:\/\/kibrisdakik.com\/?p=74013#primaryimage"},"thumbnailUrl":"https:\/\/kibrisdakik.com\/wp-content\/uploads\/2025\/01\/1737444751528ORKIDE-YURUYUSU2-740x420.jpg","articleSection":["K\u0131br\u0131s","Man\u015fet"],"inLanguage":"tr","potentialAction":[{"@type":"CommentAction","name":"Comment","target":["https:\/\/kibrisdakik.com\/?p=74013#respond"]}]},{"@type":"WebPage","@id":"https:\/\/kibrisdakik.com\/?p=74013","url":"https:\/\/kibrisdakik.com\/?p=74013","name":"KAV Orkide Y\u00fcr\u00fcy\u00fc\u015f\u00fc, 6 Nisan Pazar g\u00fcn\u00fc Lefke\u2019de yap\u0131lacak -","isPartOf":{"@id":"https:\/\/kibrisdakik.com\/#website"},"primaryImageOfPage":{"@id":"https:\/\/kibrisdakik.com\/?p=74013#primaryimage"},"image":{"@id":"https:\/\/kibrisdakik.com\/?p=74013#primaryimage"},"thumbnailUrl":"https:\/\/kibrisdakik.com\/wp-content\/uploads\/2025\/01\/1737444751528ORKIDE-YURUYUSU2-740x420.jpg","datePublished":"2025-01-21T09:53:55+00:00","author":{"@id":"https:\/\/kibrisdakik.com\/#\/schema\/person\/9cd9d437bbb44f72b73ba127e06d8e79"},"breadcrumb":{"@id":"https:\/\/kibrisdakik.com\/?p=74013#breadcrumb"},"inLanguage":"tr","potentialAction":[{"@type":"ReadAction","target":["https:\/\/kibrisdakik.com\/?p=74013"]}]},{"@type":"ImageObject","inLanguage":"tr","@id":"https:\/\/kibrisdakik.com\/?p=74013#primaryimage","url":"https:\/\/kibrisdakik.com\/wp-content\/uploads\/2025\/01\/1737444751528ORKIDE-YURUYUSU2-740x420.jpg","contentUrl":"https:\/\/kibrisdakik.com\/wp-content\/uploads\/2025\/01\/1737444751528ORKIDE-YURUYUSU2-740x420.jpg","width":2048,"height":704},{"@type":"BreadcrumbList","@id":"https:\/\/kibrisdakik.com\/?p=74013#breadcrumb","itemListElement":[{"@type":"ListItem","position":1,"name":"Home","item":"https:\/\/kibrisdakik.com\/"},{"@type":"ListItem","position":2,"name":"KAV Orkide Y\u00fcr\u00fcy\u00fc\u015f\u00fc, 6 Nisan Pazar g\u00fcn\u00fc Lefke\u2019de yap\u0131lacak"}]},{"@type":"WebSite","@id":"https:\/\/kibrisdakik.com\/#website","url":"https:\/\/kibrisdakik.com\/","name":"","description":"Tam vaktinde haber","potentialAction":[{"@type":"SearchAction","target":{"@type":"EntryPoint","urlTemplate":"https:\/\/kibrisdakik.com\/?s={search_term_string}"},"query-input":{"@type":"PropertyValueSpecification","valueRequired":true,"valueName":"search_term_string"}}],"inLanguage":"tr"},{"@type":"Person","@id":"https:\/\/kibrisdakik.com\/#\/schema\/person\/9cd9d437bbb44f72b73ba127e06d8e79","name":"admin","image":{"@type":"ImageObject","inLanguage":"tr","@id":"https:\/\/secure.gravatar.com\/avatar\/ccc17943b9d660506c869530f897617f7cb1c21a4bf30023f252596d83e1f007?s=96&d=mm&r=g","url":"https:\/\/secure.gravatar.com\/avatar\/ccc17943b9d660506c869530f897617f7cb1c21a4bf30023f252596d83e1f007?s=96&d=mm&r=g","contentUrl":"https:\/\/secure.gravatar.com\/avatar\/ccc17943b9d660506c869530f897617f7cb1c21a4bf30023f252596d83e1f007?s=96&d=mm&r=g","caption":"admin"},"sameAs":["https:\/\/kibrisdakik.com"],"url":"https:\/\/kibrisdakik.com\/?author=1"}]}},"_links":{"self":[{"href":"https:\/\/kibrisdakik.com\/index.php?rest_route=\/wp\/v2\/posts\/74013","targetHints":{"allow":["GET"]}}],"collection":[{"href":"https:\/\/kibrisdakik.com\/index.php?rest_route=\/wp\/v2\/posts"}],"about":[{"href":"https:\/\/kibrisdakik.com\/index.php?rest_route=\/wp\/v2\/types\/post"}],"author":[{"embeddable":true,"href":"https:\/\/kibrisdakik.com\/index.php?rest_route=\/wp\/v2\/users\/1"}],"replies":[{"embeddable":true,"href":"https:\/\/kibrisdakik.com\/index.php?rest_route=%2Fwp%2Fv2%2Fcomments&post=74013"}],"version-history":[{"count":0,"href":"https:\/\/kibrisdakik.com\/index.php?rest_route=\/wp\/v2\/posts\/74013\/revisions"}],"wp:featuredmedia":[{"embeddable":true,"href":"https:\/\/kibrisdakik.com\/index.php?rest_route=\/wp\/v2\/media\/74014"}],"wp:attachment":[{"href":"https:\/\/kibrisdakik.com\/index.php?rest_route=%2Fwp%2Fv2%2Fmedia&parent=74013"}],"wp:term":[{"taxonomy":"category","embeddable":true,"href":"https:\/\/kibrisdakik.com\/index.php?rest_route=%2Fwp%2Fv2%2Fcategories&post=74013"},{"taxonomy":"post_tag","embeddable":true,"href":"https:\/\/kibrisdakik.com\/index.php?rest_route=%2Fwp%2Fv2%2Ftags&post=74013"}],"curies":[{"name":"wp","href":"https:\/\/api.w.org\/{rel}","templated":true}]}}