{"id":74020,"date":"2025-01-21T13:25:05","date_gmt":"2025-01-21T10:25:05","guid":{"rendered":"https:\/\/kibrisdakik.com\/index.php\/2025\/01\/21\/degirmenlik-akincilar-belediye-baskani-karavezirler-biz-haziriz-kapilari-aciyoruz-dedikleri-anda-harekete-geceriz\/"},"modified":"2025-01-21T13:25:05","modified_gmt":"2025-01-21T10:25:05","slug":"degirmenlik-akincilar-belediye-baskani-karavezirler-biz-haziriz-kapilari-aciyoruz-dedikleri-anda-harekete-geceriz","status":"publish","type":"post","link":"https:\/\/kibrisdakik.com\/?p=74020","title":{"rendered":"De\u011firmenlik-Ak\u0131nc\u0131lar Belediye Ba\u015fkan\u0131 Karavezirler: \u201cBiz haz\u0131r\u0131z, \u2018kap\u0131lar\u0131 a\u00e7\u0131yoruz\u2019 dedikleri anda harekete ge\u00e7eriz\u201d"},"content":{"rendered":"<div>\n<div class=\"mariselle-image-container center\">\n                                            <\/div>\n<p>De\u011firmenlik-Ak\u0131nc\u0131lar Belediye Ba\u015fkan\u0131 Ali Karavezirler, yeni ge\u00e7i\u015f noktalar\u0131n\u0131n a\u00e7\u0131lmas\u0131 konusunda liderlerin d\u00fcn yapt\u0131\u011f\u0131 ortak a\u00e7\u0131klamay\u0131 \u201cumut verici\u201d olarak nitelendirdi, belediye olarak \u00fczerlerine d\u00fc\u015fen t\u00fcm g\u00f6revleri yapmaya da haz\u0131r olduklar\u0131n\u0131 s\u00f6yledi.<\/p>\n<p>\u201cBiz haz\u0131r\u0131z, kap\u0131lar\u0131 a\u00e7\u0131yoruz dedikleri anda harekete ge\u00e7eriz\u201d diyen Karavezirler, Ak\u0131nc\u0131lar b\u00f6lge halk\u0131n\u0131n y\u0131llard\u0131r b\u00f6lgeye s\u0131n\u0131r kap\u0131s\u0131 a\u00e7\u0131lmas\u0131n\u0131 bekledi\u011fini belirtti.<\/p>\n<p>Belediyeden yap\u0131lan a\u00e7\u0131klamaya g\u00f6re Karavezirler, K\u0131br\u0131s Postas\u0131\u2019nda yay\u0131nlanan \u201cCanan Onurer ile Sabah Haberleri\u201d program\u0131na ba\u011flanarak, yeni s\u0131n\u0131r kap\u0131s\u0131 a\u00e7\u0131lmas\u0131 konusunu de\u011ferlendirdi.<\/p>\n<p>Yeni s\u0131n\u0131r kap\u0131s\u0131 a\u00e7\u0131lmas\u0131yla ilgili istek, inan\u00e7 ve \u00e7aban\u0131n \u00f6nemli oldu\u011funa de\u011finen Karavezirler, \u015fu an ya\u015fanan s\u00fcre\u00e7te bunlar\u0131n hepsinin oldu\u011funu s\u00f6yledi. Karavezirler, Cumhurba\u015fkan\u0131 Ersin Tatar\u2019la cuma g\u00fcn\u00fc konuyu detayl\u0131 \u015fekilde g\u00f6r\u00fc\u015fmenin planland\u0131\u011f\u0131n\u0131 da ifade etti.<\/p>\n<p>Liderler g\u00f6r\u00fc\u015fmesinden \u00e7\u0131kan ortak a\u00e7\u0131klaman\u0131n \u00e7ok olumlu oldu\u011funu dile getiren Karavezirler, Ak\u0131nc\u0131lar\u2019a (Luricina) s\u0131n\u0131r kap\u0131s\u0131 a\u00e7\u0131lmas\u0131 i\u00e7in b\u00f6lge halk\u0131n\u0131n, ge\u00e7mi\u015f belediye ba\u015fkanlar\u0131n\u0131n \u00e7ok u\u011fra\u015f verdi\u011fini belirtti.<\/p>\n<p>Ali Karavezirler, \u201cLimya ya da Kirac\u0131k\u00f6y fark etmez, \u00f6nemli olan herhangi bir kap\u0131n\u0131n a\u00e7\u0131lmas\u0131d\u0131r ve kap\u0131lardan ge\u00e7i\u015fin sa\u011flanmas\u0131yla ge\u00e7i\u015flerin rahatlat\u0131lmas\u0131d\u0131r\u2026 Vatanda\u015flar\u0131n art\u0131k rahat nefes almas\u0131n\u0131 istiyoruz\u201d diye konu\u015ftu.<\/p>\n<p>Limya kap\u0131s\u0131 ile Ak\u0131nc\u0131lar aras\u0131nda 380 metrelik \u00e7ok k\u0131sa bir mesafe oldu\u011funu ifade eden Karavezirler, \u201cBiz bunu yapmaya haz\u0131r\u0131z. Cumhurba\u015fkan\u0131 bu konuyu bitirirse merkezi h\u00fck\u00fcmet ile burada yol kat edece\u011fimizi her zaman s\u00f6yl\u00fcyoruz\u201d dedi.<\/p>\n<p>Liderler g\u00f6r\u00fc\u015fmesi sonras\u0131 Cumhurba\u015fkan\u0131 Ersin Tatar\u2019la telefonda g\u00f6r\u00fc\u015ft\u00fcklerini aktaran Karavezirler, \u015f\u00f6yle devam etti:<\/p>\n<p>\u201cBir inan\u00e7 ve kararl\u0131l\u0131k var. Son d\u00f6nemlerde Ak\u0131nc\u0131lar-Limya\u2019da, Kirac\u0131k\u00f6y\u2019de bir hareketlilik var. Haspolat ve ba\u015fka kap\u0131lar da \u00f6nemli ve mutlaka a\u00e7\u0131lmal\u0131\u2026 Adadaki t\u00fcm kap\u0131lar\u0131n a\u00e7\u0131lmas\u0131, vatanda\u015f\u0131n rahatl\u0131\u011f\u0131 ve ekonomisi i\u00e7in \u00f6nemlidir. Biz haz\u0131r\u0131z, kap\u0131lar\u0131 a\u00e7\u0131yoruz dedikleri anda harekete ge\u00e7eriz.<\/p>\n<p>B\u00f6lge halk\u0131 y\u0131llard\u0131r s\u0131n\u0131r kap\u0131s\u0131 a\u00e7\u0131lmas\u0131n\u0131 bekliyor ve son ya\u015fanan geli\u015fmeler sonras\u0131nda ben de \u0131\u015f\u0131k g\u00f6r\u00fcyorum. Belediyelerin ba\u011flanmas\u0131ndan sonra ben iki y\u0131ld\u0131r Ak\u0131nc\u0131lar\u2019a belediye ba\u015fkanl\u0131\u011f\u0131 yap\u0131yorum ve yakla\u015f\u0131k 16 ayd\u0131r da bu konu g\u00fcndemdedir. \u0130\u015fi \u00e7\u00f6zecek olan cumhurba\u015fkan\u0131 ve h\u00fck\u00fcmettir.\u201d<\/p>\n<p>G\u00fcvenlik konusundaki bir soru \u00fczerine ise Karavezirler, b\u00f6lgeye s\u0131n\u0131r kap\u0131s\u0131 a\u00e7\u0131lmas\u0131 durumunda askerin gerekli tedbirleri alaca\u011f\u0131n\u0131 kaydetti.<\/p>\n<\/p><\/div>\n<p><script async\n                    defer\n                    crossorigin=\"anonymous\"\n                    src=\"https:\/\/connect.facebook.net\/tr_TR\/sdk.js#xfbml=1&#038;version=v3.3\"\n            ><\/script><\/p>\n","protected":false},"excerpt":{"rendered":"<p>De\u011firmenlik-Ak\u0131nc\u0131lar Belediye Ba\u015fkan\u0131 Ali Karavezirler, yeni ge\u00e7i\u015f noktalar\u0131n\u0131n a\u00e7\u0131lmas\u0131 konusunda liderlerin d\u00fcn yapt\u0131\u011f\u0131 ortak a\u00e7\u0131klamay\u0131 \u201cumut verici\u201d olarak nitelendirdi, belediye olarak \u00fczerlerine d\u00fc\u015fen t\u00fcm g\u00f6revleri yapmaya da haz\u0131r olduklar\u0131n\u0131 s\u00f6yledi. \u201cBiz haz\u0131r\u0131z, kap\u0131lar\u0131 a\u00e7\u0131yoruz dedikleri anda harekete ge\u00e7eriz\u201d diyen Karavezirler, Ak\u0131nc\u0131lar b\u00f6lge halk\u0131n\u0131n y\u0131llard\u0131r b\u00f6lgeye s\u0131n\u0131r kap\u0131s\u0131 a\u00e7\u0131lmas\u0131n\u0131 bekledi\u011fini belirtti. Belediyeden yap\u0131lan a\u00e7\u0131klamaya g\u00f6re Karavezirler,<\/p>\n","protected":false},"author":1,"featured_media":74021,"comment_status":"open","ping_status":"open","sticky":false,"template":"","format":"standard","meta":{"footnotes":""},"categories":[81,101],"tags":[],"class_list":["post-74020","post","type-post","status-publish","format-standard","has-post-thumbnail","hentry","category-kibris","category-manset"],"yoast_head":"<!-- This site is optimized with the Yoast SEO plugin v27.4 - https:\/\/yoast.com\/product\/yoast-seo-wordpress\/ -->\n<title>De\u011firmenlik-Ak\u0131nc\u0131lar Belediye Ba\u015fkan\u0131 Karavezirler: \u201cBiz haz\u0131r\u0131z, \u2018kap\u0131lar\u0131 a\u00e7\u0131yoruz\u2019 dedikleri anda harekete ge\u00e7eriz\u201d -<\/title>\n<meta name=\"robots\" content=\"index, follow, max-snippet:-1, max-image-preview:large, max-video-preview:-1\" \/>\n<link rel=\"canonical\" href=\"https:\/\/kibrisdakik.com\/?p=74020\" \/>\n<meta property=\"og:locale\" content=\"tr_TR\" \/>\n<meta property=\"og:type\" content=\"article\" \/>\n<meta property=\"og:title\" content=\"De\u011firmenlik-Ak\u0131nc\u0131lar Belediye Ba\u015fkan\u0131 Karavezirler: \u201cBiz haz\u0131r\u0131z, \u2018kap\u0131lar\u0131 a\u00e7\u0131yoruz\u2019 dedikleri anda harekete ge\u00e7eriz\u201d -\" \/>\n<meta property=\"og:description\" content=\"De\u011firmenlik-Ak\u0131nc\u0131lar Belediye Ba\u015fkan\u0131 Ali Karavezirler, yeni ge\u00e7i\u015f noktalar\u0131n\u0131n a\u00e7\u0131lmas\u0131 konusunda liderlerin d\u00fcn yapt\u0131\u011f\u0131 ortak a\u00e7\u0131klamay\u0131 \u201cumut verici\u201d olarak nitelendirdi, belediye olarak \u00fczerlerine d\u00fc\u015fen t\u00fcm g\u00f6revleri yapmaya da haz\u0131r olduklar\u0131n\u0131 s\u00f6yledi. \u201cBiz haz\u0131r\u0131z, kap\u0131lar\u0131 a\u00e7\u0131yoruz dedikleri anda harekete ge\u00e7eriz\u201d diyen Karavezirler, Ak\u0131nc\u0131lar b\u00f6lge halk\u0131n\u0131n y\u0131llard\u0131r b\u00f6lgeye s\u0131n\u0131r kap\u0131s\u0131 a\u00e7\u0131lmas\u0131n\u0131 bekledi\u011fini belirtti. Belediyeden yap\u0131lan a\u00e7\u0131klamaya g\u00f6re Karavezirler,\" \/>\n<meta property=\"og:url\" content=\"https:\/\/kibrisdakik.com\/?p=74020\" \/>\n<meta property=\"article:published_time\" content=\"2025-01-21T10:25:05+00:00\" \/>\n<meta property=\"og:image\" content=\"https:\/\/kibrisdakik.com\/wp-content\/uploads\/2025\/01\/karavezirler-740x420.jpg\" \/>\n\t<meta property=\"og:image:width\" content=\"1600\" \/>\n\t<meta property=\"og:image:height\" content=\"1126\" \/>\n\t<meta property=\"og:image:type\" content=\"image\/jpeg\" \/>\n<meta name=\"author\" content=\"admin\" \/>\n<meta name=\"twitter:card\" content=\"summary_large_image\" \/>\n<meta name=\"twitter:label1\" content=\"Yazan:\" \/>\n\t<meta name=\"twitter:data1\" content=\"admin\" \/>\n\t<meta name=\"twitter:label2\" content=\"Tahmini okuma s\u00fcresi\" \/>\n\t<meta name=\"twitter:data2\" content=\"2 dakika\" \/>\n<script type=\"application\/ld+json\" class=\"yoast-schema-graph\">{\"@context\":\"https:\\\/\\\/schema.org\",\"@graph\":[{\"@type\":\"Article\",\"@id\":\"https:\\\/\\\/kibrisdakik.com\\\/?p=74020#article\",\"isPartOf\":{\"@id\":\"https:\\\/\\\/kibrisdakik.com\\\/?p=74020\"},\"author\":{\"name\":\"admin\",\"@id\":\"https:\\\/\\\/kibrisdakik.com\\\/#\\\/schema\\\/person\\\/9cd9d437bbb44f72b73ba127e06d8e79\"},\"headline\":\"De\u011firmenlik-Ak\u0131nc\u0131lar Belediye Ba\u015fkan\u0131 Karavezirler: \u201cBiz haz\u0131r\u0131z, \u2018kap\u0131lar\u0131 a\u00e7\u0131yoruz\u2019 dedikleri anda harekete ge\u00e7eriz\u201d\",\"datePublished\":\"2025-01-21T10:25:05+00:00\",\"mainEntityOfPage\":{\"@id\":\"https:\\\/\\\/kibrisdakik.com\\\/?p=74020\"},\"wordCount\":514,\"commentCount\":0,\"image\":{\"@id\":\"https:\\\/\\\/kibrisdakik.com\\\/?p=74020#primaryimage\"},\"thumbnailUrl\":\"https:\\\/\\\/kibrisdakik.com\\\/wp-content\\\/uploads\\\/2025\\\/01\\\/karavezirler-740x420.jpg\",\"articleSection\":[\"K\u0131br\u0131s\",\"Man\u015fet\"],\"inLanguage\":\"tr\",\"potentialAction\":[{\"@type\":\"CommentAction\",\"name\":\"Comment\",\"target\":[\"https:\\\/\\\/kibrisdakik.com\\\/?p=74020#respond\"]}]},{\"@type\":\"WebPage\",\"@id\":\"https:\\\/\\\/kibrisdakik.com\\\/?p=74020\",\"url\":\"https:\\\/\\\/kibrisdakik.com\\\/?p=74020\",\"name\":\"De\u011firmenlik-Ak\u0131nc\u0131lar Belediye Ba\u015fkan\u0131 Karavezirler: \u201cBiz haz\u0131r\u0131z, \u2018kap\u0131lar\u0131 a\u00e7\u0131yoruz\u2019 dedikleri anda harekete ge\u00e7eriz\u201d -\",\"isPartOf\":{\"@id\":\"https:\\\/\\\/kibrisdakik.com\\\/#website\"},\"primaryImageOfPage\":{\"@id\":\"https:\\\/\\\/kibrisdakik.com\\\/?p=74020#primaryimage\"},\"image\":{\"@id\":\"https:\\\/\\\/kibrisdakik.com\\\/?p=74020#primaryimage\"},\"thumbnailUrl\":\"https:\\\/\\\/kibrisdakik.com\\\/wp-content\\\/uploads\\\/2025\\\/01\\\/karavezirler-740x420.jpg\",\"datePublished\":\"2025-01-21T10:25:05+00:00\",\"author\":{\"@id\":\"https:\\\/\\\/kibrisdakik.com\\\/#\\\/schema\\\/person\\\/9cd9d437bbb44f72b73ba127e06d8e79\"},\"breadcrumb\":{\"@id\":\"https:\\\/\\\/kibrisdakik.com\\\/?p=74020#breadcrumb\"},\"inLanguage\":\"tr\",\"potentialAction\":[{\"@type\":\"ReadAction\",\"target\":[\"https:\\\/\\\/kibrisdakik.com\\\/?p=74020\"]}]},{\"@type\":\"ImageObject\",\"inLanguage\":\"tr\",\"@id\":\"https:\\\/\\\/kibrisdakik.com\\\/?p=74020#primaryimage\",\"url\":\"https:\\\/\\\/kibrisdakik.com\\\/wp-content\\\/uploads\\\/2025\\\/01\\\/karavezirler-740x420.jpg\",\"contentUrl\":\"https:\\\/\\\/kibrisdakik.com\\\/wp-content\\\/uploads\\\/2025\\\/01\\\/karavezirler-740x420.jpg\",\"width\":1600,\"height\":1126},{\"@type\":\"BreadcrumbList\",\"@id\":\"https:\\\/\\\/kibrisdakik.com\\\/?p=74020#breadcrumb\",\"itemListElement\":[{\"@type\":\"ListItem\",\"position\":1,\"name\":\"Home\",\"item\":\"https:\\\/\\\/kibrisdakik.com\\\/\"},{\"@type\":\"ListItem\",\"position\":2,\"name\":\"De\u011firmenlik-Ak\u0131nc\u0131lar Belediye Ba\u015fkan\u0131 Karavezirler: \u201cBiz haz\u0131r\u0131z, \u2018kap\u0131lar\u0131 a\u00e7\u0131yoruz\u2019 dedikleri anda harekete ge\u00e7eriz\u201d\"}]},{\"@type\":\"WebSite\",\"@id\":\"https:\\\/\\\/kibrisdakik.com\\\/#website\",\"url\":\"https:\\\/\\\/kibrisdakik.com\\\/\",\"name\":\"\",\"description\":\"Tam vaktinde haber\",\"potentialAction\":[{\"@type\":\"SearchAction\",\"target\":{\"@type\":\"EntryPoint\",\"urlTemplate\":\"https:\\\/\\\/kibrisdakik.com\\\/?s={search_term_string}\"},\"query-input\":{\"@type\":\"PropertyValueSpecification\",\"valueRequired\":true,\"valueName\":\"search_term_string\"}}],\"inLanguage\":\"tr\"},{\"@type\":\"Person\",\"@id\":\"https:\\\/\\\/kibrisdakik.com\\\/#\\\/schema\\\/person\\\/9cd9d437bbb44f72b73ba127e06d8e79\",\"name\":\"admin\",\"image\":{\"@type\":\"ImageObject\",\"inLanguage\":\"tr\",\"@id\":\"https:\\\/\\\/secure.gravatar.com\\\/avatar\\\/ccc17943b9d660506c869530f897617f7cb1c21a4bf30023f252596d83e1f007?s=96&d=mm&r=g\",\"url\":\"https:\\\/\\\/secure.gravatar.com\\\/avatar\\\/ccc17943b9d660506c869530f897617f7cb1c21a4bf30023f252596d83e1f007?s=96&d=mm&r=g\",\"contentUrl\":\"https:\\\/\\\/secure.gravatar.com\\\/avatar\\\/ccc17943b9d660506c869530f897617f7cb1c21a4bf30023f252596d83e1f007?s=96&d=mm&r=g\",\"caption\":\"admin\"},\"sameAs\":[\"https:\\\/\\\/kibrisdakik.com\"],\"url\":\"https:\\\/\\\/kibrisdakik.com\\\/?author=1\"}]}<\/script>\n<!-- \/ Yoast SEO plugin. -->","yoast_head_json":{"title":"De\u011firmenlik-Ak\u0131nc\u0131lar Belediye Ba\u015fkan\u0131 Karavezirler: \u201cBiz haz\u0131r\u0131z, \u2018kap\u0131lar\u0131 a\u00e7\u0131yoruz\u2019 dedikleri anda harekete ge\u00e7eriz\u201d -","robots":{"index":"index","follow":"follow","max-snippet":"max-snippet:-1","max-image-preview":"max-image-preview:large","max-video-preview":"max-video-preview:-1"},"canonical":"https:\/\/kibrisdakik.com\/?p=74020","og_locale":"tr_TR","og_type":"article","og_title":"De\u011firmenlik-Ak\u0131nc\u0131lar Belediye Ba\u015fkan\u0131 Karavezirler: \u201cBiz haz\u0131r\u0131z, \u2018kap\u0131lar\u0131 a\u00e7\u0131yoruz\u2019 dedikleri anda harekete ge\u00e7eriz\u201d -","og_description":"De\u011firmenlik-Ak\u0131nc\u0131lar Belediye Ba\u015fkan\u0131 Ali Karavezirler, yeni ge\u00e7i\u015f noktalar\u0131n\u0131n a\u00e7\u0131lmas\u0131 konusunda liderlerin d\u00fcn yapt\u0131\u011f\u0131 ortak a\u00e7\u0131klamay\u0131 \u201cumut verici\u201d olarak nitelendirdi, belediye olarak \u00fczerlerine d\u00fc\u015fen t\u00fcm g\u00f6revleri yapmaya da haz\u0131r olduklar\u0131n\u0131 s\u00f6yledi. \u201cBiz haz\u0131r\u0131z, kap\u0131lar\u0131 a\u00e7\u0131yoruz dedikleri anda harekete ge\u00e7eriz\u201d diyen Karavezirler, Ak\u0131nc\u0131lar b\u00f6lge halk\u0131n\u0131n y\u0131llard\u0131r b\u00f6lgeye s\u0131n\u0131r kap\u0131s\u0131 a\u00e7\u0131lmas\u0131n\u0131 bekledi\u011fini belirtti. Belediyeden yap\u0131lan a\u00e7\u0131klamaya g\u00f6re Karavezirler,","og_url":"https:\/\/kibrisdakik.com\/?p=74020","article_published_time":"2025-01-21T10:25:05+00:00","og_image":[{"width":1600,"height":1126,"url":"https:\/\/kibrisdakik.com\/wp-content\/uploads\/2025\/01\/karavezirler-740x420.jpg","type":"image\/jpeg"}],"author":"admin","twitter_card":"summary_large_image","twitter_misc":{"Yazan:":"admin","Tahmini okuma s\u00fcresi":"2 dakika"},"schema":{"@context":"https:\/\/schema.org","@graph":[{"@type":"Article","@id":"https:\/\/kibrisdakik.com\/?p=74020#article","isPartOf":{"@id":"https:\/\/kibrisdakik.com\/?p=74020"},"author":{"name":"admin","@id":"https:\/\/kibrisdakik.com\/#\/schema\/person\/9cd9d437bbb44f72b73ba127e06d8e79"},"headline":"De\u011firmenlik-Ak\u0131nc\u0131lar Belediye Ba\u015fkan\u0131 Karavezirler: \u201cBiz haz\u0131r\u0131z, \u2018kap\u0131lar\u0131 a\u00e7\u0131yoruz\u2019 dedikleri anda harekete ge\u00e7eriz\u201d","datePublished":"2025-01-21T10:25:05+00:00","mainEntityOfPage":{"@id":"https:\/\/kibrisdakik.com\/?p=74020"},"wordCount":514,"commentCount":0,"image":{"@id":"https:\/\/kibrisdakik.com\/?p=74020#primaryimage"},"thumbnailUrl":"https:\/\/kibrisdakik.com\/wp-content\/uploads\/2025\/01\/karavezirler-740x420.jpg","articleSection":["K\u0131br\u0131s","Man\u015fet"],"inLanguage":"tr","potentialAction":[{"@type":"CommentAction","name":"Comment","target":["https:\/\/kibrisdakik.com\/?p=74020#respond"]}]},{"@type":"WebPage","@id":"https:\/\/kibrisdakik.com\/?p=74020","url":"https:\/\/kibrisdakik.com\/?p=74020","name":"De\u011firmenlik-Ak\u0131nc\u0131lar Belediye Ba\u015fkan\u0131 Karavezirler: \u201cBiz haz\u0131r\u0131z, \u2018kap\u0131lar\u0131 a\u00e7\u0131yoruz\u2019 dedikleri anda harekete ge\u00e7eriz\u201d -","isPartOf":{"@id":"https:\/\/kibrisdakik.com\/#website"},"primaryImageOfPage":{"@id":"https:\/\/kibrisdakik.com\/?p=74020#primaryimage"},"image":{"@id":"https:\/\/kibrisdakik.com\/?p=74020#primaryimage"},"thumbnailUrl":"https:\/\/kibrisdakik.com\/wp-content\/uploads\/2025\/01\/karavezirler-740x420.jpg","datePublished":"2025-01-21T10:25:05+00:00","author":{"@id":"https:\/\/kibrisdakik.com\/#\/schema\/person\/9cd9d437bbb44f72b73ba127e06d8e79"},"breadcrumb":{"@id":"https:\/\/kibrisdakik.com\/?p=74020#breadcrumb"},"inLanguage":"tr","potentialAction":[{"@type":"ReadAction","target":["https:\/\/kibrisdakik.com\/?p=74020"]}]},{"@type":"ImageObject","inLanguage":"tr","@id":"https:\/\/kibrisdakik.com\/?p=74020#primaryimage","url":"https:\/\/kibrisdakik.com\/wp-content\/uploads\/2025\/01\/karavezirler-740x420.jpg","contentUrl":"https:\/\/kibrisdakik.com\/wp-content\/uploads\/2025\/01\/karavezirler-740x420.jpg","width":1600,"height":1126},{"@type":"BreadcrumbList","@id":"https:\/\/kibrisdakik.com\/?p=74020#breadcrumb","itemListElement":[{"@type":"ListItem","position":1,"name":"Home","item":"https:\/\/kibrisdakik.com\/"},{"@type":"ListItem","position":2,"name":"De\u011firmenlik-Ak\u0131nc\u0131lar Belediye Ba\u015fkan\u0131 Karavezirler: \u201cBiz haz\u0131r\u0131z, \u2018kap\u0131lar\u0131 a\u00e7\u0131yoruz\u2019 dedikleri anda harekete ge\u00e7eriz\u201d"}]},{"@type":"WebSite","@id":"https:\/\/kibrisdakik.com\/#website","url":"https:\/\/kibrisdakik.com\/","name":"","description":"Tam vaktinde haber","potentialAction":[{"@type":"SearchAction","target":{"@type":"EntryPoint","urlTemplate":"https:\/\/kibrisdakik.com\/?s={search_term_string}"},"query-input":{"@type":"PropertyValueSpecification","valueRequired":true,"valueName":"search_term_string"}}],"inLanguage":"tr"},{"@type":"Person","@id":"https:\/\/kibrisdakik.com\/#\/schema\/person\/9cd9d437bbb44f72b73ba127e06d8e79","name":"admin","image":{"@type":"ImageObject","inLanguage":"tr","@id":"https:\/\/secure.gravatar.com\/avatar\/ccc17943b9d660506c869530f897617f7cb1c21a4bf30023f252596d83e1f007?s=96&d=mm&r=g","url":"https:\/\/secure.gravatar.com\/avatar\/ccc17943b9d660506c869530f897617f7cb1c21a4bf30023f252596d83e1f007?s=96&d=mm&r=g","contentUrl":"https:\/\/secure.gravatar.com\/avatar\/ccc17943b9d660506c869530f897617f7cb1c21a4bf30023f252596d83e1f007?s=96&d=mm&r=g","caption":"admin"},"sameAs":["https:\/\/kibrisdakik.com"],"url":"https:\/\/kibrisdakik.com\/?author=1"}]}},"_links":{"self":[{"href":"https:\/\/kibrisdakik.com\/index.php?rest_route=\/wp\/v2\/posts\/74020","targetHints":{"allow":["GET"]}}],"collection":[{"href":"https:\/\/kibrisdakik.com\/index.php?rest_route=\/wp\/v2\/posts"}],"about":[{"href":"https:\/\/kibrisdakik.com\/index.php?rest_route=\/wp\/v2\/types\/post"}],"author":[{"embeddable":true,"href":"https:\/\/kibrisdakik.com\/index.php?rest_route=\/wp\/v2\/users\/1"}],"replies":[{"embeddable":true,"href":"https:\/\/kibrisdakik.com\/index.php?rest_route=%2Fwp%2Fv2%2Fcomments&post=74020"}],"version-history":[{"count":0,"href":"https:\/\/kibrisdakik.com\/index.php?rest_route=\/wp\/v2\/posts\/74020\/revisions"}],"wp:featuredmedia":[{"embeddable":true,"href":"https:\/\/kibrisdakik.com\/index.php?rest_route=\/wp\/v2\/media\/74021"}],"wp:attachment":[{"href":"https:\/\/kibrisdakik.com\/index.php?rest_route=%2Fwp%2Fv2%2Fmedia&parent=74020"}],"wp:term":[{"taxonomy":"category","embeddable":true,"href":"https:\/\/kibrisdakik.com\/index.php?rest_route=%2Fwp%2Fv2%2Fcategories&post=74020"},{"taxonomy":"post_tag","embeddable":true,"href":"https:\/\/kibrisdakik.com\/index.php?rest_route=%2Fwp%2Fv2%2Ftags&post=74020"}],"curies":[{"name":"wp","href":"https:\/\/api.w.org\/{rel}","templated":true}]}}