{"id":74033,"date":"2025-01-21T16:06:09","date_gmt":"2025-01-21T13:06:09","guid":{"rendered":"https:\/\/kibrisdakik.com\/index.php\/2025\/01\/21\/perihan-aziz-baglikoyde-topraga-verildi\/"},"modified":"2025-01-21T16:06:09","modified_gmt":"2025-01-21T13:06:09","slug":"perihan-aziz-baglikoyde-topraga-verildi","status":"publish","type":"post","link":"https:\/\/kibrisdakik.com\/?p=74033","title":{"rendered":"Perihan Aziz Ba\u011fl\u0131k\u00f6y\u2019de topra\u011fa verildi"},"content":{"rendered":"<div>\n<div class=\"mariselle-image-container none\">\n                                            <\/div>\n<p>Hayat\u0131n\u0131 d\u00fcn kaybeden eski TAK m\u00fcd\u00fcrlerinden gazeteci Perihan Aziz, do\u011fdu\u011fu ve kendini adad\u0131\u011f\u0131 Ba\u011fl\u0131k\u00f6y\u2019de defnedildi.<\/p>\n<p>TAK\u2019taki t\u00f6renin ard\u0131ndan Ba\u011fl\u0131k\u00f6y\u2019e getirilen Perihan Aziz\u2019in naa\u015f\u0131, camideki \u00f6\u011fle namaz\u0131n\u0131n ard\u0131ndan k\u0131l\u0131nan cenaze namaz\u0131yla k\u00f6y mezarl\u0131\u011f\u0131nda topra\u011fa verildi.<\/p>\n<p>T\u00f6rene 4. Cumhurba\u015fkan\u0131 Mustafa Ak\u0131nc\u0131 ve e\u015fi Meral Ak\u0131nc\u0131, Lefko\u015fa Belediye Ba\u015fkan\u0131 Aziz Kaya, TAK M\u00fcd\u00fcr\u00fc Fehmi G\u00fcrdall\u0131, BRTK M\u00fcd\u00fcr\u00fc Meryem \u00c7avu\u015fo\u011flu \u00d6zkurt, baz\u0131 sivil toplum \u00f6rg\u00fctlerinin temsilcileri, ailesi, k\u00f6yl\u00fcler ve gazeteciler kat\u0131ld\u0131.<\/p>\n<p>-Taner Kerimo\u011flu<br \/>Ba\u011fl\u0131k\u00f6y Eko G\u00f6n\u00fcll\u00fcleri Derne\u011fi Ba\u015fkan\u0131 ve Ba\u011fl\u0131k\u00f6y Tertip Komitesi Ba\u015fkan\u0131 Taner Kerimo\u011flu, Perihan Aziz ile hep beraber yola \u00e7\u0131kt\u0131klar\u0131n\u0131, Ba\u011fl\u0131k\u00f6y\u2019e ba\u015f koyduklar\u0131n\u0131 vurgulad\u0131.<br \/>K\u00f6y\u00fc daha iyi yere getirmeyi ama\u00e7lad\u0131klar\u0131n\u0131 ifade eden Kerimo\u011flu, \u00f6zetle \u201c\u0130kimiz de m\u00fclkiyeliyiz\u2026 Bu i\u015fi b\u0131rakmayaca\u011f\u0131z, merak etme.\u00a0Sen bir Ba\u011fl\u0131k\u00f6y sevdal\u0131s\u0131yd\u0131n.\u00a0Seni Ba\u011fl\u0131k\u00f6y topra\u011f\u0131na g\u00f6m\u00fcyoruz.\u00a0Topra\u011f\u0131n bol olsun.\u201d diye konu\u015ftu.<\/p>\n<p>Daha sonra tabutu omuzlarda mezarl\u0131\u011fa ta\u015f\u0131nan Perihan Aziz, g\u00f6z ya\u015flar\u0131yla defnedildi.<\/p>\n<\/p><\/div>\n<p><script async\n                    defer\n                    crossorigin=\"anonymous\"\n                    src=\"https:\/\/connect.facebook.net\/tr_TR\/sdk.js#xfbml=1&#038;version=v3.3\"\n            ><\/script><\/p>\n","protected":false},"excerpt":{"rendered":"<p>Hayat\u0131n\u0131 d\u00fcn kaybeden eski TAK m\u00fcd\u00fcrlerinden gazeteci Perihan Aziz, do\u011fdu\u011fu ve kendini adad\u0131\u011f\u0131 Ba\u011fl\u0131k\u00f6y\u2019de defnedildi. TAK\u2019taki t\u00f6renin ard\u0131ndan Ba\u011fl\u0131k\u00f6y\u2019e getirilen Perihan Aziz\u2019in naa\u015f\u0131, camideki \u00f6\u011fle namaz\u0131n\u0131n ard\u0131ndan k\u0131l\u0131nan cenaze namaz\u0131yla k\u00f6y mezarl\u0131\u011f\u0131nda topra\u011fa verildi. T\u00f6rene 4. Cumhurba\u015fkan\u0131 Mustafa Ak\u0131nc\u0131 ve e\u015fi Meral Ak\u0131nc\u0131, Lefko\u015fa Belediye Ba\u015fkan\u0131 Aziz Kaya, TAK M\u00fcd\u00fcr\u00fc Fehmi G\u00fcrdall\u0131, BRTK M\u00fcd\u00fcr\u00fc Meryem<\/p>\n","protected":false},"author":1,"featured_media":74034,"comment_status":"open","ping_status":"open","sticky":false,"template":"","format":"standard","meta":{"footnotes":""},"categories":[81,101],"tags":[],"class_list":["post-74033","post","type-post","status-publish","format-standard","has-post-thumbnail","hentry","category-kibris","category-manset"],"yoast_head":"<!-- This site is optimized with the Yoast SEO plugin v27.5 - https:\/\/yoast.com\/product\/yoast-seo-wordpress\/ -->\n<title>Perihan Aziz Ba\u011fl\u0131k\u00f6y\u2019de topra\u011fa verildi -<\/title>\n<meta name=\"robots\" content=\"index, follow, max-snippet:-1, max-image-preview:large, max-video-preview:-1\" \/>\n<link rel=\"canonical\" href=\"https:\/\/kibrisdakik.com\/?p=74033\" \/>\n<meta property=\"og:locale\" content=\"tr_TR\" \/>\n<meta property=\"og:type\" content=\"article\" \/>\n<meta property=\"og:title\" content=\"Perihan Aziz Ba\u011fl\u0131k\u00f6y\u2019de topra\u011fa verildi -\" \/>\n<meta property=\"og:description\" content=\"Hayat\u0131n\u0131 d\u00fcn kaybeden eski TAK m\u00fcd\u00fcrlerinden gazeteci Perihan Aziz, do\u011fdu\u011fu ve kendini adad\u0131\u011f\u0131 Ba\u011fl\u0131k\u00f6y\u2019de defnedildi. TAK\u2019taki t\u00f6renin ard\u0131ndan Ba\u011fl\u0131k\u00f6y\u2019e getirilen Perihan Aziz\u2019in naa\u015f\u0131, camideki \u00f6\u011fle namaz\u0131n\u0131n ard\u0131ndan k\u0131l\u0131nan cenaze namaz\u0131yla k\u00f6y mezarl\u0131\u011f\u0131nda topra\u011fa verildi. T\u00f6rene 4. Cumhurba\u015fkan\u0131 Mustafa Ak\u0131nc\u0131 ve e\u015fi Meral Ak\u0131nc\u0131, Lefko\u015fa Belediye Ba\u015fkan\u0131 Aziz Kaya, TAK M\u00fcd\u00fcr\u00fc Fehmi G\u00fcrdall\u0131, BRTK M\u00fcd\u00fcr\u00fc Meryem\" \/>\n<meta property=\"og:url\" content=\"https:\/\/kibrisdakik.com\/?p=74033\" \/>\n<meta property=\"article:published_time\" content=\"2025-01-21T13:06:09+00:00\" \/>\n<meta property=\"og:image\" content=\"https:\/\/kibrisdakik.com\/wp-content\/uploads\/2025\/01\/PERIHAN-AZIZ-BAGLIKOY3-740x420.jpeg\" \/>\n\t<meta property=\"og:image:width\" content=\"928\" \/>\n\t<meta property=\"og:image:height\" content=\"614\" \/>\n\t<meta property=\"og:image:type\" content=\"image\/jpeg\" \/>\n<meta name=\"author\" content=\"admin\" \/>\n<meta name=\"twitter:card\" content=\"summary_large_image\" \/>\n<meta name=\"twitter:label1\" content=\"Yazan:\" \/>\n\t<meta name=\"twitter:data1\" content=\"admin\" \/>\n\t<meta name=\"twitter:label2\" content=\"Tahmini okuma s\u00fcresi\" \/>\n\t<meta name=\"twitter:data2\" content=\"1 dakika\" \/>\n<script type=\"application\/ld+json\" class=\"yoast-schema-graph\">{\"@context\":\"https:\\\/\\\/schema.org\",\"@graph\":[{\"@type\":\"Article\",\"@id\":\"https:\\\/\\\/kibrisdakik.com\\\/?p=74033#article\",\"isPartOf\":{\"@id\":\"https:\\\/\\\/kibrisdakik.com\\\/?p=74033\"},\"author\":{\"name\":\"admin\",\"@id\":\"https:\\\/\\\/kibrisdakik.com\\\/#\\\/schema\\\/person\\\/9cd9d437bbb44f72b73ba127e06d8e79\"},\"headline\":\"Perihan Aziz Ba\u011fl\u0131k\u00f6y\u2019de topra\u011fa verildi\",\"datePublished\":\"2025-01-21T13:06:09+00:00\",\"mainEntityOfPage\":{\"@id\":\"https:\\\/\\\/kibrisdakik.com\\\/?p=74033\"},\"wordCount\":236,\"commentCount\":0,\"image\":{\"@id\":\"https:\\\/\\\/kibrisdakik.com\\\/?p=74033#primaryimage\"},\"thumbnailUrl\":\"https:\\\/\\\/kibrisdakik.com\\\/wp-content\\\/uploads\\\/2025\\\/01\\\/PERIHAN-AZIZ-BAGLIKOY3-740x420.jpeg\",\"articleSection\":[\"K\u0131br\u0131s\",\"Man\u015fet\"],\"inLanguage\":\"tr\",\"potentialAction\":[{\"@type\":\"CommentAction\",\"name\":\"Comment\",\"target\":[\"https:\\\/\\\/kibrisdakik.com\\\/?p=74033#respond\"]}]},{\"@type\":\"WebPage\",\"@id\":\"https:\\\/\\\/kibrisdakik.com\\\/?p=74033\",\"url\":\"https:\\\/\\\/kibrisdakik.com\\\/?p=74033\",\"name\":\"Perihan Aziz Ba\u011fl\u0131k\u00f6y\u2019de topra\u011fa verildi -\",\"isPartOf\":{\"@id\":\"https:\\\/\\\/kibrisdakik.com\\\/#website\"},\"primaryImageOfPage\":{\"@id\":\"https:\\\/\\\/kibrisdakik.com\\\/?p=74033#primaryimage\"},\"image\":{\"@id\":\"https:\\\/\\\/kibrisdakik.com\\\/?p=74033#primaryimage\"},\"thumbnailUrl\":\"https:\\\/\\\/kibrisdakik.com\\\/wp-content\\\/uploads\\\/2025\\\/01\\\/PERIHAN-AZIZ-BAGLIKOY3-740x420.jpeg\",\"datePublished\":\"2025-01-21T13:06:09+00:00\",\"author\":{\"@id\":\"https:\\\/\\\/kibrisdakik.com\\\/#\\\/schema\\\/person\\\/9cd9d437bbb44f72b73ba127e06d8e79\"},\"breadcrumb\":{\"@id\":\"https:\\\/\\\/kibrisdakik.com\\\/?p=74033#breadcrumb\"},\"inLanguage\":\"tr\",\"potentialAction\":[{\"@type\":\"ReadAction\",\"target\":[\"https:\\\/\\\/kibrisdakik.com\\\/?p=74033\"]}]},{\"@type\":\"ImageObject\",\"inLanguage\":\"tr\",\"@id\":\"https:\\\/\\\/kibrisdakik.com\\\/?p=74033#primaryimage\",\"url\":\"https:\\\/\\\/kibrisdakik.com\\\/wp-content\\\/uploads\\\/2025\\\/01\\\/PERIHAN-AZIZ-BAGLIKOY3-740x420.jpeg\",\"contentUrl\":\"https:\\\/\\\/kibrisdakik.com\\\/wp-content\\\/uploads\\\/2025\\\/01\\\/PERIHAN-AZIZ-BAGLIKOY3-740x420.jpeg\",\"width\":928,\"height\":614},{\"@type\":\"BreadcrumbList\",\"@id\":\"https:\\\/\\\/kibrisdakik.com\\\/?p=74033#breadcrumb\",\"itemListElement\":[{\"@type\":\"ListItem\",\"position\":1,\"name\":\"Home\",\"item\":\"https:\\\/\\\/kibrisdakik.com\\\/\"},{\"@type\":\"ListItem\",\"position\":2,\"name\":\"Perihan Aziz Ba\u011fl\u0131k\u00f6y\u2019de topra\u011fa verildi\"}]},{\"@type\":\"WebSite\",\"@id\":\"https:\\\/\\\/kibrisdakik.com\\\/#website\",\"url\":\"https:\\\/\\\/kibrisdakik.com\\\/\",\"name\":\"\",\"description\":\"Tam vaktinde haber\",\"potentialAction\":[{\"@type\":\"SearchAction\",\"target\":{\"@type\":\"EntryPoint\",\"urlTemplate\":\"https:\\\/\\\/kibrisdakik.com\\\/?s={search_term_string}\"},\"query-input\":{\"@type\":\"PropertyValueSpecification\",\"valueRequired\":true,\"valueName\":\"search_term_string\"}}],\"inLanguage\":\"tr\"},{\"@type\":\"Person\",\"@id\":\"https:\\\/\\\/kibrisdakik.com\\\/#\\\/schema\\\/person\\\/9cd9d437bbb44f72b73ba127e06d8e79\",\"name\":\"admin\",\"image\":{\"@type\":\"ImageObject\",\"inLanguage\":\"tr\",\"@id\":\"https:\\\/\\\/secure.gravatar.com\\\/avatar\\\/ccc17943b9d660506c869530f897617f7cb1c21a4bf30023f252596d83e1f007?s=96&d=mm&r=g\",\"url\":\"https:\\\/\\\/secure.gravatar.com\\\/avatar\\\/ccc17943b9d660506c869530f897617f7cb1c21a4bf30023f252596d83e1f007?s=96&d=mm&r=g\",\"contentUrl\":\"https:\\\/\\\/secure.gravatar.com\\\/avatar\\\/ccc17943b9d660506c869530f897617f7cb1c21a4bf30023f252596d83e1f007?s=96&d=mm&r=g\",\"caption\":\"admin\"},\"sameAs\":[\"https:\\\/\\\/kibrisdakik.com\"],\"url\":\"https:\\\/\\\/kibrisdakik.com\\\/?author=1\"}]}<\/script>\n<!-- \/ Yoast SEO plugin. -->","yoast_head_json":{"title":"Perihan Aziz Ba\u011fl\u0131k\u00f6y\u2019de topra\u011fa verildi -","robots":{"index":"index","follow":"follow","max-snippet":"max-snippet:-1","max-image-preview":"max-image-preview:large","max-video-preview":"max-video-preview:-1"},"canonical":"https:\/\/kibrisdakik.com\/?p=74033","og_locale":"tr_TR","og_type":"article","og_title":"Perihan Aziz Ba\u011fl\u0131k\u00f6y\u2019de topra\u011fa verildi -","og_description":"Hayat\u0131n\u0131 d\u00fcn kaybeden eski TAK m\u00fcd\u00fcrlerinden gazeteci Perihan Aziz, do\u011fdu\u011fu ve kendini adad\u0131\u011f\u0131 Ba\u011fl\u0131k\u00f6y\u2019de defnedildi. TAK\u2019taki t\u00f6renin ard\u0131ndan Ba\u011fl\u0131k\u00f6y\u2019e getirilen Perihan Aziz\u2019in naa\u015f\u0131, camideki \u00f6\u011fle namaz\u0131n\u0131n ard\u0131ndan k\u0131l\u0131nan cenaze namaz\u0131yla k\u00f6y mezarl\u0131\u011f\u0131nda topra\u011fa verildi. T\u00f6rene 4. Cumhurba\u015fkan\u0131 Mustafa Ak\u0131nc\u0131 ve e\u015fi Meral Ak\u0131nc\u0131, Lefko\u015fa Belediye Ba\u015fkan\u0131 Aziz Kaya, TAK M\u00fcd\u00fcr\u00fc Fehmi G\u00fcrdall\u0131, BRTK M\u00fcd\u00fcr\u00fc Meryem","og_url":"https:\/\/kibrisdakik.com\/?p=74033","article_published_time":"2025-01-21T13:06:09+00:00","og_image":[{"width":928,"height":614,"url":"https:\/\/kibrisdakik.com\/wp-content\/uploads\/2025\/01\/PERIHAN-AZIZ-BAGLIKOY3-740x420.jpeg","type":"image\/jpeg"}],"author":"admin","twitter_card":"summary_large_image","twitter_misc":{"Yazan:":"admin","Tahmini okuma s\u00fcresi":"1 dakika"},"schema":{"@context":"https:\/\/schema.org","@graph":[{"@type":"Article","@id":"https:\/\/kibrisdakik.com\/?p=74033#article","isPartOf":{"@id":"https:\/\/kibrisdakik.com\/?p=74033"},"author":{"name":"admin","@id":"https:\/\/kibrisdakik.com\/#\/schema\/person\/9cd9d437bbb44f72b73ba127e06d8e79"},"headline":"Perihan Aziz Ba\u011fl\u0131k\u00f6y\u2019de topra\u011fa verildi","datePublished":"2025-01-21T13:06:09+00:00","mainEntityOfPage":{"@id":"https:\/\/kibrisdakik.com\/?p=74033"},"wordCount":236,"commentCount":0,"image":{"@id":"https:\/\/kibrisdakik.com\/?p=74033#primaryimage"},"thumbnailUrl":"https:\/\/kibrisdakik.com\/wp-content\/uploads\/2025\/01\/PERIHAN-AZIZ-BAGLIKOY3-740x420.jpeg","articleSection":["K\u0131br\u0131s","Man\u015fet"],"inLanguage":"tr","potentialAction":[{"@type":"CommentAction","name":"Comment","target":["https:\/\/kibrisdakik.com\/?p=74033#respond"]}]},{"@type":"WebPage","@id":"https:\/\/kibrisdakik.com\/?p=74033","url":"https:\/\/kibrisdakik.com\/?p=74033","name":"Perihan Aziz Ba\u011fl\u0131k\u00f6y\u2019de topra\u011fa verildi -","isPartOf":{"@id":"https:\/\/kibrisdakik.com\/#website"},"primaryImageOfPage":{"@id":"https:\/\/kibrisdakik.com\/?p=74033#primaryimage"},"image":{"@id":"https:\/\/kibrisdakik.com\/?p=74033#primaryimage"},"thumbnailUrl":"https:\/\/kibrisdakik.com\/wp-content\/uploads\/2025\/01\/PERIHAN-AZIZ-BAGLIKOY3-740x420.jpeg","datePublished":"2025-01-21T13:06:09+00:00","author":{"@id":"https:\/\/kibrisdakik.com\/#\/schema\/person\/9cd9d437bbb44f72b73ba127e06d8e79"},"breadcrumb":{"@id":"https:\/\/kibrisdakik.com\/?p=74033#breadcrumb"},"inLanguage":"tr","potentialAction":[{"@type":"ReadAction","target":["https:\/\/kibrisdakik.com\/?p=74033"]}]},{"@type":"ImageObject","inLanguage":"tr","@id":"https:\/\/kibrisdakik.com\/?p=74033#primaryimage","url":"https:\/\/kibrisdakik.com\/wp-content\/uploads\/2025\/01\/PERIHAN-AZIZ-BAGLIKOY3-740x420.jpeg","contentUrl":"https:\/\/kibrisdakik.com\/wp-content\/uploads\/2025\/01\/PERIHAN-AZIZ-BAGLIKOY3-740x420.jpeg","width":928,"height":614},{"@type":"BreadcrumbList","@id":"https:\/\/kibrisdakik.com\/?p=74033#breadcrumb","itemListElement":[{"@type":"ListItem","position":1,"name":"Home","item":"https:\/\/kibrisdakik.com\/"},{"@type":"ListItem","position":2,"name":"Perihan Aziz Ba\u011fl\u0131k\u00f6y\u2019de topra\u011fa verildi"}]},{"@type":"WebSite","@id":"https:\/\/kibrisdakik.com\/#website","url":"https:\/\/kibrisdakik.com\/","name":"","description":"Tam vaktinde haber","potentialAction":[{"@type":"SearchAction","target":{"@type":"EntryPoint","urlTemplate":"https:\/\/kibrisdakik.com\/?s={search_term_string}"},"query-input":{"@type":"PropertyValueSpecification","valueRequired":true,"valueName":"search_term_string"}}],"inLanguage":"tr"},{"@type":"Person","@id":"https:\/\/kibrisdakik.com\/#\/schema\/person\/9cd9d437bbb44f72b73ba127e06d8e79","name":"admin","image":{"@type":"ImageObject","inLanguage":"tr","@id":"https:\/\/secure.gravatar.com\/avatar\/ccc17943b9d660506c869530f897617f7cb1c21a4bf30023f252596d83e1f007?s=96&d=mm&r=g","url":"https:\/\/secure.gravatar.com\/avatar\/ccc17943b9d660506c869530f897617f7cb1c21a4bf30023f252596d83e1f007?s=96&d=mm&r=g","contentUrl":"https:\/\/secure.gravatar.com\/avatar\/ccc17943b9d660506c869530f897617f7cb1c21a4bf30023f252596d83e1f007?s=96&d=mm&r=g","caption":"admin"},"sameAs":["https:\/\/kibrisdakik.com"],"url":"https:\/\/kibrisdakik.com\/?author=1"}]}},"_links":{"self":[{"href":"https:\/\/kibrisdakik.com\/index.php?rest_route=\/wp\/v2\/posts\/74033","targetHints":{"allow":["GET"]}}],"collection":[{"href":"https:\/\/kibrisdakik.com\/index.php?rest_route=\/wp\/v2\/posts"}],"about":[{"href":"https:\/\/kibrisdakik.com\/index.php?rest_route=\/wp\/v2\/types\/post"}],"author":[{"embeddable":true,"href":"https:\/\/kibrisdakik.com\/index.php?rest_route=\/wp\/v2\/users\/1"}],"replies":[{"embeddable":true,"href":"https:\/\/kibrisdakik.com\/index.php?rest_route=%2Fwp%2Fv2%2Fcomments&post=74033"}],"version-history":[{"count":0,"href":"https:\/\/kibrisdakik.com\/index.php?rest_route=\/wp\/v2\/posts\/74033\/revisions"}],"wp:featuredmedia":[{"embeddable":true,"href":"https:\/\/kibrisdakik.com\/index.php?rest_route=\/wp\/v2\/media\/74034"}],"wp:attachment":[{"href":"https:\/\/kibrisdakik.com\/index.php?rest_route=%2Fwp%2Fv2%2Fmedia&parent=74033"}],"wp:term":[{"taxonomy":"category","embeddable":true,"href":"https:\/\/kibrisdakik.com\/index.php?rest_route=%2Fwp%2Fv2%2Fcategories&post=74033"},{"taxonomy":"post_tag","embeddable":true,"href":"https:\/\/kibrisdakik.com\/index.php?rest_route=%2Fwp%2Fv2%2Ftags&post=74033"}],"curies":[{"name":"wp","href":"https:\/\/api.w.org\/{rel}","templated":true}]}}