{"id":74051,"date":"2025-01-21T17:17:28","date_gmt":"2025-01-21T14:17:28","guid":{"rendered":"https:\/\/kibrisdakik.com\/index.php\/2025\/01\/21\/mecliste-guncel-konusmalar-yapiliyor-8\/"},"modified":"2025-01-21T17:17:28","modified_gmt":"2025-01-21T14:17:28","slug":"mecliste-guncel-konusmalar-yapiliyor-8","status":"publish","type":"post","link":"https:\/\/kibrisdakik.com\/?p=74051","title":{"rendered":"Meclis\u2019te g\u00fcncel konu\u015fmalar yap\u0131l\u0131yor"},"content":{"rendered":"<div>\n<div class=\"mariselle-image-container none\">\n                                            <\/div>\n<p>Cumhuriyet Meclisi Genel Kurulu\u2019nda milletvekillerinin g\u00fcncel konu\u015fma istemlerine yer veriliyor.<\/p>\n<p>Bu \u00e7er\u00e7evede, CTP Milletvekili \u00dcr\u00fcn Solyal\u0131 trafikle ilgili g\u00fcncel konu\u015fma yapt\u0131.<\/p>\n<p>Trafi\u011fin hayat\u0131 \u00e7ok yak\u0131ndan ilgilendirdi\u011fini, her y\u0131l binlerce insan\u0131n trafikten zarar g\u00f6rd\u00fc\u011f\u00fcn\u00fc belirten Solyal\u0131, bu konunun Ula\u015ft\u0131rma Bakanl\u0131\u011f\u0131\u2019n\u0131n g\u00fcndeminde olmad\u0131\u011f\u0131n\u0131 ifade etti.<\/p>\n<p>D\u00fcnyan\u0131n trafik kazalar\u0131nda s\u0131f\u0131r \u00f6l\u00fcm\u00fc hedefleyen \u201cvizyon s\u0131f\u0131r\u201d\u0131 ortaya koydu\u011funu kaydeden Solyal\u0131, Ula\u015ft\u0131rma Bakanl\u0131\u011f\u0131\u2019n\u0131 \u201cs\u0131f\u0131r vizyon\u201d sahibi olmakla su\u00e7lad\u0131. Solyal\u0131, \u201cTrafi\u011fe yap\u0131lacak yat\u0131r\u0131mlar g\u00fcndem de\u011fildir.\u201d dedi.<\/p>\n<p>Karanl\u0131k, bariyersiz, g\u00fcvensiz yollarla ilgili bir giri\u015fim olmad\u0131\u011f\u0131n\u0131 s\u00f6yleyen Solyal\u0131, insan hayat\u0131n\u0131n \u00f6neminden bahsederek, bu konuda bir strateji belgesi haz\u0131rlanmas\u0131n\u0131n \u00f6nemine vurgu yapt\u0131. Solyal\u0131, stratejinin, insan unsurunun hata yapabilece\u011fi \u00fczerinden kurgulanmas\u0131 gerekti\u011fini vurgulad\u0131.<\/p>\n<p>Haz\u0131rlanmas\u0131 gereken strateji belgesinin i\u00e7inde neler olaca\u011f\u0131n\u0131 da anlatan Solyal\u0131, trafik kazalar\u0131nda veri toplanarak analizinin yap\u0131lmas\u0131 gerekti\u011fini kaydetti.<\/p>\n<p>G\u00fcvenli karayolu yap\u0131la\u015fmas\u0131n\u0131n derhal yap\u0131lmas\u0131 gerekti\u011fini belirten Solyal\u0131, \u00fclkedeki trafik g\u00fcvenli\u011fine ve e\u011fitimine \u00f6nem verilmedi\u011fini de s\u00f6yledi.<\/p>\n<p>\u00dclkede trafikle ilgili yasalar\u0131n aylard\u0131r bekledi\u011fi ele\u015ftirisinde de bulunan Solyal\u0131, b\u00fct\u00e7enin derhal ek b\u00fct\u00e7e ile takviye edilmesi gerekti\u011fini vurgulad\u0131.<\/p>\n<p>Bay\u0131nd\u0131rl\u0131k ve Ula\u015ft\u0131rma Bakan\u0131 Erhan Ar\u0131kl\u0131, yan\u0131t vermek \u00fczere s\u00f6z ald\u0131.<\/p>\n<p>Trafi\u011fin g\u00fcndem olma nedenini 10 g\u00fcnde 7 tane kazan\u0131n olmas\u0131 olarak g\u00f6steren Ar\u0131kl\u0131, 7 \u00f6l\u00fcml\u00fc kazan\u0131n polis raporlar\u0131na g\u00f6re 5\u2019inin s\u00fcrat, birinin alkol, birinin ise dikkatsiz s\u00fcr\u00fc\u015f oldu\u011funu belirtti.<\/p>\n<p>Yollar\u0131n d\u00f6rt d\u00f6rtl\u00fck oldu\u011funu savunmad\u0131\u011f\u0131n\u0131 s\u00f6yleyen Ar\u0131kl\u0131, 1975\u2019ten sonra trafik kazalar\u0131 ile ilgili rakamlar\u0131 payla\u015ft\u0131 ve kazalar\u0131n y\u0131llar i\u00e7inde artan ara\u00e7 say\u0131s\u0131na ba\u011fl\u0131 olarak artt\u0131\u011f\u0131n\u0131 s\u00f6yledi. Ar\u0131kl\u0131, \u201ckazalar\u0131n, \u00f6l\u00fcmlerin \u00fczerinden siyaset yap\u0131lmamas\u0131n\u0131\u201d istedi.<\/p>\n<p>Toplu ta\u015f\u0131ma sistemine ge\u00e7ilmezde ara\u00e7 say\u0131s\u0131n\u0131n daha da artaca\u011f\u0131n\u0131 belirten Ar\u0131kl\u0131, \u00e7arenin toplu ta\u015f\u0131ma oldu\u011funu vurgulad\u0131, bunun i\u00e7in ciddi bir \u00e7al\u0131\u015fma ba\u015flatt\u0131klar\u0131n\u0131 s\u00f6yledi. Ar\u0131kl\u0131 toplu ta\u015f\u0131ma konusunda toplumsal konsens\u00fcs arad\u0131\u011f\u0131n\u0131 s\u00f6yleyerek her kesimin buna destek vermesini istedi.<\/p>\n<p>\u201c\u00d6l\u00fcml\u00fc trafik kazalar\u0131 hepimizin ci\u011ferini da\u011fl\u0131yor.\u201d diyen Ar\u0131kl\u0131, imkanlar\u0131n yetersizli\u011fine dikkat \u00e7ekerek, imkanlar \u00e7er\u00e7evesinde yapabileceklerinin en iyisini yapmaya \u00e7al\u0131\u015ft\u0131klar\u0131n\u0131 ifade etti.<\/p>\n<p>H\u0131z yapan, dikkatsizce ara\u00e7 s\u00fcrenleri de ele\u015ftiren Ar\u0131kl\u0131, muhalefete trafik konusunu pop\u00fclist bir \u015fekilde ele almama \u00e7a\u011fr\u0131s\u0131nda bulundu.<\/p>\n<p>CTP milletvekili Sami \u00d6zuslu, yerinden s\u00f6z alarak, \u201ctakata\u201d marka hava yast\u0131klar\u0131 konusunda Bakanl\u0131\u011f\u0131n tavr\u0131n\u0131 sordu. Ar\u0131kl\u0131, sorunlu hava yast\u0131klar\u0131n\u0131 kontrol etme y\u00f6n\u00fcnde bir \u00e7al\u0131\u015fmalar\u0131 oldu\u011funu kaydetti.<\/p>\n<\/p><\/div>\n<p><script async\n                    defer\n                    crossorigin=\"anonymous\"\n                    src=\"https:\/\/connect.facebook.net\/tr_TR\/sdk.js#xfbml=1&#038;version=v3.3\"\n            ><\/script><\/p>\n","protected":false},"excerpt":{"rendered":"<p>Cumhuriyet Meclisi Genel Kurulu\u2019nda milletvekillerinin g\u00fcncel konu\u015fma istemlerine yer veriliyor. Bu \u00e7er\u00e7evede, CTP Milletvekili \u00dcr\u00fcn Solyal\u0131 trafikle ilgili g\u00fcncel konu\u015fma yapt\u0131. Trafi\u011fin hayat\u0131 \u00e7ok yak\u0131ndan ilgilendirdi\u011fini, her y\u0131l binlerce insan\u0131n trafikten zarar g\u00f6rd\u00fc\u011f\u00fcn\u00fc belirten Solyal\u0131, bu konunun Ula\u015ft\u0131rma Bakanl\u0131\u011f\u0131\u2019n\u0131n g\u00fcndeminde olmad\u0131\u011f\u0131n\u0131 ifade etti. D\u00fcnyan\u0131n trafik kazalar\u0131nda s\u0131f\u0131r \u00f6l\u00fcm\u00fc hedefleyen \u201cvizyon s\u0131f\u0131r\u201d\u0131 ortaya koydu\u011funu kaydeden Solyal\u0131,<\/p>\n","protected":false},"author":1,"featured_media":73550,"comment_status":"open","ping_status":"open","sticky":false,"template":"","format":"standard","meta":{"footnotes":""},"categories":[81,101],"tags":[],"class_list":["post-74051","post","type-post","status-publish","format-standard","has-post-thumbnail","hentry","category-kibris","category-manset"],"yoast_head":"<!-- This site is optimized with the Yoast SEO plugin v27.5 - https:\/\/yoast.com\/product\/yoast-seo-wordpress\/ -->\n<title>Meclis\u2019te g\u00fcncel konu\u015fmalar yap\u0131l\u0131yor -<\/title>\n<meta name=\"robots\" content=\"index, follow, max-snippet:-1, max-image-preview:large, max-video-preview:-1\" \/>\n<link rel=\"canonical\" href=\"https:\/\/kibrisdakik.com\/?p=74051\" \/>\n<meta property=\"og:locale\" content=\"tr_TR\" \/>\n<meta property=\"og:type\" content=\"article\" \/>\n<meta property=\"og:title\" content=\"Meclis\u2019te g\u00fcncel konu\u015fmalar yap\u0131l\u0131yor -\" \/>\n<meta property=\"og:description\" content=\"Cumhuriyet Meclisi Genel Kurulu\u2019nda milletvekillerinin g\u00fcncel konu\u015fma istemlerine yer veriliyor. Bu \u00e7er\u00e7evede, CTP Milletvekili \u00dcr\u00fcn Solyal\u0131 trafikle ilgili g\u00fcncel konu\u015fma yapt\u0131. Trafi\u011fin hayat\u0131 \u00e7ok yak\u0131ndan ilgilendirdi\u011fini, her y\u0131l binlerce insan\u0131n trafikten zarar g\u00f6rd\u00fc\u011f\u00fcn\u00fc belirten Solyal\u0131, bu konunun Ula\u015ft\u0131rma Bakanl\u0131\u011f\u0131\u2019n\u0131n g\u00fcndeminde olmad\u0131\u011f\u0131n\u0131 ifade etti. D\u00fcnyan\u0131n trafik kazalar\u0131nda s\u0131f\u0131r \u00f6l\u00fcm\u00fc hedefleyen \u201cvizyon s\u0131f\u0131r\u201d\u0131 ortaya koydu\u011funu kaydeden Solyal\u0131,\" \/>\n<meta property=\"og:url\" content=\"https:\/\/kibrisdakik.com\/?p=74051\" \/>\n<meta property=\"article:published_time\" content=\"2025-01-21T14:17:28+00:00\" \/>\n<meta property=\"og:image\" content=\"https:\/\/kibrisdakik.com\/wp-content\/uploads\/2025\/01\/Meclis-foto-740x420.jpg\" \/>\n\t<meta property=\"og:image:width\" content=\"1600\" \/>\n\t<meta property=\"og:image:height\" content=\"1066\" \/>\n\t<meta property=\"og:image:type\" content=\"image\/jpeg\" \/>\n<meta name=\"author\" content=\"admin\" \/>\n<meta name=\"twitter:card\" content=\"summary_large_image\" \/>\n<meta name=\"twitter:label1\" content=\"Yazan:\" \/>\n\t<meta name=\"twitter:data1\" content=\"admin\" \/>\n\t<meta name=\"twitter:label2\" content=\"Tahmini okuma s\u00fcresi\" \/>\n\t<meta name=\"twitter:data2\" content=\"3 dakika\" \/>\n<script type=\"application\/ld+json\" class=\"yoast-schema-graph\">{\"@context\":\"https:\\\/\\\/schema.org\",\"@graph\":[{\"@type\":\"Article\",\"@id\":\"https:\\\/\\\/kibrisdakik.com\\\/?p=74051#article\",\"isPartOf\":{\"@id\":\"https:\\\/\\\/kibrisdakik.com\\\/?p=74051\"},\"author\":{\"name\":\"admin\",\"@id\":\"https:\\\/\\\/kibrisdakik.com\\\/#\\\/schema\\\/person\\\/9cd9d437bbb44f72b73ba127e06d8e79\"},\"headline\":\"Meclis\u2019te g\u00fcncel konu\u015fmalar yap\u0131l\u0131yor\",\"datePublished\":\"2025-01-21T14:17:28+00:00\",\"mainEntityOfPage\":{\"@id\":\"https:\\\/\\\/kibrisdakik.com\\\/?p=74051\"},\"wordCount\":510,\"commentCount\":0,\"image\":{\"@id\":\"https:\\\/\\\/kibrisdakik.com\\\/?p=74051#primaryimage\"},\"thumbnailUrl\":\"https:\\\/\\\/kibrisdakik.com\\\/wp-content\\\/uploads\\\/2025\\\/01\\\/Meclis-foto-740x420.jpg\",\"articleSection\":[\"K\u0131br\u0131s\",\"Man\u015fet\"],\"inLanguage\":\"tr\",\"potentialAction\":[{\"@type\":\"CommentAction\",\"name\":\"Comment\",\"target\":[\"https:\\\/\\\/kibrisdakik.com\\\/?p=74051#respond\"]}]},{\"@type\":\"WebPage\",\"@id\":\"https:\\\/\\\/kibrisdakik.com\\\/?p=74051\",\"url\":\"https:\\\/\\\/kibrisdakik.com\\\/?p=74051\",\"name\":\"Meclis\u2019te g\u00fcncel konu\u015fmalar yap\u0131l\u0131yor -\",\"isPartOf\":{\"@id\":\"https:\\\/\\\/kibrisdakik.com\\\/#website\"},\"primaryImageOfPage\":{\"@id\":\"https:\\\/\\\/kibrisdakik.com\\\/?p=74051#primaryimage\"},\"image\":{\"@id\":\"https:\\\/\\\/kibrisdakik.com\\\/?p=74051#primaryimage\"},\"thumbnailUrl\":\"https:\\\/\\\/kibrisdakik.com\\\/wp-content\\\/uploads\\\/2025\\\/01\\\/Meclis-foto-740x420.jpg\",\"datePublished\":\"2025-01-21T14:17:28+00:00\",\"author\":{\"@id\":\"https:\\\/\\\/kibrisdakik.com\\\/#\\\/schema\\\/person\\\/9cd9d437bbb44f72b73ba127e06d8e79\"},\"breadcrumb\":{\"@id\":\"https:\\\/\\\/kibrisdakik.com\\\/?p=74051#breadcrumb\"},\"inLanguage\":\"tr\",\"potentialAction\":[{\"@type\":\"ReadAction\",\"target\":[\"https:\\\/\\\/kibrisdakik.com\\\/?p=74051\"]}]},{\"@type\":\"ImageObject\",\"inLanguage\":\"tr\",\"@id\":\"https:\\\/\\\/kibrisdakik.com\\\/?p=74051#primaryimage\",\"url\":\"https:\\\/\\\/kibrisdakik.com\\\/wp-content\\\/uploads\\\/2025\\\/01\\\/Meclis-foto-740x420.jpg\",\"contentUrl\":\"https:\\\/\\\/kibrisdakik.com\\\/wp-content\\\/uploads\\\/2025\\\/01\\\/Meclis-foto-740x420.jpg\",\"width\":1600,\"height\":1066},{\"@type\":\"BreadcrumbList\",\"@id\":\"https:\\\/\\\/kibrisdakik.com\\\/?p=74051#breadcrumb\",\"itemListElement\":[{\"@type\":\"ListItem\",\"position\":1,\"name\":\"Home\",\"item\":\"https:\\\/\\\/kibrisdakik.com\\\/\"},{\"@type\":\"ListItem\",\"position\":2,\"name\":\"Meclis\u2019te g\u00fcncel konu\u015fmalar yap\u0131l\u0131yor\"}]},{\"@type\":\"WebSite\",\"@id\":\"https:\\\/\\\/kibrisdakik.com\\\/#website\",\"url\":\"https:\\\/\\\/kibrisdakik.com\\\/\",\"name\":\"\",\"description\":\"Tam vaktinde haber\",\"potentialAction\":[{\"@type\":\"SearchAction\",\"target\":{\"@type\":\"EntryPoint\",\"urlTemplate\":\"https:\\\/\\\/kibrisdakik.com\\\/?s={search_term_string}\"},\"query-input\":{\"@type\":\"PropertyValueSpecification\",\"valueRequired\":true,\"valueName\":\"search_term_string\"}}],\"inLanguage\":\"tr\"},{\"@type\":\"Person\",\"@id\":\"https:\\\/\\\/kibrisdakik.com\\\/#\\\/schema\\\/person\\\/9cd9d437bbb44f72b73ba127e06d8e79\",\"name\":\"admin\",\"image\":{\"@type\":\"ImageObject\",\"inLanguage\":\"tr\",\"@id\":\"https:\\\/\\\/secure.gravatar.com\\\/avatar\\\/ccc17943b9d660506c869530f897617f7cb1c21a4bf30023f252596d83e1f007?s=96&d=mm&r=g\",\"url\":\"https:\\\/\\\/secure.gravatar.com\\\/avatar\\\/ccc17943b9d660506c869530f897617f7cb1c21a4bf30023f252596d83e1f007?s=96&d=mm&r=g\",\"contentUrl\":\"https:\\\/\\\/secure.gravatar.com\\\/avatar\\\/ccc17943b9d660506c869530f897617f7cb1c21a4bf30023f252596d83e1f007?s=96&d=mm&r=g\",\"caption\":\"admin\"},\"sameAs\":[\"https:\\\/\\\/kibrisdakik.com\"],\"url\":\"https:\\\/\\\/kibrisdakik.com\\\/?author=1\"}]}<\/script>\n<!-- \/ Yoast SEO plugin. -->","yoast_head_json":{"title":"Meclis\u2019te g\u00fcncel konu\u015fmalar yap\u0131l\u0131yor -","robots":{"index":"index","follow":"follow","max-snippet":"max-snippet:-1","max-image-preview":"max-image-preview:large","max-video-preview":"max-video-preview:-1"},"canonical":"https:\/\/kibrisdakik.com\/?p=74051","og_locale":"tr_TR","og_type":"article","og_title":"Meclis\u2019te g\u00fcncel konu\u015fmalar yap\u0131l\u0131yor -","og_description":"Cumhuriyet Meclisi Genel Kurulu\u2019nda milletvekillerinin g\u00fcncel konu\u015fma istemlerine yer veriliyor. Bu \u00e7er\u00e7evede, CTP Milletvekili \u00dcr\u00fcn Solyal\u0131 trafikle ilgili g\u00fcncel konu\u015fma yapt\u0131. Trafi\u011fin hayat\u0131 \u00e7ok yak\u0131ndan ilgilendirdi\u011fini, her y\u0131l binlerce insan\u0131n trafikten zarar g\u00f6rd\u00fc\u011f\u00fcn\u00fc belirten Solyal\u0131, bu konunun Ula\u015ft\u0131rma Bakanl\u0131\u011f\u0131\u2019n\u0131n g\u00fcndeminde olmad\u0131\u011f\u0131n\u0131 ifade etti. D\u00fcnyan\u0131n trafik kazalar\u0131nda s\u0131f\u0131r \u00f6l\u00fcm\u00fc hedefleyen \u201cvizyon s\u0131f\u0131r\u201d\u0131 ortaya koydu\u011funu kaydeden Solyal\u0131,","og_url":"https:\/\/kibrisdakik.com\/?p=74051","article_published_time":"2025-01-21T14:17:28+00:00","og_image":[{"width":1600,"height":1066,"url":"https:\/\/kibrisdakik.com\/wp-content\/uploads\/2025\/01\/Meclis-foto-740x420.jpg","type":"image\/jpeg"}],"author":"admin","twitter_card":"summary_large_image","twitter_misc":{"Yazan:":"admin","Tahmini okuma s\u00fcresi":"3 dakika"},"schema":{"@context":"https:\/\/schema.org","@graph":[{"@type":"Article","@id":"https:\/\/kibrisdakik.com\/?p=74051#article","isPartOf":{"@id":"https:\/\/kibrisdakik.com\/?p=74051"},"author":{"name":"admin","@id":"https:\/\/kibrisdakik.com\/#\/schema\/person\/9cd9d437bbb44f72b73ba127e06d8e79"},"headline":"Meclis\u2019te g\u00fcncel konu\u015fmalar yap\u0131l\u0131yor","datePublished":"2025-01-21T14:17:28+00:00","mainEntityOfPage":{"@id":"https:\/\/kibrisdakik.com\/?p=74051"},"wordCount":510,"commentCount":0,"image":{"@id":"https:\/\/kibrisdakik.com\/?p=74051#primaryimage"},"thumbnailUrl":"https:\/\/kibrisdakik.com\/wp-content\/uploads\/2025\/01\/Meclis-foto-740x420.jpg","articleSection":["K\u0131br\u0131s","Man\u015fet"],"inLanguage":"tr","potentialAction":[{"@type":"CommentAction","name":"Comment","target":["https:\/\/kibrisdakik.com\/?p=74051#respond"]}]},{"@type":"WebPage","@id":"https:\/\/kibrisdakik.com\/?p=74051","url":"https:\/\/kibrisdakik.com\/?p=74051","name":"Meclis\u2019te g\u00fcncel konu\u015fmalar yap\u0131l\u0131yor -","isPartOf":{"@id":"https:\/\/kibrisdakik.com\/#website"},"primaryImageOfPage":{"@id":"https:\/\/kibrisdakik.com\/?p=74051#primaryimage"},"image":{"@id":"https:\/\/kibrisdakik.com\/?p=74051#primaryimage"},"thumbnailUrl":"https:\/\/kibrisdakik.com\/wp-content\/uploads\/2025\/01\/Meclis-foto-740x420.jpg","datePublished":"2025-01-21T14:17:28+00:00","author":{"@id":"https:\/\/kibrisdakik.com\/#\/schema\/person\/9cd9d437bbb44f72b73ba127e06d8e79"},"breadcrumb":{"@id":"https:\/\/kibrisdakik.com\/?p=74051#breadcrumb"},"inLanguage":"tr","potentialAction":[{"@type":"ReadAction","target":["https:\/\/kibrisdakik.com\/?p=74051"]}]},{"@type":"ImageObject","inLanguage":"tr","@id":"https:\/\/kibrisdakik.com\/?p=74051#primaryimage","url":"https:\/\/kibrisdakik.com\/wp-content\/uploads\/2025\/01\/Meclis-foto-740x420.jpg","contentUrl":"https:\/\/kibrisdakik.com\/wp-content\/uploads\/2025\/01\/Meclis-foto-740x420.jpg","width":1600,"height":1066},{"@type":"BreadcrumbList","@id":"https:\/\/kibrisdakik.com\/?p=74051#breadcrumb","itemListElement":[{"@type":"ListItem","position":1,"name":"Home","item":"https:\/\/kibrisdakik.com\/"},{"@type":"ListItem","position":2,"name":"Meclis\u2019te g\u00fcncel konu\u015fmalar yap\u0131l\u0131yor"}]},{"@type":"WebSite","@id":"https:\/\/kibrisdakik.com\/#website","url":"https:\/\/kibrisdakik.com\/","name":"","description":"Tam vaktinde haber","potentialAction":[{"@type":"SearchAction","target":{"@type":"EntryPoint","urlTemplate":"https:\/\/kibrisdakik.com\/?s={search_term_string}"},"query-input":{"@type":"PropertyValueSpecification","valueRequired":true,"valueName":"search_term_string"}}],"inLanguage":"tr"},{"@type":"Person","@id":"https:\/\/kibrisdakik.com\/#\/schema\/person\/9cd9d437bbb44f72b73ba127e06d8e79","name":"admin","image":{"@type":"ImageObject","inLanguage":"tr","@id":"https:\/\/secure.gravatar.com\/avatar\/ccc17943b9d660506c869530f897617f7cb1c21a4bf30023f252596d83e1f007?s=96&d=mm&r=g","url":"https:\/\/secure.gravatar.com\/avatar\/ccc17943b9d660506c869530f897617f7cb1c21a4bf30023f252596d83e1f007?s=96&d=mm&r=g","contentUrl":"https:\/\/secure.gravatar.com\/avatar\/ccc17943b9d660506c869530f897617f7cb1c21a4bf30023f252596d83e1f007?s=96&d=mm&r=g","caption":"admin"},"sameAs":["https:\/\/kibrisdakik.com"],"url":"https:\/\/kibrisdakik.com\/?author=1"}]}},"_links":{"self":[{"href":"https:\/\/kibrisdakik.com\/index.php?rest_route=\/wp\/v2\/posts\/74051","targetHints":{"allow":["GET"]}}],"collection":[{"href":"https:\/\/kibrisdakik.com\/index.php?rest_route=\/wp\/v2\/posts"}],"about":[{"href":"https:\/\/kibrisdakik.com\/index.php?rest_route=\/wp\/v2\/types\/post"}],"author":[{"embeddable":true,"href":"https:\/\/kibrisdakik.com\/index.php?rest_route=\/wp\/v2\/users\/1"}],"replies":[{"embeddable":true,"href":"https:\/\/kibrisdakik.com\/index.php?rest_route=%2Fwp%2Fv2%2Fcomments&post=74051"}],"version-history":[{"count":0,"href":"https:\/\/kibrisdakik.com\/index.php?rest_route=\/wp\/v2\/posts\/74051\/revisions"}],"wp:featuredmedia":[{"embeddable":true,"href":"https:\/\/kibrisdakik.com\/index.php?rest_route=\/wp\/v2\/media\/73550"}],"wp:attachment":[{"href":"https:\/\/kibrisdakik.com\/index.php?rest_route=%2Fwp%2Fv2%2Fmedia&parent=74051"}],"wp:term":[{"taxonomy":"category","embeddable":true,"href":"https:\/\/kibrisdakik.com\/index.php?rest_route=%2Fwp%2Fv2%2Fcategories&post=74051"},{"taxonomy":"post_tag","embeddable":true,"href":"https:\/\/kibrisdakik.com\/index.php?rest_route=%2Fwp%2Fv2%2Ftags&post=74051"}],"curies":[{"name":"wp","href":"https:\/\/api.w.org\/{rel}","templated":true}]}}