{"id":74070,"date":"2025-01-21T14:20:00","date_gmt":"2025-01-21T11:20:00","guid":{"rendered":"https:\/\/kibrisdakik.com\/index.php\/2025\/01\/21\/endonezyada-sel-ve-toprak-kaymasi-16-kisi-oldu-8-kisi-kayboldu\/"},"modified":"2025-01-21T14:20:00","modified_gmt":"2025-01-21T11:20:00","slug":"endonezyada-sel-ve-toprak-kaymasi-16-kisi-oldu-8-kisi-kayboldu","status":"publish","type":"post","link":"https:\/\/kibrisdakik.com\/?p=74070","title":{"rendered":"Endonezya\u2019da sel ve toprak kaymas\u0131: 16 ki\u015fi \u00f6ld\u00fc, 8 ki\u015fi kayboldu"},"content":{"rendered":"<p><\/p>\n<div>\n<div class=\"mariselle-image-container none\">\n                <img loading=\"lazy\" decoding=\"async\" width=\"864\" height=\"486\" class=\"lazy-image\" alt=\"\" sizes=\"auto, (max-width: 864px) 100vw, 864px\" src=\"https:\/\/brtk.net\/wp-content\/uploads\/2025\/01\/21\/ENDONEYZA.jpg?ver=213084e8ef60b2f85a6f4d0a78ea48fd\" srcset=\"https:\/\/brtk.net\/wp-content\/uploads\/2025\/01\/21\/ENDONEYZA.jpg?ver=213084e8ef60b2f85a6f4d0a78ea48fd 864w, https:\/\/brtk.net\/wp-content\/uploads\/2025\/01\/21\/ENDONEYZA-300x169.jpg?ver=01880ed2b270fd6e9c3d91b4223606b8 300w, https:\/\/brtk.net\/wp-content\/uploads\/2025\/01\/21\/ENDONEYZA-768x432.jpg?ver=01880ed2b270fd6e9c3d91b4223606b8 768w\"\/>                            <\/div>\n<p>Endonezya\u2019n\u0131n Java Adas\u0131\u2019nda a\u015f\u0131r\u0131 ya\u011f\u0131\u015flar\u0131n neden oldu\u011fu sel ve toprak kaymalar\u0131nda ilk belirlemelere g\u00f6re 16 ki\u015fi hayat\u0131n\u0131 kaybetti, 8 ki\u015fiden haber al\u0131nam\u0131yor.<\/p>\n<p>Endonezya Ulusal Afet Merkezi\u2019nden yap\u0131lan a\u00e7\u0131klamaya g\u00f6re, Java Adas\u0131\u2019nda a\u015f\u0131r\u0131 ya\u011f\u0131\u015flara ba\u011fl\u0131 olarak sel ve toprak kaymalar\u0131 meydana geldi.<\/p>\n<p>Olumsuz hava ko\u015fullar\u0131 ve engebeli arazinin arama kurtarma \u00e7al\u0131\u015fmalar\u0131n\u0131 yava\u015flatt\u0131\u011f\u0131 belirtilen a\u00e7\u0131klamada, ilk belirlemelere g\u00f6re 16 ki\u015finin ya\u015fam\u0131n\u0131 yitirdi\u011fi ve 8 ki\u015fiden haber al\u0131namad\u0131\u011f\u0131 kaydedildi.<\/p>\n<p>A\u00e7\u0131klamada, felaketten kurtulan 11 ki\u015finin tedavisinin \u00e7evredeki hastanelerde s\u00fcrd\u00fc\u011f\u00fc bilgisi payla\u015f\u0131ld\u0131.<\/p>\n<p>Endonezya\u2019da ekimden marta kadar s\u00fcrebilen mevsimsel ya\u011f\u0131\u015flar s\u0131k s\u0131k sel ve toprak kaymalar\u0131na neden olabiliyor.<\/p>\n<p>Endonezya h\u00fck\u00fcmeti, \u00f6nceki ba\u015fkent Cakarta\u2019y\u0131, 10 milyon n\u00fcfusu, her y\u0131l meydana gelen sel gibi do\u011fal afetler, altyap\u0131 sorunlar\u0131 ve yer alt\u0131 sular\u0131n\u0131n a\u015f\u0131r\u0131 kullan\u0131m\u0131n\u0131n kentin kuzey kesimlerinin h\u0131zla batmas\u0131na neden olmas\u0131 nedeniyle ta\u015f\u0131mak istedi\u011fini a\u00e7\u0131klam\u0131\u015ft\u0131.<\/p>\n<\/p><\/div>\n<p><script async\n                    defer\n                    crossorigin=\"anonymous\"\n                    src=\"https:\/\/connect.facebook.net\/tr_TR\/sdk.js#xfbml=1&#038;version=v3.3\"\n            ><\/script><\/p>\n","protected":false},"excerpt":{"rendered":"<p>Endonezya\u2019n\u0131n Java Adas\u0131\u2019nda a\u015f\u0131r\u0131 ya\u011f\u0131\u015flar\u0131n neden oldu\u011fu sel ve toprak kaymalar\u0131nda ilk belirlemelere g\u00f6re 16 ki\u015fi hayat\u0131n\u0131 kaybetti, 8 ki\u015fiden haber al\u0131nam\u0131yor. Endonezya Ulusal Afet Merkezi\u2019nden yap\u0131lan a\u00e7\u0131klamaya g\u00f6re, Java Adas\u0131\u2019nda a\u015f\u0131r\u0131 ya\u011f\u0131\u015flara ba\u011fl\u0131 olarak sel ve toprak kaymalar\u0131 meydana geldi. Olumsuz hava ko\u015fullar\u0131 ve engebeli arazinin arama kurtarma \u00e7al\u0131\u015fmalar\u0131n\u0131 yava\u015flatt\u0131\u011f\u0131 belirtilen a\u00e7\u0131klamada, ilk belirlemelere<\/p>\n","protected":false},"author":1,"featured_media":74071,"comment_status":"open","ping_status":"open","sticky":false,"template":"","format":"standard","meta":{"footnotes":""},"categories":[1],"tags":[],"class_list":["post-74070","post","type-post","status-publish","format-standard","has-post-thumbnail","hentry","category-gundem"],"yoast_head":"<!-- This site is optimized with the Yoast SEO plugin v27.4 - https:\/\/yoast.com\/product\/yoast-seo-wordpress\/ -->\n<title>Endonezya\u2019da sel ve toprak kaymas\u0131: 16 ki\u015fi \u00f6ld\u00fc, 8 ki\u015fi kayboldu -<\/title>\n<meta name=\"robots\" content=\"index, follow, max-snippet:-1, max-image-preview:large, max-video-preview:-1\" \/>\n<link rel=\"canonical\" href=\"https:\/\/kibrisdakik.com\/?p=74070\" \/>\n<meta property=\"og:locale\" content=\"tr_TR\" \/>\n<meta property=\"og:type\" content=\"article\" \/>\n<meta property=\"og:title\" content=\"Endonezya\u2019da sel ve toprak kaymas\u0131: 16 ki\u015fi \u00f6ld\u00fc, 8 ki\u015fi kayboldu -\" \/>\n<meta property=\"og:description\" content=\"Endonezya\u2019n\u0131n Java Adas\u0131\u2019nda a\u015f\u0131r\u0131 ya\u011f\u0131\u015flar\u0131n neden oldu\u011fu sel ve toprak kaymalar\u0131nda ilk belirlemelere g\u00f6re 16 ki\u015fi hayat\u0131n\u0131 kaybetti, 8 ki\u015fiden haber al\u0131nam\u0131yor. Endonezya Ulusal Afet Merkezi\u2019nden yap\u0131lan a\u00e7\u0131klamaya g\u00f6re, Java Adas\u0131\u2019nda a\u015f\u0131r\u0131 ya\u011f\u0131\u015flara ba\u011fl\u0131 olarak sel ve toprak kaymalar\u0131 meydana geldi. Olumsuz hava ko\u015fullar\u0131 ve engebeli arazinin arama kurtarma \u00e7al\u0131\u015fmalar\u0131n\u0131 yava\u015flatt\u0131\u011f\u0131 belirtilen a\u00e7\u0131klamada, ilk belirlemelere\" \/>\n<meta property=\"og:url\" content=\"https:\/\/kibrisdakik.com\/?p=74070\" \/>\n<meta property=\"article:published_time\" content=\"2025-01-21T11:20:00+00:00\" \/>\n<meta property=\"og:image\" content=\"https:\/\/kibrisdakik.com\/wp-content\/uploads\/2025\/01\/ENDONEYZA-740x420.jpg\" \/>\n\t<meta property=\"og:image:width\" content=\"864\" \/>\n\t<meta property=\"og:image:height\" content=\"486\" \/>\n\t<meta property=\"og:image:type\" content=\"image\/jpeg\" \/>\n<meta name=\"author\" content=\"admin\" \/>\n<meta name=\"twitter:card\" content=\"summary_large_image\" \/>\n<meta name=\"twitter:label1\" content=\"Yazan:\" \/>\n\t<meta name=\"twitter:data1\" content=\"admin\" \/>\n\t<meta name=\"twitter:label2\" content=\"Tahmini okuma s\u00fcresi\" \/>\n\t<meta name=\"twitter:data2\" content=\"1 dakika\" \/>\n<script type=\"application\/ld+json\" class=\"yoast-schema-graph\">{\"@context\":\"https:\\\/\\\/schema.org\",\"@graph\":[{\"@type\":\"Article\",\"@id\":\"https:\\\/\\\/kibrisdakik.com\\\/?p=74070#article\",\"isPartOf\":{\"@id\":\"https:\\\/\\\/kibrisdakik.com\\\/?p=74070\"},\"author\":{\"name\":\"admin\",\"@id\":\"https:\\\/\\\/kibrisdakik.com\\\/#\\\/schema\\\/person\\\/9cd9d437bbb44f72b73ba127e06d8e79\"},\"headline\":\"Endonezya\u2019da sel ve toprak kaymas\u0131: 16 ki\u015fi \u00f6ld\u00fc, 8 ki\u015fi kayboldu\",\"datePublished\":\"2025-01-21T11:20:00+00:00\",\"mainEntityOfPage\":{\"@id\":\"https:\\\/\\\/kibrisdakik.com\\\/?p=74070\"},\"wordCount\":196,\"commentCount\":0,\"image\":{\"@id\":\"https:\\\/\\\/kibrisdakik.com\\\/?p=74070#primaryimage\"},\"thumbnailUrl\":\"https:\\\/\\\/kibrisdakik.com\\\/wp-content\\\/uploads\\\/2025\\\/01\\\/ENDONEYZA-740x420.jpg\",\"articleSection\":[\"G\u00fcndem\"],\"inLanguage\":\"tr\",\"potentialAction\":[{\"@type\":\"CommentAction\",\"name\":\"Comment\",\"target\":[\"https:\\\/\\\/kibrisdakik.com\\\/?p=74070#respond\"]}]},{\"@type\":\"WebPage\",\"@id\":\"https:\\\/\\\/kibrisdakik.com\\\/?p=74070\",\"url\":\"https:\\\/\\\/kibrisdakik.com\\\/?p=74070\",\"name\":\"Endonezya\u2019da sel ve toprak kaymas\u0131: 16 ki\u015fi \u00f6ld\u00fc, 8 ki\u015fi kayboldu -\",\"isPartOf\":{\"@id\":\"https:\\\/\\\/kibrisdakik.com\\\/#website\"},\"primaryImageOfPage\":{\"@id\":\"https:\\\/\\\/kibrisdakik.com\\\/?p=74070#primaryimage\"},\"image\":{\"@id\":\"https:\\\/\\\/kibrisdakik.com\\\/?p=74070#primaryimage\"},\"thumbnailUrl\":\"https:\\\/\\\/kibrisdakik.com\\\/wp-content\\\/uploads\\\/2025\\\/01\\\/ENDONEYZA-740x420.jpg\",\"datePublished\":\"2025-01-21T11:20:00+00:00\",\"author\":{\"@id\":\"https:\\\/\\\/kibrisdakik.com\\\/#\\\/schema\\\/person\\\/9cd9d437bbb44f72b73ba127e06d8e79\"},\"breadcrumb\":{\"@id\":\"https:\\\/\\\/kibrisdakik.com\\\/?p=74070#breadcrumb\"},\"inLanguage\":\"tr\",\"potentialAction\":[{\"@type\":\"ReadAction\",\"target\":[\"https:\\\/\\\/kibrisdakik.com\\\/?p=74070\"]}]},{\"@type\":\"ImageObject\",\"inLanguage\":\"tr\",\"@id\":\"https:\\\/\\\/kibrisdakik.com\\\/?p=74070#primaryimage\",\"url\":\"https:\\\/\\\/kibrisdakik.com\\\/wp-content\\\/uploads\\\/2025\\\/01\\\/ENDONEYZA-740x420.jpg\",\"contentUrl\":\"https:\\\/\\\/kibrisdakik.com\\\/wp-content\\\/uploads\\\/2025\\\/01\\\/ENDONEYZA-740x420.jpg\",\"width\":864,\"height\":486},{\"@type\":\"BreadcrumbList\",\"@id\":\"https:\\\/\\\/kibrisdakik.com\\\/?p=74070#breadcrumb\",\"itemListElement\":[{\"@type\":\"ListItem\",\"position\":1,\"name\":\"Home\",\"item\":\"https:\\\/\\\/kibrisdakik.com\\\/\"},{\"@type\":\"ListItem\",\"position\":2,\"name\":\"Endonezya\u2019da sel ve toprak kaymas\u0131: 16 ki\u015fi \u00f6ld\u00fc, 8 ki\u015fi kayboldu\"}]},{\"@type\":\"WebSite\",\"@id\":\"https:\\\/\\\/kibrisdakik.com\\\/#website\",\"url\":\"https:\\\/\\\/kibrisdakik.com\\\/\",\"name\":\"\",\"description\":\"Tam vaktinde haber\",\"potentialAction\":[{\"@type\":\"SearchAction\",\"target\":{\"@type\":\"EntryPoint\",\"urlTemplate\":\"https:\\\/\\\/kibrisdakik.com\\\/?s={search_term_string}\"},\"query-input\":{\"@type\":\"PropertyValueSpecification\",\"valueRequired\":true,\"valueName\":\"search_term_string\"}}],\"inLanguage\":\"tr\"},{\"@type\":\"Person\",\"@id\":\"https:\\\/\\\/kibrisdakik.com\\\/#\\\/schema\\\/person\\\/9cd9d437bbb44f72b73ba127e06d8e79\",\"name\":\"admin\",\"image\":{\"@type\":\"ImageObject\",\"inLanguage\":\"tr\",\"@id\":\"https:\\\/\\\/secure.gravatar.com\\\/avatar\\\/ccc17943b9d660506c869530f897617f7cb1c21a4bf30023f252596d83e1f007?s=96&d=mm&r=g\",\"url\":\"https:\\\/\\\/secure.gravatar.com\\\/avatar\\\/ccc17943b9d660506c869530f897617f7cb1c21a4bf30023f252596d83e1f007?s=96&d=mm&r=g\",\"contentUrl\":\"https:\\\/\\\/secure.gravatar.com\\\/avatar\\\/ccc17943b9d660506c869530f897617f7cb1c21a4bf30023f252596d83e1f007?s=96&d=mm&r=g\",\"caption\":\"admin\"},\"sameAs\":[\"https:\\\/\\\/kibrisdakik.com\"],\"url\":\"https:\\\/\\\/kibrisdakik.com\\\/?author=1\"}]}<\/script>\n<!-- \/ Yoast SEO plugin. -->","yoast_head_json":{"title":"Endonezya\u2019da sel ve toprak kaymas\u0131: 16 ki\u015fi \u00f6ld\u00fc, 8 ki\u015fi kayboldu -","robots":{"index":"index","follow":"follow","max-snippet":"max-snippet:-1","max-image-preview":"max-image-preview:large","max-video-preview":"max-video-preview:-1"},"canonical":"https:\/\/kibrisdakik.com\/?p=74070","og_locale":"tr_TR","og_type":"article","og_title":"Endonezya\u2019da sel ve toprak kaymas\u0131: 16 ki\u015fi \u00f6ld\u00fc, 8 ki\u015fi kayboldu -","og_description":"Endonezya\u2019n\u0131n Java Adas\u0131\u2019nda a\u015f\u0131r\u0131 ya\u011f\u0131\u015flar\u0131n neden oldu\u011fu sel ve toprak kaymalar\u0131nda ilk belirlemelere g\u00f6re 16 ki\u015fi hayat\u0131n\u0131 kaybetti, 8 ki\u015fiden haber al\u0131nam\u0131yor. Endonezya Ulusal Afet Merkezi\u2019nden yap\u0131lan a\u00e7\u0131klamaya g\u00f6re, Java Adas\u0131\u2019nda a\u015f\u0131r\u0131 ya\u011f\u0131\u015flara ba\u011fl\u0131 olarak sel ve toprak kaymalar\u0131 meydana geldi. Olumsuz hava ko\u015fullar\u0131 ve engebeli arazinin arama kurtarma \u00e7al\u0131\u015fmalar\u0131n\u0131 yava\u015flatt\u0131\u011f\u0131 belirtilen a\u00e7\u0131klamada, ilk belirlemelere","og_url":"https:\/\/kibrisdakik.com\/?p=74070","article_published_time":"2025-01-21T11:20:00+00:00","og_image":[{"width":864,"height":486,"url":"https:\/\/kibrisdakik.com\/wp-content\/uploads\/2025\/01\/ENDONEYZA-740x420.jpg","type":"image\/jpeg"}],"author":"admin","twitter_card":"summary_large_image","twitter_misc":{"Yazan:":"admin","Tahmini okuma s\u00fcresi":"1 dakika"},"schema":{"@context":"https:\/\/schema.org","@graph":[{"@type":"Article","@id":"https:\/\/kibrisdakik.com\/?p=74070#article","isPartOf":{"@id":"https:\/\/kibrisdakik.com\/?p=74070"},"author":{"name":"admin","@id":"https:\/\/kibrisdakik.com\/#\/schema\/person\/9cd9d437bbb44f72b73ba127e06d8e79"},"headline":"Endonezya\u2019da sel ve toprak kaymas\u0131: 16 ki\u015fi \u00f6ld\u00fc, 8 ki\u015fi kayboldu","datePublished":"2025-01-21T11:20:00+00:00","mainEntityOfPage":{"@id":"https:\/\/kibrisdakik.com\/?p=74070"},"wordCount":196,"commentCount":0,"image":{"@id":"https:\/\/kibrisdakik.com\/?p=74070#primaryimage"},"thumbnailUrl":"https:\/\/kibrisdakik.com\/wp-content\/uploads\/2025\/01\/ENDONEYZA-740x420.jpg","articleSection":["G\u00fcndem"],"inLanguage":"tr","potentialAction":[{"@type":"CommentAction","name":"Comment","target":["https:\/\/kibrisdakik.com\/?p=74070#respond"]}]},{"@type":"WebPage","@id":"https:\/\/kibrisdakik.com\/?p=74070","url":"https:\/\/kibrisdakik.com\/?p=74070","name":"Endonezya\u2019da sel ve toprak kaymas\u0131: 16 ki\u015fi \u00f6ld\u00fc, 8 ki\u015fi kayboldu -","isPartOf":{"@id":"https:\/\/kibrisdakik.com\/#website"},"primaryImageOfPage":{"@id":"https:\/\/kibrisdakik.com\/?p=74070#primaryimage"},"image":{"@id":"https:\/\/kibrisdakik.com\/?p=74070#primaryimage"},"thumbnailUrl":"https:\/\/kibrisdakik.com\/wp-content\/uploads\/2025\/01\/ENDONEYZA-740x420.jpg","datePublished":"2025-01-21T11:20:00+00:00","author":{"@id":"https:\/\/kibrisdakik.com\/#\/schema\/person\/9cd9d437bbb44f72b73ba127e06d8e79"},"breadcrumb":{"@id":"https:\/\/kibrisdakik.com\/?p=74070#breadcrumb"},"inLanguage":"tr","potentialAction":[{"@type":"ReadAction","target":["https:\/\/kibrisdakik.com\/?p=74070"]}]},{"@type":"ImageObject","inLanguage":"tr","@id":"https:\/\/kibrisdakik.com\/?p=74070#primaryimage","url":"https:\/\/kibrisdakik.com\/wp-content\/uploads\/2025\/01\/ENDONEYZA-740x420.jpg","contentUrl":"https:\/\/kibrisdakik.com\/wp-content\/uploads\/2025\/01\/ENDONEYZA-740x420.jpg","width":864,"height":486},{"@type":"BreadcrumbList","@id":"https:\/\/kibrisdakik.com\/?p=74070#breadcrumb","itemListElement":[{"@type":"ListItem","position":1,"name":"Home","item":"https:\/\/kibrisdakik.com\/"},{"@type":"ListItem","position":2,"name":"Endonezya\u2019da sel ve toprak kaymas\u0131: 16 ki\u015fi \u00f6ld\u00fc, 8 ki\u015fi kayboldu"}]},{"@type":"WebSite","@id":"https:\/\/kibrisdakik.com\/#website","url":"https:\/\/kibrisdakik.com\/","name":"","description":"Tam vaktinde haber","potentialAction":[{"@type":"SearchAction","target":{"@type":"EntryPoint","urlTemplate":"https:\/\/kibrisdakik.com\/?s={search_term_string}"},"query-input":{"@type":"PropertyValueSpecification","valueRequired":true,"valueName":"search_term_string"}}],"inLanguage":"tr"},{"@type":"Person","@id":"https:\/\/kibrisdakik.com\/#\/schema\/person\/9cd9d437bbb44f72b73ba127e06d8e79","name":"admin","image":{"@type":"ImageObject","inLanguage":"tr","@id":"https:\/\/secure.gravatar.com\/avatar\/ccc17943b9d660506c869530f897617f7cb1c21a4bf30023f252596d83e1f007?s=96&d=mm&r=g","url":"https:\/\/secure.gravatar.com\/avatar\/ccc17943b9d660506c869530f897617f7cb1c21a4bf30023f252596d83e1f007?s=96&d=mm&r=g","contentUrl":"https:\/\/secure.gravatar.com\/avatar\/ccc17943b9d660506c869530f897617f7cb1c21a4bf30023f252596d83e1f007?s=96&d=mm&r=g","caption":"admin"},"sameAs":["https:\/\/kibrisdakik.com"],"url":"https:\/\/kibrisdakik.com\/?author=1"}]}},"_links":{"self":[{"href":"https:\/\/kibrisdakik.com\/index.php?rest_route=\/wp\/v2\/posts\/74070","targetHints":{"allow":["GET"]}}],"collection":[{"href":"https:\/\/kibrisdakik.com\/index.php?rest_route=\/wp\/v2\/posts"}],"about":[{"href":"https:\/\/kibrisdakik.com\/index.php?rest_route=\/wp\/v2\/types\/post"}],"author":[{"embeddable":true,"href":"https:\/\/kibrisdakik.com\/index.php?rest_route=\/wp\/v2\/users\/1"}],"replies":[{"embeddable":true,"href":"https:\/\/kibrisdakik.com\/index.php?rest_route=%2Fwp%2Fv2%2Fcomments&post=74070"}],"version-history":[{"count":0,"href":"https:\/\/kibrisdakik.com\/index.php?rest_route=\/wp\/v2\/posts\/74070\/revisions"}],"wp:featuredmedia":[{"embeddable":true,"href":"https:\/\/kibrisdakik.com\/index.php?rest_route=\/wp\/v2\/media\/74071"}],"wp:attachment":[{"href":"https:\/\/kibrisdakik.com\/index.php?rest_route=%2Fwp%2Fv2%2Fmedia&parent=74070"}],"wp:term":[{"taxonomy":"category","embeddable":true,"href":"https:\/\/kibrisdakik.com\/index.php?rest_route=%2Fwp%2Fv2%2Fcategories&post=74070"},{"taxonomy":"post_tag","embeddable":true,"href":"https:\/\/kibrisdakik.com\/index.php?rest_route=%2Fwp%2Fv2%2Ftags&post=74070"}],"curies":[{"name":"wp","href":"https:\/\/api.w.org\/{rel}","templated":true}]}}