{"id":74080,"date":"2025-01-21T21:58:30","date_gmt":"2025-01-21T18:58:30","guid":{"rendered":"https:\/\/kibrisdakik.com\/index.php\/2025\/01\/21\/denizde-firtinamsi-ruzgar-bekleniyor\/"},"modified":"2025-01-21T21:58:30","modified_gmt":"2025-01-21T18:58:30","slug":"denizde-firtinamsi-ruzgar-bekleniyor","status":"publish","type":"post","link":"https:\/\/kibrisdakik.com\/?p=74080","title":{"rendered":"Denizde f\u0131rt\u0131nams\u0131 r\u00fczgar bekleniyor"},"content":{"rendered":"<div>\n<div class=\"mariselle-image-container center\">\n                                            <\/div>\n<p>Meteoroloji Dairesi, b\u00f6lge denizlerinden Taurus\u2019ta f\u0131rt\u0131nams\u0131 r\u00fczgar beklendi\u011fini duyurdu.<\/p>\n<p>Daire\u2019den yap\u0131lan a\u00e7\u0131klamada, r\u00fczgar\u0131n yar\u0131n sabah 04.00\u2019ten per\u015fembe sabah\u0131 08.00\u2019e kadar etkili olaca\u011f\u0131 kaydedildi.<\/p>\n<p>A\u00e7\u0131klamada, \u201cB\u00f6lgemiz denizlerinden Do\u011fu Taurus\u2019ta kuzey ve do\u011fu, Bat\u0131 Taurus\u2019ta g\u00fcney ve do\u011fu y\u00f6nlerden esmekte olan r\u00fczgar\u0131n zamanla kuvvetlenerek \u20187\u2019 kuvvetinde ve \u2018f\u0131rt\u0131nams\u0131 r\u00fczgar\u2019 \u015feklinde esmesi beklenmektedir.\u201d denildi.<\/p>\n<\/p><\/div>\n<p><script async\n                    defer\n                    crossorigin=\"anonymous\"\n                    src=\"https:\/\/connect.facebook.net\/tr_TR\/sdk.js#xfbml=1&#038;version=v3.3\"\n            ><\/script><\/p>\n","protected":false},"excerpt":{"rendered":"<p>Meteoroloji Dairesi, b\u00f6lge denizlerinden Taurus\u2019ta f\u0131rt\u0131nams\u0131 r\u00fczgar beklendi\u011fini duyurdu. Daire\u2019den yap\u0131lan a\u00e7\u0131klamada, r\u00fczgar\u0131n yar\u0131n sabah 04.00\u2019ten per\u015fembe sabah\u0131 08.00\u2019e kadar etkili olaca\u011f\u0131 kaydedildi. A\u00e7\u0131klamada, \u201cB\u00f6lgemiz denizlerinden Do\u011fu Taurus\u2019ta kuzey ve do\u011fu, Bat\u0131 Taurus\u2019ta g\u00fcney ve do\u011fu y\u00f6nlerden esmekte olan r\u00fczgar\u0131n zamanla kuvvetlenerek \u20187\u2019 kuvvetinde ve \u2018f\u0131rt\u0131nams\u0131 r\u00fczgar\u2019 \u015feklinde esmesi beklenmektedir.\u201d denildi.<\/p>\n","protected":false},"author":1,"featured_media":40034,"comment_status":"open","ping_status":"open","sticky":false,"template":"","format":"standard","meta":{"footnotes":""},"categories":[81,101],"tags":[],"class_list":["post-74080","post","type-post","status-publish","format-standard","has-post-thumbnail","hentry","category-kibris","category-manset"],"yoast_head":"<!-- This site is optimized with the Yoast SEO plugin v27.5 - https:\/\/yoast.com\/product\/yoast-seo-wordpress\/ -->\n<title>Denizde f\u0131rt\u0131nams\u0131 r\u00fczgar bekleniyor -<\/title>\n<meta name=\"robots\" content=\"index, follow, max-snippet:-1, max-image-preview:large, max-video-preview:-1\" \/>\n<link rel=\"canonical\" href=\"https:\/\/kibrisdakik.com\/?p=74080\" \/>\n<meta property=\"og:locale\" content=\"tr_TR\" \/>\n<meta property=\"og:type\" content=\"article\" \/>\n<meta property=\"og:title\" content=\"Denizde f\u0131rt\u0131nams\u0131 r\u00fczgar bekleniyor -\" \/>\n<meta property=\"og:description\" content=\"Meteoroloji Dairesi, b\u00f6lge denizlerinden Taurus\u2019ta f\u0131rt\u0131nams\u0131 r\u00fczgar beklendi\u011fini duyurdu. Daire\u2019den yap\u0131lan a\u00e7\u0131klamada, r\u00fczgar\u0131n yar\u0131n sabah 04.00\u2019ten per\u015fembe sabah\u0131 08.00\u2019e kadar etkili olaca\u011f\u0131 kaydedildi. A\u00e7\u0131klamada, \u201cB\u00f6lgemiz denizlerinden Do\u011fu Taurus\u2019ta kuzey ve do\u011fu, Bat\u0131 Taurus\u2019ta g\u00fcney ve do\u011fu y\u00f6nlerden esmekte olan r\u00fczgar\u0131n zamanla kuvvetlenerek \u20187\u2019 kuvvetinde ve \u2018f\u0131rt\u0131nams\u0131 r\u00fczgar\u2019 \u015feklinde esmesi beklenmektedir.\u201d denildi.\" \/>\n<meta property=\"og:url\" content=\"https:\/\/kibrisdakik.com\/?p=74080\" \/>\n<meta property=\"article:published_time\" content=\"2025-01-21T18:58:30+00:00\" \/>\n<meta property=\"og:image\" content=\"https:\/\/kibrisdakik.com\/wp-content\/uploads\/2024\/05\/deniz-firtina.jpg\" \/>\n\t<meta property=\"og:image:width\" content=\"660\" \/>\n\t<meta property=\"og:image:height\" content=\"387\" \/>\n\t<meta property=\"og:image:type\" content=\"image\/jpeg\" \/>\n<meta name=\"author\" content=\"admin\" \/>\n<meta name=\"twitter:card\" content=\"summary_large_image\" \/>\n<meta name=\"twitter:label1\" content=\"Yazan:\" \/>\n\t<meta name=\"twitter:data1\" content=\"admin\" \/>\n<script type=\"application\/ld+json\" class=\"yoast-schema-graph\">{\"@context\":\"https:\\\/\\\/schema.org\",\"@graph\":[{\"@type\":\"Article\",\"@id\":\"https:\\\/\\\/kibrisdakik.com\\\/?p=74080#article\",\"isPartOf\":{\"@id\":\"https:\\\/\\\/kibrisdakik.com\\\/?p=74080\"},\"author\":{\"name\":\"admin\",\"@id\":\"https:\\\/\\\/kibrisdakik.com\\\/#\\\/schema\\\/person\\\/9cd9d437bbb44f72b73ba127e06d8e79\"},\"headline\":\"Denizde f\u0131rt\u0131nams\u0131 r\u00fczgar bekleniyor\",\"datePublished\":\"2025-01-21T18:58:30+00:00\",\"mainEntityOfPage\":{\"@id\":\"https:\\\/\\\/kibrisdakik.com\\\/?p=74080\"},\"wordCount\":84,\"commentCount\":0,\"image\":{\"@id\":\"https:\\\/\\\/kibrisdakik.com\\\/?p=74080#primaryimage\"},\"thumbnailUrl\":\"https:\\\/\\\/kibrisdakik.com\\\/wp-content\\\/uploads\\\/2024\\\/05\\\/deniz-firtina.jpg\",\"articleSection\":[\"K\u0131br\u0131s\",\"Man\u015fet\"],\"inLanguage\":\"tr\",\"potentialAction\":[{\"@type\":\"CommentAction\",\"name\":\"Comment\",\"target\":[\"https:\\\/\\\/kibrisdakik.com\\\/?p=74080#respond\"]}]},{\"@type\":\"WebPage\",\"@id\":\"https:\\\/\\\/kibrisdakik.com\\\/?p=74080\",\"url\":\"https:\\\/\\\/kibrisdakik.com\\\/?p=74080\",\"name\":\"Denizde f\u0131rt\u0131nams\u0131 r\u00fczgar bekleniyor -\",\"isPartOf\":{\"@id\":\"https:\\\/\\\/kibrisdakik.com\\\/#website\"},\"primaryImageOfPage\":{\"@id\":\"https:\\\/\\\/kibrisdakik.com\\\/?p=74080#primaryimage\"},\"image\":{\"@id\":\"https:\\\/\\\/kibrisdakik.com\\\/?p=74080#primaryimage\"},\"thumbnailUrl\":\"https:\\\/\\\/kibrisdakik.com\\\/wp-content\\\/uploads\\\/2024\\\/05\\\/deniz-firtina.jpg\",\"datePublished\":\"2025-01-21T18:58:30+00:00\",\"author\":{\"@id\":\"https:\\\/\\\/kibrisdakik.com\\\/#\\\/schema\\\/person\\\/9cd9d437bbb44f72b73ba127e06d8e79\"},\"breadcrumb\":{\"@id\":\"https:\\\/\\\/kibrisdakik.com\\\/?p=74080#breadcrumb\"},\"inLanguage\":\"tr\",\"potentialAction\":[{\"@type\":\"ReadAction\",\"target\":[\"https:\\\/\\\/kibrisdakik.com\\\/?p=74080\"]}]},{\"@type\":\"ImageObject\",\"inLanguage\":\"tr\",\"@id\":\"https:\\\/\\\/kibrisdakik.com\\\/?p=74080#primaryimage\",\"url\":\"https:\\\/\\\/kibrisdakik.com\\\/wp-content\\\/uploads\\\/2024\\\/05\\\/deniz-firtina.jpg\",\"contentUrl\":\"https:\\\/\\\/kibrisdakik.com\\\/wp-content\\\/uploads\\\/2024\\\/05\\\/deniz-firtina.jpg\",\"width\":660,\"height\":387},{\"@type\":\"BreadcrumbList\",\"@id\":\"https:\\\/\\\/kibrisdakik.com\\\/?p=74080#breadcrumb\",\"itemListElement\":[{\"@type\":\"ListItem\",\"position\":1,\"name\":\"Home\",\"item\":\"https:\\\/\\\/kibrisdakik.com\\\/\"},{\"@type\":\"ListItem\",\"position\":2,\"name\":\"Denizde f\u0131rt\u0131nams\u0131 r\u00fczgar bekleniyor\"}]},{\"@type\":\"WebSite\",\"@id\":\"https:\\\/\\\/kibrisdakik.com\\\/#website\",\"url\":\"https:\\\/\\\/kibrisdakik.com\\\/\",\"name\":\"\",\"description\":\"Tam vaktinde haber\",\"potentialAction\":[{\"@type\":\"SearchAction\",\"target\":{\"@type\":\"EntryPoint\",\"urlTemplate\":\"https:\\\/\\\/kibrisdakik.com\\\/?s={search_term_string}\"},\"query-input\":{\"@type\":\"PropertyValueSpecification\",\"valueRequired\":true,\"valueName\":\"search_term_string\"}}],\"inLanguage\":\"tr\"},{\"@type\":\"Person\",\"@id\":\"https:\\\/\\\/kibrisdakik.com\\\/#\\\/schema\\\/person\\\/9cd9d437bbb44f72b73ba127e06d8e79\",\"name\":\"admin\",\"image\":{\"@type\":\"ImageObject\",\"inLanguage\":\"tr\",\"@id\":\"https:\\\/\\\/secure.gravatar.com\\\/avatar\\\/ccc17943b9d660506c869530f897617f7cb1c21a4bf30023f252596d83e1f007?s=96&d=mm&r=g\",\"url\":\"https:\\\/\\\/secure.gravatar.com\\\/avatar\\\/ccc17943b9d660506c869530f897617f7cb1c21a4bf30023f252596d83e1f007?s=96&d=mm&r=g\",\"contentUrl\":\"https:\\\/\\\/secure.gravatar.com\\\/avatar\\\/ccc17943b9d660506c869530f897617f7cb1c21a4bf30023f252596d83e1f007?s=96&d=mm&r=g\",\"caption\":\"admin\"},\"sameAs\":[\"https:\\\/\\\/kibrisdakik.com\"],\"url\":\"https:\\\/\\\/kibrisdakik.com\\\/?author=1\"}]}<\/script>\n<!-- \/ Yoast SEO plugin. -->","yoast_head_json":{"title":"Denizde f\u0131rt\u0131nams\u0131 r\u00fczgar bekleniyor -","robots":{"index":"index","follow":"follow","max-snippet":"max-snippet:-1","max-image-preview":"max-image-preview:large","max-video-preview":"max-video-preview:-1"},"canonical":"https:\/\/kibrisdakik.com\/?p=74080","og_locale":"tr_TR","og_type":"article","og_title":"Denizde f\u0131rt\u0131nams\u0131 r\u00fczgar bekleniyor -","og_description":"Meteoroloji Dairesi, b\u00f6lge denizlerinden Taurus\u2019ta f\u0131rt\u0131nams\u0131 r\u00fczgar beklendi\u011fini duyurdu. Daire\u2019den yap\u0131lan a\u00e7\u0131klamada, r\u00fczgar\u0131n yar\u0131n sabah 04.00\u2019ten per\u015fembe sabah\u0131 08.00\u2019e kadar etkili olaca\u011f\u0131 kaydedildi. A\u00e7\u0131klamada, \u201cB\u00f6lgemiz denizlerinden Do\u011fu Taurus\u2019ta kuzey ve do\u011fu, Bat\u0131 Taurus\u2019ta g\u00fcney ve do\u011fu y\u00f6nlerden esmekte olan r\u00fczgar\u0131n zamanla kuvvetlenerek \u20187\u2019 kuvvetinde ve \u2018f\u0131rt\u0131nams\u0131 r\u00fczgar\u2019 \u015feklinde esmesi beklenmektedir.\u201d denildi.","og_url":"https:\/\/kibrisdakik.com\/?p=74080","article_published_time":"2025-01-21T18:58:30+00:00","og_image":[{"width":660,"height":387,"url":"https:\/\/kibrisdakik.com\/wp-content\/uploads\/2024\/05\/deniz-firtina.jpg","type":"image\/jpeg"}],"author":"admin","twitter_card":"summary_large_image","twitter_misc":{"Yazan:":"admin"},"schema":{"@context":"https:\/\/schema.org","@graph":[{"@type":"Article","@id":"https:\/\/kibrisdakik.com\/?p=74080#article","isPartOf":{"@id":"https:\/\/kibrisdakik.com\/?p=74080"},"author":{"name":"admin","@id":"https:\/\/kibrisdakik.com\/#\/schema\/person\/9cd9d437bbb44f72b73ba127e06d8e79"},"headline":"Denizde f\u0131rt\u0131nams\u0131 r\u00fczgar bekleniyor","datePublished":"2025-01-21T18:58:30+00:00","mainEntityOfPage":{"@id":"https:\/\/kibrisdakik.com\/?p=74080"},"wordCount":84,"commentCount":0,"image":{"@id":"https:\/\/kibrisdakik.com\/?p=74080#primaryimage"},"thumbnailUrl":"https:\/\/kibrisdakik.com\/wp-content\/uploads\/2024\/05\/deniz-firtina.jpg","articleSection":["K\u0131br\u0131s","Man\u015fet"],"inLanguage":"tr","potentialAction":[{"@type":"CommentAction","name":"Comment","target":["https:\/\/kibrisdakik.com\/?p=74080#respond"]}]},{"@type":"WebPage","@id":"https:\/\/kibrisdakik.com\/?p=74080","url":"https:\/\/kibrisdakik.com\/?p=74080","name":"Denizde f\u0131rt\u0131nams\u0131 r\u00fczgar bekleniyor -","isPartOf":{"@id":"https:\/\/kibrisdakik.com\/#website"},"primaryImageOfPage":{"@id":"https:\/\/kibrisdakik.com\/?p=74080#primaryimage"},"image":{"@id":"https:\/\/kibrisdakik.com\/?p=74080#primaryimage"},"thumbnailUrl":"https:\/\/kibrisdakik.com\/wp-content\/uploads\/2024\/05\/deniz-firtina.jpg","datePublished":"2025-01-21T18:58:30+00:00","author":{"@id":"https:\/\/kibrisdakik.com\/#\/schema\/person\/9cd9d437bbb44f72b73ba127e06d8e79"},"breadcrumb":{"@id":"https:\/\/kibrisdakik.com\/?p=74080#breadcrumb"},"inLanguage":"tr","potentialAction":[{"@type":"ReadAction","target":["https:\/\/kibrisdakik.com\/?p=74080"]}]},{"@type":"ImageObject","inLanguage":"tr","@id":"https:\/\/kibrisdakik.com\/?p=74080#primaryimage","url":"https:\/\/kibrisdakik.com\/wp-content\/uploads\/2024\/05\/deniz-firtina.jpg","contentUrl":"https:\/\/kibrisdakik.com\/wp-content\/uploads\/2024\/05\/deniz-firtina.jpg","width":660,"height":387},{"@type":"BreadcrumbList","@id":"https:\/\/kibrisdakik.com\/?p=74080#breadcrumb","itemListElement":[{"@type":"ListItem","position":1,"name":"Home","item":"https:\/\/kibrisdakik.com\/"},{"@type":"ListItem","position":2,"name":"Denizde f\u0131rt\u0131nams\u0131 r\u00fczgar bekleniyor"}]},{"@type":"WebSite","@id":"https:\/\/kibrisdakik.com\/#website","url":"https:\/\/kibrisdakik.com\/","name":"","description":"Tam vaktinde haber","potentialAction":[{"@type":"SearchAction","target":{"@type":"EntryPoint","urlTemplate":"https:\/\/kibrisdakik.com\/?s={search_term_string}"},"query-input":{"@type":"PropertyValueSpecification","valueRequired":true,"valueName":"search_term_string"}}],"inLanguage":"tr"},{"@type":"Person","@id":"https:\/\/kibrisdakik.com\/#\/schema\/person\/9cd9d437bbb44f72b73ba127e06d8e79","name":"admin","image":{"@type":"ImageObject","inLanguage":"tr","@id":"https:\/\/secure.gravatar.com\/avatar\/ccc17943b9d660506c869530f897617f7cb1c21a4bf30023f252596d83e1f007?s=96&d=mm&r=g","url":"https:\/\/secure.gravatar.com\/avatar\/ccc17943b9d660506c869530f897617f7cb1c21a4bf30023f252596d83e1f007?s=96&d=mm&r=g","contentUrl":"https:\/\/secure.gravatar.com\/avatar\/ccc17943b9d660506c869530f897617f7cb1c21a4bf30023f252596d83e1f007?s=96&d=mm&r=g","caption":"admin"},"sameAs":["https:\/\/kibrisdakik.com"],"url":"https:\/\/kibrisdakik.com\/?author=1"}]}},"_links":{"self":[{"href":"https:\/\/kibrisdakik.com\/index.php?rest_route=\/wp\/v2\/posts\/74080","targetHints":{"allow":["GET"]}}],"collection":[{"href":"https:\/\/kibrisdakik.com\/index.php?rest_route=\/wp\/v2\/posts"}],"about":[{"href":"https:\/\/kibrisdakik.com\/index.php?rest_route=\/wp\/v2\/types\/post"}],"author":[{"embeddable":true,"href":"https:\/\/kibrisdakik.com\/index.php?rest_route=\/wp\/v2\/users\/1"}],"replies":[{"embeddable":true,"href":"https:\/\/kibrisdakik.com\/index.php?rest_route=%2Fwp%2Fv2%2Fcomments&post=74080"}],"version-history":[{"count":0,"href":"https:\/\/kibrisdakik.com\/index.php?rest_route=\/wp\/v2\/posts\/74080\/revisions"}],"wp:featuredmedia":[{"embeddable":true,"href":"https:\/\/kibrisdakik.com\/index.php?rest_route=\/wp\/v2\/media\/40034"}],"wp:attachment":[{"href":"https:\/\/kibrisdakik.com\/index.php?rest_route=%2Fwp%2Fv2%2Fmedia&parent=74080"}],"wp:term":[{"taxonomy":"category","embeddable":true,"href":"https:\/\/kibrisdakik.com\/index.php?rest_route=%2Fwp%2Fv2%2Fcategories&post=74080"},{"taxonomy":"post_tag","embeddable":true,"href":"https:\/\/kibrisdakik.com\/index.php?rest_route=%2Fwp%2Fv2%2Ftags&post=74080"}],"curies":[{"name":"wp","href":"https:\/\/api.w.org\/{rel}","templated":true}]}}