{"id":74085,"date":"2025-01-22T06:15:19","date_gmt":"2025-01-22T03:15:19","guid":{"rendered":"https:\/\/kibrisdakik.com\/index.php\/2025\/01\/22\/yasin-ekrem-serim-yakin-zamanda-kibris-turku-kardeslerimizi-e-devlet-kapisi-mobil-uygulamasi-ile-bulusturacagiz\/"},"modified":"2025-01-22T06:15:19","modified_gmt":"2025-01-22T03:15:19","slug":"yasin-ekrem-serim-yakin-zamanda-kibris-turku-kardeslerimizi-e-devlet-kapisi-mobil-uygulamasi-ile-bulusturacagiz","status":"publish","type":"post","link":"https:\/\/kibrisdakik.com\/?p=74085","title":{"rendered":"Yasin Ekrem Serim: Yak\u0131n zamanda K\u0131br\u0131s T\u00fcrk\u00fc karde\u015flerimizi e-Devlet Kap\u0131s\u0131 mobil uygulamas\u0131 ile bulu\u015fturaca\u011f\u0131z"},"content":{"rendered":"<div>\n<div class=\"mariselle-image-container center\">\n                                            <\/div>\n<p>T\u00fcrkiye\u2019nin Lefko\u015fa B\u00fcy\u00fckel\u00e7isi Yasin Ekrem Serim, sosyal medya hesab\u0131 \u00fczerinden bir a\u00e7\u0131klama yaparak, yak\u0131n zamanda e-Devlet Kap\u0131s\u0131 mobil uygulamas\u0131n\u0131n hayata ge\u00e7irilece\u011finin m\u00fcjdesini verdi. <\/p>\n<p>Yasin Ekrem Serim, \u201cT\u00fcrkiye Cumhuriyeti olarak, dijitalle\u015fme yolunda ula\u015ft\u0131\u011f\u0131m\u0131z geli\u015fmi\u015flik seviyesini K\u0131br\u0131s T\u00fcrk\u00fc karde\u015flerimizle payla\u015fmak i\u00e7in bug\u00fcne kadar yakla\u015f\u0131k 779 milyon TL destek sa\u011flad\u0131k. KKTC kamu kurum ve kurulu\u015flar\u0131n\u0131n dijitalle\u015ftirilmesi ile birlikte kamu hizmetlerinde zaman ve kaynak tasarrufunun sa\u011flanaca\u011f\u0131n\u0131 de\u011ferli muhtar\u0131m\u0131zla payla\u015ft\u0131k\u201d dedi.<\/p>\n<p>\u201cKKTC h\u00fck\u00fcmeti ve ilgili kurumlarla beraber, n\u00fcfus ve vatanda\u015fl\u0131k hizmetlerinden g\u00fcmr\u00fck i\u015flemlerine, hastane randevular\u0131ndan konsolosluk hizmetlerine uzanan geni\u015f bir yelpazedeki dijitalle\u015fme projelerini y\u00fcr\u00fct\u00fcyoruz\u201d ifadelerini kullanan Serim, \u015f\u00f6yle devam etti:<\/p>\n<p>\u201cK\u0131br\u0131s T\u00fcrk\u00fc karde\u015flerimizi hak ettikleri modern, kullan\u0131c\u0131 dostu ve etkin dijital imkanlarla bulu\u015fturarak, g\u00fcnl\u00fck hayatlar\u0131n\u0131n hissedilir bi\u00e7imde ferahlam\u0131\u015f olaca\u011f\u0131na inan\u0131yoruz. Buradan sizlerle yak\u0131n zamanda K\u0131br\u0131s T\u00fcrk\u00fc karde\u015flerimizi e-Devlet Kap\u0131s\u0131 mobil uygulamas\u0131 ile bulu\u015fturaca\u011f\u0131m\u0131z\u0131n m\u00fcjdesini de payla\u015fmak isterim.\u201d<\/p>\n<\/p><\/div>\n<p><script async\n                    defer\n                    crossorigin=\"anonymous\"\n                    src=\"https:\/\/connect.facebook.net\/tr_TR\/sdk.js#xfbml=1&#038;version=v3.3\"\n            ><\/script><\/p>\n","protected":false},"excerpt":{"rendered":"<p>T\u00fcrkiye\u2019nin Lefko\u015fa B\u00fcy\u00fckel\u00e7isi Yasin Ekrem Serim, sosyal medya hesab\u0131 \u00fczerinden bir a\u00e7\u0131klama yaparak, yak\u0131n zamanda e-Devlet Kap\u0131s\u0131 mobil uygulamas\u0131n\u0131n hayata ge\u00e7irilece\u011finin m\u00fcjdesini verdi. Yasin Ekrem Serim, \u201cT\u00fcrkiye Cumhuriyeti olarak, dijitalle\u015fme yolunda ula\u015ft\u0131\u011f\u0131m\u0131z geli\u015fmi\u015flik seviyesini K\u0131br\u0131s T\u00fcrk\u00fc karde\u015flerimizle payla\u015fmak i\u00e7in bug\u00fcne kadar yakla\u015f\u0131k 779 milyon TL destek sa\u011flad\u0131k. KKTC kamu kurum ve kurulu\u015flar\u0131n\u0131n dijitalle\u015ftirilmesi ile birlikte<\/p>\n","protected":false},"author":1,"featured_media":74086,"comment_status":"open","ping_status":"open","sticky":false,"template":"","format":"standard","meta":{"footnotes":""},"categories":[81,101],"tags":[],"class_list":["post-74085","post","type-post","status-publish","format-standard","has-post-thumbnail","hentry","category-kibris","category-manset"],"yoast_head":"<!-- This site is optimized with the Yoast SEO plugin v27.4 - https:\/\/yoast.com\/product\/yoast-seo-wordpress\/ -->\n<title>Yasin Ekrem Serim: Yak\u0131n zamanda K\u0131br\u0131s T\u00fcrk\u00fc karde\u015flerimizi e-Devlet Kap\u0131s\u0131 mobil uygulamas\u0131 ile bulu\u015fturaca\u011f\u0131z -<\/title>\n<meta name=\"robots\" content=\"index, follow, max-snippet:-1, max-image-preview:large, max-video-preview:-1\" \/>\n<link rel=\"canonical\" href=\"https:\/\/kibrisdakik.com\/?p=74085\" \/>\n<meta property=\"og:locale\" content=\"tr_TR\" \/>\n<meta property=\"og:type\" content=\"article\" \/>\n<meta property=\"og:title\" content=\"Yasin Ekrem Serim: Yak\u0131n zamanda K\u0131br\u0131s T\u00fcrk\u00fc karde\u015flerimizi e-Devlet Kap\u0131s\u0131 mobil uygulamas\u0131 ile bulu\u015fturaca\u011f\u0131z -\" \/>\n<meta property=\"og:description\" content=\"T\u00fcrkiye\u2019nin Lefko\u015fa B\u00fcy\u00fckel\u00e7isi Yasin Ekrem Serim, sosyal medya hesab\u0131 \u00fczerinden bir a\u00e7\u0131klama yaparak, yak\u0131n zamanda e-Devlet Kap\u0131s\u0131 mobil uygulamas\u0131n\u0131n hayata ge\u00e7irilece\u011finin m\u00fcjdesini verdi. Yasin Ekrem Serim, \u201cT\u00fcrkiye Cumhuriyeti olarak, dijitalle\u015fme yolunda ula\u015ft\u0131\u011f\u0131m\u0131z geli\u015fmi\u015flik seviyesini K\u0131br\u0131s T\u00fcrk\u00fc karde\u015flerimizle payla\u015fmak i\u00e7in bug\u00fcne kadar yakla\u015f\u0131k 779 milyon TL destek sa\u011flad\u0131k. KKTC kamu kurum ve kurulu\u015flar\u0131n\u0131n dijitalle\u015ftirilmesi ile birlikte\" \/>\n<meta property=\"og:url\" content=\"https:\/\/kibrisdakik.com\/?p=74085\" \/>\n<meta property=\"article:published_time\" content=\"2025-01-22T03:15:19+00:00\" \/>\n<meta property=\"og:image\" content=\"https:\/\/kibrisdakik.com\/wp-content\/uploads\/2025\/01\/FB_IMG_1737512815496-740x420.jpg\" \/>\n\t<meta property=\"og:image:width\" content=\"1080\" \/>\n\t<meta property=\"og:image:height\" content=\"810\" \/>\n\t<meta property=\"og:image:type\" content=\"image\/jpeg\" \/>\n<meta name=\"author\" content=\"admin\" \/>\n<meta name=\"twitter:card\" content=\"summary_large_image\" \/>\n<meta name=\"twitter:label1\" content=\"Yazan:\" \/>\n\t<meta name=\"twitter:data1\" content=\"admin\" \/>\n\t<meta name=\"twitter:label2\" content=\"Tahmini okuma s\u00fcresi\" \/>\n\t<meta name=\"twitter:data2\" content=\"1 dakika\" \/>\n<script type=\"application\/ld+json\" class=\"yoast-schema-graph\">{\"@context\":\"https:\\\/\\\/schema.org\",\"@graph\":[{\"@type\":\"Article\",\"@id\":\"https:\\\/\\\/kibrisdakik.com\\\/?p=74085#article\",\"isPartOf\":{\"@id\":\"https:\\\/\\\/kibrisdakik.com\\\/?p=74085\"},\"author\":{\"name\":\"admin\",\"@id\":\"https:\\\/\\\/kibrisdakik.com\\\/#\\\/schema\\\/person\\\/9cd9d437bbb44f72b73ba127e06d8e79\"},\"headline\":\"Yasin Ekrem Serim: Yak\u0131n zamanda K\u0131br\u0131s T\u00fcrk\u00fc karde\u015flerimizi e-Devlet Kap\u0131s\u0131 mobil uygulamas\u0131 ile bulu\u015fturaca\u011f\u0131z\",\"datePublished\":\"2025-01-22T03:15:19+00:00\",\"mainEntityOfPage\":{\"@id\":\"https:\\\/\\\/kibrisdakik.com\\\/?p=74085\"},\"wordCount\":233,\"commentCount\":0,\"image\":{\"@id\":\"https:\\\/\\\/kibrisdakik.com\\\/?p=74085#primaryimage\"},\"thumbnailUrl\":\"https:\\\/\\\/kibrisdakik.com\\\/wp-content\\\/uploads\\\/2025\\\/01\\\/FB_IMG_1737512815496-740x420.jpg\",\"articleSection\":[\"K\u0131br\u0131s\",\"Man\u015fet\"],\"inLanguage\":\"tr\",\"potentialAction\":[{\"@type\":\"CommentAction\",\"name\":\"Comment\",\"target\":[\"https:\\\/\\\/kibrisdakik.com\\\/?p=74085#respond\"]}]},{\"@type\":\"WebPage\",\"@id\":\"https:\\\/\\\/kibrisdakik.com\\\/?p=74085\",\"url\":\"https:\\\/\\\/kibrisdakik.com\\\/?p=74085\",\"name\":\"Yasin Ekrem Serim: Yak\u0131n zamanda K\u0131br\u0131s T\u00fcrk\u00fc karde\u015flerimizi e-Devlet Kap\u0131s\u0131 mobil uygulamas\u0131 ile bulu\u015fturaca\u011f\u0131z -\",\"isPartOf\":{\"@id\":\"https:\\\/\\\/kibrisdakik.com\\\/#website\"},\"primaryImageOfPage\":{\"@id\":\"https:\\\/\\\/kibrisdakik.com\\\/?p=74085#primaryimage\"},\"image\":{\"@id\":\"https:\\\/\\\/kibrisdakik.com\\\/?p=74085#primaryimage\"},\"thumbnailUrl\":\"https:\\\/\\\/kibrisdakik.com\\\/wp-content\\\/uploads\\\/2025\\\/01\\\/FB_IMG_1737512815496-740x420.jpg\",\"datePublished\":\"2025-01-22T03:15:19+00:00\",\"author\":{\"@id\":\"https:\\\/\\\/kibrisdakik.com\\\/#\\\/schema\\\/person\\\/9cd9d437bbb44f72b73ba127e06d8e79\"},\"breadcrumb\":{\"@id\":\"https:\\\/\\\/kibrisdakik.com\\\/?p=74085#breadcrumb\"},\"inLanguage\":\"tr\",\"potentialAction\":[{\"@type\":\"ReadAction\",\"target\":[\"https:\\\/\\\/kibrisdakik.com\\\/?p=74085\"]}]},{\"@type\":\"ImageObject\",\"inLanguage\":\"tr\",\"@id\":\"https:\\\/\\\/kibrisdakik.com\\\/?p=74085#primaryimage\",\"url\":\"https:\\\/\\\/kibrisdakik.com\\\/wp-content\\\/uploads\\\/2025\\\/01\\\/FB_IMG_1737512815496-740x420.jpg\",\"contentUrl\":\"https:\\\/\\\/kibrisdakik.com\\\/wp-content\\\/uploads\\\/2025\\\/01\\\/FB_IMG_1737512815496-740x420.jpg\",\"width\":1080,\"height\":810},{\"@type\":\"BreadcrumbList\",\"@id\":\"https:\\\/\\\/kibrisdakik.com\\\/?p=74085#breadcrumb\",\"itemListElement\":[{\"@type\":\"ListItem\",\"position\":1,\"name\":\"Home\",\"item\":\"https:\\\/\\\/kibrisdakik.com\\\/\"},{\"@type\":\"ListItem\",\"position\":2,\"name\":\"Yasin Ekrem Serim: Yak\u0131n zamanda K\u0131br\u0131s T\u00fcrk\u00fc karde\u015flerimizi e-Devlet Kap\u0131s\u0131 mobil uygulamas\u0131 ile bulu\u015fturaca\u011f\u0131z\"}]},{\"@type\":\"WebSite\",\"@id\":\"https:\\\/\\\/kibrisdakik.com\\\/#website\",\"url\":\"https:\\\/\\\/kibrisdakik.com\\\/\",\"name\":\"\",\"description\":\"Tam vaktinde haber\",\"potentialAction\":[{\"@type\":\"SearchAction\",\"target\":{\"@type\":\"EntryPoint\",\"urlTemplate\":\"https:\\\/\\\/kibrisdakik.com\\\/?s={search_term_string}\"},\"query-input\":{\"@type\":\"PropertyValueSpecification\",\"valueRequired\":true,\"valueName\":\"search_term_string\"}}],\"inLanguage\":\"tr\"},{\"@type\":\"Person\",\"@id\":\"https:\\\/\\\/kibrisdakik.com\\\/#\\\/schema\\\/person\\\/9cd9d437bbb44f72b73ba127e06d8e79\",\"name\":\"admin\",\"image\":{\"@type\":\"ImageObject\",\"inLanguage\":\"tr\",\"@id\":\"https:\\\/\\\/secure.gravatar.com\\\/avatar\\\/ccc17943b9d660506c869530f897617f7cb1c21a4bf30023f252596d83e1f007?s=96&d=mm&r=g\",\"url\":\"https:\\\/\\\/secure.gravatar.com\\\/avatar\\\/ccc17943b9d660506c869530f897617f7cb1c21a4bf30023f252596d83e1f007?s=96&d=mm&r=g\",\"contentUrl\":\"https:\\\/\\\/secure.gravatar.com\\\/avatar\\\/ccc17943b9d660506c869530f897617f7cb1c21a4bf30023f252596d83e1f007?s=96&d=mm&r=g\",\"caption\":\"admin\"},\"sameAs\":[\"https:\\\/\\\/kibrisdakik.com\"],\"url\":\"https:\\\/\\\/kibrisdakik.com\\\/?author=1\"}]}<\/script>\n<!-- \/ Yoast SEO plugin. -->","yoast_head_json":{"title":"Yasin Ekrem Serim: Yak\u0131n zamanda K\u0131br\u0131s T\u00fcrk\u00fc karde\u015flerimizi e-Devlet Kap\u0131s\u0131 mobil uygulamas\u0131 ile bulu\u015fturaca\u011f\u0131z -","robots":{"index":"index","follow":"follow","max-snippet":"max-snippet:-1","max-image-preview":"max-image-preview:large","max-video-preview":"max-video-preview:-1"},"canonical":"https:\/\/kibrisdakik.com\/?p=74085","og_locale":"tr_TR","og_type":"article","og_title":"Yasin Ekrem Serim: Yak\u0131n zamanda K\u0131br\u0131s T\u00fcrk\u00fc karde\u015flerimizi e-Devlet Kap\u0131s\u0131 mobil uygulamas\u0131 ile bulu\u015fturaca\u011f\u0131z -","og_description":"T\u00fcrkiye\u2019nin Lefko\u015fa B\u00fcy\u00fckel\u00e7isi Yasin Ekrem Serim, sosyal medya hesab\u0131 \u00fczerinden bir a\u00e7\u0131klama yaparak, yak\u0131n zamanda e-Devlet Kap\u0131s\u0131 mobil uygulamas\u0131n\u0131n hayata ge\u00e7irilece\u011finin m\u00fcjdesini verdi. Yasin Ekrem Serim, \u201cT\u00fcrkiye Cumhuriyeti olarak, dijitalle\u015fme yolunda ula\u015ft\u0131\u011f\u0131m\u0131z geli\u015fmi\u015flik seviyesini K\u0131br\u0131s T\u00fcrk\u00fc karde\u015flerimizle payla\u015fmak i\u00e7in bug\u00fcne kadar yakla\u015f\u0131k 779 milyon TL destek sa\u011flad\u0131k. KKTC kamu kurum ve kurulu\u015flar\u0131n\u0131n dijitalle\u015ftirilmesi ile birlikte","og_url":"https:\/\/kibrisdakik.com\/?p=74085","article_published_time":"2025-01-22T03:15:19+00:00","og_image":[{"width":1080,"height":810,"url":"https:\/\/kibrisdakik.com\/wp-content\/uploads\/2025\/01\/FB_IMG_1737512815496-740x420.jpg","type":"image\/jpeg"}],"author":"admin","twitter_card":"summary_large_image","twitter_misc":{"Yazan:":"admin","Tahmini okuma s\u00fcresi":"1 dakika"},"schema":{"@context":"https:\/\/schema.org","@graph":[{"@type":"Article","@id":"https:\/\/kibrisdakik.com\/?p=74085#article","isPartOf":{"@id":"https:\/\/kibrisdakik.com\/?p=74085"},"author":{"name":"admin","@id":"https:\/\/kibrisdakik.com\/#\/schema\/person\/9cd9d437bbb44f72b73ba127e06d8e79"},"headline":"Yasin Ekrem Serim: Yak\u0131n zamanda K\u0131br\u0131s T\u00fcrk\u00fc karde\u015flerimizi e-Devlet Kap\u0131s\u0131 mobil uygulamas\u0131 ile bulu\u015fturaca\u011f\u0131z","datePublished":"2025-01-22T03:15:19+00:00","mainEntityOfPage":{"@id":"https:\/\/kibrisdakik.com\/?p=74085"},"wordCount":233,"commentCount":0,"image":{"@id":"https:\/\/kibrisdakik.com\/?p=74085#primaryimage"},"thumbnailUrl":"https:\/\/kibrisdakik.com\/wp-content\/uploads\/2025\/01\/FB_IMG_1737512815496-740x420.jpg","articleSection":["K\u0131br\u0131s","Man\u015fet"],"inLanguage":"tr","potentialAction":[{"@type":"CommentAction","name":"Comment","target":["https:\/\/kibrisdakik.com\/?p=74085#respond"]}]},{"@type":"WebPage","@id":"https:\/\/kibrisdakik.com\/?p=74085","url":"https:\/\/kibrisdakik.com\/?p=74085","name":"Yasin Ekrem Serim: Yak\u0131n zamanda K\u0131br\u0131s T\u00fcrk\u00fc karde\u015flerimizi e-Devlet Kap\u0131s\u0131 mobil uygulamas\u0131 ile bulu\u015fturaca\u011f\u0131z -","isPartOf":{"@id":"https:\/\/kibrisdakik.com\/#website"},"primaryImageOfPage":{"@id":"https:\/\/kibrisdakik.com\/?p=74085#primaryimage"},"image":{"@id":"https:\/\/kibrisdakik.com\/?p=74085#primaryimage"},"thumbnailUrl":"https:\/\/kibrisdakik.com\/wp-content\/uploads\/2025\/01\/FB_IMG_1737512815496-740x420.jpg","datePublished":"2025-01-22T03:15:19+00:00","author":{"@id":"https:\/\/kibrisdakik.com\/#\/schema\/person\/9cd9d437bbb44f72b73ba127e06d8e79"},"breadcrumb":{"@id":"https:\/\/kibrisdakik.com\/?p=74085#breadcrumb"},"inLanguage":"tr","potentialAction":[{"@type":"ReadAction","target":["https:\/\/kibrisdakik.com\/?p=74085"]}]},{"@type":"ImageObject","inLanguage":"tr","@id":"https:\/\/kibrisdakik.com\/?p=74085#primaryimage","url":"https:\/\/kibrisdakik.com\/wp-content\/uploads\/2025\/01\/FB_IMG_1737512815496-740x420.jpg","contentUrl":"https:\/\/kibrisdakik.com\/wp-content\/uploads\/2025\/01\/FB_IMG_1737512815496-740x420.jpg","width":1080,"height":810},{"@type":"BreadcrumbList","@id":"https:\/\/kibrisdakik.com\/?p=74085#breadcrumb","itemListElement":[{"@type":"ListItem","position":1,"name":"Home","item":"https:\/\/kibrisdakik.com\/"},{"@type":"ListItem","position":2,"name":"Yasin Ekrem Serim: Yak\u0131n zamanda K\u0131br\u0131s T\u00fcrk\u00fc karde\u015flerimizi e-Devlet Kap\u0131s\u0131 mobil uygulamas\u0131 ile bulu\u015fturaca\u011f\u0131z"}]},{"@type":"WebSite","@id":"https:\/\/kibrisdakik.com\/#website","url":"https:\/\/kibrisdakik.com\/","name":"","description":"Tam vaktinde haber","potentialAction":[{"@type":"SearchAction","target":{"@type":"EntryPoint","urlTemplate":"https:\/\/kibrisdakik.com\/?s={search_term_string}"},"query-input":{"@type":"PropertyValueSpecification","valueRequired":true,"valueName":"search_term_string"}}],"inLanguage":"tr"},{"@type":"Person","@id":"https:\/\/kibrisdakik.com\/#\/schema\/person\/9cd9d437bbb44f72b73ba127e06d8e79","name":"admin","image":{"@type":"ImageObject","inLanguage":"tr","@id":"https:\/\/secure.gravatar.com\/avatar\/ccc17943b9d660506c869530f897617f7cb1c21a4bf30023f252596d83e1f007?s=96&d=mm&r=g","url":"https:\/\/secure.gravatar.com\/avatar\/ccc17943b9d660506c869530f897617f7cb1c21a4bf30023f252596d83e1f007?s=96&d=mm&r=g","contentUrl":"https:\/\/secure.gravatar.com\/avatar\/ccc17943b9d660506c869530f897617f7cb1c21a4bf30023f252596d83e1f007?s=96&d=mm&r=g","caption":"admin"},"sameAs":["https:\/\/kibrisdakik.com"],"url":"https:\/\/kibrisdakik.com\/?author=1"}]}},"_links":{"self":[{"href":"https:\/\/kibrisdakik.com\/index.php?rest_route=\/wp\/v2\/posts\/74085","targetHints":{"allow":["GET"]}}],"collection":[{"href":"https:\/\/kibrisdakik.com\/index.php?rest_route=\/wp\/v2\/posts"}],"about":[{"href":"https:\/\/kibrisdakik.com\/index.php?rest_route=\/wp\/v2\/types\/post"}],"author":[{"embeddable":true,"href":"https:\/\/kibrisdakik.com\/index.php?rest_route=\/wp\/v2\/users\/1"}],"replies":[{"embeddable":true,"href":"https:\/\/kibrisdakik.com\/index.php?rest_route=%2Fwp%2Fv2%2Fcomments&post=74085"}],"version-history":[{"count":0,"href":"https:\/\/kibrisdakik.com\/index.php?rest_route=\/wp\/v2\/posts\/74085\/revisions"}],"wp:featuredmedia":[{"embeddable":true,"href":"https:\/\/kibrisdakik.com\/index.php?rest_route=\/wp\/v2\/media\/74086"}],"wp:attachment":[{"href":"https:\/\/kibrisdakik.com\/index.php?rest_route=%2Fwp%2Fv2%2Fmedia&parent=74085"}],"wp:term":[{"taxonomy":"category","embeddable":true,"href":"https:\/\/kibrisdakik.com\/index.php?rest_route=%2Fwp%2Fv2%2Fcategories&post=74085"},{"taxonomy":"post_tag","embeddable":true,"href":"https:\/\/kibrisdakik.com\/index.php?rest_route=%2Fwp%2Fv2%2Ftags&post=74085"}],"curies":[{"name":"wp","href":"https:\/\/api.w.org\/{rel}","templated":true}]}}