{"id":74087,"date":"2025-01-20T11:18:44","date_gmt":"2025-01-20T08:18:44","guid":{"rendered":"https:\/\/kibrisdakik.com\/index.php\/2025\/01\/20\/gazzeliler-471-gun-sonra-ilk-kez-bombardimansiz-bir-sabaha-uyandi\/"},"modified":"2025-01-20T11:18:44","modified_gmt":"2025-01-20T08:18:44","slug":"gazzeliler-471-gun-sonra-ilk-kez-bombardimansiz-bir-sabaha-uyandi","status":"publish","type":"post","link":"https:\/\/kibrisdakik.com\/?p=74087","title":{"rendered":"Gazzeliler, 471 g\u00fcn sonra ilk kez bombard\u0131mans\u0131z bir sabaha uyand\u0131"},"content":{"rendered":"<p><\/p>\n<div>\n<div class=\"mariselle-image-container center\">\n                <img loading=\"lazy\" decoding=\"async\" width=\"1600\" height=\"900\" class=\"lazy-image\" alt=\"\" sizes=\"auto, (max-width: 1600px) 100vw, 1600px\" src=\"https:\/\/brtk.net\/wp-content\/uploads\/2025\/01\/20\/471-gun-sonra-gazzede-bombardimansiz-ilk-sabah-wzo6.webp?ver=68e8ce1fb00f8cfdb4444c0375fe77ec\" srcset=\"https:\/\/brtk.net\/wp-content\/uploads\/2025\/01\/20\/471-gun-sonra-gazzede-bombardimansiz-ilk-sabah-wzo6.webp?ver=68e8ce1fb00f8cfdb4444c0375fe77ec 1600w, https:\/\/brtk.net\/wp-content\/uploads\/2025\/01\/20\/471-gun-sonra-gazzede-bombardimansiz-ilk-sabah-wzo6-300x169.webp?ver=415896557f6f14cb5cdef28d60d9a812 300w, https:\/\/brtk.net\/wp-content\/uploads\/2025\/01\/20\/471-gun-sonra-gazzede-bombardimansiz-ilk-sabah-wzo6-1024x576.webp?ver=415896557f6f14cb5cdef28d60d9a812 1024w, https:\/\/brtk.net\/wp-content\/uploads\/2025\/01\/20\/471-gun-sonra-gazzede-bombardimansiz-ilk-sabah-wzo6-768x432.webp?ver=415896557f6f14cb5cdef28d60d9a812 768w, https:\/\/brtk.net\/wp-content\/uploads\/2025\/01\/20\/471-gun-sonra-gazzede-bombardimansiz-ilk-sabah-wzo6-1536x864.webp?ver=d5311dc4c25c99d6bdcd2e6b86e28673 1536w\"\/>                            <\/div>\n<p>Gazzeliler, Tel Aviv ile Hamas aras\u0131nda ate\u015fkes ve esir takas\u0131na var\u0131lmas\u0131n\u0131n ard\u0131ndan 7 Ekim 2023\u2019ten bu yana ilk kez \u0130srail ordusunun sald\u0131r\u0131s\u0131 olmadan bir gece ge\u00e7irdi ve bombard\u0131man sesi olmadan uyand\u0131lar.<\/p>\n<p>\u0130srail ile Hamas aras\u0131nda ate\u015fkes ve esir takas\u0131 mutabakat\u0131 d\u00fcn yerel saatle 11.15\u2019te y\u00fcr\u00fcrl\u00fc\u011fe girdi.<br \/>Ate\u015fkesin y\u00fcr\u00fcrl\u00fc\u011fe girmesiyle \u0130srail ordusunun Gazze \u015eeridi\u2019ne 471 g\u00fcnd\u00fcr d\u00fczenledi\u011fi sald\u0131r\u0131lar durdu. Gazzeliler 15 aydan uzun s\u00fcre sonra ilk kez bombalama ve patlama sesi olmadan bir gece ge\u00e7irebildi.<\/p>\n<p>Sald\u0131r\u0131lar ve bombard\u0131man sesleri alt\u0131nda 471 g\u00fcnd\u00fcr hayatta kalma m\u00fccadelesi veren Gazze\u2019deki Filistinliler, bu sabah patlama sesi duymadan uyand\u0131.<\/p>\n<p><strong>\u201cGazzeli \u00e7ocuklar korku veya bombard\u0131man olmadan uyudu\u201d<\/strong><br \/>Gazze\u2019de ya\u015fayan Filistinliler \u0130srail sald\u0131r\u0131s\u0131 olmadan ge\u00e7irdikleri ilk geceye ili\u015fkin sosyal medya hesaplar\u0131ndan payla\u015f\u0131mda bulundu.<\/p>\n<p>Yusuf Hamada isimli Gazzeli, sosyal medya hesab\u0131nda \u201cGazzeli \u00e7ocuklar\u0131n korku veya bombard\u0131man olmadan uyudu\u011fu ilk gece. Allah\u2019a \u015f\u00fck\u00fcrler olsun.\u201d ifadesini kulland\u0131.<\/p>\n<p>Morglar\u0131n \u00f6n\u00fcndeki ac\u0131 bekleyi\u015f son buldu<br \/>\u0130srail\u2019in sald\u0131r\u0131lar\u0131 nedeniyle Gazze\u2019de yakla\u015f\u0131k 17 bin 841\u2019i \u00e7ocuk, 12 bin 298\u2019i kad\u0131n olmak \u00fczere 46 bin 913 Filistinli hayat\u0131n\u0131 kaybetti.<\/p>\n<p>Bu sald\u0131r\u0131larda \u00f6len Filistinliler, hem kay\u0131t alt\u0131na al\u0131nabilmek hem defnedilmek i\u00e7in yak\u0131nlar\u0131 veya sivil savunma ekipleri taraf\u0131ndan b\u00f6lgedeki hastanelere getiriliyordu.<\/p>\n<p>Hayat\u0131n\u0131 kaybeden Filistinliler, defin \u00f6ncesi hastanelerin morglar\u0131na tutuluyordu. \u0130srail\u2019in sald\u0131r\u0131lar\u0131n\u0131n ba\u015flad\u0131\u011f\u0131 7 Ekim\u2019den bu yana Gazze\u2019de binlerce ki\u015fi bu morglar \u00f6n\u00fcnde yak\u0131nlar\u0131n\u0131n yas\u0131n\u0131 tutmu\u015ftu.<\/p>\n<p>Filistinliler, \u0130srail sald\u0131r\u0131lar\u0131n\u0131n durmas\u0131yla 7 Ekim\u2019den bu yana bu gece ilk kez yak\u0131nlar\u0131n\u0131 kaybetmedi ve hastanelerin morglar\u0131 \u00f6n\u00fcnde beklemek zorunda kalmad\u0131.<\/p>\n<p>Gazeteci Ebubekir Abid, Gazze\u2019nin orta kesiminde yer alan Aksa Hastanesine ait morg \u00f6n\u00fcnde kaydetti\u011fi g\u00f6r\u00fcnt\u00fcy\u00fc sosyal medya hesab\u0131ndan payla\u015ft\u0131.<\/p>\n<p>Abid, Aksa Hastanesi morgunun kilitli oldu\u011funu dile getirerek \u201c7 Ekim\u2019den bu yana bu hastanenin morgu ilk kez kilitli. G\u00f6zya\u015flar\u0131 i\u00e7indeyim. Art\u0131k can kayb\u0131 yok, sefalet yok, ceset yok ve yere s\u0131\u00e7rayan kan yok. Bu korkun\u00e7 sahneler art\u0131k yok.\u201d ifadelerini kulland\u0131.<\/p>\n<\/p><\/div>\n<p><script async\n                    defer\n                    crossorigin=\"anonymous\"\n                    src=\"https:\/\/connect.facebook.net\/tr_TR\/sdk.js#xfbml=1&#038;version=v3.3\"\n            ><\/script><\/p>\n","protected":false},"excerpt":{"rendered":"<p>Gazzeliler, Tel Aviv ile Hamas aras\u0131nda ate\u015fkes ve esir takas\u0131na var\u0131lmas\u0131n\u0131n ard\u0131ndan 7 Ekim 2023\u2019ten bu yana ilk kez \u0130srail ordusunun sald\u0131r\u0131s\u0131 olmadan bir gece ge\u00e7irdi ve bombard\u0131man sesi olmadan uyand\u0131lar. \u0130srail ile Hamas aras\u0131nda ate\u015fkes ve esir takas\u0131 mutabakat\u0131 d\u00fcn yerel saatle 11.15\u2019te y\u00fcr\u00fcrl\u00fc\u011fe girdi.Ate\u015fkesin y\u00fcr\u00fcrl\u00fc\u011fe girmesiyle \u0130srail ordusunun Gazze \u015eeridi\u2019ne 471 g\u00fcnd\u00fcr d\u00fczenledi\u011fi<\/p>\n","protected":false},"author":1,"featured_media":74088,"comment_status":"open","ping_status":"open","sticky":false,"template":"","format":"standard","meta":{"footnotes":""},"categories":[1],"tags":[],"class_list":["post-74087","post","type-post","status-publish","format-standard","has-post-thumbnail","hentry","category-gundem"],"yoast_head":"<!-- This site is optimized with the Yoast SEO plugin v27.5 - https:\/\/yoast.com\/product\/yoast-seo-wordpress\/ -->\n<title>Gazzeliler, 471 g\u00fcn sonra ilk kez bombard\u0131mans\u0131z bir sabaha uyand\u0131 -<\/title>\n<meta name=\"robots\" content=\"index, follow, max-snippet:-1, max-image-preview:large, max-video-preview:-1\" \/>\n<link rel=\"canonical\" href=\"https:\/\/kibrisdakik.com\/?p=74087\" \/>\n<meta property=\"og:locale\" content=\"tr_TR\" \/>\n<meta property=\"og:type\" content=\"article\" \/>\n<meta property=\"og:title\" content=\"Gazzeliler, 471 g\u00fcn sonra ilk kez bombard\u0131mans\u0131z bir sabaha uyand\u0131 -\" \/>\n<meta property=\"og:description\" content=\"Gazzeliler, Tel Aviv ile Hamas aras\u0131nda ate\u015fkes ve esir takas\u0131na var\u0131lmas\u0131n\u0131n ard\u0131ndan 7 Ekim 2023\u2019ten bu yana ilk kez \u0130srail ordusunun sald\u0131r\u0131s\u0131 olmadan bir gece ge\u00e7irdi ve bombard\u0131man sesi olmadan uyand\u0131lar. \u0130srail ile Hamas aras\u0131nda ate\u015fkes ve esir takas\u0131 mutabakat\u0131 d\u00fcn yerel saatle 11.15\u2019te y\u00fcr\u00fcrl\u00fc\u011fe girdi.Ate\u015fkesin y\u00fcr\u00fcrl\u00fc\u011fe girmesiyle \u0130srail ordusunun Gazze \u015eeridi\u2019ne 471 g\u00fcnd\u00fcr d\u00fczenledi\u011fi\" \/>\n<meta property=\"og:url\" content=\"https:\/\/kibrisdakik.com\/?p=74087\" \/>\n<meta property=\"article:published_time\" content=\"2025-01-20T08:18:44+00:00\" \/>\n<meta property=\"og:image\" content=\"https:\/\/kibrisdakik.com\/wp-content\/uploads\/2025\/01\/471-gun-sonra-gazzede-bombardimansiz-ilk-sabah-wzo6.webp-740x420.webp\" \/>\n\t<meta property=\"og:image:width\" content=\"1600\" \/>\n\t<meta property=\"og:image:height\" content=\"900\" \/>\n\t<meta property=\"og:image:type\" content=\"image\/webp\" \/>\n<meta name=\"author\" content=\"admin\" \/>\n<meta name=\"twitter:card\" content=\"summary_large_image\" \/>\n<meta name=\"twitter:label1\" content=\"Yazan:\" \/>\n\t<meta name=\"twitter:data1\" content=\"admin\" \/>\n\t<meta name=\"twitter:label2\" content=\"Tahmini okuma s\u00fcresi\" \/>\n\t<meta name=\"twitter:data2\" content=\"2 dakika\" \/>\n<script type=\"application\/ld+json\" class=\"yoast-schema-graph\">{\"@context\":\"https:\\\/\\\/schema.org\",\"@graph\":[{\"@type\":\"Article\",\"@id\":\"https:\\\/\\\/kibrisdakik.com\\\/?p=74087#article\",\"isPartOf\":{\"@id\":\"https:\\\/\\\/kibrisdakik.com\\\/?p=74087\"},\"author\":{\"name\":\"admin\",\"@id\":\"https:\\\/\\\/kibrisdakik.com\\\/#\\\/schema\\\/person\\\/9cd9d437bbb44f72b73ba127e06d8e79\"},\"headline\":\"Gazzeliler, 471 g\u00fcn sonra ilk kez bombard\u0131mans\u0131z bir sabaha uyand\u0131\",\"datePublished\":\"2025-01-20T08:18:44+00:00\",\"mainEntityOfPage\":{\"@id\":\"https:\\\/\\\/kibrisdakik.com\\\/?p=74087\"},\"wordCount\":402,\"commentCount\":0,\"image\":{\"@id\":\"https:\\\/\\\/kibrisdakik.com\\\/?p=74087#primaryimage\"},\"thumbnailUrl\":\"https:\\\/\\\/kibrisdakik.com\\\/wp-content\\\/uploads\\\/2025\\\/01\\\/471-gun-sonra-gazzede-bombardimansiz-ilk-sabah-wzo6.webp-740x420.webp\",\"articleSection\":[\"G\u00fcndem\"],\"inLanguage\":\"tr\",\"potentialAction\":[{\"@type\":\"CommentAction\",\"name\":\"Comment\",\"target\":[\"https:\\\/\\\/kibrisdakik.com\\\/?p=74087#respond\"]}]},{\"@type\":\"WebPage\",\"@id\":\"https:\\\/\\\/kibrisdakik.com\\\/?p=74087\",\"url\":\"https:\\\/\\\/kibrisdakik.com\\\/?p=74087\",\"name\":\"Gazzeliler, 471 g\u00fcn sonra ilk kez bombard\u0131mans\u0131z bir sabaha uyand\u0131 -\",\"isPartOf\":{\"@id\":\"https:\\\/\\\/kibrisdakik.com\\\/#website\"},\"primaryImageOfPage\":{\"@id\":\"https:\\\/\\\/kibrisdakik.com\\\/?p=74087#primaryimage\"},\"image\":{\"@id\":\"https:\\\/\\\/kibrisdakik.com\\\/?p=74087#primaryimage\"},\"thumbnailUrl\":\"https:\\\/\\\/kibrisdakik.com\\\/wp-content\\\/uploads\\\/2025\\\/01\\\/471-gun-sonra-gazzede-bombardimansiz-ilk-sabah-wzo6.webp-740x420.webp\",\"datePublished\":\"2025-01-20T08:18:44+00:00\",\"author\":{\"@id\":\"https:\\\/\\\/kibrisdakik.com\\\/#\\\/schema\\\/person\\\/9cd9d437bbb44f72b73ba127e06d8e79\"},\"breadcrumb\":{\"@id\":\"https:\\\/\\\/kibrisdakik.com\\\/?p=74087#breadcrumb\"},\"inLanguage\":\"tr\",\"potentialAction\":[{\"@type\":\"ReadAction\",\"target\":[\"https:\\\/\\\/kibrisdakik.com\\\/?p=74087\"]}]},{\"@type\":\"ImageObject\",\"inLanguage\":\"tr\",\"@id\":\"https:\\\/\\\/kibrisdakik.com\\\/?p=74087#primaryimage\",\"url\":\"https:\\\/\\\/kibrisdakik.com\\\/wp-content\\\/uploads\\\/2025\\\/01\\\/471-gun-sonra-gazzede-bombardimansiz-ilk-sabah-wzo6.webp-740x420.webp\",\"contentUrl\":\"https:\\\/\\\/kibrisdakik.com\\\/wp-content\\\/uploads\\\/2025\\\/01\\\/471-gun-sonra-gazzede-bombardimansiz-ilk-sabah-wzo6.webp-740x420.webp\",\"width\":1600,\"height\":900},{\"@type\":\"BreadcrumbList\",\"@id\":\"https:\\\/\\\/kibrisdakik.com\\\/?p=74087#breadcrumb\",\"itemListElement\":[{\"@type\":\"ListItem\",\"position\":1,\"name\":\"Home\",\"item\":\"https:\\\/\\\/kibrisdakik.com\\\/\"},{\"@type\":\"ListItem\",\"position\":2,\"name\":\"Gazzeliler, 471 g\u00fcn sonra ilk kez bombard\u0131mans\u0131z bir sabaha uyand\u0131\"}]},{\"@type\":\"WebSite\",\"@id\":\"https:\\\/\\\/kibrisdakik.com\\\/#website\",\"url\":\"https:\\\/\\\/kibrisdakik.com\\\/\",\"name\":\"\",\"description\":\"Tam vaktinde haber\",\"potentialAction\":[{\"@type\":\"SearchAction\",\"target\":{\"@type\":\"EntryPoint\",\"urlTemplate\":\"https:\\\/\\\/kibrisdakik.com\\\/?s={search_term_string}\"},\"query-input\":{\"@type\":\"PropertyValueSpecification\",\"valueRequired\":true,\"valueName\":\"search_term_string\"}}],\"inLanguage\":\"tr\"},{\"@type\":\"Person\",\"@id\":\"https:\\\/\\\/kibrisdakik.com\\\/#\\\/schema\\\/person\\\/9cd9d437bbb44f72b73ba127e06d8e79\",\"name\":\"admin\",\"image\":{\"@type\":\"ImageObject\",\"inLanguage\":\"tr\",\"@id\":\"https:\\\/\\\/secure.gravatar.com\\\/avatar\\\/ccc17943b9d660506c869530f897617f7cb1c21a4bf30023f252596d83e1f007?s=96&d=mm&r=g\",\"url\":\"https:\\\/\\\/secure.gravatar.com\\\/avatar\\\/ccc17943b9d660506c869530f897617f7cb1c21a4bf30023f252596d83e1f007?s=96&d=mm&r=g\",\"contentUrl\":\"https:\\\/\\\/secure.gravatar.com\\\/avatar\\\/ccc17943b9d660506c869530f897617f7cb1c21a4bf30023f252596d83e1f007?s=96&d=mm&r=g\",\"caption\":\"admin\"},\"sameAs\":[\"https:\\\/\\\/kibrisdakik.com\"],\"url\":\"https:\\\/\\\/kibrisdakik.com\\\/?author=1\"}]}<\/script>\n<!-- \/ Yoast SEO plugin. -->","yoast_head_json":{"title":"Gazzeliler, 471 g\u00fcn sonra ilk kez bombard\u0131mans\u0131z bir sabaha uyand\u0131 -","robots":{"index":"index","follow":"follow","max-snippet":"max-snippet:-1","max-image-preview":"max-image-preview:large","max-video-preview":"max-video-preview:-1"},"canonical":"https:\/\/kibrisdakik.com\/?p=74087","og_locale":"tr_TR","og_type":"article","og_title":"Gazzeliler, 471 g\u00fcn sonra ilk kez bombard\u0131mans\u0131z bir sabaha uyand\u0131 -","og_description":"Gazzeliler, Tel Aviv ile Hamas aras\u0131nda ate\u015fkes ve esir takas\u0131na var\u0131lmas\u0131n\u0131n ard\u0131ndan 7 Ekim 2023\u2019ten bu yana ilk kez \u0130srail ordusunun sald\u0131r\u0131s\u0131 olmadan bir gece ge\u00e7irdi ve bombard\u0131man sesi olmadan uyand\u0131lar. \u0130srail ile Hamas aras\u0131nda ate\u015fkes ve esir takas\u0131 mutabakat\u0131 d\u00fcn yerel saatle 11.15\u2019te y\u00fcr\u00fcrl\u00fc\u011fe girdi.Ate\u015fkesin y\u00fcr\u00fcrl\u00fc\u011fe girmesiyle \u0130srail ordusunun Gazze \u015eeridi\u2019ne 471 g\u00fcnd\u00fcr d\u00fczenledi\u011fi","og_url":"https:\/\/kibrisdakik.com\/?p=74087","article_published_time":"2025-01-20T08:18:44+00:00","og_image":[{"width":1600,"height":900,"url":"https:\/\/kibrisdakik.com\/wp-content\/uploads\/2025\/01\/471-gun-sonra-gazzede-bombardimansiz-ilk-sabah-wzo6.webp-740x420.webp","type":"image\/webp"}],"author":"admin","twitter_card":"summary_large_image","twitter_misc":{"Yazan:":"admin","Tahmini okuma s\u00fcresi":"2 dakika"},"schema":{"@context":"https:\/\/schema.org","@graph":[{"@type":"Article","@id":"https:\/\/kibrisdakik.com\/?p=74087#article","isPartOf":{"@id":"https:\/\/kibrisdakik.com\/?p=74087"},"author":{"name":"admin","@id":"https:\/\/kibrisdakik.com\/#\/schema\/person\/9cd9d437bbb44f72b73ba127e06d8e79"},"headline":"Gazzeliler, 471 g\u00fcn sonra ilk kez bombard\u0131mans\u0131z bir sabaha uyand\u0131","datePublished":"2025-01-20T08:18:44+00:00","mainEntityOfPage":{"@id":"https:\/\/kibrisdakik.com\/?p=74087"},"wordCount":402,"commentCount":0,"image":{"@id":"https:\/\/kibrisdakik.com\/?p=74087#primaryimage"},"thumbnailUrl":"https:\/\/kibrisdakik.com\/wp-content\/uploads\/2025\/01\/471-gun-sonra-gazzede-bombardimansiz-ilk-sabah-wzo6.webp-740x420.webp","articleSection":["G\u00fcndem"],"inLanguage":"tr","potentialAction":[{"@type":"CommentAction","name":"Comment","target":["https:\/\/kibrisdakik.com\/?p=74087#respond"]}]},{"@type":"WebPage","@id":"https:\/\/kibrisdakik.com\/?p=74087","url":"https:\/\/kibrisdakik.com\/?p=74087","name":"Gazzeliler, 471 g\u00fcn sonra ilk kez bombard\u0131mans\u0131z bir sabaha uyand\u0131 -","isPartOf":{"@id":"https:\/\/kibrisdakik.com\/#website"},"primaryImageOfPage":{"@id":"https:\/\/kibrisdakik.com\/?p=74087#primaryimage"},"image":{"@id":"https:\/\/kibrisdakik.com\/?p=74087#primaryimage"},"thumbnailUrl":"https:\/\/kibrisdakik.com\/wp-content\/uploads\/2025\/01\/471-gun-sonra-gazzede-bombardimansiz-ilk-sabah-wzo6.webp-740x420.webp","datePublished":"2025-01-20T08:18:44+00:00","author":{"@id":"https:\/\/kibrisdakik.com\/#\/schema\/person\/9cd9d437bbb44f72b73ba127e06d8e79"},"breadcrumb":{"@id":"https:\/\/kibrisdakik.com\/?p=74087#breadcrumb"},"inLanguage":"tr","potentialAction":[{"@type":"ReadAction","target":["https:\/\/kibrisdakik.com\/?p=74087"]}]},{"@type":"ImageObject","inLanguage":"tr","@id":"https:\/\/kibrisdakik.com\/?p=74087#primaryimage","url":"https:\/\/kibrisdakik.com\/wp-content\/uploads\/2025\/01\/471-gun-sonra-gazzede-bombardimansiz-ilk-sabah-wzo6.webp-740x420.webp","contentUrl":"https:\/\/kibrisdakik.com\/wp-content\/uploads\/2025\/01\/471-gun-sonra-gazzede-bombardimansiz-ilk-sabah-wzo6.webp-740x420.webp","width":1600,"height":900},{"@type":"BreadcrumbList","@id":"https:\/\/kibrisdakik.com\/?p=74087#breadcrumb","itemListElement":[{"@type":"ListItem","position":1,"name":"Home","item":"https:\/\/kibrisdakik.com\/"},{"@type":"ListItem","position":2,"name":"Gazzeliler, 471 g\u00fcn sonra ilk kez bombard\u0131mans\u0131z bir sabaha uyand\u0131"}]},{"@type":"WebSite","@id":"https:\/\/kibrisdakik.com\/#website","url":"https:\/\/kibrisdakik.com\/","name":"","description":"Tam vaktinde haber","potentialAction":[{"@type":"SearchAction","target":{"@type":"EntryPoint","urlTemplate":"https:\/\/kibrisdakik.com\/?s={search_term_string}"},"query-input":{"@type":"PropertyValueSpecification","valueRequired":true,"valueName":"search_term_string"}}],"inLanguage":"tr"},{"@type":"Person","@id":"https:\/\/kibrisdakik.com\/#\/schema\/person\/9cd9d437bbb44f72b73ba127e06d8e79","name":"admin","image":{"@type":"ImageObject","inLanguage":"tr","@id":"https:\/\/secure.gravatar.com\/avatar\/ccc17943b9d660506c869530f897617f7cb1c21a4bf30023f252596d83e1f007?s=96&d=mm&r=g","url":"https:\/\/secure.gravatar.com\/avatar\/ccc17943b9d660506c869530f897617f7cb1c21a4bf30023f252596d83e1f007?s=96&d=mm&r=g","contentUrl":"https:\/\/secure.gravatar.com\/avatar\/ccc17943b9d660506c869530f897617f7cb1c21a4bf30023f252596d83e1f007?s=96&d=mm&r=g","caption":"admin"},"sameAs":["https:\/\/kibrisdakik.com"],"url":"https:\/\/kibrisdakik.com\/?author=1"}]}},"_links":{"self":[{"href":"https:\/\/kibrisdakik.com\/index.php?rest_route=\/wp\/v2\/posts\/74087","targetHints":{"allow":["GET"]}}],"collection":[{"href":"https:\/\/kibrisdakik.com\/index.php?rest_route=\/wp\/v2\/posts"}],"about":[{"href":"https:\/\/kibrisdakik.com\/index.php?rest_route=\/wp\/v2\/types\/post"}],"author":[{"embeddable":true,"href":"https:\/\/kibrisdakik.com\/index.php?rest_route=\/wp\/v2\/users\/1"}],"replies":[{"embeddable":true,"href":"https:\/\/kibrisdakik.com\/index.php?rest_route=%2Fwp%2Fv2%2Fcomments&post=74087"}],"version-history":[{"count":0,"href":"https:\/\/kibrisdakik.com\/index.php?rest_route=\/wp\/v2\/posts\/74087\/revisions"}],"wp:featuredmedia":[{"embeddable":true,"href":"https:\/\/kibrisdakik.com\/index.php?rest_route=\/wp\/v2\/media\/74088"}],"wp:attachment":[{"href":"https:\/\/kibrisdakik.com\/index.php?rest_route=%2Fwp%2Fv2%2Fmedia&parent=74087"}],"wp:term":[{"taxonomy":"category","embeddable":true,"href":"https:\/\/kibrisdakik.com\/index.php?rest_route=%2Fwp%2Fv2%2Fcategories&post=74087"},{"taxonomy":"post_tag","embeddable":true,"href":"https:\/\/kibrisdakik.com\/index.php?rest_route=%2Fwp%2Fv2%2Ftags&post=74087"}],"curies":[{"name":"wp","href":"https:\/\/api.w.org\/{rel}","templated":true}]}}