{"id":74104,"date":"2025-01-22T13:47:20","date_gmt":"2025-01-22T10:47:20","guid":{"rendered":"https:\/\/kibrisdakik.com\/index.php\/2025\/01\/22\/saglik-bakani-dincyurek-yeni-maras-saglik-merkezinde-incelemelerde-bulundu\/"},"modified":"2025-01-22T13:47:20","modified_gmt":"2025-01-22T10:47:20","slug":"saglik-bakani-dincyurek-yeni-maras-saglik-merkezinde-incelemelerde-bulundu","status":"publish","type":"post","link":"https:\/\/kibrisdakik.com\/?p=74104","title":{"rendered":"Sa\u011fl\u0131k Bakan\u0131 Din\u00e7y\u00fcrek, Yeni Mara\u015f Sa\u011fl\u0131k Merkezi\u2019nde incelemelerde bulundu"},"content":{"rendered":"<div>\n<div class=\"mariselle-image-container center\">\n                                            <\/div>\n<p>Sa\u011fl\u0131k Bakan\u0131 Dr. Hakan Din\u00e7y\u00fcrek, Gazima\u011fusa Belediye Ba\u015fkan\u0131 S\u00fcleyman Ulu\u00e7ay ile birlikte yap\u0131m\u0131 devam eden Yeni Mara\u015f Sa\u011fl\u0131k Merkezi\u2019ni ziyaret ederek \u00e7al\u0131\u015fmalar\u0131 yerinde inceledi.<\/p>\n<p>Bakan Din\u00e7y\u00fcrek, merkezin alt yap\u0131, yol ve \u00e7evre d\u00fczenlemesi konular\u0131nda Belediye Ba\u015fkan\u0131 Ulu\u00e7ay ile de\u011ferlendirmelerde bulunduklar\u0131n\u0131 belirtti. <\/p>\n<div class=\"mariselle-image-container center\">\n                <img loading=\"lazy\" decoding=\"async\" width=\"2048\" height=\"1536\" class=\"lazy-image\" alt=\"\" sizes=\"auto, (max-width: 2048px) 100vw, 2048px\" src=\"https:\/\/brtk.net\/wp-content\/uploads\/2025\/01\/22\/e63b031c-0bea-441d-b7f6-d572032ebc25.jpg?ver=91fdd6dd7b958bf786ea50cc62abea4c\" srcset=\"https:\/\/brtk.net\/wp-content\/uploads\/2025\/01\/22\/e63b031c-0bea-441d-b7f6-d572032ebc25.jpg?ver=91fdd6dd7b958bf786ea50cc62abea4c 2048w, https:\/\/brtk.net\/wp-content\/uploads\/2025\/01\/22\/e63b031c-0bea-441d-b7f6-d572032ebc25-300x225.jpg?ver=89e60540a3555b4a365818a47796f01a 300w, https:\/\/brtk.net\/wp-content\/uploads\/2025\/01\/22\/e63b031c-0bea-441d-b7f6-d572032ebc25-1024x768.jpg?ver=89e60540a3555b4a365818a47796f01a 1024w, https:\/\/brtk.net\/wp-content\/uploads\/2025\/01\/22\/e63b031c-0bea-441d-b7f6-d572032ebc25-768x576.jpg?ver=8b2471a3c46c74ea521787e08bab9c4f 768w, https:\/\/brtk.net\/wp-content\/uploads\/2025\/01\/22\/e63b031c-0bea-441d-b7f6-d572032ebc25-1536x1152.jpg?ver=043818b5fd5ca995f94c1ee5ee9c001d 1536w\"\/>                            <\/div>\n<p>Projenin k\u0131sa s\u00fcrede tamamlanmas\u0131n\u0131n hedeflendi\u011fini vurgulayan Din\u00e7y\u00fcrek, \u00e7al\u0131\u015fmalar\u0131n belediye ile e\u015f zamanl\u0131 olarak s\u00fcrd\u00fcr\u00fclece\u011fini kaydetti.<\/p>\n<p>Sa\u011fl\u0131k merkezinin tamamlanmas\u0131n\u0131n ard\u0131ndan gerekli donan\u0131m\u0131n h\u0131zla sa\u011flanaca\u011f\u0131n\u0131 ifade eden Bakan Din\u00e7y\u00fcrek, merkezin b\u00f6lge halk\u0131na daha etkili bir sa\u011fl\u0131k hizmeti sunaca\u011f\u0131n\u0131 s\u00f6yledi.<\/p>\n<\/p><\/div>\n<p><script async\n                    defer\n                    crossorigin=\"anonymous\"\n                    src=\"https:\/\/connect.facebook.net\/tr_TR\/sdk.js#xfbml=1&#038;version=v3.3\"\n            ><\/script><\/p>\n","protected":false},"excerpt":{"rendered":"<p>Sa\u011fl\u0131k Bakan\u0131 Dr. Hakan Din\u00e7y\u00fcrek, Gazima\u011fusa Belediye Ba\u015fkan\u0131 S\u00fcleyman Ulu\u00e7ay ile birlikte yap\u0131m\u0131 devam eden Yeni Mara\u015f Sa\u011fl\u0131k Merkezi\u2019ni ziyaret ederek \u00e7al\u0131\u015fmalar\u0131 yerinde inceledi. Bakan Din\u00e7y\u00fcrek, merkezin alt yap\u0131, yol ve \u00e7evre d\u00fczenlemesi konular\u0131nda Belediye Ba\u015fkan\u0131 Ulu\u00e7ay ile de\u011ferlendirmelerde bulunduklar\u0131n\u0131 belirtti. Projenin k\u0131sa s\u00fcrede tamamlanmas\u0131n\u0131n hedeflendi\u011fini vurgulayan Din\u00e7y\u00fcrek, \u00e7al\u0131\u015fmalar\u0131n belediye ile e\u015f zamanl\u0131 olarak s\u00fcrd\u00fcr\u00fclece\u011fini<\/p>\n","protected":false},"author":1,"featured_media":74105,"comment_status":"open","ping_status":"open","sticky":false,"template":"","format":"standard","meta":{"footnotes":""},"categories":[81,101],"tags":[],"class_list":["post-74104","post","type-post","status-publish","format-standard","has-post-thumbnail","hentry","category-kibris","category-manset"],"yoast_head":"<!-- This site is optimized with the Yoast SEO plugin v27.4 - https:\/\/yoast.com\/product\/yoast-seo-wordpress\/ -->\n<title>Sa\u011fl\u0131k Bakan\u0131 Din\u00e7y\u00fcrek, Yeni Mara\u015f Sa\u011fl\u0131k Merkezi\u2019nde incelemelerde bulundu -<\/title>\n<meta name=\"robots\" content=\"index, follow, max-snippet:-1, max-image-preview:large, max-video-preview:-1\" \/>\n<link rel=\"canonical\" href=\"https:\/\/kibrisdakik.com\/?p=74104\" \/>\n<meta property=\"og:locale\" content=\"tr_TR\" \/>\n<meta property=\"og:type\" content=\"article\" \/>\n<meta property=\"og:title\" content=\"Sa\u011fl\u0131k Bakan\u0131 Din\u00e7y\u00fcrek, Yeni Mara\u015f Sa\u011fl\u0131k Merkezi\u2019nde incelemelerde bulundu -\" \/>\n<meta property=\"og:description\" content=\"Sa\u011fl\u0131k Bakan\u0131 Dr. Hakan Din\u00e7y\u00fcrek, Gazima\u011fusa Belediye Ba\u015fkan\u0131 S\u00fcleyman Ulu\u00e7ay ile birlikte yap\u0131m\u0131 devam eden Yeni Mara\u015f Sa\u011fl\u0131k Merkezi\u2019ni ziyaret ederek \u00e7al\u0131\u015fmalar\u0131 yerinde inceledi. Bakan Din\u00e7y\u00fcrek, merkezin alt yap\u0131, yol ve \u00e7evre d\u00fczenlemesi konular\u0131nda Belediye Ba\u015fkan\u0131 Ulu\u00e7ay ile de\u011ferlendirmelerde bulunduklar\u0131n\u0131 belirtti. Projenin k\u0131sa s\u00fcrede tamamlanmas\u0131n\u0131n hedeflendi\u011fini vurgulayan Din\u00e7y\u00fcrek, \u00e7al\u0131\u015fmalar\u0131n belediye ile e\u015f zamanl\u0131 olarak s\u00fcrd\u00fcr\u00fclece\u011fini\" \/>\n<meta property=\"og:url\" content=\"https:\/\/kibrisdakik.com\/?p=74104\" \/>\n<meta property=\"article:published_time\" content=\"2025-01-22T10:47:20+00:00\" \/>\n<meta property=\"og:image\" content=\"https:\/\/kibrisdakik.com\/wp-content\/uploads\/2025\/01\/34aadd5d-d94b-4bef-9706-88978c354954-740x420.jpg\" \/>\n\t<meta property=\"og:image:width\" content=\"2048\" \/>\n\t<meta property=\"og:image:height\" content=\"1536\" \/>\n\t<meta property=\"og:image:type\" content=\"image\/jpeg\" \/>\n<meta name=\"author\" content=\"admin\" \/>\n<meta name=\"twitter:card\" content=\"summary_large_image\" \/>\n<meta name=\"twitter:label1\" content=\"Yazan:\" \/>\n\t<meta name=\"twitter:data1\" content=\"admin\" \/>\n\t<meta name=\"twitter:label2\" content=\"Tahmini okuma s\u00fcresi\" \/>\n\t<meta name=\"twitter:data2\" content=\"1 dakika\" \/>\n<script type=\"application\/ld+json\" class=\"yoast-schema-graph\">{\"@context\":\"https:\\\/\\\/schema.org\",\"@graph\":[{\"@type\":\"Article\",\"@id\":\"https:\\\/\\\/kibrisdakik.com\\\/?p=74104#article\",\"isPartOf\":{\"@id\":\"https:\\\/\\\/kibrisdakik.com\\\/?p=74104\"},\"author\":{\"name\":\"admin\",\"@id\":\"https:\\\/\\\/kibrisdakik.com\\\/#\\\/schema\\\/person\\\/9cd9d437bbb44f72b73ba127e06d8e79\"},\"headline\":\"Sa\u011fl\u0131k Bakan\u0131 Din\u00e7y\u00fcrek, Yeni Mara\u015f Sa\u011fl\u0131k Merkezi\u2019nde incelemelerde bulundu\",\"datePublished\":\"2025-01-22T10:47:20+00:00\",\"mainEntityOfPage\":{\"@id\":\"https:\\\/\\\/kibrisdakik.com\\\/?p=74104\"},\"wordCount\":146,\"commentCount\":0,\"image\":{\"@id\":\"https:\\\/\\\/kibrisdakik.com\\\/?p=74104#primaryimage\"},\"thumbnailUrl\":\"https:\\\/\\\/kibrisdakik.com\\\/wp-content\\\/uploads\\\/2025\\\/01\\\/34aadd5d-d94b-4bef-9706-88978c354954-740x420.jpg\",\"articleSection\":[\"K\u0131br\u0131s\",\"Man\u015fet\"],\"inLanguage\":\"tr\",\"potentialAction\":[{\"@type\":\"CommentAction\",\"name\":\"Comment\",\"target\":[\"https:\\\/\\\/kibrisdakik.com\\\/?p=74104#respond\"]}]},{\"@type\":\"WebPage\",\"@id\":\"https:\\\/\\\/kibrisdakik.com\\\/?p=74104\",\"url\":\"https:\\\/\\\/kibrisdakik.com\\\/?p=74104\",\"name\":\"Sa\u011fl\u0131k Bakan\u0131 Din\u00e7y\u00fcrek, Yeni Mara\u015f Sa\u011fl\u0131k Merkezi\u2019nde incelemelerde bulundu -\",\"isPartOf\":{\"@id\":\"https:\\\/\\\/kibrisdakik.com\\\/#website\"},\"primaryImageOfPage\":{\"@id\":\"https:\\\/\\\/kibrisdakik.com\\\/?p=74104#primaryimage\"},\"image\":{\"@id\":\"https:\\\/\\\/kibrisdakik.com\\\/?p=74104#primaryimage\"},\"thumbnailUrl\":\"https:\\\/\\\/kibrisdakik.com\\\/wp-content\\\/uploads\\\/2025\\\/01\\\/34aadd5d-d94b-4bef-9706-88978c354954-740x420.jpg\",\"datePublished\":\"2025-01-22T10:47:20+00:00\",\"author\":{\"@id\":\"https:\\\/\\\/kibrisdakik.com\\\/#\\\/schema\\\/person\\\/9cd9d437bbb44f72b73ba127e06d8e79\"},\"breadcrumb\":{\"@id\":\"https:\\\/\\\/kibrisdakik.com\\\/?p=74104#breadcrumb\"},\"inLanguage\":\"tr\",\"potentialAction\":[{\"@type\":\"ReadAction\",\"target\":[\"https:\\\/\\\/kibrisdakik.com\\\/?p=74104\"]}]},{\"@type\":\"ImageObject\",\"inLanguage\":\"tr\",\"@id\":\"https:\\\/\\\/kibrisdakik.com\\\/?p=74104#primaryimage\",\"url\":\"https:\\\/\\\/kibrisdakik.com\\\/wp-content\\\/uploads\\\/2025\\\/01\\\/34aadd5d-d94b-4bef-9706-88978c354954-740x420.jpg\",\"contentUrl\":\"https:\\\/\\\/kibrisdakik.com\\\/wp-content\\\/uploads\\\/2025\\\/01\\\/34aadd5d-d94b-4bef-9706-88978c354954-740x420.jpg\",\"width\":2048,\"height\":1536},{\"@type\":\"BreadcrumbList\",\"@id\":\"https:\\\/\\\/kibrisdakik.com\\\/?p=74104#breadcrumb\",\"itemListElement\":[{\"@type\":\"ListItem\",\"position\":1,\"name\":\"Home\",\"item\":\"https:\\\/\\\/kibrisdakik.com\\\/\"},{\"@type\":\"ListItem\",\"position\":2,\"name\":\"Sa\u011fl\u0131k Bakan\u0131 Din\u00e7y\u00fcrek, Yeni Mara\u015f Sa\u011fl\u0131k Merkezi\u2019nde incelemelerde bulundu\"}]},{\"@type\":\"WebSite\",\"@id\":\"https:\\\/\\\/kibrisdakik.com\\\/#website\",\"url\":\"https:\\\/\\\/kibrisdakik.com\\\/\",\"name\":\"\",\"description\":\"Tam vaktinde haber\",\"potentialAction\":[{\"@type\":\"SearchAction\",\"target\":{\"@type\":\"EntryPoint\",\"urlTemplate\":\"https:\\\/\\\/kibrisdakik.com\\\/?s={search_term_string}\"},\"query-input\":{\"@type\":\"PropertyValueSpecification\",\"valueRequired\":true,\"valueName\":\"search_term_string\"}}],\"inLanguage\":\"tr\"},{\"@type\":\"Person\",\"@id\":\"https:\\\/\\\/kibrisdakik.com\\\/#\\\/schema\\\/person\\\/9cd9d437bbb44f72b73ba127e06d8e79\",\"name\":\"admin\",\"image\":{\"@type\":\"ImageObject\",\"inLanguage\":\"tr\",\"@id\":\"https:\\\/\\\/secure.gravatar.com\\\/avatar\\\/ccc17943b9d660506c869530f897617f7cb1c21a4bf30023f252596d83e1f007?s=96&d=mm&r=g\",\"url\":\"https:\\\/\\\/secure.gravatar.com\\\/avatar\\\/ccc17943b9d660506c869530f897617f7cb1c21a4bf30023f252596d83e1f007?s=96&d=mm&r=g\",\"contentUrl\":\"https:\\\/\\\/secure.gravatar.com\\\/avatar\\\/ccc17943b9d660506c869530f897617f7cb1c21a4bf30023f252596d83e1f007?s=96&d=mm&r=g\",\"caption\":\"admin\"},\"sameAs\":[\"https:\\\/\\\/kibrisdakik.com\"],\"url\":\"https:\\\/\\\/kibrisdakik.com\\\/?author=1\"}]}<\/script>\n<!-- \/ Yoast SEO plugin. -->","yoast_head_json":{"title":"Sa\u011fl\u0131k Bakan\u0131 Din\u00e7y\u00fcrek, Yeni Mara\u015f Sa\u011fl\u0131k Merkezi\u2019nde incelemelerde bulundu -","robots":{"index":"index","follow":"follow","max-snippet":"max-snippet:-1","max-image-preview":"max-image-preview:large","max-video-preview":"max-video-preview:-1"},"canonical":"https:\/\/kibrisdakik.com\/?p=74104","og_locale":"tr_TR","og_type":"article","og_title":"Sa\u011fl\u0131k Bakan\u0131 Din\u00e7y\u00fcrek, Yeni Mara\u015f Sa\u011fl\u0131k Merkezi\u2019nde incelemelerde bulundu -","og_description":"Sa\u011fl\u0131k Bakan\u0131 Dr. Hakan Din\u00e7y\u00fcrek, Gazima\u011fusa Belediye Ba\u015fkan\u0131 S\u00fcleyman Ulu\u00e7ay ile birlikte yap\u0131m\u0131 devam eden Yeni Mara\u015f Sa\u011fl\u0131k Merkezi\u2019ni ziyaret ederek \u00e7al\u0131\u015fmalar\u0131 yerinde inceledi. Bakan Din\u00e7y\u00fcrek, merkezin alt yap\u0131, yol ve \u00e7evre d\u00fczenlemesi konular\u0131nda Belediye Ba\u015fkan\u0131 Ulu\u00e7ay ile de\u011ferlendirmelerde bulunduklar\u0131n\u0131 belirtti. Projenin k\u0131sa s\u00fcrede tamamlanmas\u0131n\u0131n hedeflendi\u011fini vurgulayan Din\u00e7y\u00fcrek, \u00e7al\u0131\u015fmalar\u0131n belediye ile e\u015f zamanl\u0131 olarak s\u00fcrd\u00fcr\u00fclece\u011fini","og_url":"https:\/\/kibrisdakik.com\/?p=74104","article_published_time":"2025-01-22T10:47:20+00:00","og_image":[{"width":2048,"height":1536,"url":"https:\/\/kibrisdakik.com\/wp-content\/uploads\/2025\/01\/34aadd5d-d94b-4bef-9706-88978c354954-740x420.jpg","type":"image\/jpeg"}],"author":"admin","twitter_card":"summary_large_image","twitter_misc":{"Yazan:":"admin","Tahmini okuma s\u00fcresi":"1 dakika"},"schema":{"@context":"https:\/\/schema.org","@graph":[{"@type":"Article","@id":"https:\/\/kibrisdakik.com\/?p=74104#article","isPartOf":{"@id":"https:\/\/kibrisdakik.com\/?p=74104"},"author":{"name":"admin","@id":"https:\/\/kibrisdakik.com\/#\/schema\/person\/9cd9d437bbb44f72b73ba127e06d8e79"},"headline":"Sa\u011fl\u0131k Bakan\u0131 Din\u00e7y\u00fcrek, Yeni Mara\u015f Sa\u011fl\u0131k Merkezi\u2019nde incelemelerde bulundu","datePublished":"2025-01-22T10:47:20+00:00","mainEntityOfPage":{"@id":"https:\/\/kibrisdakik.com\/?p=74104"},"wordCount":146,"commentCount":0,"image":{"@id":"https:\/\/kibrisdakik.com\/?p=74104#primaryimage"},"thumbnailUrl":"https:\/\/kibrisdakik.com\/wp-content\/uploads\/2025\/01\/34aadd5d-d94b-4bef-9706-88978c354954-740x420.jpg","articleSection":["K\u0131br\u0131s","Man\u015fet"],"inLanguage":"tr","potentialAction":[{"@type":"CommentAction","name":"Comment","target":["https:\/\/kibrisdakik.com\/?p=74104#respond"]}]},{"@type":"WebPage","@id":"https:\/\/kibrisdakik.com\/?p=74104","url":"https:\/\/kibrisdakik.com\/?p=74104","name":"Sa\u011fl\u0131k Bakan\u0131 Din\u00e7y\u00fcrek, Yeni Mara\u015f Sa\u011fl\u0131k Merkezi\u2019nde incelemelerde bulundu -","isPartOf":{"@id":"https:\/\/kibrisdakik.com\/#website"},"primaryImageOfPage":{"@id":"https:\/\/kibrisdakik.com\/?p=74104#primaryimage"},"image":{"@id":"https:\/\/kibrisdakik.com\/?p=74104#primaryimage"},"thumbnailUrl":"https:\/\/kibrisdakik.com\/wp-content\/uploads\/2025\/01\/34aadd5d-d94b-4bef-9706-88978c354954-740x420.jpg","datePublished":"2025-01-22T10:47:20+00:00","author":{"@id":"https:\/\/kibrisdakik.com\/#\/schema\/person\/9cd9d437bbb44f72b73ba127e06d8e79"},"breadcrumb":{"@id":"https:\/\/kibrisdakik.com\/?p=74104#breadcrumb"},"inLanguage":"tr","potentialAction":[{"@type":"ReadAction","target":["https:\/\/kibrisdakik.com\/?p=74104"]}]},{"@type":"ImageObject","inLanguage":"tr","@id":"https:\/\/kibrisdakik.com\/?p=74104#primaryimage","url":"https:\/\/kibrisdakik.com\/wp-content\/uploads\/2025\/01\/34aadd5d-d94b-4bef-9706-88978c354954-740x420.jpg","contentUrl":"https:\/\/kibrisdakik.com\/wp-content\/uploads\/2025\/01\/34aadd5d-d94b-4bef-9706-88978c354954-740x420.jpg","width":2048,"height":1536},{"@type":"BreadcrumbList","@id":"https:\/\/kibrisdakik.com\/?p=74104#breadcrumb","itemListElement":[{"@type":"ListItem","position":1,"name":"Home","item":"https:\/\/kibrisdakik.com\/"},{"@type":"ListItem","position":2,"name":"Sa\u011fl\u0131k Bakan\u0131 Din\u00e7y\u00fcrek, Yeni Mara\u015f Sa\u011fl\u0131k Merkezi\u2019nde incelemelerde bulundu"}]},{"@type":"WebSite","@id":"https:\/\/kibrisdakik.com\/#website","url":"https:\/\/kibrisdakik.com\/","name":"","description":"Tam vaktinde haber","potentialAction":[{"@type":"SearchAction","target":{"@type":"EntryPoint","urlTemplate":"https:\/\/kibrisdakik.com\/?s={search_term_string}"},"query-input":{"@type":"PropertyValueSpecification","valueRequired":true,"valueName":"search_term_string"}}],"inLanguage":"tr"},{"@type":"Person","@id":"https:\/\/kibrisdakik.com\/#\/schema\/person\/9cd9d437bbb44f72b73ba127e06d8e79","name":"admin","image":{"@type":"ImageObject","inLanguage":"tr","@id":"https:\/\/secure.gravatar.com\/avatar\/ccc17943b9d660506c869530f897617f7cb1c21a4bf30023f252596d83e1f007?s=96&d=mm&r=g","url":"https:\/\/secure.gravatar.com\/avatar\/ccc17943b9d660506c869530f897617f7cb1c21a4bf30023f252596d83e1f007?s=96&d=mm&r=g","contentUrl":"https:\/\/secure.gravatar.com\/avatar\/ccc17943b9d660506c869530f897617f7cb1c21a4bf30023f252596d83e1f007?s=96&d=mm&r=g","caption":"admin"},"sameAs":["https:\/\/kibrisdakik.com"],"url":"https:\/\/kibrisdakik.com\/?author=1"}]}},"_links":{"self":[{"href":"https:\/\/kibrisdakik.com\/index.php?rest_route=\/wp\/v2\/posts\/74104","targetHints":{"allow":["GET"]}}],"collection":[{"href":"https:\/\/kibrisdakik.com\/index.php?rest_route=\/wp\/v2\/posts"}],"about":[{"href":"https:\/\/kibrisdakik.com\/index.php?rest_route=\/wp\/v2\/types\/post"}],"author":[{"embeddable":true,"href":"https:\/\/kibrisdakik.com\/index.php?rest_route=\/wp\/v2\/users\/1"}],"replies":[{"embeddable":true,"href":"https:\/\/kibrisdakik.com\/index.php?rest_route=%2Fwp%2Fv2%2Fcomments&post=74104"}],"version-history":[{"count":0,"href":"https:\/\/kibrisdakik.com\/index.php?rest_route=\/wp\/v2\/posts\/74104\/revisions"}],"wp:featuredmedia":[{"embeddable":true,"href":"https:\/\/kibrisdakik.com\/index.php?rest_route=\/wp\/v2\/media\/74105"}],"wp:attachment":[{"href":"https:\/\/kibrisdakik.com\/index.php?rest_route=%2Fwp%2Fv2%2Fmedia&parent=74104"}],"wp:term":[{"taxonomy":"category","embeddable":true,"href":"https:\/\/kibrisdakik.com\/index.php?rest_route=%2Fwp%2Fv2%2Fcategories&post=74104"},{"taxonomy":"post_tag","embeddable":true,"href":"https:\/\/kibrisdakik.com\/index.php?rest_route=%2Fwp%2Fv2%2Ftags&post=74104"}],"curies":[{"name":"wp","href":"https:\/\/api.w.org\/{rel}","templated":true}]}}