{"id":74110,"date":"2025-01-22T14:37:41","date_gmt":"2025-01-22T11:37:41","guid":{"rendered":"https:\/\/kibrisdakik.com\/index.php\/2025\/01\/22\/kktc-azerbaycandaki-turkpa-saglik-komisyon-baskanlari-toplantisinda-temsil-edildi\/"},"modified":"2025-01-22T14:37:41","modified_gmt":"2025-01-22T11:37:41","slug":"kktc-azerbaycandaki-turkpa-saglik-komisyon-baskanlari-toplantisinda-temsil-edildi","status":"publish","type":"post","link":"https:\/\/kibrisdakik.com\/?p=74110","title":{"rendered":"KKTC, Azerbaycan\u2019daki T\u00dcRKPA Sa\u011fl\u0131k Komisyon Ba\u015fkanlar\u0131 toplant\u0131s\u0131nda temsil edildi"},"content":{"rendered":"<div>\n<div class=\"mariselle-image-container center\">\n                                            <\/div>\n<p>Azerbaycan\u2019da, T\u00fcrk Devletleri Parlamenter Asamblesi (T\u00dcRKPA) Sa\u011fl\u0131k Komisyon Ba\u015fkanlar\u0131 2. Toplant\u0131s\u0131 yap\u0131ld\u0131.<\/p>\n<p>Toplant\u0131da KKTC\u2019yi temsil eden Cumhuriyet Meclisi \u0130dari, Kamu ve Sa\u011fl\u0131k \u0130\u015fleri Komitesi Ba\u015fkan Yard\u0131mc\u0131s\u0131 Filiz Besim, d\u00fcnyada ya\u015fanan su ve sa\u011fl\u0131kl\u0131 g\u0131da sorununa dikkati \u00e7ekti, k\u00fcresel nitelikli bu sorunlar\u0131n ortak \u00e7abalarla \u00e7\u00f6z\u00fclmesi gerekti\u011fini ifade etti.<\/p>\n<p>Azerbaycan Milli Meclisi\u2019nde \u201c\u0130klim De\u011fi\u015fikli\u011fi ve Sa\u011fl\u0131k: Yasaman\u0131n \u0130klim De\u011fi\u015fikli\u011finin Sa\u011fl\u0131k \u00dczerindeki Etkilerine M\u00fcdahalesi\u201d ba\u015fl\u0131\u011f\u0131yla d\u00fczenlenen toplant\u0131da, iklim de\u011fi\u015fikliklerinin sa\u011fl\u0131k \u00fczerindeki etkilerinin \u00f6nlenmesi hususunda T\u00fcrk devletleri aras\u0131ndaki i\u015fbirli\u011fi olanaklar\u0131 m\u00fczakere edildi.<\/p>\n<p>Toplant\u0131ya T\u00fcrkiye B\u00fcy\u00fck Millet Meclisi (TBMM) Sa\u011fl\u0131k, Aile, \u00c7al\u0131\u015fma ve Sosyal \u0130\u015fler Komisyonu Ba\u015fkan\u0131 Vedat Bilgin, Azerbaycan Milli Meclisi Sa\u011fl\u0131k Komitesi Ba\u015fkan\u0131 Ehliman Emiraslanov, K\u0131rg\u0131zistan Meclisi (Jogorku Kene\u015fi) Sosyal Politika Komitesi Ba\u015fkan\u0131 Vinera Raimba\u00e7ayeva, \u00d6zbekistan Ali Meclisi Senatosu Bilim, E\u011fitim ve Sa\u011fl\u0131k Konular\u0131 Komitesi Ba\u015fkan\u0131 Bahrom Abdullayev ve KKTC Meclisi \u0130dari, Kamu ve Sa\u011fl\u0131k \u0130\u015fleri Komitesi Ba\u015fkan Yard\u0131mc\u0131s\u0131 Filiz Besim kat\u0131ld\u0131.<\/p>\n<p>Kazakistan Cumhuriyeti Parlamento Meclisi Sosyal ve K\u00fclt\u00fcrel Kalk\u0131nma Komitesi \u00fcyesi Guldara Nurimova\u2019n\u0131n \u00e7evrim i\u00e7i kat\u0131ld\u0131\u011f\u0131 toplant\u0131da, T\u00dcRKPA Genel Sekreteri Mehmet S\u00fcreyya Er de yer ald\u0131.<\/p>\n<p>TBMM Sa\u011fl\u0131k, Aile, \u00c7al\u0131\u015fma ve Sosyal \u0130\u015fler Komisyonu Ba\u015fkan\u0131 Vedat Bilgin, Kartalkaya\u2019daki Grand Kartal Otel\u2019de meydana gelen yang\u0131n nedeniyle b\u00fcy\u00fck \u00fcz\u00fcnt\u00fc duyduklar\u0131n\u0131 ve yasta olduklar\u0131n\u0131 belirterek, ya\u015fam\u0131n\u0131 yitirenlere rahmet diledi, yaral\u0131lara \u015fifa temennisinde bulundu.<\/p>\n<p>Bilgin, insan\u0131n do\u011fa ile ili\u015fkisindeki dengenin bozuldu\u011funa dikkati \u00e7ekerek, salg\u0131nlar\u0131n ve \u00e7evre sorunlar\u0131n\u0131n bu nedenle ya\u015fand\u0131\u011f\u0131n\u0131 s\u00f6yledi.<\/p>\n<p>\u00c7evrenin insan taraf\u0131ndan kirletildi\u011fini, bunun k\u00f6t\u00fc sonu\u00e7lar\u0131n\u0131n da yine insan\u0131 etkiledi\u011fini belirten Bilgin, \u201cYery\u00fcz\u00fcn\u00fc kirleten \u00fclkelerin, ba\u015fta ABD olmak \u00fczere sorumluluk almas\u0131 gerekiyor. \u00c7\u00fcnk\u00fc bu tahribat, onlar\u0131 da etkilemektedir.\u201d dedi.<\/p>\n<p>Bilgin, baz\u0131 \u00fclkelerde ya\u015fanan n\u00fcfus sorununa ve do\u011furganl\u0131k e\u011filiminin d\u00fc\u015fmesine i\u015faret ederek, \u201cDo\u011fal olmayan g\u0131da ve \u00fcr\u00fcnler hayat\u0131m\u0131z\u0131 olumsuz etkiliyor ve insan sa\u011fl\u0131\u011f\u0131n\u0131 tehdit ediyor. T\u00fcrk d\u00fcnyas\u0131 olarak gelece\u011fimize ve soyumuza sahip \u00e7\u0131kmal\u0131y\u0131z. Tabiat, atmosfer ve iklimle kurulan ili\u015fkiyi yeniden sa\u011fl\u0131kl\u0131 \u015fekilde y\u00fcr\u00fctecek anlay\u0131\u015fla i\u015fbirli\u011fi yapmam\u0131z laz\u0131m.\u201d diye konu\u015ftu.<\/p>\n<p>Azerbaycan Milli Meclisi Sa\u011fl\u0131k Komitesi Ba\u015fkan\u0131 Ehliman Emiraslanov, Kartalkaya\u2019daki yang\u0131nda \u00e7ok say\u0131da ki\u015finin ya\u015fam\u0131n\u0131 yitirmesinden b\u00fcy\u00fck \u00fcz\u00fcnt\u00fc duyduklar\u0131n\u0131 belirterek, T\u00fcrkiye\u2019ye taziye dileklerinde bulundu.<\/p>\n<p>Emiraslanov, iklim de\u011fi\u015fikli\u011finin insan sa\u011fl\u0131\u011f\u0131n\u0131 do\u011frudan etkileyen fakt\u00f6r oldu\u011funu vurgulayarak, \u201cT\u00fcrk devletleri olarak sa\u011fl\u0131k sistemlerimizi iklim de\u011fi\u015fiklerinin etkilerine uyumlu hale getirmek zorunday\u0131z.\u201d diye konu\u015ftu.<\/p>\n<p>K\u0131rg\u0131zistan Meclisi (Jogorku Kene\u015fi) Sosyal Politika Komitesi Ba\u015fkan\u0131 Raimba\u00e7ayeva, konu\u015fmas\u0131nda do\u011fal ve katk\u0131s\u0131z g\u0131dalar\u0131n yayg\u0131nla\u015ft\u0131r\u0131lmas\u0131n\u0131n \u00f6nemine de\u011findi ve T\u00dcRKPA \u00fcyelerinin bir araya gelerek bu konuyu kapsaml\u0131 bir \u015fekilde m\u00fczakere etmesini \u00f6nerdi.<\/p>\n<p>\u00d6zbekistan Ali Meclisi Senatosu Bilim, E\u011fitim ve Sa\u011fl\u0131k Konular\u0131 Komitesi Ba\u015fkan\u0131 Abdullayev, iklim de\u011fi\u015fikliklerinin etkilerinin azalt\u0131lmas\u0131 i\u00e7in \u00fclkesinin izledi\u011fi stratejiyi anlatt\u0131 ve T\u00dcRKPA \u00fcyesi \u00fclkelerin iklim de\u011fi\u015fikli\u011finin zararl\u0131 etkilerini azaltmak i\u00e7in birlikte \u00e7al\u0131\u015fmas\u0131 gerekti\u011fini vurgulad\u0131.<\/p>\n<p>Kazakistan Cumhuriyeti Parlamento Meclisi Sosyal ve K\u00fclt\u00fcrel Kalk\u0131nma Komitesi \u00fcyesi Nurimova, iklim de\u011fi\u015fikli\u011finin sa\u011fl\u0131k sistemine etkilerinin azalt\u0131lmas\u0131 i\u00e7in T\u00dcRKPA \u00fcyesi \u00fclkelerdeki sa\u011fl\u0131k personelinin bilgi ve becerilerinin art\u0131r\u0131lmas\u0131 ve parlamentolar\u0131n ilgili komiteleri aras\u0131ndaki i\u015fbirli\u011finin g\u00fc\u00e7lendirilmesi gerekti\u011fini kaydetti.<\/p>\n<\/p><\/div>\n<p><script async\n                    defer\n                    crossorigin=\"anonymous\"\n                    src=\"https:\/\/connect.facebook.net\/tr_TR\/sdk.js#xfbml=1&#038;version=v3.3\"\n            ><\/script><\/p>\n","protected":false},"excerpt":{"rendered":"<p>Azerbaycan\u2019da, T\u00fcrk Devletleri Parlamenter Asamblesi (T\u00dcRKPA) Sa\u011fl\u0131k Komisyon Ba\u015fkanlar\u0131 2. Toplant\u0131s\u0131 yap\u0131ld\u0131. Toplant\u0131da KKTC\u2019yi temsil eden Cumhuriyet Meclisi \u0130dari, Kamu ve Sa\u011fl\u0131k \u0130\u015fleri Komitesi Ba\u015fkan Yard\u0131mc\u0131s\u0131 Filiz Besim, d\u00fcnyada ya\u015fanan su ve sa\u011fl\u0131kl\u0131 g\u0131da sorununa dikkati \u00e7ekti, k\u00fcresel nitelikli bu sorunlar\u0131n ortak \u00e7abalarla \u00e7\u00f6z\u00fclmesi gerekti\u011fini ifade etti. Azerbaycan Milli Meclisi\u2019nde \u201c\u0130klim De\u011fi\u015fikli\u011fi ve Sa\u011fl\u0131k: Yasaman\u0131n<\/p>\n","protected":false},"author":1,"featured_media":74111,"comment_status":"open","ping_status":"open","sticky":false,"template":"","format":"standard","meta":{"footnotes":""},"categories":[81,101],"tags":[],"class_list":["post-74110","post","type-post","status-publish","format-standard","has-post-thumbnail","hentry","category-kibris","category-manset"],"yoast_head":"<!-- This site is optimized with the Yoast SEO plugin v27.5 - https:\/\/yoast.com\/product\/yoast-seo-wordpress\/ -->\n<title>KKTC, Azerbaycan\u2019daki T\u00dcRKPA Sa\u011fl\u0131k Komisyon Ba\u015fkanlar\u0131 toplant\u0131s\u0131nda temsil edildi -<\/title>\n<meta name=\"robots\" content=\"index, follow, max-snippet:-1, max-image-preview:large, max-video-preview:-1\" \/>\n<link rel=\"canonical\" href=\"https:\/\/kibrisdakik.com\/?p=74110\" \/>\n<meta property=\"og:locale\" content=\"tr_TR\" \/>\n<meta property=\"og:type\" content=\"article\" \/>\n<meta property=\"og:title\" content=\"KKTC, Azerbaycan\u2019daki T\u00dcRKPA Sa\u011fl\u0131k Komisyon Ba\u015fkanlar\u0131 toplant\u0131s\u0131nda temsil edildi -\" \/>\n<meta property=\"og:description\" content=\"Azerbaycan\u2019da, T\u00fcrk Devletleri Parlamenter Asamblesi (T\u00dcRKPA) Sa\u011fl\u0131k Komisyon Ba\u015fkanlar\u0131 2. Toplant\u0131s\u0131 yap\u0131ld\u0131. Toplant\u0131da KKTC\u2019yi temsil eden Cumhuriyet Meclisi \u0130dari, Kamu ve Sa\u011fl\u0131k \u0130\u015fleri Komitesi Ba\u015fkan Yard\u0131mc\u0131s\u0131 Filiz Besim, d\u00fcnyada ya\u015fanan su ve sa\u011fl\u0131kl\u0131 g\u0131da sorununa dikkati \u00e7ekti, k\u00fcresel nitelikli bu sorunlar\u0131n ortak \u00e7abalarla \u00e7\u00f6z\u00fclmesi gerekti\u011fini ifade etti. Azerbaycan Milli Meclisi\u2019nde \u201c\u0130klim De\u011fi\u015fikli\u011fi ve Sa\u011fl\u0131k: Yasaman\u0131n\" \/>\n<meta property=\"og:url\" content=\"https:\/\/kibrisdakik.com\/?p=74110\" \/>\n<meta property=\"article:published_time\" content=\"2025-01-22T11:37:41+00:00\" \/>\n<meta property=\"og:image\" content=\"https:\/\/kibrisdakik.com\/wp-content\/uploads\/2025\/01\/173754537021080b63be638c44cb59f365700f5a1c60a.jpg\" \/>\n\t<meta property=\"og:image:width\" content=\"640\" \/>\n\t<meta property=\"og:image:height\" content=\"360\" \/>\n\t<meta property=\"og:image:type\" content=\"image\/jpeg\" \/>\n<meta name=\"author\" content=\"admin\" \/>\n<meta name=\"twitter:card\" content=\"summary_large_image\" \/>\n<meta name=\"twitter:label1\" content=\"Yazan:\" \/>\n\t<meta name=\"twitter:data1\" content=\"admin\" \/>\n\t<meta name=\"twitter:label2\" content=\"Tahmini okuma s\u00fcresi\" \/>\n\t<meta name=\"twitter:data2\" content=\"3 dakika\" \/>\n<script type=\"application\/ld+json\" class=\"yoast-schema-graph\">{\"@context\":\"https:\\\/\\\/schema.org\",\"@graph\":[{\"@type\":\"Article\",\"@id\":\"https:\\\/\\\/kibrisdakik.com\\\/?p=74110#article\",\"isPartOf\":{\"@id\":\"https:\\\/\\\/kibrisdakik.com\\\/?p=74110\"},\"author\":{\"name\":\"admin\",\"@id\":\"https:\\\/\\\/kibrisdakik.com\\\/#\\\/schema\\\/person\\\/9cd9d437bbb44f72b73ba127e06d8e79\"},\"headline\":\"KKTC, Azerbaycan\u2019daki T\u00dcRKPA Sa\u011fl\u0131k Komisyon Ba\u015fkanlar\u0131 toplant\u0131s\u0131nda temsil edildi\",\"datePublished\":\"2025-01-22T11:37:41+00:00\",\"mainEntityOfPage\":{\"@id\":\"https:\\\/\\\/kibrisdakik.com\\\/?p=74110\"},\"wordCount\":698,\"commentCount\":0,\"image\":{\"@id\":\"https:\\\/\\\/kibrisdakik.com\\\/?p=74110#primaryimage\"},\"thumbnailUrl\":\"https:\\\/\\\/kibrisdakik.com\\\/wp-content\\\/uploads\\\/2025\\\/01\\\/173754537021080b63be638c44cb59f365700f5a1c60a.jpg\",\"articleSection\":[\"K\u0131br\u0131s\",\"Man\u015fet\"],\"inLanguage\":\"tr\",\"potentialAction\":[{\"@type\":\"CommentAction\",\"name\":\"Comment\",\"target\":[\"https:\\\/\\\/kibrisdakik.com\\\/?p=74110#respond\"]}]},{\"@type\":\"WebPage\",\"@id\":\"https:\\\/\\\/kibrisdakik.com\\\/?p=74110\",\"url\":\"https:\\\/\\\/kibrisdakik.com\\\/?p=74110\",\"name\":\"KKTC, Azerbaycan\u2019daki T\u00dcRKPA Sa\u011fl\u0131k Komisyon Ba\u015fkanlar\u0131 toplant\u0131s\u0131nda temsil edildi -\",\"isPartOf\":{\"@id\":\"https:\\\/\\\/kibrisdakik.com\\\/#website\"},\"primaryImageOfPage\":{\"@id\":\"https:\\\/\\\/kibrisdakik.com\\\/?p=74110#primaryimage\"},\"image\":{\"@id\":\"https:\\\/\\\/kibrisdakik.com\\\/?p=74110#primaryimage\"},\"thumbnailUrl\":\"https:\\\/\\\/kibrisdakik.com\\\/wp-content\\\/uploads\\\/2025\\\/01\\\/173754537021080b63be638c44cb59f365700f5a1c60a.jpg\",\"datePublished\":\"2025-01-22T11:37:41+00:00\",\"author\":{\"@id\":\"https:\\\/\\\/kibrisdakik.com\\\/#\\\/schema\\\/person\\\/9cd9d437bbb44f72b73ba127e06d8e79\"},\"breadcrumb\":{\"@id\":\"https:\\\/\\\/kibrisdakik.com\\\/?p=74110#breadcrumb\"},\"inLanguage\":\"tr\",\"potentialAction\":[{\"@type\":\"ReadAction\",\"target\":[\"https:\\\/\\\/kibrisdakik.com\\\/?p=74110\"]}]},{\"@type\":\"ImageObject\",\"inLanguage\":\"tr\",\"@id\":\"https:\\\/\\\/kibrisdakik.com\\\/?p=74110#primaryimage\",\"url\":\"https:\\\/\\\/kibrisdakik.com\\\/wp-content\\\/uploads\\\/2025\\\/01\\\/173754537021080b63be638c44cb59f365700f5a1c60a.jpg\",\"contentUrl\":\"https:\\\/\\\/kibrisdakik.com\\\/wp-content\\\/uploads\\\/2025\\\/01\\\/173754537021080b63be638c44cb59f365700f5a1c60a.jpg\",\"width\":640,\"height\":360},{\"@type\":\"BreadcrumbList\",\"@id\":\"https:\\\/\\\/kibrisdakik.com\\\/?p=74110#breadcrumb\",\"itemListElement\":[{\"@type\":\"ListItem\",\"position\":1,\"name\":\"Home\",\"item\":\"https:\\\/\\\/kibrisdakik.com\\\/\"},{\"@type\":\"ListItem\",\"position\":2,\"name\":\"KKTC, Azerbaycan\u2019daki T\u00dcRKPA Sa\u011fl\u0131k Komisyon Ba\u015fkanlar\u0131 toplant\u0131s\u0131nda temsil edildi\"}]},{\"@type\":\"WebSite\",\"@id\":\"https:\\\/\\\/kibrisdakik.com\\\/#website\",\"url\":\"https:\\\/\\\/kibrisdakik.com\\\/\",\"name\":\"\",\"description\":\"Tam vaktinde haber\",\"potentialAction\":[{\"@type\":\"SearchAction\",\"target\":{\"@type\":\"EntryPoint\",\"urlTemplate\":\"https:\\\/\\\/kibrisdakik.com\\\/?s={search_term_string}\"},\"query-input\":{\"@type\":\"PropertyValueSpecification\",\"valueRequired\":true,\"valueName\":\"search_term_string\"}}],\"inLanguage\":\"tr\"},{\"@type\":\"Person\",\"@id\":\"https:\\\/\\\/kibrisdakik.com\\\/#\\\/schema\\\/person\\\/9cd9d437bbb44f72b73ba127e06d8e79\",\"name\":\"admin\",\"image\":{\"@type\":\"ImageObject\",\"inLanguage\":\"tr\",\"@id\":\"https:\\\/\\\/secure.gravatar.com\\\/avatar\\\/ccc17943b9d660506c869530f897617f7cb1c21a4bf30023f252596d83e1f007?s=96&d=mm&r=g\",\"url\":\"https:\\\/\\\/secure.gravatar.com\\\/avatar\\\/ccc17943b9d660506c869530f897617f7cb1c21a4bf30023f252596d83e1f007?s=96&d=mm&r=g\",\"contentUrl\":\"https:\\\/\\\/secure.gravatar.com\\\/avatar\\\/ccc17943b9d660506c869530f897617f7cb1c21a4bf30023f252596d83e1f007?s=96&d=mm&r=g\",\"caption\":\"admin\"},\"sameAs\":[\"https:\\\/\\\/kibrisdakik.com\"],\"url\":\"https:\\\/\\\/kibrisdakik.com\\\/?author=1\"}]}<\/script>\n<!-- \/ Yoast SEO plugin. -->","yoast_head_json":{"title":"KKTC, Azerbaycan\u2019daki T\u00dcRKPA Sa\u011fl\u0131k Komisyon Ba\u015fkanlar\u0131 toplant\u0131s\u0131nda temsil edildi -","robots":{"index":"index","follow":"follow","max-snippet":"max-snippet:-1","max-image-preview":"max-image-preview:large","max-video-preview":"max-video-preview:-1"},"canonical":"https:\/\/kibrisdakik.com\/?p=74110","og_locale":"tr_TR","og_type":"article","og_title":"KKTC, Azerbaycan\u2019daki T\u00dcRKPA Sa\u011fl\u0131k Komisyon Ba\u015fkanlar\u0131 toplant\u0131s\u0131nda temsil edildi -","og_description":"Azerbaycan\u2019da, T\u00fcrk Devletleri Parlamenter Asamblesi (T\u00dcRKPA) Sa\u011fl\u0131k Komisyon Ba\u015fkanlar\u0131 2. Toplant\u0131s\u0131 yap\u0131ld\u0131. Toplant\u0131da KKTC\u2019yi temsil eden Cumhuriyet Meclisi \u0130dari, Kamu ve Sa\u011fl\u0131k \u0130\u015fleri Komitesi Ba\u015fkan Yard\u0131mc\u0131s\u0131 Filiz Besim, d\u00fcnyada ya\u015fanan su ve sa\u011fl\u0131kl\u0131 g\u0131da sorununa dikkati \u00e7ekti, k\u00fcresel nitelikli bu sorunlar\u0131n ortak \u00e7abalarla \u00e7\u00f6z\u00fclmesi gerekti\u011fini ifade etti. Azerbaycan Milli Meclisi\u2019nde \u201c\u0130klim De\u011fi\u015fikli\u011fi ve Sa\u011fl\u0131k: Yasaman\u0131n","og_url":"https:\/\/kibrisdakik.com\/?p=74110","article_published_time":"2025-01-22T11:37:41+00:00","og_image":[{"width":640,"height":360,"url":"https:\/\/kibrisdakik.com\/wp-content\/uploads\/2025\/01\/173754537021080b63be638c44cb59f365700f5a1c60a.jpg","type":"image\/jpeg"}],"author":"admin","twitter_card":"summary_large_image","twitter_misc":{"Yazan:":"admin","Tahmini okuma s\u00fcresi":"3 dakika"},"schema":{"@context":"https:\/\/schema.org","@graph":[{"@type":"Article","@id":"https:\/\/kibrisdakik.com\/?p=74110#article","isPartOf":{"@id":"https:\/\/kibrisdakik.com\/?p=74110"},"author":{"name":"admin","@id":"https:\/\/kibrisdakik.com\/#\/schema\/person\/9cd9d437bbb44f72b73ba127e06d8e79"},"headline":"KKTC, Azerbaycan\u2019daki T\u00dcRKPA Sa\u011fl\u0131k Komisyon Ba\u015fkanlar\u0131 toplant\u0131s\u0131nda temsil edildi","datePublished":"2025-01-22T11:37:41+00:00","mainEntityOfPage":{"@id":"https:\/\/kibrisdakik.com\/?p=74110"},"wordCount":698,"commentCount":0,"image":{"@id":"https:\/\/kibrisdakik.com\/?p=74110#primaryimage"},"thumbnailUrl":"https:\/\/kibrisdakik.com\/wp-content\/uploads\/2025\/01\/173754537021080b63be638c44cb59f365700f5a1c60a.jpg","articleSection":["K\u0131br\u0131s","Man\u015fet"],"inLanguage":"tr","potentialAction":[{"@type":"CommentAction","name":"Comment","target":["https:\/\/kibrisdakik.com\/?p=74110#respond"]}]},{"@type":"WebPage","@id":"https:\/\/kibrisdakik.com\/?p=74110","url":"https:\/\/kibrisdakik.com\/?p=74110","name":"KKTC, Azerbaycan\u2019daki T\u00dcRKPA Sa\u011fl\u0131k Komisyon Ba\u015fkanlar\u0131 toplant\u0131s\u0131nda temsil edildi -","isPartOf":{"@id":"https:\/\/kibrisdakik.com\/#website"},"primaryImageOfPage":{"@id":"https:\/\/kibrisdakik.com\/?p=74110#primaryimage"},"image":{"@id":"https:\/\/kibrisdakik.com\/?p=74110#primaryimage"},"thumbnailUrl":"https:\/\/kibrisdakik.com\/wp-content\/uploads\/2025\/01\/173754537021080b63be638c44cb59f365700f5a1c60a.jpg","datePublished":"2025-01-22T11:37:41+00:00","author":{"@id":"https:\/\/kibrisdakik.com\/#\/schema\/person\/9cd9d437bbb44f72b73ba127e06d8e79"},"breadcrumb":{"@id":"https:\/\/kibrisdakik.com\/?p=74110#breadcrumb"},"inLanguage":"tr","potentialAction":[{"@type":"ReadAction","target":["https:\/\/kibrisdakik.com\/?p=74110"]}]},{"@type":"ImageObject","inLanguage":"tr","@id":"https:\/\/kibrisdakik.com\/?p=74110#primaryimage","url":"https:\/\/kibrisdakik.com\/wp-content\/uploads\/2025\/01\/173754537021080b63be638c44cb59f365700f5a1c60a.jpg","contentUrl":"https:\/\/kibrisdakik.com\/wp-content\/uploads\/2025\/01\/173754537021080b63be638c44cb59f365700f5a1c60a.jpg","width":640,"height":360},{"@type":"BreadcrumbList","@id":"https:\/\/kibrisdakik.com\/?p=74110#breadcrumb","itemListElement":[{"@type":"ListItem","position":1,"name":"Home","item":"https:\/\/kibrisdakik.com\/"},{"@type":"ListItem","position":2,"name":"KKTC, Azerbaycan\u2019daki T\u00dcRKPA Sa\u011fl\u0131k Komisyon Ba\u015fkanlar\u0131 toplant\u0131s\u0131nda temsil edildi"}]},{"@type":"WebSite","@id":"https:\/\/kibrisdakik.com\/#website","url":"https:\/\/kibrisdakik.com\/","name":"","description":"Tam vaktinde haber","potentialAction":[{"@type":"SearchAction","target":{"@type":"EntryPoint","urlTemplate":"https:\/\/kibrisdakik.com\/?s={search_term_string}"},"query-input":{"@type":"PropertyValueSpecification","valueRequired":true,"valueName":"search_term_string"}}],"inLanguage":"tr"},{"@type":"Person","@id":"https:\/\/kibrisdakik.com\/#\/schema\/person\/9cd9d437bbb44f72b73ba127e06d8e79","name":"admin","image":{"@type":"ImageObject","inLanguage":"tr","@id":"https:\/\/secure.gravatar.com\/avatar\/ccc17943b9d660506c869530f897617f7cb1c21a4bf30023f252596d83e1f007?s=96&d=mm&r=g","url":"https:\/\/secure.gravatar.com\/avatar\/ccc17943b9d660506c869530f897617f7cb1c21a4bf30023f252596d83e1f007?s=96&d=mm&r=g","contentUrl":"https:\/\/secure.gravatar.com\/avatar\/ccc17943b9d660506c869530f897617f7cb1c21a4bf30023f252596d83e1f007?s=96&d=mm&r=g","caption":"admin"},"sameAs":["https:\/\/kibrisdakik.com"],"url":"https:\/\/kibrisdakik.com\/?author=1"}]}},"_links":{"self":[{"href":"https:\/\/kibrisdakik.com\/index.php?rest_route=\/wp\/v2\/posts\/74110","targetHints":{"allow":["GET"]}}],"collection":[{"href":"https:\/\/kibrisdakik.com\/index.php?rest_route=\/wp\/v2\/posts"}],"about":[{"href":"https:\/\/kibrisdakik.com\/index.php?rest_route=\/wp\/v2\/types\/post"}],"author":[{"embeddable":true,"href":"https:\/\/kibrisdakik.com\/index.php?rest_route=\/wp\/v2\/users\/1"}],"replies":[{"embeddable":true,"href":"https:\/\/kibrisdakik.com\/index.php?rest_route=%2Fwp%2Fv2%2Fcomments&post=74110"}],"version-history":[{"count":0,"href":"https:\/\/kibrisdakik.com\/index.php?rest_route=\/wp\/v2\/posts\/74110\/revisions"}],"wp:featuredmedia":[{"embeddable":true,"href":"https:\/\/kibrisdakik.com\/index.php?rest_route=\/wp\/v2\/media\/74111"}],"wp:attachment":[{"href":"https:\/\/kibrisdakik.com\/index.php?rest_route=%2Fwp%2Fv2%2Fmedia&parent=74110"}],"wp:term":[{"taxonomy":"category","embeddable":true,"href":"https:\/\/kibrisdakik.com\/index.php?rest_route=%2Fwp%2Fv2%2Fcategories&post=74110"},{"taxonomy":"post_tag","embeddable":true,"href":"https:\/\/kibrisdakik.com\/index.php?rest_route=%2Fwp%2Fv2%2Ftags&post=74110"}],"curies":[{"name":"wp","href":"https:\/\/api.w.org\/{rel}","templated":true}]}}