{"id":74133,"date":"2025-01-22T17:25:18","date_gmt":"2025-01-22T14:25:18","guid":{"rendered":"https:\/\/kibrisdakik.com\/index.php\/2025\/01\/22\/belediyeler-birligi-baskani-yeniden-ozcinar\/"},"modified":"2025-01-22T17:25:18","modified_gmt":"2025-01-22T14:25:18","slug":"belediyeler-birligi-baskani-yeniden-ozcinar","status":"publish","type":"post","link":"https:\/\/kibrisdakik.com\/?p=74133","title":{"rendered":"Belediyeler Birli\u011fi Ba\u015fkan\u0131 yeniden \u00d6z\u00e7\u0131nar"},"content":{"rendered":"<div>\n<div class=\"mariselle-image-container center\">\n                                            <\/div>\n<p>K\u0131br\u0131s T\u00fcrk Belediyeler Birli\u011fi ba\u015fkanl\u0131\u011f\u0131na oy birli\u011fiyle yeniden G\u00fczelyurt Belediye Ba\u015fkan\u0131 Mahmut \u00d6z\u00e7\u0131nar, As Ba\u015fkanl\u0131\u011fa ise \u0130skele Belediye Ba\u015fkan\u0131 Hasan Sad\u0131ko\u011flu getirildi.<\/p>\n<p>Birlikten verilen bilgiye g\u00f6re, K\u0131br\u0131s T\u00fcrk Belediyeler Birli\u011fi 1.Y\u00fcr\u00fctme Kurulu ve 83.Genel Y\u00f6netim Kurulu toplant\u0131lar\u0131 bug\u00fcn yap\u0131ld\u0131.<\/p>\n<p>Y\u00fcr\u00fctme Kurulu toplant\u0131s\u0131nda ilk olarak 2024 y\u0131l\u0131 Kesin Hesaplar\u0131 ve 2025 y\u0131l\u0131 Genel B\u00fct\u00e7esi okundu. Ard\u0131ndan y\u0131ll\u0131k Faaliyet Raporunun sunumu yap\u0131ld\u0131.<\/p>\n<p>Ba\u015fkanlar, toplant\u0131 g\u00fcndemindeki 2024 y\u0131l\u0131 Kesin Hesaplar\u0131, 2025 y\u0131l\u0131 Genel B\u00fct\u00e7esi ve Faaliyet Raporunun, Genel Kurul\u2019un onay\u0131na sunulmas\u0131na oy birli\u011fi ile karar verdi.<\/p>\n<p>Y\u00fcr\u00fctme Kurulu toplant\u0131s\u0131n\u0131n ard\u0131ndan ise divan olu\u015fturularak, 83.Genel Y\u00f6netim Kurulu\u2019na ge\u00e7ildi.<\/p>\n<p>Divan ba\u015fkanl\u0131\u011f\u0131n\u0131 G\u00f6nyeli-Alayk\u00f6y Belediye Ba\u015fkan\u0131 H\u00fcseyin Amcao\u011flu\u2019nun yapt\u0131\u011f\u0131 Genel Kurul\u2019da ilk olarak K\u0131br\u0131s T\u00fcrk Belediyeler Birli\u011fi\u2019nin kesin hesaplar\u0131, faaliyet raporlar\u0131 ve 2025 b\u00fct\u00e7esi g\u00f6r\u00fc\u015f\u00fclerek, oy birli\u011fiyle onayland\u0131. <\/p>\n<p>Ba\u015fkanlar aras\u0131nda sa\u011flanan konsensus ile y\u00f6netimde bir de\u011fi\u015fikli\u011fe gidilmedi.<\/p>\n<p>Y\u00fcr\u00fctme Kurulu, De\u011firmenlik-Ak\u0131nc\u0131lar Belediye Ba\u015fkan\u0131 Ali Karavezirler, Girne Belediye Ba\u015fkan\u0131 Murat \u015eenkul, Ge\u00e7itkale-Serdarl\u0131 Belediye Ba\u015fkan\u0131 Halil Kas\u0131m, Lefko\u015fa T\u00fcrk Belediyesi Ba\u015fkan\u0131 Mehmet Harmanc\u0131, Tatl\u0131su Belediye Ba\u015fkan\u0131 Hayri Or\u00e7an, Beyarmudu Belediye Ba\u015fkan\u0131 B\u00fclent Bebek, Yenibo\u011fazi\u00e7i Belediye Ba\u015fkan\u0131 Katip Demir\u2019den olu\u015ftu. <\/p>\n<p>Yedek \u00fcyeler ise Lefke Belediye Ba\u015fkan\u0131 Aziz Kaya ile Mehmet\u00e7ik- B\u00fcy\u00fckkonuk Belediye Ba\u015fkan\u0131 Fatma \u00c7imen Tu\u011flu oldu.<\/p>\n<\/p><\/div>\n<p><script async\n                    defer\n                    crossorigin=\"anonymous\"\n                    src=\"https:\/\/connect.facebook.net\/tr_TR\/sdk.js#xfbml=1&#038;version=v3.3\"\n            ><\/script><\/p>\n","protected":false},"excerpt":{"rendered":"<p>K\u0131br\u0131s T\u00fcrk Belediyeler Birli\u011fi ba\u015fkanl\u0131\u011f\u0131na oy birli\u011fiyle yeniden G\u00fczelyurt Belediye Ba\u015fkan\u0131 Mahmut \u00d6z\u00e7\u0131nar, As Ba\u015fkanl\u0131\u011fa ise \u0130skele Belediye Ba\u015fkan\u0131 Hasan Sad\u0131ko\u011flu getirildi. Birlikten verilen bilgiye g\u00f6re, K\u0131br\u0131s T\u00fcrk Belediyeler Birli\u011fi 1.Y\u00fcr\u00fctme Kurulu ve 83.Genel Y\u00f6netim Kurulu toplant\u0131lar\u0131 bug\u00fcn yap\u0131ld\u0131. Y\u00fcr\u00fctme Kurulu toplant\u0131s\u0131nda ilk olarak 2024 y\u0131l\u0131 Kesin Hesaplar\u0131 ve 2025 y\u0131l\u0131 Genel B\u00fct\u00e7esi okundu. Ard\u0131ndan<\/p>\n","protected":false},"author":1,"featured_media":74134,"comment_status":"open","ping_status":"open","sticky":false,"template":"","format":"standard","meta":{"footnotes":""},"categories":[81,101],"tags":[],"class_list":["post-74133","post","type-post","status-publish","format-standard","has-post-thumbnail","hentry","category-kibris","category-manset"],"yoast_head":"<!-- This site is optimized with the Yoast SEO plugin v27.5 - https:\/\/yoast.com\/product\/yoast-seo-wordpress\/ -->\n<title>Belediyeler Birli\u011fi Ba\u015fkan\u0131 yeniden \u00d6z\u00e7\u0131nar -<\/title>\n<meta name=\"robots\" content=\"index, follow, max-snippet:-1, max-image-preview:large, max-video-preview:-1\" \/>\n<link rel=\"canonical\" href=\"https:\/\/kibrisdakik.com\/?p=74133\" \/>\n<meta property=\"og:locale\" content=\"tr_TR\" \/>\n<meta property=\"og:type\" content=\"article\" \/>\n<meta property=\"og:title\" content=\"Belediyeler Birli\u011fi Ba\u015fkan\u0131 yeniden \u00d6z\u00e7\u0131nar -\" \/>\n<meta property=\"og:description\" content=\"K\u0131br\u0131s T\u00fcrk Belediyeler Birli\u011fi ba\u015fkanl\u0131\u011f\u0131na oy birli\u011fiyle yeniden G\u00fczelyurt Belediye Ba\u015fkan\u0131 Mahmut \u00d6z\u00e7\u0131nar, As Ba\u015fkanl\u0131\u011fa ise \u0130skele Belediye Ba\u015fkan\u0131 Hasan Sad\u0131ko\u011flu getirildi. Birlikten verilen bilgiye g\u00f6re, K\u0131br\u0131s T\u00fcrk Belediyeler Birli\u011fi 1.Y\u00fcr\u00fctme Kurulu ve 83.Genel Y\u00f6netim Kurulu toplant\u0131lar\u0131 bug\u00fcn yap\u0131ld\u0131. Y\u00fcr\u00fctme Kurulu toplant\u0131s\u0131nda ilk olarak 2024 y\u0131l\u0131 Kesin Hesaplar\u0131 ve 2025 y\u0131l\u0131 Genel B\u00fct\u00e7esi okundu. Ard\u0131ndan\" \/>\n<meta property=\"og:url\" content=\"https:\/\/kibrisdakik.com\/?p=74133\" \/>\n<meta property=\"article:published_time\" content=\"2025-01-22T14:25:18+00:00\" \/>\n<meta property=\"og:image\" content=\"https:\/\/kibrisdakik.com\/wp-content\/uploads\/2025\/01\/wfsfsfs-scaled-740x420.jpg\" \/>\n\t<meta property=\"og:image:width\" content=\"2560\" \/>\n\t<meta property=\"og:image:height\" content=\"1506\" \/>\n\t<meta property=\"og:image:type\" content=\"image\/jpeg\" \/>\n<meta name=\"author\" content=\"admin\" \/>\n<meta name=\"twitter:card\" content=\"summary_large_image\" \/>\n<meta name=\"twitter:label1\" content=\"Yazan:\" \/>\n\t<meta name=\"twitter:data1\" content=\"admin\" \/>\n\t<meta name=\"twitter:label2\" content=\"Tahmini okuma s\u00fcresi\" \/>\n\t<meta name=\"twitter:data2\" content=\"1 dakika\" \/>\n<script type=\"application\/ld+json\" class=\"yoast-schema-graph\">{\"@context\":\"https:\\\/\\\/schema.org\",\"@graph\":[{\"@type\":\"Article\",\"@id\":\"https:\\\/\\\/kibrisdakik.com\\\/?p=74133#article\",\"isPartOf\":{\"@id\":\"https:\\\/\\\/kibrisdakik.com\\\/?p=74133\"},\"author\":{\"name\":\"admin\",\"@id\":\"https:\\\/\\\/kibrisdakik.com\\\/#\\\/schema\\\/person\\\/9cd9d437bbb44f72b73ba127e06d8e79\"},\"headline\":\"Belediyeler Birli\u011fi Ba\u015fkan\u0131 yeniden \u00d6z\u00e7\u0131nar\",\"datePublished\":\"2025-01-22T14:25:18+00:00\",\"mainEntityOfPage\":{\"@id\":\"https:\\\/\\\/kibrisdakik.com\\\/?p=74133\"},\"wordCount\":302,\"commentCount\":0,\"image\":{\"@id\":\"https:\\\/\\\/kibrisdakik.com\\\/?p=74133#primaryimage\"},\"thumbnailUrl\":\"https:\\\/\\\/kibrisdakik.com\\\/wp-content\\\/uploads\\\/2025\\\/01\\\/wfsfsfs-scaled-740x420.jpg\",\"articleSection\":[\"K\u0131br\u0131s\",\"Man\u015fet\"],\"inLanguage\":\"tr\",\"potentialAction\":[{\"@type\":\"CommentAction\",\"name\":\"Comment\",\"target\":[\"https:\\\/\\\/kibrisdakik.com\\\/?p=74133#respond\"]}]},{\"@type\":\"WebPage\",\"@id\":\"https:\\\/\\\/kibrisdakik.com\\\/?p=74133\",\"url\":\"https:\\\/\\\/kibrisdakik.com\\\/?p=74133\",\"name\":\"Belediyeler Birli\u011fi Ba\u015fkan\u0131 yeniden \u00d6z\u00e7\u0131nar -\",\"isPartOf\":{\"@id\":\"https:\\\/\\\/kibrisdakik.com\\\/#website\"},\"primaryImageOfPage\":{\"@id\":\"https:\\\/\\\/kibrisdakik.com\\\/?p=74133#primaryimage\"},\"image\":{\"@id\":\"https:\\\/\\\/kibrisdakik.com\\\/?p=74133#primaryimage\"},\"thumbnailUrl\":\"https:\\\/\\\/kibrisdakik.com\\\/wp-content\\\/uploads\\\/2025\\\/01\\\/wfsfsfs-scaled-740x420.jpg\",\"datePublished\":\"2025-01-22T14:25:18+00:00\",\"author\":{\"@id\":\"https:\\\/\\\/kibrisdakik.com\\\/#\\\/schema\\\/person\\\/9cd9d437bbb44f72b73ba127e06d8e79\"},\"breadcrumb\":{\"@id\":\"https:\\\/\\\/kibrisdakik.com\\\/?p=74133#breadcrumb\"},\"inLanguage\":\"tr\",\"potentialAction\":[{\"@type\":\"ReadAction\",\"target\":[\"https:\\\/\\\/kibrisdakik.com\\\/?p=74133\"]}]},{\"@type\":\"ImageObject\",\"inLanguage\":\"tr\",\"@id\":\"https:\\\/\\\/kibrisdakik.com\\\/?p=74133#primaryimage\",\"url\":\"https:\\\/\\\/kibrisdakik.com\\\/wp-content\\\/uploads\\\/2025\\\/01\\\/wfsfsfs-scaled-740x420.jpg\",\"contentUrl\":\"https:\\\/\\\/kibrisdakik.com\\\/wp-content\\\/uploads\\\/2025\\\/01\\\/wfsfsfs-scaled-740x420.jpg\",\"width\":2560,\"height\":1506},{\"@type\":\"BreadcrumbList\",\"@id\":\"https:\\\/\\\/kibrisdakik.com\\\/?p=74133#breadcrumb\",\"itemListElement\":[{\"@type\":\"ListItem\",\"position\":1,\"name\":\"Home\",\"item\":\"https:\\\/\\\/kibrisdakik.com\\\/\"},{\"@type\":\"ListItem\",\"position\":2,\"name\":\"Belediyeler Birli\u011fi Ba\u015fkan\u0131 yeniden \u00d6z\u00e7\u0131nar\"}]},{\"@type\":\"WebSite\",\"@id\":\"https:\\\/\\\/kibrisdakik.com\\\/#website\",\"url\":\"https:\\\/\\\/kibrisdakik.com\\\/\",\"name\":\"\",\"description\":\"Tam vaktinde haber\",\"potentialAction\":[{\"@type\":\"SearchAction\",\"target\":{\"@type\":\"EntryPoint\",\"urlTemplate\":\"https:\\\/\\\/kibrisdakik.com\\\/?s={search_term_string}\"},\"query-input\":{\"@type\":\"PropertyValueSpecification\",\"valueRequired\":true,\"valueName\":\"search_term_string\"}}],\"inLanguage\":\"tr\"},{\"@type\":\"Person\",\"@id\":\"https:\\\/\\\/kibrisdakik.com\\\/#\\\/schema\\\/person\\\/9cd9d437bbb44f72b73ba127e06d8e79\",\"name\":\"admin\",\"image\":{\"@type\":\"ImageObject\",\"inLanguage\":\"tr\",\"@id\":\"https:\\\/\\\/secure.gravatar.com\\\/avatar\\\/ccc17943b9d660506c869530f897617f7cb1c21a4bf30023f252596d83e1f007?s=96&d=mm&r=g\",\"url\":\"https:\\\/\\\/secure.gravatar.com\\\/avatar\\\/ccc17943b9d660506c869530f897617f7cb1c21a4bf30023f252596d83e1f007?s=96&d=mm&r=g\",\"contentUrl\":\"https:\\\/\\\/secure.gravatar.com\\\/avatar\\\/ccc17943b9d660506c869530f897617f7cb1c21a4bf30023f252596d83e1f007?s=96&d=mm&r=g\",\"caption\":\"admin\"},\"sameAs\":[\"https:\\\/\\\/kibrisdakik.com\"],\"url\":\"https:\\\/\\\/kibrisdakik.com\\\/?author=1\"}]}<\/script>\n<!-- \/ Yoast SEO plugin. -->","yoast_head_json":{"title":"Belediyeler Birli\u011fi Ba\u015fkan\u0131 yeniden \u00d6z\u00e7\u0131nar -","robots":{"index":"index","follow":"follow","max-snippet":"max-snippet:-1","max-image-preview":"max-image-preview:large","max-video-preview":"max-video-preview:-1"},"canonical":"https:\/\/kibrisdakik.com\/?p=74133","og_locale":"tr_TR","og_type":"article","og_title":"Belediyeler Birli\u011fi Ba\u015fkan\u0131 yeniden \u00d6z\u00e7\u0131nar -","og_description":"K\u0131br\u0131s T\u00fcrk Belediyeler Birli\u011fi ba\u015fkanl\u0131\u011f\u0131na oy birli\u011fiyle yeniden G\u00fczelyurt Belediye Ba\u015fkan\u0131 Mahmut \u00d6z\u00e7\u0131nar, As Ba\u015fkanl\u0131\u011fa ise \u0130skele Belediye Ba\u015fkan\u0131 Hasan Sad\u0131ko\u011flu getirildi. Birlikten verilen bilgiye g\u00f6re, K\u0131br\u0131s T\u00fcrk Belediyeler Birli\u011fi 1.Y\u00fcr\u00fctme Kurulu ve 83.Genel Y\u00f6netim Kurulu toplant\u0131lar\u0131 bug\u00fcn yap\u0131ld\u0131. Y\u00fcr\u00fctme Kurulu toplant\u0131s\u0131nda ilk olarak 2024 y\u0131l\u0131 Kesin Hesaplar\u0131 ve 2025 y\u0131l\u0131 Genel B\u00fct\u00e7esi okundu. Ard\u0131ndan","og_url":"https:\/\/kibrisdakik.com\/?p=74133","article_published_time":"2025-01-22T14:25:18+00:00","og_image":[{"width":2560,"height":1506,"url":"https:\/\/kibrisdakik.com\/wp-content\/uploads\/2025\/01\/wfsfsfs-scaled-740x420.jpg","type":"image\/jpeg"}],"author":"admin","twitter_card":"summary_large_image","twitter_misc":{"Yazan:":"admin","Tahmini okuma s\u00fcresi":"1 dakika"},"schema":{"@context":"https:\/\/schema.org","@graph":[{"@type":"Article","@id":"https:\/\/kibrisdakik.com\/?p=74133#article","isPartOf":{"@id":"https:\/\/kibrisdakik.com\/?p=74133"},"author":{"name":"admin","@id":"https:\/\/kibrisdakik.com\/#\/schema\/person\/9cd9d437bbb44f72b73ba127e06d8e79"},"headline":"Belediyeler Birli\u011fi Ba\u015fkan\u0131 yeniden \u00d6z\u00e7\u0131nar","datePublished":"2025-01-22T14:25:18+00:00","mainEntityOfPage":{"@id":"https:\/\/kibrisdakik.com\/?p=74133"},"wordCount":302,"commentCount":0,"image":{"@id":"https:\/\/kibrisdakik.com\/?p=74133#primaryimage"},"thumbnailUrl":"https:\/\/kibrisdakik.com\/wp-content\/uploads\/2025\/01\/wfsfsfs-scaled-740x420.jpg","articleSection":["K\u0131br\u0131s","Man\u015fet"],"inLanguage":"tr","potentialAction":[{"@type":"CommentAction","name":"Comment","target":["https:\/\/kibrisdakik.com\/?p=74133#respond"]}]},{"@type":"WebPage","@id":"https:\/\/kibrisdakik.com\/?p=74133","url":"https:\/\/kibrisdakik.com\/?p=74133","name":"Belediyeler Birli\u011fi Ba\u015fkan\u0131 yeniden \u00d6z\u00e7\u0131nar -","isPartOf":{"@id":"https:\/\/kibrisdakik.com\/#website"},"primaryImageOfPage":{"@id":"https:\/\/kibrisdakik.com\/?p=74133#primaryimage"},"image":{"@id":"https:\/\/kibrisdakik.com\/?p=74133#primaryimage"},"thumbnailUrl":"https:\/\/kibrisdakik.com\/wp-content\/uploads\/2025\/01\/wfsfsfs-scaled-740x420.jpg","datePublished":"2025-01-22T14:25:18+00:00","author":{"@id":"https:\/\/kibrisdakik.com\/#\/schema\/person\/9cd9d437bbb44f72b73ba127e06d8e79"},"breadcrumb":{"@id":"https:\/\/kibrisdakik.com\/?p=74133#breadcrumb"},"inLanguage":"tr","potentialAction":[{"@type":"ReadAction","target":["https:\/\/kibrisdakik.com\/?p=74133"]}]},{"@type":"ImageObject","inLanguage":"tr","@id":"https:\/\/kibrisdakik.com\/?p=74133#primaryimage","url":"https:\/\/kibrisdakik.com\/wp-content\/uploads\/2025\/01\/wfsfsfs-scaled-740x420.jpg","contentUrl":"https:\/\/kibrisdakik.com\/wp-content\/uploads\/2025\/01\/wfsfsfs-scaled-740x420.jpg","width":2560,"height":1506},{"@type":"BreadcrumbList","@id":"https:\/\/kibrisdakik.com\/?p=74133#breadcrumb","itemListElement":[{"@type":"ListItem","position":1,"name":"Home","item":"https:\/\/kibrisdakik.com\/"},{"@type":"ListItem","position":2,"name":"Belediyeler Birli\u011fi Ba\u015fkan\u0131 yeniden \u00d6z\u00e7\u0131nar"}]},{"@type":"WebSite","@id":"https:\/\/kibrisdakik.com\/#website","url":"https:\/\/kibrisdakik.com\/","name":"","description":"Tam vaktinde haber","potentialAction":[{"@type":"SearchAction","target":{"@type":"EntryPoint","urlTemplate":"https:\/\/kibrisdakik.com\/?s={search_term_string}"},"query-input":{"@type":"PropertyValueSpecification","valueRequired":true,"valueName":"search_term_string"}}],"inLanguage":"tr"},{"@type":"Person","@id":"https:\/\/kibrisdakik.com\/#\/schema\/person\/9cd9d437bbb44f72b73ba127e06d8e79","name":"admin","image":{"@type":"ImageObject","inLanguage":"tr","@id":"https:\/\/secure.gravatar.com\/avatar\/ccc17943b9d660506c869530f897617f7cb1c21a4bf30023f252596d83e1f007?s=96&d=mm&r=g","url":"https:\/\/secure.gravatar.com\/avatar\/ccc17943b9d660506c869530f897617f7cb1c21a4bf30023f252596d83e1f007?s=96&d=mm&r=g","contentUrl":"https:\/\/secure.gravatar.com\/avatar\/ccc17943b9d660506c869530f897617f7cb1c21a4bf30023f252596d83e1f007?s=96&d=mm&r=g","caption":"admin"},"sameAs":["https:\/\/kibrisdakik.com"],"url":"https:\/\/kibrisdakik.com\/?author=1"}]}},"_links":{"self":[{"href":"https:\/\/kibrisdakik.com\/index.php?rest_route=\/wp\/v2\/posts\/74133","targetHints":{"allow":["GET"]}}],"collection":[{"href":"https:\/\/kibrisdakik.com\/index.php?rest_route=\/wp\/v2\/posts"}],"about":[{"href":"https:\/\/kibrisdakik.com\/index.php?rest_route=\/wp\/v2\/types\/post"}],"author":[{"embeddable":true,"href":"https:\/\/kibrisdakik.com\/index.php?rest_route=\/wp\/v2\/users\/1"}],"replies":[{"embeddable":true,"href":"https:\/\/kibrisdakik.com\/index.php?rest_route=%2Fwp%2Fv2%2Fcomments&post=74133"}],"version-history":[{"count":0,"href":"https:\/\/kibrisdakik.com\/index.php?rest_route=\/wp\/v2\/posts\/74133\/revisions"}],"wp:featuredmedia":[{"embeddable":true,"href":"https:\/\/kibrisdakik.com\/index.php?rest_route=\/wp\/v2\/media\/74134"}],"wp:attachment":[{"href":"https:\/\/kibrisdakik.com\/index.php?rest_route=%2Fwp%2Fv2%2Fmedia&parent=74133"}],"wp:term":[{"taxonomy":"category","embeddable":true,"href":"https:\/\/kibrisdakik.com\/index.php?rest_route=%2Fwp%2Fv2%2Fcategories&post=74133"},{"taxonomy":"post_tag","embeddable":true,"href":"https:\/\/kibrisdakik.com\/index.php?rest_route=%2Fwp%2Fv2%2Ftags&post=74133"}],"curies":[{"name":"wp","href":"https:\/\/api.w.org\/{rel}","templated":true}]}}