{"id":7416,"date":"2023-05-22T17:08:37","date_gmt":"2023-05-22T17:08:37","guid":{"rendered":"https:\/\/kibrisdakik.com\/index.php\/2023\/05\/22\/cumhuriyet-meclisinde-guncel-konusmalar-yapildi\/"},"modified":"2023-05-22T17:08:37","modified_gmt":"2023-05-22T17:08:37","slug":"cumhuriyet-meclisinde-guncel-konusmalar-yapildi","status":"publish","type":"post","link":"https:\/\/kibrisdakik.com\/?p=7416","title":{"rendered":"Cumhuriyet Meclisi\u2019nde g\u00fcncel konu\u015fmalar yap\u0131ld\u0131"},"content":{"rendered":"<p><\/p>\n<div>\n<p style=\"font-weight: 300;\"><span style=\"font-weight: 300 !important;\"><\/p>\n<div class=\"mariselle-image-container none\">\n                <img width=\"1800\" height=\"1200\" class=\"lazy-image\" alt=\"\" decoding=\"async\" loading=\"lazy\" sizes=\"auto, (max-width: 1800px) 100vw, 1800px\" src=\"https:\/\/brtk.net\/wp-content\/uploads\/2023\/05\/22\/meclis-3-22.jpg?ver=7b9274dfffa24d9ab646166c04db9786\" srcset=\"https:\/\/brtk.net\/wp-content\/uploads\/2023\/05\/22\/meclis-3-22.jpg?ver=7b9274dfffa24d9ab646166c04db9786 1800w, https:\/\/brtk.net\/wp-content\/uploads\/2023\/05\/22\/meclis-3-22-300x200.jpg?ver=7b9274dfffa24d9ab646166c04db9786 300w, https:\/\/brtk.net\/wp-content\/uploads\/2023\/05\/22\/meclis-3-22-1024x683.jpg?ver=7b9274dfffa24d9ab646166c04db9786 1024w, https:\/\/brtk.net\/wp-content\/uploads\/2023\/05\/22\/meclis-3-22-768x512.jpg?ver=1099413da74ae48d70c63ff0a1a9c06d 768w, https:\/\/brtk.net\/wp-content\/uploads\/2023\/05\/22\/meclis-3-22-1536x1024.jpg?ver=1099413da74ae48d70c63ff0a1a9c06d 1536w\"\/>                            <\/div>\n<p><\/span><\/p>\n<p style=\"font-weight: 300;\"><span style=\"font-weight: 300 !important;\">Milli E\u011fitim Bakan\u0131 Naz\u0131m \u00c7avu\u015fo\u011flu, \u201c\u00dclkenin gelece\u011fi e\u011fitimdedir. Bakanl\u0131k olarak \u00fclkenin e\u011fitim seviyesini y\u00fckseltmek birinci hedefimizdir, \u00e7abalar\u0131m\u0131z devam ediyor\u201d dedi. \u00c7avu\u015fo\u011flu, e\u011fitimde eksik kalan veya g\u00fcn\u00fcn ihtiya\u00e7lar\u0131na cevap vermeyen yasalar\u0131n da g\u00fcn\u00fcn ihtiya\u00e7lar\u0131na g\u00f6re haz\u0131rlanmas\u0131 gerekti\u011fini kaydetti.<\/span><\/p>\n<p style=\"font-weight: 300;\"><span style=\"font-weight: 300 !important;\">Cumhuriyet Meclisi Genel Kurulu\u2019nda milletvekillerinin g\u00fcncel konu\u015fma istemlerine yer verildi.\u00a0<\/span><\/p>\n<p style=\"font-weight: 300;\"><span style=\"font-weight: 300 !important;\">Cumhuriyet Meclisi Ba\u015fkan\u0131 Zorlu T\u00f6re, g\u00fcncel konu\u015fmalar\u0131n tamamlanmas\u0131yla bir sonraki birle\u015fimin 29 May\u0131s Pazartesi g\u00fcn\u00fc saat 10.00\u2019da yasama \u00f6ncelikli olmak \u00fczere denetim ile birlikte yap\u0131laca\u011f\u0131n\u0131 s\u00f6yledi ve oturumu kapatt\u0131.<\/span><\/p>\n<p style=\"font-weight: 300;\"><span style=\"font-weight: 300 !important;\"><a href=\"https:\/\/brtk.net\/\">CTP<\/a> \u0130skele Milletvekili Fide K\u00fcr\u015fat, \u201cokul \u00f6ncesi e\u011fitim kurumlar\u0131n\u0131n sorunlar\u0131\u201d konulu g\u00fcncel konu\u015fmas\u0131nda, okul \u00f6ncesi e\u011fitimin \u00f6nemine i\u015faret etti. K\u00fcr\u015fat, okul \u00f6ncesi e\u011fitim d\u00f6neminin en kritik e\u011fitim oldu\u011funa i\u015faret ederek, her \u00e7ocu\u011fun e\u015fit e\u011fitim alma hakk\u0131 oldu\u011funu, ancak e\u011fitimde e\u015fitsizlikler ya\u015fand\u0131\u011f\u0131n\u0131 kaydetti.<\/span><\/p>\n<p style=\"font-weight: 300;\"><span style=\"font-weight: 300 !important;\">Devlet okullar\u0131nda ya\u015fanan s\u0131k\u0131nt\u0131lara de\u011finen K\u00fcr\u015fat, okul \u00f6ncesi e\u011fitimde g\u00fcvenin b\u00fcy\u00fck \u00f6nem ta\u015f\u0131d\u0131\u011f\u0131n\u0131, kre\u015flerin b\u00fcy\u00fck \u00f6nem ta\u015f\u0131d\u0131\u011f\u0131n\u0131, bu \u00e7er\u00e7evede yasal d\u00fczenleme ve denetimin b\u00fcy\u00fck \u00f6nem ta\u015f\u0131d\u0131\u011f\u0131n\u0131 s\u00f6yledi.<\/span><\/p>\n<p style=\"font-weight: 300;\"><span style=\"font-weight: 300 !important;\">\u00dclkedeki okul \u00f6ncesi e\u011fitimin \u201cyetersiz\u201d oldu\u011funu yans\u0131tan raporlar\u0131 okuyan K\u00fcr\u015fat, kre\u015flerle ilgili yasal mevzuat\u0131n, de\u011fi\u015fen ya\u015fam \u015fartlar\u0131 g\u00f6z \u00f6n\u00fcnde bulunduruldu\u011funda yetersiz kald\u0131\u011f\u0131na i\u015faret etti, denetimin de bu y\u00fczden tam olarak yeterli \u015fekilde yap\u0131lamad\u0131\u011f\u0131n\u0131 kaydetti.<\/span><\/p>\n<p style=\"font-weight: 300;\"><span style=\"font-weight: 300 !important;\">Kre\u015f a\u00e7mak isteyen giri\u015fimcilerin ya\u015fad\u0131\u011f\u0131 s\u0131k\u0131nt\u0131lara i\u015faret eden K\u00fcr\u015fat, h\u00fck\u00fcmetin bu konuda gereken d\u00fczenlemeyi yapmas\u0131n\u0131 ve ka\u011f\u0131t i\u015flerinin azalt\u0131l\u0131p, s\u00fcreci h\u0131zland\u0131rmas\u0131n\u0131 istedi.<\/span><\/p>\n<p style=\"font-weight: 300;\"><span style=\"font-weight: 300 !important;\">K\u00fcr\u015fat, yasal mevzuat\u0131n yenilenmesi, okul \u00f6ncesi e\u011fitime gereken \u00f6nemin verilmesi, planlama yap\u0131lmas\u0131 ve denetimin art\u0131r\u0131lmas\u0131 gerekti\u011fini anlatarak, t\u00fcm bunlar\u0131n ivedi ele al\u0131nmas\u0131n\u0131 istedi, e\u011fitimin hayati bir mesele oldu\u011funu vurgulad\u0131.<\/span><\/p>\n<p style=\"font-weight: 300;\"><span style=\"font-weight: 300 !important;\">Milli E\u011fitim Bakan\u0131 Naz\u0131m \u00c7avu\u015fo\u011flu da, K\u00fcr\u015fat\u2019a te\u015fekk\u00fcr ederek, 0-3 ya\u015f aral\u0131\u011f\u0131 e\u011fitimin \u00c7al\u0131\u015fma ve Sosyal G\u00fcvenlik Bakanl\u0131\u011f\u0131nda oldu\u011funu, hassasiyetini aktaraca\u011f\u0131n\u0131 kaydetti, ancak 5 ya\u015f ve \u00fczeri e\u011fitimde iyi noktada olduklar\u0131n\u0131 kaydetti.<\/span><\/p>\n<p style=\"font-weight: 300;\"><span style=\"font-weight: 300 !important;\">\u00c7avu\u015fo\u011flu,\u00a0 okul \u00f6ncesi e\u011fitimde \u00f6\u011fretmen eksikli\u011fi bulunmad\u0131\u011f\u0131n\u0131 ifade ederek, devletin \u00e7ocuklara gereken \u00f6nemi verdi\u011fini, \u00f6\u011fretmen eksikli\u011fi olmad\u0131\u011f\u0131n\u0131, \u00f6zel kre\u015flerin de okul \u00f6ncesi \u00f6\u011fretmenleri ald\u0131\u011f\u0131n\u0131 bildiklerini s\u00f6yledi.<\/span><\/p>\n<p style=\"font-weight: 300;\"><span style=\"font-weight: 300 !important;\">D\u00f6nem d\u00f6nem buralarda daha iyi i\u015f bulup gidenlerin oldu\u011funu duydu\u011funu ancak bu alanda bir \u00e7ok mezun oldu\u011funu ifade eden \u00c7avu\u015fo\u011flu, gailelerinin \u00e7ocuklara bir kelime bile olsa daha \u00e7ok \u015fey \u00f6\u011fretmek oldu\u011funu kaydetti.<\/span><\/p>\n<p style=\"font-weight: 300;\"><span style=\"font-weight: 300 !important;\">Hizmet i\u00e7i kurslara verdikleri \u00f6neme i\u015faret eden \u00c7avu\u015fo\u011flu, \u201c\u00dclkenin gelece\u011fi e\u011fitimdedir, bakanl\u0131k olarak \u00fclkenin e\u011fitim seviyesini y\u00fckseltmek birinci hedefimizdir, \u00e7abalar\u0131m\u0131z devam ediyor\u201d dedi. \u00a0<\/span><\/p>\n<p>TAK\/<a href=\"https:\/\/brtk.net\/\">BRT<\/a><\/p>\n<\/p><\/div>\n<p><script async\n                    defer\n                    crossorigin=\"anonymous\"\n                    src=\"https:\/\/connect.facebook.net\/tr_TR\/sdk.js#xfbml=1&#038;version=v3.3\"\n            ><\/script><\/p>\n","protected":false},"excerpt":{"rendered":"<p>Milli E\u011fitim Bakan\u0131 Naz\u0131m \u00c7avu\u015fo\u011flu, \u201c\u00dclkenin gelece\u011fi e\u011fitimdedir. Bakanl\u0131k olarak \u00fclkenin e\u011fitim seviyesini y\u00fckseltmek birinci hedefimizdir, \u00e7abalar\u0131m\u0131z devam ediyor\u201d dedi. \u00c7avu\u015fo\u011flu, e\u011fitimde eksik kalan veya g\u00fcn\u00fcn ihtiya\u00e7lar\u0131na cevap vermeyen yasalar\u0131n da g\u00fcn\u00fcn ihtiya\u00e7lar\u0131na g\u00f6re haz\u0131rlanmas\u0131 gerekti\u011fini kaydetti. Cumhuriyet Meclisi Genel Kurulu\u2019nda milletvekillerinin g\u00fcncel konu\u015fma istemlerine yer verildi.\u00a0 Cumhuriyet Meclisi Ba\u015fkan\u0131 Zorlu T\u00f6re, g\u00fcncel konu\u015fmalar\u0131n tamamlanmas\u0131yla<\/p>\n","protected":false},"author":1,"featured_media":7412,"comment_status":"open","ping_status":"open","sticky":false,"template":"","format":"standard","meta":{"footnotes":""},"categories":[1],"tags":[],"class_list":["post-7416","post","type-post","status-publish","format-standard","has-post-thumbnail","hentry","category-gundem"],"yoast_head":"<!-- This site is optimized with the Yoast SEO plugin v27.5 - https:\/\/yoast.com\/product\/yoast-seo-wordpress\/ -->\n<title>Cumhuriyet Meclisi\u2019nde g\u00fcncel konu\u015fmalar yap\u0131ld\u0131 -<\/title>\n<meta name=\"robots\" content=\"index, follow, max-snippet:-1, max-image-preview:large, max-video-preview:-1\" \/>\n<link rel=\"canonical\" href=\"https:\/\/kibrisdakik.com\/?p=7416\" \/>\n<meta property=\"og:locale\" content=\"tr_TR\" \/>\n<meta property=\"og:type\" content=\"article\" \/>\n<meta property=\"og:title\" content=\"Cumhuriyet Meclisi\u2019nde g\u00fcncel konu\u015fmalar yap\u0131ld\u0131 -\" \/>\n<meta property=\"og:description\" content=\"Milli E\u011fitim Bakan\u0131 Naz\u0131m \u00c7avu\u015fo\u011flu, \u201c\u00dclkenin gelece\u011fi e\u011fitimdedir. Bakanl\u0131k olarak \u00fclkenin e\u011fitim seviyesini y\u00fckseltmek birinci hedefimizdir, \u00e7abalar\u0131m\u0131z devam ediyor\u201d dedi. \u00c7avu\u015fo\u011flu, e\u011fitimde eksik kalan veya g\u00fcn\u00fcn ihtiya\u00e7lar\u0131na cevap vermeyen yasalar\u0131n da g\u00fcn\u00fcn ihtiya\u00e7lar\u0131na g\u00f6re haz\u0131rlanmas\u0131 gerekti\u011fini kaydetti. Cumhuriyet Meclisi Genel Kurulu\u2019nda milletvekillerinin g\u00fcncel konu\u015fma istemlerine yer verildi.\u00a0 Cumhuriyet Meclisi Ba\u015fkan\u0131 Zorlu T\u00f6re, g\u00fcncel konu\u015fmalar\u0131n tamamlanmas\u0131yla\" \/>\n<meta property=\"og:url\" content=\"https:\/\/kibrisdakik.com\/?p=7416\" \/>\n<meta property=\"article:published_time\" content=\"2023-05-22T17:08:37+00:00\" \/>\n<meta property=\"og:image\" content=\"https:\/\/kibrisdakik.com\/wp-content\/uploads\/2023\/05\/meclis-3-22-740x420.jpg\" \/>\n\t<meta property=\"og:image:width\" content=\"1800\" \/>\n\t<meta property=\"og:image:height\" content=\"1200\" \/>\n\t<meta property=\"og:image:type\" content=\"image\/jpeg\" \/>\n<meta name=\"author\" content=\"admin\" \/>\n<meta name=\"twitter:card\" content=\"summary_large_image\" \/>\n<meta name=\"twitter:label1\" content=\"Yazan:\" \/>\n\t<meta name=\"twitter:data1\" content=\"admin\" \/>\n\t<meta name=\"twitter:label2\" content=\"Tahmini okuma s\u00fcresi\" \/>\n\t<meta name=\"twitter:data2\" content=\"3 dakika\" \/>\n<script type=\"application\/ld+json\" class=\"yoast-schema-graph\">{\"@context\":\"https:\\\/\\\/schema.org\",\"@graph\":[{\"@type\":\"Article\",\"@id\":\"https:\\\/\\\/kibrisdakik.com\\\/?p=7416#article\",\"isPartOf\":{\"@id\":\"https:\\\/\\\/kibrisdakik.com\\\/?p=7416\"},\"author\":{\"name\":\"admin\",\"@id\":\"https:\\\/\\\/kibrisdakik.com\\\/#\\\/schema\\\/person\\\/9cd9d437bbb44f72b73ba127e06d8e79\"},\"headline\":\"Cumhuriyet Meclisi\u2019nde g\u00fcncel konu\u015fmalar yap\u0131ld\u0131\",\"datePublished\":\"2023-05-22T17:08:37+00:00\",\"mainEntityOfPage\":{\"@id\":\"https:\\\/\\\/kibrisdakik.com\\\/?p=7416\"},\"wordCount\":544,\"commentCount\":0,\"image\":{\"@id\":\"https:\\\/\\\/kibrisdakik.com\\\/?p=7416#primaryimage\"},\"thumbnailUrl\":\"https:\\\/\\\/kibrisdakik.com\\\/wp-content\\\/uploads\\\/2023\\\/05\\\/meclis-3-22-740x420.jpg\",\"articleSection\":[\"G\u00fcndem\"],\"inLanguage\":\"tr\",\"potentialAction\":[{\"@type\":\"CommentAction\",\"name\":\"Comment\",\"target\":[\"https:\\\/\\\/kibrisdakik.com\\\/?p=7416#respond\"]}]},{\"@type\":\"WebPage\",\"@id\":\"https:\\\/\\\/kibrisdakik.com\\\/?p=7416\",\"url\":\"https:\\\/\\\/kibrisdakik.com\\\/?p=7416\",\"name\":\"Cumhuriyet Meclisi\u2019nde g\u00fcncel konu\u015fmalar yap\u0131ld\u0131 -\",\"isPartOf\":{\"@id\":\"https:\\\/\\\/kibrisdakik.com\\\/#website\"},\"primaryImageOfPage\":{\"@id\":\"https:\\\/\\\/kibrisdakik.com\\\/?p=7416#primaryimage\"},\"image\":{\"@id\":\"https:\\\/\\\/kibrisdakik.com\\\/?p=7416#primaryimage\"},\"thumbnailUrl\":\"https:\\\/\\\/kibrisdakik.com\\\/wp-content\\\/uploads\\\/2023\\\/05\\\/meclis-3-22-740x420.jpg\",\"datePublished\":\"2023-05-22T17:08:37+00:00\",\"author\":{\"@id\":\"https:\\\/\\\/kibrisdakik.com\\\/#\\\/schema\\\/person\\\/9cd9d437bbb44f72b73ba127e06d8e79\"},\"breadcrumb\":{\"@id\":\"https:\\\/\\\/kibrisdakik.com\\\/?p=7416#breadcrumb\"},\"inLanguage\":\"tr\",\"potentialAction\":[{\"@type\":\"ReadAction\",\"target\":[\"https:\\\/\\\/kibrisdakik.com\\\/?p=7416\"]}]},{\"@type\":\"ImageObject\",\"inLanguage\":\"tr\",\"@id\":\"https:\\\/\\\/kibrisdakik.com\\\/?p=7416#primaryimage\",\"url\":\"https:\\\/\\\/kibrisdakik.com\\\/wp-content\\\/uploads\\\/2023\\\/05\\\/meclis-3-22-740x420.jpg\",\"contentUrl\":\"https:\\\/\\\/kibrisdakik.com\\\/wp-content\\\/uploads\\\/2023\\\/05\\\/meclis-3-22-740x420.jpg\",\"width\":1800,\"height\":1200},{\"@type\":\"BreadcrumbList\",\"@id\":\"https:\\\/\\\/kibrisdakik.com\\\/?p=7416#breadcrumb\",\"itemListElement\":[{\"@type\":\"ListItem\",\"position\":1,\"name\":\"Home\",\"item\":\"https:\\\/\\\/kibrisdakik.com\\\/\"},{\"@type\":\"ListItem\",\"position\":2,\"name\":\"Cumhuriyet Meclisi\u2019nde g\u00fcncel konu\u015fmalar yap\u0131ld\u0131\"}]},{\"@type\":\"WebSite\",\"@id\":\"https:\\\/\\\/kibrisdakik.com\\\/#website\",\"url\":\"https:\\\/\\\/kibrisdakik.com\\\/\",\"name\":\"\",\"description\":\"Tam vaktinde haber\",\"potentialAction\":[{\"@type\":\"SearchAction\",\"target\":{\"@type\":\"EntryPoint\",\"urlTemplate\":\"https:\\\/\\\/kibrisdakik.com\\\/?s={search_term_string}\"},\"query-input\":{\"@type\":\"PropertyValueSpecification\",\"valueRequired\":true,\"valueName\":\"search_term_string\"}}],\"inLanguage\":\"tr\"},{\"@type\":\"Person\",\"@id\":\"https:\\\/\\\/kibrisdakik.com\\\/#\\\/schema\\\/person\\\/9cd9d437bbb44f72b73ba127e06d8e79\",\"name\":\"admin\",\"image\":{\"@type\":\"ImageObject\",\"inLanguage\":\"tr\",\"@id\":\"https:\\\/\\\/secure.gravatar.com\\\/avatar\\\/ccc17943b9d660506c869530f897617f7cb1c21a4bf30023f252596d83e1f007?s=96&d=mm&r=g\",\"url\":\"https:\\\/\\\/secure.gravatar.com\\\/avatar\\\/ccc17943b9d660506c869530f897617f7cb1c21a4bf30023f252596d83e1f007?s=96&d=mm&r=g\",\"contentUrl\":\"https:\\\/\\\/secure.gravatar.com\\\/avatar\\\/ccc17943b9d660506c869530f897617f7cb1c21a4bf30023f252596d83e1f007?s=96&d=mm&r=g\",\"caption\":\"admin\"},\"sameAs\":[\"https:\\\/\\\/kibrisdakik.com\"],\"url\":\"https:\\\/\\\/kibrisdakik.com\\\/?author=1\"}]}<\/script>\n<!-- \/ Yoast SEO plugin. -->","yoast_head_json":{"title":"Cumhuriyet Meclisi\u2019nde g\u00fcncel konu\u015fmalar yap\u0131ld\u0131 -","robots":{"index":"index","follow":"follow","max-snippet":"max-snippet:-1","max-image-preview":"max-image-preview:large","max-video-preview":"max-video-preview:-1"},"canonical":"https:\/\/kibrisdakik.com\/?p=7416","og_locale":"tr_TR","og_type":"article","og_title":"Cumhuriyet Meclisi\u2019nde g\u00fcncel konu\u015fmalar yap\u0131ld\u0131 -","og_description":"Milli E\u011fitim Bakan\u0131 Naz\u0131m \u00c7avu\u015fo\u011flu, \u201c\u00dclkenin gelece\u011fi e\u011fitimdedir. Bakanl\u0131k olarak \u00fclkenin e\u011fitim seviyesini y\u00fckseltmek birinci hedefimizdir, \u00e7abalar\u0131m\u0131z devam ediyor\u201d dedi. \u00c7avu\u015fo\u011flu, e\u011fitimde eksik kalan veya g\u00fcn\u00fcn ihtiya\u00e7lar\u0131na cevap vermeyen yasalar\u0131n da g\u00fcn\u00fcn ihtiya\u00e7lar\u0131na g\u00f6re haz\u0131rlanmas\u0131 gerekti\u011fini kaydetti. Cumhuriyet Meclisi Genel Kurulu\u2019nda milletvekillerinin g\u00fcncel konu\u015fma istemlerine yer verildi.\u00a0 Cumhuriyet Meclisi Ba\u015fkan\u0131 Zorlu T\u00f6re, g\u00fcncel konu\u015fmalar\u0131n tamamlanmas\u0131yla","og_url":"https:\/\/kibrisdakik.com\/?p=7416","article_published_time":"2023-05-22T17:08:37+00:00","og_image":[{"width":1800,"height":1200,"url":"https:\/\/kibrisdakik.com\/wp-content\/uploads\/2023\/05\/meclis-3-22-740x420.jpg","type":"image\/jpeg"}],"author":"admin","twitter_card":"summary_large_image","twitter_misc":{"Yazan:":"admin","Tahmini okuma s\u00fcresi":"3 dakika"},"schema":{"@context":"https:\/\/schema.org","@graph":[{"@type":"Article","@id":"https:\/\/kibrisdakik.com\/?p=7416#article","isPartOf":{"@id":"https:\/\/kibrisdakik.com\/?p=7416"},"author":{"name":"admin","@id":"https:\/\/kibrisdakik.com\/#\/schema\/person\/9cd9d437bbb44f72b73ba127e06d8e79"},"headline":"Cumhuriyet Meclisi\u2019nde g\u00fcncel konu\u015fmalar yap\u0131ld\u0131","datePublished":"2023-05-22T17:08:37+00:00","mainEntityOfPage":{"@id":"https:\/\/kibrisdakik.com\/?p=7416"},"wordCount":544,"commentCount":0,"image":{"@id":"https:\/\/kibrisdakik.com\/?p=7416#primaryimage"},"thumbnailUrl":"https:\/\/kibrisdakik.com\/wp-content\/uploads\/2023\/05\/meclis-3-22-740x420.jpg","articleSection":["G\u00fcndem"],"inLanguage":"tr","potentialAction":[{"@type":"CommentAction","name":"Comment","target":["https:\/\/kibrisdakik.com\/?p=7416#respond"]}]},{"@type":"WebPage","@id":"https:\/\/kibrisdakik.com\/?p=7416","url":"https:\/\/kibrisdakik.com\/?p=7416","name":"Cumhuriyet Meclisi\u2019nde g\u00fcncel konu\u015fmalar yap\u0131ld\u0131 -","isPartOf":{"@id":"https:\/\/kibrisdakik.com\/#website"},"primaryImageOfPage":{"@id":"https:\/\/kibrisdakik.com\/?p=7416#primaryimage"},"image":{"@id":"https:\/\/kibrisdakik.com\/?p=7416#primaryimage"},"thumbnailUrl":"https:\/\/kibrisdakik.com\/wp-content\/uploads\/2023\/05\/meclis-3-22-740x420.jpg","datePublished":"2023-05-22T17:08:37+00:00","author":{"@id":"https:\/\/kibrisdakik.com\/#\/schema\/person\/9cd9d437bbb44f72b73ba127e06d8e79"},"breadcrumb":{"@id":"https:\/\/kibrisdakik.com\/?p=7416#breadcrumb"},"inLanguage":"tr","potentialAction":[{"@type":"ReadAction","target":["https:\/\/kibrisdakik.com\/?p=7416"]}]},{"@type":"ImageObject","inLanguage":"tr","@id":"https:\/\/kibrisdakik.com\/?p=7416#primaryimage","url":"https:\/\/kibrisdakik.com\/wp-content\/uploads\/2023\/05\/meclis-3-22-740x420.jpg","contentUrl":"https:\/\/kibrisdakik.com\/wp-content\/uploads\/2023\/05\/meclis-3-22-740x420.jpg","width":1800,"height":1200},{"@type":"BreadcrumbList","@id":"https:\/\/kibrisdakik.com\/?p=7416#breadcrumb","itemListElement":[{"@type":"ListItem","position":1,"name":"Home","item":"https:\/\/kibrisdakik.com\/"},{"@type":"ListItem","position":2,"name":"Cumhuriyet Meclisi\u2019nde g\u00fcncel konu\u015fmalar yap\u0131ld\u0131"}]},{"@type":"WebSite","@id":"https:\/\/kibrisdakik.com\/#website","url":"https:\/\/kibrisdakik.com\/","name":"","description":"Tam vaktinde haber","potentialAction":[{"@type":"SearchAction","target":{"@type":"EntryPoint","urlTemplate":"https:\/\/kibrisdakik.com\/?s={search_term_string}"},"query-input":{"@type":"PropertyValueSpecification","valueRequired":true,"valueName":"search_term_string"}}],"inLanguage":"tr"},{"@type":"Person","@id":"https:\/\/kibrisdakik.com\/#\/schema\/person\/9cd9d437bbb44f72b73ba127e06d8e79","name":"admin","image":{"@type":"ImageObject","inLanguage":"tr","@id":"https:\/\/secure.gravatar.com\/avatar\/ccc17943b9d660506c869530f897617f7cb1c21a4bf30023f252596d83e1f007?s=96&d=mm&r=g","url":"https:\/\/secure.gravatar.com\/avatar\/ccc17943b9d660506c869530f897617f7cb1c21a4bf30023f252596d83e1f007?s=96&d=mm&r=g","contentUrl":"https:\/\/secure.gravatar.com\/avatar\/ccc17943b9d660506c869530f897617f7cb1c21a4bf30023f252596d83e1f007?s=96&d=mm&r=g","caption":"admin"},"sameAs":["https:\/\/kibrisdakik.com"],"url":"https:\/\/kibrisdakik.com\/?author=1"}]}},"_links":{"self":[{"href":"https:\/\/kibrisdakik.com\/index.php?rest_route=\/wp\/v2\/posts\/7416","targetHints":{"allow":["GET"]}}],"collection":[{"href":"https:\/\/kibrisdakik.com\/index.php?rest_route=\/wp\/v2\/posts"}],"about":[{"href":"https:\/\/kibrisdakik.com\/index.php?rest_route=\/wp\/v2\/types\/post"}],"author":[{"embeddable":true,"href":"https:\/\/kibrisdakik.com\/index.php?rest_route=\/wp\/v2\/users\/1"}],"replies":[{"embeddable":true,"href":"https:\/\/kibrisdakik.com\/index.php?rest_route=%2Fwp%2Fv2%2Fcomments&post=7416"}],"version-history":[{"count":0,"href":"https:\/\/kibrisdakik.com\/index.php?rest_route=\/wp\/v2\/posts\/7416\/revisions"}],"wp:featuredmedia":[{"embeddable":true,"href":"https:\/\/kibrisdakik.com\/index.php?rest_route=\/wp\/v2\/media\/7412"}],"wp:attachment":[{"href":"https:\/\/kibrisdakik.com\/index.php?rest_route=%2Fwp%2Fv2%2Fmedia&parent=7416"}],"wp:term":[{"taxonomy":"category","embeddable":true,"href":"https:\/\/kibrisdakik.com\/index.php?rest_route=%2Fwp%2Fv2%2Fcategories&post=7416"},{"taxonomy":"post_tag","embeddable":true,"href":"https:\/\/kibrisdakik.com\/index.php?rest_route=%2Fwp%2Fv2%2Ftags&post=7416"}],"curies":[{"name":"wp","href":"https:\/\/api.w.org\/{rel}","templated":true}]}}