{"id":74163,"date":"2025-01-23T09:36:29","date_gmt":"2025-01-23T06:36:29","guid":{"rendered":"https:\/\/kibrisdakik.com\/index.php\/2025\/01\/23\/haaretz-israil-polisi-filistinlilerin-topraklarini-gasbeden-israillilerin-saldirilarinda-suc-ortagi\/"},"modified":"2025-01-23T09:36:29","modified_gmt":"2025-01-23T06:36:29","slug":"haaretz-israil-polisi-filistinlilerin-topraklarini-gasbeden-israillilerin-saldirilarinda-suc-ortagi","status":"publish","type":"post","link":"https:\/\/kibrisdakik.com\/?p=74163","title":{"rendered":"Haaretz: \u0130srail polisi, Filistinlilerin topraklar\u0131n\u0131 gasbeden \u0130sraillilerin sald\u0131r\u0131lar\u0131nda su\u00e7 orta\u011f\u0131"},"content":{"rendered":"<p><\/p>\n<div>\n<div class=\"mariselle-image-container center\">\n                <img loading=\"lazy\" decoding=\"async\" width=\"1280\" height=\"720\" class=\"lazy-image\" alt=\"\" sizes=\"auto, (max-width: 1280px) 100vw, 1280px\" src=\"https:\/\/brtk.net\/wp-content\/uploads\/2025\/01\/23\/isgalci-yahudi-yerlesimci-2215014.jpg?ver=51f664a05e04c189645f078df3f61806\" srcset=\"https:\/\/brtk.net\/wp-content\/uploads\/2025\/01\/23\/isgalci-yahudi-yerlesimci-2215014.jpg?ver=51f664a05e04c189645f078df3f61806 1280w, https:\/\/brtk.net\/wp-content\/uploads\/2025\/01\/23\/isgalci-yahudi-yerlesimci-2215014-300x169.jpg?ver=b6417fee7d613c9e83468c720edd31b5 300w, https:\/\/brtk.net\/wp-content\/uploads\/2025\/01\/23\/isgalci-yahudi-yerlesimci-2215014-1024x576.jpg?ver=b6417fee7d613c9e83468c720edd31b5 1024w, https:\/\/brtk.net\/wp-content\/uploads\/2025\/01\/23\/isgalci-yahudi-yerlesimci-2215014-768x432.jpg?ver=421b14cdc1b91ab0f146fed274320022 768w\"\/>                            <\/div>\n<p>Gazze\u2019de ate\u015fkesin y\u00fcr\u00fcrl\u00fc\u011fe girmesi ve i\u015fgal alt\u0131ndaki Bat\u0131 \u015eeria\u2019daki \u201cidari g\u00f6zalt\u0131nda tutulan\u201d \u0130sraillilerin serbest b\u0131rak\u0131lmas\u0131n\u0131n ard\u0131ndan, Filistinlilerin topraklar\u0131n\u0131 gasbeden \u0130sraillilerin artan sald\u0131r\u0131lar\u0131 kar\u015f\u0131s\u0131nda \u0130srail polisinin kasten gev\u015fek davrand\u0131\u011f\u0131 iddia edildi.<\/p>\n<p>Haaretz gazetesinin haberinde, \u0130srail polisinin Filistinlilerin topraklar\u0131n\u0131 gasbeden \u0130sraillilerin sald\u0131r\u0131lar\u0131yla ba\u015fa \u00e7\u0131kmakta zorluk \u00e7ekti\u011fi ve bir\u00e7ok sald\u0131r\u0131da olay yerine \u00e7ok ge\u00e7 geldi\u011fini g\u00f6steren tan\u0131kl\u0131klar oldu\u011funu vurguland\u0131.<\/p>\n<p>\u0130\u015fgal alt\u0131ndaki Bat\u0131 \u015eeria\u2019daki \u0130sraillilerin sald\u0131r\u0131lar\u0131na m\u00fcdahale etmekle sorumlu \u0130srail polisinin ilgili biriminin gerekti\u011fi gibi \u00e7al\u0131\u015fmad\u0131\u011f\u0131 aktar\u0131lan haberde, Adalet Bakanl\u0131\u011f\u0131 Polis \u0130\u00e7 Soru\u015fturma Birimi\u2019nin y\u00fcr\u00fctt\u00fc\u011f\u00fc soru\u015fturmada, polisin ilgili birimine gelen istihbarat bilgilerini \u201ca\u00e7\u0131k\u00e7a g\u00f6z ard\u0131 etti\u011fi\u201d belirtildi.<\/p>\n<p>Ad\u0131n\u0131 a\u00e7\u0131klamak istemeyen \u0130srailli bir g\u00fcvenlik yetkilisi, polisin sald\u0131r\u0131lara \u201cg\u00f6z yumdu\u011fu ve kimseyi tutuklamad\u0131\u011f\u0131n\u0131n\u201d \u015ein-Bet taraf\u0131ndan da bilindi\u011fini kaydetti.<\/p>\n<p>\u0130srail polisi ise Haaretz\u2019e, sald\u0131r\u0131lar\u0131n kasten g\u00f6z ard\u0131 edildi\u011fi iddias\u0131n\u0131n \u201cyanl\u0131\u015flarla dolu\u201d oldu\u011funu \u00f6ne s\u00fcrd\u00fc.<\/p>\n<p><strong>Gazze\u2019de ate\u015fkes sonras\u0131 Bat\u0131 \u015eeria\u2019da Filistinlilere sald\u0131r\u0131lar artt\u0131<\/strong><br \/>Habere g\u00f6re, \u0130srail Savunma Bakan\u0131 Yisrael Katz\u2019\u0131n \u201cidari g\u00f6zalt\u0131nda tutulan\u201d, Filistinlilerin topraklar\u0131n\u0131 gasbeden \u0130sraillilerin serbest b\u0131rak\u0131lmas\u0131 karar\u0131n\u0131n ard\u0131ndan i\u015fgal alt\u0131ndaki Bat\u0131 \u015eeria\u2019da Filistinlilere y\u00f6nelik sald\u0131r\u0131lar artt\u0131.<\/p>\n<p>\u0130srail i\u00e7 istihbarat te\u015fkilat\u0131 \u015ein-Bet\u2019in (\u015eabak) Gazze\u2019de ate\u015fkesin y\u00fcr\u00fcrl\u00fc\u011fe girmesi ve i\u015fgal alt\u0131ndaki Bat\u0131 \u015eeria\u2019n\u0131n kuzeyindeki Kalkilya\u2019ya ba\u011fl\u0131 Funduk k\u00f6y\u00fcne d\u00fczenlenen sald\u0131r\u0131dan sonra Filistinlilerin topraklar\u0131n\u0131 gasbeden \u0130sraillilerin sald\u0131r\u0131lar\u0131n s\u0131kl\u0131\u011f\u0131n\u0131n artt\u0131\u011f\u0131n\u0131 g\u00f6zlemledi\u011fi belirtildi.<\/p>\n<p>Filistin topraklar\u0131n\u0131 gasbeden \u0130srailliler, pazartesi Bat\u0131 \u015eeria\u2019n\u0131n \u00e7e\u015fitli b\u00f6lgelerine sald\u0131rarak Filistinlilere ait ev, i\u015f yerleri ve ara\u00e7lar\u0131 ate\u015fe vermi\u015fti.<\/p>\n<p>Filistin K\u0131z\u0131lay\u0131 ise Kalkilya\u2019ya ba\u011fl\u0131 Funduk ve Cinsafut beldelerindeki olaylarda 12\u2019sinin a\u011f\u0131r darp nedeniyle, 9\u2019unun ise g\u00f6z ya\u015fart\u0131c\u0131 gazdan etkilenme sonucu yaraland\u0131\u011f\u0131n\u0131 duyurmu\u015ftu.<\/p>\n<p>\u0130srail Savunma Bakan\u0131 Yisrael Katz, ge\u00e7en hafta Gazze\u2019de ate\u015fkes ve esir takas\u0131 anla\u015fmas\u0131na kar\u015f\u0131 \u00e7\u0131kan a\u015f\u0131r\u0131 sa\u011fc\u0131lar\u0131 memnun edecek hamle yaparak i\u015fgal alt\u0131ndaki Bat\u0131 \u015eeria\u2019da Filistinlilere sald\u0131r\u0131 d\u00fczenleyecekleri \u015f\u00fcphesiyle \u201cidari g\u00f6zalt\u0131nda tutulan\u201d \u0130sraillilerin serbest b\u0131rak\u0131laca\u011f\u0131n\u0131 duyurmu\u015ftu.<\/p>\n<p><strong>Bat\u0131 \u015eeria\u2019daki Filistin topraklar\u0131n\u0131 gasbeden \u0130srailliler, belde ve k\u00f6ylere sald\u0131r\u0131yor<\/strong><br \/>\u0130srail\u2019in 1967\u2019de i\u015fgal etti\u011fi Bat\u0131 \u015eeria\u2019da 451 bin, Do\u011fu Kud\u00fcs\u2019te ise yakla\u015f\u0131k 230 bin \u0130srailli, Filistin topraklar\u0131ndan gasbedilen yerle\u015fimlerde ya\u015f\u0131yor.<\/p>\n<p>Uluslararas\u0131 hukuka g\u00f6re Bat\u0131 \u015eeria ve Do\u011fu Kud\u00fcs\u2019teki toprak gasb\u0131 ve buraya \u0130sraillilerin yerle\u015ftirilmesi yasa d\u0131\u015f\u0131 say\u0131l\u0131yor.<\/p>\n<p>Filistin topraklar\u0131n\u0131 gasbeden \u0130srailliler, Bat\u0131 \u015eeria\u2019da s\u0131k s\u0131k k\u00f6ylere ve beldelere sald\u0131rp i\u015fgal alt\u0131nda ya\u015fayan Filistinlilerin canlar\u0131, evleri ve m\u00fclklerini hedef al\u0131yor ve Filistinlilerin i\u015fgal alt\u0131ndaki ya\u015fam\u0131n\u0131 daha da zor hale getiriyor.<\/p>\n<\/p><\/div>\n<p><script async\n                    defer\n                    crossorigin=\"anonymous\"\n                    src=\"https:\/\/connect.facebook.net\/tr_TR\/sdk.js#xfbml=1&#038;version=v3.3\"\n            ><\/script><\/p>\n","protected":false},"excerpt":{"rendered":"<p>Gazze\u2019de ate\u015fkesin y\u00fcr\u00fcrl\u00fc\u011fe girmesi ve i\u015fgal alt\u0131ndaki Bat\u0131 \u015eeria\u2019daki \u201cidari g\u00f6zalt\u0131nda tutulan\u201d \u0130sraillilerin serbest b\u0131rak\u0131lmas\u0131n\u0131n ard\u0131ndan, Filistinlilerin topraklar\u0131n\u0131 gasbeden \u0130sraillilerin artan sald\u0131r\u0131lar\u0131 kar\u015f\u0131s\u0131nda \u0130srail polisinin kasten gev\u015fek davrand\u0131\u011f\u0131 iddia edildi. Haaretz gazetesinin haberinde, \u0130srail polisinin Filistinlilerin topraklar\u0131n\u0131 gasbeden \u0130sraillilerin sald\u0131r\u0131lar\u0131yla ba\u015fa \u00e7\u0131kmakta zorluk \u00e7ekti\u011fi ve bir\u00e7ok sald\u0131r\u0131da olay yerine \u00e7ok ge\u00e7 geldi\u011fini g\u00f6steren tan\u0131kl\u0131klar oldu\u011funu<\/p>\n","protected":false},"author":1,"featured_media":74164,"comment_status":"open","ping_status":"open","sticky":false,"template":"","format":"standard","meta":{"footnotes":""},"categories":[1],"tags":[],"class_list":["post-74163","post","type-post","status-publish","format-standard","has-post-thumbnail","hentry","category-gundem"],"yoast_head":"<!-- This site is optimized with the Yoast SEO plugin v27.4 - https:\/\/yoast.com\/product\/yoast-seo-wordpress\/ -->\n<title>Haaretz: \u0130srail polisi, Filistinlilerin topraklar\u0131n\u0131 gasbeden \u0130sraillilerin sald\u0131r\u0131lar\u0131nda su\u00e7 orta\u011f\u0131 -<\/title>\n<meta name=\"robots\" content=\"index, follow, max-snippet:-1, max-image-preview:large, max-video-preview:-1\" \/>\n<link rel=\"canonical\" href=\"https:\/\/kibrisdakik.com\/?p=74163\" \/>\n<meta property=\"og:locale\" content=\"tr_TR\" \/>\n<meta property=\"og:type\" content=\"article\" \/>\n<meta property=\"og:title\" content=\"Haaretz: \u0130srail polisi, Filistinlilerin topraklar\u0131n\u0131 gasbeden \u0130sraillilerin sald\u0131r\u0131lar\u0131nda su\u00e7 orta\u011f\u0131 -\" \/>\n<meta property=\"og:description\" content=\"Gazze\u2019de ate\u015fkesin y\u00fcr\u00fcrl\u00fc\u011fe girmesi ve i\u015fgal alt\u0131ndaki Bat\u0131 \u015eeria\u2019daki \u201cidari g\u00f6zalt\u0131nda tutulan\u201d \u0130sraillilerin serbest b\u0131rak\u0131lmas\u0131n\u0131n ard\u0131ndan, Filistinlilerin topraklar\u0131n\u0131 gasbeden \u0130sraillilerin artan sald\u0131r\u0131lar\u0131 kar\u015f\u0131s\u0131nda \u0130srail polisinin kasten gev\u015fek davrand\u0131\u011f\u0131 iddia edildi. Haaretz gazetesinin haberinde, \u0130srail polisinin Filistinlilerin topraklar\u0131n\u0131 gasbeden \u0130sraillilerin sald\u0131r\u0131lar\u0131yla ba\u015fa \u00e7\u0131kmakta zorluk \u00e7ekti\u011fi ve bir\u00e7ok sald\u0131r\u0131da olay yerine \u00e7ok ge\u00e7 geldi\u011fini g\u00f6steren tan\u0131kl\u0131klar oldu\u011funu\" \/>\n<meta property=\"og:url\" content=\"https:\/\/kibrisdakik.com\/?p=74163\" \/>\n<meta property=\"article:published_time\" content=\"2025-01-23T06:36:29+00:00\" \/>\n<meta property=\"og:image\" content=\"https:\/\/kibrisdakik.com\/wp-content\/uploads\/2025\/01\/isgalci-yahudi-yerlesimci-2215014-740x420.jpg\" \/>\n\t<meta property=\"og:image:width\" content=\"1280\" \/>\n\t<meta property=\"og:image:height\" content=\"720\" \/>\n\t<meta property=\"og:image:type\" content=\"image\/jpeg\" \/>\n<meta name=\"author\" content=\"admin\" \/>\n<meta name=\"twitter:card\" content=\"summary_large_image\" \/>\n<meta name=\"twitter:label1\" content=\"Yazan:\" \/>\n\t<meta name=\"twitter:data1\" content=\"admin\" \/>\n\t<meta name=\"twitter:label2\" content=\"Tahmini okuma s\u00fcresi\" \/>\n\t<meta name=\"twitter:data2\" content=\"3 dakika\" \/>\n<script type=\"application\/ld+json\" class=\"yoast-schema-graph\">{\"@context\":\"https:\\\/\\\/schema.org\",\"@graph\":[{\"@type\":\"Article\",\"@id\":\"https:\\\/\\\/kibrisdakik.com\\\/?p=74163#article\",\"isPartOf\":{\"@id\":\"https:\\\/\\\/kibrisdakik.com\\\/?p=74163\"},\"author\":{\"name\":\"admin\",\"@id\":\"https:\\\/\\\/kibrisdakik.com\\\/#\\\/schema\\\/person\\\/9cd9d437bbb44f72b73ba127e06d8e79\"},\"headline\":\"Haaretz: \u0130srail polisi, Filistinlilerin topraklar\u0131n\u0131 gasbeden \u0130sraillilerin sald\u0131r\u0131lar\u0131nda su\u00e7 orta\u011f\u0131\",\"datePublished\":\"2025-01-23T06:36:29+00:00\",\"mainEntityOfPage\":{\"@id\":\"https:\\\/\\\/kibrisdakik.com\\\/?p=74163\"},\"wordCount\":561,\"commentCount\":0,\"image\":{\"@id\":\"https:\\\/\\\/kibrisdakik.com\\\/?p=74163#primaryimage\"},\"thumbnailUrl\":\"https:\\\/\\\/kibrisdakik.com\\\/wp-content\\\/uploads\\\/2025\\\/01\\\/isgalci-yahudi-yerlesimci-2215014-740x420.jpg\",\"articleSection\":[\"G\u00fcndem\"],\"inLanguage\":\"tr\",\"potentialAction\":[{\"@type\":\"CommentAction\",\"name\":\"Comment\",\"target\":[\"https:\\\/\\\/kibrisdakik.com\\\/?p=74163#respond\"]}]},{\"@type\":\"WebPage\",\"@id\":\"https:\\\/\\\/kibrisdakik.com\\\/?p=74163\",\"url\":\"https:\\\/\\\/kibrisdakik.com\\\/?p=74163\",\"name\":\"Haaretz: \u0130srail polisi, Filistinlilerin topraklar\u0131n\u0131 gasbeden \u0130sraillilerin sald\u0131r\u0131lar\u0131nda su\u00e7 orta\u011f\u0131 -\",\"isPartOf\":{\"@id\":\"https:\\\/\\\/kibrisdakik.com\\\/#website\"},\"primaryImageOfPage\":{\"@id\":\"https:\\\/\\\/kibrisdakik.com\\\/?p=74163#primaryimage\"},\"image\":{\"@id\":\"https:\\\/\\\/kibrisdakik.com\\\/?p=74163#primaryimage\"},\"thumbnailUrl\":\"https:\\\/\\\/kibrisdakik.com\\\/wp-content\\\/uploads\\\/2025\\\/01\\\/isgalci-yahudi-yerlesimci-2215014-740x420.jpg\",\"datePublished\":\"2025-01-23T06:36:29+00:00\",\"author\":{\"@id\":\"https:\\\/\\\/kibrisdakik.com\\\/#\\\/schema\\\/person\\\/9cd9d437bbb44f72b73ba127e06d8e79\"},\"breadcrumb\":{\"@id\":\"https:\\\/\\\/kibrisdakik.com\\\/?p=74163#breadcrumb\"},\"inLanguage\":\"tr\",\"potentialAction\":[{\"@type\":\"ReadAction\",\"target\":[\"https:\\\/\\\/kibrisdakik.com\\\/?p=74163\"]}]},{\"@type\":\"ImageObject\",\"inLanguage\":\"tr\",\"@id\":\"https:\\\/\\\/kibrisdakik.com\\\/?p=74163#primaryimage\",\"url\":\"https:\\\/\\\/kibrisdakik.com\\\/wp-content\\\/uploads\\\/2025\\\/01\\\/isgalci-yahudi-yerlesimci-2215014-740x420.jpg\",\"contentUrl\":\"https:\\\/\\\/kibrisdakik.com\\\/wp-content\\\/uploads\\\/2025\\\/01\\\/isgalci-yahudi-yerlesimci-2215014-740x420.jpg\",\"width\":1280,\"height\":720},{\"@type\":\"BreadcrumbList\",\"@id\":\"https:\\\/\\\/kibrisdakik.com\\\/?p=74163#breadcrumb\",\"itemListElement\":[{\"@type\":\"ListItem\",\"position\":1,\"name\":\"Home\",\"item\":\"https:\\\/\\\/kibrisdakik.com\\\/\"},{\"@type\":\"ListItem\",\"position\":2,\"name\":\"Haaretz: \u0130srail polisi, Filistinlilerin topraklar\u0131n\u0131 gasbeden \u0130sraillilerin sald\u0131r\u0131lar\u0131nda su\u00e7 orta\u011f\u0131\"}]},{\"@type\":\"WebSite\",\"@id\":\"https:\\\/\\\/kibrisdakik.com\\\/#website\",\"url\":\"https:\\\/\\\/kibrisdakik.com\\\/\",\"name\":\"\",\"description\":\"Tam vaktinde haber\",\"potentialAction\":[{\"@type\":\"SearchAction\",\"target\":{\"@type\":\"EntryPoint\",\"urlTemplate\":\"https:\\\/\\\/kibrisdakik.com\\\/?s={search_term_string}\"},\"query-input\":{\"@type\":\"PropertyValueSpecification\",\"valueRequired\":true,\"valueName\":\"search_term_string\"}}],\"inLanguage\":\"tr\"},{\"@type\":\"Person\",\"@id\":\"https:\\\/\\\/kibrisdakik.com\\\/#\\\/schema\\\/person\\\/9cd9d437bbb44f72b73ba127e06d8e79\",\"name\":\"admin\",\"image\":{\"@type\":\"ImageObject\",\"inLanguage\":\"tr\",\"@id\":\"https:\\\/\\\/secure.gravatar.com\\\/avatar\\\/ccc17943b9d660506c869530f897617f7cb1c21a4bf30023f252596d83e1f007?s=96&d=mm&r=g\",\"url\":\"https:\\\/\\\/secure.gravatar.com\\\/avatar\\\/ccc17943b9d660506c869530f897617f7cb1c21a4bf30023f252596d83e1f007?s=96&d=mm&r=g\",\"contentUrl\":\"https:\\\/\\\/secure.gravatar.com\\\/avatar\\\/ccc17943b9d660506c869530f897617f7cb1c21a4bf30023f252596d83e1f007?s=96&d=mm&r=g\",\"caption\":\"admin\"},\"sameAs\":[\"https:\\\/\\\/kibrisdakik.com\"],\"url\":\"https:\\\/\\\/kibrisdakik.com\\\/?author=1\"}]}<\/script>\n<!-- \/ Yoast SEO plugin. -->","yoast_head_json":{"title":"Haaretz: \u0130srail polisi, Filistinlilerin topraklar\u0131n\u0131 gasbeden \u0130sraillilerin sald\u0131r\u0131lar\u0131nda su\u00e7 orta\u011f\u0131 -","robots":{"index":"index","follow":"follow","max-snippet":"max-snippet:-1","max-image-preview":"max-image-preview:large","max-video-preview":"max-video-preview:-1"},"canonical":"https:\/\/kibrisdakik.com\/?p=74163","og_locale":"tr_TR","og_type":"article","og_title":"Haaretz: \u0130srail polisi, Filistinlilerin topraklar\u0131n\u0131 gasbeden \u0130sraillilerin sald\u0131r\u0131lar\u0131nda su\u00e7 orta\u011f\u0131 -","og_description":"Gazze\u2019de ate\u015fkesin y\u00fcr\u00fcrl\u00fc\u011fe girmesi ve i\u015fgal alt\u0131ndaki Bat\u0131 \u015eeria\u2019daki \u201cidari g\u00f6zalt\u0131nda tutulan\u201d \u0130sraillilerin serbest b\u0131rak\u0131lmas\u0131n\u0131n ard\u0131ndan, Filistinlilerin topraklar\u0131n\u0131 gasbeden \u0130sraillilerin artan sald\u0131r\u0131lar\u0131 kar\u015f\u0131s\u0131nda \u0130srail polisinin kasten gev\u015fek davrand\u0131\u011f\u0131 iddia edildi. Haaretz gazetesinin haberinde, \u0130srail polisinin Filistinlilerin topraklar\u0131n\u0131 gasbeden \u0130sraillilerin sald\u0131r\u0131lar\u0131yla ba\u015fa \u00e7\u0131kmakta zorluk \u00e7ekti\u011fi ve bir\u00e7ok sald\u0131r\u0131da olay yerine \u00e7ok ge\u00e7 geldi\u011fini g\u00f6steren tan\u0131kl\u0131klar oldu\u011funu","og_url":"https:\/\/kibrisdakik.com\/?p=74163","article_published_time":"2025-01-23T06:36:29+00:00","og_image":[{"width":1280,"height":720,"url":"https:\/\/kibrisdakik.com\/wp-content\/uploads\/2025\/01\/isgalci-yahudi-yerlesimci-2215014-740x420.jpg","type":"image\/jpeg"}],"author":"admin","twitter_card":"summary_large_image","twitter_misc":{"Yazan:":"admin","Tahmini okuma s\u00fcresi":"3 dakika"},"schema":{"@context":"https:\/\/schema.org","@graph":[{"@type":"Article","@id":"https:\/\/kibrisdakik.com\/?p=74163#article","isPartOf":{"@id":"https:\/\/kibrisdakik.com\/?p=74163"},"author":{"name":"admin","@id":"https:\/\/kibrisdakik.com\/#\/schema\/person\/9cd9d437bbb44f72b73ba127e06d8e79"},"headline":"Haaretz: \u0130srail polisi, Filistinlilerin topraklar\u0131n\u0131 gasbeden \u0130sraillilerin sald\u0131r\u0131lar\u0131nda su\u00e7 orta\u011f\u0131","datePublished":"2025-01-23T06:36:29+00:00","mainEntityOfPage":{"@id":"https:\/\/kibrisdakik.com\/?p=74163"},"wordCount":561,"commentCount":0,"image":{"@id":"https:\/\/kibrisdakik.com\/?p=74163#primaryimage"},"thumbnailUrl":"https:\/\/kibrisdakik.com\/wp-content\/uploads\/2025\/01\/isgalci-yahudi-yerlesimci-2215014-740x420.jpg","articleSection":["G\u00fcndem"],"inLanguage":"tr","potentialAction":[{"@type":"CommentAction","name":"Comment","target":["https:\/\/kibrisdakik.com\/?p=74163#respond"]}]},{"@type":"WebPage","@id":"https:\/\/kibrisdakik.com\/?p=74163","url":"https:\/\/kibrisdakik.com\/?p=74163","name":"Haaretz: \u0130srail polisi, Filistinlilerin topraklar\u0131n\u0131 gasbeden \u0130sraillilerin sald\u0131r\u0131lar\u0131nda su\u00e7 orta\u011f\u0131 -","isPartOf":{"@id":"https:\/\/kibrisdakik.com\/#website"},"primaryImageOfPage":{"@id":"https:\/\/kibrisdakik.com\/?p=74163#primaryimage"},"image":{"@id":"https:\/\/kibrisdakik.com\/?p=74163#primaryimage"},"thumbnailUrl":"https:\/\/kibrisdakik.com\/wp-content\/uploads\/2025\/01\/isgalci-yahudi-yerlesimci-2215014-740x420.jpg","datePublished":"2025-01-23T06:36:29+00:00","author":{"@id":"https:\/\/kibrisdakik.com\/#\/schema\/person\/9cd9d437bbb44f72b73ba127e06d8e79"},"breadcrumb":{"@id":"https:\/\/kibrisdakik.com\/?p=74163#breadcrumb"},"inLanguage":"tr","potentialAction":[{"@type":"ReadAction","target":["https:\/\/kibrisdakik.com\/?p=74163"]}]},{"@type":"ImageObject","inLanguage":"tr","@id":"https:\/\/kibrisdakik.com\/?p=74163#primaryimage","url":"https:\/\/kibrisdakik.com\/wp-content\/uploads\/2025\/01\/isgalci-yahudi-yerlesimci-2215014-740x420.jpg","contentUrl":"https:\/\/kibrisdakik.com\/wp-content\/uploads\/2025\/01\/isgalci-yahudi-yerlesimci-2215014-740x420.jpg","width":1280,"height":720},{"@type":"BreadcrumbList","@id":"https:\/\/kibrisdakik.com\/?p=74163#breadcrumb","itemListElement":[{"@type":"ListItem","position":1,"name":"Home","item":"https:\/\/kibrisdakik.com\/"},{"@type":"ListItem","position":2,"name":"Haaretz: \u0130srail polisi, Filistinlilerin topraklar\u0131n\u0131 gasbeden \u0130sraillilerin sald\u0131r\u0131lar\u0131nda su\u00e7 orta\u011f\u0131"}]},{"@type":"WebSite","@id":"https:\/\/kibrisdakik.com\/#website","url":"https:\/\/kibrisdakik.com\/","name":"","description":"Tam vaktinde haber","potentialAction":[{"@type":"SearchAction","target":{"@type":"EntryPoint","urlTemplate":"https:\/\/kibrisdakik.com\/?s={search_term_string}"},"query-input":{"@type":"PropertyValueSpecification","valueRequired":true,"valueName":"search_term_string"}}],"inLanguage":"tr"},{"@type":"Person","@id":"https:\/\/kibrisdakik.com\/#\/schema\/person\/9cd9d437bbb44f72b73ba127e06d8e79","name":"admin","image":{"@type":"ImageObject","inLanguage":"tr","@id":"https:\/\/secure.gravatar.com\/avatar\/ccc17943b9d660506c869530f897617f7cb1c21a4bf30023f252596d83e1f007?s=96&d=mm&r=g","url":"https:\/\/secure.gravatar.com\/avatar\/ccc17943b9d660506c869530f897617f7cb1c21a4bf30023f252596d83e1f007?s=96&d=mm&r=g","contentUrl":"https:\/\/secure.gravatar.com\/avatar\/ccc17943b9d660506c869530f897617f7cb1c21a4bf30023f252596d83e1f007?s=96&d=mm&r=g","caption":"admin"},"sameAs":["https:\/\/kibrisdakik.com"],"url":"https:\/\/kibrisdakik.com\/?author=1"}]}},"_links":{"self":[{"href":"https:\/\/kibrisdakik.com\/index.php?rest_route=\/wp\/v2\/posts\/74163","targetHints":{"allow":["GET"]}}],"collection":[{"href":"https:\/\/kibrisdakik.com\/index.php?rest_route=\/wp\/v2\/posts"}],"about":[{"href":"https:\/\/kibrisdakik.com\/index.php?rest_route=\/wp\/v2\/types\/post"}],"author":[{"embeddable":true,"href":"https:\/\/kibrisdakik.com\/index.php?rest_route=\/wp\/v2\/users\/1"}],"replies":[{"embeddable":true,"href":"https:\/\/kibrisdakik.com\/index.php?rest_route=%2Fwp%2Fv2%2Fcomments&post=74163"}],"version-history":[{"count":0,"href":"https:\/\/kibrisdakik.com\/index.php?rest_route=\/wp\/v2\/posts\/74163\/revisions"}],"wp:featuredmedia":[{"embeddable":true,"href":"https:\/\/kibrisdakik.com\/index.php?rest_route=\/wp\/v2\/media\/74164"}],"wp:attachment":[{"href":"https:\/\/kibrisdakik.com\/index.php?rest_route=%2Fwp%2Fv2%2Fmedia&parent=74163"}],"wp:term":[{"taxonomy":"category","embeddable":true,"href":"https:\/\/kibrisdakik.com\/index.php?rest_route=%2Fwp%2Fv2%2Fcategories&post=74163"},{"taxonomy":"post_tag","embeddable":true,"href":"https:\/\/kibrisdakik.com\/index.php?rest_route=%2Fwp%2Fv2%2Ftags&post=74163"}],"curies":[{"name":"wp","href":"https:\/\/api.w.org\/{rel}","templated":true}]}}