{"id":74169,"date":"2025-01-23T12:04:00","date_gmt":"2025-01-23T09:04:00","guid":{"rendered":"https:\/\/kibrisdakik.com\/index.php\/2025\/01\/23\/kktc-milletvekilleri-turkpa-saglik-komisyonu-toplantisinda-bakude\/"},"modified":"2025-01-23T12:04:00","modified_gmt":"2025-01-23T09:04:00","slug":"kktc-milletvekilleri-turkpa-saglik-komisyonu-toplantisinda-bakude","status":"publish","type":"post","link":"https:\/\/kibrisdakik.com\/?p=74169","title":{"rendered":"KKTC Milletvekilleri T\u00dcRKPA Sa\u011fl\u0131k Komisyonu Toplant\u0131s\u0131nda Bak\u00fc\u2019de"},"content":{"rendered":"<div>\n<div class=\"mariselle-image-container center\">\n                                            <\/div>\n<p>Cumhuriyet Meclisi \u0130dari, Kamu ve Sa\u011fl\u0131k \u0130\u015fleri Komitesi Ba\u015fkan Vekili CTP Milletvekili Filiz Besim ve Komite \u00dcyesi UBP Grup Ba\u015fkanvekili Ahmet Sava\u015fan, Azerbaycan\u2019\u0131n ba\u015fkenti Bak\u00fc\u2019de d\u00fczenlenen T\u00fcrk Devletleri Parlamenter Asamblesi (T\u00dcRKPA) Sa\u011fl\u0131k Komisyonlar\u0131 Ba\u015fkanlar\u0131 \u0130kinci Toplant\u0131s\u0131\u2019na kat\u0131ld\u0131. Toplant\u0131, \u201c\u0130klim De\u011fi\u015fikli\u011fi ve Sa\u011fl\u0131k: Yasaman\u0131n \u0130klim De\u011fi\u015fikli\u011finin Sa\u011fl\u0131k \u00dczerindeki Etkilerine M\u00fcdahalesi\u201d temas\u0131yla ger\u00e7ekle\u015ftirildi.<\/p>\n<p><strong>T\u00fcrk D\u00fcnyas\u0131ndan Geni\u015f Kat\u0131l\u0131m<\/strong><br \/>Azerbaycan Milli Meclisi Sa\u011fl\u0131k Komitesi\u2019nin ev sahipli\u011finde d\u00fczenlenen toplant\u0131ya KKTC heyetiyle birlikte T\u00fcrkiye, \u00d6zbekistan ve K\u0131rg\u0131zistan Meclis heyetleri kat\u0131l\u0131rken, Kazakistan heyeti \u00e7evrimi\u00e7i olarak toplant\u0131da yer ald\u0131.<\/p>\n<p><strong>An\u0131t Ziyaretleriyle Ba\u015flad\u0131<\/strong><br \/>Toplant\u0131 \u00f6ncesinde, kat\u0131l\u0131mc\u0131 heyetler Azerbaycan\u2019\u0131n milli lideri Haydar Aliyev\u2019in an\u0131t mezar\u0131n\u0131 ve Azerbaycan \u015eehitli\u011fi\u2019ni ziyaret ederek an\u0131tlara \u00e7i\u00e7ek b\u0131rakt\u0131. Ard\u0131ndan heyetler, toplant\u0131n\u0131n ger\u00e7ekle\u015ftirilece\u011fi Azerbaycan Milli Meclisi\u2019ne ge\u00e7ti.<\/p>\n<p><strong>\u0130klim De\u011fi\u015fikli\u011fi ve Sa\u011fl\u0131k Masaya Yat\u0131r\u0131ld\u0131<\/strong><br \/>Toplant\u0131da, KKTC\u2019yi temsilen kat\u0131lan milletvekilleri Filiz Besim ve Ahmet Sava\u015fan, iklim de\u011fi\u015fikli\u011finin sa\u011fl\u0131k \u00fczerindeki etkileri ve yasaman\u0131n bu konuda almas\u0131 gereken \u00f6nlemler \u00fczerine konu\u015fmalar yapt\u0131.<\/p>\n<p><strong>Azerbaycan Milli Meclisi Ba\u015fkanl\u0131\u011f\u0131nda Toplant\u0131 ve Kabul<\/strong><\/p>\n<p>Konu\u015fmalar\u0131n ard\u0131ndan ard\u0131ndan, Azerbaycan Milli Meclisi Ba\u015fkan Yard\u0131mc\u0131s\u0131 Ali Ahmedov, konuk heyetleri makam\u0131nda kabul etti. Kabul s\u0131ras\u0131nda, \u00fclkeler aras\u0131 ili\u015fkilerin g\u00fc\u00e7lendirilmesi, sa\u011fl\u0131k ve \u00e7evre alanlar\u0131nda ortak projelerin geli\u015ftirilmesi gibi konular ele al\u0131nd\u0131. Ahmedov, konuk heyetlerin Bak\u00fc ziyaretinden duydu\u011fu memnuniyeti dile getirirken, T\u00fcrk d\u00fcnyas\u0131n\u0131n ortak hedefler do\u011frultusunda hareket etmesinin \u00f6nemine vurgu yapt\u0131.<\/p>\n<p><strong>T\u00dcRKPA Sekretaryas\u0131 Ziyareti ve Bilgilendirme<\/strong><br \/>Toplant\u0131n\u0131n ard\u0131ndan kat\u0131l\u0131mc\u0131lar, T\u00dcRKPA Sekretaryas\u0131\u2019na resmi bir ziyaret ger\u00e7ekle\u015ftirdi. Ziyaret s\u0131ras\u0131nda, Genel Sekreter B\u00fcy\u00fckel\u00e7i Mehmet S\u00fcreyya Er, T\u00dcRKPA\u2019n\u0131n mevcut faaliyetleri, hedefleri ve T\u00fcrk d\u00fcnyas\u0131ndaki parlamenter i\u015f birli\u011fini geli\u015ftirme konusundaki \u00e7al\u0131\u015fmalar\u0131 hakk\u0131nda heyetlere detayl\u0131 bilgi verdi. G\u00f6r\u00fc\u015fmede, T\u00dcRKPA\u2019n\u0131n sa\u011fl\u0131k, \u00e7evre ve sosyal politika alanlar\u0131ndaki projeleri ele al\u0131n\u0131rken, \u00fcye \u00fclkeler aras\u0131ndaki i\u015f birli\u011fini art\u0131rmaya y\u00f6nelik stratejiler de tart\u0131\u015f\u0131ld\u0131. Ziyaret, kat\u0131l\u0131mc\u0131 \u00fclkelerin ortak de\u011ferler ve hedefler do\u011frultusunda daha g\u00fc\u00e7l\u00fc ba\u011flar kurmas\u0131na katk\u0131 sa\u011flad\u0131.<\/p>\n<p><strong>Sa\u011fl\u0131k Alan\u0131nda Ortak Ad\u0131mlar At\u0131lacak<\/strong><br \/>Cumhuriyet Meclisi heyetine Bak\u00fc\u2019deki temaslar\u0131nda, KKTC Bak\u00fc Temsilcisi B\u00fcy\u00fckel\u00e7i Ufuk Turganer ve Bak\u00fc Temsilcili\u011fi 3. Sekreteri G\u00f6rkem Reis e\u015flik etti.<\/p>\n<p>Bak\u00fcde\u2019ki toplant\u0131lar, T\u00fcrk devletleri aras\u0131nda iklim de\u011fi\u015fikli\u011fi ve sa\u011fl\u0131k ili\u015fkisine dair ortak \u00e7\u00f6z\u00fcmler geli\u015ftirilmesi ad\u0131na \u00f6nemli bir ad\u0131m olarak de\u011ferlendiriliyor.<\/p>\n<\/p><\/div>\n<p><script async\n                    defer\n                    crossorigin=\"anonymous\"\n                    src=\"https:\/\/connect.facebook.net\/tr_TR\/sdk.js#xfbml=1&#038;version=v3.3\"\n            ><\/script><\/p>\n","protected":false},"excerpt":{"rendered":"<p>Cumhuriyet Meclisi \u0130dari, Kamu ve Sa\u011fl\u0131k \u0130\u015fleri Komitesi Ba\u015fkan Vekili CTP Milletvekili Filiz Besim ve Komite \u00dcyesi UBP Grup Ba\u015fkanvekili Ahmet Sava\u015fan, Azerbaycan\u2019\u0131n ba\u015fkenti Bak\u00fc\u2019de d\u00fczenlenen T\u00fcrk Devletleri Parlamenter Asamblesi (T\u00dcRKPA) Sa\u011fl\u0131k Komisyonlar\u0131 Ba\u015fkanlar\u0131 \u0130kinci Toplant\u0131s\u0131\u2019na kat\u0131ld\u0131. Toplant\u0131, \u201c\u0130klim De\u011fi\u015fikli\u011fi ve Sa\u011fl\u0131k: Yasaman\u0131n \u0130klim De\u011fi\u015fikli\u011finin Sa\u011fl\u0131k \u00dczerindeki Etkilerine M\u00fcdahalesi\u201d temas\u0131yla ger\u00e7ekle\u015ftirildi. T\u00fcrk D\u00fcnyas\u0131ndan Geni\u015f Kat\u0131l\u0131mAzerbaycan<\/p>\n","protected":false},"author":1,"featured_media":74170,"comment_status":"open","ping_status":"open","sticky":false,"template":"","format":"standard","meta":{"footnotes":""},"categories":[81,101],"tags":[],"class_list":["post-74169","post","type-post","status-publish","format-standard","has-post-thumbnail","hentry","category-kibris","category-manset"],"yoast_head":"<!-- This site is optimized with the Yoast SEO plugin v27.5 - https:\/\/yoast.com\/product\/yoast-seo-wordpress\/ -->\n<title>KKTC Milletvekilleri T\u00dcRKPA Sa\u011fl\u0131k Komisyonu Toplant\u0131s\u0131nda Bak\u00fc\u2019de -<\/title>\n<meta name=\"robots\" content=\"index, follow, max-snippet:-1, max-image-preview:large, max-video-preview:-1\" \/>\n<link rel=\"canonical\" href=\"https:\/\/kibrisdakik.com\/?p=74169\" \/>\n<meta property=\"og:locale\" content=\"tr_TR\" \/>\n<meta property=\"og:type\" content=\"article\" \/>\n<meta property=\"og:title\" content=\"KKTC Milletvekilleri T\u00dcRKPA Sa\u011fl\u0131k Komisyonu Toplant\u0131s\u0131nda Bak\u00fc\u2019de -\" \/>\n<meta property=\"og:description\" content=\"Cumhuriyet Meclisi \u0130dari, Kamu ve Sa\u011fl\u0131k \u0130\u015fleri Komitesi Ba\u015fkan Vekili CTP Milletvekili Filiz Besim ve Komite \u00dcyesi UBP Grup Ba\u015fkanvekili Ahmet Sava\u015fan, Azerbaycan\u2019\u0131n ba\u015fkenti Bak\u00fc\u2019de d\u00fczenlenen T\u00fcrk Devletleri Parlamenter Asamblesi (T\u00dcRKPA) Sa\u011fl\u0131k Komisyonlar\u0131 Ba\u015fkanlar\u0131 \u0130kinci Toplant\u0131s\u0131\u2019na kat\u0131ld\u0131. Toplant\u0131, \u201c\u0130klim De\u011fi\u015fikli\u011fi ve Sa\u011fl\u0131k: Yasaman\u0131n \u0130klim De\u011fi\u015fikli\u011finin Sa\u011fl\u0131k \u00dczerindeki Etkilerine M\u00fcdahalesi\u201d temas\u0131yla ger\u00e7ekle\u015ftirildi. T\u00fcrk D\u00fcnyas\u0131ndan Geni\u015f Kat\u0131l\u0131mAzerbaycan\" \/>\n<meta property=\"og:url\" content=\"https:\/\/kibrisdakik.com\/?p=74169\" \/>\n<meta property=\"article:published_time\" content=\"2025-01-23T09:04:00+00:00\" \/>\n<meta property=\"og:image\" content=\"https:\/\/kibrisdakik.com\/wp-content\/uploads\/2025\/01\/45646-740x420.jpg\" \/>\n\t<meta property=\"og:image:width\" content=\"1600\" \/>\n\t<meta property=\"og:image:height\" content=\"534\" \/>\n\t<meta property=\"og:image:type\" content=\"image\/jpeg\" \/>\n<meta name=\"author\" content=\"admin\" \/>\n<meta name=\"twitter:card\" content=\"summary_large_image\" \/>\n<meta name=\"twitter:label1\" content=\"Yazan:\" \/>\n\t<meta name=\"twitter:data1\" content=\"admin\" \/>\n\t<meta name=\"twitter:label2\" content=\"Tahmini okuma s\u00fcresi\" \/>\n\t<meta name=\"twitter:data2\" content=\"3 dakika\" \/>\n<script type=\"application\/ld+json\" class=\"yoast-schema-graph\">{\"@context\":\"https:\\\/\\\/schema.org\",\"@graph\":[{\"@type\":\"Article\",\"@id\":\"https:\\\/\\\/kibrisdakik.com\\\/?p=74169#article\",\"isPartOf\":{\"@id\":\"https:\\\/\\\/kibrisdakik.com\\\/?p=74169\"},\"author\":{\"name\":\"admin\",\"@id\":\"https:\\\/\\\/kibrisdakik.com\\\/#\\\/schema\\\/person\\\/9cd9d437bbb44f72b73ba127e06d8e79\"},\"headline\":\"KKTC Milletvekilleri T\u00dcRKPA Sa\u011fl\u0131k Komisyonu Toplant\u0131s\u0131nda Bak\u00fc\u2019de\",\"datePublished\":\"2025-01-23T09:04:00+00:00\",\"mainEntityOfPage\":{\"@id\":\"https:\\\/\\\/kibrisdakik.com\\\/?p=74169\"},\"wordCount\":525,\"commentCount\":0,\"image\":{\"@id\":\"https:\\\/\\\/kibrisdakik.com\\\/?p=74169#primaryimage\"},\"thumbnailUrl\":\"https:\\\/\\\/kibrisdakik.com\\\/wp-content\\\/uploads\\\/2025\\\/01\\\/45646-740x420.jpg\",\"articleSection\":[\"K\u0131br\u0131s\",\"Man\u015fet\"],\"inLanguage\":\"tr\",\"potentialAction\":[{\"@type\":\"CommentAction\",\"name\":\"Comment\",\"target\":[\"https:\\\/\\\/kibrisdakik.com\\\/?p=74169#respond\"]}]},{\"@type\":\"WebPage\",\"@id\":\"https:\\\/\\\/kibrisdakik.com\\\/?p=74169\",\"url\":\"https:\\\/\\\/kibrisdakik.com\\\/?p=74169\",\"name\":\"KKTC Milletvekilleri T\u00dcRKPA Sa\u011fl\u0131k Komisyonu Toplant\u0131s\u0131nda Bak\u00fc\u2019de -\",\"isPartOf\":{\"@id\":\"https:\\\/\\\/kibrisdakik.com\\\/#website\"},\"primaryImageOfPage\":{\"@id\":\"https:\\\/\\\/kibrisdakik.com\\\/?p=74169#primaryimage\"},\"image\":{\"@id\":\"https:\\\/\\\/kibrisdakik.com\\\/?p=74169#primaryimage\"},\"thumbnailUrl\":\"https:\\\/\\\/kibrisdakik.com\\\/wp-content\\\/uploads\\\/2025\\\/01\\\/45646-740x420.jpg\",\"datePublished\":\"2025-01-23T09:04:00+00:00\",\"author\":{\"@id\":\"https:\\\/\\\/kibrisdakik.com\\\/#\\\/schema\\\/person\\\/9cd9d437bbb44f72b73ba127e06d8e79\"},\"breadcrumb\":{\"@id\":\"https:\\\/\\\/kibrisdakik.com\\\/?p=74169#breadcrumb\"},\"inLanguage\":\"tr\",\"potentialAction\":[{\"@type\":\"ReadAction\",\"target\":[\"https:\\\/\\\/kibrisdakik.com\\\/?p=74169\"]}]},{\"@type\":\"ImageObject\",\"inLanguage\":\"tr\",\"@id\":\"https:\\\/\\\/kibrisdakik.com\\\/?p=74169#primaryimage\",\"url\":\"https:\\\/\\\/kibrisdakik.com\\\/wp-content\\\/uploads\\\/2025\\\/01\\\/45646-740x420.jpg\",\"contentUrl\":\"https:\\\/\\\/kibrisdakik.com\\\/wp-content\\\/uploads\\\/2025\\\/01\\\/45646-740x420.jpg\",\"width\":1600,\"height\":534},{\"@type\":\"BreadcrumbList\",\"@id\":\"https:\\\/\\\/kibrisdakik.com\\\/?p=74169#breadcrumb\",\"itemListElement\":[{\"@type\":\"ListItem\",\"position\":1,\"name\":\"Home\",\"item\":\"https:\\\/\\\/kibrisdakik.com\\\/\"},{\"@type\":\"ListItem\",\"position\":2,\"name\":\"KKTC Milletvekilleri T\u00dcRKPA Sa\u011fl\u0131k Komisyonu Toplant\u0131s\u0131nda Bak\u00fc\u2019de\"}]},{\"@type\":\"WebSite\",\"@id\":\"https:\\\/\\\/kibrisdakik.com\\\/#website\",\"url\":\"https:\\\/\\\/kibrisdakik.com\\\/\",\"name\":\"\",\"description\":\"Tam vaktinde haber\",\"potentialAction\":[{\"@type\":\"SearchAction\",\"target\":{\"@type\":\"EntryPoint\",\"urlTemplate\":\"https:\\\/\\\/kibrisdakik.com\\\/?s={search_term_string}\"},\"query-input\":{\"@type\":\"PropertyValueSpecification\",\"valueRequired\":true,\"valueName\":\"search_term_string\"}}],\"inLanguage\":\"tr\"},{\"@type\":\"Person\",\"@id\":\"https:\\\/\\\/kibrisdakik.com\\\/#\\\/schema\\\/person\\\/9cd9d437bbb44f72b73ba127e06d8e79\",\"name\":\"admin\",\"image\":{\"@type\":\"ImageObject\",\"inLanguage\":\"tr\",\"@id\":\"https:\\\/\\\/secure.gravatar.com\\\/avatar\\\/ccc17943b9d660506c869530f897617f7cb1c21a4bf30023f252596d83e1f007?s=96&d=mm&r=g\",\"url\":\"https:\\\/\\\/secure.gravatar.com\\\/avatar\\\/ccc17943b9d660506c869530f897617f7cb1c21a4bf30023f252596d83e1f007?s=96&d=mm&r=g\",\"contentUrl\":\"https:\\\/\\\/secure.gravatar.com\\\/avatar\\\/ccc17943b9d660506c869530f897617f7cb1c21a4bf30023f252596d83e1f007?s=96&d=mm&r=g\",\"caption\":\"admin\"},\"sameAs\":[\"https:\\\/\\\/kibrisdakik.com\"],\"url\":\"https:\\\/\\\/kibrisdakik.com\\\/?author=1\"}]}<\/script>\n<!-- \/ Yoast SEO plugin. -->","yoast_head_json":{"title":"KKTC Milletvekilleri T\u00dcRKPA Sa\u011fl\u0131k Komisyonu Toplant\u0131s\u0131nda Bak\u00fc\u2019de -","robots":{"index":"index","follow":"follow","max-snippet":"max-snippet:-1","max-image-preview":"max-image-preview:large","max-video-preview":"max-video-preview:-1"},"canonical":"https:\/\/kibrisdakik.com\/?p=74169","og_locale":"tr_TR","og_type":"article","og_title":"KKTC Milletvekilleri T\u00dcRKPA Sa\u011fl\u0131k Komisyonu Toplant\u0131s\u0131nda Bak\u00fc\u2019de -","og_description":"Cumhuriyet Meclisi \u0130dari, Kamu ve Sa\u011fl\u0131k \u0130\u015fleri Komitesi Ba\u015fkan Vekili CTP Milletvekili Filiz Besim ve Komite \u00dcyesi UBP Grup Ba\u015fkanvekili Ahmet Sava\u015fan, Azerbaycan\u2019\u0131n ba\u015fkenti Bak\u00fc\u2019de d\u00fczenlenen T\u00fcrk Devletleri Parlamenter Asamblesi (T\u00dcRKPA) Sa\u011fl\u0131k Komisyonlar\u0131 Ba\u015fkanlar\u0131 \u0130kinci Toplant\u0131s\u0131\u2019na kat\u0131ld\u0131. Toplant\u0131, \u201c\u0130klim De\u011fi\u015fikli\u011fi ve Sa\u011fl\u0131k: Yasaman\u0131n \u0130klim De\u011fi\u015fikli\u011finin Sa\u011fl\u0131k \u00dczerindeki Etkilerine M\u00fcdahalesi\u201d temas\u0131yla ger\u00e7ekle\u015ftirildi. T\u00fcrk D\u00fcnyas\u0131ndan Geni\u015f Kat\u0131l\u0131mAzerbaycan","og_url":"https:\/\/kibrisdakik.com\/?p=74169","article_published_time":"2025-01-23T09:04:00+00:00","og_image":[{"width":1600,"height":534,"url":"https:\/\/kibrisdakik.com\/wp-content\/uploads\/2025\/01\/45646-740x420.jpg","type":"image\/jpeg"}],"author":"admin","twitter_card":"summary_large_image","twitter_misc":{"Yazan:":"admin","Tahmini okuma s\u00fcresi":"3 dakika"},"schema":{"@context":"https:\/\/schema.org","@graph":[{"@type":"Article","@id":"https:\/\/kibrisdakik.com\/?p=74169#article","isPartOf":{"@id":"https:\/\/kibrisdakik.com\/?p=74169"},"author":{"name":"admin","@id":"https:\/\/kibrisdakik.com\/#\/schema\/person\/9cd9d437bbb44f72b73ba127e06d8e79"},"headline":"KKTC Milletvekilleri T\u00dcRKPA Sa\u011fl\u0131k Komisyonu Toplant\u0131s\u0131nda Bak\u00fc\u2019de","datePublished":"2025-01-23T09:04:00+00:00","mainEntityOfPage":{"@id":"https:\/\/kibrisdakik.com\/?p=74169"},"wordCount":525,"commentCount":0,"image":{"@id":"https:\/\/kibrisdakik.com\/?p=74169#primaryimage"},"thumbnailUrl":"https:\/\/kibrisdakik.com\/wp-content\/uploads\/2025\/01\/45646-740x420.jpg","articleSection":["K\u0131br\u0131s","Man\u015fet"],"inLanguage":"tr","potentialAction":[{"@type":"CommentAction","name":"Comment","target":["https:\/\/kibrisdakik.com\/?p=74169#respond"]}]},{"@type":"WebPage","@id":"https:\/\/kibrisdakik.com\/?p=74169","url":"https:\/\/kibrisdakik.com\/?p=74169","name":"KKTC Milletvekilleri T\u00dcRKPA Sa\u011fl\u0131k Komisyonu Toplant\u0131s\u0131nda Bak\u00fc\u2019de -","isPartOf":{"@id":"https:\/\/kibrisdakik.com\/#website"},"primaryImageOfPage":{"@id":"https:\/\/kibrisdakik.com\/?p=74169#primaryimage"},"image":{"@id":"https:\/\/kibrisdakik.com\/?p=74169#primaryimage"},"thumbnailUrl":"https:\/\/kibrisdakik.com\/wp-content\/uploads\/2025\/01\/45646-740x420.jpg","datePublished":"2025-01-23T09:04:00+00:00","author":{"@id":"https:\/\/kibrisdakik.com\/#\/schema\/person\/9cd9d437bbb44f72b73ba127e06d8e79"},"breadcrumb":{"@id":"https:\/\/kibrisdakik.com\/?p=74169#breadcrumb"},"inLanguage":"tr","potentialAction":[{"@type":"ReadAction","target":["https:\/\/kibrisdakik.com\/?p=74169"]}]},{"@type":"ImageObject","inLanguage":"tr","@id":"https:\/\/kibrisdakik.com\/?p=74169#primaryimage","url":"https:\/\/kibrisdakik.com\/wp-content\/uploads\/2025\/01\/45646-740x420.jpg","contentUrl":"https:\/\/kibrisdakik.com\/wp-content\/uploads\/2025\/01\/45646-740x420.jpg","width":1600,"height":534},{"@type":"BreadcrumbList","@id":"https:\/\/kibrisdakik.com\/?p=74169#breadcrumb","itemListElement":[{"@type":"ListItem","position":1,"name":"Home","item":"https:\/\/kibrisdakik.com\/"},{"@type":"ListItem","position":2,"name":"KKTC Milletvekilleri T\u00dcRKPA Sa\u011fl\u0131k Komisyonu Toplant\u0131s\u0131nda Bak\u00fc\u2019de"}]},{"@type":"WebSite","@id":"https:\/\/kibrisdakik.com\/#website","url":"https:\/\/kibrisdakik.com\/","name":"","description":"Tam vaktinde haber","potentialAction":[{"@type":"SearchAction","target":{"@type":"EntryPoint","urlTemplate":"https:\/\/kibrisdakik.com\/?s={search_term_string}"},"query-input":{"@type":"PropertyValueSpecification","valueRequired":true,"valueName":"search_term_string"}}],"inLanguage":"tr"},{"@type":"Person","@id":"https:\/\/kibrisdakik.com\/#\/schema\/person\/9cd9d437bbb44f72b73ba127e06d8e79","name":"admin","image":{"@type":"ImageObject","inLanguage":"tr","@id":"https:\/\/secure.gravatar.com\/avatar\/ccc17943b9d660506c869530f897617f7cb1c21a4bf30023f252596d83e1f007?s=96&d=mm&r=g","url":"https:\/\/secure.gravatar.com\/avatar\/ccc17943b9d660506c869530f897617f7cb1c21a4bf30023f252596d83e1f007?s=96&d=mm&r=g","contentUrl":"https:\/\/secure.gravatar.com\/avatar\/ccc17943b9d660506c869530f897617f7cb1c21a4bf30023f252596d83e1f007?s=96&d=mm&r=g","caption":"admin"},"sameAs":["https:\/\/kibrisdakik.com"],"url":"https:\/\/kibrisdakik.com\/?author=1"}]}},"_links":{"self":[{"href":"https:\/\/kibrisdakik.com\/index.php?rest_route=\/wp\/v2\/posts\/74169","targetHints":{"allow":["GET"]}}],"collection":[{"href":"https:\/\/kibrisdakik.com\/index.php?rest_route=\/wp\/v2\/posts"}],"about":[{"href":"https:\/\/kibrisdakik.com\/index.php?rest_route=\/wp\/v2\/types\/post"}],"author":[{"embeddable":true,"href":"https:\/\/kibrisdakik.com\/index.php?rest_route=\/wp\/v2\/users\/1"}],"replies":[{"embeddable":true,"href":"https:\/\/kibrisdakik.com\/index.php?rest_route=%2Fwp%2Fv2%2Fcomments&post=74169"}],"version-history":[{"count":0,"href":"https:\/\/kibrisdakik.com\/index.php?rest_route=\/wp\/v2\/posts\/74169\/revisions"}],"wp:featuredmedia":[{"embeddable":true,"href":"https:\/\/kibrisdakik.com\/index.php?rest_route=\/wp\/v2\/media\/74170"}],"wp:attachment":[{"href":"https:\/\/kibrisdakik.com\/index.php?rest_route=%2Fwp%2Fv2%2Fmedia&parent=74169"}],"wp:term":[{"taxonomy":"category","embeddable":true,"href":"https:\/\/kibrisdakik.com\/index.php?rest_route=%2Fwp%2Fv2%2Fcategories&post=74169"},{"taxonomy":"post_tag","embeddable":true,"href":"https:\/\/kibrisdakik.com\/index.php?rest_route=%2Fwp%2Fv2%2Ftags&post=74169"}],"curies":[{"name":"wp","href":"https:\/\/api.w.org\/{rel}","templated":true}]}}