{"id":74195,"date":"2025-01-23T14:12:56","date_gmt":"2025-01-23T11:12:56","guid":{"rendered":"https:\/\/kibrisdakik.com\/index.php\/2025\/01\/23\/turk-sen-asgari-ucrete-itiraz-etti\/"},"modified":"2025-01-23T14:12:56","modified_gmt":"2025-01-23T11:12:56","slug":"turk-sen-asgari-ucrete-itiraz-etti","status":"publish","type":"post","link":"https:\/\/kibrisdakik.com\/?p=74195","title":{"rendered":"T\u00dcRK-SEN, asgari \u00fccrete itiraz etti"},"content":{"rendered":"<div>\n<div class=\"mariselle-image-container center\">\n                                            <\/div>\n<p>K\u0131br\u0131s T\u00fcrk \u0130\u015f\u00e7i Sendikalar\u0131 Federasyonu (T\u00dcRK-SEN), 17 Ocak\u2019ta belirlenen asgari \u00fccrete itiraz etti\u011fini a\u00e7\u0131klad\u0131.<\/p>\n<p>T\u00dcRK-SEN Genel Ba\u015fkan\u0131 Arslan B\u0131\u00e7akl\u0131 yapt\u0131\u011f\u0131 a\u00e7\u0131klamada, devlet ve i\u015fveren temsilcilerinin oylar\u0131yla belirlenen yeni asgari \u00fccretin, a\u00e7l\u0131k s\u0131n\u0131r\u0131n\u0131n ve hayat pahal\u0131l\u0131\u011f\u0131n\u0131n alt\u0131nda kald\u0131\u011f\u0131n\u0131 iddia ederek, karara resmi olarak itiraz ettiklerini belirtti.<\/p>\n<p>\u201c250 bin TL maa\u015f alan siyasiler kendi maa\u015flar\u0131na d\u00f6rt ayl\u0131k hayat pahal\u0131l\u0131\u011f\u0131 oran\u0131 olan y\u00fczde 11,12 art\u0131\u015f\u0131 uygularken, 35 bin TL maa\u015f alan asgari \u00fccretlilere bu art\u0131\u015f\u0131 dahi vermeyerek onlar\u0131 ve ailelerini a\u00e7l\u0131\u011fa mahk\u00fbm ettiler\u201d ifadelerini kullanan B\u0131\u00e7akl\u0131, yeni asgari \u00fccretin g\u00fcn\u00fcn ko\u015fullar\u0131na uygun \u015fekilde yeniden belirlenmesini istedi.<\/p>\n<\/p><\/div>\n<p><script async\n                    defer\n                    crossorigin=\"anonymous\"\n                    src=\"https:\/\/connect.facebook.net\/tr_TR\/sdk.js#xfbml=1&#038;version=v3.3\"\n            ><\/script><\/p>\n","protected":false},"excerpt":{"rendered":"<p>K\u0131br\u0131s T\u00fcrk \u0130\u015f\u00e7i Sendikalar\u0131 Federasyonu (T\u00dcRK-SEN), 17 Ocak\u2019ta belirlenen asgari \u00fccrete itiraz etti\u011fini a\u00e7\u0131klad\u0131. T\u00dcRK-SEN Genel Ba\u015fkan\u0131 Arslan B\u0131\u00e7akl\u0131 yapt\u0131\u011f\u0131 a\u00e7\u0131klamada, devlet ve i\u015fveren temsilcilerinin oylar\u0131yla belirlenen yeni asgari \u00fccretin, a\u00e7l\u0131k s\u0131n\u0131r\u0131n\u0131n ve hayat pahal\u0131l\u0131\u011f\u0131n\u0131n alt\u0131nda kald\u0131\u011f\u0131n\u0131 iddia ederek, karara resmi olarak itiraz ettiklerini belirtti. \u201c250 bin TL maa\u015f alan siyasiler kendi maa\u015flar\u0131na d\u00f6rt ayl\u0131k<\/p>\n","protected":false},"author":1,"featured_media":7030,"comment_status":"open","ping_status":"open","sticky":false,"template":"","format":"standard","meta":{"footnotes":""},"categories":[81,101],"tags":[],"class_list":["post-74195","post","type-post","status-publish","format-standard","has-post-thumbnail","hentry","category-kibris","category-manset"],"yoast_head":"<!-- This site is optimized with the Yoast SEO plugin v27.5 - https:\/\/yoast.com\/product\/yoast-seo-wordpress\/ -->\n<title>T\u00dcRK-SEN, asgari \u00fccrete itiraz etti -<\/title>\n<meta name=\"robots\" content=\"index, follow, max-snippet:-1, max-image-preview:large, max-video-preview:-1\" \/>\n<link rel=\"canonical\" href=\"https:\/\/kibrisdakik.com\/?p=74195\" \/>\n<meta property=\"og:locale\" content=\"tr_TR\" \/>\n<meta property=\"og:type\" content=\"article\" \/>\n<meta property=\"og:title\" content=\"T\u00dcRK-SEN, asgari \u00fccrete itiraz etti -\" \/>\n<meta property=\"og:description\" content=\"K\u0131br\u0131s T\u00fcrk \u0130\u015f\u00e7i Sendikalar\u0131 Federasyonu (T\u00dcRK-SEN), 17 Ocak\u2019ta belirlenen asgari \u00fccrete itiraz etti\u011fini a\u00e7\u0131klad\u0131. T\u00dcRK-SEN Genel Ba\u015fkan\u0131 Arslan B\u0131\u00e7akl\u0131 yapt\u0131\u011f\u0131 a\u00e7\u0131klamada, devlet ve i\u015fveren temsilcilerinin oylar\u0131yla belirlenen yeni asgari \u00fccretin, a\u00e7l\u0131k s\u0131n\u0131r\u0131n\u0131n ve hayat pahal\u0131l\u0131\u011f\u0131n\u0131n alt\u0131nda kald\u0131\u011f\u0131n\u0131 iddia ederek, karara resmi olarak itiraz ettiklerini belirtti. \u201c250 bin TL maa\u015f alan siyasiler kendi maa\u015flar\u0131na d\u00f6rt ayl\u0131k\" \/>\n<meta property=\"og:url\" content=\"https:\/\/kibrisdakik.com\/?p=74195\" \/>\n<meta property=\"article:published_time\" content=\"2025-01-23T11:12:56+00:00\" \/>\n<meta property=\"og:image\" content=\"https:\/\/kibrisdakik.com\/wp-content\/uploads\/2023\/05\/TURKSEN.jpg\" \/>\n\t<meta property=\"og:image:width\" content=\"620\" \/>\n\t<meta property=\"og:image:height\" content=\"350\" \/>\n\t<meta property=\"og:image:type\" content=\"image\/jpeg\" \/>\n<meta name=\"author\" content=\"admin\" \/>\n<meta name=\"twitter:card\" content=\"summary_large_image\" \/>\n<meta name=\"twitter:label1\" content=\"Yazan:\" \/>\n\t<meta name=\"twitter:data1\" content=\"admin\" \/>\n\t<meta name=\"twitter:label2\" content=\"Tahmini okuma s\u00fcresi\" \/>\n\t<meta name=\"twitter:data2\" content=\"1 dakika\" \/>\n<script type=\"application\/ld+json\" class=\"yoast-schema-graph\">{\"@context\":\"https:\\\/\\\/schema.org\",\"@graph\":[{\"@type\":\"Article\",\"@id\":\"https:\\\/\\\/kibrisdakik.com\\\/?p=74195#article\",\"isPartOf\":{\"@id\":\"https:\\\/\\\/kibrisdakik.com\\\/?p=74195\"},\"author\":{\"name\":\"admin\",\"@id\":\"https:\\\/\\\/kibrisdakik.com\\\/#\\\/schema\\\/person\\\/9cd9d437bbb44f72b73ba127e06d8e79\"},\"headline\":\"T\u00dcRK-SEN, asgari \u00fccrete itiraz etti\",\"datePublished\":\"2025-01-23T11:12:56+00:00\",\"mainEntityOfPage\":{\"@id\":\"https:\\\/\\\/kibrisdakik.com\\\/?p=74195\"},\"wordCount\":133,\"commentCount\":0,\"image\":{\"@id\":\"https:\\\/\\\/kibrisdakik.com\\\/?p=74195#primaryimage\"},\"thumbnailUrl\":\"https:\\\/\\\/kibrisdakik.com\\\/wp-content\\\/uploads\\\/2023\\\/05\\\/TURKSEN.jpg\",\"articleSection\":[\"K\u0131br\u0131s\",\"Man\u015fet\"],\"inLanguage\":\"tr\",\"potentialAction\":[{\"@type\":\"CommentAction\",\"name\":\"Comment\",\"target\":[\"https:\\\/\\\/kibrisdakik.com\\\/?p=74195#respond\"]}]},{\"@type\":\"WebPage\",\"@id\":\"https:\\\/\\\/kibrisdakik.com\\\/?p=74195\",\"url\":\"https:\\\/\\\/kibrisdakik.com\\\/?p=74195\",\"name\":\"T\u00dcRK-SEN, asgari \u00fccrete itiraz etti -\",\"isPartOf\":{\"@id\":\"https:\\\/\\\/kibrisdakik.com\\\/#website\"},\"primaryImageOfPage\":{\"@id\":\"https:\\\/\\\/kibrisdakik.com\\\/?p=74195#primaryimage\"},\"image\":{\"@id\":\"https:\\\/\\\/kibrisdakik.com\\\/?p=74195#primaryimage\"},\"thumbnailUrl\":\"https:\\\/\\\/kibrisdakik.com\\\/wp-content\\\/uploads\\\/2023\\\/05\\\/TURKSEN.jpg\",\"datePublished\":\"2025-01-23T11:12:56+00:00\",\"author\":{\"@id\":\"https:\\\/\\\/kibrisdakik.com\\\/#\\\/schema\\\/person\\\/9cd9d437bbb44f72b73ba127e06d8e79\"},\"breadcrumb\":{\"@id\":\"https:\\\/\\\/kibrisdakik.com\\\/?p=74195#breadcrumb\"},\"inLanguage\":\"tr\",\"potentialAction\":[{\"@type\":\"ReadAction\",\"target\":[\"https:\\\/\\\/kibrisdakik.com\\\/?p=74195\"]}]},{\"@type\":\"ImageObject\",\"inLanguage\":\"tr\",\"@id\":\"https:\\\/\\\/kibrisdakik.com\\\/?p=74195#primaryimage\",\"url\":\"https:\\\/\\\/kibrisdakik.com\\\/wp-content\\\/uploads\\\/2023\\\/05\\\/TURKSEN.jpg\",\"contentUrl\":\"https:\\\/\\\/kibrisdakik.com\\\/wp-content\\\/uploads\\\/2023\\\/05\\\/TURKSEN.jpg\",\"width\":620,\"height\":350},{\"@type\":\"BreadcrumbList\",\"@id\":\"https:\\\/\\\/kibrisdakik.com\\\/?p=74195#breadcrumb\",\"itemListElement\":[{\"@type\":\"ListItem\",\"position\":1,\"name\":\"Home\",\"item\":\"https:\\\/\\\/kibrisdakik.com\\\/\"},{\"@type\":\"ListItem\",\"position\":2,\"name\":\"T\u00dcRK-SEN, asgari \u00fccrete itiraz etti\"}]},{\"@type\":\"WebSite\",\"@id\":\"https:\\\/\\\/kibrisdakik.com\\\/#website\",\"url\":\"https:\\\/\\\/kibrisdakik.com\\\/\",\"name\":\"\",\"description\":\"Tam vaktinde haber\",\"potentialAction\":[{\"@type\":\"SearchAction\",\"target\":{\"@type\":\"EntryPoint\",\"urlTemplate\":\"https:\\\/\\\/kibrisdakik.com\\\/?s={search_term_string}\"},\"query-input\":{\"@type\":\"PropertyValueSpecification\",\"valueRequired\":true,\"valueName\":\"search_term_string\"}}],\"inLanguage\":\"tr\"},{\"@type\":\"Person\",\"@id\":\"https:\\\/\\\/kibrisdakik.com\\\/#\\\/schema\\\/person\\\/9cd9d437bbb44f72b73ba127e06d8e79\",\"name\":\"admin\",\"image\":{\"@type\":\"ImageObject\",\"inLanguage\":\"tr\",\"@id\":\"https:\\\/\\\/secure.gravatar.com\\\/avatar\\\/ccc17943b9d660506c869530f897617f7cb1c21a4bf30023f252596d83e1f007?s=96&d=mm&r=g\",\"url\":\"https:\\\/\\\/secure.gravatar.com\\\/avatar\\\/ccc17943b9d660506c869530f897617f7cb1c21a4bf30023f252596d83e1f007?s=96&d=mm&r=g\",\"contentUrl\":\"https:\\\/\\\/secure.gravatar.com\\\/avatar\\\/ccc17943b9d660506c869530f897617f7cb1c21a4bf30023f252596d83e1f007?s=96&d=mm&r=g\",\"caption\":\"admin\"},\"sameAs\":[\"https:\\\/\\\/kibrisdakik.com\"],\"url\":\"https:\\\/\\\/kibrisdakik.com\\\/?author=1\"}]}<\/script>\n<!-- \/ Yoast SEO plugin. -->","yoast_head_json":{"title":"T\u00dcRK-SEN, asgari \u00fccrete itiraz etti -","robots":{"index":"index","follow":"follow","max-snippet":"max-snippet:-1","max-image-preview":"max-image-preview:large","max-video-preview":"max-video-preview:-1"},"canonical":"https:\/\/kibrisdakik.com\/?p=74195","og_locale":"tr_TR","og_type":"article","og_title":"T\u00dcRK-SEN, asgari \u00fccrete itiraz etti -","og_description":"K\u0131br\u0131s T\u00fcrk \u0130\u015f\u00e7i Sendikalar\u0131 Federasyonu (T\u00dcRK-SEN), 17 Ocak\u2019ta belirlenen asgari \u00fccrete itiraz etti\u011fini a\u00e7\u0131klad\u0131. T\u00dcRK-SEN Genel Ba\u015fkan\u0131 Arslan B\u0131\u00e7akl\u0131 yapt\u0131\u011f\u0131 a\u00e7\u0131klamada, devlet ve i\u015fveren temsilcilerinin oylar\u0131yla belirlenen yeni asgari \u00fccretin, a\u00e7l\u0131k s\u0131n\u0131r\u0131n\u0131n ve hayat pahal\u0131l\u0131\u011f\u0131n\u0131n alt\u0131nda kald\u0131\u011f\u0131n\u0131 iddia ederek, karara resmi olarak itiraz ettiklerini belirtti. \u201c250 bin TL maa\u015f alan siyasiler kendi maa\u015flar\u0131na d\u00f6rt ayl\u0131k","og_url":"https:\/\/kibrisdakik.com\/?p=74195","article_published_time":"2025-01-23T11:12:56+00:00","og_image":[{"width":620,"height":350,"url":"https:\/\/kibrisdakik.com\/wp-content\/uploads\/2023\/05\/TURKSEN.jpg","type":"image\/jpeg"}],"author":"admin","twitter_card":"summary_large_image","twitter_misc":{"Yazan:":"admin","Tahmini okuma s\u00fcresi":"1 dakika"},"schema":{"@context":"https:\/\/schema.org","@graph":[{"@type":"Article","@id":"https:\/\/kibrisdakik.com\/?p=74195#article","isPartOf":{"@id":"https:\/\/kibrisdakik.com\/?p=74195"},"author":{"name":"admin","@id":"https:\/\/kibrisdakik.com\/#\/schema\/person\/9cd9d437bbb44f72b73ba127e06d8e79"},"headline":"T\u00dcRK-SEN, asgari \u00fccrete itiraz etti","datePublished":"2025-01-23T11:12:56+00:00","mainEntityOfPage":{"@id":"https:\/\/kibrisdakik.com\/?p=74195"},"wordCount":133,"commentCount":0,"image":{"@id":"https:\/\/kibrisdakik.com\/?p=74195#primaryimage"},"thumbnailUrl":"https:\/\/kibrisdakik.com\/wp-content\/uploads\/2023\/05\/TURKSEN.jpg","articleSection":["K\u0131br\u0131s","Man\u015fet"],"inLanguage":"tr","potentialAction":[{"@type":"CommentAction","name":"Comment","target":["https:\/\/kibrisdakik.com\/?p=74195#respond"]}]},{"@type":"WebPage","@id":"https:\/\/kibrisdakik.com\/?p=74195","url":"https:\/\/kibrisdakik.com\/?p=74195","name":"T\u00dcRK-SEN, asgari \u00fccrete itiraz etti -","isPartOf":{"@id":"https:\/\/kibrisdakik.com\/#website"},"primaryImageOfPage":{"@id":"https:\/\/kibrisdakik.com\/?p=74195#primaryimage"},"image":{"@id":"https:\/\/kibrisdakik.com\/?p=74195#primaryimage"},"thumbnailUrl":"https:\/\/kibrisdakik.com\/wp-content\/uploads\/2023\/05\/TURKSEN.jpg","datePublished":"2025-01-23T11:12:56+00:00","author":{"@id":"https:\/\/kibrisdakik.com\/#\/schema\/person\/9cd9d437bbb44f72b73ba127e06d8e79"},"breadcrumb":{"@id":"https:\/\/kibrisdakik.com\/?p=74195#breadcrumb"},"inLanguage":"tr","potentialAction":[{"@type":"ReadAction","target":["https:\/\/kibrisdakik.com\/?p=74195"]}]},{"@type":"ImageObject","inLanguage":"tr","@id":"https:\/\/kibrisdakik.com\/?p=74195#primaryimage","url":"https:\/\/kibrisdakik.com\/wp-content\/uploads\/2023\/05\/TURKSEN.jpg","contentUrl":"https:\/\/kibrisdakik.com\/wp-content\/uploads\/2023\/05\/TURKSEN.jpg","width":620,"height":350},{"@type":"BreadcrumbList","@id":"https:\/\/kibrisdakik.com\/?p=74195#breadcrumb","itemListElement":[{"@type":"ListItem","position":1,"name":"Home","item":"https:\/\/kibrisdakik.com\/"},{"@type":"ListItem","position":2,"name":"T\u00dcRK-SEN, asgari \u00fccrete itiraz etti"}]},{"@type":"WebSite","@id":"https:\/\/kibrisdakik.com\/#website","url":"https:\/\/kibrisdakik.com\/","name":"","description":"Tam vaktinde haber","potentialAction":[{"@type":"SearchAction","target":{"@type":"EntryPoint","urlTemplate":"https:\/\/kibrisdakik.com\/?s={search_term_string}"},"query-input":{"@type":"PropertyValueSpecification","valueRequired":true,"valueName":"search_term_string"}}],"inLanguage":"tr"},{"@type":"Person","@id":"https:\/\/kibrisdakik.com\/#\/schema\/person\/9cd9d437bbb44f72b73ba127e06d8e79","name":"admin","image":{"@type":"ImageObject","inLanguage":"tr","@id":"https:\/\/secure.gravatar.com\/avatar\/ccc17943b9d660506c869530f897617f7cb1c21a4bf30023f252596d83e1f007?s=96&d=mm&r=g","url":"https:\/\/secure.gravatar.com\/avatar\/ccc17943b9d660506c869530f897617f7cb1c21a4bf30023f252596d83e1f007?s=96&d=mm&r=g","contentUrl":"https:\/\/secure.gravatar.com\/avatar\/ccc17943b9d660506c869530f897617f7cb1c21a4bf30023f252596d83e1f007?s=96&d=mm&r=g","caption":"admin"},"sameAs":["https:\/\/kibrisdakik.com"],"url":"https:\/\/kibrisdakik.com\/?author=1"}]}},"_links":{"self":[{"href":"https:\/\/kibrisdakik.com\/index.php?rest_route=\/wp\/v2\/posts\/74195","targetHints":{"allow":["GET"]}}],"collection":[{"href":"https:\/\/kibrisdakik.com\/index.php?rest_route=\/wp\/v2\/posts"}],"about":[{"href":"https:\/\/kibrisdakik.com\/index.php?rest_route=\/wp\/v2\/types\/post"}],"author":[{"embeddable":true,"href":"https:\/\/kibrisdakik.com\/index.php?rest_route=\/wp\/v2\/users\/1"}],"replies":[{"embeddable":true,"href":"https:\/\/kibrisdakik.com\/index.php?rest_route=%2Fwp%2Fv2%2Fcomments&post=74195"}],"version-history":[{"count":0,"href":"https:\/\/kibrisdakik.com\/index.php?rest_route=\/wp\/v2\/posts\/74195\/revisions"}],"wp:featuredmedia":[{"embeddable":true,"href":"https:\/\/kibrisdakik.com\/index.php?rest_route=\/wp\/v2\/media\/7030"}],"wp:attachment":[{"href":"https:\/\/kibrisdakik.com\/index.php?rest_route=%2Fwp%2Fv2%2Fmedia&parent=74195"}],"wp:term":[{"taxonomy":"category","embeddable":true,"href":"https:\/\/kibrisdakik.com\/index.php?rest_route=%2Fwp%2Fv2%2Fcategories&post=74195"},{"taxonomy":"post_tag","embeddable":true,"href":"https:\/\/kibrisdakik.com\/index.php?rest_route=%2Fwp%2Fv2%2Ftags&post=74195"}],"curies":[{"name":"wp","href":"https:\/\/api.w.org\/{rel}","templated":true}]}}