{"id":74228,"date":"2025-01-23T20:10:59","date_gmt":"2025-01-23T17:10:59","guid":{"rendered":"https:\/\/kibrisdakik.com\/index.php\/2025\/01\/23\/calisma-dairesiis-sagligi-ve-guvenligine-yonelik-denetimler-artirilacak-yayginlastirilacak\/"},"modified":"2025-01-23T20:10:59","modified_gmt":"2025-01-23T17:10:59","slug":"calisma-dairesiis-sagligi-ve-guvenligine-yonelik-denetimler-artirilacak-yayginlastirilacak","status":"publish","type":"post","link":"https:\/\/kibrisdakik.com\/?p=74228","title":{"rendered":"\u00c7al\u0131\u015fma Dairesi:\u0130\u015f sa\u011fl\u0131\u011f\u0131 ve g\u00fcvenli\u011fine y\u00f6nelik denetimler art\u0131r\u0131lacak, yayg\u0131nla\u015ft\u0131r\u0131lacak"},"content":{"rendered":"<div>\n<div class=\"mariselle-image-container center\">\n                                            <\/div>\n<p>\u00c7al\u0131\u015fma Dairesi M\u00fcd\u00fcrl\u00fc\u011f\u00fc i\u015f sa\u011fl\u0131\u011f\u0131 ve g\u00fcvenli\u011fi alan\u0131nda \u00fclke genelinde denetimlerini artt\u0131raca\u011f\u0131n\u0131 ve t\u00fcm sekt\u00f6rlere yayg\u0131nla\u015ft\u0131raca\u011f\u0131n\u0131 a\u00e7\u0131klad\u0131. <\/p>\n<p>Daire, son g\u00fcnlerde meydana gelen i\u015f kazalar\u0131yla ilgili bir a\u00e7\u0131klama yay\u0131nlad\u0131. \u201c\u015e\u00fcphesiz ya\u015fanan her i\u015f kazas\u0131 bizi derinden \u00fczmektedir.\u201d denilen a\u00e7\u0131klamada, 18 Ocak\u2019ta Ak\u00e7i\u00e7ek\u2019te ger\u00e7ekle\u015fen ve MD Ali Akbar (E-39, Banglade\u015f) isimli i\u015f\u00e7inin a\u011f\u0131r yaralanmas\u0131yla sonu\u00e7lanan i\u015f kazas\u0131n\u0131n Polis bas\u0131n b\u00fclteni arac\u0131l\u0131\u011f\u0131 ile \u00c7al\u0131\u015fma Dairesi M\u00fcd\u00fcrl\u00fc\u011f\u00fc\u2019ne intikal etti\u011fi belirtildi.<\/p>\n<p> A\u00e7\u0131klamada \u015funlara yer verildi:<\/p>\n<p> \u201cS\u00f6z konusu kaza Ak\u00e7i\u00e7ek\u2019te bulunan Sert-Kaya Ta\u015f K\u0131rma Tesisleri Ltd. \u015fantiyesi i\u00e7erisinde ve polis raporuna g\u00f6re kazazedenin \u20185350V13524 \u015fasi numaral\u0131 Volvo 100 serisi A25C Dumptruck marka kaya kamyonunu kullan\u0131rken d\u00f6n\u00fc\u015f yapaca\u011f\u0131 s\u0131rada toprak yolun solunda bulunan kayaya \u00e7arparak, direksiyon hakimiyetini kaybedip, toprak yol i\u00e7erisinde sa\u011f yan\u0131na devrilerek\u2019 ger\u00e7ekle\u015fmi\u015ftir. \u00c7al\u0131\u015fma Dairesi m\u00fcfetti\u015fleri konu kazayla ilgili Bo\u011faz Polis Karakolu\u2019na giderek bilgi ve belge talep etmi\u015f, ard\u0131ndan olay yerine intikal ederek kaza alan\u0131nda incelemelerde bulunmu\u015ftur. \u00c7al\u0131\u015fma m\u00fcfetti\u015flerimiz taraf\u0131ndan g\u00f6rg\u00fc tan\u0131klar\u0131yla g\u00f6r\u00fc\u015f\u00fcl\u00fcp ifadelerine ba\u015fvurulmu\u015f, olay yerinin foto\u011fraflar\u0131 \u00e7ekilmi\u015f, i\u015fveren tespiti, \u00e7al\u0131\u015fma izni ve i\u015f kazas\u0131 tahkikat\u0131 ba\u015flat\u0131lm\u0131\u015ft\u0131r. Kazazedenin Sert-Kaya Ta\u015f K\u0131rma Tesisleri Ltd. ile ayn\u0131 direkt\u00f6re sahip Akansu Karde\u015fler Ltd.\u2019den \u00e7al\u0131\u015fma izinli oldu\u011fu tespit edilmi\u015f olup; kazan\u0131n ger\u00e7ekle\u015fti\u011fi i\u015f yerinin \u0130\u015f Sa\u011fl\u0131\u011f\u0131 ve G\u00fcvenli\u011fi (\u0130SG) Yasas\u0131, Yabanc\u0131lar\u0131n \u00c7al\u0131\u015fma \u0130zinleri Yasas\u0131 ve \u0130\u015f Yasas\u0131 kapsam\u0131nda detayl\u0131 tahkikat\u0131 devam etmektedir. \u00c7al\u0131\u015fma Dairesi M\u00fcd\u00fcrl\u00fc\u011f\u00fc olarak, ya\u015fanan t\u00fcm i\u015f kazalar\u0131na, Polis Genel M\u00fcd\u00fcrl\u00fc\u011f\u00fc ile i\u015f birli\u011fi i\u00e7erisinde ayn\u0131 hassasiyetle yakla\u015fmaktay\u0131z. PGM ile koordineli bir \u015fekilde y\u00fcr\u00fct\u00fclen tahkikat\u0131n tamamlanmas\u0131yla, Dairemiz taraf\u0131ndan ilgili yasal mevzuat uyar\u0131nca gereken yapt\u0131r\u0131mlar uygulanacakt\u0131r. \u00c7al\u0131\u015fma ve Sosyal G\u00fcvenlik Bakanl\u0131\u011f\u0131 taraf\u0131ndan \u0130SG Yasas\u0131n\u0131n 11. Maddesi kapsam\u0131nda haz\u0131rlanan Acil Durum Plan\u0131 \u00e7er\u00e7evesinde, \u015eubat ay\u0131ndan itibaren KKTC genelinde sekt\u00f6rel etkin i\u015f sa\u011fl\u0131\u011f\u0131 ve g\u00fcvenli\u011fi denetimlerine ba\u015flanacakt\u0131r.\u201d<\/p>\n<p> \u00c7al\u0131\u015fma Dairesi M\u00fcd\u00fcrl\u00fc\u011f\u00fc a\u00e7\u0131klamas\u0131nda, kazas\u0131z, sa\u011fl\u0131kl\u0131 ve g\u00fcvenli bir i\u015f ya\u015fam\u0131n\u0131n herkesin ortak arzusu oldu\u011fu belirtilerek, insan hayat\u0131 ve \u00e7al\u0131\u015fanlar\u0131n g\u00fcvenli\u011finden sorumlu olan \u00c7al\u0131\u015fma Dairesi\u2019nin, tedbirsizli\u011fe ve ihmale herhangi bir kurban vermemek i\u00e7in, i\u015f sa\u011fl\u0131\u011f\u0131 ve g\u00fcvenli\u011fi alan\u0131nda \u00fclke genelinde denetimlerini artt\u0131rarak t\u00fcm sekt\u00f6rlere yayg\u0131nla\u015ft\u0131raca\u011f\u0131 vurguland\u0131.<\/p>\n<\/p><\/div>\n<p><script async\n                    defer\n                    crossorigin=\"anonymous\"\n                    src=\"https:\/\/connect.facebook.net\/tr_TR\/sdk.js#xfbml=1&#038;version=v3.3\"\n            ><\/script><\/p>\n","protected":false},"excerpt":{"rendered":"<p>\u00c7al\u0131\u015fma Dairesi M\u00fcd\u00fcrl\u00fc\u011f\u00fc i\u015f sa\u011fl\u0131\u011f\u0131 ve g\u00fcvenli\u011fi alan\u0131nda \u00fclke genelinde denetimlerini artt\u0131raca\u011f\u0131n\u0131 ve t\u00fcm sekt\u00f6rlere yayg\u0131nla\u015ft\u0131raca\u011f\u0131n\u0131 a\u00e7\u0131klad\u0131. Daire, son g\u00fcnlerde meydana gelen i\u015f kazalar\u0131yla ilgili bir a\u00e7\u0131klama yay\u0131nlad\u0131. \u201c\u015e\u00fcphesiz ya\u015fanan her i\u015f kazas\u0131 bizi derinden \u00fczmektedir.\u201d denilen a\u00e7\u0131klamada, 18 Ocak\u2019ta Ak\u00e7i\u00e7ek\u2019te ger\u00e7ekle\u015fen ve MD Ali Akbar (E-39, Banglade\u015f) isimli i\u015f\u00e7inin a\u011f\u0131r yaralanmas\u0131yla sonu\u00e7lanan i\u015f kazas\u0131n\u0131n<\/p>\n","protected":false},"author":1,"featured_media":74229,"comment_status":"open","ping_status":"open","sticky":false,"template":"","format":"standard","meta":{"footnotes":""},"categories":[81,101],"tags":[],"class_list":["post-74228","post","type-post","status-publish","format-standard","has-post-thumbnail","hentry","category-kibris","category-manset"],"yoast_head":"<!-- This site is optimized with the Yoast SEO plugin v27.5 - https:\/\/yoast.com\/product\/yoast-seo-wordpress\/ -->\n<title>\u00c7al\u0131\u015fma Dairesi:\u0130\u015f sa\u011fl\u0131\u011f\u0131 ve g\u00fcvenli\u011fine y\u00f6nelik denetimler art\u0131r\u0131lacak, yayg\u0131nla\u015ft\u0131r\u0131lacak -<\/title>\n<meta name=\"robots\" content=\"index, follow, max-snippet:-1, max-image-preview:large, max-video-preview:-1\" \/>\n<link rel=\"canonical\" href=\"https:\/\/kibrisdakik.com\/?p=74228\" \/>\n<meta property=\"og:locale\" content=\"tr_TR\" \/>\n<meta property=\"og:type\" content=\"article\" \/>\n<meta property=\"og:title\" content=\"\u00c7al\u0131\u015fma Dairesi:\u0130\u015f sa\u011fl\u0131\u011f\u0131 ve g\u00fcvenli\u011fine y\u00f6nelik denetimler art\u0131r\u0131lacak, yayg\u0131nla\u015ft\u0131r\u0131lacak -\" \/>\n<meta property=\"og:description\" content=\"\u00c7al\u0131\u015fma Dairesi M\u00fcd\u00fcrl\u00fc\u011f\u00fc i\u015f sa\u011fl\u0131\u011f\u0131 ve g\u00fcvenli\u011fi alan\u0131nda \u00fclke genelinde denetimlerini artt\u0131raca\u011f\u0131n\u0131 ve t\u00fcm sekt\u00f6rlere yayg\u0131nla\u015ft\u0131raca\u011f\u0131n\u0131 a\u00e7\u0131klad\u0131. Daire, son g\u00fcnlerde meydana gelen i\u015f kazalar\u0131yla ilgili bir a\u00e7\u0131klama yay\u0131nlad\u0131. \u201c\u015e\u00fcphesiz ya\u015fanan her i\u015f kazas\u0131 bizi derinden \u00fczmektedir.\u201d denilen a\u00e7\u0131klamada, 18 Ocak\u2019ta Ak\u00e7i\u00e7ek\u2019te ger\u00e7ekle\u015fen ve MD Ali Akbar (E-39, Banglade\u015f) isimli i\u015f\u00e7inin a\u011f\u0131r yaralanmas\u0131yla sonu\u00e7lanan i\u015f kazas\u0131n\u0131n\" \/>\n<meta property=\"og:url\" content=\"https:\/\/kibrisdakik.com\/?p=74228\" \/>\n<meta property=\"article:published_time\" content=\"2025-01-23T17:10:59+00:00\" \/>\n<meta property=\"og:image\" content=\"https:\/\/kibrisdakik.com\/wp-content\/uploads\/2025\/01\/calisma-dairesi-740x420.png\" \/>\n\t<meta property=\"og:image:width\" content=\"1640\" \/>\n\t<meta property=\"og:image:height\" content=\"720\" \/>\n\t<meta property=\"og:image:type\" content=\"image\/png\" \/>\n<meta name=\"author\" content=\"admin\" \/>\n<meta name=\"twitter:card\" content=\"summary_large_image\" \/>\n<meta name=\"twitter:label1\" content=\"Yazan:\" \/>\n\t<meta name=\"twitter:data1\" content=\"admin\" \/>\n\t<meta name=\"twitter:label2\" content=\"Tahmini okuma s\u00fcresi\" \/>\n\t<meta name=\"twitter:data2\" content=\"2 dakika\" \/>\n<script type=\"application\/ld+json\" class=\"yoast-schema-graph\">{\"@context\":\"https:\\\/\\\/schema.org\",\"@graph\":[{\"@type\":\"Article\",\"@id\":\"https:\\\/\\\/kibrisdakik.com\\\/?p=74228#article\",\"isPartOf\":{\"@id\":\"https:\\\/\\\/kibrisdakik.com\\\/?p=74228\"},\"author\":{\"name\":\"admin\",\"@id\":\"https:\\\/\\\/kibrisdakik.com\\\/#\\\/schema\\\/person\\\/9cd9d437bbb44f72b73ba127e06d8e79\"},\"headline\":\"\u00c7al\u0131\u015fma Dairesi:\u0130\u015f sa\u011fl\u0131\u011f\u0131 ve g\u00fcvenli\u011fine y\u00f6nelik denetimler art\u0131r\u0131lacak, yayg\u0131nla\u015ft\u0131r\u0131lacak\",\"datePublished\":\"2025-01-23T17:10:59+00:00\",\"mainEntityOfPage\":{\"@id\":\"https:\\\/\\\/kibrisdakik.com\\\/?p=74228\"},\"wordCount\":499,\"commentCount\":0,\"image\":{\"@id\":\"https:\\\/\\\/kibrisdakik.com\\\/?p=74228#primaryimage\"},\"thumbnailUrl\":\"https:\\\/\\\/kibrisdakik.com\\\/wp-content\\\/uploads\\\/2025\\\/01\\\/calisma-dairesi-740x420.png\",\"articleSection\":[\"K\u0131br\u0131s\",\"Man\u015fet\"],\"inLanguage\":\"tr\",\"potentialAction\":[{\"@type\":\"CommentAction\",\"name\":\"Comment\",\"target\":[\"https:\\\/\\\/kibrisdakik.com\\\/?p=74228#respond\"]}]},{\"@type\":\"WebPage\",\"@id\":\"https:\\\/\\\/kibrisdakik.com\\\/?p=74228\",\"url\":\"https:\\\/\\\/kibrisdakik.com\\\/?p=74228\",\"name\":\"\u00c7al\u0131\u015fma Dairesi:\u0130\u015f sa\u011fl\u0131\u011f\u0131 ve g\u00fcvenli\u011fine y\u00f6nelik denetimler art\u0131r\u0131lacak, yayg\u0131nla\u015ft\u0131r\u0131lacak -\",\"isPartOf\":{\"@id\":\"https:\\\/\\\/kibrisdakik.com\\\/#website\"},\"primaryImageOfPage\":{\"@id\":\"https:\\\/\\\/kibrisdakik.com\\\/?p=74228#primaryimage\"},\"image\":{\"@id\":\"https:\\\/\\\/kibrisdakik.com\\\/?p=74228#primaryimage\"},\"thumbnailUrl\":\"https:\\\/\\\/kibrisdakik.com\\\/wp-content\\\/uploads\\\/2025\\\/01\\\/calisma-dairesi-740x420.png\",\"datePublished\":\"2025-01-23T17:10:59+00:00\",\"author\":{\"@id\":\"https:\\\/\\\/kibrisdakik.com\\\/#\\\/schema\\\/person\\\/9cd9d437bbb44f72b73ba127e06d8e79\"},\"breadcrumb\":{\"@id\":\"https:\\\/\\\/kibrisdakik.com\\\/?p=74228#breadcrumb\"},\"inLanguage\":\"tr\",\"potentialAction\":[{\"@type\":\"ReadAction\",\"target\":[\"https:\\\/\\\/kibrisdakik.com\\\/?p=74228\"]}]},{\"@type\":\"ImageObject\",\"inLanguage\":\"tr\",\"@id\":\"https:\\\/\\\/kibrisdakik.com\\\/?p=74228#primaryimage\",\"url\":\"https:\\\/\\\/kibrisdakik.com\\\/wp-content\\\/uploads\\\/2025\\\/01\\\/calisma-dairesi-740x420.png\",\"contentUrl\":\"https:\\\/\\\/kibrisdakik.com\\\/wp-content\\\/uploads\\\/2025\\\/01\\\/calisma-dairesi-740x420.png\",\"width\":1640,\"height\":720},{\"@type\":\"BreadcrumbList\",\"@id\":\"https:\\\/\\\/kibrisdakik.com\\\/?p=74228#breadcrumb\",\"itemListElement\":[{\"@type\":\"ListItem\",\"position\":1,\"name\":\"Home\",\"item\":\"https:\\\/\\\/kibrisdakik.com\\\/\"},{\"@type\":\"ListItem\",\"position\":2,\"name\":\"\u00c7al\u0131\u015fma Dairesi:\u0130\u015f sa\u011fl\u0131\u011f\u0131 ve g\u00fcvenli\u011fine y\u00f6nelik denetimler art\u0131r\u0131lacak, yayg\u0131nla\u015ft\u0131r\u0131lacak\"}]},{\"@type\":\"WebSite\",\"@id\":\"https:\\\/\\\/kibrisdakik.com\\\/#website\",\"url\":\"https:\\\/\\\/kibrisdakik.com\\\/\",\"name\":\"\",\"description\":\"Tam vaktinde haber\",\"potentialAction\":[{\"@type\":\"SearchAction\",\"target\":{\"@type\":\"EntryPoint\",\"urlTemplate\":\"https:\\\/\\\/kibrisdakik.com\\\/?s={search_term_string}\"},\"query-input\":{\"@type\":\"PropertyValueSpecification\",\"valueRequired\":true,\"valueName\":\"search_term_string\"}}],\"inLanguage\":\"tr\"},{\"@type\":\"Person\",\"@id\":\"https:\\\/\\\/kibrisdakik.com\\\/#\\\/schema\\\/person\\\/9cd9d437bbb44f72b73ba127e06d8e79\",\"name\":\"admin\",\"image\":{\"@type\":\"ImageObject\",\"inLanguage\":\"tr\",\"@id\":\"https:\\\/\\\/secure.gravatar.com\\\/avatar\\\/ccc17943b9d660506c869530f897617f7cb1c21a4bf30023f252596d83e1f007?s=96&d=mm&r=g\",\"url\":\"https:\\\/\\\/secure.gravatar.com\\\/avatar\\\/ccc17943b9d660506c869530f897617f7cb1c21a4bf30023f252596d83e1f007?s=96&d=mm&r=g\",\"contentUrl\":\"https:\\\/\\\/secure.gravatar.com\\\/avatar\\\/ccc17943b9d660506c869530f897617f7cb1c21a4bf30023f252596d83e1f007?s=96&d=mm&r=g\",\"caption\":\"admin\"},\"sameAs\":[\"https:\\\/\\\/kibrisdakik.com\"],\"url\":\"https:\\\/\\\/kibrisdakik.com\\\/?author=1\"}]}<\/script>\n<!-- \/ Yoast SEO plugin. -->","yoast_head_json":{"title":"\u00c7al\u0131\u015fma Dairesi:\u0130\u015f sa\u011fl\u0131\u011f\u0131 ve g\u00fcvenli\u011fine y\u00f6nelik denetimler art\u0131r\u0131lacak, yayg\u0131nla\u015ft\u0131r\u0131lacak -","robots":{"index":"index","follow":"follow","max-snippet":"max-snippet:-1","max-image-preview":"max-image-preview:large","max-video-preview":"max-video-preview:-1"},"canonical":"https:\/\/kibrisdakik.com\/?p=74228","og_locale":"tr_TR","og_type":"article","og_title":"\u00c7al\u0131\u015fma Dairesi:\u0130\u015f sa\u011fl\u0131\u011f\u0131 ve g\u00fcvenli\u011fine y\u00f6nelik denetimler art\u0131r\u0131lacak, yayg\u0131nla\u015ft\u0131r\u0131lacak -","og_description":"\u00c7al\u0131\u015fma Dairesi M\u00fcd\u00fcrl\u00fc\u011f\u00fc i\u015f sa\u011fl\u0131\u011f\u0131 ve g\u00fcvenli\u011fi alan\u0131nda \u00fclke genelinde denetimlerini artt\u0131raca\u011f\u0131n\u0131 ve t\u00fcm sekt\u00f6rlere yayg\u0131nla\u015ft\u0131raca\u011f\u0131n\u0131 a\u00e7\u0131klad\u0131. Daire, son g\u00fcnlerde meydana gelen i\u015f kazalar\u0131yla ilgili bir a\u00e7\u0131klama yay\u0131nlad\u0131. \u201c\u015e\u00fcphesiz ya\u015fanan her i\u015f kazas\u0131 bizi derinden \u00fczmektedir.\u201d denilen a\u00e7\u0131klamada, 18 Ocak\u2019ta Ak\u00e7i\u00e7ek\u2019te ger\u00e7ekle\u015fen ve MD Ali Akbar (E-39, Banglade\u015f) isimli i\u015f\u00e7inin a\u011f\u0131r yaralanmas\u0131yla sonu\u00e7lanan i\u015f kazas\u0131n\u0131n","og_url":"https:\/\/kibrisdakik.com\/?p=74228","article_published_time":"2025-01-23T17:10:59+00:00","og_image":[{"width":1640,"height":720,"url":"https:\/\/kibrisdakik.com\/wp-content\/uploads\/2025\/01\/calisma-dairesi-740x420.png","type":"image\/png"}],"author":"admin","twitter_card":"summary_large_image","twitter_misc":{"Yazan:":"admin","Tahmini okuma s\u00fcresi":"2 dakika"},"schema":{"@context":"https:\/\/schema.org","@graph":[{"@type":"Article","@id":"https:\/\/kibrisdakik.com\/?p=74228#article","isPartOf":{"@id":"https:\/\/kibrisdakik.com\/?p=74228"},"author":{"name":"admin","@id":"https:\/\/kibrisdakik.com\/#\/schema\/person\/9cd9d437bbb44f72b73ba127e06d8e79"},"headline":"\u00c7al\u0131\u015fma Dairesi:\u0130\u015f sa\u011fl\u0131\u011f\u0131 ve g\u00fcvenli\u011fine y\u00f6nelik denetimler art\u0131r\u0131lacak, yayg\u0131nla\u015ft\u0131r\u0131lacak","datePublished":"2025-01-23T17:10:59+00:00","mainEntityOfPage":{"@id":"https:\/\/kibrisdakik.com\/?p=74228"},"wordCount":499,"commentCount":0,"image":{"@id":"https:\/\/kibrisdakik.com\/?p=74228#primaryimage"},"thumbnailUrl":"https:\/\/kibrisdakik.com\/wp-content\/uploads\/2025\/01\/calisma-dairesi-740x420.png","articleSection":["K\u0131br\u0131s","Man\u015fet"],"inLanguage":"tr","potentialAction":[{"@type":"CommentAction","name":"Comment","target":["https:\/\/kibrisdakik.com\/?p=74228#respond"]}]},{"@type":"WebPage","@id":"https:\/\/kibrisdakik.com\/?p=74228","url":"https:\/\/kibrisdakik.com\/?p=74228","name":"\u00c7al\u0131\u015fma Dairesi:\u0130\u015f sa\u011fl\u0131\u011f\u0131 ve g\u00fcvenli\u011fine y\u00f6nelik denetimler art\u0131r\u0131lacak, yayg\u0131nla\u015ft\u0131r\u0131lacak -","isPartOf":{"@id":"https:\/\/kibrisdakik.com\/#website"},"primaryImageOfPage":{"@id":"https:\/\/kibrisdakik.com\/?p=74228#primaryimage"},"image":{"@id":"https:\/\/kibrisdakik.com\/?p=74228#primaryimage"},"thumbnailUrl":"https:\/\/kibrisdakik.com\/wp-content\/uploads\/2025\/01\/calisma-dairesi-740x420.png","datePublished":"2025-01-23T17:10:59+00:00","author":{"@id":"https:\/\/kibrisdakik.com\/#\/schema\/person\/9cd9d437bbb44f72b73ba127e06d8e79"},"breadcrumb":{"@id":"https:\/\/kibrisdakik.com\/?p=74228#breadcrumb"},"inLanguage":"tr","potentialAction":[{"@type":"ReadAction","target":["https:\/\/kibrisdakik.com\/?p=74228"]}]},{"@type":"ImageObject","inLanguage":"tr","@id":"https:\/\/kibrisdakik.com\/?p=74228#primaryimage","url":"https:\/\/kibrisdakik.com\/wp-content\/uploads\/2025\/01\/calisma-dairesi-740x420.png","contentUrl":"https:\/\/kibrisdakik.com\/wp-content\/uploads\/2025\/01\/calisma-dairesi-740x420.png","width":1640,"height":720},{"@type":"BreadcrumbList","@id":"https:\/\/kibrisdakik.com\/?p=74228#breadcrumb","itemListElement":[{"@type":"ListItem","position":1,"name":"Home","item":"https:\/\/kibrisdakik.com\/"},{"@type":"ListItem","position":2,"name":"\u00c7al\u0131\u015fma Dairesi:\u0130\u015f sa\u011fl\u0131\u011f\u0131 ve g\u00fcvenli\u011fine y\u00f6nelik denetimler art\u0131r\u0131lacak, yayg\u0131nla\u015ft\u0131r\u0131lacak"}]},{"@type":"WebSite","@id":"https:\/\/kibrisdakik.com\/#website","url":"https:\/\/kibrisdakik.com\/","name":"","description":"Tam vaktinde haber","potentialAction":[{"@type":"SearchAction","target":{"@type":"EntryPoint","urlTemplate":"https:\/\/kibrisdakik.com\/?s={search_term_string}"},"query-input":{"@type":"PropertyValueSpecification","valueRequired":true,"valueName":"search_term_string"}}],"inLanguage":"tr"},{"@type":"Person","@id":"https:\/\/kibrisdakik.com\/#\/schema\/person\/9cd9d437bbb44f72b73ba127e06d8e79","name":"admin","image":{"@type":"ImageObject","inLanguage":"tr","@id":"https:\/\/secure.gravatar.com\/avatar\/ccc17943b9d660506c869530f897617f7cb1c21a4bf30023f252596d83e1f007?s=96&d=mm&r=g","url":"https:\/\/secure.gravatar.com\/avatar\/ccc17943b9d660506c869530f897617f7cb1c21a4bf30023f252596d83e1f007?s=96&d=mm&r=g","contentUrl":"https:\/\/secure.gravatar.com\/avatar\/ccc17943b9d660506c869530f897617f7cb1c21a4bf30023f252596d83e1f007?s=96&d=mm&r=g","caption":"admin"},"sameAs":["https:\/\/kibrisdakik.com"],"url":"https:\/\/kibrisdakik.com\/?author=1"}]}},"_links":{"self":[{"href":"https:\/\/kibrisdakik.com\/index.php?rest_route=\/wp\/v2\/posts\/74228","targetHints":{"allow":["GET"]}}],"collection":[{"href":"https:\/\/kibrisdakik.com\/index.php?rest_route=\/wp\/v2\/posts"}],"about":[{"href":"https:\/\/kibrisdakik.com\/index.php?rest_route=\/wp\/v2\/types\/post"}],"author":[{"embeddable":true,"href":"https:\/\/kibrisdakik.com\/index.php?rest_route=\/wp\/v2\/users\/1"}],"replies":[{"embeddable":true,"href":"https:\/\/kibrisdakik.com\/index.php?rest_route=%2Fwp%2Fv2%2Fcomments&post=74228"}],"version-history":[{"count":0,"href":"https:\/\/kibrisdakik.com\/index.php?rest_route=\/wp\/v2\/posts\/74228\/revisions"}],"wp:featuredmedia":[{"embeddable":true,"href":"https:\/\/kibrisdakik.com\/index.php?rest_route=\/wp\/v2\/media\/74229"}],"wp:attachment":[{"href":"https:\/\/kibrisdakik.com\/index.php?rest_route=%2Fwp%2Fv2%2Fmedia&parent=74228"}],"wp:term":[{"taxonomy":"category","embeddable":true,"href":"https:\/\/kibrisdakik.com\/index.php?rest_route=%2Fwp%2Fv2%2Fcategories&post=74228"},{"taxonomy":"post_tag","embeddable":true,"href":"https:\/\/kibrisdakik.com\/index.php?rest_route=%2Fwp%2Fv2%2Ftags&post=74228"}],"curies":[{"name":"wp","href":"https:\/\/api.w.org\/{rel}","templated":true}]}}