{"id":74253,"date":"2025-01-24T13:58:58","date_gmt":"2025-01-24T10:58:58","guid":{"rendered":"https:\/\/kibrisdakik.com\/index.php\/2025\/01\/24\/kirmizi-adli-karma-sergi-31-ocaka-kadar-uzatildi\/"},"modified":"2025-01-24T13:58:58","modified_gmt":"2025-01-24T10:58:58","slug":"kirmizi-adli-karma-sergi-31-ocaka-kadar-uzatildi","status":"publish","type":"post","link":"https:\/\/kibrisdakik.com\/?p=74253","title":{"rendered":"\u201cK\u0131rm\u0131z\u0131\u201d adl\u0131 karma sergi 31 Ocak\u2019a kadar uzat\u0131ld\u0131"},"content":{"rendered":"<p> <br \/>\n<\/p>\n<div>\n<div class=\"mariselle-image-container none\">\n                <img loading=\"lazy\" decoding=\"async\" width=\"930\" height=\"410\" class=\"lazy-image\" alt=\"\" sizes=\"auto, (max-width: 930px) 100vw, 930px\" src=\"https:\/\/brtk.net\/wp-content\/uploads\/2025\/01\/24\/1737715064119ayhatun-sergi-1.jpeg?ver=91fad734b05a8856b54bc9fc93460893\" srcset=\"https:\/\/brtk.net\/wp-content\/uploads\/2025\/01\/24\/1737715064119ayhatun-sergi-1.jpeg?ver=91fad734b05a8856b54bc9fc93460893 930w, https:\/\/brtk.net\/wp-content\/uploads\/2025\/01\/24\/1737715064119ayhatun-sergi-1-300x132.jpeg?ver=786fdf923ae3dde125360e8e752ef7be 300w, https:\/\/brtk.net\/wp-content\/uploads\/2025\/01\/24\/1737715064119ayhatun-sergi-1-768x339.jpeg?ver=786fdf923ae3dde125360e8e752ef7be 768w\"\/>                            <\/div>\n<p style=\"font-weight: 300;\"><span style=\"font-weight: 300 !important;\">Mevhibe &amp; Mustafa Ba\u015fman Vakf\u0131 sponsorlu\u011funda, Ayhatun Ate\u015fin k\u00fcrat\u00f6rl\u00fc\u011f\u00fcndeki \u201cK\u0131rm\u0131z\u0131\u201d konseptli uluslararas\u0131 karma sergi 31 Ocak\u2019a kadar uzat\u0131ld\u0131.<\/span><\/p>\n<p style=\"font-weight: 300;\"><span style=\"font-weight: 300 !important;\">Verilen bilgiye g\u00f6re, Bayrak Radyo Televizyon Kurumu (BRTK) ev sahipli\u011findeki sergide, Ezgi Yemenicio\u011flu Negir, G\u00fcliz Baydemir Katkar, Umut Germe\u00e7, Mine Okur, G\u00f6khan Okur, Erdal Aygen\u00e7, Raif K\u0131z\u0131l, Rana Amrahova, Nurseren Tor, Kemal Beh\u00e7et Caymaz, Mustafa Bat\u0131beniz, Mete Hatay, Ceyhan \u00d6zy\u0131ld\u0131z, Vedia Okutan Gaydeler, Evrim Erg\u00fcn, Sinem K\u0131l\u0131n\u00e7, Mert K\u0131l\u0131n\u00e7, Kaan Canduran, Soner Pilge, H\u00fcseyin \u00d6z\u00e7elik, Kadir Sevim, K\u00fcbra Nur G\u00fcven, Ali Asgar \u00c7akmakc\u0131, \u0130smail G\u00f6k\u00e7e ve Ayhatun Ate\u015fin\u2019in \u00e7al\u0131\u015fmalar\u0131 sunuluyor.<\/span><\/p>\n<p style=\"font-weight: 300;\"><span style=\"font-weight: 300 !important;\">Sergide, \u201cK\u0131rm\u0131z\u0131\u201d rengin dinamizminden ilham al\u0131narak, olu\u015fturulan eserler yer al\u0131yor.<\/span><\/p>\n<p style=\"font-weight: 300;\"><span style=\"font-weight: 300 !important;\">Ayhatun Ate\u015fin konuyla ilgili a\u00e7\u0131klamas\u0131nda, 25 sanat\u00e7\u0131n\u0131n yarat\u0131c\u0131 ve cesur yakla\u015f\u0131mlar\u0131yla \u015fekillenen serginin, yaln\u0131zca estetik bir deneyim sunmakla kalmad\u0131\u011f\u0131n\u0131 ayn\u0131 zamanda ger\u00e7eklerle y\u00fczle\u015fme cesareti de a\u015f\u0131lad\u0131\u011f\u0131n\u0131 belirterek, serginin mutlak izlenmesi gerekti\u011fini kaydetti.<\/span><\/p>\n<p>\u00a0<\/p>\n<\/p><\/div>\n<p><script async\n                    defer\n                    crossorigin=\"anonymous\"\n                    src=\"https:\/\/connect.facebook.net\/tr_TR\/sdk.js#xfbml=1&#038;version=v3.3\"\n            ><\/script><br \/>\n<br \/><br \/>\n<br \/><a href=\"https:\/\/brtk.net\/kirmizi-adli-karma-sergi-31-ocaka-kadar-uzatildi\/\">kpostasi <\/a><\/p>\n","protected":false},"excerpt":{"rendered":"<p>Mevhibe &amp; Mustafa Ba\u015fman Vakf\u0131 sponsorlu\u011funda, Ayhatun Ate\u015fin k\u00fcrat\u00f6rl\u00fc\u011f\u00fcndeki \u201cK\u0131rm\u0131z\u0131\u201d konseptli uluslararas\u0131 karma sergi 31 Ocak\u2019a kadar uzat\u0131ld\u0131. Verilen bilgiye g\u00f6re, Bayrak Radyo Televizyon Kurumu (BRTK) ev sahipli\u011findeki sergide, Ezgi Yemenicio\u011flu Negir, G\u00fcliz Baydemir Katkar, Umut Germe\u00e7, Mine Okur, G\u00f6khan Okur, Erdal Aygen\u00e7, Raif K\u0131z\u0131l, Rana Amrahova, Nurseren Tor, Kemal Beh\u00e7et Caymaz, Mustafa Bat\u0131beniz, Mete<\/p>\n","protected":false},"author":1,"featured_media":74254,"comment_status":"open","ping_status":"open","sticky":false,"template":"","format":"standard","meta":{"footnotes":""},"categories":[1,81,101],"tags":[],"class_list":["post-74253","post","type-post","status-publish","format-standard","has-post-thumbnail","hentry","category-gundem","category-kibris","category-manset"],"yoast_head":"<!-- This site is optimized with the Yoast SEO plugin v27.4 - https:\/\/yoast.com\/product\/yoast-seo-wordpress\/ -->\n<title>\u201cK\u0131rm\u0131z\u0131\u201d adl\u0131 karma sergi 31 Ocak\u2019a kadar uzat\u0131ld\u0131 -<\/title>\n<meta name=\"robots\" content=\"index, follow, max-snippet:-1, max-image-preview:large, max-video-preview:-1\" \/>\n<link rel=\"canonical\" href=\"https:\/\/kibrisdakik.com\/?p=74253\" \/>\n<meta property=\"og:locale\" content=\"tr_TR\" \/>\n<meta property=\"og:type\" content=\"article\" \/>\n<meta property=\"og:title\" content=\"\u201cK\u0131rm\u0131z\u0131\u201d adl\u0131 karma sergi 31 Ocak\u2019a kadar uzat\u0131ld\u0131 -\" \/>\n<meta property=\"og:description\" content=\"Mevhibe &amp; Mustafa Ba\u015fman Vakf\u0131 sponsorlu\u011funda, Ayhatun Ate\u015fin k\u00fcrat\u00f6rl\u00fc\u011f\u00fcndeki \u201cK\u0131rm\u0131z\u0131\u201d konseptli uluslararas\u0131 karma sergi 31 Ocak\u2019a kadar uzat\u0131ld\u0131. Verilen bilgiye g\u00f6re, Bayrak Radyo Televizyon Kurumu (BRTK) ev sahipli\u011findeki sergide, Ezgi Yemenicio\u011flu Negir, G\u00fcliz Baydemir Katkar, Umut Germe\u00e7, Mine Okur, G\u00f6khan Okur, Erdal Aygen\u00e7, Raif K\u0131z\u0131l, Rana Amrahova, Nurseren Tor, Kemal Beh\u00e7et Caymaz, Mustafa Bat\u0131beniz, Mete\" \/>\n<meta property=\"og:url\" content=\"https:\/\/kibrisdakik.com\/?p=74253\" \/>\n<meta property=\"article:published_time\" content=\"2025-01-24T10:58:58+00:00\" \/>\n<meta property=\"og:image\" content=\"https:\/\/kibrisdakik.com\/wp-content\/uploads\/2025\/01\/1737715064119ayhatun-sergi-1-740x410.jpeg\" \/>\n\t<meta property=\"og:image:width\" content=\"930\" \/>\n\t<meta property=\"og:image:height\" content=\"410\" \/>\n\t<meta property=\"og:image:type\" content=\"image\/jpeg\" \/>\n<meta name=\"author\" content=\"admin\" \/>\n<meta name=\"twitter:card\" content=\"summary_large_image\" \/>\n<meta name=\"twitter:label1\" content=\"Yazan:\" \/>\n\t<meta name=\"twitter:data1\" content=\"admin\" \/>\n\t<meta name=\"twitter:label2\" content=\"Tahmini okuma s\u00fcresi\" \/>\n\t<meta name=\"twitter:data2\" content=\"1 dakika\" \/>\n<script type=\"application\/ld+json\" class=\"yoast-schema-graph\">{\"@context\":\"https:\\\/\\\/schema.org\",\"@graph\":[{\"@type\":\"Article\",\"@id\":\"https:\\\/\\\/kibrisdakik.com\\\/?p=74253#article\",\"isPartOf\":{\"@id\":\"https:\\\/\\\/kibrisdakik.com\\\/?p=74253\"},\"author\":{\"name\":\"admin\",\"@id\":\"https:\\\/\\\/kibrisdakik.com\\\/#\\\/schema\\\/person\\\/9cd9d437bbb44f72b73ba127e06d8e79\"},\"headline\":\"\u201cK\u0131rm\u0131z\u0131\u201d adl\u0131 karma sergi 31 Ocak\u2019a kadar uzat\u0131ld\u0131\",\"datePublished\":\"2025-01-24T10:58:58+00:00\",\"mainEntityOfPage\":{\"@id\":\"https:\\\/\\\/kibrisdakik.com\\\/?p=74253\"},\"wordCount\":198,\"commentCount\":0,\"image\":{\"@id\":\"https:\\\/\\\/kibrisdakik.com\\\/?p=74253#primaryimage\"},\"thumbnailUrl\":\"https:\\\/\\\/kibrisdakik.com\\\/wp-content\\\/uploads\\\/2025\\\/01\\\/1737715064119ayhatun-sergi-1-740x410.jpeg\",\"articleSection\":[\"G\u00fcndem\",\"K\u0131br\u0131s\",\"Man\u015fet\"],\"inLanguage\":\"tr\",\"potentialAction\":[{\"@type\":\"CommentAction\",\"name\":\"Comment\",\"target\":[\"https:\\\/\\\/kibrisdakik.com\\\/?p=74253#respond\"]}]},{\"@type\":\"WebPage\",\"@id\":\"https:\\\/\\\/kibrisdakik.com\\\/?p=74253\",\"url\":\"https:\\\/\\\/kibrisdakik.com\\\/?p=74253\",\"name\":\"\u201cK\u0131rm\u0131z\u0131\u201d adl\u0131 karma sergi 31 Ocak\u2019a kadar uzat\u0131ld\u0131 -\",\"isPartOf\":{\"@id\":\"https:\\\/\\\/kibrisdakik.com\\\/#website\"},\"primaryImageOfPage\":{\"@id\":\"https:\\\/\\\/kibrisdakik.com\\\/?p=74253#primaryimage\"},\"image\":{\"@id\":\"https:\\\/\\\/kibrisdakik.com\\\/?p=74253#primaryimage\"},\"thumbnailUrl\":\"https:\\\/\\\/kibrisdakik.com\\\/wp-content\\\/uploads\\\/2025\\\/01\\\/1737715064119ayhatun-sergi-1-740x410.jpeg\",\"datePublished\":\"2025-01-24T10:58:58+00:00\",\"author\":{\"@id\":\"https:\\\/\\\/kibrisdakik.com\\\/#\\\/schema\\\/person\\\/9cd9d437bbb44f72b73ba127e06d8e79\"},\"breadcrumb\":{\"@id\":\"https:\\\/\\\/kibrisdakik.com\\\/?p=74253#breadcrumb\"},\"inLanguage\":\"tr\",\"potentialAction\":[{\"@type\":\"ReadAction\",\"target\":[\"https:\\\/\\\/kibrisdakik.com\\\/?p=74253\"]}]},{\"@type\":\"ImageObject\",\"inLanguage\":\"tr\",\"@id\":\"https:\\\/\\\/kibrisdakik.com\\\/?p=74253#primaryimage\",\"url\":\"https:\\\/\\\/kibrisdakik.com\\\/wp-content\\\/uploads\\\/2025\\\/01\\\/1737715064119ayhatun-sergi-1-740x410.jpeg\",\"contentUrl\":\"https:\\\/\\\/kibrisdakik.com\\\/wp-content\\\/uploads\\\/2025\\\/01\\\/1737715064119ayhatun-sergi-1-740x410.jpeg\",\"width\":930,\"height\":410},{\"@type\":\"BreadcrumbList\",\"@id\":\"https:\\\/\\\/kibrisdakik.com\\\/?p=74253#breadcrumb\",\"itemListElement\":[{\"@type\":\"ListItem\",\"position\":1,\"name\":\"Home\",\"item\":\"https:\\\/\\\/kibrisdakik.com\\\/\"},{\"@type\":\"ListItem\",\"position\":2,\"name\":\"\u201cK\u0131rm\u0131z\u0131\u201d adl\u0131 karma sergi 31 Ocak\u2019a kadar uzat\u0131ld\u0131\"}]},{\"@type\":\"WebSite\",\"@id\":\"https:\\\/\\\/kibrisdakik.com\\\/#website\",\"url\":\"https:\\\/\\\/kibrisdakik.com\\\/\",\"name\":\"\",\"description\":\"Tam vaktinde haber\",\"potentialAction\":[{\"@type\":\"SearchAction\",\"target\":{\"@type\":\"EntryPoint\",\"urlTemplate\":\"https:\\\/\\\/kibrisdakik.com\\\/?s={search_term_string}\"},\"query-input\":{\"@type\":\"PropertyValueSpecification\",\"valueRequired\":true,\"valueName\":\"search_term_string\"}}],\"inLanguage\":\"tr\"},{\"@type\":\"Person\",\"@id\":\"https:\\\/\\\/kibrisdakik.com\\\/#\\\/schema\\\/person\\\/9cd9d437bbb44f72b73ba127e06d8e79\",\"name\":\"admin\",\"image\":{\"@type\":\"ImageObject\",\"inLanguage\":\"tr\",\"@id\":\"https:\\\/\\\/secure.gravatar.com\\\/avatar\\\/ccc17943b9d660506c869530f897617f7cb1c21a4bf30023f252596d83e1f007?s=96&d=mm&r=g\",\"url\":\"https:\\\/\\\/secure.gravatar.com\\\/avatar\\\/ccc17943b9d660506c869530f897617f7cb1c21a4bf30023f252596d83e1f007?s=96&d=mm&r=g\",\"contentUrl\":\"https:\\\/\\\/secure.gravatar.com\\\/avatar\\\/ccc17943b9d660506c869530f897617f7cb1c21a4bf30023f252596d83e1f007?s=96&d=mm&r=g\",\"caption\":\"admin\"},\"sameAs\":[\"https:\\\/\\\/kibrisdakik.com\"],\"url\":\"https:\\\/\\\/kibrisdakik.com\\\/?author=1\"}]}<\/script>\n<!-- \/ Yoast SEO plugin. -->","yoast_head_json":{"title":"\u201cK\u0131rm\u0131z\u0131\u201d adl\u0131 karma sergi 31 Ocak\u2019a kadar uzat\u0131ld\u0131 -","robots":{"index":"index","follow":"follow","max-snippet":"max-snippet:-1","max-image-preview":"max-image-preview:large","max-video-preview":"max-video-preview:-1"},"canonical":"https:\/\/kibrisdakik.com\/?p=74253","og_locale":"tr_TR","og_type":"article","og_title":"\u201cK\u0131rm\u0131z\u0131\u201d adl\u0131 karma sergi 31 Ocak\u2019a kadar uzat\u0131ld\u0131 -","og_description":"Mevhibe &amp; Mustafa Ba\u015fman Vakf\u0131 sponsorlu\u011funda, Ayhatun Ate\u015fin k\u00fcrat\u00f6rl\u00fc\u011f\u00fcndeki \u201cK\u0131rm\u0131z\u0131\u201d konseptli uluslararas\u0131 karma sergi 31 Ocak\u2019a kadar uzat\u0131ld\u0131. Verilen bilgiye g\u00f6re, Bayrak Radyo Televizyon Kurumu (BRTK) ev sahipli\u011findeki sergide, Ezgi Yemenicio\u011flu Negir, G\u00fcliz Baydemir Katkar, Umut Germe\u00e7, Mine Okur, G\u00f6khan Okur, Erdal Aygen\u00e7, Raif K\u0131z\u0131l, Rana Amrahova, Nurseren Tor, Kemal Beh\u00e7et Caymaz, Mustafa Bat\u0131beniz, Mete","og_url":"https:\/\/kibrisdakik.com\/?p=74253","article_published_time":"2025-01-24T10:58:58+00:00","og_image":[{"width":930,"height":410,"url":"https:\/\/kibrisdakik.com\/wp-content\/uploads\/2025\/01\/1737715064119ayhatun-sergi-1-740x410.jpeg","type":"image\/jpeg"}],"author":"admin","twitter_card":"summary_large_image","twitter_misc":{"Yazan:":"admin","Tahmini okuma s\u00fcresi":"1 dakika"},"schema":{"@context":"https:\/\/schema.org","@graph":[{"@type":"Article","@id":"https:\/\/kibrisdakik.com\/?p=74253#article","isPartOf":{"@id":"https:\/\/kibrisdakik.com\/?p=74253"},"author":{"name":"admin","@id":"https:\/\/kibrisdakik.com\/#\/schema\/person\/9cd9d437bbb44f72b73ba127e06d8e79"},"headline":"\u201cK\u0131rm\u0131z\u0131\u201d adl\u0131 karma sergi 31 Ocak\u2019a kadar uzat\u0131ld\u0131","datePublished":"2025-01-24T10:58:58+00:00","mainEntityOfPage":{"@id":"https:\/\/kibrisdakik.com\/?p=74253"},"wordCount":198,"commentCount":0,"image":{"@id":"https:\/\/kibrisdakik.com\/?p=74253#primaryimage"},"thumbnailUrl":"https:\/\/kibrisdakik.com\/wp-content\/uploads\/2025\/01\/1737715064119ayhatun-sergi-1-740x410.jpeg","articleSection":["G\u00fcndem","K\u0131br\u0131s","Man\u015fet"],"inLanguage":"tr","potentialAction":[{"@type":"CommentAction","name":"Comment","target":["https:\/\/kibrisdakik.com\/?p=74253#respond"]}]},{"@type":"WebPage","@id":"https:\/\/kibrisdakik.com\/?p=74253","url":"https:\/\/kibrisdakik.com\/?p=74253","name":"\u201cK\u0131rm\u0131z\u0131\u201d adl\u0131 karma sergi 31 Ocak\u2019a kadar uzat\u0131ld\u0131 -","isPartOf":{"@id":"https:\/\/kibrisdakik.com\/#website"},"primaryImageOfPage":{"@id":"https:\/\/kibrisdakik.com\/?p=74253#primaryimage"},"image":{"@id":"https:\/\/kibrisdakik.com\/?p=74253#primaryimage"},"thumbnailUrl":"https:\/\/kibrisdakik.com\/wp-content\/uploads\/2025\/01\/1737715064119ayhatun-sergi-1-740x410.jpeg","datePublished":"2025-01-24T10:58:58+00:00","author":{"@id":"https:\/\/kibrisdakik.com\/#\/schema\/person\/9cd9d437bbb44f72b73ba127e06d8e79"},"breadcrumb":{"@id":"https:\/\/kibrisdakik.com\/?p=74253#breadcrumb"},"inLanguage":"tr","potentialAction":[{"@type":"ReadAction","target":["https:\/\/kibrisdakik.com\/?p=74253"]}]},{"@type":"ImageObject","inLanguage":"tr","@id":"https:\/\/kibrisdakik.com\/?p=74253#primaryimage","url":"https:\/\/kibrisdakik.com\/wp-content\/uploads\/2025\/01\/1737715064119ayhatun-sergi-1-740x410.jpeg","contentUrl":"https:\/\/kibrisdakik.com\/wp-content\/uploads\/2025\/01\/1737715064119ayhatun-sergi-1-740x410.jpeg","width":930,"height":410},{"@type":"BreadcrumbList","@id":"https:\/\/kibrisdakik.com\/?p=74253#breadcrumb","itemListElement":[{"@type":"ListItem","position":1,"name":"Home","item":"https:\/\/kibrisdakik.com\/"},{"@type":"ListItem","position":2,"name":"\u201cK\u0131rm\u0131z\u0131\u201d adl\u0131 karma sergi 31 Ocak\u2019a kadar uzat\u0131ld\u0131"}]},{"@type":"WebSite","@id":"https:\/\/kibrisdakik.com\/#website","url":"https:\/\/kibrisdakik.com\/","name":"","description":"Tam vaktinde haber","potentialAction":[{"@type":"SearchAction","target":{"@type":"EntryPoint","urlTemplate":"https:\/\/kibrisdakik.com\/?s={search_term_string}"},"query-input":{"@type":"PropertyValueSpecification","valueRequired":true,"valueName":"search_term_string"}}],"inLanguage":"tr"},{"@type":"Person","@id":"https:\/\/kibrisdakik.com\/#\/schema\/person\/9cd9d437bbb44f72b73ba127e06d8e79","name":"admin","image":{"@type":"ImageObject","inLanguage":"tr","@id":"https:\/\/secure.gravatar.com\/avatar\/ccc17943b9d660506c869530f897617f7cb1c21a4bf30023f252596d83e1f007?s=96&d=mm&r=g","url":"https:\/\/secure.gravatar.com\/avatar\/ccc17943b9d660506c869530f897617f7cb1c21a4bf30023f252596d83e1f007?s=96&d=mm&r=g","contentUrl":"https:\/\/secure.gravatar.com\/avatar\/ccc17943b9d660506c869530f897617f7cb1c21a4bf30023f252596d83e1f007?s=96&d=mm&r=g","caption":"admin"},"sameAs":["https:\/\/kibrisdakik.com"],"url":"https:\/\/kibrisdakik.com\/?author=1"}]}},"_links":{"self":[{"href":"https:\/\/kibrisdakik.com\/index.php?rest_route=\/wp\/v2\/posts\/74253","targetHints":{"allow":["GET"]}}],"collection":[{"href":"https:\/\/kibrisdakik.com\/index.php?rest_route=\/wp\/v2\/posts"}],"about":[{"href":"https:\/\/kibrisdakik.com\/index.php?rest_route=\/wp\/v2\/types\/post"}],"author":[{"embeddable":true,"href":"https:\/\/kibrisdakik.com\/index.php?rest_route=\/wp\/v2\/users\/1"}],"replies":[{"embeddable":true,"href":"https:\/\/kibrisdakik.com\/index.php?rest_route=%2Fwp%2Fv2%2Fcomments&post=74253"}],"version-history":[{"count":0,"href":"https:\/\/kibrisdakik.com\/index.php?rest_route=\/wp\/v2\/posts\/74253\/revisions"}],"wp:featuredmedia":[{"embeddable":true,"href":"https:\/\/kibrisdakik.com\/index.php?rest_route=\/wp\/v2\/media\/74254"}],"wp:attachment":[{"href":"https:\/\/kibrisdakik.com\/index.php?rest_route=%2Fwp%2Fv2%2Fmedia&parent=74253"}],"wp:term":[{"taxonomy":"category","embeddable":true,"href":"https:\/\/kibrisdakik.com\/index.php?rest_route=%2Fwp%2Fv2%2Fcategories&post=74253"},{"taxonomy":"post_tag","embeddable":true,"href":"https:\/\/kibrisdakik.com\/index.php?rest_route=%2Fwp%2Fv2%2Ftags&post=74253"}],"curies":[{"name":"wp","href":"https:\/\/api.w.org\/{rel}","templated":true}]}}