{"id":74289,"date":"2025-01-24T19:27:04","date_gmt":"2025-01-24T16:27:04","guid":{"rendered":"https:\/\/kibrisdakik.com\/index.php\/2025\/01\/24\/meclis-baskani-ozturkler-trabzondan-gelen-heyeti-kabul-etti\/"},"modified":"2025-01-24T19:27:04","modified_gmt":"2025-01-24T16:27:04","slug":"meclis-baskani-ozturkler-trabzondan-gelen-heyeti-kabul-etti","status":"publish","type":"post","link":"https:\/\/kibrisdakik.com\/?p=74289","title":{"rendered":"Meclis Ba\u015fkan\u0131 \u00d6zt\u00fcrkler Trabzon\u2019dan gelen heyeti kabul etti"},"content":{"rendered":"<div>\n<div class=\"mariselle-image-container none\">\n                                            <\/div>\n<p>Cumhuriyet Meclisi Ba\u015fkan\u0131 Ziya \u00d6zt\u00fcrkler, Karadeniz halk\u0131n\u0131n, m\u00fczi\u011finin, horonlar\u0131n\u0131n ve lezzetli yemeklerinin K\u0131br\u0131s\u2019ta bir k\u00fclt\u00fcr olarak bulunmas\u0131n\u0131n de\u011ferli oldu\u011funu s\u00f6yledi.<\/p>\n<p>\u00d6zt\u00fcrkler, K\u0131br\u0131s T\u00fcrk Bar\u0131\u015f Kupas\u0131\u2019n\u0131n 50. y\u0131l\u0131 dolay\u0131s\u0131yla adam\u0131za Trabzon\u2019dan gelen Trabzon Vali Yard\u0131mc\u0131lar\u0131 Ali Y\u0131lmaz ile Hac\u0131 Osman H\u00f6kelekli ve Trabzon B\u00fcy\u00fck\u015fehir Belediye Ba\u015fkan\u0131 Ahmet Metin Gen\u00e7\u2019ten olu\u015fan heyeti kabul etti.<\/p>\n<p>Meclisten verilen bilgiye g\u00f6re, Trabzon B\u00fcy\u00fck\u015fehir Belediye Ba\u015fkan\u0131 Ahmet Metin Gen\u00e7, kabulde yapt\u0131\u011f\u0131 konu\u015fmada, K\u0131br\u0131s davas\u0131n\u0131n \u00f6nemine vurgu yaparak, \u201cEcdad\u0131m\u0131z\u0131n bize b\u0131rakt\u0131\u011f\u0131 milli davay\u0131 ayn\u0131 kararl\u0131l\u0131kla y\u00fcr\u00fct\u00fcyoruz. Sizler de burada hem masada hem sahada bu m\u00fccadeleyi s\u00fcrd\u00fcr\u00fcyor ve ba\u015far\u0131yla devam ettiriyorsunuz. Desteklerimizin sonuna kadar arkan\u0131zday\u0131z.\u201d dedi.<\/p>\n<p>T\u00fcrkiye Cumhuriyeti yetkililerini burada g\u00f6rmekten duydu\u011fu memnuniyeti dile getiren \u00d6zt\u00fcrkler de, Karadeniz k\u00fclt\u00fcr\u00fcn\u00fcn Kuzey K\u0131br\u0131s T\u00fcrk Cumhuriyeti\u2019nde ya\u015fat\u0131lmas\u0131n\u0131n \u00f6nemine de\u011findi.<\/p>\n<p>1974 Bar\u0131\u015f Harekat\u0131 ve Ortak M\u00fccadele D\u00f6nemi<\/p>\n<p>1974 Bar\u0131\u015f Harekat\u0131\u2019nda Trabzonlular\u0131n da yer ald\u0131\u011f\u0131n\u0131, \u015fehitler ve gaziler verdiklerini hat\u0131rlatan \u00d6zt\u00fcrkler, bu m\u00fccadelenin birlikte verildi\u011fini vurgulad\u0131.<\/p>\n<p>\u00d6zt\u00fcrkler, 1975 y\u0131l\u0131nda Kuzey K\u0131br\u0131s T\u00fcrk Cumhuriyeti\u2019ne yerle\u015fen bir\u00e7ok Trabzonlu vatanda\u015f\u0131n \u00fclkede ya\u015fad\u0131\u011f\u0131n\u0131 kaydetti.<\/p>\n<p>\u00d6zt\u00fcrkler, Ercan-Trabzon direkt u\u00e7u\u015flar\u0131n\u0131n zaman zaman ask\u0131ya al\u0131nd\u0131\u011f\u0131n\u0131 belirterek, bu u\u00e7u\u015flar\u0131n kesintisiz devam etmesi i\u00e7in gereken planlamalar\u0131n yap\u0131lmas\u0131 gerekti\u011fini s\u00f6yledi. \u00d6zt\u00fcrkler, u\u00e7u\u015flar\u0131n devam etmesi i\u00e7in her iki tarafa da d\u00fc\u015fen g\u00f6revler oldu\u011funu ve \u00f6devlerin daha iyi yap\u0131lmas\u0131 gerekti\u011fini ifade etti.<\/p>\n<p>-Trabzon Konsoloslu\u011fu ve E\u011fitim \u0130\u015f Birlikleri \u015eart<\/p>\n<p>Kuzey K\u0131br\u0131s T\u00fcrk Cumhuriyeti\u2019nin Trabzon Konsoloslu\u011fu\u2019nun 2017 y\u0131l\u0131nda a\u00e7\u0131lmas\u0131n\u0131n \u00f6nemini anlatan \u00d6zt\u00fcrkler, bu konsoloslu\u011fun b\u00fcrokratik i\u015flemler ve Karadenizli karde\u015flerimiz i\u00e7in \u00f6nemli bir devlet kap\u0131s\u0131 oldu\u011funu ifade etti.<\/p>\n<p>\u00d6zt\u00fcrkler, ayr\u0131ca, Trabzon\u2019da bulunan Karadeniz Teknik \u00dcniversitesi\u2019nden mezun olan bir\u00e7ok ki\u015finin Kuzey K\u0131br\u0131s T\u00fcrk Cumhuriyeti\u2019nde \u00f6nemli g\u00f6revlerde bulundu\u011funu ve e\u011fitim i\u015f birliklerinin daha iyi noktalara ta\u015f\u0131naca\u011f\u0131n\u0131 belirtti.<\/p>\n<p>Konu\u015fmalar\u0131n ard\u0131ndan Ba\u015fkan \u00d6zt\u00fcrkler\u2019e Trabzonspor ve S\u00fcrmene Spor formalar\u0131 hediye edildi.<\/p>\n<\/p><\/div>\n<p><script async\n                    defer\n                    crossorigin=\"anonymous\"\n                    src=\"https:\/\/connect.facebook.net\/tr_TR\/sdk.js#xfbml=1&#038;version=v3.3\"\n            ><\/script><\/p>\n","protected":false},"excerpt":{"rendered":"<p>Cumhuriyet Meclisi Ba\u015fkan\u0131 Ziya \u00d6zt\u00fcrkler, Karadeniz halk\u0131n\u0131n, m\u00fczi\u011finin, horonlar\u0131n\u0131n ve lezzetli yemeklerinin K\u0131br\u0131s\u2019ta bir k\u00fclt\u00fcr olarak bulunmas\u0131n\u0131n de\u011ferli oldu\u011funu s\u00f6yledi. \u00d6zt\u00fcrkler, K\u0131br\u0131s T\u00fcrk Bar\u0131\u015f Kupas\u0131\u2019n\u0131n 50. y\u0131l\u0131 dolay\u0131s\u0131yla adam\u0131za Trabzon\u2019dan gelen Trabzon Vali Yard\u0131mc\u0131lar\u0131 Ali Y\u0131lmaz ile Hac\u0131 Osman H\u00f6kelekli ve Trabzon B\u00fcy\u00fck\u015fehir Belediye Ba\u015fkan\u0131 Ahmet Metin Gen\u00e7\u2019ten olu\u015fan heyeti kabul etti. Meclisten verilen bilgiye<\/p>\n","protected":false},"author":1,"featured_media":74290,"comment_status":"open","ping_status":"open","sticky":false,"template":"","format":"standard","meta":{"footnotes":""},"categories":[81,101],"tags":[],"class_list":["post-74289","post","type-post","status-publish","format-standard","has-post-thumbnail","hentry","category-kibris","category-manset"],"yoast_head":"<!-- This site is optimized with the Yoast SEO plugin v27.4 - https:\/\/yoast.com\/product\/yoast-seo-wordpress\/ -->\n<title>Meclis Ba\u015fkan\u0131 \u00d6zt\u00fcrkler Trabzon\u2019dan gelen heyeti kabul etti -<\/title>\n<meta name=\"robots\" content=\"index, follow, max-snippet:-1, max-image-preview:large, max-video-preview:-1\" \/>\n<link rel=\"canonical\" href=\"https:\/\/kibrisdakik.com\/?p=74289\" \/>\n<meta property=\"og:locale\" content=\"tr_TR\" \/>\n<meta property=\"og:type\" content=\"article\" \/>\n<meta property=\"og:title\" content=\"Meclis Ba\u015fkan\u0131 \u00d6zt\u00fcrkler Trabzon\u2019dan gelen heyeti kabul etti -\" \/>\n<meta property=\"og:description\" content=\"Cumhuriyet Meclisi Ba\u015fkan\u0131 Ziya \u00d6zt\u00fcrkler, Karadeniz halk\u0131n\u0131n, m\u00fczi\u011finin, horonlar\u0131n\u0131n ve lezzetli yemeklerinin K\u0131br\u0131s\u2019ta bir k\u00fclt\u00fcr olarak bulunmas\u0131n\u0131n de\u011ferli oldu\u011funu s\u00f6yledi. \u00d6zt\u00fcrkler, K\u0131br\u0131s T\u00fcrk Bar\u0131\u015f Kupas\u0131\u2019n\u0131n 50. y\u0131l\u0131 dolay\u0131s\u0131yla adam\u0131za Trabzon\u2019dan gelen Trabzon Vali Yard\u0131mc\u0131lar\u0131 Ali Y\u0131lmaz ile Hac\u0131 Osman H\u00f6kelekli ve Trabzon B\u00fcy\u00fck\u015fehir Belediye Ba\u015fkan\u0131 Ahmet Metin Gen\u00e7\u2019ten olu\u015fan heyeti kabul etti. Meclisten verilen bilgiye\" \/>\n<meta property=\"og:url\" content=\"https:\/\/kibrisdakik.com\/?p=74289\" \/>\n<meta property=\"article:published_time\" content=\"2025-01-24T16:27:04+00:00\" \/>\n<meta property=\"og:image\" content=\"https:\/\/kibrisdakik.com\/wp-content\/uploads\/2025\/01\/Ozturkler-2-740x415.jpg\" \/>\n\t<meta property=\"og:image:width\" content=\"927\" \/>\n\t<meta property=\"og:image:height\" content=\"415\" \/>\n\t<meta property=\"og:image:type\" content=\"image\/jpeg\" \/>\n<meta name=\"author\" content=\"admin\" \/>\n<meta name=\"twitter:card\" content=\"summary_large_image\" \/>\n<meta name=\"twitter:label1\" content=\"Yazan:\" \/>\n\t<meta name=\"twitter:data1\" content=\"admin\" \/>\n\t<meta name=\"twitter:label2\" content=\"Tahmini okuma s\u00fcresi\" \/>\n\t<meta name=\"twitter:data2\" content=\"2 dakika\" \/>\n<script type=\"application\/ld+json\" class=\"yoast-schema-graph\">{\"@context\":\"https:\\\/\\\/schema.org\",\"@graph\":[{\"@type\":\"Article\",\"@id\":\"https:\\\/\\\/kibrisdakik.com\\\/?p=74289#article\",\"isPartOf\":{\"@id\":\"https:\\\/\\\/kibrisdakik.com\\\/?p=74289\"},\"author\":{\"name\":\"admin\",\"@id\":\"https:\\\/\\\/kibrisdakik.com\\\/#\\\/schema\\\/person\\\/9cd9d437bbb44f72b73ba127e06d8e79\"},\"headline\":\"Meclis Ba\u015fkan\u0131 \u00d6zt\u00fcrkler Trabzon\u2019dan gelen heyeti kabul etti\",\"datePublished\":\"2025-01-24T16:27:04+00:00\",\"mainEntityOfPage\":{\"@id\":\"https:\\\/\\\/kibrisdakik.com\\\/?p=74289\"},\"wordCount\":447,\"commentCount\":0,\"image\":{\"@id\":\"https:\\\/\\\/kibrisdakik.com\\\/?p=74289#primaryimage\"},\"thumbnailUrl\":\"https:\\\/\\\/kibrisdakik.com\\\/wp-content\\\/uploads\\\/2025\\\/01\\\/Ozturkler-2-740x415.jpg\",\"articleSection\":[\"K\u0131br\u0131s\",\"Man\u015fet\"],\"inLanguage\":\"tr\",\"potentialAction\":[{\"@type\":\"CommentAction\",\"name\":\"Comment\",\"target\":[\"https:\\\/\\\/kibrisdakik.com\\\/?p=74289#respond\"]}]},{\"@type\":\"WebPage\",\"@id\":\"https:\\\/\\\/kibrisdakik.com\\\/?p=74289\",\"url\":\"https:\\\/\\\/kibrisdakik.com\\\/?p=74289\",\"name\":\"Meclis Ba\u015fkan\u0131 \u00d6zt\u00fcrkler Trabzon\u2019dan gelen heyeti kabul etti -\",\"isPartOf\":{\"@id\":\"https:\\\/\\\/kibrisdakik.com\\\/#website\"},\"primaryImageOfPage\":{\"@id\":\"https:\\\/\\\/kibrisdakik.com\\\/?p=74289#primaryimage\"},\"image\":{\"@id\":\"https:\\\/\\\/kibrisdakik.com\\\/?p=74289#primaryimage\"},\"thumbnailUrl\":\"https:\\\/\\\/kibrisdakik.com\\\/wp-content\\\/uploads\\\/2025\\\/01\\\/Ozturkler-2-740x415.jpg\",\"datePublished\":\"2025-01-24T16:27:04+00:00\",\"author\":{\"@id\":\"https:\\\/\\\/kibrisdakik.com\\\/#\\\/schema\\\/person\\\/9cd9d437bbb44f72b73ba127e06d8e79\"},\"breadcrumb\":{\"@id\":\"https:\\\/\\\/kibrisdakik.com\\\/?p=74289#breadcrumb\"},\"inLanguage\":\"tr\",\"potentialAction\":[{\"@type\":\"ReadAction\",\"target\":[\"https:\\\/\\\/kibrisdakik.com\\\/?p=74289\"]}]},{\"@type\":\"ImageObject\",\"inLanguage\":\"tr\",\"@id\":\"https:\\\/\\\/kibrisdakik.com\\\/?p=74289#primaryimage\",\"url\":\"https:\\\/\\\/kibrisdakik.com\\\/wp-content\\\/uploads\\\/2025\\\/01\\\/Ozturkler-2-740x415.jpg\",\"contentUrl\":\"https:\\\/\\\/kibrisdakik.com\\\/wp-content\\\/uploads\\\/2025\\\/01\\\/Ozturkler-2-740x415.jpg\",\"width\":927,\"height\":415},{\"@type\":\"BreadcrumbList\",\"@id\":\"https:\\\/\\\/kibrisdakik.com\\\/?p=74289#breadcrumb\",\"itemListElement\":[{\"@type\":\"ListItem\",\"position\":1,\"name\":\"Home\",\"item\":\"https:\\\/\\\/kibrisdakik.com\\\/\"},{\"@type\":\"ListItem\",\"position\":2,\"name\":\"Meclis Ba\u015fkan\u0131 \u00d6zt\u00fcrkler Trabzon\u2019dan gelen heyeti kabul etti\"}]},{\"@type\":\"WebSite\",\"@id\":\"https:\\\/\\\/kibrisdakik.com\\\/#website\",\"url\":\"https:\\\/\\\/kibrisdakik.com\\\/\",\"name\":\"\",\"description\":\"Tam vaktinde haber\",\"potentialAction\":[{\"@type\":\"SearchAction\",\"target\":{\"@type\":\"EntryPoint\",\"urlTemplate\":\"https:\\\/\\\/kibrisdakik.com\\\/?s={search_term_string}\"},\"query-input\":{\"@type\":\"PropertyValueSpecification\",\"valueRequired\":true,\"valueName\":\"search_term_string\"}}],\"inLanguage\":\"tr\"},{\"@type\":\"Person\",\"@id\":\"https:\\\/\\\/kibrisdakik.com\\\/#\\\/schema\\\/person\\\/9cd9d437bbb44f72b73ba127e06d8e79\",\"name\":\"admin\",\"image\":{\"@type\":\"ImageObject\",\"inLanguage\":\"tr\",\"@id\":\"https:\\\/\\\/secure.gravatar.com\\\/avatar\\\/ccc17943b9d660506c869530f897617f7cb1c21a4bf30023f252596d83e1f007?s=96&d=mm&r=g\",\"url\":\"https:\\\/\\\/secure.gravatar.com\\\/avatar\\\/ccc17943b9d660506c869530f897617f7cb1c21a4bf30023f252596d83e1f007?s=96&d=mm&r=g\",\"contentUrl\":\"https:\\\/\\\/secure.gravatar.com\\\/avatar\\\/ccc17943b9d660506c869530f897617f7cb1c21a4bf30023f252596d83e1f007?s=96&d=mm&r=g\",\"caption\":\"admin\"},\"sameAs\":[\"https:\\\/\\\/kibrisdakik.com\"],\"url\":\"https:\\\/\\\/kibrisdakik.com\\\/?author=1\"}]}<\/script>\n<!-- \/ Yoast SEO plugin. -->","yoast_head_json":{"title":"Meclis Ba\u015fkan\u0131 \u00d6zt\u00fcrkler Trabzon\u2019dan gelen heyeti kabul etti -","robots":{"index":"index","follow":"follow","max-snippet":"max-snippet:-1","max-image-preview":"max-image-preview:large","max-video-preview":"max-video-preview:-1"},"canonical":"https:\/\/kibrisdakik.com\/?p=74289","og_locale":"tr_TR","og_type":"article","og_title":"Meclis Ba\u015fkan\u0131 \u00d6zt\u00fcrkler Trabzon\u2019dan gelen heyeti kabul etti -","og_description":"Cumhuriyet Meclisi Ba\u015fkan\u0131 Ziya \u00d6zt\u00fcrkler, Karadeniz halk\u0131n\u0131n, m\u00fczi\u011finin, horonlar\u0131n\u0131n ve lezzetli yemeklerinin K\u0131br\u0131s\u2019ta bir k\u00fclt\u00fcr olarak bulunmas\u0131n\u0131n de\u011ferli oldu\u011funu s\u00f6yledi. \u00d6zt\u00fcrkler, K\u0131br\u0131s T\u00fcrk Bar\u0131\u015f Kupas\u0131\u2019n\u0131n 50. y\u0131l\u0131 dolay\u0131s\u0131yla adam\u0131za Trabzon\u2019dan gelen Trabzon Vali Yard\u0131mc\u0131lar\u0131 Ali Y\u0131lmaz ile Hac\u0131 Osman H\u00f6kelekli ve Trabzon B\u00fcy\u00fck\u015fehir Belediye Ba\u015fkan\u0131 Ahmet Metin Gen\u00e7\u2019ten olu\u015fan heyeti kabul etti. Meclisten verilen bilgiye","og_url":"https:\/\/kibrisdakik.com\/?p=74289","article_published_time":"2025-01-24T16:27:04+00:00","og_image":[{"width":927,"height":415,"url":"https:\/\/kibrisdakik.com\/wp-content\/uploads\/2025\/01\/Ozturkler-2-740x415.jpg","type":"image\/jpeg"}],"author":"admin","twitter_card":"summary_large_image","twitter_misc":{"Yazan:":"admin","Tahmini okuma s\u00fcresi":"2 dakika"},"schema":{"@context":"https:\/\/schema.org","@graph":[{"@type":"Article","@id":"https:\/\/kibrisdakik.com\/?p=74289#article","isPartOf":{"@id":"https:\/\/kibrisdakik.com\/?p=74289"},"author":{"name":"admin","@id":"https:\/\/kibrisdakik.com\/#\/schema\/person\/9cd9d437bbb44f72b73ba127e06d8e79"},"headline":"Meclis Ba\u015fkan\u0131 \u00d6zt\u00fcrkler Trabzon\u2019dan gelen heyeti kabul etti","datePublished":"2025-01-24T16:27:04+00:00","mainEntityOfPage":{"@id":"https:\/\/kibrisdakik.com\/?p=74289"},"wordCount":447,"commentCount":0,"image":{"@id":"https:\/\/kibrisdakik.com\/?p=74289#primaryimage"},"thumbnailUrl":"https:\/\/kibrisdakik.com\/wp-content\/uploads\/2025\/01\/Ozturkler-2-740x415.jpg","articleSection":["K\u0131br\u0131s","Man\u015fet"],"inLanguage":"tr","potentialAction":[{"@type":"CommentAction","name":"Comment","target":["https:\/\/kibrisdakik.com\/?p=74289#respond"]}]},{"@type":"WebPage","@id":"https:\/\/kibrisdakik.com\/?p=74289","url":"https:\/\/kibrisdakik.com\/?p=74289","name":"Meclis Ba\u015fkan\u0131 \u00d6zt\u00fcrkler Trabzon\u2019dan gelen heyeti kabul etti -","isPartOf":{"@id":"https:\/\/kibrisdakik.com\/#website"},"primaryImageOfPage":{"@id":"https:\/\/kibrisdakik.com\/?p=74289#primaryimage"},"image":{"@id":"https:\/\/kibrisdakik.com\/?p=74289#primaryimage"},"thumbnailUrl":"https:\/\/kibrisdakik.com\/wp-content\/uploads\/2025\/01\/Ozturkler-2-740x415.jpg","datePublished":"2025-01-24T16:27:04+00:00","author":{"@id":"https:\/\/kibrisdakik.com\/#\/schema\/person\/9cd9d437bbb44f72b73ba127e06d8e79"},"breadcrumb":{"@id":"https:\/\/kibrisdakik.com\/?p=74289#breadcrumb"},"inLanguage":"tr","potentialAction":[{"@type":"ReadAction","target":["https:\/\/kibrisdakik.com\/?p=74289"]}]},{"@type":"ImageObject","inLanguage":"tr","@id":"https:\/\/kibrisdakik.com\/?p=74289#primaryimage","url":"https:\/\/kibrisdakik.com\/wp-content\/uploads\/2025\/01\/Ozturkler-2-740x415.jpg","contentUrl":"https:\/\/kibrisdakik.com\/wp-content\/uploads\/2025\/01\/Ozturkler-2-740x415.jpg","width":927,"height":415},{"@type":"BreadcrumbList","@id":"https:\/\/kibrisdakik.com\/?p=74289#breadcrumb","itemListElement":[{"@type":"ListItem","position":1,"name":"Home","item":"https:\/\/kibrisdakik.com\/"},{"@type":"ListItem","position":2,"name":"Meclis Ba\u015fkan\u0131 \u00d6zt\u00fcrkler Trabzon\u2019dan gelen heyeti kabul etti"}]},{"@type":"WebSite","@id":"https:\/\/kibrisdakik.com\/#website","url":"https:\/\/kibrisdakik.com\/","name":"","description":"Tam vaktinde haber","potentialAction":[{"@type":"SearchAction","target":{"@type":"EntryPoint","urlTemplate":"https:\/\/kibrisdakik.com\/?s={search_term_string}"},"query-input":{"@type":"PropertyValueSpecification","valueRequired":true,"valueName":"search_term_string"}}],"inLanguage":"tr"},{"@type":"Person","@id":"https:\/\/kibrisdakik.com\/#\/schema\/person\/9cd9d437bbb44f72b73ba127e06d8e79","name":"admin","image":{"@type":"ImageObject","inLanguage":"tr","@id":"https:\/\/secure.gravatar.com\/avatar\/ccc17943b9d660506c869530f897617f7cb1c21a4bf30023f252596d83e1f007?s=96&d=mm&r=g","url":"https:\/\/secure.gravatar.com\/avatar\/ccc17943b9d660506c869530f897617f7cb1c21a4bf30023f252596d83e1f007?s=96&d=mm&r=g","contentUrl":"https:\/\/secure.gravatar.com\/avatar\/ccc17943b9d660506c869530f897617f7cb1c21a4bf30023f252596d83e1f007?s=96&d=mm&r=g","caption":"admin"},"sameAs":["https:\/\/kibrisdakik.com"],"url":"https:\/\/kibrisdakik.com\/?author=1"}]}},"_links":{"self":[{"href":"https:\/\/kibrisdakik.com\/index.php?rest_route=\/wp\/v2\/posts\/74289","targetHints":{"allow":["GET"]}}],"collection":[{"href":"https:\/\/kibrisdakik.com\/index.php?rest_route=\/wp\/v2\/posts"}],"about":[{"href":"https:\/\/kibrisdakik.com\/index.php?rest_route=\/wp\/v2\/types\/post"}],"author":[{"embeddable":true,"href":"https:\/\/kibrisdakik.com\/index.php?rest_route=\/wp\/v2\/users\/1"}],"replies":[{"embeddable":true,"href":"https:\/\/kibrisdakik.com\/index.php?rest_route=%2Fwp%2Fv2%2Fcomments&post=74289"}],"version-history":[{"count":0,"href":"https:\/\/kibrisdakik.com\/index.php?rest_route=\/wp\/v2\/posts\/74289\/revisions"}],"wp:featuredmedia":[{"embeddable":true,"href":"https:\/\/kibrisdakik.com\/index.php?rest_route=\/wp\/v2\/media\/74290"}],"wp:attachment":[{"href":"https:\/\/kibrisdakik.com\/index.php?rest_route=%2Fwp%2Fv2%2Fmedia&parent=74289"}],"wp:term":[{"taxonomy":"category","embeddable":true,"href":"https:\/\/kibrisdakik.com\/index.php?rest_route=%2Fwp%2Fv2%2Fcategories&post=74289"},{"taxonomy":"post_tag","embeddable":true,"href":"https:\/\/kibrisdakik.com\/index.php?rest_route=%2Fwp%2Fv2%2Ftags&post=74289"}],"curies":[{"name":"wp","href":"https:\/\/api.w.org\/{rel}","templated":true}]}}