{"id":74321,"date":"2025-01-24T22:35:43","date_gmt":"2025-01-24T19:35:43","guid":{"rendered":"https:\/\/kibrisdakik.com\/index.php\/2025\/01\/24\/gardiyanogluhaftasonu-hem-isci-hem-isveren-tarafi-ile-yogun-gorusmelerim-olacak\/"},"modified":"2025-01-24T22:35:43","modified_gmt":"2025-01-24T19:35:43","slug":"gardiyanogluhaftasonu-hem-isci-hem-isveren-tarafi-ile-yogun-gorusmelerim-olacak","status":"publish","type":"post","link":"https:\/\/kibrisdakik.com\/?p=74321","title":{"rendered":"Gardiyano\u011flu:Haftasonu hem i\u015f\u00e7i hem i\u015fveren taraf\u0131 ile yo\u011fun g\u00f6r\u00fc\u015fmelerim olacak"},"content":{"rendered":"<div>\n<div class=\"mariselle-image-container center\">\n                                            <\/div>\n<p>\u00c7al\u0131\u015fma ve Sosyal G\u00fcvenlik Bakan\u0131 Sad\u0131k Gardiyano\u011flu BRT\u2019de 18. Saat program\u0131na kat\u0131larak Asgari \u00fccret konusunda yap\u0131lan itirazla\u0131r ve d\u00fczenlenen eylemi de\u011ferlendirdi. <\/p>\n<p><strong>\u201cY\u00dcZDE 70\u2019\u0130 DE\u011e\u0130L Y\u00dcZDE 32\u2019S\u0130 ASGAR\u0130 \u00dcCRETLE GE\u00c7\u0130N\u0130R\u201d <\/strong><\/p>\n<p>\u00c7al\u0131\u015fma ve Sosyal G\u00fcvenlik Bakan\u0131 Sad\u0131k Gardiyano\u011flu, KTAMS Ba\u015fkan\u0131 G\u00fcven Bengihan\u2019\u0131n sosyal sigortalara kay\u0131tl\u0131 152 bin i\u015ftirak\u00e7inin y\u00fczde 70\u2019inin asgari \u00fccretle ge\u00e7inmek zorunda oldu\u011fu \u015feklindeki a\u00e7\u0131klamas\u0131n\u0131n do\u011fru olmad\u0131\u011f\u0131n\u0131 s\u00f6yledi. <\/p>\n<p>Bakan Gardiyano\u011flu, \u201csosyal sigortalara yat\u0131r\u0131m yap\u0131lan yakla\u015f\u0131k 76 bin KKTC vatanda\u015f\u0131 var. Onlar\u0131n sadece 20 bin 95\u2019ine asgari \u00fccret \u00fczerinden yat\u0131r\u0131m yap\u0131l\u0131yor. Bu da yakla\u015f\u0131k olarak y\u00fczde  70 de\u011fil y\u00fczde 32\u2019e tekab\u00fcl ediyor. Konunun yanl\u0131\u015f yerlere \u00e7ekilmemesi ad\u0131na d\u00fczeltmek istedim\u201d dedi.  <\/p>\n<p><strong>\u201cYANSIYAN ARTI\u015e KAMUDA % 103.60, ASGAR\u0130 \u00dcCRETTE %102.57\u201d <\/strong><\/p>\n<p>Gardiyano\u011flu, \u201c1 Ocak 2024\u2019ten 1 Ocak 2025\u2019e kadar devletin a\u00e7\u0131klad\u0131\u011f\u0131 hayat pahal\u0131l\u0131\u011f\u0131, kamuya yans\u0131yan maa\u015flar\u0131n art\u0131\u015f\u0131n\u0131n toplam\u0131 y\u00fczde 103.60\u2019d\u0131r. 1 Ocak 2024\u2019ten 1 Ocak 2025\u2019e kadar asgari \u00fccret masas\u0131nda onaylanan t\u00fcm rakamlar\u0131n toplam\u0131 da y\u00fczde 102.57\u2019dir. Arada y\u00fczde 1.03 gibi bir fark var. Bug\u00fcn itibar\u0131yla toplamda 4 sendikan\u0131n bakanl\u0131\u011f\u0131m\u0131za asgari \u00fccretle ilgili itirazlar\u0131 vard\u0131r. Sal\u0131 veya \u00c7ar\u015famba g\u00fcn\u00fc \u0130tiraz Kurulu bakanl\u0131\u011f\u0131m\u0131zda toplanacakt\u0131r. \u0130tirazlar\u0131 tekrardan de\u011ferlendirecekler. Asgari \u00fccretin son \u015feklini yine \u0130tiraz Kurulu de\u011ferlendirecek\u201d dedi. <\/p>\n<p>Bakan Gardiyano\u011flu bir soru \u00fczerine \u0130tiraz Kurulu\u2019nda ortaya konulacak veriler do\u011frultusunda asgari \u00fccretin artabilece\u011fini veya ayn\u0131 da kalabilece\u011fini ifade etti. <\/p>\n<p><strong>\u201cEYLEM EN DEMOKRAT\u0130K HAK. H\u00dcK\u00dcMET OLARAK SAYGILIYIZ\u201d <\/strong><\/p>\n<p>Tepkinin, eylemin, hukuk yolunun en demokratik anayasal hak oldu\u011funu da s\u00f6yleyen Gardiyano\u011flu, \u201cyarg\u0131ya gidilecekse de yarg\u0131n\u0131n alaca\u011fa karara da h\u00fck\u00fcmet olarak da biz sayg\u0131l\u0131y\u0131z\u201d diye konu\u015ftu. <\/p>\n<p><iframe loading=\"lazy\" title=\"18.Saat 24.01.2025\" width=\"960\" height=\"540\" src=\"https:\/\/www.youtube.com\/embed\/VdPrvB-ljJY?feature=oembed\" frameborder=\"0\" allow=\"accelerometer; autoplay; clipboard-write; encrypted-media; gyroscope; picture-in-picture; web-share\" referrerpolicy=\"strict-origin-when-cross-origin\" allowfullscreen><\/iframe><\/p>\n<\/p><\/div>\n<p><script async\n                    defer\n                    crossorigin=\"anonymous\"\n                    src=\"https:\/\/connect.facebook.net\/tr_TR\/sdk.js#xfbml=1&#038;version=v3.3\"\n            ><\/script><\/p>\n","protected":false},"excerpt":{"rendered":"<p>\u00c7al\u0131\u015fma ve Sosyal G\u00fcvenlik Bakan\u0131 Sad\u0131k Gardiyano\u011flu BRT\u2019de 18. Saat program\u0131na kat\u0131larak Asgari \u00fccret konusunda yap\u0131lan itirazla\u0131r ve d\u00fczenlenen eylemi de\u011ferlendirdi. \u201cY\u00dcZDE 70\u2019\u0130 DE\u011e\u0130L Y\u00dcZDE 32\u2019S\u0130 ASGAR\u0130 \u00dcCRETLE GE\u00c7\u0130N\u0130R\u201d \u00c7al\u0131\u015fma ve Sosyal G\u00fcvenlik Bakan\u0131 Sad\u0131k Gardiyano\u011flu, KTAMS Ba\u015fkan\u0131 G\u00fcven Bengihan\u2019\u0131n sosyal sigortalara kay\u0131tl\u0131 152 bin i\u015ftirak\u00e7inin y\u00fczde 70\u2019inin asgari \u00fccretle ge\u00e7inmek zorunda oldu\u011fu \u015feklindeki a\u00e7\u0131klamas\u0131n\u0131n<\/p>\n","protected":false},"author":1,"featured_media":74323,"comment_status":"open","ping_status":"open","sticky":false,"template":"","format":"standard","meta":{"footnotes":""},"categories":[81,101],"tags":[],"class_list":["post-74321","post","type-post","status-publish","format-standard","has-post-thumbnail","hentry","category-kibris","category-manset"],"yoast_head":"<!-- This site is optimized with the Yoast SEO plugin v27.4 - https:\/\/yoast.com\/product\/yoast-seo-wordpress\/ -->\n<title>Gardiyano\u011flu:Haftasonu hem i\u015f\u00e7i hem i\u015fveren taraf\u0131 ile yo\u011fun g\u00f6r\u00fc\u015fmelerim olacak -<\/title>\n<meta name=\"robots\" content=\"index, follow, max-snippet:-1, max-image-preview:large, max-video-preview:-1\" \/>\n<link rel=\"canonical\" href=\"https:\/\/kibrisdakik.com\/?p=74321\" \/>\n<meta property=\"og:locale\" content=\"tr_TR\" \/>\n<meta property=\"og:type\" content=\"article\" \/>\n<meta property=\"og:title\" content=\"Gardiyano\u011flu:Haftasonu hem i\u015f\u00e7i hem i\u015fveren taraf\u0131 ile yo\u011fun g\u00f6r\u00fc\u015fmelerim olacak -\" \/>\n<meta property=\"og:description\" content=\"\u00c7al\u0131\u015fma ve Sosyal G\u00fcvenlik Bakan\u0131 Sad\u0131k Gardiyano\u011flu BRT\u2019de 18. Saat program\u0131na kat\u0131larak Asgari \u00fccret konusunda yap\u0131lan itirazla\u0131r ve d\u00fczenlenen eylemi de\u011ferlendirdi. \u201cY\u00dcZDE 70\u2019\u0130 DE\u011e\u0130L Y\u00dcZDE 32\u2019S\u0130 ASGAR\u0130 \u00dcCRETLE GE\u00c7\u0130N\u0130R\u201d \u00c7al\u0131\u015fma ve Sosyal G\u00fcvenlik Bakan\u0131 Sad\u0131k Gardiyano\u011flu, KTAMS Ba\u015fkan\u0131 G\u00fcven Bengihan\u2019\u0131n sosyal sigortalara kay\u0131tl\u0131 152 bin i\u015ftirak\u00e7inin y\u00fczde 70\u2019inin asgari \u00fccretle ge\u00e7inmek zorunda oldu\u011fu \u015feklindeki a\u00e7\u0131klamas\u0131n\u0131n\" \/>\n<meta property=\"og:url\" content=\"https:\/\/kibrisdakik.com\/?p=74321\" \/>\n<meta property=\"article:published_time\" content=\"2025-01-24T19:35:43+00:00\" \/>\n<meta property=\"og:image\" content=\"https:\/\/kibrisdakik.com\/wp-content\/uploads\/2025\/01\/gardiyanoglu-740x420.jpeg\" \/>\n\t<meta property=\"og:image:width\" content=\"1600\" \/>\n\t<meta property=\"og:image:height\" content=\"1066\" \/>\n\t<meta property=\"og:image:type\" content=\"image\/jpeg\" \/>\n<meta name=\"author\" content=\"admin\" \/>\n<meta name=\"twitter:card\" content=\"summary_large_image\" \/>\n<meta name=\"twitter:label1\" content=\"Yazan:\" \/>\n\t<meta name=\"twitter:data1\" content=\"admin\" \/>\n\t<meta name=\"twitter:label2\" content=\"Tahmini okuma s\u00fcresi\" \/>\n\t<meta name=\"twitter:data2\" content=\"2 dakika\" \/>\n<script type=\"application\/ld+json\" class=\"yoast-schema-graph\">{\"@context\":\"https:\\\/\\\/schema.org\",\"@graph\":[{\"@type\":\"Article\",\"@id\":\"https:\\\/\\\/kibrisdakik.com\\\/?p=74321#article\",\"isPartOf\":{\"@id\":\"https:\\\/\\\/kibrisdakik.com\\\/?p=74321\"},\"author\":{\"name\":\"admin\",\"@id\":\"https:\\\/\\\/kibrisdakik.com\\\/#\\\/schema\\\/person\\\/9cd9d437bbb44f72b73ba127e06d8e79\"},\"headline\":\"Gardiyano\u011flu:Haftasonu hem i\u015f\u00e7i hem i\u015fveren taraf\u0131 ile yo\u011fun g\u00f6r\u00fc\u015fmelerim olacak\",\"datePublished\":\"2025-01-24T19:35:43+00:00\",\"mainEntityOfPage\":{\"@id\":\"https:\\\/\\\/kibrisdakik.com\\\/?p=74321\"},\"wordCount\":346,\"commentCount\":0,\"image\":{\"@id\":\"https:\\\/\\\/kibrisdakik.com\\\/?p=74321#primaryimage\"},\"thumbnailUrl\":\"https:\\\/\\\/kibrisdakik.com\\\/wp-content\\\/uploads\\\/2025\\\/01\\\/gardiyanoglu-740x420.jpeg\",\"articleSection\":[\"K\u0131br\u0131s\",\"Man\u015fet\"],\"inLanguage\":\"tr\",\"potentialAction\":[{\"@type\":\"CommentAction\",\"name\":\"Comment\",\"target\":[\"https:\\\/\\\/kibrisdakik.com\\\/?p=74321#respond\"]}]},{\"@type\":\"WebPage\",\"@id\":\"https:\\\/\\\/kibrisdakik.com\\\/?p=74321\",\"url\":\"https:\\\/\\\/kibrisdakik.com\\\/?p=74321\",\"name\":\"Gardiyano\u011flu:Haftasonu hem i\u015f\u00e7i hem i\u015fveren taraf\u0131 ile yo\u011fun g\u00f6r\u00fc\u015fmelerim olacak -\",\"isPartOf\":{\"@id\":\"https:\\\/\\\/kibrisdakik.com\\\/#website\"},\"primaryImageOfPage\":{\"@id\":\"https:\\\/\\\/kibrisdakik.com\\\/?p=74321#primaryimage\"},\"image\":{\"@id\":\"https:\\\/\\\/kibrisdakik.com\\\/?p=74321#primaryimage\"},\"thumbnailUrl\":\"https:\\\/\\\/kibrisdakik.com\\\/wp-content\\\/uploads\\\/2025\\\/01\\\/gardiyanoglu-740x420.jpeg\",\"datePublished\":\"2025-01-24T19:35:43+00:00\",\"author\":{\"@id\":\"https:\\\/\\\/kibrisdakik.com\\\/#\\\/schema\\\/person\\\/9cd9d437bbb44f72b73ba127e06d8e79\"},\"breadcrumb\":{\"@id\":\"https:\\\/\\\/kibrisdakik.com\\\/?p=74321#breadcrumb\"},\"inLanguage\":\"tr\",\"potentialAction\":[{\"@type\":\"ReadAction\",\"target\":[\"https:\\\/\\\/kibrisdakik.com\\\/?p=74321\"]}]},{\"@type\":\"ImageObject\",\"inLanguage\":\"tr\",\"@id\":\"https:\\\/\\\/kibrisdakik.com\\\/?p=74321#primaryimage\",\"url\":\"https:\\\/\\\/kibrisdakik.com\\\/wp-content\\\/uploads\\\/2025\\\/01\\\/gardiyanoglu-740x420.jpeg\",\"contentUrl\":\"https:\\\/\\\/kibrisdakik.com\\\/wp-content\\\/uploads\\\/2025\\\/01\\\/gardiyanoglu-740x420.jpeg\",\"width\":1600,\"height\":1066},{\"@type\":\"BreadcrumbList\",\"@id\":\"https:\\\/\\\/kibrisdakik.com\\\/?p=74321#breadcrumb\",\"itemListElement\":[{\"@type\":\"ListItem\",\"position\":1,\"name\":\"Home\",\"item\":\"https:\\\/\\\/kibrisdakik.com\\\/\"},{\"@type\":\"ListItem\",\"position\":2,\"name\":\"Gardiyano\u011flu:Haftasonu hem i\u015f\u00e7i hem i\u015fveren taraf\u0131 ile yo\u011fun g\u00f6r\u00fc\u015fmelerim olacak\"}]},{\"@type\":\"WebSite\",\"@id\":\"https:\\\/\\\/kibrisdakik.com\\\/#website\",\"url\":\"https:\\\/\\\/kibrisdakik.com\\\/\",\"name\":\"\",\"description\":\"Tam vaktinde haber\",\"potentialAction\":[{\"@type\":\"SearchAction\",\"target\":{\"@type\":\"EntryPoint\",\"urlTemplate\":\"https:\\\/\\\/kibrisdakik.com\\\/?s={search_term_string}\"},\"query-input\":{\"@type\":\"PropertyValueSpecification\",\"valueRequired\":true,\"valueName\":\"search_term_string\"}}],\"inLanguage\":\"tr\"},{\"@type\":\"Person\",\"@id\":\"https:\\\/\\\/kibrisdakik.com\\\/#\\\/schema\\\/person\\\/9cd9d437bbb44f72b73ba127e06d8e79\",\"name\":\"admin\",\"image\":{\"@type\":\"ImageObject\",\"inLanguage\":\"tr\",\"@id\":\"https:\\\/\\\/secure.gravatar.com\\\/avatar\\\/ccc17943b9d660506c869530f897617f7cb1c21a4bf30023f252596d83e1f007?s=96&d=mm&r=g\",\"url\":\"https:\\\/\\\/secure.gravatar.com\\\/avatar\\\/ccc17943b9d660506c869530f897617f7cb1c21a4bf30023f252596d83e1f007?s=96&d=mm&r=g\",\"contentUrl\":\"https:\\\/\\\/secure.gravatar.com\\\/avatar\\\/ccc17943b9d660506c869530f897617f7cb1c21a4bf30023f252596d83e1f007?s=96&d=mm&r=g\",\"caption\":\"admin\"},\"sameAs\":[\"https:\\\/\\\/kibrisdakik.com\"],\"url\":\"https:\\\/\\\/kibrisdakik.com\\\/?author=1\"}]}<\/script>\n<!-- \/ Yoast SEO plugin. -->","yoast_head_json":{"title":"Gardiyano\u011flu:Haftasonu hem i\u015f\u00e7i hem i\u015fveren taraf\u0131 ile yo\u011fun g\u00f6r\u00fc\u015fmelerim olacak -","robots":{"index":"index","follow":"follow","max-snippet":"max-snippet:-1","max-image-preview":"max-image-preview:large","max-video-preview":"max-video-preview:-1"},"canonical":"https:\/\/kibrisdakik.com\/?p=74321","og_locale":"tr_TR","og_type":"article","og_title":"Gardiyano\u011flu:Haftasonu hem i\u015f\u00e7i hem i\u015fveren taraf\u0131 ile yo\u011fun g\u00f6r\u00fc\u015fmelerim olacak -","og_description":"\u00c7al\u0131\u015fma ve Sosyal G\u00fcvenlik Bakan\u0131 Sad\u0131k Gardiyano\u011flu BRT\u2019de 18. Saat program\u0131na kat\u0131larak Asgari \u00fccret konusunda yap\u0131lan itirazla\u0131r ve d\u00fczenlenen eylemi de\u011ferlendirdi. \u201cY\u00dcZDE 70\u2019\u0130 DE\u011e\u0130L Y\u00dcZDE 32\u2019S\u0130 ASGAR\u0130 \u00dcCRETLE GE\u00c7\u0130N\u0130R\u201d \u00c7al\u0131\u015fma ve Sosyal G\u00fcvenlik Bakan\u0131 Sad\u0131k Gardiyano\u011flu, KTAMS Ba\u015fkan\u0131 G\u00fcven Bengihan\u2019\u0131n sosyal sigortalara kay\u0131tl\u0131 152 bin i\u015ftirak\u00e7inin y\u00fczde 70\u2019inin asgari \u00fccretle ge\u00e7inmek zorunda oldu\u011fu \u015feklindeki a\u00e7\u0131klamas\u0131n\u0131n","og_url":"https:\/\/kibrisdakik.com\/?p=74321","article_published_time":"2025-01-24T19:35:43+00:00","og_image":[{"width":1600,"height":1066,"url":"https:\/\/kibrisdakik.com\/wp-content\/uploads\/2025\/01\/gardiyanoglu-740x420.jpeg","type":"image\/jpeg"}],"author":"admin","twitter_card":"summary_large_image","twitter_misc":{"Yazan:":"admin","Tahmini okuma s\u00fcresi":"2 dakika"},"schema":{"@context":"https:\/\/schema.org","@graph":[{"@type":"Article","@id":"https:\/\/kibrisdakik.com\/?p=74321#article","isPartOf":{"@id":"https:\/\/kibrisdakik.com\/?p=74321"},"author":{"name":"admin","@id":"https:\/\/kibrisdakik.com\/#\/schema\/person\/9cd9d437bbb44f72b73ba127e06d8e79"},"headline":"Gardiyano\u011flu:Haftasonu hem i\u015f\u00e7i hem i\u015fveren taraf\u0131 ile yo\u011fun g\u00f6r\u00fc\u015fmelerim olacak","datePublished":"2025-01-24T19:35:43+00:00","mainEntityOfPage":{"@id":"https:\/\/kibrisdakik.com\/?p=74321"},"wordCount":346,"commentCount":0,"image":{"@id":"https:\/\/kibrisdakik.com\/?p=74321#primaryimage"},"thumbnailUrl":"https:\/\/kibrisdakik.com\/wp-content\/uploads\/2025\/01\/gardiyanoglu-740x420.jpeg","articleSection":["K\u0131br\u0131s","Man\u015fet"],"inLanguage":"tr","potentialAction":[{"@type":"CommentAction","name":"Comment","target":["https:\/\/kibrisdakik.com\/?p=74321#respond"]}]},{"@type":"WebPage","@id":"https:\/\/kibrisdakik.com\/?p=74321","url":"https:\/\/kibrisdakik.com\/?p=74321","name":"Gardiyano\u011flu:Haftasonu hem i\u015f\u00e7i hem i\u015fveren taraf\u0131 ile yo\u011fun g\u00f6r\u00fc\u015fmelerim olacak -","isPartOf":{"@id":"https:\/\/kibrisdakik.com\/#website"},"primaryImageOfPage":{"@id":"https:\/\/kibrisdakik.com\/?p=74321#primaryimage"},"image":{"@id":"https:\/\/kibrisdakik.com\/?p=74321#primaryimage"},"thumbnailUrl":"https:\/\/kibrisdakik.com\/wp-content\/uploads\/2025\/01\/gardiyanoglu-740x420.jpeg","datePublished":"2025-01-24T19:35:43+00:00","author":{"@id":"https:\/\/kibrisdakik.com\/#\/schema\/person\/9cd9d437bbb44f72b73ba127e06d8e79"},"breadcrumb":{"@id":"https:\/\/kibrisdakik.com\/?p=74321#breadcrumb"},"inLanguage":"tr","potentialAction":[{"@type":"ReadAction","target":["https:\/\/kibrisdakik.com\/?p=74321"]}]},{"@type":"ImageObject","inLanguage":"tr","@id":"https:\/\/kibrisdakik.com\/?p=74321#primaryimage","url":"https:\/\/kibrisdakik.com\/wp-content\/uploads\/2025\/01\/gardiyanoglu-740x420.jpeg","contentUrl":"https:\/\/kibrisdakik.com\/wp-content\/uploads\/2025\/01\/gardiyanoglu-740x420.jpeg","width":1600,"height":1066},{"@type":"BreadcrumbList","@id":"https:\/\/kibrisdakik.com\/?p=74321#breadcrumb","itemListElement":[{"@type":"ListItem","position":1,"name":"Home","item":"https:\/\/kibrisdakik.com\/"},{"@type":"ListItem","position":2,"name":"Gardiyano\u011flu:Haftasonu hem i\u015f\u00e7i hem i\u015fveren taraf\u0131 ile yo\u011fun g\u00f6r\u00fc\u015fmelerim olacak"}]},{"@type":"WebSite","@id":"https:\/\/kibrisdakik.com\/#website","url":"https:\/\/kibrisdakik.com\/","name":"","description":"Tam vaktinde haber","potentialAction":[{"@type":"SearchAction","target":{"@type":"EntryPoint","urlTemplate":"https:\/\/kibrisdakik.com\/?s={search_term_string}"},"query-input":{"@type":"PropertyValueSpecification","valueRequired":true,"valueName":"search_term_string"}}],"inLanguage":"tr"},{"@type":"Person","@id":"https:\/\/kibrisdakik.com\/#\/schema\/person\/9cd9d437bbb44f72b73ba127e06d8e79","name":"admin","image":{"@type":"ImageObject","inLanguage":"tr","@id":"https:\/\/secure.gravatar.com\/avatar\/ccc17943b9d660506c869530f897617f7cb1c21a4bf30023f252596d83e1f007?s=96&d=mm&r=g","url":"https:\/\/secure.gravatar.com\/avatar\/ccc17943b9d660506c869530f897617f7cb1c21a4bf30023f252596d83e1f007?s=96&d=mm&r=g","contentUrl":"https:\/\/secure.gravatar.com\/avatar\/ccc17943b9d660506c869530f897617f7cb1c21a4bf30023f252596d83e1f007?s=96&d=mm&r=g","caption":"admin"},"sameAs":["https:\/\/kibrisdakik.com"],"url":"https:\/\/kibrisdakik.com\/?author=1"}]}},"_links":{"self":[{"href":"https:\/\/kibrisdakik.com\/index.php?rest_route=\/wp\/v2\/posts\/74321","targetHints":{"allow":["GET"]}}],"collection":[{"href":"https:\/\/kibrisdakik.com\/index.php?rest_route=\/wp\/v2\/posts"}],"about":[{"href":"https:\/\/kibrisdakik.com\/index.php?rest_route=\/wp\/v2\/types\/post"}],"author":[{"embeddable":true,"href":"https:\/\/kibrisdakik.com\/index.php?rest_route=\/wp\/v2\/users\/1"}],"replies":[{"embeddable":true,"href":"https:\/\/kibrisdakik.com\/index.php?rest_route=%2Fwp%2Fv2%2Fcomments&post=74321"}],"version-history":[{"count":0,"href":"https:\/\/kibrisdakik.com\/index.php?rest_route=\/wp\/v2\/posts\/74321\/revisions"}],"wp:featuredmedia":[{"embeddable":true,"href":"https:\/\/kibrisdakik.com\/index.php?rest_route=\/wp\/v2\/media\/74323"}],"wp:attachment":[{"href":"https:\/\/kibrisdakik.com\/index.php?rest_route=%2Fwp%2Fv2%2Fmedia&parent=74321"}],"wp:term":[{"taxonomy":"category","embeddable":true,"href":"https:\/\/kibrisdakik.com\/index.php?rest_route=%2Fwp%2Fv2%2Fcategories&post=74321"},{"taxonomy":"post_tag","embeddable":true,"href":"https:\/\/kibrisdakik.com\/index.php?rest_route=%2Fwp%2Fv2%2Ftags&post=74321"}],"curies":[{"name":"wp","href":"https:\/\/api.w.org\/{rel}","templated":true}]}}