{"id":74355,"date":"2025-01-25T16:44:31","date_gmt":"2025-01-25T13:44:31","guid":{"rendered":"https:\/\/kibrisdakik.com\/index.php\/2025\/01\/25\/karpaz-halki-manastir-yolunun-tamamlanmasini-istiyor\/"},"modified":"2025-01-25T16:44:31","modified_gmt":"2025-01-25T13:44:31","slug":"karpaz-halki-manastir-yolunun-tamamlanmasini-istiyor","status":"publish","type":"post","link":"https:\/\/kibrisdakik.com\/?p=74355","title":{"rendered":"Karpaz halk\u0131, Manast\u0131r yolunun tamamlanmas\u0131n\u0131 istiyor"},"content":{"rendered":"<div>\n<div class=\"mariselle-image-container center\">\n                                            <\/div>\n<p>\nKarpaz halk\u0131, Dipkarpaz Manast\u0131r yolunun bir an \u00f6nce tamamlanmas\u0131 amac\u0131yla bug\u00fcn eylem d\u00fczenledi.<\/p>\n<p>Erenk\u00f6y Karpaz Belediyesi ve baz\u0131 sivil toplum \u00f6rg\u00fctleri ile vatanda\u015flar\u0131n kat\u0131ld\u0131\u011f\u0131 eylemde, \u201cArt\u0131k yeter g\u00f6rmezden gelme\u201d, \u201cKarpaz sahipsiz de\u011fil\u201d, \u201cHalk burada yol nerede\u201d, \u201cY\u0131llard\u0131r bekliyoruz art\u0131k yeter\u201d, \u201cBu halka bu yol reva m\u0131\u201d gibi pankartlar a\u00e7\u0131ld\u0131.<\/p>\n<p>Yol sorununun Karpaz b\u00f6lgesini ekonomik ve sosyal y\u00f6nden etkiledi\u011fine vurgu yap\u0131lan eylemde, yolun yap\u0131m\u0131na en erken zamanda ba\u015flanmas\u0131 istendi. Eylem s\u0131ras\u0131nda vatanda\u015flar, bir s\u00fcreli\u011fine Dipkarpaz Manast\u0131r yolunu trafi\u011fe kapatt\u0131.<\/p>\n<p>Erenk\u00f6y Karpaz Belediye Ba\u015fkan\u0131 Hamit Bak\u0131rc\u0131, 2025 y\u0131l\u0131nda halen yol yap\u0131m\u0131 konusunda eylem yapmak mecburiyetinde b\u0131rak\u0131ld\u0131klar\u0131n\u0131 ifade ederek, 40 y\u0131ld\u0131r b\u00f6lge halk\u0131n\u0131n ma\u011fdur edildi\u011fini ve gen\u00e7lerin g\u00f6\u00e7 etmek zorunda kald\u0131\u011f\u0131n\u0131 kaydetti.<\/p>\n<p>Bak\u0131rc\u0131, \u201cT\u00fcrkiye Cumhuriyeti\u2019nin katk\u0131lar\u0131 ile yap\u0131m\u0131na ba\u015flanacak yolun Bay\u0131nd\u0131rl\u0131k ve Ula\u015ft\u0131rma Bakan\u0131 Erhan Ar\u0131kl\u0131\u2019n\u0131n a\u00e7\u0131klamas\u0131 ile ertelendi\u011fini\u201d s\u00f6yledi.<\/p>\n<p>B\u00f6lgedeki di\u011fer sorunlara da de\u011finen Bak\u0131rc\u0131, \u201c\u0130ki y\u0131ld\u0131r diyalog yoluyla sorunlar\u0131n \u00e7\u00f6z\u00fclmesi i\u00e7in u\u011fra\u015f veriyorum ama eylem gerekiyorsa bu halk eylem yapmay\u0131 da bilir\u201d dedi.<\/p>\n<p>Karpaz halk\u0131n\u0131n her zaman b\u00f6lgesine sahip \u00e7\u0131kt\u0131\u011f\u0131n\u0131 belirten Bak\u0131rc\u0131, yetkililerden yolun yap\u0131m\u0131na en erken zamanda ba\u015flanmas\u0131n\u0131 istedi.<\/p>\n<p>Eylemde s\u00f6z alan sivil toplum \u00f6rg\u00fct\u00fc temsilcileri de \u201cyolun gitti\u011fi yere medeniyetin de gitti\u011fini\u201d belirterek, h\u00fck\u00fcmet yetkilerinden, \u201ce\u015fsiz do\u011fas\u0131 ile marka olan Karpaz b\u00f6lgesindeki yol sorununu \u00e7\u00f6zmesini\u201d talep ettiler.<\/p>\n<\/p><\/div>\n<p><script async\n                    defer\n                    crossorigin=\"anonymous\"\n                    src=\"https:\/\/connect.facebook.net\/tr_TR\/sdk.js#xfbml=1&#038;version=v3.3\"\n            ><\/script><\/p>\n","protected":false},"excerpt":{"rendered":"<p>Karpaz halk\u0131, Dipkarpaz Manast\u0131r yolunun bir an \u00f6nce tamamlanmas\u0131 amac\u0131yla bug\u00fcn eylem d\u00fczenledi. Erenk\u00f6y Karpaz Belediyesi ve baz\u0131 sivil toplum \u00f6rg\u00fctleri ile vatanda\u015flar\u0131n kat\u0131ld\u0131\u011f\u0131 eylemde, \u201cArt\u0131k yeter g\u00f6rmezden gelme\u201d, \u201cKarpaz sahipsiz de\u011fil\u201d, \u201cHalk burada yol nerede\u201d, \u201cY\u0131llard\u0131r bekliyoruz art\u0131k yeter\u201d, \u201cBu halka bu yol reva m\u0131\u201d gibi pankartlar a\u00e7\u0131ld\u0131. Yol sorununun Karpaz b\u00f6lgesini ekonomik ve<\/p>\n","protected":false},"author":1,"featured_media":74356,"comment_status":"open","ping_status":"open","sticky":false,"template":"","format":"standard","meta":{"footnotes":""},"categories":[81,101],"tags":[],"class_list":["post-74355","post","type-post","status-publish","format-standard","has-post-thumbnail","hentry","category-kibris","category-manset"],"yoast_head":"<!-- This site is optimized with the Yoast SEO plugin v27.4 - https:\/\/yoast.com\/product\/yoast-seo-wordpress\/ -->\n<title>Karpaz halk\u0131, Manast\u0131r yolunun tamamlanmas\u0131n\u0131 istiyor -<\/title>\n<meta name=\"robots\" content=\"index, follow, max-snippet:-1, max-image-preview:large, max-video-preview:-1\" \/>\n<link rel=\"canonical\" href=\"https:\/\/kibrisdakik.com\/?p=74355\" \/>\n<meta property=\"og:locale\" content=\"tr_TR\" \/>\n<meta property=\"og:type\" content=\"article\" \/>\n<meta property=\"og:title\" content=\"Karpaz halk\u0131, Manast\u0131r yolunun tamamlanmas\u0131n\u0131 istiyor -\" \/>\n<meta property=\"og:description\" content=\"Karpaz halk\u0131, Dipkarpaz Manast\u0131r yolunun bir an \u00f6nce tamamlanmas\u0131 amac\u0131yla bug\u00fcn eylem d\u00fczenledi. Erenk\u00f6y Karpaz Belediyesi ve baz\u0131 sivil toplum \u00f6rg\u00fctleri ile vatanda\u015flar\u0131n kat\u0131ld\u0131\u011f\u0131 eylemde, \u201cArt\u0131k yeter g\u00f6rmezden gelme\u201d, \u201cKarpaz sahipsiz de\u011fil\u201d, \u201cHalk burada yol nerede\u201d, \u201cY\u0131llard\u0131r bekliyoruz art\u0131k yeter\u201d, \u201cBu halka bu yol reva m\u0131\u201d gibi pankartlar a\u00e7\u0131ld\u0131. Yol sorununun Karpaz b\u00f6lgesini ekonomik ve\" \/>\n<meta property=\"og:url\" content=\"https:\/\/kibrisdakik.com\/?p=74355\" \/>\n<meta property=\"article:published_time\" content=\"2025-01-25T13:44:31+00:00\" \/>\n<meta property=\"og:image\" content=\"https:\/\/kibrisdakik.com\/wp-content\/uploads\/2025\/01\/1737806804340EYLEM3-740x420.jpg\" \/>\n\t<meta property=\"og:image:width\" content=\"1600\" \/>\n\t<meta property=\"og:image:height\" content=\"1204\" \/>\n\t<meta property=\"og:image:type\" content=\"image\/jpeg\" \/>\n<meta name=\"author\" content=\"admin\" \/>\n<meta name=\"twitter:card\" content=\"summary_large_image\" \/>\n<meta name=\"twitter:label1\" content=\"Yazan:\" \/>\n\t<meta name=\"twitter:data1\" content=\"admin\" \/>\n\t<meta name=\"twitter:label2\" content=\"Tahmini okuma s\u00fcresi\" \/>\n\t<meta name=\"twitter:data2\" content=\"1 dakika\" \/>\n<script type=\"application\/ld+json\" class=\"yoast-schema-graph\">{\"@context\":\"https:\\\/\\\/schema.org\",\"@graph\":[{\"@type\":\"Article\",\"@id\":\"https:\\\/\\\/kibrisdakik.com\\\/?p=74355#article\",\"isPartOf\":{\"@id\":\"https:\\\/\\\/kibrisdakik.com\\\/?p=74355\"},\"author\":{\"name\":\"admin\",\"@id\":\"https:\\\/\\\/kibrisdakik.com\\\/#\\\/schema\\\/person\\\/9cd9d437bbb44f72b73ba127e06d8e79\"},\"headline\":\"Karpaz halk\u0131, Manast\u0131r yolunun tamamlanmas\u0131n\u0131 istiyor\",\"datePublished\":\"2025-01-25T13:44:31+00:00\",\"mainEntityOfPage\":{\"@id\":\"https:\\\/\\\/kibrisdakik.com\\\/?p=74355\"},\"wordCount\":299,\"commentCount\":0,\"image\":{\"@id\":\"https:\\\/\\\/kibrisdakik.com\\\/?p=74355#primaryimage\"},\"thumbnailUrl\":\"https:\\\/\\\/kibrisdakik.com\\\/wp-content\\\/uploads\\\/2025\\\/01\\\/1737806804340EYLEM3-740x420.jpg\",\"articleSection\":[\"K\u0131br\u0131s\",\"Man\u015fet\"],\"inLanguage\":\"tr\",\"potentialAction\":[{\"@type\":\"CommentAction\",\"name\":\"Comment\",\"target\":[\"https:\\\/\\\/kibrisdakik.com\\\/?p=74355#respond\"]}]},{\"@type\":\"WebPage\",\"@id\":\"https:\\\/\\\/kibrisdakik.com\\\/?p=74355\",\"url\":\"https:\\\/\\\/kibrisdakik.com\\\/?p=74355\",\"name\":\"Karpaz halk\u0131, Manast\u0131r yolunun tamamlanmas\u0131n\u0131 istiyor -\",\"isPartOf\":{\"@id\":\"https:\\\/\\\/kibrisdakik.com\\\/#website\"},\"primaryImageOfPage\":{\"@id\":\"https:\\\/\\\/kibrisdakik.com\\\/?p=74355#primaryimage\"},\"image\":{\"@id\":\"https:\\\/\\\/kibrisdakik.com\\\/?p=74355#primaryimage\"},\"thumbnailUrl\":\"https:\\\/\\\/kibrisdakik.com\\\/wp-content\\\/uploads\\\/2025\\\/01\\\/1737806804340EYLEM3-740x420.jpg\",\"datePublished\":\"2025-01-25T13:44:31+00:00\",\"author\":{\"@id\":\"https:\\\/\\\/kibrisdakik.com\\\/#\\\/schema\\\/person\\\/9cd9d437bbb44f72b73ba127e06d8e79\"},\"breadcrumb\":{\"@id\":\"https:\\\/\\\/kibrisdakik.com\\\/?p=74355#breadcrumb\"},\"inLanguage\":\"tr\",\"potentialAction\":[{\"@type\":\"ReadAction\",\"target\":[\"https:\\\/\\\/kibrisdakik.com\\\/?p=74355\"]}]},{\"@type\":\"ImageObject\",\"inLanguage\":\"tr\",\"@id\":\"https:\\\/\\\/kibrisdakik.com\\\/?p=74355#primaryimage\",\"url\":\"https:\\\/\\\/kibrisdakik.com\\\/wp-content\\\/uploads\\\/2025\\\/01\\\/1737806804340EYLEM3-740x420.jpg\",\"contentUrl\":\"https:\\\/\\\/kibrisdakik.com\\\/wp-content\\\/uploads\\\/2025\\\/01\\\/1737806804340EYLEM3-740x420.jpg\",\"width\":1600,\"height\":1204},{\"@type\":\"BreadcrumbList\",\"@id\":\"https:\\\/\\\/kibrisdakik.com\\\/?p=74355#breadcrumb\",\"itemListElement\":[{\"@type\":\"ListItem\",\"position\":1,\"name\":\"Home\",\"item\":\"https:\\\/\\\/kibrisdakik.com\\\/\"},{\"@type\":\"ListItem\",\"position\":2,\"name\":\"Karpaz halk\u0131, Manast\u0131r yolunun tamamlanmas\u0131n\u0131 istiyor\"}]},{\"@type\":\"WebSite\",\"@id\":\"https:\\\/\\\/kibrisdakik.com\\\/#website\",\"url\":\"https:\\\/\\\/kibrisdakik.com\\\/\",\"name\":\"\",\"description\":\"Tam vaktinde haber\",\"potentialAction\":[{\"@type\":\"SearchAction\",\"target\":{\"@type\":\"EntryPoint\",\"urlTemplate\":\"https:\\\/\\\/kibrisdakik.com\\\/?s={search_term_string}\"},\"query-input\":{\"@type\":\"PropertyValueSpecification\",\"valueRequired\":true,\"valueName\":\"search_term_string\"}}],\"inLanguage\":\"tr\"},{\"@type\":\"Person\",\"@id\":\"https:\\\/\\\/kibrisdakik.com\\\/#\\\/schema\\\/person\\\/9cd9d437bbb44f72b73ba127e06d8e79\",\"name\":\"admin\",\"image\":{\"@type\":\"ImageObject\",\"inLanguage\":\"tr\",\"@id\":\"https:\\\/\\\/secure.gravatar.com\\\/avatar\\\/ccc17943b9d660506c869530f897617f7cb1c21a4bf30023f252596d83e1f007?s=96&d=mm&r=g\",\"url\":\"https:\\\/\\\/secure.gravatar.com\\\/avatar\\\/ccc17943b9d660506c869530f897617f7cb1c21a4bf30023f252596d83e1f007?s=96&d=mm&r=g\",\"contentUrl\":\"https:\\\/\\\/secure.gravatar.com\\\/avatar\\\/ccc17943b9d660506c869530f897617f7cb1c21a4bf30023f252596d83e1f007?s=96&d=mm&r=g\",\"caption\":\"admin\"},\"sameAs\":[\"https:\\\/\\\/kibrisdakik.com\"],\"url\":\"https:\\\/\\\/kibrisdakik.com\\\/?author=1\"}]}<\/script>\n<!-- \/ Yoast SEO plugin. -->","yoast_head_json":{"title":"Karpaz halk\u0131, Manast\u0131r yolunun tamamlanmas\u0131n\u0131 istiyor -","robots":{"index":"index","follow":"follow","max-snippet":"max-snippet:-1","max-image-preview":"max-image-preview:large","max-video-preview":"max-video-preview:-1"},"canonical":"https:\/\/kibrisdakik.com\/?p=74355","og_locale":"tr_TR","og_type":"article","og_title":"Karpaz halk\u0131, Manast\u0131r yolunun tamamlanmas\u0131n\u0131 istiyor -","og_description":"Karpaz halk\u0131, Dipkarpaz Manast\u0131r yolunun bir an \u00f6nce tamamlanmas\u0131 amac\u0131yla bug\u00fcn eylem d\u00fczenledi. Erenk\u00f6y Karpaz Belediyesi ve baz\u0131 sivil toplum \u00f6rg\u00fctleri ile vatanda\u015flar\u0131n kat\u0131ld\u0131\u011f\u0131 eylemde, \u201cArt\u0131k yeter g\u00f6rmezden gelme\u201d, \u201cKarpaz sahipsiz de\u011fil\u201d, \u201cHalk burada yol nerede\u201d, \u201cY\u0131llard\u0131r bekliyoruz art\u0131k yeter\u201d, \u201cBu halka bu yol reva m\u0131\u201d gibi pankartlar a\u00e7\u0131ld\u0131. Yol sorununun Karpaz b\u00f6lgesini ekonomik ve","og_url":"https:\/\/kibrisdakik.com\/?p=74355","article_published_time":"2025-01-25T13:44:31+00:00","og_image":[{"width":1600,"height":1204,"url":"https:\/\/kibrisdakik.com\/wp-content\/uploads\/2025\/01\/1737806804340EYLEM3-740x420.jpg","type":"image\/jpeg"}],"author":"admin","twitter_card":"summary_large_image","twitter_misc":{"Yazan:":"admin","Tahmini okuma s\u00fcresi":"1 dakika"},"schema":{"@context":"https:\/\/schema.org","@graph":[{"@type":"Article","@id":"https:\/\/kibrisdakik.com\/?p=74355#article","isPartOf":{"@id":"https:\/\/kibrisdakik.com\/?p=74355"},"author":{"name":"admin","@id":"https:\/\/kibrisdakik.com\/#\/schema\/person\/9cd9d437bbb44f72b73ba127e06d8e79"},"headline":"Karpaz halk\u0131, Manast\u0131r yolunun tamamlanmas\u0131n\u0131 istiyor","datePublished":"2025-01-25T13:44:31+00:00","mainEntityOfPage":{"@id":"https:\/\/kibrisdakik.com\/?p=74355"},"wordCount":299,"commentCount":0,"image":{"@id":"https:\/\/kibrisdakik.com\/?p=74355#primaryimage"},"thumbnailUrl":"https:\/\/kibrisdakik.com\/wp-content\/uploads\/2025\/01\/1737806804340EYLEM3-740x420.jpg","articleSection":["K\u0131br\u0131s","Man\u015fet"],"inLanguage":"tr","potentialAction":[{"@type":"CommentAction","name":"Comment","target":["https:\/\/kibrisdakik.com\/?p=74355#respond"]}]},{"@type":"WebPage","@id":"https:\/\/kibrisdakik.com\/?p=74355","url":"https:\/\/kibrisdakik.com\/?p=74355","name":"Karpaz halk\u0131, Manast\u0131r yolunun tamamlanmas\u0131n\u0131 istiyor -","isPartOf":{"@id":"https:\/\/kibrisdakik.com\/#website"},"primaryImageOfPage":{"@id":"https:\/\/kibrisdakik.com\/?p=74355#primaryimage"},"image":{"@id":"https:\/\/kibrisdakik.com\/?p=74355#primaryimage"},"thumbnailUrl":"https:\/\/kibrisdakik.com\/wp-content\/uploads\/2025\/01\/1737806804340EYLEM3-740x420.jpg","datePublished":"2025-01-25T13:44:31+00:00","author":{"@id":"https:\/\/kibrisdakik.com\/#\/schema\/person\/9cd9d437bbb44f72b73ba127e06d8e79"},"breadcrumb":{"@id":"https:\/\/kibrisdakik.com\/?p=74355#breadcrumb"},"inLanguage":"tr","potentialAction":[{"@type":"ReadAction","target":["https:\/\/kibrisdakik.com\/?p=74355"]}]},{"@type":"ImageObject","inLanguage":"tr","@id":"https:\/\/kibrisdakik.com\/?p=74355#primaryimage","url":"https:\/\/kibrisdakik.com\/wp-content\/uploads\/2025\/01\/1737806804340EYLEM3-740x420.jpg","contentUrl":"https:\/\/kibrisdakik.com\/wp-content\/uploads\/2025\/01\/1737806804340EYLEM3-740x420.jpg","width":1600,"height":1204},{"@type":"BreadcrumbList","@id":"https:\/\/kibrisdakik.com\/?p=74355#breadcrumb","itemListElement":[{"@type":"ListItem","position":1,"name":"Home","item":"https:\/\/kibrisdakik.com\/"},{"@type":"ListItem","position":2,"name":"Karpaz halk\u0131, Manast\u0131r yolunun tamamlanmas\u0131n\u0131 istiyor"}]},{"@type":"WebSite","@id":"https:\/\/kibrisdakik.com\/#website","url":"https:\/\/kibrisdakik.com\/","name":"","description":"Tam vaktinde haber","potentialAction":[{"@type":"SearchAction","target":{"@type":"EntryPoint","urlTemplate":"https:\/\/kibrisdakik.com\/?s={search_term_string}"},"query-input":{"@type":"PropertyValueSpecification","valueRequired":true,"valueName":"search_term_string"}}],"inLanguage":"tr"},{"@type":"Person","@id":"https:\/\/kibrisdakik.com\/#\/schema\/person\/9cd9d437bbb44f72b73ba127e06d8e79","name":"admin","image":{"@type":"ImageObject","inLanguage":"tr","@id":"https:\/\/secure.gravatar.com\/avatar\/ccc17943b9d660506c869530f897617f7cb1c21a4bf30023f252596d83e1f007?s=96&d=mm&r=g","url":"https:\/\/secure.gravatar.com\/avatar\/ccc17943b9d660506c869530f897617f7cb1c21a4bf30023f252596d83e1f007?s=96&d=mm&r=g","contentUrl":"https:\/\/secure.gravatar.com\/avatar\/ccc17943b9d660506c869530f897617f7cb1c21a4bf30023f252596d83e1f007?s=96&d=mm&r=g","caption":"admin"},"sameAs":["https:\/\/kibrisdakik.com"],"url":"https:\/\/kibrisdakik.com\/?author=1"}]}},"_links":{"self":[{"href":"https:\/\/kibrisdakik.com\/index.php?rest_route=\/wp\/v2\/posts\/74355","targetHints":{"allow":["GET"]}}],"collection":[{"href":"https:\/\/kibrisdakik.com\/index.php?rest_route=\/wp\/v2\/posts"}],"about":[{"href":"https:\/\/kibrisdakik.com\/index.php?rest_route=\/wp\/v2\/types\/post"}],"author":[{"embeddable":true,"href":"https:\/\/kibrisdakik.com\/index.php?rest_route=\/wp\/v2\/users\/1"}],"replies":[{"embeddable":true,"href":"https:\/\/kibrisdakik.com\/index.php?rest_route=%2Fwp%2Fv2%2Fcomments&post=74355"}],"version-history":[{"count":0,"href":"https:\/\/kibrisdakik.com\/index.php?rest_route=\/wp\/v2\/posts\/74355\/revisions"}],"wp:featuredmedia":[{"embeddable":true,"href":"https:\/\/kibrisdakik.com\/index.php?rest_route=\/wp\/v2\/media\/74356"}],"wp:attachment":[{"href":"https:\/\/kibrisdakik.com\/index.php?rest_route=%2Fwp%2Fv2%2Fmedia&parent=74355"}],"wp:term":[{"taxonomy":"category","embeddable":true,"href":"https:\/\/kibrisdakik.com\/index.php?rest_route=%2Fwp%2Fv2%2Fcategories&post=74355"},{"taxonomy":"post_tag","embeddable":true,"href":"https:\/\/kibrisdakik.com\/index.php?rest_route=%2Fwp%2Fv2%2Ftags&post=74355"}],"curies":[{"name":"wp","href":"https:\/\/api.w.org\/{rel}","templated":true}]}}