{"id":74357,"date":"2025-01-25T16:47:36","date_gmt":"2025-01-25T13:47:36","guid":{"rendered":"https:\/\/kibrisdakik.com\/index.php\/2025\/01\/25\/hasan-tacoy-arikli-hukumetten-cekilmezse-kendisine-yazik-eder\/"},"modified":"2025-01-25T16:47:36","modified_gmt":"2025-01-25T13:47:36","slug":"hasan-tacoy-arikli-hukumetten-cekilmezse-kendisine-yazik-eder","status":"publish","type":"post","link":"https:\/\/kibrisdakik.com\/?p=74357","title":{"rendered":"Hasan Ta\u00e7oy: \u201cAr\u0131kl\u0131 h\u00fck\u00fcmetten \u00e7ekilmezse kendisine yaz\u0131k eder\u201d"},"content":{"rendered":"<div>\n<div class=\"mariselle-image-container center\">\n                                            <\/div>\n<p>\nUlusal Birlik Partisi Milletvekili Hasan Ta\u00e7oy, \u201cYDP Genel Ba\u015fkan\u0131 Erhan Ar\u0131kl\u0131\u2019n\u0131n muhatab\u0131n\u0131n h\u00fck\u00fcmet ortaklar\u0131, milletvekillerinin t\u00fcm\u00fc\u201d oldu\u011funu ifade ederek, Ar\u0131kl\u0131\u2019ya, \u201cBenim g\u00fcvenoyumla benim \u00fczerimden siyaset yapamazs\u0131n. T\u00fcm s\u00f6ylediklerinden sonra h\u00fck\u00fcmetten \u00e7ekilmezse kendisine yaz\u0131k eder\u201d dedi.  <\/p>\n<p>Ta\u00e7oy yaz\u0131l\u0131 a\u00e7\u0131klamas\u0131nda, d\u00fcn \u00f6\u011fle saatlerinde yapt\u0131\u011f\u0131 a\u00e7\u0131klamada, Yeniden Do\u011fu\u015f Partisi\u2019nin bug\u00fcn yap\u0131laca\u011f\u0131 a\u00e7\u0131klanan Parti Meclisi toplant\u0131s\u0131n\u0131n yap\u0131lmayaca\u011f\u0131n\u0131 ve ileri bir tarihe ertelenece\u011fini iddia etti\u011fini, bunun da b\u00f6yle oldu\u011funu kaydetti.<\/p>\n<p>Ta\u00e7oy, \u201ctoplant\u0131n\u0131n y\u00fcksek ihtimalle T\u00fcrkiye Cumhuriyeti Cumhurba\u015fkan\u0131 Yard\u0131mc\u0131s\u0131 Cevdet Y\u0131lmaz\u2019\u0131n \u00e7ar\u015famba g\u00fcn\u00fc ger\u00e7ekle\u015ftirece\u011fi KKTC ziyareti sonras\u0131na kalaca\u011f\u0131n\u0131\u201d ifade etti.<\/p>\n<p>Kat\u0131ld\u0131\u011f\u0131 programda sorular\u0131 yan\u0131tlayan Ta\u00e7oy, YDP Genel Ba\u015fkan\u0131 Erhan Ar\u0131kl\u0131\u2019n\u0131n kendisine y\u00f6nelik olarak kulland\u0131\u011f\u0131n\u0131 belirtti\u011fi \u201cbenim muhatab\u0131m de\u011fil\u201d s\u00f6zlerini de\u011ferlendirerek, \u015funlar\u0131 kaydetti:<\/p>\n<p>\u201cHerhalde Say\u0131n Ar\u0131kl\u0131\u2019n\u0131n muhatab\u0131 bizim \u00f6rg\u00fct ba\u015fkanlar\u0131d\u0131r ki \u00f6rg\u00fct ba\u015fkanlar\u0131m\u0131z\u0131 su\u00e7layarak bu yola girdi. \u00d6rg\u00fct ba\u015fkanlar\u0131m\u0131z\u0131 dikkate almak istedi ve \u00f6rg\u00fct ba\u015fkanlar\u0131 \u2018\u015fu i\u015fleri yap\u0131yor ama biz yapam\u0131yoruz\u2019 dedi. Demek ki muhatab\u0131 bizim \u00f6rg\u00fct ba\u015fkanlar\u0131m\u0131zd\u0131r. Beni muhatap almad\u0131\u011f\u0131na g\u00f6re onlard\u0131r muhatab\u0131. Mecliste 26\u2019y\u0131 herhalde ba\u015fkas\u0131 bulur diyorum kendisine. Biz de\u011filiz. O y\u00fczden muhatab\u0131 kimdir diye sordu\u011funda, elbette ki benim ve arkada\u015flar\u0131md\u0131r. Her vekildir. Say\u0131n genel ba\u015fkan\u0131m\u0131zd\u0131r, ba\u015fbakan\u0131m\u0131zd\u0131r, t\u00fcm\u00fcd\u00fcr, h\u00fck\u00fcmet ortaklar\u0131d\u0131r. Hepsi muhatab\u0131d\u0131r, bundan ka\u00e7amaz. Muhatab\u0131n e\u011fer \u00dcnal bey ise, bas\u0131n yerine git otur ve \u00dcnal bey ile konu\u015f.\u201d<\/p>\n<p>Ta\u00e7oy, Ar\u0131kl\u0131\u2019n\u0131n bunu yapmak yerine bas\u0131na konu\u015fmay\u0131 tercih etmesini de ele\u015ftirdi\u011fi d\u00fcnk\u00fc programda, \u015f\u00f6yle devam etti:<\/p>\n<p>\u201cKusura bakma ama benim ensemden siyaset yapamazs\u0131n. Benim g\u00fcvenoyumla benim \u00fczerimden siyaset yapamazs\u0131n. \u00c7ar\u015famba g\u00fcn\u00fc Say\u0131n Cumhurba\u015fkan\u0131 Yard\u0131mc\u0131s\u0131 Cevdet Y\u0131lmaz KKTC\u2019ye geliyor. Yar\u0131n (cumartesi) yapacakt\u0131 Parti Meclisi toplant\u0131s\u0131n\u0131. Ben diyorum ki yar\u0131n (cumartesi) yapmayacak. Cevdet beyin ziyareti sonras\u0131na erteleyecek ve gidecek. Bu bir duyum de\u011fil bir tahmindir. T\u00fcm s\u00f6ylediklerinden sonra h\u00fck\u00fcmetten \u00e7ekilmezse kendisine yaz\u0131k eder.\u201d<\/p>\n<\/p><\/div>\n<p><script async\n                    defer\n                    crossorigin=\"anonymous\"\n                    src=\"https:\/\/connect.facebook.net\/tr_TR\/sdk.js#xfbml=1&#038;version=v3.3\"\n            ><\/script><\/p>\n","protected":false},"excerpt":{"rendered":"<p>Ulusal Birlik Partisi Milletvekili Hasan Ta\u00e7oy, \u201cYDP Genel Ba\u015fkan\u0131 Erhan Ar\u0131kl\u0131\u2019n\u0131n muhatab\u0131n\u0131n h\u00fck\u00fcmet ortaklar\u0131, milletvekillerinin t\u00fcm\u00fc\u201d oldu\u011funu ifade ederek, Ar\u0131kl\u0131\u2019ya, \u201cBenim g\u00fcvenoyumla benim \u00fczerimden siyaset yapamazs\u0131n. T\u00fcm s\u00f6ylediklerinden sonra h\u00fck\u00fcmetten \u00e7ekilmezse kendisine yaz\u0131k eder\u201d dedi. Ta\u00e7oy yaz\u0131l\u0131 a\u00e7\u0131klamas\u0131nda, d\u00fcn \u00f6\u011fle saatlerinde yapt\u0131\u011f\u0131 a\u00e7\u0131klamada, Yeniden Do\u011fu\u015f Partisi\u2019nin bug\u00fcn yap\u0131laca\u011f\u0131 a\u00e7\u0131klanan Parti Meclisi toplant\u0131s\u0131n\u0131n yap\u0131lmayaca\u011f\u0131n\u0131 ve ileri<\/p>\n","protected":false},"author":1,"featured_media":63960,"comment_status":"open","ping_status":"open","sticky":false,"template":"","format":"standard","meta":{"footnotes":""},"categories":[81,101],"tags":[],"class_list":["post-74357","post","type-post","status-publish","format-standard","has-post-thumbnail","hentry","category-kibris","category-manset"],"yoast_head":"<!-- This site is optimized with the Yoast SEO plugin v27.5 - https:\/\/yoast.com\/product\/yoast-seo-wordpress\/ -->\n<title>Hasan Ta\u00e7oy: \u201cAr\u0131kl\u0131 h\u00fck\u00fcmetten \u00e7ekilmezse kendisine yaz\u0131k eder\u201d -<\/title>\n<meta name=\"robots\" content=\"index, follow, max-snippet:-1, max-image-preview:large, max-video-preview:-1\" \/>\n<link rel=\"canonical\" href=\"https:\/\/kibrisdakik.com\/?p=74357\" \/>\n<meta property=\"og:locale\" content=\"tr_TR\" \/>\n<meta property=\"og:type\" content=\"article\" \/>\n<meta property=\"og:title\" content=\"Hasan Ta\u00e7oy: \u201cAr\u0131kl\u0131 h\u00fck\u00fcmetten \u00e7ekilmezse kendisine yaz\u0131k eder\u201d -\" \/>\n<meta property=\"og:description\" content=\"Ulusal Birlik Partisi Milletvekili Hasan Ta\u00e7oy, \u201cYDP Genel Ba\u015fkan\u0131 Erhan Ar\u0131kl\u0131\u2019n\u0131n muhatab\u0131n\u0131n h\u00fck\u00fcmet ortaklar\u0131, milletvekillerinin t\u00fcm\u00fc\u201d oldu\u011funu ifade ederek, Ar\u0131kl\u0131\u2019ya, \u201cBenim g\u00fcvenoyumla benim \u00fczerimden siyaset yapamazs\u0131n. T\u00fcm s\u00f6ylediklerinden sonra h\u00fck\u00fcmetten \u00e7ekilmezse kendisine yaz\u0131k eder\u201d dedi. Ta\u00e7oy yaz\u0131l\u0131 a\u00e7\u0131klamas\u0131nda, d\u00fcn \u00f6\u011fle saatlerinde yapt\u0131\u011f\u0131 a\u00e7\u0131klamada, Yeniden Do\u011fu\u015f Partisi\u2019nin bug\u00fcn yap\u0131laca\u011f\u0131 a\u00e7\u0131klanan Parti Meclisi toplant\u0131s\u0131n\u0131n yap\u0131lmayaca\u011f\u0131n\u0131 ve ileri\" \/>\n<meta property=\"og:url\" content=\"https:\/\/kibrisdakik.com\/?p=74357\" \/>\n<meta property=\"article:published_time\" content=\"2025-01-25T13:47:36+00:00\" \/>\n<meta property=\"og:image\" content=\"https:\/\/kibrisdakik.com\/wp-content\/uploads\/2024\/09\/hasan-tacoy2142-729x420.jpg\" \/>\n\t<meta property=\"og:image:width\" content=\"729\" \/>\n\t<meta property=\"og:image:height\" content=\"486\" \/>\n\t<meta property=\"og:image:type\" content=\"image\/jpeg\" \/>\n<meta name=\"author\" content=\"admin\" \/>\n<meta name=\"twitter:card\" content=\"summary_large_image\" \/>\n<meta name=\"twitter:label1\" content=\"Yazan:\" \/>\n\t<meta name=\"twitter:data1\" content=\"admin\" \/>\n\t<meta name=\"twitter:label2\" content=\"Tahmini okuma s\u00fcresi\" \/>\n\t<meta name=\"twitter:data2\" content=\"2 dakika\" \/>\n<script type=\"application\/ld+json\" class=\"yoast-schema-graph\">{\"@context\":\"https:\\\/\\\/schema.org\",\"@graph\":[{\"@type\":\"Article\",\"@id\":\"https:\\\/\\\/kibrisdakik.com\\\/?p=74357#article\",\"isPartOf\":{\"@id\":\"https:\\\/\\\/kibrisdakik.com\\\/?p=74357\"},\"author\":{\"name\":\"admin\",\"@id\":\"https:\\\/\\\/kibrisdakik.com\\\/#\\\/schema\\\/person\\\/9cd9d437bbb44f72b73ba127e06d8e79\"},\"headline\":\"Hasan Ta\u00e7oy: \u201cAr\u0131kl\u0131 h\u00fck\u00fcmetten \u00e7ekilmezse kendisine yaz\u0131k eder\u201d\",\"datePublished\":\"2025-01-25T13:47:36+00:00\",\"mainEntityOfPage\":{\"@id\":\"https:\\\/\\\/kibrisdakik.com\\\/?p=74357\"},\"wordCount\":439,\"commentCount\":0,\"image\":{\"@id\":\"https:\\\/\\\/kibrisdakik.com\\\/?p=74357#primaryimage\"},\"thumbnailUrl\":\"https:\\\/\\\/kibrisdakik.com\\\/wp-content\\\/uploads\\\/2024\\\/09\\\/hasan-tacoy2142-729x420.jpg\",\"articleSection\":[\"K\u0131br\u0131s\",\"Man\u015fet\"],\"inLanguage\":\"tr\",\"potentialAction\":[{\"@type\":\"CommentAction\",\"name\":\"Comment\",\"target\":[\"https:\\\/\\\/kibrisdakik.com\\\/?p=74357#respond\"]}]},{\"@type\":\"WebPage\",\"@id\":\"https:\\\/\\\/kibrisdakik.com\\\/?p=74357\",\"url\":\"https:\\\/\\\/kibrisdakik.com\\\/?p=74357\",\"name\":\"Hasan Ta\u00e7oy: \u201cAr\u0131kl\u0131 h\u00fck\u00fcmetten \u00e7ekilmezse kendisine yaz\u0131k eder\u201d -\",\"isPartOf\":{\"@id\":\"https:\\\/\\\/kibrisdakik.com\\\/#website\"},\"primaryImageOfPage\":{\"@id\":\"https:\\\/\\\/kibrisdakik.com\\\/?p=74357#primaryimage\"},\"image\":{\"@id\":\"https:\\\/\\\/kibrisdakik.com\\\/?p=74357#primaryimage\"},\"thumbnailUrl\":\"https:\\\/\\\/kibrisdakik.com\\\/wp-content\\\/uploads\\\/2024\\\/09\\\/hasan-tacoy2142-729x420.jpg\",\"datePublished\":\"2025-01-25T13:47:36+00:00\",\"author\":{\"@id\":\"https:\\\/\\\/kibrisdakik.com\\\/#\\\/schema\\\/person\\\/9cd9d437bbb44f72b73ba127e06d8e79\"},\"breadcrumb\":{\"@id\":\"https:\\\/\\\/kibrisdakik.com\\\/?p=74357#breadcrumb\"},\"inLanguage\":\"tr\",\"potentialAction\":[{\"@type\":\"ReadAction\",\"target\":[\"https:\\\/\\\/kibrisdakik.com\\\/?p=74357\"]}]},{\"@type\":\"ImageObject\",\"inLanguage\":\"tr\",\"@id\":\"https:\\\/\\\/kibrisdakik.com\\\/?p=74357#primaryimage\",\"url\":\"https:\\\/\\\/kibrisdakik.com\\\/wp-content\\\/uploads\\\/2024\\\/09\\\/hasan-tacoy2142-729x420.jpg\",\"contentUrl\":\"https:\\\/\\\/kibrisdakik.com\\\/wp-content\\\/uploads\\\/2024\\\/09\\\/hasan-tacoy2142-729x420.jpg\",\"width\":729,\"height\":486},{\"@type\":\"BreadcrumbList\",\"@id\":\"https:\\\/\\\/kibrisdakik.com\\\/?p=74357#breadcrumb\",\"itemListElement\":[{\"@type\":\"ListItem\",\"position\":1,\"name\":\"Home\",\"item\":\"https:\\\/\\\/kibrisdakik.com\\\/\"},{\"@type\":\"ListItem\",\"position\":2,\"name\":\"Hasan Ta\u00e7oy: \u201cAr\u0131kl\u0131 h\u00fck\u00fcmetten \u00e7ekilmezse kendisine yaz\u0131k eder\u201d\"}]},{\"@type\":\"WebSite\",\"@id\":\"https:\\\/\\\/kibrisdakik.com\\\/#website\",\"url\":\"https:\\\/\\\/kibrisdakik.com\\\/\",\"name\":\"\",\"description\":\"Tam vaktinde haber\",\"potentialAction\":[{\"@type\":\"SearchAction\",\"target\":{\"@type\":\"EntryPoint\",\"urlTemplate\":\"https:\\\/\\\/kibrisdakik.com\\\/?s={search_term_string}\"},\"query-input\":{\"@type\":\"PropertyValueSpecification\",\"valueRequired\":true,\"valueName\":\"search_term_string\"}}],\"inLanguage\":\"tr\"},{\"@type\":\"Person\",\"@id\":\"https:\\\/\\\/kibrisdakik.com\\\/#\\\/schema\\\/person\\\/9cd9d437bbb44f72b73ba127e06d8e79\",\"name\":\"admin\",\"image\":{\"@type\":\"ImageObject\",\"inLanguage\":\"tr\",\"@id\":\"https:\\\/\\\/secure.gravatar.com\\\/avatar\\\/ccc17943b9d660506c869530f897617f7cb1c21a4bf30023f252596d83e1f007?s=96&d=mm&r=g\",\"url\":\"https:\\\/\\\/secure.gravatar.com\\\/avatar\\\/ccc17943b9d660506c869530f897617f7cb1c21a4bf30023f252596d83e1f007?s=96&d=mm&r=g\",\"contentUrl\":\"https:\\\/\\\/secure.gravatar.com\\\/avatar\\\/ccc17943b9d660506c869530f897617f7cb1c21a4bf30023f252596d83e1f007?s=96&d=mm&r=g\",\"caption\":\"admin\"},\"sameAs\":[\"https:\\\/\\\/kibrisdakik.com\"],\"url\":\"https:\\\/\\\/kibrisdakik.com\\\/?author=1\"}]}<\/script>\n<!-- \/ Yoast SEO plugin. -->","yoast_head_json":{"title":"Hasan Ta\u00e7oy: \u201cAr\u0131kl\u0131 h\u00fck\u00fcmetten \u00e7ekilmezse kendisine yaz\u0131k eder\u201d -","robots":{"index":"index","follow":"follow","max-snippet":"max-snippet:-1","max-image-preview":"max-image-preview:large","max-video-preview":"max-video-preview:-1"},"canonical":"https:\/\/kibrisdakik.com\/?p=74357","og_locale":"tr_TR","og_type":"article","og_title":"Hasan Ta\u00e7oy: \u201cAr\u0131kl\u0131 h\u00fck\u00fcmetten \u00e7ekilmezse kendisine yaz\u0131k eder\u201d -","og_description":"Ulusal Birlik Partisi Milletvekili Hasan Ta\u00e7oy, \u201cYDP Genel Ba\u015fkan\u0131 Erhan Ar\u0131kl\u0131\u2019n\u0131n muhatab\u0131n\u0131n h\u00fck\u00fcmet ortaklar\u0131, milletvekillerinin t\u00fcm\u00fc\u201d oldu\u011funu ifade ederek, Ar\u0131kl\u0131\u2019ya, \u201cBenim g\u00fcvenoyumla benim \u00fczerimden siyaset yapamazs\u0131n. T\u00fcm s\u00f6ylediklerinden sonra h\u00fck\u00fcmetten \u00e7ekilmezse kendisine yaz\u0131k eder\u201d dedi. Ta\u00e7oy yaz\u0131l\u0131 a\u00e7\u0131klamas\u0131nda, d\u00fcn \u00f6\u011fle saatlerinde yapt\u0131\u011f\u0131 a\u00e7\u0131klamada, Yeniden Do\u011fu\u015f Partisi\u2019nin bug\u00fcn yap\u0131laca\u011f\u0131 a\u00e7\u0131klanan Parti Meclisi toplant\u0131s\u0131n\u0131n yap\u0131lmayaca\u011f\u0131n\u0131 ve ileri","og_url":"https:\/\/kibrisdakik.com\/?p=74357","article_published_time":"2025-01-25T13:47:36+00:00","og_image":[{"width":729,"height":486,"url":"https:\/\/kibrisdakik.com\/wp-content\/uploads\/2024\/09\/hasan-tacoy2142-729x420.jpg","type":"image\/jpeg"}],"author":"admin","twitter_card":"summary_large_image","twitter_misc":{"Yazan:":"admin","Tahmini okuma s\u00fcresi":"2 dakika"},"schema":{"@context":"https:\/\/schema.org","@graph":[{"@type":"Article","@id":"https:\/\/kibrisdakik.com\/?p=74357#article","isPartOf":{"@id":"https:\/\/kibrisdakik.com\/?p=74357"},"author":{"name":"admin","@id":"https:\/\/kibrisdakik.com\/#\/schema\/person\/9cd9d437bbb44f72b73ba127e06d8e79"},"headline":"Hasan Ta\u00e7oy: \u201cAr\u0131kl\u0131 h\u00fck\u00fcmetten \u00e7ekilmezse kendisine yaz\u0131k eder\u201d","datePublished":"2025-01-25T13:47:36+00:00","mainEntityOfPage":{"@id":"https:\/\/kibrisdakik.com\/?p=74357"},"wordCount":439,"commentCount":0,"image":{"@id":"https:\/\/kibrisdakik.com\/?p=74357#primaryimage"},"thumbnailUrl":"https:\/\/kibrisdakik.com\/wp-content\/uploads\/2024\/09\/hasan-tacoy2142-729x420.jpg","articleSection":["K\u0131br\u0131s","Man\u015fet"],"inLanguage":"tr","potentialAction":[{"@type":"CommentAction","name":"Comment","target":["https:\/\/kibrisdakik.com\/?p=74357#respond"]}]},{"@type":"WebPage","@id":"https:\/\/kibrisdakik.com\/?p=74357","url":"https:\/\/kibrisdakik.com\/?p=74357","name":"Hasan Ta\u00e7oy: \u201cAr\u0131kl\u0131 h\u00fck\u00fcmetten \u00e7ekilmezse kendisine yaz\u0131k eder\u201d -","isPartOf":{"@id":"https:\/\/kibrisdakik.com\/#website"},"primaryImageOfPage":{"@id":"https:\/\/kibrisdakik.com\/?p=74357#primaryimage"},"image":{"@id":"https:\/\/kibrisdakik.com\/?p=74357#primaryimage"},"thumbnailUrl":"https:\/\/kibrisdakik.com\/wp-content\/uploads\/2024\/09\/hasan-tacoy2142-729x420.jpg","datePublished":"2025-01-25T13:47:36+00:00","author":{"@id":"https:\/\/kibrisdakik.com\/#\/schema\/person\/9cd9d437bbb44f72b73ba127e06d8e79"},"breadcrumb":{"@id":"https:\/\/kibrisdakik.com\/?p=74357#breadcrumb"},"inLanguage":"tr","potentialAction":[{"@type":"ReadAction","target":["https:\/\/kibrisdakik.com\/?p=74357"]}]},{"@type":"ImageObject","inLanguage":"tr","@id":"https:\/\/kibrisdakik.com\/?p=74357#primaryimage","url":"https:\/\/kibrisdakik.com\/wp-content\/uploads\/2024\/09\/hasan-tacoy2142-729x420.jpg","contentUrl":"https:\/\/kibrisdakik.com\/wp-content\/uploads\/2024\/09\/hasan-tacoy2142-729x420.jpg","width":729,"height":486},{"@type":"BreadcrumbList","@id":"https:\/\/kibrisdakik.com\/?p=74357#breadcrumb","itemListElement":[{"@type":"ListItem","position":1,"name":"Home","item":"https:\/\/kibrisdakik.com\/"},{"@type":"ListItem","position":2,"name":"Hasan Ta\u00e7oy: \u201cAr\u0131kl\u0131 h\u00fck\u00fcmetten \u00e7ekilmezse kendisine yaz\u0131k eder\u201d"}]},{"@type":"WebSite","@id":"https:\/\/kibrisdakik.com\/#website","url":"https:\/\/kibrisdakik.com\/","name":"","description":"Tam vaktinde haber","potentialAction":[{"@type":"SearchAction","target":{"@type":"EntryPoint","urlTemplate":"https:\/\/kibrisdakik.com\/?s={search_term_string}"},"query-input":{"@type":"PropertyValueSpecification","valueRequired":true,"valueName":"search_term_string"}}],"inLanguage":"tr"},{"@type":"Person","@id":"https:\/\/kibrisdakik.com\/#\/schema\/person\/9cd9d437bbb44f72b73ba127e06d8e79","name":"admin","image":{"@type":"ImageObject","inLanguage":"tr","@id":"https:\/\/secure.gravatar.com\/avatar\/ccc17943b9d660506c869530f897617f7cb1c21a4bf30023f252596d83e1f007?s=96&d=mm&r=g","url":"https:\/\/secure.gravatar.com\/avatar\/ccc17943b9d660506c869530f897617f7cb1c21a4bf30023f252596d83e1f007?s=96&d=mm&r=g","contentUrl":"https:\/\/secure.gravatar.com\/avatar\/ccc17943b9d660506c869530f897617f7cb1c21a4bf30023f252596d83e1f007?s=96&d=mm&r=g","caption":"admin"},"sameAs":["https:\/\/kibrisdakik.com"],"url":"https:\/\/kibrisdakik.com\/?author=1"}]}},"_links":{"self":[{"href":"https:\/\/kibrisdakik.com\/index.php?rest_route=\/wp\/v2\/posts\/74357","targetHints":{"allow":["GET"]}}],"collection":[{"href":"https:\/\/kibrisdakik.com\/index.php?rest_route=\/wp\/v2\/posts"}],"about":[{"href":"https:\/\/kibrisdakik.com\/index.php?rest_route=\/wp\/v2\/types\/post"}],"author":[{"embeddable":true,"href":"https:\/\/kibrisdakik.com\/index.php?rest_route=\/wp\/v2\/users\/1"}],"replies":[{"embeddable":true,"href":"https:\/\/kibrisdakik.com\/index.php?rest_route=%2Fwp%2Fv2%2Fcomments&post=74357"}],"version-history":[{"count":0,"href":"https:\/\/kibrisdakik.com\/index.php?rest_route=\/wp\/v2\/posts\/74357\/revisions"}],"wp:featuredmedia":[{"embeddable":true,"href":"https:\/\/kibrisdakik.com\/index.php?rest_route=\/wp\/v2\/media\/63960"}],"wp:attachment":[{"href":"https:\/\/kibrisdakik.com\/index.php?rest_route=%2Fwp%2Fv2%2Fmedia&parent=74357"}],"wp:term":[{"taxonomy":"category","embeddable":true,"href":"https:\/\/kibrisdakik.com\/index.php?rest_route=%2Fwp%2Fv2%2Fcategories&post=74357"},{"taxonomy":"post_tag","embeddable":true,"href":"https:\/\/kibrisdakik.com\/index.php?rest_route=%2Fwp%2Fv2%2Ftags&post=74357"}],"curies":[{"name":"wp","href":"https:\/\/api.w.org\/{rel}","templated":true}]}}