{"id":7437,"date":"2023-05-23T06:29:23","date_gmt":"2023-05-23T06:29:23","guid":{"rendered":"https:\/\/kibrisdakik.com\/index.php\/2023\/05\/23\/cumhurbaskani-tatar-kibris-tarihte-hicbir-zaman-helen-adasi-olmadi\/"},"modified":"2023-05-23T06:29:23","modified_gmt":"2023-05-23T06:29:23","slug":"cumhurbaskani-tatar-kibris-tarihte-hicbir-zaman-helen-adasi-olmadi","status":"publish","type":"post","link":"https:\/\/kibrisdakik.com\/?p=7437","title":{"rendered":"Cumhurba\u015fkan\u0131 Tatar: K\u0131br\u0131s tarihte hi\u00e7bir zaman Helen Adas\u0131 olmad\u0131"},"content":{"rendered":"<p><\/p>\n<div>\n<div class=\"mariselle-image-container center\">\n                <img width=\"1024\" height=\"682\" class=\"lazy-image\" alt=\"\" decoding=\"async\" loading=\"lazy\" sizes=\"auto, (max-width: 1024px) 100vw, 1024px\" src=\"https:\/\/brtk.net\/wp-content\/uploads\/2023\/05\/23\/Ozel-Kuvvet-Gorev-Komutanligi-14.jpg?ver=a965e082422f0aa84c77e0c2ca764566\" srcset=\"https:\/\/brtk.net\/wp-content\/uploads\/2023\/05\/23\/Ozel-Kuvvet-Gorev-Komutanligi-14.jpg?ver=a965e082422f0aa84c77e0c2ca764566 1024w, https:\/\/brtk.net\/wp-content\/uploads\/2023\/05\/23\/Ozel-Kuvvet-Gorev-Komutanligi-14-300x200.jpg?ver=d6cb58369d503e9fef3c214e96ed79be 300w, https:\/\/brtk.net\/wp-content\/uploads\/2023\/05\/23\/Ozel-Kuvvet-Gorev-Komutanligi-14-768x512.jpg?ver=d6cb58369d503e9fef3c214e96ed79be 768w\"\/>                            <\/div>\n<p>\nCumhurba\u015fkan\u0131 <a href=\"https:\/\/brtk.net\/\" target=\"_blank\" rel=\"noopener\">Ersin <\/a><a href=\"https:\/\/brtk.net\/\"\/><a href=\"https:\/\/brtk.net\/\"\/><a href=\"https:\/\/brtk.net\/\"\/><a href=\"https:\/\/brtk.net\/\"\/><a href=\"https:\/\/brtk.net\/\"\/><a href=\"https:\/\/brtk.net\/\"\/><a href=\"https:\/\/brtk.net\/\"\/><a href=\"https:\/\/brtk.net\/\"\/><a href=\"https:\/\/brtk.net\/\"\/><a href=\"https:\/\/brtk.net\/\"\/><a href=\"https:\/\/brtk.net\/\">Tatar<\/a>, \u00d6zel Kuvvet G\u00f6rev Komutanl\u0131\u011f\u0131\u2019nda \u201cK\u0131br\u0131s T\u00fcrk Tarihi ve egemen e\u015fit iki devlet\u201d konulu bir konu\u015fma yapt\u0131.<\/p>\n<p>Cumhurba\u015fkan\u0131 <a href=\"https:\/\/brtk.net\/\"\/><a href=\"https:\/\/brtk.net\/\"\/><a href=\"https:\/\/brtk.net\/\"\/><a href=\"https:\/\/brtk.net\/\"\/><a href=\"https:\/\/brtk.net\/\"\/><a href=\"https:\/\/brtk.net\/\"\/><a href=\"https:\/\/brtk.net\/\"\/><a href=\"https:\/\/brtk.net\/\"\/><a href=\"https:\/\/brtk.net\/\"\/><a href=\"https:\/\/brtk.net\/\"\/><a href=\"https:\/\/brtk.net\/\">Tatar<\/a>, G\u00fcvenlik Kuvvetleri Komutanl\u0131\u011f\u0131\u2019n\u0131n 1974 Mutlu Bar\u0131\u015f Harekat\u0131 sonras\u0131 K\u0131br\u0131s T\u00fcrk Halk\u0131n\u0131n olu\u015fturdu\u011fu d\u00fczenli ordusu oldu\u011funa dikkat \u00e7ekerek, \u201cG\u00fcvenlik Kuvvetleri Komutanl\u0131\u011f\u0131 kurulana kadar b\u00fcy\u00fck m\u00fccadeleler verildi. T\u00fcrk Mukavemet Te\u015fkilat\u0131 mensuplar\u0131 ve T\u00fcrkiye\u2019den adaya silah getiren bereket\u00e7iler, b\u00fcy\u00fck zorluklara hayatlar\u0131n\u0131 adayarak, K\u0131br\u0131s T\u00fcrk Halk\u0131na hizmet verdi\u201d dedi.<\/p>\n<p>Osmanl\u0131 \u0130mpratorlu\u011fu\u2019nun binlerce \u015fehit vererek Venediklilerden K\u0131br\u0131s adas\u0131n\u0131 ald\u0131\u011f\u0131n\u0131 hat\u0131rlatan Cumhurba\u015fkan\u0131 <a href=\"https:\/\/brtk.net\/\"\/><a href=\"https:\/\/brtk.net\/\"\/><a href=\"https:\/\/brtk.net\/\"\/><a href=\"https:\/\/brtk.net\/\"\/><a href=\"https:\/\/brtk.net\/\"\/><a href=\"https:\/\/brtk.net\/\"\/><a href=\"https:\/\/brtk.net\/\"\/><a href=\"https:\/\/brtk.net\/\"\/><a href=\"https:\/\/brtk.net\/\"\/><a href=\"https:\/\/brtk.net\/\"\/><a href=\"https:\/\/brtk.net\/\">Tatar<\/a>, Osmanl\u0131 \u0130mparatorlu\u011fu\u2019nun 1571-1978 aras\u0131 357 y\u0131l boyunca K\u0131br\u0131s\u2019\u0131 y\u00f6netti\u011fini ancak tarihin hi\u00e7bir d\u00f6neminde K\u0131br\u0131s\u2019\u0131 Rum-Yunan ikilisinin y\u00f6netemedi\u011fini ve K\u0131br\u0131s\u2019\u0131n Helen adas\u0131 olmad\u0131\u011f\u0131n\u0131 vurgulad\u0131.<\/p>\n<p>Cumhurba\u015fkan\u0131 <a href=\"https:\/\/brtk.net\/\"\/><a href=\"https:\/\/brtk.net\/\"\/><a href=\"https:\/\/brtk.net\/\"\/><a href=\"https:\/\/brtk.net\/\"\/><a href=\"https:\/\/brtk.net\/\"\/><a href=\"https:\/\/brtk.net\/\"\/><a href=\"https:\/\/brtk.net\/\"\/><a href=\"https:\/\/brtk.net\/\"\/><a href=\"https:\/\/brtk.net\/\"\/><a href=\"https:\/\/brtk.net\/\"\/><a href=\"https:\/\/brtk.net\/\">Tatar<\/a>, \u0130ngiltere M\u00fcstemlekelerden Sorumlu Bakan\u0131 Winston Churchill\u2019in yapt\u0131\u011f\u0131 bir konu\u015fmada, aday\u0131 Osmanl\u0131dan kiralad\u0131klar\u0131n\u0131 ve \u00e7ekilmeleri durumunda Osmanl\u0131 \u0130mparatorlu\u011fu\u2019na geri verece\u011fi y\u00f6n\u00fcnde a\u00e7\u0131klamalar\u0131n\u0131n tutanaklarda yazd\u0131\u011f\u0131n\u0131 kaydetti. <\/p>\n<p>\u0130ngiltere\u2019nin 1914 y\u0131l\u0131nda aday\u0131 y\u00f6netimine ald\u0131\u011f\u0131n\u0131 ve 1923 y\u0131l\u0131nda Lozan Anla\u015fmas\u0131yla egemenli\u011fine ge\u00e7irdi\u011fine i\u015faret eden Cumhurba\u015fkan\u0131 <a href=\"https:\/\/brtk.net\/\"\/><a href=\"https:\/\/brtk.net\/\"\/><a href=\"https:\/\/brtk.net\/\"\/><a href=\"https:\/\/brtk.net\/\"\/><a href=\"https:\/\/brtk.net\/\"\/><a href=\"https:\/\/brtk.net\/\"\/><a href=\"https:\/\/brtk.net\/\"\/><a href=\"https:\/\/brtk.net\/\"\/><a href=\"https:\/\/brtk.net\/\"\/><a href=\"https:\/\/brtk.net\/\"\/><a href=\"https:\/\/brtk.net\/\">Tatar<\/a>, \u201cK\u0131br\u0131s, 1923-1960 y\u0131llar\u0131 aras\u0131nda 37 sene \u0130ngiltere egemenli\u011finde kald\u0131. K\u0131br\u0131s\u2019\u0131 her zaman yurdumuz olarak g\u00f6rd\u00fck ve Megalo \u0130dea\u2019ya kar\u015f\u0131 m\u00fccadele verdik. K\u0131br\u0131s en \u00e7ok Osmanl\u0131 \u0130mparatorlu\u011fu y\u00f6netiminde kald\u0131\u201d ifadelerini kulland\u0131.<\/p>\n<p>K\u0131br\u0131s\u2019\u0131n \u0130ngilizlere kiralana dek T\u00fcrk ve Rum n\u00fcfusunun aras\u0131nda b\u00fcy\u00fck fark olmad\u0131\u011f\u0131n\u0131 aktaran Cumhurba\u015fkan\u0131 <a href=\"https:\/\/brtk.net\/\"\/><a href=\"https:\/\/brtk.net\/\"\/><a href=\"https:\/\/brtk.net\/\"\/><a href=\"https:\/\/brtk.net\/\"\/><a href=\"https:\/\/brtk.net\/\"\/><a href=\"https:\/\/brtk.net\/\"\/><a href=\"https:\/\/brtk.net\/\"\/><a href=\"https:\/\/brtk.net\/\"\/><a href=\"https:\/\/brtk.net\/\"\/><a href=\"https:\/\/brtk.net\/\"\/><a href=\"https:\/\/brtk.net\/\">Tatar<\/a>, \u201c1978\u2019de 100 bin olmayan Rum n\u00fcfusu 1960\u2019ta 400 bine y\u00fckseldi. \u00c7ok say\u0131da K\u0131br\u0131sl\u0131 T\u00fcrk Anadolu\u2019ya g\u00f6\u00e7 etti.<br \/>N\u00fcfus fark\u0131n\u0131 m\u00fczakerelerde aleyhimize kullanmaya \u00e7al\u0131\u015f\u0131rlar ancak 1960 anla\u015fmas\u0131ndan dolay\u0131 K\u0131br\u0131s\u2019ta egemenlik haklar\u0131m\u0131z var\u201d diye konu\u015ftu.<\/p>\n<p>Egemenli\u011fin sadece toprak \u00fczerinde de\u011fil, ayn\u0131 zamanda denizlerde de oldu\u011funu dile getiren Cumhurba\u015fkan\u0131 <a href=\"https:\/\/brtk.net\/\"\/><a href=\"https:\/\/brtk.net\/\"\/><a href=\"https:\/\/brtk.net\/\"\/><a href=\"https:\/\/brtk.net\/\"\/><a href=\"https:\/\/brtk.net\/\"\/><a href=\"https:\/\/brtk.net\/\"\/><a href=\"https:\/\/brtk.net\/\"\/><a href=\"https:\/\/brtk.net\/\"\/><a href=\"https:\/\/brtk.net\/\"\/><a href=\"https:\/\/brtk.net\/\"\/><a href=\"https:\/\/brtk.net\/\">Tatar<\/a>, \u201cDeniz alt\u0131ndaki kaynaklar kullan\u0131labilir. \u00dclke olarak daha k\u00fc\u00e7\u00fck olan ancak denizde egemenlik \u00fcst\u00fcnl\u00fc\u011f\u00fcn\u00fc ele ge\u00e7irmek isteyen Yunanistan, T\u00fcrkiye\u2019den daha fazla alana sahip olmak istiyor\u201d diye konu\u015ftu.<\/p>\n<p>K\u0131br\u0131s ve Girit \u00fczerinden Yunanistan\u2019a ula\u015ft\u0131r\u0131lmak istenen \u201cEastmed Boru Hatt\u0131\u201d \u00fczerinde T\u00fcrkiye ile Libya\u2019n\u0131n anla\u015fmas\u0131 oldu\u011funa dikkat \u00e7eken Cumhurba\u015fkan\u0131 <a href=\"https:\/\/brtk.net\/\"\/><a href=\"https:\/\/brtk.net\/\"\/><a href=\"https:\/\/brtk.net\/\"\/><a href=\"https:\/\/brtk.net\/\"\/><a href=\"https:\/\/brtk.net\/\"\/><a href=\"https:\/\/brtk.net\/\"\/><a href=\"https:\/\/brtk.net\/\"\/><a href=\"https:\/\/brtk.net\/\"\/><a href=\"https:\/\/brtk.net\/\"\/><a href=\"https:\/\/brtk.net\/\"\/><a href=\"https:\/\/brtk.net\/\">Tatar<\/a>, projeyi \u00fcstlenen \u015firketin T\u00fcrkiye\u2019den de izin al\u0131nmas\u0131 gerekti\u011fine y\u00f6nelik a\u00e7\u0131klama yapt\u0131\u011f\u0131n\u0131 vurgulad\u0131.<\/p>\n<p>T\u00fcrkiye \u00fczerinden yap\u0131lacak enterkonnekte sistemle enerji sorununu \u00e7\u00f6zmek istediklerini ancak Rum-Yunan ikilisinin K\u0131br\u0131s T\u00fcrk Halk\u0131n\u0131n egemenli\u011fini tan\u0131mak istemedi\u011finden bu teklife yana\u015fmad\u0131\u011f\u0131n\u0131 dile getiren Cumhurba\u015fkan\u0131 <a href=\"https:\/\/brtk.net\/\"\/><a href=\"https:\/\/brtk.net\/\"\/><a href=\"https:\/\/brtk.net\/\"\/><a href=\"https:\/\/brtk.net\/\"\/><a href=\"https:\/\/brtk.net\/\"\/><a href=\"https:\/\/brtk.net\/\"\/><a href=\"https:\/\/brtk.net\/\"\/><a href=\"https:\/\/brtk.net\/\"\/><a href=\"https:\/\/brtk.net\/\"\/><a href=\"https:\/\/brtk.net\/\"\/><a href=\"https:\/\/brtk.net\/\">Tatar<\/a>, \u201c\u0130ki devlet aras\u0131nda i\u015fbirli\u011fi yap\u0131labilir. G\u00fcney ile Kuzey aras\u0131nda olan enterkonnekte sistemini T\u00fcrkiye ile ba\u011flayabiliriz. G\u00fcne\u015f enerjisi ile \u00fcretilen elektri\u011fi de b\u00f6ylece sisteme verebiliriz\u201d dedi. <\/p>\n<p>K\u0131br\u0131s\u2019\u0131n tek tarafl\u0131 Avrupa Birli\u011fi\u2019nde al\u0131nmas\u0131 sonras\u0131nda federasyon temelinde \u00e7\u00f6z\u00fcm\u00fcn tehlikelerinden bahseden Cumhurba\u015fkan\u0131 <a href=\"https:\/\/brtk.net\/\"\/><a href=\"https:\/\/brtk.net\/\"\/><a href=\"https:\/\/brtk.net\/\"\/><a href=\"https:\/\/brtk.net\/\"\/><a href=\"https:\/\/brtk.net\/\"\/><a href=\"https:\/\/brtk.net\/\"\/><a href=\"https:\/\/brtk.net\/\"\/><a href=\"https:\/\/brtk.net\/\"\/><a href=\"https:\/\/brtk.net\/\"\/><a href=\"https:\/\/brtk.net\/\"\/><a href=\"https:\/\/brtk.net\/\">Tatar<\/a>, \u201c\u00c7o\u011funlu\u011fun az\u0131nl\u0131\u011f\u0131 y\u00f6netece\u011fi bir model ile Avrupa Birli\u011fi\u2019nde s\u0131f\u0131r asker ve s\u0131f\u0131r garant\u00f6r ile T\u00fcrkiye\u2019nin K\u0131br\u0131s\u2019ta ve Do\u011fu Akdeniz\u2019de egemenli\u011fini ortadan kald\u0131rmak istiyorlar. Atat\u00fcrk, \u2018K\u0131br\u0131s\u2019a dikkat edin, d\u00fc\u015fman eline ge\u00e7erse ikmal yollar\u0131 kapan\u0131r\u2019 dedi. Stratejik anlamda K\u0131br\u0131s \u00e7ok \u00f6nemlidir, bu nedenle iki e\u015fit ayr\u0131 egemen devleti savunuyoruz\u201d ifadelerini kulland\u0131.<\/p>\n<p>1960 anla\u015fmalar\u0131na g\u00f6re K\u0131br\u0131sl\u0131 Rumlar ne kadar e\u015fitse K\u0131br\u0131sl\u0131 T\u00fcrkleri\u2019nde o kadar e\u015fit oldu\u011funa vurgu yapan Cumhurba\u015fkan\u0131 <a href=\"https:\/\/brtk.net\/\"\/><a href=\"https:\/\/brtk.net\/\"\/><a href=\"https:\/\/brtk.net\/\"\/><a href=\"https:\/\/brtk.net\/\"\/><a href=\"https:\/\/brtk.net\/\"\/><a href=\"https:\/\/brtk.net\/\"\/><a href=\"https:\/\/brtk.net\/\"\/><a href=\"https:\/\/brtk.net\/\"\/><a href=\"https:\/\/brtk.net\/\"\/><a href=\"https:\/\/brtk.net\/\"\/><a href=\"https:\/\/brtk.net\/\">Tatar<\/a>, \u201cEgemenlik olamadan yap\u0131lan anla\u015fma, buz \u00fcst\u00fcne yaz\u0131lan yaz\u0131ya benzer. Zamanla yok olup gideriz\u201d diye konu\u015ftu.<\/p>\n<div class=\"mariselle-image-container center\">\n                <img width=\"1014\" height=\"493\" class=\"lazy-image\" alt=\"\" decoding=\"async\" loading=\"lazy\" sizes=\"auto, (max-width: 1014px) 100vw, 1014px\" src=\"https:\/\/brtk.net\/wp-content\/uploads\/2023\/05\/23\/Ozel-Kuvvet-Gorev-Komutanligi-10.jpg?ver=f079d1a83e05a7d2fa286851d49323b3\" srcset=\"https:\/\/brtk.net\/wp-content\/uploads\/2023\/05\/23\/Ozel-Kuvvet-Gorev-Komutanligi-10.jpg?ver=f079d1a83e05a7d2fa286851d49323b3 1014w, https:\/\/brtk.net\/wp-content\/uploads\/2023\/05\/23\/Ozel-Kuvvet-Gorev-Komutanligi-10-300x146.jpg?ver=f079d1a83e05a7d2fa286851d49323b3 300w, https:\/\/brtk.net\/wp-content\/uploads\/2023\/05\/23\/Ozel-Kuvvet-Gorev-Komutanligi-10-768x373.jpg?ver=f079d1a83e05a7d2fa286851d49323b3 768w\"\/>                            <\/div>\n<p>K\u0131br\u0131s sorununu 3 ayda \u00e7\u00f6zece\u011fini iddia edenlerin Rumlar\u2019\u0131n uzla\u015fmaya yana\u015fmamas\u0131 nedeniyle sonu\u00e7 alamad\u0131\u011f\u0131n\u0131 anlatan Cumhurba\u015fkan\u0131 <a href=\"https:\/\/brtk.net\/\"\/><a href=\"https:\/\/brtk.net\/\"\/><a href=\"https:\/\/brtk.net\/\"\/><a href=\"https:\/\/brtk.net\/\"\/><a href=\"https:\/\/brtk.net\/\"\/><a href=\"https:\/\/brtk.net\/\"\/><a href=\"https:\/\/brtk.net\/\"\/><a href=\"https:\/\/brtk.net\/\"\/><a href=\"https:\/\/brtk.net\/\"\/><a href=\"https:\/\/brtk.net\/\"\/><a href=\"https:\/\/brtk.net\/\">Tatar<\/a>, konu\u015fmas\u0131na \u015f\u00f6yle devam etti:<\/p>\n<p>Ge\u00e7mi\u015fte \u00e7\u00f6z\u00fcm i\u00e7in tavizler hatta kar\u015f\u0131 tarafa haritalar bile verildi ancak K\u0131br\u0131s sorunu \u00e7\u00f6z\u00fclemedi. Rum D\u0131\u015fi\u015fleri eski Bakan\u0131 Nikos Rolandis, K\u0131br\u0131s sorununun \u00e7\u00f6z\u00fcm\u00fc i\u00e7in yap\u0131lan \u00f6nerileri her zaman Rum taraf\u0131n\u0131n ret etti\u011fini itiraf etti.<\/p>\n<p>50 y\u0131ld\u0131r federal temelde \u00e7\u00f6z\u00fcm modeli denendi ancak Rum taraf\u0131n\u0131n \u00e7\u00f6z\u00fcme yana\u015fmamas\u0131yla sonu\u00e7 al\u0131namad\u0131. K\u0131br\u0131s\u2019ta ihtilaf olmas\u0131na ve garant\u00f6r \u00fclke T\u00fcrkiye\u2019nin \u00fcye olmamas\u0131na ra\u011fmen Rumlar tek tarafl\u0131 olarak Avrupa Birli\u011fi\u2019ne al\u0131nd\u0131.<\/p>\n<p>K\u0131br\u0131s Meselesi, T\u00fcrkiye\u2019nin bir numaral\u0131 g\u00fcvenlik meselesidir. T\u00fcrkiye Cumhuriyeti, ge\u00e7mi\u015ften gelen haklar\u0131n\u0131 kullanarak garant\u00f6r oldu.<\/p>\n<p>K\u0131br\u0131s\u2019ta ya\u015fanan ac\u0131lar ve g\u00f6sterilen \u00e7abalardan sonra <a href=\"https:\/\/brtk.net\/\"\/><a href=\"https:\/\/brtk.net\/\">KKTC<\/a>\u2019nin ve T\u00fcrkiye\u2019nin gelece\u011fi tehlikeye at\u0131lamaz. Egemenli\u011fimizi, Rumlara teslim edemeyiz.<\/p>\n<p>Tek tarafl\u0131 olarak neden Rumlar\u0131 AB\u2019ye ald\u0131klar\u0131n\u0131 sordu\u011fumuzda, \u2018bu bir siyasi karard\u0131r\u2019 diyorlar. \u0130\u015flerine geldi\u011finde hukuki, i\u015flerine geldi\u011finde siyasi meseledir deniliyor.<\/p>\n<p>Bize her alanda ambargolar uyguluyorlar K\u0131br\u0131s T\u00fcrk tak\u0131mlar\u0131n\u0131n, T\u00fcrkiye tak\u0131mlar\u0131yla oynamas\u0131na bile izin vermiyorlar.<\/p>\n<p>K\u0131br\u0131s Cumhuriyeti\u2019nin kurulmas\u0131n\u0131 Enosis\u2019e bir s\u0131\u00e7rama tahtas\u0131 olarak kullanmak istediler. Devletimize ve egemenli\u011fimze sahip \u00e7\u0131kaca\u011f\u0131z. <\/p>\n<p>T\u00fcrk Devletleri Te\u015fkilat\u0131nda \u00f6nemli geli\u015fmeler ya\u015fan\u0131yor. Bizi tan\u0131mak istemelerine ra\u011fmen Avrupa Birli\u011fi\u2019nde yer alan Rum-Yunan ikilisi uygulad\u0131klar\u0131 lobicilik faaliyetleriyle engellemeye \u00e7al\u0131\u015f\u0131yor.<\/p>\n<p>Maronitlerle bizi ayn\u0131 g\u00f6r\u00fcyorlar ancak biz ge\u00e7mi\u015ften gelen haklar\u0131m\u0131zdan dolay\u0131 Rumlarla e\u015fitiz. <\/p>\n<p>Enosis\u2019e s\u0131\u00e7rama tahtas\u0131 olarak kullanmak i\u00e7in Do\u011fu Akdeniz\u2019de ikinci Yunan Cumhuriyeti\u2019ni kurmak amac\u0131yla 15 Temmuz 1974 y\u0131l\u0131nda darbe yapt\u0131lar ancak T\u00fcrkiye garant\u00f6r hakk\u0131n\u0131 kullanarak, K\u0131br\u0131s T\u00fcrk Halk\u0131n\u0131 korumak ve haklar\u0131n\u0131 savunmak i\u00e7in harekat d\u00fczenledi. K\u0131br\u0131s\u2019\u0131n Helen Adas\u0131 olmas\u0131n\u0131 engelledi.<\/p>\n<p>K\u0131br\u0131s Meselesi, K\u0131br\u0131sl\u0131 T\u00fcrklerle T\u00fcrkiye\u2019nin ortak meselesidir. Do\u011fu Akdeniz\u2019deki geli\u015fmeler, T\u00fcrkiye ile Libya Anla\u015fmas\u0131 ve Mavi Vatan g\u00f6rmezden gelinemez. <\/p>\n<p>K\u0131br\u0131s Sorunu, \u2018Avrupa Birli\u011fi\u2019nin i\u00e7 meselesidir\u2019 denilerek T\u00fckiye\u2019yi d\u0131\u015flamak istiyorlar.<\/p>\n<p>\u0130leride petrolden daha de\u011ferli olacak su, T\u00fcrkiye\u2019den getirildi. Pandemi ve Rusya-Ukrayna Sava\u015f\u0131 bize tar\u0131m\u0131n \u00f6nemini bir kez daha g\u00f6sterdi. T\u00fcrkiye\u2019den gelen su evlerde ve tar\u0131mda kullan\u0131l\u0131yor.<\/p>\n<p>\u00dclkemizde \u00e7\u0131kan yang\u0131nlarda \u0130HA ve S\u0130HAlarla yanan yerler tespit ediliyor.<br \/>T\u00fcrkiye, her konuda geli\u015fiyor ve G\u00fcvenlik Kuvvetleri ile birlikte \u00fclkenin g\u00fcvenli\u011fi sa\u011flan\u0131yor. Yurtd\u0131\u015f\u0131ndan gelenler, \u00fclkenin g\u00fcvenli oldu\u011fundan bahsediyor. <\/p>\n<p>K\u0131br\u0131s\u2019ta varl\u0131\u011f\u0131m\u0131z\u0131n devam\u0131 i\u00e7in egemenli\u011fimizi ve devletimizi savunaca\u011f\u0131z. K\u0131br\u0131s sorununun \u00e7\u00f6z\u00fcm\u00fc, iki e\u015fit ayr\u0131 egemen devletle yap\u0131labilir.<br \/><a href=\"https:\/\/brtk.net\/\"\/><a href=\"https:\/\/brtk.net\/\">KKTC<\/a>\u2019yi ve kurumlar\u0131n\u0131 g\u00f6z\u00fcm\u00fcz gibi korumal\u0131y\u0131z. <\/p>\n<p><a href=\"https:\/\/brtk.net\/\"\/><a href=\"https:\/\/brtk.net\/\">KKTC<\/a>\u2019nin savunmas\u0131 ve asayi\u015fi i\u00e7in \u00fcst\u00fcn bir gayret i\u00e7inde \u00e7al\u0131\u015fan G\u00fcvenlik Kuvvetleri mensuplar\u0131na te\u015fekk\u00fcr ederim.<\/p>\n<\/p><\/div>\n<p><script async\n                    defer\n                    crossorigin=\"anonymous\"\n                    src=\"https:\/\/connect.facebook.net\/tr_TR\/sdk.js#xfbml=1&#038;version=v3.3\"\n            ><\/script><\/p>\n","protected":false},"excerpt":{"rendered":"<p>Cumhurba\u015fkan\u0131 Ersin Tatar, \u00d6zel Kuvvet G\u00f6rev Komutanl\u0131\u011f\u0131\u2019nda \u201cK\u0131br\u0131s T\u00fcrk Tarihi ve egemen e\u015fit iki devlet\u201d konulu bir konu\u015fma yapt\u0131. Cumhurba\u015fkan\u0131 Tatar, G\u00fcvenlik Kuvvetleri Komutanl\u0131\u011f\u0131\u2019n\u0131n 1974 Mutlu Bar\u0131\u015f Harekat\u0131 sonras\u0131 K\u0131br\u0131s T\u00fcrk Halk\u0131n\u0131n olu\u015fturdu\u011fu d\u00fczenli ordusu oldu\u011funa dikkat \u00e7ekerek, \u201cG\u00fcvenlik Kuvvetleri Komutanl\u0131\u011f\u0131 kurulana kadar b\u00fcy\u00fck m\u00fccadeleler verildi. T\u00fcrk Mukavemet Te\u015fkilat\u0131 mensuplar\u0131 ve T\u00fcrkiye\u2019den adaya silah getiren<\/p>\n","protected":false},"author":1,"featured_media":7438,"comment_status":"open","ping_status":"open","sticky":false,"template":"","format":"standard","meta":{"footnotes":""},"categories":[1],"tags":[],"class_list":["post-7437","post","type-post","status-publish","format-standard","has-post-thumbnail","hentry","category-gundem"],"yoast_head":"<!-- This site is optimized with the Yoast SEO plugin v27.5 - https:\/\/yoast.com\/product\/yoast-seo-wordpress\/ -->\n<title>Cumhurba\u015fkan\u0131 Tatar: K\u0131br\u0131s tarihte hi\u00e7bir zaman Helen Adas\u0131 olmad\u0131 -<\/title>\n<meta name=\"robots\" content=\"index, follow, max-snippet:-1, max-image-preview:large, max-video-preview:-1\" \/>\n<link rel=\"canonical\" href=\"https:\/\/kibrisdakik.com\/?p=7437\" \/>\n<meta property=\"og:locale\" content=\"tr_TR\" \/>\n<meta property=\"og:type\" content=\"article\" \/>\n<meta property=\"og:title\" content=\"Cumhurba\u015fkan\u0131 Tatar: K\u0131br\u0131s tarihte hi\u00e7bir zaman Helen Adas\u0131 olmad\u0131 -\" \/>\n<meta property=\"og:description\" content=\"Cumhurba\u015fkan\u0131 Ersin Tatar, \u00d6zel Kuvvet G\u00f6rev Komutanl\u0131\u011f\u0131\u2019nda \u201cK\u0131br\u0131s T\u00fcrk Tarihi ve egemen e\u015fit iki devlet\u201d konulu bir konu\u015fma yapt\u0131. Cumhurba\u015fkan\u0131 Tatar, G\u00fcvenlik Kuvvetleri Komutanl\u0131\u011f\u0131\u2019n\u0131n 1974 Mutlu Bar\u0131\u015f Harekat\u0131 sonras\u0131 K\u0131br\u0131s T\u00fcrk Halk\u0131n\u0131n olu\u015fturdu\u011fu d\u00fczenli ordusu oldu\u011funa dikkat \u00e7ekerek, \u201cG\u00fcvenlik Kuvvetleri Komutanl\u0131\u011f\u0131 kurulana kadar b\u00fcy\u00fck m\u00fccadeleler verildi. T\u00fcrk Mukavemet Te\u015fkilat\u0131 mensuplar\u0131 ve T\u00fcrkiye\u2019den adaya silah getiren\" \/>\n<meta property=\"og:url\" content=\"https:\/\/kibrisdakik.com\/?p=7437\" \/>\n<meta property=\"article:published_time\" content=\"2023-05-23T06:29:23+00:00\" \/>\n<meta property=\"og:image\" content=\"https:\/\/kibrisdakik.com\/wp-content\/uploads\/2023\/05\/Ozel-Kuvvet-Gorev-Komutanligi-10-740x420.jpg\" \/>\n\t<meta property=\"og:image:width\" content=\"1014\" \/>\n\t<meta property=\"og:image:height\" content=\"493\" \/>\n\t<meta property=\"og:image:type\" content=\"image\/jpeg\" \/>\n<meta name=\"author\" content=\"admin\" \/>\n<meta name=\"twitter:card\" content=\"summary_large_image\" \/>\n<meta name=\"twitter:label1\" content=\"Yazan:\" \/>\n\t<meta name=\"twitter:data1\" content=\"admin\" \/>\n\t<meta name=\"twitter:label2\" content=\"Tahmini okuma s\u00fcresi\" \/>\n\t<meta name=\"twitter:data2\" content=\"6 dakika\" \/>\n<script type=\"application\/ld+json\" class=\"yoast-schema-graph\">{\"@context\":\"https:\\\/\\\/schema.org\",\"@graph\":[{\"@type\":\"Article\",\"@id\":\"https:\\\/\\\/kibrisdakik.com\\\/?p=7437#article\",\"isPartOf\":{\"@id\":\"https:\\\/\\\/kibrisdakik.com\\\/?p=7437\"},\"author\":{\"name\":\"admin\",\"@id\":\"https:\\\/\\\/kibrisdakik.com\\\/#\\\/schema\\\/person\\\/9cd9d437bbb44f72b73ba127e06d8e79\"},\"headline\":\"Cumhurba\u015fkan\u0131 Tatar: K\u0131br\u0131s tarihte hi\u00e7bir zaman Helen Adas\u0131 olmad\u0131\",\"datePublished\":\"2023-05-23T06:29:23+00:00\",\"mainEntityOfPage\":{\"@id\":\"https:\\\/\\\/kibrisdakik.com\\\/?p=7437\"},\"wordCount\":1265,\"commentCount\":0,\"image\":{\"@id\":\"https:\\\/\\\/kibrisdakik.com\\\/?p=7437#primaryimage\"},\"thumbnailUrl\":\"https:\\\/\\\/kibrisdakik.com\\\/wp-content\\\/uploads\\\/2023\\\/05\\\/Ozel-Kuvvet-Gorev-Komutanligi-10-740x420.jpg\",\"articleSection\":[\"G\u00fcndem\"],\"inLanguage\":\"tr\",\"potentialAction\":[{\"@type\":\"CommentAction\",\"name\":\"Comment\",\"target\":[\"https:\\\/\\\/kibrisdakik.com\\\/?p=7437#respond\"]}]},{\"@type\":\"WebPage\",\"@id\":\"https:\\\/\\\/kibrisdakik.com\\\/?p=7437\",\"url\":\"https:\\\/\\\/kibrisdakik.com\\\/?p=7437\",\"name\":\"Cumhurba\u015fkan\u0131 Tatar: K\u0131br\u0131s tarihte hi\u00e7bir zaman Helen Adas\u0131 olmad\u0131 -\",\"isPartOf\":{\"@id\":\"https:\\\/\\\/kibrisdakik.com\\\/#website\"},\"primaryImageOfPage\":{\"@id\":\"https:\\\/\\\/kibrisdakik.com\\\/?p=7437#primaryimage\"},\"image\":{\"@id\":\"https:\\\/\\\/kibrisdakik.com\\\/?p=7437#primaryimage\"},\"thumbnailUrl\":\"https:\\\/\\\/kibrisdakik.com\\\/wp-content\\\/uploads\\\/2023\\\/05\\\/Ozel-Kuvvet-Gorev-Komutanligi-10-740x420.jpg\",\"datePublished\":\"2023-05-23T06:29:23+00:00\",\"author\":{\"@id\":\"https:\\\/\\\/kibrisdakik.com\\\/#\\\/schema\\\/person\\\/9cd9d437bbb44f72b73ba127e06d8e79\"},\"breadcrumb\":{\"@id\":\"https:\\\/\\\/kibrisdakik.com\\\/?p=7437#breadcrumb\"},\"inLanguage\":\"tr\",\"potentialAction\":[{\"@type\":\"ReadAction\",\"target\":[\"https:\\\/\\\/kibrisdakik.com\\\/?p=7437\"]}]},{\"@type\":\"ImageObject\",\"inLanguage\":\"tr\",\"@id\":\"https:\\\/\\\/kibrisdakik.com\\\/?p=7437#primaryimage\",\"url\":\"https:\\\/\\\/kibrisdakik.com\\\/wp-content\\\/uploads\\\/2023\\\/05\\\/Ozel-Kuvvet-Gorev-Komutanligi-10-740x420.jpg\",\"contentUrl\":\"https:\\\/\\\/kibrisdakik.com\\\/wp-content\\\/uploads\\\/2023\\\/05\\\/Ozel-Kuvvet-Gorev-Komutanligi-10-740x420.jpg\",\"width\":1014,\"height\":493},{\"@type\":\"BreadcrumbList\",\"@id\":\"https:\\\/\\\/kibrisdakik.com\\\/?p=7437#breadcrumb\",\"itemListElement\":[{\"@type\":\"ListItem\",\"position\":1,\"name\":\"Home\",\"item\":\"https:\\\/\\\/kibrisdakik.com\\\/\"},{\"@type\":\"ListItem\",\"position\":2,\"name\":\"Cumhurba\u015fkan\u0131 Tatar: K\u0131br\u0131s tarihte hi\u00e7bir zaman Helen Adas\u0131 olmad\u0131\"}]},{\"@type\":\"WebSite\",\"@id\":\"https:\\\/\\\/kibrisdakik.com\\\/#website\",\"url\":\"https:\\\/\\\/kibrisdakik.com\\\/\",\"name\":\"\",\"description\":\"Tam vaktinde haber\",\"potentialAction\":[{\"@type\":\"SearchAction\",\"target\":{\"@type\":\"EntryPoint\",\"urlTemplate\":\"https:\\\/\\\/kibrisdakik.com\\\/?s={search_term_string}\"},\"query-input\":{\"@type\":\"PropertyValueSpecification\",\"valueRequired\":true,\"valueName\":\"search_term_string\"}}],\"inLanguage\":\"tr\"},{\"@type\":\"Person\",\"@id\":\"https:\\\/\\\/kibrisdakik.com\\\/#\\\/schema\\\/person\\\/9cd9d437bbb44f72b73ba127e06d8e79\",\"name\":\"admin\",\"image\":{\"@type\":\"ImageObject\",\"inLanguage\":\"tr\",\"@id\":\"https:\\\/\\\/secure.gravatar.com\\\/avatar\\\/ccc17943b9d660506c869530f897617f7cb1c21a4bf30023f252596d83e1f007?s=96&d=mm&r=g\",\"url\":\"https:\\\/\\\/secure.gravatar.com\\\/avatar\\\/ccc17943b9d660506c869530f897617f7cb1c21a4bf30023f252596d83e1f007?s=96&d=mm&r=g\",\"contentUrl\":\"https:\\\/\\\/secure.gravatar.com\\\/avatar\\\/ccc17943b9d660506c869530f897617f7cb1c21a4bf30023f252596d83e1f007?s=96&d=mm&r=g\",\"caption\":\"admin\"},\"sameAs\":[\"https:\\\/\\\/kibrisdakik.com\"],\"url\":\"https:\\\/\\\/kibrisdakik.com\\\/?author=1\"}]}<\/script>\n<!-- \/ Yoast SEO plugin. -->","yoast_head_json":{"title":"Cumhurba\u015fkan\u0131 Tatar: K\u0131br\u0131s tarihte hi\u00e7bir zaman Helen Adas\u0131 olmad\u0131 -","robots":{"index":"index","follow":"follow","max-snippet":"max-snippet:-1","max-image-preview":"max-image-preview:large","max-video-preview":"max-video-preview:-1"},"canonical":"https:\/\/kibrisdakik.com\/?p=7437","og_locale":"tr_TR","og_type":"article","og_title":"Cumhurba\u015fkan\u0131 Tatar: K\u0131br\u0131s tarihte hi\u00e7bir zaman Helen Adas\u0131 olmad\u0131 -","og_description":"Cumhurba\u015fkan\u0131 Ersin Tatar, \u00d6zel Kuvvet G\u00f6rev Komutanl\u0131\u011f\u0131\u2019nda \u201cK\u0131br\u0131s T\u00fcrk Tarihi ve egemen e\u015fit iki devlet\u201d konulu bir konu\u015fma yapt\u0131. Cumhurba\u015fkan\u0131 Tatar, G\u00fcvenlik Kuvvetleri Komutanl\u0131\u011f\u0131\u2019n\u0131n 1974 Mutlu Bar\u0131\u015f Harekat\u0131 sonras\u0131 K\u0131br\u0131s T\u00fcrk Halk\u0131n\u0131n olu\u015fturdu\u011fu d\u00fczenli ordusu oldu\u011funa dikkat \u00e7ekerek, \u201cG\u00fcvenlik Kuvvetleri Komutanl\u0131\u011f\u0131 kurulana kadar b\u00fcy\u00fck m\u00fccadeleler verildi. T\u00fcrk Mukavemet Te\u015fkilat\u0131 mensuplar\u0131 ve T\u00fcrkiye\u2019den adaya silah getiren","og_url":"https:\/\/kibrisdakik.com\/?p=7437","article_published_time":"2023-05-23T06:29:23+00:00","og_image":[{"width":1014,"height":493,"url":"https:\/\/kibrisdakik.com\/wp-content\/uploads\/2023\/05\/Ozel-Kuvvet-Gorev-Komutanligi-10-740x420.jpg","type":"image\/jpeg"}],"author":"admin","twitter_card":"summary_large_image","twitter_misc":{"Yazan:":"admin","Tahmini okuma s\u00fcresi":"6 dakika"},"schema":{"@context":"https:\/\/schema.org","@graph":[{"@type":"Article","@id":"https:\/\/kibrisdakik.com\/?p=7437#article","isPartOf":{"@id":"https:\/\/kibrisdakik.com\/?p=7437"},"author":{"name":"admin","@id":"https:\/\/kibrisdakik.com\/#\/schema\/person\/9cd9d437bbb44f72b73ba127e06d8e79"},"headline":"Cumhurba\u015fkan\u0131 Tatar: K\u0131br\u0131s tarihte hi\u00e7bir zaman Helen Adas\u0131 olmad\u0131","datePublished":"2023-05-23T06:29:23+00:00","mainEntityOfPage":{"@id":"https:\/\/kibrisdakik.com\/?p=7437"},"wordCount":1265,"commentCount":0,"image":{"@id":"https:\/\/kibrisdakik.com\/?p=7437#primaryimage"},"thumbnailUrl":"https:\/\/kibrisdakik.com\/wp-content\/uploads\/2023\/05\/Ozel-Kuvvet-Gorev-Komutanligi-10-740x420.jpg","articleSection":["G\u00fcndem"],"inLanguage":"tr","potentialAction":[{"@type":"CommentAction","name":"Comment","target":["https:\/\/kibrisdakik.com\/?p=7437#respond"]}]},{"@type":"WebPage","@id":"https:\/\/kibrisdakik.com\/?p=7437","url":"https:\/\/kibrisdakik.com\/?p=7437","name":"Cumhurba\u015fkan\u0131 Tatar: K\u0131br\u0131s tarihte hi\u00e7bir zaman Helen Adas\u0131 olmad\u0131 -","isPartOf":{"@id":"https:\/\/kibrisdakik.com\/#website"},"primaryImageOfPage":{"@id":"https:\/\/kibrisdakik.com\/?p=7437#primaryimage"},"image":{"@id":"https:\/\/kibrisdakik.com\/?p=7437#primaryimage"},"thumbnailUrl":"https:\/\/kibrisdakik.com\/wp-content\/uploads\/2023\/05\/Ozel-Kuvvet-Gorev-Komutanligi-10-740x420.jpg","datePublished":"2023-05-23T06:29:23+00:00","author":{"@id":"https:\/\/kibrisdakik.com\/#\/schema\/person\/9cd9d437bbb44f72b73ba127e06d8e79"},"breadcrumb":{"@id":"https:\/\/kibrisdakik.com\/?p=7437#breadcrumb"},"inLanguage":"tr","potentialAction":[{"@type":"ReadAction","target":["https:\/\/kibrisdakik.com\/?p=7437"]}]},{"@type":"ImageObject","inLanguage":"tr","@id":"https:\/\/kibrisdakik.com\/?p=7437#primaryimage","url":"https:\/\/kibrisdakik.com\/wp-content\/uploads\/2023\/05\/Ozel-Kuvvet-Gorev-Komutanligi-10-740x420.jpg","contentUrl":"https:\/\/kibrisdakik.com\/wp-content\/uploads\/2023\/05\/Ozel-Kuvvet-Gorev-Komutanligi-10-740x420.jpg","width":1014,"height":493},{"@type":"BreadcrumbList","@id":"https:\/\/kibrisdakik.com\/?p=7437#breadcrumb","itemListElement":[{"@type":"ListItem","position":1,"name":"Home","item":"https:\/\/kibrisdakik.com\/"},{"@type":"ListItem","position":2,"name":"Cumhurba\u015fkan\u0131 Tatar: K\u0131br\u0131s tarihte hi\u00e7bir zaman Helen Adas\u0131 olmad\u0131"}]},{"@type":"WebSite","@id":"https:\/\/kibrisdakik.com\/#website","url":"https:\/\/kibrisdakik.com\/","name":"","description":"Tam vaktinde haber","potentialAction":[{"@type":"SearchAction","target":{"@type":"EntryPoint","urlTemplate":"https:\/\/kibrisdakik.com\/?s={search_term_string}"},"query-input":{"@type":"PropertyValueSpecification","valueRequired":true,"valueName":"search_term_string"}}],"inLanguage":"tr"},{"@type":"Person","@id":"https:\/\/kibrisdakik.com\/#\/schema\/person\/9cd9d437bbb44f72b73ba127e06d8e79","name":"admin","image":{"@type":"ImageObject","inLanguage":"tr","@id":"https:\/\/secure.gravatar.com\/avatar\/ccc17943b9d660506c869530f897617f7cb1c21a4bf30023f252596d83e1f007?s=96&d=mm&r=g","url":"https:\/\/secure.gravatar.com\/avatar\/ccc17943b9d660506c869530f897617f7cb1c21a4bf30023f252596d83e1f007?s=96&d=mm&r=g","contentUrl":"https:\/\/secure.gravatar.com\/avatar\/ccc17943b9d660506c869530f897617f7cb1c21a4bf30023f252596d83e1f007?s=96&d=mm&r=g","caption":"admin"},"sameAs":["https:\/\/kibrisdakik.com"],"url":"https:\/\/kibrisdakik.com\/?author=1"}]}},"_links":{"self":[{"href":"https:\/\/kibrisdakik.com\/index.php?rest_route=\/wp\/v2\/posts\/7437","targetHints":{"allow":["GET"]}}],"collection":[{"href":"https:\/\/kibrisdakik.com\/index.php?rest_route=\/wp\/v2\/posts"}],"about":[{"href":"https:\/\/kibrisdakik.com\/index.php?rest_route=\/wp\/v2\/types\/post"}],"author":[{"embeddable":true,"href":"https:\/\/kibrisdakik.com\/index.php?rest_route=\/wp\/v2\/users\/1"}],"replies":[{"embeddable":true,"href":"https:\/\/kibrisdakik.com\/index.php?rest_route=%2Fwp%2Fv2%2Fcomments&post=7437"}],"version-history":[{"count":0,"href":"https:\/\/kibrisdakik.com\/index.php?rest_route=\/wp\/v2\/posts\/7437\/revisions"}],"wp:featuredmedia":[{"embeddable":true,"href":"https:\/\/kibrisdakik.com\/index.php?rest_route=\/wp\/v2\/media\/7438"}],"wp:attachment":[{"href":"https:\/\/kibrisdakik.com\/index.php?rest_route=%2Fwp%2Fv2%2Fmedia&parent=7437"}],"wp:term":[{"taxonomy":"category","embeddable":true,"href":"https:\/\/kibrisdakik.com\/index.php?rest_route=%2Fwp%2Fv2%2Fcategories&post=7437"},{"taxonomy":"post_tag","embeddable":true,"href":"https:\/\/kibrisdakik.com\/index.php?rest_route=%2Fwp%2Fv2%2Ftags&post=7437"}],"curies":[{"name":"wp","href":"https:\/\/api.w.org\/{rel}","templated":true}]}}