{"id":74384,"date":"2025-01-26T12:22:20","date_gmt":"2025-01-26T09:22:20","guid":{"rendered":"https:\/\/kibrisdakik.com\/index.php\/2025\/01\/26\/bu-gece-mirac-kandili\/"},"modified":"2025-01-26T12:22:20","modified_gmt":"2025-01-26T09:22:20","slug":"bu-gece-mirac-kandili","status":"publish","type":"post","link":"https:\/\/kibrisdakik.com\/?p=74384","title":{"rendered":"Bu gece Mira\u00e7 Kandili"},"content":{"rendered":"<div>\n<div class=\"mariselle-image-container center\">\n                                            <\/div>\n<p>Bu gece Mira\u00e7 Kandili\u2026<\/p>\n<p>Din G\u00f6revlileri Derne\u011fi Ba\u015fkan\u0131 G\u00f6kan \u0130nik, Mira\u00e7 Kandili nedeniyle yay\u0131mlad\u0131\u011f\u0131 mesajda, \u201cBu kutlu gecede kalplerimiz bu g\u00fczel duygularla dolsun. Allah\u2019\u0131n hidayeti, rahmeti ve bereketinin hi\u00e7 eksik olmamas\u0131 temennisi ile Mira\u00e7 kandilinin milletimize ve t\u00fcm \u0130slam \u00e2leminin birlik ve beraberli\u011fine vesile olmas\u0131n\u0131 Rabbimden niyaz ederim.\u201d dedi.<\/p>\n<p>\u00dc\u00e7 aylar\u0131n birincisi olan Recep ay\u0131n\u0131n 27. gecesinin Mira\u00e7 Kandili oldu\u011funu hat\u0131rlatan \u0130nik, bu m\u00fcbarek geceye eri\u015fmenin mutlulu\u011funu ve heyecan\u0131n\u0131 ya\u015fatan Allah\u2019a \u015f\u00fckretti.<\/p>\n<p>\u0130nik mesaj\u0131nda, Mira\u00e7 Kandili\u2019yle ilgili \u015fu bilgileri de payla\u015ft\u0131:<\/p>\n<p>\u201cMira\u00e7; Hz Muhammed\u00een (s.a.s) insanl\u0131\u011f\u0131 \u0130slam\u2019a davet s\u00fcrecinin en zor y\u0131llar\u0131nda, bir gece Mescid-i Haramdan, Mescidi Aksa \u2019ya oradan da zaman ve mek\u00e2n sahibi, Y\u00fcce Mevla\u2019n\u0131n sonsuz ayet ve kudretini m\u00fc\u015fahede etmek i\u00e7in yapt\u0131\u011f\u0131 manevi ve ulvi bir yolculuktur. Bu yolculuk pek \u00e7ok ilahi hikmet ve bereketi i\u00e7inde bar\u0131nd\u0131r\u0131r. G\u00fcnde be\u015f kez ilahi huzura \u00e7\u0131kt\u0131\u011f\u0131m\u0131z, dua ve niyazlar\u0131m\u0131zla Rabbimize y\u00f6neldi\u011fimiz, Peygamber efendimizin de \u2018Namaz m\u00fcminin mirac\u0131d\u0131r\u2019 diye ifade etti\u011fi namaz, bu m\u00fcbarek gece emredilmi\u015ftir.<\/p>\n<p>Mira\u00e7, y\u00fccelmeyi ifade eder. Mira\u00e7 her \u015feyden \u00f6nce y\u00fckselme yollar\u0131n\u0131n yeg\u00e2ne sahibinin Y\u00fcce Allah oldu\u011funun bilincine varabilmektir. Mira\u00e7, elemi, kederi, \u00e7aresizli\u011fi ve \u00fcmitsizli\u011fi bir kenara b\u0131rakarak yeniden yola koyulman\u0131n ad\u0131d\u0131r.<\/p>\n<p>Mira\u00e7; her zorlukla beraber bir kolayl\u0131\u011f\u0131n oldu\u011funa inanmay\u0131, Rabbimizin rahmetinden asla \u00fcmidi kesmemeyi \u00f6\u011fretir. Mirac\u0131 anlayan m\u00fcmin, zaman\u0131n ve mek\u00e2n\u0131n yeg\u00e2ne sahibi olan Y\u00fcce Allah\u2019\u0131n birli\u011fine, b\u00fcy\u00fckl\u00fc\u011f\u00fcne ve sonsuzlu\u011funa \u015fahitlik eder. Mirac\u0131 model alan toplum, hak, adalet, d\u00fcr\u00fcstl\u00fck, merhamet, karde\u015flik ve fedak\u00e2rl\u0131k gibi erdemlerle y\u00fccelir.\u201d<\/p>\n<\/p><\/div>\n<p><script async\n                    defer\n                    crossorigin=\"anonymous\"\n                    src=\"https:\/\/connect.facebook.net\/tr_TR\/sdk.js#xfbml=1&#038;version=v3.3\"\n            ><\/script><\/p>\n","protected":false},"excerpt":{"rendered":"<p>Bu gece Mira\u00e7 Kandili\u2026 Din G\u00f6revlileri Derne\u011fi Ba\u015fkan\u0131 G\u00f6kan \u0130nik, Mira\u00e7 Kandili nedeniyle yay\u0131mlad\u0131\u011f\u0131 mesajda, \u201cBu kutlu gecede kalplerimiz bu g\u00fczel duygularla dolsun. Allah\u2019\u0131n hidayeti, rahmeti ve bereketinin hi\u00e7 eksik olmamas\u0131 temennisi ile Mira\u00e7 kandilinin milletimize ve t\u00fcm \u0130slam \u00e2leminin birlik ve beraberli\u011fine vesile olmas\u0131n\u0131 Rabbimden niyaz ederim.\u201d dedi. \u00dc\u00e7 aylar\u0131n birincisi olan Recep ay\u0131n\u0131n<\/p>\n","protected":false},"author":1,"featured_media":74385,"comment_status":"open","ping_status":"open","sticky":false,"template":"","format":"standard","meta":{"footnotes":""},"categories":[81,101],"tags":[],"class_list":["post-74384","post","type-post","status-publish","format-standard","has-post-thumbnail","hentry","category-kibris","category-manset"],"yoast_head":"<!-- This site is optimized with the Yoast SEO plugin v27.5 - https:\/\/yoast.com\/product\/yoast-seo-wordpress\/ -->\n<title>Bu gece Mira\u00e7 Kandili -<\/title>\n<meta name=\"robots\" content=\"index, follow, max-snippet:-1, max-image-preview:large, max-video-preview:-1\" \/>\n<link rel=\"canonical\" href=\"https:\/\/kibrisdakik.com\/?p=74384\" \/>\n<meta property=\"og:locale\" content=\"tr_TR\" \/>\n<meta property=\"og:type\" content=\"article\" \/>\n<meta property=\"og:title\" content=\"Bu gece Mira\u00e7 Kandili -\" \/>\n<meta property=\"og:description\" content=\"Bu gece Mira\u00e7 Kandili\u2026 Din G\u00f6revlileri Derne\u011fi Ba\u015fkan\u0131 G\u00f6kan \u0130nik, Mira\u00e7 Kandili nedeniyle yay\u0131mlad\u0131\u011f\u0131 mesajda, \u201cBu kutlu gecede kalplerimiz bu g\u00fczel duygularla dolsun. Allah\u2019\u0131n hidayeti, rahmeti ve bereketinin hi\u00e7 eksik olmamas\u0131 temennisi ile Mira\u00e7 kandilinin milletimize ve t\u00fcm \u0130slam \u00e2leminin birlik ve beraberli\u011fine vesile olmas\u0131n\u0131 Rabbimden niyaz ederim.\u201d dedi. \u00dc\u00e7 aylar\u0131n birincisi olan Recep ay\u0131n\u0131n\" \/>\n<meta property=\"og:url\" content=\"https:\/\/kibrisdakik.com\/?p=74384\" \/>\n<meta property=\"article:published_time\" content=\"2025-01-26T09:22:20+00:00\" \/>\n<meta property=\"og:image\" content=\"https:\/\/kibrisdakik.com\/wp-content\/uploads\/2025\/01\/Bu-aksam-Berat-Kandili.jpg\" \/>\n\t<meta property=\"og:image:width\" content=\"550\" \/>\n\t<meta property=\"og:image:height\" content=\"367\" \/>\n\t<meta property=\"og:image:type\" content=\"image\/jpeg\" \/>\n<meta name=\"author\" content=\"admin\" \/>\n<meta name=\"twitter:card\" content=\"summary_large_image\" \/>\n<meta name=\"twitter:label1\" content=\"Yazan:\" \/>\n\t<meta name=\"twitter:data1\" content=\"admin\" \/>\n\t<meta name=\"twitter:label2\" content=\"Tahmini okuma s\u00fcresi\" \/>\n\t<meta name=\"twitter:data2\" content=\"2 dakika\" \/>\n<script type=\"application\/ld+json\" class=\"yoast-schema-graph\">{\"@context\":\"https:\\\/\\\/schema.org\",\"@graph\":[{\"@type\":\"Article\",\"@id\":\"https:\\\/\\\/kibrisdakik.com\\\/?p=74384#article\",\"isPartOf\":{\"@id\":\"https:\\\/\\\/kibrisdakik.com\\\/?p=74384\"},\"author\":{\"name\":\"admin\",\"@id\":\"https:\\\/\\\/kibrisdakik.com\\\/#\\\/schema\\\/person\\\/9cd9d437bbb44f72b73ba127e06d8e79\"},\"headline\":\"Bu gece Mira\u00e7 Kandili\",\"datePublished\":\"2025-01-26T09:22:20+00:00\",\"mainEntityOfPage\":{\"@id\":\"https:\\\/\\\/kibrisdakik.com\\\/?p=74384\"},\"wordCount\":320,\"commentCount\":0,\"image\":{\"@id\":\"https:\\\/\\\/kibrisdakik.com\\\/?p=74384#primaryimage\"},\"thumbnailUrl\":\"https:\\\/\\\/kibrisdakik.com\\\/wp-content\\\/uploads\\\/2025\\\/01\\\/Bu-aksam-Berat-Kandili.jpg\",\"articleSection\":[\"K\u0131br\u0131s\",\"Man\u015fet\"],\"inLanguage\":\"tr\",\"potentialAction\":[{\"@type\":\"CommentAction\",\"name\":\"Comment\",\"target\":[\"https:\\\/\\\/kibrisdakik.com\\\/?p=74384#respond\"]}]},{\"@type\":\"WebPage\",\"@id\":\"https:\\\/\\\/kibrisdakik.com\\\/?p=74384\",\"url\":\"https:\\\/\\\/kibrisdakik.com\\\/?p=74384\",\"name\":\"Bu gece Mira\u00e7 Kandili -\",\"isPartOf\":{\"@id\":\"https:\\\/\\\/kibrisdakik.com\\\/#website\"},\"primaryImageOfPage\":{\"@id\":\"https:\\\/\\\/kibrisdakik.com\\\/?p=74384#primaryimage\"},\"image\":{\"@id\":\"https:\\\/\\\/kibrisdakik.com\\\/?p=74384#primaryimage\"},\"thumbnailUrl\":\"https:\\\/\\\/kibrisdakik.com\\\/wp-content\\\/uploads\\\/2025\\\/01\\\/Bu-aksam-Berat-Kandili.jpg\",\"datePublished\":\"2025-01-26T09:22:20+00:00\",\"author\":{\"@id\":\"https:\\\/\\\/kibrisdakik.com\\\/#\\\/schema\\\/person\\\/9cd9d437bbb44f72b73ba127e06d8e79\"},\"breadcrumb\":{\"@id\":\"https:\\\/\\\/kibrisdakik.com\\\/?p=74384#breadcrumb\"},\"inLanguage\":\"tr\",\"potentialAction\":[{\"@type\":\"ReadAction\",\"target\":[\"https:\\\/\\\/kibrisdakik.com\\\/?p=74384\"]}]},{\"@type\":\"ImageObject\",\"inLanguage\":\"tr\",\"@id\":\"https:\\\/\\\/kibrisdakik.com\\\/?p=74384#primaryimage\",\"url\":\"https:\\\/\\\/kibrisdakik.com\\\/wp-content\\\/uploads\\\/2025\\\/01\\\/Bu-aksam-Berat-Kandili.jpg\",\"contentUrl\":\"https:\\\/\\\/kibrisdakik.com\\\/wp-content\\\/uploads\\\/2025\\\/01\\\/Bu-aksam-Berat-Kandili.jpg\",\"width\":550,\"height\":367},{\"@type\":\"BreadcrumbList\",\"@id\":\"https:\\\/\\\/kibrisdakik.com\\\/?p=74384#breadcrumb\",\"itemListElement\":[{\"@type\":\"ListItem\",\"position\":1,\"name\":\"Home\",\"item\":\"https:\\\/\\\/kibrisdakik.com\\\/\"},{\"@type\":\"ListItem\",\"position\":2,\"name\":\"Bu gece Mira\u00e7 Kandili\"}]},{\"@type\":\"WebSite\",\"@id\":\"https:\\\/\\\/kibrisdakik.com\\\/#website\",\"url\":\"https:\\\/\\\/kibrisdakik.com\\\/\",\"name\":\"\",\"description\":\"Tam vaktinde haber\",\"potentialAction\":[{\"@type\":\"SearchAction\",\"target\":{\"@type\":\"EntryPoint\",\"urlTemplate\":\"https:\\\/\\\/kibrisdakik.com\\\/?s={search_term_string}\"},\"query-input\":{\"@type\":\"PropertyValueSpecification\",\"valueRequired\":true,\"valueName\":\"search_term_string\"}}],\"inLanguage\":\"tr\"},{\"@type\":\"Person\",\"@id\":\"https:\\\/\\\/kibrisdakik.com\\\/#\\\/schema\\\/person\\\/9cd9d437bbb44f72b73ba127e06d8e79\",\"name\":\"admin\",\"image\":{\"@type\":\"ImageObject\",\"inLanguage\":\"tr\",\"@id\":\"https:\\\/\\\/secure.gravatar.com\\\/avatar\\\/ccc17943b9d660506c869530f897617f7cb1c21a4bf30023f252596d83e1f007?s=96&d=mm&r=g\",\"url\":\"https:\\\/\\\/secure.gravatar.com\\\/avatar\\\/ccc17943b9d660506c869530f897617f7cb1c21a4bf30023f252596d83e1f007?s=96&d=mm&r=g\",\"contentUrl\":\"https:\\\/\\\/secure.gravatar.com\\\/avatar\\\/ccc17943b9d660506c869530f897617f7cb1c21a4bf30023f252596d83e1f007?s=96&d=mm&r=g\",\"caption\":\"admin\"},\"sameAs\":[\"https:\\\/\\\/kibrisdakik.com\"],\"url\":\"https:\\\/\\\/kibrisdakik.com\\\/?author=1\"}]}<\/script>\n<!-- \/ Yoast SEO plugin. -->","yoast_head_json":{"title":"Bu gece Mira\u00e7 Kandili -","robots":{"index":"index","follow":"follow","max-snippet":"max-snippet:-1","max-image-preview":"max-image-preview:large","max-video-preview":"max-video-preview:-1"},"canonical":"https:\/\/kibrisdakik.com\/?p=74384","og_locale":"tr_TR","og_type":"article","og_title":"Bu gece Mira\u00e7 Kandili -","og_description":"Bu gece Mira\u00e7 Kandili\u2026 Din G\u00f6revlileri Derne\u011fi Ba\u015fkan\u0131 G\u00f6kan \u0130nik, Mira\u00e7 Kandili nedeniyle yay\u0131mlad\u0131\u011f\u0131 mesajda, \u201cBu kutlu gecede kalplerimiz bu g\u00fczel duygularla dolsun. Allah\u2019\u0131n hidayeti, rahmeti ve bereketinin hi\u00e7 eksik olmamas\u0131 temennisi ile Mira\u00e7 kandilinin milletimize ve t\u00fcm \u0130slam \u00e2leminin birlik ve beraberli\u011fine vesile olmas\u0131n\u0131 Rabbimden niyaz ederim.\u201d dedi. \u00dc\u00e7 aylar\u0131n birincisi olan Recep ay\u0131n\u0131n","og_url":"https:\/\/kibrisdakik.com\/?p=74384","article_published_time":"2025-01-26T09:22:20+00:00","og_image":[{"width":550,"height":367,"url":"https:\/\/kibrisdakik.com\/wp-content\/uploads\/2025\/01\/Bu-aksam-Berat-Kandili.jpg","type":"image\/jpeg"}],"author":"admin","twitter_card":"summary_large_image","twitter_misc":{"Yazan:":"admin","Tahmini okuma s\u00fcresi":"2 dakika"},"schema":{"@context":"https:\/\/schema.org","@graph":[{"@type":"Article","@id":"https:\/\/kibrisdakik.com\/?p=74384#article","isPartOf":{"@id":"https:\/\/kibrisdakik.com\/?p=74384"},"author":{"name":"admin","@id":"https:\/\/kibrisdakik.com\/#\/schema\/person\/9cd9d437bbb44f72b73ba127e06d8e79"},"headline":"Bu gece Mira\u00e7 Kandili","datePublished":"2025-01-26T09:22:20+00:00","mainEntityOfPage":{"@id":"https:\/\/kibrisdakik.com\/?p=74384"},"wordCount":320,"commentCount":0,"image":{"@id":"https:\/\/kibrisdakik.com\/?p=74384#primaryimage"},"thumbnailUrl":"https:\/\/kibrisdakik.com\/wp-content\/uploads\/2025\/01\/Bu-aksam-Berat-Kandili.jpg","articleSection":["K\u0131br\u0131s","Man\u015fet"],"inLanguage":"tr","potentialAction":[{"@type":"CommentAction","name":"Comment","target":["https:\/\/kibrisdakik.com\/?p=74384#respond"]}]},{"@type":"WebPage","@id":"https:\/\/kibrisdakik.com\/?p=74384","url":"https:\/\/kibrisdakik.com\/?p=74384","name":"Bu gece Mira\u00e7 Kandili -","isPartOf":{"@id":"https:\/\/kibrisdakik.com\/#website"},"primaryImageOfPage":{"@id":"https:\/\/kibrisdakik.com\/?p=74384#primaryimage"},"image":{"@id":"https:\/\/kibrisdakik.com\/?p=74384#primaryimage"},"thumbnailUrl":"https:\/\/kibrisdakik.com\/wp-content\/uploads\/2025\/01\/Bu-aksam-Berat-Kandili.jpg","datePublished":"2025-01-26T09:22:20+00:00","author":{"@id":"https:\/\/kibrisdakik.com\/#\/schema\/person\/9cd9d437bbb44f72b73ba127e06d8e79"},"breadcrumb":{"@id":"https:\/\/kibrisdakik.com\/?p=74384#breadcrumb"},"inLanguage":"tr","potentialAction":[{"@type":"ReadAction","target":["https:\/\/kibrisdakik.com\/?p=74384"]}]},{"@type":"ImageObject","inLanguage":"tr","@id":"https:\/\/kibrisdakik.com\/?p=74384#primaryimage","url":"https:\/\/kibrisdakik.com\/wp-content\/uploads\/2025\/01\/Bu-aksam-Berat-Kandili.jpg","contentUrl":"https:\/\/kibrisdakik.com\/wp-content\/uploads\/2025\/01\/Bu-aksam-Berat-Kandili.jpg","width":550,"height":367},{"@type":"BreadcrumbList","@id":"https:\/\/kibrisdakik.com\/?p=74384#breadcrumb","itemListElement":[{"@type":"ListItem","position":1,"name":"Home","item":"https:\/\/kibrisdakik.com\/"},{"@type":"ListItem","position":2,"name":"Bu gece Mira\u00e7 Kandili"}]},{"@type":"WebSite","@id":"https:\/\/kibrisdakik.com\/#website","url":"https:\/\/kibrisdakik.com\/","name":"","description":"Tam vaktinde haber","potentialAction":[{"@type":"SearchAction","target":{"@type":"EntryPoint","urlTemplate":"https:\/\/kibrisdakik.com\/?s={search_term_string}"},"query-input":{"@type":"PropertyValueSpecification","valueRequired":true,"valueName":"search_term_string"}}],"inLanguage":"tr"},{"@type":"Person","@id":"https:\/\/kibrisdakik.com\/#\/schema\/person\/9cd9d437bbb44f72b73ba127e06d8e79","name":"admin","image":{"@type":"ImageObject","inLanguage":"tr","@id":"https:\/\/secure.gravatar.com\/avatar\/ccc17943b9d660506c869530f897617f7cb1c21a4bf30023f252596d83e1f007?s=96&d=mm&r=g","url":"https:\/\/secure.gravatar.com\/avatar\/ccc17943b9d660506c869530f897617f7cb1c21a4bf30023f252596d83e1f007?s=96&d=mm&r=g","contentUrl":"https:\/\/secure.gravatar.com\/avatar\/ccc17943b9d660506c869530f897617f7cb1c21a4bf30023f252596d83e1f007?s=96&d=mm&r=g","caption":"admin"},"sameAs":["https:\/\/kibrisdakik.com"],"url":"https:\/\/kibrisdakik.com\/?author=1"}]}},"_links":{"self":[{"href":"https:\/\/kibrisdakik.com\/index.php?rest_route=\/wp\/v2\/posts\/74384","targetHints":{"allow":["GET"]}}],"collection":[{"href":"https:\/\/kibrisdakik.com\/index.php?rest_route=\/wp\/v2\/posts"}],"about":[{"href":"https:\/\/kibrisdakik.com\/index.php?rest_route=\/wp\/v2\/types\/post"}],"author":[{"embeddable":true,"href":"https:\/\/kibrisdakik.com\/index.php?rest_route=\/wp\/v2\/users\/1"}],"replies":[{"embeddable":true,"href":"https:\/\/kibrisdakik.com\/index.php?rest_route=%2Fwp%2Fv2%2Fcomments&post=74384"}],"version-history":[{"count":0,"href":"https:\/\/kibrisdakik.com\/index.php?rest_route=\/wp\/v2\/posts\/74384\/revisions"}],"wp:featuredmedia":[{"embeddable":true,"href":"https:\/\/kibrisdakik.com\/index.php?rest_route=\/wp\/v2\/media\/74385"}],"wp:attachment":[{"href":"https:\/\/kibrisdakik.com\/index.php?rest_route=%2Fwp%2Fv2%2Fmedia&parent=74384"}],"wp:term":[{"taxonomy":"category","embeddable":true,"href":"https:\/\/kibrisdakik.com\/index.php?rest_route=%2Fwp%2Fv2%2Fcategories&post=74384"},{"taxonomy":"post_tag","embeddable":true,"href":"https:\/\/kibrisdakik.com\/index.php?rest_route=%2Fwp%2Fv2%2Ftags&post=74384"}],"curies":[{"name":"wp","href":"https:\/\/api.w.org\/{rel}","templated":true}]}}