{"id":74390,"date":"2025-01-26T13:08:28","date_gmt":"2025-01-26T10:08:28","guid":{"rendered":"https:\/\/kibrisdakik.com\/index.php\/2025\/01\/26\/kibtes-guneyde-camilerin-saldiriya-ugramasini-kinadi\/"},"modified":"2025-01-26T13:08:28","modified_gmt":"2025-01-26T10:08:28","slug":"kibtes-guneyde-camilerin-saldiriya-ugramasini-kinadi","status":"publish","type":"post","link":"https:\/\/kibrisdakik.com\/?p=74390","title":{"rendered":"KIBTES, g\u00fcneyde camilerin sald\u0131r\u0131ya u\u011framas\u0131n\u0131 k\u0131nad\u0131"},"content":{"rendered":"<div>\n<div class=\"mariselle-image-container center\">\n                                            <\/div>\n<p>K\u0131br\u0131s T\u00fcrk E\u011fitimciler Sendikas\u0131 (KIBTES), G\u00fcney Lefko\u015fa\u2019daki Bayraktar Cami ile di\u011fer camilere yap\u0131lan sald\u0131r\u0131lar\u0131 k\u0131nad\u0131.<\/p>\n<p>Sendika Ba\u015fkan\u0131 Himmet Turgut yaz\u0131l\u0131 a\u00e7\u0131klamas\u0131nda, kutsal mekanlara, ibadet mekanlar\u0131na ve sembollerine sayg\u0131 hakk\u0131n\u0131n, din ve vicdan h\u00fcrriyeti kapsam\u0131ndaki haklar oldu\u011funa, bu mekanlara yap\u0131lan sald\u0131r\u0131lar\u0131n da din ve vicdan h\u00fcrriyetine sald\u0131r\u0131 olarak uluslararas\u0131 s\u00f6zle\u015fmelerle teyit edildi\u011fine i\u015faret etti.<\/p>\n<p>Turgut, \u201c\u0130badet yerlerinin koruyuculu\u011funu \u00fcstlenen bir y\u00f6netimin, milletin inanc\u0131na yap\u0131lan do\u011frudan veya dolayl\u0131 sald\u0131r\u0131lara f\u0131rsat vermemesi, sald\u0131ranlar\u0131 da cayd\u0131r\u0131c\u0131 cezalarla cezaland\u0131rmas\u0131 din ve vicdan h\u00fcrriyeti ile kamu d\u00fczeninin gerekleri kapsam\u0131ndad\u0131r.\u201d dedi.<\/p>\n<p>G\u00fcney Lefko\u015fa\u2019da bulunan Bayraktar Cami\u2019ye bir haftada iki kez sald\u0131r\u0131 d\u00fczenlenmesinin infial olu\u015fturdu\u011funu kaydeden Himmet Turgut, bu ve benzer sald\u0131r\u0131lar\u0131n cezas\u0131z b\u0131rak\u0131lmas\u0131n\u0131 \u00fcz\u00fcnt\u00fcyle takip ettiklerini belirtti.<\/p>\n<p>Turgut, hangi dine veya inanca ait olursa olsun, hangi milletin mensubu olursa olsun, kutsal mekanlara y\u00f6nelik t\u00fcm \u015fiddet eylemlerini esefle kar\u015f\u0131lad\u0131klar\u0131n\u0131, \u015fiddetle k\u0131nad\u0131klar\u0131n\u0131 vurgulayarak, Rum y\u00f6netimini bu sald\u0131r\u0131lar\u0131 cezas\u0131z b\u0131rakmamaya, faillerini en k\u0131sa zamanda tespit edip cezaland\u0131rmaya ve bu t\u00fcr sald\u0131r\u0131lar\u0131n tekrarlanmamas\u0131 i\u00e7in etkin ve kararl\u0131 tedbirler almaya davet etti.<\/p>\n<\/p><\/div>\n<p><script async\n                    defer\n                    crossorigin=\"anonymous\"\n                    src=\"https:\/\/connect.facebook.net\/tr_TR\/sdk.js#xfbml=1&#038;version=v3.3\"\n            ><\/script><\/p>\n","protected":false},"excerpt":{"rendered":"<p>K\u0131br\u0131s T\u00fcrk E\u011fitimciler Sendikas\u0131 (KIBTES), G\u00fcney Lefko\u015fa\u2019daki Bayraktar Cami ile di\u011fer camilere yap\u0131lan sald\u0131r\u0131lar\u0131 k\u0131nad\u0131. Sendika Ba\u015fkan\u0131 Himmet Turgut yaz\u0131l\u0131 a\u00e7\u0131klamas\u0131nda, kutsal mekanlara, ibadet mekanlar\u0131na ve sembollerine sayg\u0131 hakk\u0131n\u0131n, din ve vicdan h\u00fcrriyeti kapsam\u0131ndaki haklar oldu\u011funa, bu mekanlara yap\u0131lan sald\u0131r\u0131lar\u0131n da din ve vicdan h\u00fcrriyetine sald\u0131r\u0131 olarak uluslararas\u0131 s\u00f6zle\u015fmelerle teyit edildi\u011fine i\u015faret etti. Turgut, \u201c\u0130badet<\/p>\n","protected":false},"author":1,"featured_media":74391,"comment_status":"open","ping_status":"open","sticky":false,"template":"","format":"standard","meta":{"footnotes":""},"categories":[81,101],"tags":[],"class_list":["post-74390","post","type-post","status-publish","format-standard","has-post-thumbnail","hentry","category-kibris","category-manset"],"yoast_head":"<!-- This site is optimized with the Yoast SEO plugin v27.5 - https:\/\/yoast.com\/product\/yoast-seo-wordpress\/ -->\n<title>KIBTES, g\u00fcneyde camilerin sald\u0131r\u0131ya u\u011framas\u0131n\u0131 k\u0131nad\u0131 -<\/title>\n<meta name=\"robots\" content=\"index, follow, max-snippet:-1, max-image-preview:large, max-video-preview:-1\" \/>\n<link rel=\"canonical\" href=\"https:\/\/kibrisdakik.com\/?p=74390\" \/>\n<meta property=\"og:locale\" content=\"tr_TR\" \/>\n<meta property=\"og:type\" content=\"article\" \/>\n<meta property=\"og:title\" content=\"KIBTES, g\u00fcneyde camilerin sald\u0131r\u0131ya u\u011framas\u0131n\u0131 k\u0131nad\u0131 -\" \/>\n<meta property=\"og:description\" content=\"K\u0131br\u0131s T\u00fcrk E\u011fitimciler Sendikas\u0131 (KIBTES), G\u00fcney Lefko\u015fa\u2019daki Bayraktar Cami ile di\u011fer camilere yap\u0131lan sald\u0131r\u0131lar\u0131 k\u0131nad\u0131. Sendika Ba\u015fkan\u0131 Himmet Turgut yaz\u0131l\u0131 a\u00e7\u0131klamas\u0131nda, kutsal mekanlara, ibadet mekanlar\u0131na ve sembollerine sayg\u0131 hakk\u0131n\u0131n, din ve vicdan h\u00fcrriyeti kapsam\u0131ndaki haklar oldu\u011funa, bu mekanlara yap\u0131lan sald\u0131r\u0131lar\u0131n da din ve vicdan h\u00fcrriyetine sald\u0131r\u0131 olarak uluslararas\u0131 s\u00f6zle\u015fmelerle teyit edildi\u011fine i\u015faret etti. Turgut, \u201c\u0130badet\" \/>\n<meta property=\"og:url\" content=\"https:\/\/kibrisdakik.com\/?p=74390\" \/>\n<meta property=\"article:published_time\" content=\"2025-01-26T10:08:28+00:00\" \/>\n<meta property=\"og:image\" content=\"https:\/\/kibrisdakik.com\/wp-content\/uploads\/2025\/01\/kibtes4-740x420.jpg\" \/>\n\t<meta property=\"og:image:width\" content=\"971\" \/>\n\t<meta property=\"og:image:height\" content=\"551\" \/>\n\t<meta property=\"og:image:type\" content=\"image\/jpeg\" \/>\n<meta name=\"author\" content=\"admin\" \/>\n<meta name=\"twitter:card\" content=\"summary_large_image\" \/>\n<meta name=\"twitter:label1\" content=\"Yazan:\" \/>\n\t<meta name=\"twitter:data1\" content=\"admin\" \/>\n\t<meta name=\"twitter:label2\" content=\"Tahmini okuma s\u00fcresi\" \/>\n\t<meta name=\"twitter:data2\" content=\"1 dakika\" \/>\n<script type=\"application\/ld+json\" class=\"yoast-schema-graph\">{\"@context\":\"https:\\\/\\\/schema.org\",\"@graph\":[{\"@type\":\"Article\",\"@id\":\"https:\\\/\\\/kibrisdakik.com\\\/?p=74390#article\",\"isPartOf\":{\"@id\":\"https:\\\/\\\/kibrisdakik.com\\\/?p=74390\"},\"author\":{\"name\":\"admin\",\"@id\":\"https:\\\/\\\/kibrisdakik.com\\\/#\\\/schema\\\/person\\\/9cd9d437bbb44f72b73ba127e06d8e79\"},\"headline\":\"KIBTES, g\u00fcneyde camilerin sald\u0131r\u0131ya u\u011framas\u0131n\u0131 k\u0131nad\u0131\",\"datePublished\":\"2025-01-26T10:08:28+00:00\",\"mainEntityOfPage\":{\"@id\":\"https:\\\/\\\/kibrisdakik.com\\\/?p=74390\"},\"wordCount\":257,\"commentCount\":0,\"image\":{\"@id\":\"https:\\\/\\\/kibrisdakik.com\\\/?p=74390#primaryimage\"},\"thumbnailUrl\":\"https:\\\/\\\/kibrisdakik.com\\\/wp-content\\\/uploads\\\/2025\\\/01\\\/kibtes4-740x420.jpg\",\"articleSection\":[\"K\u0131br\u0131s\",\"Man\u015fet\"],\"inLanguage\":\"tr\",\"potentialAction\":[{\"@type\":\"CommentAction\",\"name\":\"Comment\",\"target\":[\"https:\\\/\\\/kibrisdakik.com\\\/?p=74390#respond\"]}]},{\"@type\":\"WebPage\",\"@id\":\"https:\\\/\\\/kibrisdakik.com\\\/?p=74390\",\"url\":\"https:\\\/\\\/kibrisdakik.com\\\/?p=74390\",\"name\":\"KIBTES, g\u00fcneyde camilerin sald\u0131r\u0131ya u\u011framas\u0131n\u0131 k\u0131nad\u0131 -\",\"isPartOf\":{\"@id\":\"https:\\\/\\\/kibrisdakik.com\\\/#website\"},\"primaryImageOfPage\":{\"@id\":\"https:\\\/\\\/kibrisdakik.com\\\/?p=74390#primaryimage\"},\"image\":{\"@id\":\"https:\\\/\\\/kibrisdakik.com\\\/?p=74390#primaryimage\"},\"thumbnailUrl\":\"https:\\\/\\\/kibrisdakik.com\\\/wp-content\\\/uploads\\\/2025\\\/01\\\/kibtes4-740x420.jpg\",\"datePublished\":\"2025-01-26T10:08:28+00:00\",\"author\":{\"@id\":\"https:\\\/\\\/kibrisdakik.com\\\/#\\\/schema\\\/person\\\/9cd9d437bbb44f72b73ba127e06d8e79\"},\"breadcrumb\":{\"@id\":\"https:\\\/\\\/kibrisdakik.com\\\/?p=74390#breadcrumb\"},\"inLanguage\":\"tr\",\"potentialAction\":[{\"@type\":\"ReadAction\",\"target\":[\"https:\\\/\\\/kibrisdakik.com\\\/?p=74390\"]}]},{\"@type\":\"ImageObject\",\"inLanguage\":\"tr\",\"@id\":\"https:\\\/\\\/kibrisdakik.com\\\/?p=74390#primaryimage\",\"url\":\"https:\\\/\\\/kibrisdakik.com\\\/wp-content\\\/uploads\\\/2025\\\/01\\\/kibtes4-740x420.jpg\",\"contentUrl\":\"https:\\\/\\\/kibrisdakik.com\\\/wp-content\\\/uploads\\\/2025\\\/01\\\/kibtes4-740x420.jpg\",\"width\":971,\"height\":551},{\"@type\":\"BreadcrumbList\",\"@id\":\"https:\\\/\\\/kibrisdakik.com\\\/?p=74390#breadcrumb\",\"itemListElement\":[{\"@type\":\"ListItem\",\"position\":1,\"name\":\"Home\",\"item\":\"https:\\\/\\\/kibrisdakik.com\\\/\"},{\"@type\":\"ListItem\",\"position\":2,\"name\":\"KIBTES, g\u00fcneyde camilerin sald\u0131r\u0131ya u\u011framas\u0131n\u0131 k\u0131nad\u0131\"}]},{\"@type\":\"WebSite\",\"@id\":\"https:\\\/\\\/kibrisdakik.com\\\/#website\",\"url\":\"https:\\\/\\\/kibrisdakik.com\\\/\",\"name\":\"\",\"description\":\"Tam vaktinde haber\",\"potentialAction\":[{\"@type\":\"SearchAction\",\"target\":{\"@type\":\"EntryPoint\",\"urlTemplate\":\"https:\\\/\\\/kibrisdakik.com\\\/?s={search_term_string}\"},\"query-input\":{\"@type\":\"PropertyValueSpecification\",\"valueRequired\":true,\"valueName\":\"search_term_string\"}}],\"inLanguage\":\"tr\"},{\"@type\":\"Person\",\"@id\":\"https:\\\/\\\/kibrisdakik.com\\\/#\\\/schema\\\/person\\\/9cd9d437bbb44f72b73ba127e06d8e79\",\"name\":\"admin\",\"image\":{\"@type\":\"ImageObject\",\"inLanguage\":\"tr\",\"@id\":\"https:\\\/\\\/secure.gravatar.com\\\/avatar\\\/ccc17943b9d660506c869530f897617f7cb1c21a4bf30023f252596d83e1f007?s=96&d=mm&r=g\",\"url\":\"https:\\\/\\\/secure.gravatar.com\\\/avatar\\\/ccc17943b9d660506c869530f897617f7cb1c21a4bf30023f252596d83e1f007?s=96&d=mm&r=g\",\"contentUrl\":\"https:\\\/\\\/secure.gravatar.com\\\/avatar\\\/ccc17943b9d660506c869530f897617f7cb1c21a4bf30023f252596d83e1f007?s=96&d=mm&r=g\",\"caption\":\"admin\"},\"sameAs\":[\"https:\\\/\\\/kibrisdakik.com\"],\"url\":\"https:\\\/\\\/kibrisdakik.com\\\/?author=1\"}]}<\/script>\n<!-- \/ Yoast SEO plugin. -->","yoast_head_json":{"title":"KIBTES, g\u00fcneyde camilerin sald\u0131r\u0131ya u\u011framas\u0131n\u0131 k\u0131nad\u0131 -","robots":{"index":"index","follow":"follow","max-snippet":"max-snippet:-1","max-image-preview":"max-image-preview:large","max-video-preview":"max-video-preview:-1"},"canonical":"https:\/\/kibrisdakik.com\/?p=74390","og_locale":"tr_TR","og_type":"article","og_title":"KIBTES, g\u00fcneyde camilerin sald\u0131r\u0131ya u\u011framas\u0131n\u0131 k\u0131nad\u0131 -","og_description":"K\u0131br\u0131s T\u00fcrk E\u011fitimciler Sendikas\u0131 (KIBTES), G\u00fcney Lefko\u015fa\u2019daki Bayraktar Cami ile di\u011fer camilere yap\u0131lan sald\u0131r\u0131lar\u0131 k\u0131nad\u0131. Sendika Ba\u015fkan\u0131 Himmet Turgut yaz\u0131l\u0131 a\u00e7\u0131klamas\u0131nda, kutsal mekanlara, ibadet mekanlar\u0131na ve sembollerine sayg\u0131 hakk\u0131n\u0131n, din ve vicdan h\u00fcrriyeti kapsam\u0131ndaki haklar oldu\u011funa, bu mekanlara yap\u0131lan sald\u0131r\u0131lar\u0131n da din ve vicdan h\u00fcrriyetine sald\u0131r\u0131 olarak uluslararas\u0131 s\u00f6zle\u015fmelerle teyit edildi\u011fine i\u015faret etti. Turgut, \u201c\u0130badet","og_url":"https:\/\/kibrisdakik.com\/?p=74390","article_published_time":"2025-01-26T10:08:28+00:00","og_image":[{"width":971,"height":551,"url":"https:\/\/kibrisdakik.com\/wp-content\/uploads\/2025\/01\/kibtes4-740x420.jpg","type":"image\/jpeg"}],"author":"admin","twitter_card":"summary_large_image","twitter_misc":{"Yazan:":"admin","Tahmini okuma s\u00fcresi":"1 dakika"},"schema":{"@context":"https:\/\/schema.org","@graph":[{"@type":"Article","@id":"https:\/\/kibrisdakik.com\/?p=74390#article","isPartOf":{"@id":"https:\/\/kibrisdakik.com\/?p=74390"},"author":{"name":"admin","@id":"https:\/\/kibrisdakik.com\/#\/schema\/person\/9cd9d437bbb44f72b73ba127e06d8e79"},"headline":"KIBTES, g\u00fcneyde camilerin sald\u0131r\u0131ya u\u011framas\u0131n\u0131 k\u0131nad\u0131","datePublished":"2025-01-26T10:08:28+00:00","mainEntityOfPage":{"@id":"https:\/\/kibrisdakik.com\/?p=74390"},"wordCount":257,"commentCount":0,"image":{"@id":"https:\/\/kibrisdakik.com\/?p=74390#primaryimage"},"thumbnailUrl":"https:\/\/kibrisdakik.com\/wp-content\/uploads\/2025\/01\/kibtes4-740x420.jpg","articleSection":["K\u0131br\u0131s","Man\u015fet"],"inLanguage":"tr","potentialAction":[{"@type":"CommentAction","name":"Comment","target":["https:\/\/kibrisdakik.com\/?p=74390#respond"]}]},{"@type":"WebPage","@id":"https:\/\/kibrisdakik.com\/?p=74390","url":"https:\/\/kibrisdakik.com\/?p=74390","name":"KIBTES, g\u00fcneyde camilerin sald\u0131r\u0131ya u\u011framas\u0131n\u0131 k\u0131nad\u0131 -","isPartOf":{"@id":"https:\/\/kibrisdakik.com\/#website"},"primaryImageOfPage":{"@id":"https:\/\/kibrisdakik.com\/?p=74390#primaryimage"},"image":{"@id":"https:\/\/kibrisdakik.com\/?p=74390#primaryimage"},"thumbnailUrl":"https:\/\/kibrisdakik.com\/wp-content\/uploads\/2025\/01\/kibtes4-740x420.jpg","datePublished":"2025-01-26T10:08:28+00:00","author":{"@id":"https:\/\/kibrisdakik.com\/#\/schema\/person\/9cd9d437bbb44f72b73ba127e06d8e79"},"breadcrumb":{"@id":"https:\/\/kibrisdakik.com\/?p=74390#breadcrumb"},"inLanguage":"tr","potentialAction":[{"@type":"ReadAction","target":["https:\/\/kibrisdakik.com\/?p=74390"]}]},{"@type":"ImageObject","inLanguage":"tr","@id":"https:\/\/kibrisdakik.com\/?p=74390#primaryimage","url":"https:\/\/kibrisdakik.com\/wp-content\/uploads\/2025\/01\/kibtes4-740x420.jpg","contentUrl":"https:\/\/kibrisdakik.com\/wp-content\/uploads\/2025\/01\/kibtes4-740x420.jpg","width":971,"height":551},{"@type":"BreadcrumbList","@id":"https:\/\/kibrisdakik.com\/?p=74390#breadcrumb","itemListElement":[{"@type":"ListItem","position":1,"name":"Home","item":"https:\/\/kibrisdakik.com\/"},{"@type":"ListItem","position":2,"name":"KIBTES, g\u00fcneyde camilerin sald\u0131r\u0131ya u\u011framas\u0131n\u0131 k\u0131nad\u0131"}]},{"@type":"WebSite","@id":"https:\/\/kibrisdakik.com\/#website","url":"https:\/\/kibrisdakik.com\/","name":"","description":"Tam vaktinde haber","potentialAction":[{"@type":"SearchAction","target":{"@type":"EntryPoint","urlTemplate":"https:\/\/kibrisdakik.com\/?s={search_term_string}"},"query-input":{"@type":"PropertyValueSpecification","valueRequired":true,"valueName":"search_term_string"}}],"inLanguage":"tr"},{"@type":"Person","@id":"https:\/\/kibrisdakik.com\/#\/schema\/person\/9cd9d437bbb44f72b73ba127e06d8e79","name":"admin","image":{"@type":"ImageObject","inLanguage":"tr","@id":"https:\/\/secure.gravatar.com\/avatar\/ccc17943b9d660506c869530f897617f7cb1c21a4bf30023f252596d83e1f007?s=96&d=mm&r=g","url":"https:\/\/secure.gravatar.com\/avatar\/ccc17943b9d660506c869530f897617f7cb1c21a4bf30023f252596d83e1f007?s=96&d=mm&r=g","contentUrl":"https:\/\/secure.gravatar.com\/avatar\/ccc17943b9d660506c869530f897617f7cb1c21a4bf30023f252596d83e1f007?s=96&d=mm&r=g","caption":"admin"},"sameAs":["https:\/\/kibrisdakik.com"],"url":"https:\/\/kibrisdakik.com\/?author=1"}]}},"_links":{"self":[{"href":"https:\/\/kibrisdakik.com\/index.php?rest_route=\/wp\/v2\/posts\/74390","targetHints":{"allow":["GET"]}}],"collection":[{"href":"https:\/\/kibrisdakik.com\/index.php?rest_route=\/wp\/v2\/posts"}],"about":[{"href":"https:\/\/kibrisdakik.com\/index.php?rest_route=\/wp\/v2\/types\/post"}],"author":[{"embeddable":true,"href":"https:\/\/kibrisdakik.com\/index.php?rest_route=\/wp\/v2\/users\/1"}],"replies":[{"embeddable":true,"href":"https:\/\/kibrisdakik.com\/index.php?rest_route=%2Fwp%2Fv2%2Fcomments&post=74390"}],"version-history":[{"count":0,"href":"https:\/\/kibrisdakik.com\/index.php?rest_route=\/wp\/v2\/posts\/74390\/revisions"}],"wp:featuredmedia":[{"embeddable":true,"href":"https:\/\/kibrisdakik.com\/index.php?rest_route=\/wp\/v2\/media\/74391"}],"wp:attachment":[{"href":"https:\/\/kibrisdakik.com\/index.php?rest_route=%2Fwp%2Fv2%2Fmedia&parent=74390"}],"wp:term":[{"taxonomy":"category","embeddable":true,"href":"https:\/\/kibrisdakik.com\/index.php?rest_route=%2Fwp%2Fv2%2Fcategories&post=74390"},{"taxonomy":"post_tag","embeddable":true,"href":"https:\/\/kibrisdakik.com\/index.php?rest_route=%2Fwp%2Fv2%2Ftags&post=74390"}],"curies":[{"name":"wp","href":"https:\/\/api.w.org\/{rel}","templated":true}]}}