{"id":74419,"date":"2025-01-26T16:26:38","date_gmt":"2025-01-26T13:26:38","guid":{"rendered":"https:\/\/kibrisdakik.com\/index.php\/2025\/01\/26\/icisleri-bakani-dursun-oguzdan-mirac-kandili-mesaji\/"},"modified":"2025-01-26T16:26:38","modified_gmt":"2025-01-26T13:26:38","slug":"icisleri-bakani-dursun-oguzdan-mirac-kandili-mesaji","status":"publish","type":"post","link":"https:\/\/kibrisdakik.com\/?p=74419","title":{"rendered":"\u0130\u00e7i\u015fleri Bakan\u0131 Dursun O\u011fuz\u2019dan Mira\u00e7 Kandili mesaj\u0131"},"content":{"rendered":"<div>\n<div class=\"mariselle-image-container center\">\n                                            <\/div>\n<p>\u0130\u00e7i\u015fleri Bakan\u0131 Dursun O\u011fuz, Mira\u00e7 Kandili\u2019nin \u0130slam d\u00fcnyas\u0131 i\u00e7in b\u00fcy\u00fck bir manevi \u00f6neme sahip oldu\u011funu belirterek, bu m\u00fcbarek gecenin y\u00fcce Allah\u2019\u0131n rahmetine, ma\u011ffiretine ve bereketine vesile oldu\u011funu ifade etti.<\/p>\n<p>\u0130\u00e7i\u015fleri Bakan\u0131 Dursun O\u011fuz, Mira\u00e7 Kandili dolay\u0131s\u0131yla mesaj yay\u0131mlad\u0131.<\/p>\n<p>Mira\u00e7\u2019\u0131n yaln\u0131zca bir y\u00fckseli\u015f de\u011fil, ayn\u0131 zamanda insanl\u0131k i\u00e7in rahmet, sevgi, ho\u015fg\u00f6r\u00fc ve karde\u015flik gibi evrensel de\u011ferleri hat\u0131rlatan kutlu bir yolculuk oldu\u011funu vurgulayan Bakan O\u011fuz, \u201cBu anlaml\u0131 gecede, birlik ve beraberli\u011fimizi daha da peki\u015ftirmeli, ihtiya\u00e7 sahibi olanlara yard\u0131m elini uzatmal\u0131 ve dualar\u0131m\u0131zda t\u00fcm insanl\u0131k i\u00e7in bar\u0131\u015f ve huzur dilemeyi unutmamal\u0131y\u0131z\u201d dedi.<\/p>\n<p>Bakan O\u011fuz, mesaj\u0131nda ayr\u0131ca, Mira\u00e7 Kandili\u2019nin \u00fclkeye, millete ve t\u00fcm \u0130slam \u00e2lemine hay\u0131rlar getirmesi temennisinde bulunarak, \u201cBu m\u00fcbarek gecenin g\u00f6n\u00fcllerimize huzur ve karde\u015flik duygular\u0131n\u0131 yerle\u015ftirmesini diliyorum. T\u00fcm vatanda\u015flar\u0131m\u0131z\u0131n Mira\u00e7 Kandili m\u00fcbarek olsun\u201d ifadelerine yer verdi.<\/p>\n<\/p><\/div>\n<p><script async\n                    defer\n                    crossorigin=\"anonymous\"\n                    src=\"https:\/\/connect.facebook.net\/tr_TR\/sdk.js#xfbml=1&#038;version=v3.3\"\n            ><\/script><\/p>\n","protected":false},"excerpt":{"rendered":"<p>\u0130\u00e7i\u015fleri Bakan\u0131 Dursun O\u011fuz, Mira\u00e7 Kandili\u2019nin \u0130slam d\u00fcnyas\u0131 i\u00e7in b\u00fcy\u00fck bir manevi \u00f6neme sahip oldu\u011funu belirterek, bu m\u00fcbarek gecenin y\u00fcce Allah\u2019\u0131n rahmetine, ma\u011ffiretine ve bereketine vesile oldu\u011funu ifade etti. \u0130\u00e7i\u015fleri Bakan\u0131 Dursun O\u011fuz, Mira\u00e7 Kandili dolay\u0131s\u0131yla mesaj yay\u0131mlad\u0131. Mira\u00e7\u2019\u0131n yaln\u0131zca bir y\u00fckseli\u015f de\u011fil, ayn\u0131 zamanda insanl\u0131k i\u00e7in rahmet, sevgi, ho\u015fg\u00f6r\u00fc ve karde\u015flik gibi evrensel de\u011ferleri<\/p>\n","protected":false},"author":1,"featured_media":74420,"comment_status":"open","ping_status":"open","sticky":false,"template":"","format":"standard","meta":{"footnotes":""},"categories":[81,101],"tags":[],"class_list":["post-74419","post","type-post","status-publish","format-standard","has-post-thumbnail","hentry","category-kibris","category-manset"],"yoast_head":"<!-- This site is optimized with the Yoast SEO plugin v27.4 - https:\/\/yoast.com\/product\/yoast-seo-wordpress\/ -->\n<title>\u0130\u00e7i\u015fleri Bakan\u0131 Dursun O\u011fuz\u2019dan Mira\u00e7 Kandili mesaj\u0131 -<\/title>\n<meta name=\"robots\" content=\"index, follow, max-snippet:-1, max-image-preview:large, max-video-preview:-1\" \/>\n<link rel=\"canonical\" href=\"https:\/\/kibrisdakik.com\/?p=74419\" \/>\n<meta property=\"og:locale\" content=\"tr_TR\" \/>\n<meta property=\"og:type\" content=\"article\" \/>\n<meta property=\"og:title\" content=\"\u0130\u00e7i\u015fleri Bakan\u0131 Dursun O\u011fuz\u2019dan Mira\u00e7 Kandili mesaj\u0131 -\" \/>\n<meta property=\"og:description\" content=\"\u0130\u00e7i\u015fleri Bakan\u0131 Dursun O\u011fuz, Mira\u00e7 Kandili\u2019nin \u0130slam d\u00fcnyas\u0131 i\u00e7in b\u00fcy\u00fck bir manevi \u00f6neme sahip oldu\u011funu belirterek, bu m\u00fcbarek gecenin y\u00fcce Allah\u2019\u0131n rahmetine, ma\u011ffiretine ve bereketine vesile oldu\u011funu ifade etti. \u0130\u00e7i\u015fleri Bakan\u0131 Dursun O\u011fuz, Mira\u00e7 Kandili dolay\u0131s\u0131yla mesaj yay\u0131mlad\u0131. Mira\u00e7\u2019\u0131n yaln\u0131zca bir y\u00fckseli\u015f de\u011fil, ayn\u0131 zamanda insanl\u0131k i\u00e7in rahmet, sevgi, ho\u015fg\u00f6r\u00fc ve karde\u015flik gibi evrensel de\u011ferleri\" \/>\n<meta property=\"og:url\" content=\"https:\/\/kibrisdakik.com\/?p=74419\" \/>\n<meta property=\"article:published_time\" content=\"2025-01-26T13:26:38+00:00\" \/>\n<meta property=\"og:image\" content=\"https:\/\/kibrisdakik.com\/wp-content\/uploads\/2025\/01\/1737884858425DURSUN-OGUZ-740x420.jpg\" \/>\n\t<meta property=\"og:image:width\" content=\"1370\" \/>\n\t<meta property=\"og:image:height\" content=\"1004\" \/>\n\t<meta property=\"og:image:type\" content=\"image\/jpeg\" \/>\n<meta name=\"author\" content=\"admin\" \/>\n<meta name=\"twitter:card\" content=\"summary_large_image\" \/>\n<meta name=\"twitter:label1\" content=\"Yazan:\" \/>\n\t<meta name=\"twitter:data1\" content=\"admin\" \/>\n\t<meta name=\"twitter:label2\" content=\"Tahmini okuma s\u00fcresi\" \/>\n\t<meta name=\"twitter:data2\" content=\"1 dakika\" \/>\n<script type=\"application\/ld+json\" class=\"yoast-schema-graph\">{\"@context\":\"https:\\\/\\\/schema.org\",\"@graph\":[{\"@type\":\"Article\",\"@id\":\"https:\\\/\\\/kibrisdakik.com\\\/?p=74419#article\",\"isPartOf\":{\"@id\":\"https:\\\/\\\/kibrisdakik.com\\\/?p=74419\"},\"author\":{\"name\":\"admin\",\"@id\":\"https:\\\/\\\/kibrisdakik.com\\\/#\\\/schema\\\/person\\\/9cd9d437bbb44f72b73ba127e06d8e79\"},\"headline\":\"\u0130\u00e7i\u015fleri Bakan\u0131 Dursun O\u011fuz\u2019dan Mira\u00e7 Kandili mesaj\u0131\",\"datePublished\":\"2025-01-26T13:26:38+00:00\",\"mainEntityOfPage\":{\"@id\":\"https:\\\/\\\/kibrisdakik.com\\\/?p=74419\"},\"wordCount\":193,\"commentCount\":0,\"image\":{\"@id\":\"https:\\\/\\\/kibrisdakik.com\\\/?p=74419#primaryimage\"},\"thumbnailUrl\":\"https:\\\/\\\/kibrisdakik.com\\\/wp-content\\\/uploads\\\/2025\\\/01\\\/1737884858425DURSUN-OGUZ-740x420.jpg\",\"articleSection\":[\"K\u0131br\u0131s\",\"Man\u015fet\"],\"inLanguage\":\"tr\",\"potentialAction\":[{\"@type\":\"CommentAction\",\"name\":\"Comment\",\"target\":[\"https:\\\/\\\/kibrisdakik.com\\\/?p=74419#respond\"]}]},{\"@type\":\"WebPage\",\"@id\":\"https:\\\/\\\/kibrisdakik.com\\\/?p=74419\",\"url\":\"https:\\\/\\\/kibrisdakik.com\\\/?p=74419\",\"name\":\"\u0130\u00e7i\u015fleri Bakan\u0131 Dursun O\u011fuz\u2019dan Mira\u00e7 Kandili mesaj\u0131 -\",\"isPartOf\":{\"@id\":\"https:\\\/\\\/kibrisdakik.com\\\/#website\"},\"primaryImageOfPage\":{\"@id\":\"https:\\\/\\\/kibrisdakik.com\\\/?p=74419#primaryimage\"},\"image\":{\"@id\":\"https:\\\/\\\/kibrisdakik.com\\\/?p=74419#primaryimage\"},\"thumbnailUrl\":\"https:\\\/\\\/kibrisdakik.com\\\/wp-content\\\/uploads\\\/2025\\\/01\\\/1737884858425DURSUN-OGUZ-740x420.jpg\",\"datePublished\":\"2025-01-26T13:26:38+00:00\",\"author\":{\"@id\":\"https:\\\/\\\/kibrisdakik.com\\\/#\\\/schema\\\/person\\\/9cd9d437bbb44f72b73ba127e06d8e79\"},\"breadcrumb\":{\"@id\":\"https:\\\/\\\/kibrisdakik.com\\\/?p=74419#breadcrumb\"},\"inLanguage\":\"tr\",\"potentialAction\":[{\"@type\":\"ReadAction\",\"target\":[\"https:\\\/\\\/kibrisdakik.com\\\/?p=74419\"]}]},{\"@type\":\"ImageObject\",\"inLanguage\":\"tr\",\"@id\":\"https:\\\/\\\/kibrisdakik.com\\\/?p=74419#primaryimage\",\"url\":\"https:\\\/\\\/kibrisdakik.com\\\/wp-content\\\/uploads\\\/2025\\\/01\\\/1737884858425DURSUN-OGUZ-740x420.jpg\",\"contentUrl\":\"https:\\\/\\\/kibrisdakik.com\\\/wp-content\\\/uploads\\\/2025\\\/01\\\/1737884858425DURSUN-OGUZ-740x420.jpg\",\"width\":1370,\"height\":1004},{\"@type\":\"BreadcrumbList\",\"@id\":\"https:\\\/\\\/kibrisdakik.com\\\/?p=74419#breadcrumb\",\"itemListElement\":[{\"@type\":\"ListItem\",\"position\":1,\"name\":\"Home\",\"item\":\"https:\\\/\\\/kibrisdakik.com\\\/\"},{\"@type\":\"ListItem\",\"position\":2,\"name\":\"\u0130\u00e7i\u015fleri Bakan\u0131 Dursun O\u011fuz\u2019dan Mira\u00e7 Kandili mesaj\u0131\"}]},{\"@type\":\"WebSite\",\"@id\":\"https:\\\/\\\/kibrisdakik.com\\\/#website\",\"url\":\"https:\\\/\\\/kibrisdakik.com\\\/\",\"name\":\"\",\"description\":\"Tam vaktinde haber\",\"potentialAction\":[{\"@type\":\"SearchAction\",\"target\":{\"@type\":\"EntryPoint\",\"urlTemplate\":\"https:\\\/\\\/kibrisdakik.com\\\/?s={search_term_string}\"},\"query-input\":{\"@type\":\"PropertyValueSpecification\",\"valueRequired\":true,\"valueName\":\"search_term_string\"}}],\"inLanguage\":\"tr\"},{\"@type\":\"Person\",\"@id\":\"https:\\\/\\\/kibrisdakik.com\\\/#\\\/schema\\\/person\\\/9cd9d437bbb44f72b73ba127e06d8e79\",\"name\":\"admin\",\"image\":{\"@type\":\"ImageObject\",\"inLanguage\":\"tr\",\"@id\":\"https:\\\/\\\/secure.gravatar.com\\\/avatar\\\/ccc17943b9d660506c869530f897617f7cb1c21a4bf30023f252596d83e1f007?s=96&d=mm&r=g\",\"url\":\"https:\\\/\\\/secure.gravatar.com\\\/avatar\\\/ccc17943b9d660506c869530f897617f7cb1c21a4bf30023f252596d83e1f007?s=96&d=mm&r=g\",\"contentUrl\":\"https:\\\/\\\/secure.gravatar.com\\\/avatar\\\/ccc17943b9d660506c869530f897617f7cb1c21a4bf30023f252596d83e1f007?s=96&d=mm&r=g\",\"caption\":\"admin\"},\"sameAs\":[\"https:\\\/\\\/kibrisdakik.com\"],\"url\":\"https:\\\/\\\/kibrisdakik.com\\\/?author=1\"}]}<\/script>\n<!-- \/ Yoast SEO plugin. -->","yoast_head_json":{"title":"\u0130\u00e7i\u015fleri Bakan\u0131 Dursun O\u011fuz\u2019dan Mira\u00e7 Kandili mesaj\u0131 -","robots":{"index":"index","follow":"follow","max-snippet":"max-snippet:-1","max-image-preview":"max-image-preview:large","max-video-preview":"max-video-preview:-1"},"canonical":"https:\/\/kibrisdakik.com\/?p=74419","og_locale":"tr_TR","og_type":"article","og_title":"\u0130\u00e7i\u015fleri Bakan\u0131 Dursun O\u011fuz\u2019dan Mira\u00e7 Kandili mesaj\u0131 -","og_description":"\u0130\u00e7i\u015fleri Bakan\u0131 Dursun O\u011fuz, Mira\u00e7 Kandili\u2019nin \u0130slam d\u00fcnyas\u0131 i\u00e7in b\u00fcy\u00fck bir manevi \u00f6neme sahip oldu\u011funu belirterek, bu m\u00fcbarek gecenin y\u00fcce Allah\u2019\u0131n rahmetine, ma\u011ffiretine ve bereketine vesile oldu\u011funu ifade etti. \u0130\u00e7i\u015fleri Bakan\u0131 Dursun O\u011fuz, Mira\u00e7 Kandili dolay\u0131s\u0131yla mesaj yay\u0131mlad\u0131. Mira\u00e7\u2019\u0131n yaln\u0131zca bir y\u00fckseli\u015f de\u011fil, ayn\u0131 zamanda insanl\u0131k i\u00e7in rahmet, sevgi, ho\u015fg\u00f6r\u00fc ve karde\u015flik gibi evrensel de\u011ferleri","og_url":"https:\/\/kibrisdakik.com\/?p=74419","article_published_time":"2025-01-26T13:26:38+00:00","og_image":[{"width":1370,"height":1004,"url":"https:\/\/kibrisdakik.com\/wp-content\/uploads\/2025\/01\/1737884858425DURSUN-OGUZ-740x420.jpg","type":"image\/jpeg"}],"author":"admin","twitter_card":"summary_large_image","twitter_misc":{"Yazan:":"admin","Tahmini okuma s\u00fcresi":"1 dakika"},"schema":{"@context":"https:\/\/schema.org","@graph":[{"@type":"Article","@id":"https:\/\/kibrisdakik.com\/?p=74419#article","isPartOf":{"@id":"https:\/\/kibrisdakik.com\/?p=74419"},"author":{"name":"admin","@id":"https:\/\/kibrisdakik.com\/#\/schema\/person\/9cd9d437bbb44f72b73ba127e06d8e79"},"headline":"\u0130\u00e7i\u015fleri Bakan\u0131 Dursun O\u011fuz\u2019dan Mira\u00e7 Kandili mesaj\u0131","datePublished":"2025-01-26T13:26:38+00:00","mainEntityOfPage":{"@id":"https:\/\/kibrisdakik.com\/?p=74419"},"wordCount":193,"commentCount":0,"image":{"@id":"https:\/\/kibrisdakik.com\/?p=74419#primaryimage"},"thumbnailUrl":"https:\/\/kibrisdakik.com\/wp-content\/uploads\/2025\/01\/1737884858425DURSUN-OGUZ-740x420.jpg","articleSection":["K\u0131br\u0131s","Man\u015fet"],"inLanguage":"tr","potentialAction":[{"@type":"CommentAction","name":"Comment","target":["https:\/\/kibrisdakik.com\/?p=74419#respond"]}]},{"@type":"WebPage","@id":"https:\/\/kibrisdakik.com\/?p=74419","url":"https:\/\/kibrisdakik.com\/?p=74419","name":"\u0130\u00e7i\u015fleri Bakan\u0131 Dursun O\u011fuz\u2019dan Mira\u00e7 Kandili mesaj\u0131 -","isPartOf":{"@id":"https:\/\/kibrisdakik.com\/#website"},"primaryImageOfPage":{"@id":"https:\/\/kibrisdakik.com\/?p=74419#primaryimage"},"image":{"@id":"https:\/\/kibrisdakik.com\/?p=74419#primaryimage"},"thumbnailUrl":"https:\/\/kibrisdakik.com\/wp-content\/uploads\/2025\/01\/1737884858425DURSUN-OGUZ-740x420.jpg","datePublished":"2025-01-26T13:26:38+00:00","author":{"@id":"https:\/\/kibrisdakik.com\/#\/schema\/person\/9cd9d437bbb44f72b73ba127e06d8e79"},"breadcrumb":{"@id":"https:\/\/kibrisdakik.com\/?p=74419#breadcrumb"},"inLanguage":"tr","potentialAction":[{"@type":"ReadAction","target":["https:\/\/kibrisdakik.com\/?p=74419"]}]},{"@type":"ImageObject","inLanguage":"tr","@id":"https:\/\/kibrisdakik.com\/?p=74419#primaryimage","url":"https:\/\/kibrisdakik.com\/wp-content\/uploads\/2025\/01\/1737884858425DURSUN-OGUZ-740x420.jpg","contentUrl":"https:\/\/kibrisdakik.com\/wp-content\/uploads\/2025\/01\/1737884858425DURSUN-OGUZ-740x420.jpg","width":1370,"height":1004},{"@type":"BreadcrumbList","@id":"https:\/\/kibrisdakik.com\/?p=74419#breadcrumb","itemListElement":[{"@type":"ListItem","position":1,"name":"Home","item":"https:\/\/kibrisdakik.com\/"},{"@type":"ListItem","position":2,"name":"\u0130\u00e7i\u015fleri Bakan\u0131 Dursun O\u011fuz\u2019dan Mira\u00e7 Kandili mesaj\u0131"}]},{"@type":"WebSite","@id":"https:\/\/kibrisdakik.com\/#website","url":"https:\/\/kibrisdakik.com\/","name":"","description":"Tam vaktinde haber","potentialAction":[{"@type":"SearchAction","target":{"@type":"EntryPoint","urlTemplate":"https:\/\/kibrisdakik.com\/?s={search_term_string}"},"query-input":{"@type":"PropertyValueSpecification","valueRequired":true,"valueName":"search_term_string"}}],"inLanguage":"tr"},{"@type":"Person","@id":"https:\/\/kibrisdakik.com\/#\/schema\/person\/9cd9d437bbb44f72b73ba127e06d8e79","name":"admin","image":{"@type":"ImageObject","inLanguage":"tr","@id":"https:\/\/secure.gravatar.com\/avatar\/ccc17943b9d660506c869530f897617f7cb1c21a4bf30023f252596d83e1f007?s=96&d=mm&r=g","url":"https:\/\/secure.gravatar.com\/avatar\/ccc17943b9d660506c869530f897617f7cb1c21a4bf30023f252596d83e1f007?s=96&d=mm&r=g","contentUrl":"https:\/\/secure.gravatar.com\/avatar\/ccc17943b9d660506c869530f897617f7cb1c21a4bf30023f252596d83e1f007?s=96&d=mm&r=g","caption":"admin"},"sameAs":["https:\/\/kibrisdakik.com"],"url":"https:\/\/kibrisdakik.com\/?author=1"}]}},"_links":{"self":[{"href":"https:\/\/kibrisdakik.com\/index.php?rest_route=\/wp\/v2\/posts\/74419","targetHints":{"allow":["GET"]}}],"collection":[{"href":"https:\/\/kibrisdakik.com\/index.php?rest_route=\/wp\/v2\/posts"}],"about":[{"href":"https:\/\/kibrisdakik.com\/index.php?rest_route=\/wp\/v2\/types\/post"}],"author":[{"embeddable":true,"href":"https:\/\/kibrisdakik.com\/index.php?rest_route=\/wp\/v2\/users\/1"}],"replies":[{"embeddable":true,"href":"https:\/\/kibrisdakik.com\/index.php?rest_route=%2Fwp%2Fv2%2Fcomments&post=74419"}],"version-history":[{"count":0,"href":"https:\/\/kibrisdakik.com\/index.php?rest_route=\/wp\/v2\/posts\/74419\/revisions"}],"wp:featuredmedia":[{"embeddable":true,"href":"https:\/\/kibrisdakik.com\/index.php?rest_route=\/wp\/v2\/media\/74420"}],"wp:attachment":[{"href":"https:\/\/kibrisdakik.com\/index.php?rest_route=%2Fwp%2Fv2%2Fmedia&parent=74419"}],"wp:term":[{"taxonomy":"category","embeddable":true,"href":"https:\/\/kibrisdakik.com\/index.php?rest_route=%2Fwp%2Fv2%2Fcategories&post=74419"},{"taxonomy":"post_tag","embeddable":true,"href":"https:\/\/kibrisdakik.com\/index.php?rest_route=%2Fwp%2Fv2%2Ftags&post=74419"}],"curies":[{"name":"wp","href":"https:\/\/api.w.org\/{rel}","templated":true}]}}