{"id":74433,"date":"2025-01-26T18:17:12","date_gmt":"2025-01-26T15:17:12","guid":{"rendered":"https:\/\/kibrisdakik.com\/index.php\/2025\/01\/26\/ozersaycalinti-araclarin-makam-arabasi-yapilmasi-konusunu-hukuki-mercilere-tasiyacagiz\/"},"modified":"2025-01-26T18:17:12","modified_gmt":"2025-01-26T15:17:12","slug":"ozersaycalinti-araclarin-makam-arabasi-yapilmasi-konusunu-hukuki-mercilere-tasiyacagiz","status":"publish","type":"post","link":"https:\/\/kibrisdakik.com\/?p=74433","title":{"rendered":"\u00d6zersay:\u00c7al\u0131nt\u0131 ara\u00e7lar\u0131n makam arabas\u0131 yap\u0131lmas\u0131 konusunu hukuki mercilere ta\u015f\u0131yaca\u011f\u0131z"},"content":{"rendered":"<div>\n<div class=\"mariselle-image-container center\">\n                                            <\/div>\n<p>Halk\u0131n Partisi (HP) Genel Ba\u015fkan\u0131 Kudret \u00d6zersay Maliye Bakanl\u0131\u011f\u0131\u2019n\u0131n kendi a\u00e7\u0131klamas\u0131yla \u00e7al\u0131nt\u0131 arabalar\u0131n makam arabas\u0131 olarak kullan\u0131ld\u0131\u011f\u0131n\u0131 kabul etti\u011fini oysa bir s\u00fcre \u00f6nce kamuoyuna a\u00e7\u0131klad\u0131klar\u0131 Ba\u015fsavc\u0131l\u0131k g\u00f6r\u00fc\u015flerine g\u00f6re bunu yapman\u0131n yasalar\u0131m\u0131za ayk\u0131r\u0131 oldu\u011funu s\u00f6yledi. \u00d6zersay, Maliye Bakanl\u0131\u011f\u0131\u2019na bu yasa d\u0131\u015f\u0131 uygulamaya son vermesi \u00e7a\u011fr\u0131s\u0131nda bulundu.<\/p>\n<p>\u00d6zrsay a\u00e7\u0131klamas\u0131n\u0131 \u015f\u00f6yle s\u00fcrd\u00fcrd\u00fc:<\/p>\n<p>\u201cHalk\u0131n Partisi Yolsuzluklara Kar\u015f\u0131 M\u00fccadele Birimi taraf\u0131ndan yap\u0131lan ara\u015ft\u0131rma sonucunda uzun y\u0131llard\u0131r Ba\u015fsavc\u0131l\u0131k taraf\u0131ndan verilen hukuki g\u00f6r\u00fc\u015fler ve yerle\u015fmi\u015f devlet uygulamas\u0131 ortadayken bunlar\u0131 yok say\u0131p \u00e7al\u0131nt\u0131 olan ara\u00e7lar\u0131n devletin \u00e7e\u015fitli \u00fcst d\u00fczey b\u00fcrokratlar\u0131na makam arac\u0131 olarak tahsis edilmesine son verilmelidir. Bu konuda Ba\u015fsavc\u0131l\u0131\u011f\u0131m\u0131z taraf\u0131ndan verilmi\u015f herhangi yeni bir hukuki g\u00f6r\u00fc\u015f olmad\u0131\u011f\u0131 anla\u015f\u0131lmaktad\u0131r. Bu \u015fartlarda Maliye Bakanl\u0131\u011f\u0131 taraf\u0131ndan yap\u0131lan a\u00e7\u0131klama, yasa orada dururken ve y\u00fcr\u00fcrl\u00fckteyken havada kalmaktad\u0131r. Maliye Bakanl\u0131\u011f\u0131 kendi a\u00e7\u0131klamas\u0131yla bu yasad\u0131\u015f\u0131l\u0131\u011f\u0131 do\u011frulam\u0131\u015f oldu.<\/p>\n<p>\u201cMaliye Bakanl\u0131\u011f\u0131\u2019na soruyoruz Ba\u015fsavc\u0131l\u0131ktan yeni bir g\u00f6r\u00fc\u015f m\u00fc ald\u0131n\u0131z?\u201d sorusunu y\u00f6nelten \u00d6zersay, \u201cEmlak ve Malzeme Dairesi\u2019nin kurulu\u015f ve g\u00f6revlerine dair yasada o dairenin g\u00f6revlerinin ne oldu\u011fu yazmaktad\u0131r. O daire yasan\u0131n ilgili maddesine g\u00f6re devletin motorlu ta\u015f\u0131tlar\u0131n\u0131 \u00fcretim veya sat\u0131n almak yoluyla temin edebilir. Devletin \u00f6rne\u011fin makam arac\u0131 ihtiyac\u0131 \u00e7al\u0131nt\u0131 ara\u00e7lara el koymak yoluyla temin edilemez. Devlet Emlak ve Malzeme\u2019nin b\u00f6yle bir yetkisi yoktur. Ayn\u0131 \u015fekilde G\u00fcmr\u00fck ve \u0130stihsal Yasas\u0131\u2019na g\u00f6re de belirli bir s\u00fcre ge\u00e7tikten sonra bu t\u00fcrden mallar\u0131n sat\u0131lmas\u0131 ve elden \u00e7\u0131kar\u0131lmas\u0131 gerekir\u201d ifadelerini kulland\u0131.<\/p>\n<p>\u2013 \u201cDevlete yak\u0131\u015fmaz, hukuki mercilere ba\u015fvuraca\u011f\u0131z\u201d<\/p>\n<p>HP Genel Ba\u015fkan\u0131 \u00d6zersay a\u00e7\u0131klamas\u0131n\u0131 \u015f\u00f6yle noktalad\u0131:<\/p>\n<p>\u201cBuras\u0131 bir hukuk devletiyse hukukun \u00fcst\u00fcnl\u00fc\u011f\u00fc esas olmal\u0131d\u0131r, bu yapt\u0131klar\u0131 bir d\u00f6nem bir Ba\u015fsavc\u0131m\u0131z taraf\u0131ndan da denildi\u011fi gibi devlete yak\u0131\u015fmaz, yasalar y\u00fcr\u00fcrl\u00fckteyken, bunlar\u0131n yorumlanmas\u0131na dair Ba\u015fsavc\u0131l\u0131k g\u00f6r\u00fc\u015fleri ortadayken bunlar\u0131 yok sayarak bunlar hilaf\u0131na keyfi kararlar alamazs\u0131n\u0131z. Bu nedenle konuyu hukuki mercilere ta\u015f\u0131yaca\u011f\u0131m\u0131z\u0131 bir kez daha vurgulamak istiyorum\u201d<\/p>\n<\/p><\/div>\n<p><script async\n                    defer\n                    crossorigin=\"anonymous\"\n                    src=\"https:\/\/connect.facebook.net\/tr_TR\/sdk.js#xfbml=1&#038;version=v3.3\"\n            ><\/script><\/p>\n","protected":false},"excerpt":{"rendered":"<p>Halk\u0131n Partisi (HP) Genel Ba\u015fkan\u0131 Kudret \u00d6zersay Maliye Bakanl\u0131\u011f\u0131\u2019n\u0131n kendi a\u00e7\u0131klamas\u0131yla \u00e7al\u0131nt\u0131 arabalar\u0131n makam arabas\u0131 olarak kullan\u0131ld\u0131\u011f\u0131n\u0131 kabul etti\u011fini oysa bir s\u00fcre \u00f6nce kamuoyuna a\u00e7\u0131klad\u0131klar\u0131 Ba\u015fsavc\u0131l\u0131k g\u00f6r\u00fc\u015flerine g\u00f6re bunu yapman\u0131n yasalar\u0131m\u0131za ayk\u0131r\u0131 oldu\u011funu s\u00f6yledi. \u00d6zersay, Maliye Bakanl\u0131\u011f\u0131\u2019na bu yasa d\u0131\u015f\u0131 uygulamaya son vermesi \u00e7a\u011fr\u0131s\u0131nda bulundu. \u00d6zrsay a\u00e7\u0131klamas\u0131n\u0131 \u015f\u00f6yle s\u00fcrd\u00fcrd\u00fc: \u201cHalk\u0131n Partisi Yolsuzluklara Kar\u015f\u0131 M\u00fccadele Birimi<\/p>\n","protected":false},"author":1,"featured_media":74434,"comment_status":"open","ping_status":"open","sticky":false,"template":"","format":"standard","meta":{"footnotes":""},"categories":[81,101],"tags":[],"class_list":["post-74433","post","type-post","status-publish","format-standard","has-post-thumbnail","hentry","category-kibris","category-manset"],"yoast_head":"<!-- This site is optimized with the Yoast SEO plugin v27.4 - https:\/\/yoast.com\/product\/yoast-seo-wordpress\/ -->\n<title>\u00d6zersay:\u00c7al\u0131nt\u0131 ara\u00e7lar\u0131n makam arabas\u0131 yap\u0131lmas\u0131 konusunu hukuki mercilere ta\u015f\u0131yaca\u011f\u0131z -<\/title>\n<meta name=\"robots\" content=\"index, follow, max-snippet:-1, max-image-preview:large, max-video-preview:-1\" \/>\n<link rel=\"canonical\" href=\"https:\/\/kibrisdakik.com\/?p=74433\" \/>\n<meta property=\"og:locale\" content=\"tr_TR\" \/>\n<meta property=\"og:type\" content=\"article\" \/>\n<meta property=\"og:title\" content=\"\u00d6zersay:\u00c7al\u0131nt\u0131 ara\u00e7lar\u0131n makam arabas\u0131 yap\u0131lmas\u0131 konusunu hukuki mercilere ta\u015f\u0131yaca\u011f\u0131z -\" \/>\n<meta property=\"og:description\" content=\"Halk\u0131n Partisi (HP) Genel Ba\u015fkan\u0131 Kudret \u00d6zersay Maliye Bakanl\u0131\u011f\u0131\u2019n\u0131n kendi a\u00e7\u0131klamas\u0131yla \u00e7al\u0131nt\u0131 arabalar\u0131n makam arabas\u0131 olarak kullan\u0131ld\u0131\u011f\u0131n\u0131 kabul etti\u011fini oysa bir s\u00fcre \u00f6nce kamuoyuna a\u00e7\u0131klad\u0131klar\u0131 Ba\u015fsavc\u0131l\u0131k g\u00f6r\u00fc\u015flerine g\u00f6re bunu yapman\u0131n yasalar\u0131m\u0131za ayk\u0131r\u0131 oldu\u011funu s\u00f6yledi. \u00d6zersay, Maliye Bakanl\u0131\u011f\u0131\u2019na bu yasa d\u0131\u015f\u0131 uygulamaya son vermesi \u00e7a\u011fr\u0131s\u0131nda bulundu. \u00d6zrsay a\u00e7\u0131klamas\u0131n\u0131 \u015f\u00f6yle s\u00fcrd\u00fcrd\u00fc: \u201cHalk\u0131n Partisi Yolsuzluklara Kar\u015f\u0131 M\u00fccadele Birimi\" \/>\n<meta property=\"og:url\" content=\"https:\/\/kibrisdakik.com\/?p=74433\" \/>\n<meta property=\"article:published_time\" content=\"2025-01-26T15:17:12+00:00\" \/>\n<meta property=\"og:image\" content=\"https:\/\/kibrisdakik.com\/wp-content\/uploads\/2025\/01\/1737902439938ko-740x420.jpg\" \/>\n\t<meta property=\"og:image:width\" content=\"960\" \/>\n\t<meta property=\"og:image:height\" content=\"640\" \/>\n\t<meta property=\"og:image:type\" content=\"image\/jpeg\" \/>\n<meta name=\"author\" content=\"admin\" \/>\n<meta name=\"twitter:card\" content=\"summary_large_image\" \/>\n<meta name=\"twitter:label1\" content=\"Yazan:\" \/>\n\t<meta name=\"twitter:data1\" content=\"admin\" \/>\n\t<meta name=\"twitter:label2\" content=\"Tahmini okuma s\u00fcresi\" \/>\n\t<meta name=\"twitter:data2\" content=\"2 dakika\" \/>\n<script type=\"application\/ld+json\" class=\"yoast-schema-graph\">{\"@context\":\"https:\\\/\\\/schema.org\",\"@graph\":[{\"@type\":\"Article\",\"@id\":\"https:\\\/\\\/kibrisdakik.com\\\/?p=74433#article\",\"isPartOf\":{\"@id\":\"https:\\\/\\\/kibrisdakik.com\\\/?p=74433\"},\"author\":{\"name\":\"admin\",\"@id\":\"https:\\\/\\\/kibrisdakik.com\\\/#\\\/schema\\\/person\\\/9cd9d437bbb44f72b73ba127e06d8e79\"},\"headline\":\"\u00d6zersay:\u00c7al\u0131nt\u0131 ara\u00e7lar\u0131n makam arabas\u0131 yap\u0131lmas\u0131 konusunu hukuki mercilere ta\u015f\u0131yaca\u011f\u0131z\",\"datePublished\":\"2025-01-26T15:17:12+00:00\",\"mainEntityOfPage\":{\"@id\":\"https:\\\/\\\/kibrisdakik.com\\\/?p=74433\"},\"wordCount\":426,\"commentCount\":0,\"image\":{\"@id\":\"https:\\\/\\\/kibrisdakik.com\\\/?p=74433#primaryimage\"},\"thumbnailUrl\":\"https:\\\/\\\/kibrisdakik.com\\\/wp-content\\\/uploads\\\/2025\\\/01\\\/1737902439938ko-740x420.jpg\",\"articleSection\":[\"K\u0131br\u0131s\",\"Man\u015fet\"],\"inLanguage\":\"tr\",\"potentialAction\":[{\"@type\":\"CommentAction\",\"name\":\"Comment\",\"target\":[\"https:\\\/\\\/kibrisdakik.com\\\/?p=74433#respond\"]}]},{\"@type\":\"WebPage\",\"@id\":\"https:\\\/\\\/kibrisdakik.com\\\/?p=74433\",\"url\":\"https:\\\/\\\/kibrisdakik.com\\\/?p=74433\",\"name\":\"\u00d6zersay:\u00c7al\u0131nt\u0131 ara\u00e7lar\u0131n makam arabas\u0131 yap\u0131lmas\u0131 konusunu hukuki mercilere ta\u015f\u0131yaca\u011f\u0131z -\",\"isPartOf\":{\"@id\":\"https:\\\/\\\/kibrisdakik.com\\\/#website\"},\"primaryImageOfPage\":{\"@id\":\"https:\\\/\\\/kibrisdakik.com\\\/?p=74433#primaryimage\"},\"image\":{\"@id\":\"https:\\\/\\\/kibrisdakik.com\\\/?p=74433#primaryimage\"},\"thumbnailUrl\":\"https:\\\/\\\/kibrisdakik.com\\\/wp-content\\\/uploads\\\/2025\\\/01\\\/1737902439938ko-740x420.jpg\",\"datePublished\":\"2025-01-26T15:17:12+00:00\",\"author\":{\"@id\":\"https:\\\/\\\/kibrisdakik.com\\\/#\\\/schema\\\/person\\\/9cd9d437bbb44f72b73ba127e06d8e79\"},\"breadcrumb\":{\"@id\":\"https:\\\/\\\/kibrisdakik.com\\\/?p=74433#breadcrumb\"},\"inLanguage\":\"tr\",\"potentialAction\":[{\"@type\":\"ReadAction\",\"target\":[\"https:\\\/\\\/kibrisdakik.com\\\/?p=74433\"]}]},{\"@type\":\"ImageObject\",\"inLanguage\":\"tr\",\"@id\":\"https:\\\/\\\/kibrisdakik.com\\\/?p=74433#primaryimage\",\"url\":\"https:\\\/\\\/kibrisdakik.com\\\/wp-content\\\/uploads\\\/2025\\\/01\\\/1737902439938ko-740x420.jpg\",\"contentUrl\":\"https:\\\/\\\/kibrisdakik.com\\\/wp-content\\\/uploads\\\/2025\\\/01\\\/1737902439938ko-740x420.jpg\",\"width\":960,\"height\":640},{\"@type\":\"BreadcrumbList\",\"@id\":\"https:\\\/\\\/kibrisdakik.com\\\/?p=74433#breadcrumb\",\"itemListElement\":[{\"@type\":\"ListItem\",\"position\":1,\"name\":\"Home\",\"item\":\"https:\\\/\\\/kibrisdakik.com\\\/\"},{\"@type\":\"ListItem\",\"position\":2,\"name\":\"\u00d6zersay:\u00c7al\u0131nt\u0131 ara\u00e7lar\u0131n makam arabas\u0131 yap\u0131lmas\u0131 konusunu hukuki mercilere ta\u015f\u0131yaca\u011f\u0131z\"}]},{\"@type\":\"WebSite\",\"@id\":\"https:\\\/\\\/kibrisdakik.com\\\/#website\",\"url\":\"https:\\\/\\\/kibrisdakik.com\\\/\",\"name\":\"\",\"description\":\"Tam vaktinde haber\",\"potentialAction\":[{\"@type\":\"SearchAction\",\"target\":{\"@type\":\"EntryPoint\",\"urlTemplate\":\"https:\\\/\\\/kibrisdakik.com\\\/?s={search_term_string}\"},\"query-input\":{\"@type\":\"PropertyValueSpecification\",\"valueRequired\":true,\"valueName\":\"search_term_string\"}}],\"inLanguage\":\"tr\"},{\"@type\":\"Person\",\"@id\":\"https:\\\/\\\/kibrisdakik.com\\\/#\\\/schema\\\/person\\\/9cd9d437bbb44f72b73ba127e06d8e79\",\"name\":\"admin\",\"image\":{\"@type\":\"ImageObject\",\"inLanguage\":\"tr\",\"@id\":\"https:\\\/\\\/secure.gravatar.com\\\/avatar\\\/ccc17943b9d660506c869530f897617f7cb1c21a4bf30023f252596d83e1f007?s=96&d=mm&r=g\",\"url\":\"https:\\\/\\\/secure.gravatar.com\\\/avatar\\\/ccc17943b9d660506c869530f897617f7cb1c21a4bf30023f252596d83e1f007?s=96&d=mm&r=g\",\"contentUrl\":\"https:\\\/\\\/secure.gravatar.com\\\/avatar\\\/ccc17943b9d660506c869530f897617f7cb1c21a4bf30023f252596d83e1f007?s=96&d=mm&r=g\",\"caption\":\"admin\"},\"sameAs\":[\"https:\\\/\\\/kibrisdakik.com\"],\"url\":\"https:\\\/\\\/kibrisdakik.com\\\/?author=1\"}]}<\/script>\n<!-- \/ Yoast SEO plugin. -->","yoast_head_json":{"title":"\u00d6zersay:\u00c7al\u0131nt\u0131 ara\u00e7lar\u0131n makam arabas\u0131 yap\u0131lmas\u0131 konusunu hukuki mercilere ta\u015f\u0131yaca\u011f\u0131z -","robots":{"index":"index","follow":"follow","max-snippet":"max-snippet:-1","max-image-preview":"max-image-preview:large","max-video-preview":"max-video-preview:-1"},"canonical":"https:\/\/kibrisdakik.com\/?p=74433","og_locale":"tr_TR","og_type":"article","og_title":"\u00d6zersay:\u00c7al\u0131nt\u0131 ara\u00e7lar\u0131n makam arabas\u0131 yap\u0131lmas\u0131 konusunu hukuki mercilere ta\u015f\u0131yaca\u011f\u0131z -","og_description":"Halk\u0131n Partisi (HP) Genel Ba\u015fkan\u0131 Kudret \u00d6zersay Maliye Bakanl\u0131\u011f\u0131\u2019n\u0131n kendi a\u00e7\u0131klamas\u0131yla \u00e7al\u0131nt\u0131 arabalar\u0131n makam arabas\u0131 olarak kullan\u0131ld\u0131\u011f\u0131n\u0131 kabul etti\u011fini oysa bir s\u00fcre \u00f6nce kamuoyuna a\u00e7\u0131klad\u0131klar\u0131 Ba\u015fsavc\u0131l\u0131k g\u00f6r\u00fc\u015flerine g\u00f6re bunu yapman\u0131n yasalar\u0131m\u0131za ayk\u0131r\u0131 oldu\u011funu s\u00f6yledi. \u00d6zersay, Maliye Bakanl\u0131\u011f\u0131\u2019na bu yasa d\u0131\u015f\u0131 uygulamaya son vermesi \u00e7a\u011fr\u0131s\u0131nda bulundu. \u00d6zrsay a\u00e7\u0131klamas\u0131n\u0131 \u015f\u00f6yle s\u00fcrd\u00fcrd\u00fc: \u201cHalk\u0131n Partisi Yolsuzluklara Kar\u015f\u0131 M\u00fccadele Birimi","og_url":"https:\/\/kibrisdakik.com\/?p=74433","article_published_time":"2025-01-26T15:17:12+00:00","og_image":[{"width":960,"height":640,"url":"https:\/\/kibrisdakik.com\/wp-content\/uploads\/2025\/01\/1737902439938ko-740x420.jpg","type":"image\/jpeg"}],"author":"admin","twitter_card":"summary_large_image","twitter_misc":{"Yazan:":"admin","Tahmini okuma s\u00fcresi":"2 dakika"},"schema":{"@context":"https:\/\/schema.org","@graph":[{"@type":"Article","@id":"https:\/\/kibrisdakik.com\/?p=74433#article","isPartOf":{"@id":"https:\/\/kibrisdakik.com\/?p=74433"},"author":{"name":"admin","@id":"https:\/\/kibrisdakik.com\/#\/schema\/person\/9cd9d437bbb44f72b73ba127e06d8e79"},"headline":"\u00d6zersay:\u00c7al\u0131nt\u0131 ara\u00e7lar\u0131n makam arabas\u0131 yap\u0131lmas\u0131 konusunu hukuki mercilere ta\u015f\u0131yaca\u011f\u0131z","datePublished":"2025-01-26T15:17:12+00:00","mainEntityOfPage":{"@id":"https:\/\/kibrisdakik.com\/?p=74433"},"wordCount":426,"commentCount":0,"image":{"@id":"https:\/\/kibrisdakik.com\/?p=74433#primaryimage"},"thumbnailUrl":"https:\/\/kibrisdakik.com\/wp-content\/uploads\/2025\/01\/1737902439938ko-740x420.jpg","articleSection":["K\u0131br\u0131s","Man\u015fet"],"inLanguage":"tr","potentialAction":[{"@type":"CommentAction","name":"Comment","target":["https:\/\/kibrisdakik.com\/?p=74433#respond"]}]},{"@type":"WebPage","@id":"https:\/\/kibrisdakik.com\/?p=74433","url":"https:\/\/kibrisdakik.com\/?p=74433","name":"\u00d6zersay:\u00c7al\u0131nt\u0131 ara\u00e7lar\u0131n makam arabas\u0131 yap\u0131lmas\u0131 konusunu hukuki mercilere ta\u015f\u0131yaca\u011f\u0131z -","isPartOf":{"@id":"https:\/\/kibrisdakik.com\/#website"},"primaryImageOfPage":{"@id":"https:\/\/kibrisdakik.com\/?p=74433#primaryimage"},"image":{"@id":"https:\/\/kibrisdakik.com\/?p=74433#primaryimage"},"thumbnailUrl":"https:\/\/kibrisdakik.com\/wp-content\/uploads\/2025\/01\/1737902439938ko-740x420.jpg","datePublished":"2025-01-26T15:17:12+00:00","author":{"@id":"https:\/\/kibrisdakik.com\/#\/schema\/person\/9cd9d437bbb44f72b73ba127e06d8e79"},"breadcrumb":{"@id":"https:\/\/kibrisdakik.com\/?p=74433#breadcrumb"},"inLanguage":"tr","potentialAction":[{"@type":"ReadAction","target":["https:\/\/kibrisdakik.com\/?p=74433"]}]},{"@type":"ImageObject","inLanguage":"tr","@id":"https:\/\/kibrisdakik.com\/?p=74433#primaryimage","url":"https:\/\/kibrisdakik.com\/wp-content\/uploads\/2025\/01\/1737902439938ko-740x420.jpg","contentUrl":"https:\/\/kibrisdakik.com\/wp-content\/uploads\/2025\/01\/1737902439938ko-740x420.jpg","width":960,"height":640},{"@type":"BreadcrumbList","@id":"https:\/\/kibrisdakik.com\/?p=74433#breadcrumb","itemListElement":[{"@type":"ListItem","position":1,"name":"Home","item":"https:\/\/kibrisdakik.com\/"},{"@type":"ListItem","position":2,"name":"\u00d6zersay:\u00c7al\u0131nt\u0131 ara\u00e7lar\u0131n makam arabas\u0131 yap\u0131lmas\u0131 konusunu hukuki mercilere ta\u015f\u0131yaca\u011f\u0131z"}]},{"@type":"WebSite","@id":"https:\/\/kibrisdakik.com\/#website","url":"https:\/\/kibrisdakik.com\/","name":"","description":"Tam vaktinde haber","potentialAction":[{"@type":"SearchAction","target":{"@type":"EntryPoint","urlTemplate":"https:\/\/kibrisdakik.com\/?s={search_term_string}"},"query-input":{"@type":"PropertyValueSpecification","valueRequired":true,"valueName":"search_term_string"}}],"inLanguage":"tr"},{"@type":"Person","@id":"https:\/\/kibrisdakik.com\/#\/schema\/person\/9cd9d437bbb44f72b73ba127e06d8e79","name":"admin","image":{"@type":"ImageObject","inLanguage":"tr","@id":"https:\/\/secure.gravatar.com\/avatar\/ccc17943b9d660506c869530f897617f7cb1c21a4bf30023f252596d83e1f007?s=96&d=mm&r=g","url":"https:\/\/secure.gravatar.com\/avatar\/ccc17943b9d660506c869530f897617f7cb1c21a4bf30023f252596d83e1f007?s=96&d=mm&r=g","contentUrl":"https:\/\/secure.gravatar.com\/avatar\/ccc17943b9d660506c869530f897617f7cb1c21a4bf30023f252596d83e1f007?s=96&d=mm&r=g","caption":"admin"},"sameAs":["https:\/\/kibrisdakik.com"],"url":"https:\/\/kibrisdakik.com\/?author=1"}]}},"_links":{"self":[{"href":"https:\/\/kibrisdakik.com\/index.php?rest_route=\/wp\/v2\/posts\/74433","targetHints":{"allow":["GET"]}}],"collection":[{"href":"https:\/\/kibrisdakik.com\/index.php?rest_route=\/wp\/v2\/posts"}],"about":[{"href":"https:\/\/kibrisdakik.com\/index.php?rest_route=\/wp\/v2\/types\/post"}],"author":[{"embeddable":true,"href":"https:\/\/kibrisdakik.com\/index.php?rest_route=\/wp\/v2\/users\/1"}],"replies":[{"embeddable":true,"href":"https:\/\/kibrisdakik.com\/index.php?rest_route=%2Fwp%2Fv2%2Fcomments&post=74433"}],"version-history":[{"count":0,"href":"https:\/\/kibrisdakik.com\/index.php?rest_route=\/wp\/v2\/posts\/74433\/revisions"}],"wp:featuredmedia":[{"embeddable":true,"href":"https:\/\/kibrisdakik.com\/index.php?rest_route=\/wp\/v2\/media\/74434"}],"wp:attachment":[{"href":"https:\/\/kibrisdakik.com\/index.php?rest_route=%2Fwp%2Fv2%2Fmedia&parent=74433"}],"wp:term":[{"taxonomy":"category","embeddable":true,"href":"https:\/\/kibrisdakik.com\/index.php?rest_route=%2Fwp%2Fv2%2Fcategories&post=74433"},{"taxonomy":"post_tag","embeddable":true,"href":"https:\/\/kibrisdakik.com\/index.php?rest_route=%2Fwp%2Fv2%2Ftags&post=74433"}],"curies":[{"name":"wp","href":"https:\/\/api.w.org\/{rel}","templated":true}]}}