{"id":74441,"date":"2025-01-27T00:29:55","date_gmt":"2025-01-26T21:29:55","guid":{"rendered":"https:\/\/kibrisdakik.com\/?p=74441"},"modified":"2025-01-27T00:29:55","modified_gmt":"2025-01-26T21:29:55","slug":"belarusta-sandik-cikis-anketine-gore-secimi-lukasenko-kazandi","status":"publish","type":"post","link":"https:\/\/kibrisdakik.com\/?p=74441","title":{"rendered":"Belarus\u2019ta sand\u0131k \u00e7\u0131k\u0131\u015f anketine g\u00f6re se\u00e7imi Luka\u015fenko kazand\u0131"},"content":{"rendered":"<p><\/p>\n<div>\n<div class=\"mariselle-image-container center\">\n                <img loading=\"lazy\" decoding=\"async\" width=\"864\" height=\"486\" class=\"lazy-image\" alt=\"\" sizes=\"auto, (max-width: 864px) 100vw, 864px\" src=\"https:\/\/brtk.net\/wp-content\/uploads\/2025\/01\/26\/thumbs_b_c_bfdd5f4c9318fd05dda658173565e82d.jpg?ver=dab8d743d9ffd7c306474d360020320f\" srcset=\"https:\/\/brtk.net\/wp-content\/uploads\/2025\/01\/26\/thumbs_b_c_bfdd5f4c9318fd05dda658173565e82d.jpg?ver=dab8d743d9ffd7c306474d360020320f 864w, https:\/\/brtk.net\/wp-content\/uploads\/2025\/01\/26\/thumbs_b_c_bfdd5f4c9318fd05dda658173565e82d-300x169.jpg?ver=dab8d743d9ffd7c306474d360020320f 300w, https:\/\/brtk.net\/wp-content\/uploads\/2025\/01\/26\/thumbs_b_c_bfdd5f4c9318fd05dda658173565e82d-768x432.jpg?ver=732eb61ca7fb97f99a4599b26f9519e7 768w\"\/>                            <\/div>\n<p>Belarus\u2019ta sand\u0131k \u00e7\u0131k\u0131\u015f anketine g\u00f6re cumhurba\u015fkan\u0131 se\u00e7imini Aleksandr Luka\u015fenko y\u00fczde 87,6 oy oran\u0131 ile kazand\u0131.<\/p>\n<p>Belarus devlet televizyonundan yap\u0131lan a\u00e7\u0131klamaya g\u00f6re, cumhurba\u015fkan\u0131 se\u00e7iminde sand\u0131klar\u0131n yerel saatle 20.00\u2019de kapanmas\u0131n\u0131n ard\u0131ndan sand\u0131k \u00e7\u0131k\u0131\u015f anketi sonucu adaylar\u0131n ald\u0131\u011f\u0131 oy oranlar\u0131 belli oldu.<\/p>\n<p>AB: Belarus cumhurba\u015fkanl\u0131\u011f\u0131 se\u00e7imi ne \u00f6zg\u00fcr ne de adil<\/p>\n<p>Buna g\u00f6re mevcut Cumhurba\u015fkan\u0131 Luka\u015fenko y\u00fczde 87,6 ile se\u00e7imin galibi olurken, Belarus Kom\u00fcnist Partisi Merkez Komitesi Birinci Sekreteri Sergey S\u0131rankov y\u00fczde 2,7, Belarus Liberal Demokrat Parti lideri Oleg Gaydukevi\u00e7 y\u00fczde 1,8, ba\u011f\u0131ms\u0131z aday i\u015f insan\u0131 Anna Kanopatskaya y\u00fczde 1,6, Cumhuriyet\u00e7i Adalet ve Emek Partisi lideri Aleksandr Hijnyak ise y\u00fczde 1,2 oy ald\u0131.<\/p>\n<p>B\u00fct\u00fcn adaylara kar\u015f\u0131 oy kullananlar\u0131n oy oran\u0131 ise y\u00fczde 5,1 oldu.<\/p>\n<p>Anketin 11 bin 948 ki\u015fiyle yap\u0131ld\u0131\u011f\u0131 belirtildi.<\/p>\n<p>\u00d6te yandan Belarus Merkez Se\u00e7im Komisyonu, saat 18.00 itibar\u0131yla se\u00e7imlere kat\u0131l\u0131m oran\u0131n\u0131n y\u00fczde 81,50 oldu\u011funu a\u00e7\u0131klad\u0131.<\/p>\n<\/p><\/div>\n<p><script async\n                    defer\n                    crossorigin=\"anonymous\"\n                    src=\"https:\/\/connect.facebook.net\/tr_TR\/sdk.js#xfbml=1&#038;version=v3.3\"\n            ><\/script><\/p>\n","protected":false},"excerpt":{"rendered":"<p>Belarus\u2019ta sand\u0131k \u00e7\u0131k\u0131\u015f anketine g\u00f6re cumhurba\u015fkan\u0131 se\u00e7imini Aleksandr Luka\u015fenko y\u00fczde 87,6 oy oran\u0131 ile kazand\u0131. Belarus devlet televizyonundan yap\u0131lan a\u00e7\u0131klamaya g\u00f6re, cumhurba\u015fkan\u0131 se\u00e7iminde sand\u0131klar\u0131n yerel saatle 20.00\u2019de kapanmas\u0131n\u0131n ard\u0131ndan sand\u0131k \u00e7\u0131k\u0131\u015f anketi sonucu adaylar\u0131n ald\u0131\u011f\u0131 oy oranlar\u0131 belli oldu. AB: Belarus cumhurba\u015fkanl\u0131\u011f\u0131 se\u00e7imi ne \u00f6zg\u00fcr ne de adil Buna g\u00f6re mevcut Cumhurba\u015fkan\u0131 Luka\u015fenko y\u00fczde 87,6<\/p>\n","protected":false},"author":1,"featured_media":74442,"comment_status":"open","ping_status":"open","sticky":false,"template":"","format":"standard","meta":{"footnotes":""},"categories":[1],"tags":[],"class_list":["post-74441","post","type-post","status-publish","format-standard","has-post-thumbnail","hentry","category-gundem"],"yoast_head":"<!-- This site is optimized with the Yoast SEO plugin v27.5 - https:\/\/yoast.com\/product\/yoast-seo-wordpress\/ -->\n<title>Belarus\u2019ta sand\u0131k \u00e7\u0131k\u0131\u015f anketine g\u00f6re se\u00e7imi Luka\u015fenko kazand\u0131 -<\/title>\n<meta name=\"robots\" content=\"index, follow, max-snippet:-1, max-image-preview:large, max-video-preview:-1\" \/>\n<link rel=\"canonical\" href=\"https:\/\/kibrisdakik.com\/?p=74441\" \/>\n<meta property=\"og:locale\" content=\"tr_TR\" \/>\n<meta property=\"og:type\" content=\"article\" \/>\n<meta property=\"og:title\" content=\"Belarus\u2019ta sand\u0131k \u00e7\u0131k\u0131\u015f anketine g\u00f6re se\u00e7imi Luka\u015fenko kazand\u0131 -\" \/>\n<meta property=\"og:description\" content=\"Belarus\u2019ta sand\u0131k \u00e7\u0131k\u0131\u015f anketine g\u00f6re cumhurba\u015fkan\u0131 se\u00e7imini Aleksandr Luka\u015fenko y\u00fczde 87,6 oy oran\u0131 ile kazand\u0131. Belarus devlet televizyonundan yap\u0131lan a\u00e7\u0131klamaya g\u00f6re, cumhurba\u015fkan\u0131 se\u00e7iminde sand\u0131klar\u0131n yerel saatle 20.00\u2019de kapanmas\u0131n\u0131n ard\u0131ndan sand\u0131k \u00e7\u0131k\u0131\u015f anketi sonucu adaylar\u0131n ald\u0131\u011f\u0131 oy oranlar\u0131 belli oldu. AB: Belarus cumhurba\u015fkanl\u0131\u011f\u0131 se\u00e7imi ne \u00f6zg\u00fcr ne de adil Buna g\u00f6re mevcut Cumhurba\u015fkan\u0131 Luka\u015fenko y\u00fczde 87,6\" \/>\n<meta property=\"og:url\" content=\"https:\/\/kibrisdakik.com\/?p=74441\" \/>\n<meta property=\"article:published_time\" content=\"2025-01-26T21:29:55+00:00\" \/>\n<meta property=\"og:image\" content=\"https:\/\/kibrisdakik.com\/wp-content\/uploads\/2025\/01\/thumbs_b_c_bfdd5f4c9318fd05dda658173565e82d-740x420.jpg\" \/>\n\t<meta property=\"og:image:width\" content=\"864\" \/>\n\t<meta property=\"og:image:height\" content=\"486\" \/>\n\t<meta property=\"og:image:type\" content=\"image\/jpeg\" \/>\n<meta name=\"author\" content=\"admin\" \/>\n<meta name=\"twitter:card\" content=\"summary_large_image\" \/>\n<meta name=\"twitter:label1\" content=\"Yazan:\" \/>\n\t<meta name=\"twitter:data1\" content=\"admin\" \/>\n\t<meta name=\"twitter:label2\" content=\"Tahmini okuma s\u00fcresi\" \/>\n\t<meta name=\"twitter:data2\" content=\"1 dakika\" \/>\n<script type=\"application\/ld+json\" class=\"yoast-schema-graph\">{\"@context\":\"https:\\\/\\\/schema.org\",\"@graph\":[{\"@type\":\"Article\",\"@id\":\"https:\\\/\\\/kibrisdakik.com\\\/?p=74441#article\",\"isPartOf\":{\"@id\":\"https:\\\/\\\/kibrisdakik.com\\\/?p=74441\"},\"author\":{\"name\":\"admin\",\"@id\":\"https:\\\/\\\/kibrisdakik.com\\\/#\\\/schema\\\/person\\\/9cd9d437bbb44f72b73ba127e06d8e79\"},\"headline\":\"Belarus\u2019ta sand\u0131k \u00e7\u0131k\u0131\u015f anketine g\u00f6re se\u00e7imi Luka\u015fenko kazand\u0131\",\"datePublished\":\"2025-01-26T21:29:55+00:00\",\"mainEntityOfPage\":{\"@id\":\"https:\\\/\\\/kibrisdakik.com\\\/?p=74441\"},\"wordCount\":188,\"commentCount\":0,\"image\":{\"@id\":\"https:\\\/\\\/kibrisdakik.com\\\/?p=74441#primaryimage\"},\"thumbnailUrl\":\"https:\\\/\\\/kibrisdakik.com\\\/wp-content\\\/uploads\\\/2025\\\/01\\\/thumbs_b_c_bfdd5f4c9318fd05dda658173565e82d-740x420.jpg\",\"articleSection\":[\"G\u00fcndem\"],\"inLanguage\":\"tr\",\"potentialAction\":[{\"@type\":\"CommentAction\",\"name\":\"Comment\",\"target\":[\"https:\\\/\\\/kibrisdakik.com\\\/?p=74441#respond\"]}]},{\"@type\":\"WebPage\",\"@id\":\"https:\\\/\\\/kibrisdakik.com\\\/?p=74441\",\"url\":\"https:\\\/\\\/kibrisdakik.com\\\/?p=74441\",\"name\":\"Belarus\u2019ta sand\u0131k \u00e7\u0131k\u0131\u015f anketine g\u00f6re se\u00e7imi Luka\u015fenko kazand\u0131 -\",\"isPartOf\":{\"@id\":\"https:\\\/\\\/kibrisdakik.com\\\/#website\"},\"primaryImageOfPage\":{\"@id\":\"https:\\\/\\\/kibrisdakik.com\\\/?p=74441#primaryimage\"},\"image\":{\"@id\":\"https:\\\/\\\/kibrisdakik.com\\\/?p=74441#primaryimage\"},\"thumbnailUrl\":\"https:\\\/\\\/kibrisdakik.com\\\/wp-content\\\/uploads\\\/2025\\\/01\\\/thumbs_b_c_bfdd5f4c9318fd05dda658173565e82d-740x420.jpg\",\"datePublished\":\"2025-01-26T21:29:55+00:00\",\"author\":{\"@id\":\"https:\\\/\\\/kibrisdakik.com\\\/#\\\/schema\\\/person\\\/9cd9d437bbb44f72b73ba127e06d8e79\"},\"breadcrumb\":{\"@id\":\"https:\\\/\\\/kibrisdakik.com\\\/?p=74441#breadcrumb\"},\"inLanguage\":\"tr\",\"potentialAction\":[{\"@type\":\"ReadAction\",\"target\":[\"https:\\\/\\\/kibrisdakik.com\\\/?p=74441\"]}]},{\"@type\":\"ImageObject\",\"inLanguage\":\"tr\",\"@id\":\"https:\\\/\\\/kibrisdakik.com\\\/?p=74441#primaryimage\",\"url\":\"https:\\\/\\\/kibrisdakik.com\\\/wp-content\\\/uploads\\\/2025\\\/01\\\/thumbs_b_c_bfdd5f4c9318fd05dda658173565e82d-740x420.jpg\",\"contentUrl\":\"https:\\\/\\\/kibrisdakik.com\\\/wp-content\\\/uploads\\\/2025\\\/01\\\/thumbs_b_c_bfdd5f4c9318fd05dda658173565e82d-740x420.jpg\",\"width\":864,\"height\":486},{\"@type\":\"BreadcrumbList\",\"@id\":\"https:\\\/\\\/kibrisdakik.com\\\/?p=74441#breadcrumb\",\"itemListElement\":[{\"@type\":\"ListItem\",\"position\":1,\"name\":\"Home\",\"item\":\"https:\\\/\\\/kibrisdakik.com\\\/\"},{\"@type\":\"ListItem\",\"position\":2,\"name\":\"Belarus\u2019ta sand\u0131k \u00e7\u0131k\u0131\u015f anketine g\u00f6re se\u00e7imi Luka\u015fenko kazand\u0131\"}]},{\"@type\":\"WebSite\",\"@id\":\"https:\\\/\\\/kibrisdakik.com\\\/#website\",\"url\":\"https:\\\/\\\/kibrisdakik.com\\\/\",\"name\":\"\",\"description\":\"Tam vaktinde haber\",\"potentialAction\":[{\"@type\":\"SearchAction\",\"target\":{\"@type\":\"EntryPoint\",\"urlTemplate\":\"https:\\\/\\\/kibrisdakik.com\\\/?s={search_term_string}\"},\"query-input\":{\"@type\":\"PropertyValueSpecification\",\"valueRequired\":true,\"valueName\":\"search_term_string\"}}],\"inLanguage\":\"tr\"},{\"@type\":\"Person\",\"@id\":\"https:\\\/\\\/kibrisdakik.com\\\/#\\\/schema\\\/person\\\/9cd9d437bbb44f72b73ba127e06d8e79\",\"name\":\"admin\",\"image\":{\"@type\":\"ImageObject\",\"inLanguage\":\"tr\",\"@id\":\"https:\\\/\\\/secure.gravatar.com\\\/avatar\\\/ccc17943b9d660506c869530f897617f7cb1c21a4bf30023f252596d83e1f007?s=96&d=mm&r=g\",\"url\":\"https:\\\/\\\/secure.gravatar.com\\\/avatar\\\/ccc17943b9d660506c869530f897617f7cb1c21a4bf30023f252596d83e1f007?s=96&d=mm&r=g\",\"contentUrl\":\"https:\\\/\\\/secure.gravatar.com\\\/avatar\\\/ccc17943b9d660506c869530f897617f7cb1c21a4bf30023f252596d83e1f007?s=96&d=mm&r=g\",\"caption\":\"admin\"},\"sameAs\":[\"https:\\\/\\\/kibrisdakik.com\"],\"url\":\"https:\\\/\\\/kibrisdakik.com\\\/?author=1\"}]}<\/script>\n<!-- \/ Yoast SEO plugin. -->","yoast_head_json":{"title":"Belarus\u2019ta sand\u0131k \u00e7\u0131k\u0131\u015f anketine g\u00f6re se\u00e7imi Luka\u015fenko kazand\u0131 -","robots":{"index":"index","follow":"follow","max-snippet":"max-snippet:-1","max-image-preview":"max-image-preview:large","max-video-preview":"max-video-preview:-1"},"canonical":"https:\/\/kibrisdakik.com\/?p=74441","og_locale":"tr_TR","og_type":"article","og_title":"Belarus\u2019ta sand\u0131k \u00e7\u0131k\u0131\u015f anketine g\u00f6re se\u00e7imi Luka\u015fenko kazand\u0131 -","og_description":"Belarus\u2019ta sand\u0131k \u00e7\u0131k\u0131\u015f anketine g\u00f6re cumhurba\u015fkan\u0131 se\u00e7imini Aleksandr Luka\u015fenko y\u00fczde 87,6 oy oran\u0131 ile kazand\u0131. Belarus devlet televizyonundan yap\u0131lan a\u00e7\u0131klamaya g\u00f6re, cumhurba\u015fkan\u0131 se\u00e7iminde sand\u0131klar\u0131n yerel saatle 20.00\u2019de kapanmas\u0131n\u0131n ard\u0131ndan sand\u0131k \u00e7\u0131k\u0131\u015f anketi sonucu adaylar\u0131n ald\u0131\u011f\u0131 oy oranlar\u0131 belli oldu. AB: Belarus cumhurba\u015fkanl\u0131\u011f\u0131 se\u00e7imi ne \u00f6zg\u00fcr ne de adil Buna g\u00f6re mevcut Cumhurba\u015fkan\u0131 Luka\u015fenko y\u00fczde 87,6","og_url":"https:\/\/kibrisdakik.com\/?p=74441","article_published_time":"2025-01-26T21:29:55+00:00","og_image":[{"width":864,"height":486,"url":"https:\/\/kibrisdakik.com\/wp-content\/uploads\/2025\/01\/thumbs_b_c_bfdd5f4c9318fd05dda658173565e82d-740x420.jpg","type":"image\/jpeg"}],"author":"admin","twitter_card":"summary_large_image","twitter_misc":{"Yazan:":"admin","Tahmini okuma s\u00fcresi":"1 dakika"},"schema":{"@context":"https:\/\/schema.org","@graph":[{"@type":"Article","@id":"https:\/\/kibrisdakik.com\/?p=74441#article","isPartOf":{"@id":"https:\/\/kibrisdakik.com\/?p=74441"},"author":{"name":"admin","@id":"https:\/\/kibrisdakik.com\/#\/schema\/person\/9cd9d437bbb44f72b73ba127e06d8e79"},"headline":"Belarus\u2019ta sand\u0131k \u00e7\u0131k\u0131\u015f anketine g\u00f6re se\u00e7imi Luka\u015fenko kazand\u0131","datePublished":"2025-01-26T21:29:55+00:00","mainEntityOfPage":{"@id":"https:\/\/kibrisdakik.com\/?p=74441"},"wordCount":188,"commentCount":0,"image":{"@id":"https:\/\/kibrisdakik.com\/?p=74441#primaryimage"},"thumbnailUrl":"https:\/\/kibrisdakik.com\/wp-content\/uploads\/2025\/01\/thumbs_b_c_bfdd5f4c9318fd05dda658173565e82d-740x420.jpg","articleSection":["G\u00fcndem"],"inLanguage":"tr","potentialAction":[{"@type":"CommentAction","name":"Comment","target":["https:\/\/kibrisdakik.com\/?p=74441#respond"]}]},{"@type":"WebPage","@id":"https:\/\/kibrisdakik.com\/?p=74441","url":"https:\/\/kibrisdakik.com\/?p=74441","name":"Belarus\u2019ta sand\u0131k \u00e7\u0131k\u0131\u015f anketine g\u00f6re se\u00e7imi Luka\u015fenko kazand\u0131 -","isPartOf":{"@id":"https:\/\/kibrisdakik.com\/#website"},"primaryImageOfPage":{"@id":"https:\/\/kibrisdakik.com\/?p=74441#primaryimage"},"image":{"@id":"https:\/\/kibrisdakik.com\/?p=74441#primaryimage"},"thumbnailUrl":"https:\/\/kibrisdakik.com\/wp-content\/uploads\/2025\/01\/thumbs_b_c_bfdd5f4c9318fd05dda658173565e82d-740x420.jpg","datePublished":"2025-01-26T21:29:55+00:00","author":{"@id":"https:\/\/kibrisdakik.com\/#\/schema\/person\/9cd9d437bbb44f72b73ba127e06d8e79"},"breadcrumb":{"@id":"https:\/\/kibrisdakik.com\/?p=74441#breadcrumb"},"inLanguage":"tr","potentialAction":[{"@type":"ReadAction","target":["https:\/\/kibrisdakik.com\/?p=74441"]}]},{"@type":"ImageObject","inLanguage":"tr","@id":"https:\/\/kibrisdakik.com\/?p=74441#primaryimage","url":"https:\/\/kibrisdakik.com\/wp-content\/uploads\/2025\/01\/thumbs_b_c_bfdd5f4c9318fd05dda658173565e82d-740x420.jpg","contentUrl":"https:\/\/kibrisdakik.com\/wp-content\/uploads\/2025\/01\/thumbs_b_c_bfdd5f4c9318fd05dda658173565e82d-740x420.jpg","width":864,"height":486},{"@type":"BreadcrumbList","@id":"https:\/\/kibrisdakik.com\/?p=74441#breadcrumb","itemListElement":[{"@type":"ListItem","position":1,"name":"Home","item":"https:\/\/kibrisdakik.com\/"},{"@type":"ListItem","position":2,"name":"Belarus\u2019ta sand\u0131k \u00e7\u0131k\u0131\u015f anketine g\u00f6re se\u00e7imi Luka\u015fenko kazand\u0131"}]},{"@type":"WebSite","@id":"https:\/\/kibrisdakik.com\/#website","url":"https:\/\/kibrisdakik.com\/","name":"","description":"Tam vaktinde haber","potentialAction":[{"@type":"SearchAction","target":{"@type":"EntryPoint","urlTemplate":"https:\/\/kibrisdakik.com\/?s={search_term_string}"},"query-input":{"@type":"PropertyValueSpecification","valueRequired":true,"valueName":"search_term_string"}}],"inLanguage":"tr"},{"@type":"Person","@id":"https:\/\/kibrisdakik.com\/#\/schema\/person\/9cd9d437bbb44f72b73ba127e06d8e79","name":"admin","image":{"@type":"ImageObject","inLanguage":"tr","@id":"https:\/\/secure.gravatar.com\/avatar\/ccc17943b9d660506c869530f897617f7cb1c21a4bf30023f252596d83e1f007?s=96&d=mm&r=g","url":"https:\/\/secure.gravatar.com\/avatar\/ccc17943b9d660506c869530f897617f7cb1c21a4bf30023f252596d83e1f007?s=96&d=mm&r=g","contentUrl":"https:\/\/secure.gravatar.com\/avatar\/ccc17943b9d660506c869530f897617f7cb1c21a4bf30023f252596d83e1f007?s=96&d=mm&r=g","caption":"admin"},"sameAs":["https:\/\/kibrisdakik.com"],"url":"https:\/\/kibrisdakik.com\/?author=1"}]}},"_links":{"self":[{"href":"https:\/\/kibrisdakik.com\/index.php?rest_route=\/wp\/v2\/posts\/74441","targetHints":{"allow":["GET"]}}],"collection":[{"href":"https:\/\/kibrisdakik.com\/index.php?rest_route=\/wp\/v2\/posts"}],"about":[{"href":"https:\/\/kibrisdakik.com\/index.php?rest_route=\/wp\/v2\/types\/post"}],"author":[{"embeddable":true,"href":"https:\/\/kibrisdakik.com\/index.php?rest_route=\/wp\/v2\/users\/1"}],"replies":[{"embeddable":true,"href":"https:\/\/kibrisdakik.com\/index.php?rest_route=%2Fwp%2Fv2%2Fcomments&post=74441"}],"version-history":[{"count":1,"href":"https:\/\/kibrisdakik.com\/index.php?rest_route=\/wp\/v2\/posts\/74441\/revisions"}],"predecessor-version":[{"id":74443,"href":"https:\/\/kibrisdakik.com\/index.php?rest_route=\/wp\/v2\/posts\/74441\/revisions\/74443"}],"wp:featuredmedia":[{"embeddable":true,"href":"https:\/\/kibrisdakik.com\/index.php?rest_route=\/wp\/v2\/media\/74442"}],"wp:attachment":[{"href":"https:\/\/kibrisdakik.com\/index.php?rest_route=%2Fwp%2Fv2%2Fmedia&parent=74441"}],"wp:term":[{"taxonomy":"category","embeddable":true,"href":"https:\/\/kibrisdakik.com\/index.php?rest_route=%2Fwp%2Fv2%2Fcategories&post=74441"},{"taxonomy":"post_tag","embeddable":true,"href":"https:\/\/kibrisdakik.com\/index.php?rest_route=%2Fwp%2Fv2%2Ftags&post=74441"}],"curies":[{"name":"wp","href":"https:\/\/api.w.org\/{rel}","templated":true}]}}