{"id":74464,"date":"2025-01-27T12:00:08","date_gmt":"2025-01-27T09:00:08","guid":{"rendered":"https:\/\/kibrisdakik.com\/index.php\/2025\/01\/27\/girne-belediyesi-oda-muzigi-ve-cok-sesli-koro-konserleri-devam-ediyor\/"},"modified":"2025-01-27T12:00:08","modified_gmt":"2025-01-27T09:00:08","slug":"girne-belediyesi-oda-muzigi-ve-cok-sesli-koro-konserleri-devam-ediyor","status":"publish","type":"post","link":"https:\/\/kibrisdakik.com\/?p=74464","title":{"rendered":"Girne Belediyesi Oda M\u00fczi\u011fi ve \u00c7ok Sesli Koro Konserleri devam ediyor"},"content":{"rendered":"<div>\n<div class=\"mariselle-image-container center\">\n                                            <\/div>\n<p>Girne Belediyesi Oda M\u00fczi\u011fi ve \u00c7ok Sesli Koro Konserlerinin ikincisi \u0130skele\u2019de ger\u00e7ekle\u015ftirildi.<\/p>\n<p> Girne Belediyesinden verilen bilgiye g\u00f6re, \u015eefli\u011fini Y\u0131lmaz Taner\u2019in yapt\u0131\u011f\u0131 konser \u0130skele Atat\u00fcrk K\u00fclt\u00fcr Merkezi\u2019nde yer ald\u0131. <\/p>\n<p>Bir sonraki konser 31 Ocak Cuma ak\u015fam\u0131 Lefko\u015fa Atat\u00fcrk K\u00fclt\u00fcr Merkezi\u2019nde yer alacak. Saat 19.00\u2019da ba\u015flayacak konsere giri\u015f \u00fccretsiz olacak.<\/p>\n<p> Girne Belediyesi Oda M\u00fczi\u011fi ve \u00c7ok Sesli Koro Konserlerinin ilki Kas\u0131m\u2019da Kalkanl\u0131\u2019da yap\u0131lm\u0131\u015ft\u0131.<\/p>\n<\/p><\/div>\n<p><script async\n                    defer\n                    crossorigin=\"anonymous\"\n                    src=\"https:\/\/connect.facebook.net\/tr_TR\/sdk.js#xfbml=1&#038;version=v3.3\"\n            ><\/script><\/p>\n","protected":false},"excerpt":{"rendered":"<p>Girne Belediyesi Oda M\u00fczi\u011fi ve \u00c7ok Sesli Koro Konserlerinin ikincisi \u0130skele\u2019de ger\u00e7ekle\u015ftirildi. Girne Belediyesinden verilen bilgiye g\u00f6re, \u015eefli\u011fini Y\u0131lmaz Taner\u2019in yapt\u0131\u011f\u0131 konser \u0130skele Atat\u00fcrk K\u00fclt\u00fcr Merkezi\u2019nde yer ald\u0131. Bir sonraki konser 31 Ocak Cuma ak\u015fam\u0131 Lefko\u015fa Atat\u00fcrk K\u00fclt\u00fcr Merkezi\u2019nde yer alacak. Saat 19.00\u2019da ba\u015flayacak konsere giri\u015f \u00fccretsiz olacak. Girne Belediyesi Oda M\u00fczi\u011fi ve \u00c7ok Sesli<\/p>\n","protected":false},"author":1,"featured_media":74465,"comment_status":"open","ping_status":"open","sticky":false,"template":"","format":"standard","meta":{"footnotes":""},"categories":[81,101],"tags":[],"class_list":["post-74464","post","type-post","status-publish","format-standard","has-post-thumbnail","hentry","category-kibris","category-manset"],"yoast_head":"<!-- This site is optimized with the Yoast SEO plugin v27.5 - https:\/\/yoast.com\/product\/yoast-seo-wordpress\/ -->\n<title>Girne Belediyesi Oda M\u00fczi\u011fi ve \u00c7ok Sesli Koro Konserleri devam ediyor -<\/title>\n<meta name=\"robots\" content=\"index, follow, max-snippet:-1, max-image-preview:large, max-video-preview:-1\" \/>\n<link rel=\"canonical\" href=\"https:\/\/kibrisdakik.com\/?p=74464\" \/>\n<meta property=\"og:locale\" content=\"tr_TR\" \/>\n<meta property=\"og:type\" content=\"article\" \/>\n<meta property=\"og:title\" content=\"Girne Belediyesi Oda M\u00fczi\u011fi ve \u00c7ok Sesli Koro Konserleri devam ediyor -\" \/>\n<meta property=\"og:description\" content=\"Girne Belediyesi Oda M\u00fczi\u011fi ve \u00c7ok Sesli Koro Konserlerinin ikincisi \u0130skele\u2019de ger\u00e7ekle\u015ftirildi. Girne Belediyesinden verilen bilgiye g\u00f6re, \u015eefli\u011fini Y\u0131lmaz Taner\u2019in yapt\u0131\u011f\u0131 konser \u0130skele Atat\u00fcrk K\u00fclt\u00fcr Merkezi\u2019nde yer ald\u0131. Bir sonraki konser 31 Ocak Cuma ak\u015fam\u0131 Lefko\u015fa Atat\u00fcrk K\u00fclt\u00fcr Merkezi\u2019nde yer alacak. Saat 19.00\u2019da ba\u015flayacak konsere giri\u015f \u00fccretsiz olacak. Girne Belediyesi Oda M\u00fczi\u011fi ve \u00c7ok Sesli\" \/>\n<meta property=\"og:url\" content=\"https:\/\/kibrisdakik.com\/?p=74464\" \/>\n<meta property=\"article:published_time\" content=\"2025-01-27T09:00:08+00:00\" \/>\n<meta property=\"og:image\" content=\"https:\/\/kibrisdakik.com\/wp-content\/uploads\/2025\/01\/1737967876893-740x420.jpeg\" \/>\n\t<meta property=\"og:image:width\" content=\"1408\" \/>\n\t<meta property=\"og:image:height\" content=\"705\" \/>\n\t<meta property=\"og:image:type\" content=\"image\/jpeg\" \/>\n<meta name=\"author\" content=\"admin\" \/>\n<meta name=\"twitter:card\" content=\"summary_large_image\" \/>\n<meta name=\"twitter:label1\" content=\"Yazan:\" \/>\n\t<meta name=\"twitter:data1\" content=\"admin\" \/>\n<script type=\"application\/ld+json\" class=\"yoast-schema-graph\">{\"@context\":\"https:\\\/\\\/schema.org\",\"@graph\":[{\"@type\":\"Article\",\"@id\":\"https:\\\/\\\/kibrisdakik.com\\\/?p=74464#article\",\"isPartOf\":{\"@id\":\"https:\\\/\\\/kibrisdakik.com\\\/?p=74464\"},\"author\":{\"name\":\"admin\",\"@id\":\"https:\\\/\\\/kibrisdakik.com\\\/#\\\/schema\\\/person\\\/9cd9d437bbb44f72b73ba127e06d8e79\"},\"headline\":\"Girne Belediyesi Oda M\u00fczi\u011fi ve \u00c7ok Sesli Koro Konserleri devam ediyor\",\"datePublished\":\"2025-01-27T09:00:08+00:00\",\"mainEntityOfPage\":{\"@id\":\"https:\\\/\\\/kibrisdakik.com\\\/?p=74464\"},\"wordCount\":100,\"commentCount\":0,\"image\":{\"@id\":\"https:\\\/\\\/kibrisdakik.com\\\/?p=74464#primaryimage\"},\"thumbnailUrl\":\"https:\\\/\\\/kibrisdakik.com\\\/wp-content\\\/uploads\\\/2025\\\/01\\\/1737967876893-740x420.jpeg\",\"articleSection\":[\"K\u0131br\u0131s\",\"Man\u015fet\"],\"inLanguage\":\"tr\",\"potentialAction\":[{\"@type\":\"CommentAction\",\"name\":\"Comment\",\"target\":[\"https:\\\/\\\/kibrisdakik.com\\\/?p=74464#respond\"]}]},{\"@type\":\"WebPage\",\"@id\":\"https:\\\/\\\/kibrisdakik.com\\\/?p=74464\",\"url\":\"https:\\\/\\\/kibrisdakik.com\\\/?p=74464\",\"name\":\"Girne Belediyesi Oda M\u00fczi\u011fi ve \u00c7ok Sesli Koro Konserleri devam ediyor -\",\"isPartOf\":{\"@id\":\"https:\\\/\\\/kibrisdakik.com\\\/#website\"},\"primaryImageOfPage\":{\"@id\":\"https:\\\/\\\/kibrisdakik.com\\\/?p=74464#primaryimage\"},\"image\":{\"@id\":\"https:\\\/\\\/kibrisdakik.com\\\/?p=74464#primaryimage\"},\"thumbnailUrl\":\"https:\\\/\\\/kibrisdakik.com\\\/wp-content\\\/uploads\\\/2025\\\/01\\\/1737967876893-740x420.jpeg\",\"datePublished\":\"2025-01-27T09:00:08+00:00\",\"author\":{\"@id\":\"https:\\\/\\\/kibrisdakik.com\\\/#\\\/schema\\\/person\\\/9cd9d437bbb44f72b73ba127e06d8e79\"},\"breadcrumb\":{\"@id\":\"https:\\\/\\\/kibrisdakik.com\\\/?p=74464#breadcrumb\"},\"inLanguage\":\"tr\",\"potentialAction\":[{\"@type\":\"ReadAction\",\"target\":[\"https:\\\/\\\/kibrisdakik.com\\\/?p=74464\"]}]},{\"@type\":\"ImageObject\",\"inLanguage\":\"tr\",\"@id\":\"https:\\\/\\\/kibrisdakik.com\\\/?p=74464#primaryimage\",\"url\":\"https:\\\/\\\/kibrisdakik.com\\\/wp-content\\\/uploads\\\/2025\\\/01\\\/1737967876893-740x420.jpeg\",\"contentUrl\":\"https:\\\/\\\/kibrisdakik.com\\\/wp-content\\\/uploads\\\/2025\\\/01\\\/1737967876893-740x420.jpeg\",\"width\":1408,\"height\":705},{\"@type\":\"BreadcrumbList\",\"@id\":\"https:\\\/\\\/kibrisdakik.com\\\/?p=74464#breadcrumb\",\"itemListElement\":[{\"@type\":\"ListItem\",\"position\":1,\"name\":\"Home\",\"item\":\"https:\\\/\\\/kibrisdakik.com\\\/\"},{\"@type\":\"ListItem\",\"position\":2,\"name\":\"Girne Belediyesi Oda M\u00fczi\u011fi ve \u00c7ok Sesli Koro Konserleri devam ediyor\"}]},{\"@type\":\"WebSite\",\"@id\":\"https:\\\/\\\/kibrisdakik.com\\\/#website\",\"url\":\"https:\\\/\\\/kibrisdakik.com\\\/\",\"name\":\"\",\"description\":\"Tam vaktinde haber\",\"potentialAction\":[{\"@type\":\"SearchAction\",\"target\":{\"@type\":\"EntryPoint\",\"urlTemplate\":\"https:\\\/\\\/kibrisdakik.com\\\/?s={search_term_string}\"},\"query-input\":{\"@type\":\"PropertyValueSpecification\",\"valueRequired\":true,\"valueName\":\"search_term_string\"}}],\"inLanguage\":\"tr\"},{\"@type\":\"Person\",\"@id\":\"https:\\\/\\\/kibrisdakik.com\\\/#\\\/schema\\\/person\\\/9cd9d437bbb44f72b73ba127e06d8e79\",\"name\":\"admin\",\"image\":{\"@type\":\"ImageObject\",\"inLanguage\":\"tr\",\"@id\":\"https:\\\/\\\/secure.gravatar.com\\\/avatar\\\/ccc17943b9d660506c869530f897617f7cb1c21a4bf30023f252596d83e1f007?s=96&d=mm&r=g\",\"url\":\"https:\\\/\\\/secure.gravatar.com\\\/avatar\\\/ccc17943b9d660506c869530f897617f7cb1c21a4bf30023f252596d83e1f007?s=96&d=mm&r=g\",\"contentUrl\":\"https:\\\/\\\/secure.gravatar.com\\\/avatar\\\/ccc17943b9d660506c869530f897617f7cb1c21a4bf30023f252596d83e1f007?s=96&d=mm&r=g\",\"caption\":\"admin\"},\"sameAs\":[\"https:\\\/\\\/kibrisdakik.com\"],\"url\":\"https:\\\/\\\/kibrisdakik.com\\\/?author=1\"}]}<\/script>\n<!-- \/ Yoast SEO plugin. -->","yoast_head_json":{"title":"Girne Belediyesi Oda M\u00fczi\u011fi ve \u00c7ok Sesli Koro Konserleri devam ediyor -","robots":{"index":"index","follow":"follow","max-snippet":"max-snippet:-1","max-image-preview":"max-image-preview:large","max-video-preview":"max-video-preview:-1"},"canonical":"https:\/\/kibrisdakik.com\/?p=74464","og_locale":"tr_TR","og_type":"article","og_title":"Girne Belediyesi Oda M\u00fczi\u011fi ve \u00c7ok Sesli Koro Konserleri devam ediyor -","og_description":"Girne Belediyesi Oda M\u00fczi\u011fi ve \u00c7ok Sesli Koro Konserlerinin ikincisi \u0130skele\u2019de ger\u00e7ekle\u015ftirildi. Girne Belediyesinden verilen bilgiye g\u00f6re, \u015eefli\u011fini Y\u0131lmaz Taner\u2019in yapt\u0131\u011f\u0131 konser \u0130skele Atat\u00fcrk K\u00fclt\u00fcr Merkezi\u2019nde yer ald\u0131. Bir sonraki konser 31 Ocak Cuma ak\u015fam\u0131 Lefko\u015fa Atat\u00fcrk K\u00fclt\u00fcr Merkezi\u2019nde yer alacak. Saat 19.00\u2019da ba\u015flayacak konsere giri\u015f \u00fccretsiz olacak. Girne Belediyesi Oda M\u00fczi\u011fi ve \u00c7ok Sesli","og_url":"https:\/\/kibrisdakik.com\/?p=74464","article_published_time":"2025-01-27T09:00:08+00:00","og_image":[{"width":1408,"height":705,"url":"https:\/\/kibrisdakik.com\/wp-content\/uploads\/2025\/01\/1737967876893-740x420.jpeg","type":"image\/jpeg"}],"author":"admin","twitter_card":"summary_large_image","twitter_misc":{"Yazan:":"admin"},"schema":{"@context":"https:\/\/schema.org","@graph":[{"@type":"Article","@id":"https:\/\/kibrisdakik.com\/?p=74464#article","isPartOf":{"@id":"https:\/\/kibrisdakik.com\/?p=74464"},"author":{"name":"admin","@id":"https:\/\/kibrisdakik.com\/#\/schema\/person\/9cd9d437bbb44f72b73ba127e06d8e79"},"headline":"Girne Belediyesi Oda M\u00fczi\u011fi ve \u00c7ok Sesli Koro Konserleri devam ediyor","datePublished":"2025-01-27T09:00:08+00:00","mainEntityOfPage":{"@id":"https:\/\/kibrisdakik.com\/?p=74464"},"wordCount":100,"commentCount":0,"image":{"@id":"https:\/\/kibrisdakik.com\/?p=74464#primaryimage"},"thumbnailUrl":"https:\/\/kibrisdakik.com\/wp-content\/uploads\/2025\/01\/1737967876893-740x420.jpeg","articleSection":["K\u0131br\u0131s","Man\u015fet"],"inLanguage":"tr","potentialAction":[{"@type":"CommentAction","name":"Comment","target":["https:\/\/kibrisdakik.com\/?p=74464#respond"]}]},{"@type":"WebPage","@id":"https:\/\/kibrisdakik.com\/?p=74464","url":"https:\/\/kibrisdakik.com\/?p=74464","name":"Girne Belediyesi Oda M\u00fczi\u011fi ve \u00c7ok Sesli Koro Konserleri devam ediyor -","isPartOf":{"@id":"https:\/\/kibrisdakik.com\/#website"},"primaryImageOfPage":{"@id":"https:\/\/kibrisdakik.com\/?p=74464#primaryimage"},"image":{"@id":"https:\/\/kibrisdakik.com\/?p=74464#primaryimage"},"thumbnailUrl":"https:\/\/kibrisdakik.com\/wp-content\/uploads\/2025\/01\/1737967876893-740x420.jpeg","datePublished":"2025-01-27T09:00:08+00:00","author":{"@id":"https:\/\/kibrisdakik.com\/#\/schema\/person\/9cd9d437bbb44f72b73ba127e06d8e79"},"breadcrumb":{"@id":"https:\/\/kibrisdakik.com\/?p=74464#breadcrumb"},"inLanguage":"tr","potentialAction":[{"@type":"ReadAction","target":["https:\/\/kibrisdakik.com\/?p=74464"]}]},{"@type":"ImageObject","inLanguage":"tr","@id":"https:\/\/kibrisdakik.com\/?p=74464#primaryimage","url":"https:\/\/kibrisdakik.com\/wp-content\/uploads\/2025\/01\/1737967876893-740x420.jpeg","contentUrl":"https:\/\/kibrisdakik.com\/wp-content\/uploads\/2025\/01\/1737967876893-740x420.jpeg","width":1408,"height":705},{"@type":"BreadcrumbList","@id":"https:\/\/kibrisdakik.com\/?p=74464#breadcrumb","itemListElement":[{"@type":"ListItem","position":1,"name":"Home","item":"https:\/\/kibrisdakik.com\/"},{"@type":"ListItem","position":2,"name":"Girne Belediyesi Oda M\u00fczi\u011fi ve \u00c7ok Sesli Koro Konserleri devam ediyor"}]},{"@type":"WebSite","@id":"https:\/\/kibrisdakik.com\/#website","url":"https:\/\/kibrisdakik.com\/","name":"","description":"Tam vaktinde haber","potentialAction":[{"@type":"SearchAction","target":{"@type":"EntryPoint","urlTemplate":"https:\/\/kibrisdakik.com\/?s={search_term_string}"},"query-input":{"@type":"PropertyValueSpecification","valueRequired":true,"valueName":"search_term_string"}}],"inLanguage":"tr"},{"@type":"Person","@id":"https:\/\/kibrisdakik.com\/#\/schema\/person\/9cd9d437bbb44f72b73ba127e06d8e79","name":"admin","image":{"@type":"ImageObject","inLanguage":"tr","@id":"https:\/\/secure.gravatar.com\/avatar\/ccc17943b9d660506c869530f897617f7cb1c21a4bf30023f252596d83e1f007?s=96&d=mm&r=g","url":"https:\/\/secure.gravatar.com\/avatar\/ccc17943b9d660506c869530f897617f7cb1c21a4bf30023f252596d83e1f007?s=96&d=mm&r=g","contentUrl":"https:\/\/secure.gravatar.com\/avatar\/ccc17943b9d660506c869530f897617f7cb1c21a4bf30023f252596d83e1f007?s=96&d=mm&r=g","caption":"admin"},"sameAs":["https:\/\/kibrisdakik.com"],"url":"https:\/\/kibrisdakik.com\/?author=1"}]}},"_links":{"self":[{"href":"https:\/\/kibrisdakik.com\/index.php?rest_route=\/wp\/v2\/posts\/74464","targetHints":{"allow":["GET"]}}],"collection":[{"href":"https:\/\/kibrisdakik.com\/index.php?rest_route=\/wp\/v2\/posts"}],"about":[{"href":"https:\/\/kibrisdakik.com\/index.php?rest_route=\/wp\/v2\/types\/post"}],"author":[{"embeddable":true,"href":"https:\/\/kibrisdakik.com\/index.php?rest_route=\/wp\/v2\/users\/1"}],"replies":[{"embeddable":true,"href":"https:\/\/kibrisdakik.com\/index.php?rest_route=%2Fwp%2Fv2%2Fcomments&post=74464"}],"version-history":[{"count":0,"href":"https:\/\/kibrisdakik.com\/index.php?rest_route=\/wp\/v2\/posts\/74464\/revisions"}],"wp:featuredmedia":[{"embeddable":true,"href":"https:\/\/kibrisdakik.com\/index.php?rest_route=\/wp\/v2\/media\/74465"}],"wp:attachment":[{"href":"https:\/\/kibrisdakik.com\/index.php?rest_route=%2Fwp%2Fv2%2Fmedia&parent=74464"}],"wp:term":[{"taxonomy":"category","embeddable":true,"href":"https:\/\/kibrisdakik.com\/index.php?rest_route=%2Fwp%2Fv2%2Fcategories&post=74464"},{"taxonomy":"post_tag","embeddable":true,"href":"https:\/\/kibrisdakik.com\/index.php?rest_route=%2Fwp%2Fv2%2Ftags&post=74464"}],"curies":[{"name":"wp","href":"https:\/\/api.w.org\/{rel}","templated":true}]}}