{"id":74480,"date":"2025-01-27T14:40:03","date_gmt":"2025-01-27T11:40:03","guid":{"rendered":"https:\/\/kibrisdakik.com\/index.php\/2025\/01\/27\/mmv-baskani-gulbahar-direnis-milli-kimligimize-ve-haklarimiza-bagliligimizin-bir-gostergesidir\/"},"modified":"2025-01-27T14:40:03","modified_gmt":"2025-01-27T11:40:03","slug":"mmv-baskani-gulbahar-direnis-milli-kimligimize-ve-haklarimiza-bagliligimizin-bir-gostergesidir","status":"publish","type":"post","link":"https:\/\/kibrisdakik.com\/?p=74480","title":{"rendered":"MMV Ba\u015fkan\u0131 G\u00fclbahar: Direni\u015f milli kimli\u011fimize ve haklar\u0131m\u0131za ba\u011fl\u0131l\u0131\u011f\u0131m\u0131z\u0131n bir g\u00f6stergesidir"},"content":{"rendered":"<div>\n<div class=\"mariselle-image-container none\">\n                                            <\/div>\n<p>\u00a0Milli M\u00fccadele Vakf\u0131(MMV)Ba\u015fkan\u0131 Aziz G\u00fclbahar, 27-28 Ocak 1958 Direni\u015finin \u201cMilli kimli\u011fimize ve haklar\u0131m\u0131za ba\u011fl\u0131l\u0131\u011f\u0131m\u0131z\u0131n bir g\u00f6stergesidir\u201d dedi.<\/p>\n<p>G\u00fclbahar, 27-28 Ocak 1958 Direni\u015finin y\u0131ld\u00f6n\u00fcm\u00fc vesilesiyle yapt\u0131\u011f\u0131 yaz\u0131l\u0131 a\u00e7\u0131klamada, K\u0131br\u0131s T\u00fcrk\u00fc\u2019n\u00fcn milli varolu\u015f ve direni\u015f hareketini, Ada\u2019n\u0131n Yunan olmamas\u0131, Anavatan T\u00fcrkiye ile birlikte kendi haklar\u0131n\u0131n da g\u00f6z \u00f6n\u00fcnde bulundurulmas\u0131 i\u00e7in ba\u015flatt\u0131\u011f\u0131n\u0131 anlatt\u0131.<\/p>\n<p>G\u00fclbahar, \u201cTalebimiz netti, e\u011fer di\u011fer pek \u00e7ok s\u00f6m\u00fcrgesinde yapt\u0131\u011f\u0131 gibi \u0130ngiltere K\u0131br\u0131s\u2019tan \u00e7\u0131kacaksa T\u00fcrkiye ve K\u0131br\u0131s T\u00fcrk Halk\u0131\u2019n\u0131n haklar\u0131n\u0131 g\u00f6z ard\u0131 etmemeli ve ada\u00a0 T\u00fcrkiye ile Yunanistan aras\u0131nda taksim edilmeliydi\u201d dedi.<\/p>\n<p>K\u0131br\u0131s Rum-Yunan ikilisinin Enosis ideolojisinden rahats\u0131z olan K\u0131br\u0131s T\u00fcrk\u00fc\u2019n\u00fcn y\u00fcz\u00fcn\u00fc hep Anadolu\u2019ya d\u00f6n\u00fck tuttu\u011funu kaydeden G\u00fclbahar, \u201cFikrinde, g\u00f6nl\u00fcnde hep \u00f6zg\u00fcrl\u00fck besledi b\u00fcy\u00fctt\u00fc ve bug\u00fcnlere geldi\u201d dedi.<\/p>\n<p>-Olaylar<\/p>\n<p>\u0130ngilizlerin taksimi kabul etti\u011fi y\u00f6n\u00fcnde 27 Ocak 1958\u2019de \u00e7\u0131kan haberin K\u0131br\u0131s T\u00fcrk Halk\u0131 aras\u0131nda adeta bayram co\u015fkusu yaratt\u0131\u011f\u0131n\u0131 anlatan G\u00fclbahar, \u201cBinlerce K\u0131br\u0131s T\u00fcrk\u00fc adan\u0131n T\u00fcrkiye ile Yunanistan aras\u0131nda taksim edilmesini kutlamak, tekrar T\u00fcrkiye\u2019nin, Mehmet\u00e7i\u011fin g\u00fcvencesine kavu\u015fman\u0131n mutlulu\u011funu ifade etmek \u00fczere sokaklara d\u00f6k\u00fcld\u00fc, meydanlarda topland\u0131. Ama haber do\u011fru de\u011fildi ve \u0130ngiliz K\u0131br\u0131s T\u00fcrk\u00fc\u2019n\u00fcn Ada\u2019n\u0131n Taksimini istemesinden rahats\u0131zd\u0131; ba\u015fka niyeti vard\u0131\u201d dedi.<\/p>\n<p>\u0130ngiliz S\u00f6m\u00fcrge \u0130daresinin, Lefko\u015fa\u2019da Girne Kap\u0131s\u0131 ile Atat\u00fcrk Meydan\u0131 aras\u0131nda toplanan K\u0131br\u0131sl\u0131 T\u00fcrklere sert m\u00fcdahalede bulunmas\u0131ndan sonra olaylar\u0131n K\u0131br\u0131s T\u00fcrk\u00fc\u2019n\u00fcn \u0130ngiliz S\u00f6m\u00fcrge \u0130daresine kar\u015f\u0131\u00a0 ba\u015fkald\u0131r\u0131s\u0131na d\u00f6n\u00fc\u015ft\u00fc\u011f\u00fcn\u00fc belirten G\u00fclbahar,\u00a0 \u201c27-28 Ocak Direni\u015fi K\u0131br\u0131s T\u00fcrk\u00fc\u2019n\u00fcn, haklar\u0131na, milli kimli\u011fine, de\u011ferlerine, vatan\u0131na, Anavatan\u0131 T\u00fcrkiye\u2019ye ba\u011fl\u0131l\u0131\u011f\u0131n\u0131n kahramanca bir g\u00f6stergesidir. Bu direni\u015f K\u0131br\u0131s T\u00fcrk\u00fc\u2019n\u00fcn adada kendi milli ve dini kimli\u011fi ile \u00f6zg\u00fcrce ya\u015famak istedi\u011fini g\u00f6steren ilk b\u00fcy\u00fck olay olmas\u0131 bak\u0131m\u0131ndan hep ak\u0131llarda tutulmas\u0131 gereken bir direni\u015ftir\u201d dedi.<\/p>\n<p>K\u0131br\u0131s T\u00fcrk\u00fc\u2019n\u00fcn devletine, egemenli\u011fine, Anavatan T\u00fcrkiye ile kurdu\u011fu g\u00fc\u00e7l\u00fc ba\u011flar\u0131n devam\u0131na y\u00f6nelik her t\u00fcrl\u00fc \u00f6zveri ve m\u00fccadeleye haz\u0131r oldu\u011funu ifade eden G\u00fclbahar, \u201cK\u0131br\u0131s T\u00fcrk\u00fc bug\u00fcn devlet sahibi ciddi ekonomik g\u00fcc\u00fc ve potansiyeli olan bir halk noktas\u0131na gelmi\u015ftir\u201d dedi.<\/p>\n<p>G\u00fclbahar, garant\u00f6r \u00fclke \u0130ngiltere\u2019nin \u00fcslerini korumak i\u00e7in stat\u00fckonun devam\u0131 politikas\u0131nda vazge\u00e7mesi ve Kuzey K\u0131br\u0131s T\u00fcrk Cumhuriyeti\u2019ni tan\u0131mas\u0131 gerekti\u011fini de belirtti.<\/p>\n<p>K\u0131br\u0131s\u2019ta bir anla\u015fman\u0131n iki devletin i\u015fbirli\u011fi ile m\u00fcmk\u00fcn olabilece\u011fini ifade eden G\u00fclbahar, \u201c\u00d6zg\u00fcrl\u00fc\u011f\u00fcm\u00fcz i\u00e7in canlar\u0131n\u0131 feda eden t\u00fcm \u015fehitlerimizi bir kez daha rahmetle anar, 27-28 Ocak direni\u015fine kat\u0131lan, destek veren ve bug\u00fcn aram\u0131zda olan herkesi \u015f\u00fckranla, aram\u0131zda olmayanlar\u0131 rahmetle yad ederim\u201d dedi.<\/p>\n<\/p><\/div>\n<p><script async\n                    defer\n                    crossorigin=\"anonymous\"\n                    src=\"https:\/\/connect.facebook.net\/tr_TR\/sdk.js#xfbml=1&#038;version=v3.3\"\n            ><\/script><\/p>\n","protected":false},"excerpt":{"rendered":"<p>\u00a0Milli M\u00fccadele Vakf\u0131(MMV)Ba\u015fkan\u0131 Aziz G\u00fclbahar, 27-28 Ocak 1958 Direni\u015finin \u201cMilli kimli\u011fimize ve haklar\u0131m\u0131za ba\u011fl\u0131l\u0131\u011f\u0131m\u0131z\u0131n bir g\u00f6stergesidir\u201d dedi. G\u00fclbahar, 27-28 Ocak 1958 Direni\u015finin y\u0131ld\u00f6n\u00fcm\u00fc vesilesiyle yapt\u0131\u011f\u0131 yaz\u0131l\u0131 a\u00e7\u0131klamada, K\u0131br\u0131s T\u00fcrk\u00fc\u2019n\u00fcn milli varolu\u015f ve direni\u015f hareketini, Ada\u2019n\u0131n Yunan olmamas\u0131, Anavatan T\u00fcrkiye ile birlikte kendi haklar\u0131n\u0131n da g\u00f6z \u00f6n\u00fcnde bulundurulmas\u0131 i\u00e7in ba\u015flatt\u0131\u011f\u0131n\u0131 anlatt\u0131. G\u00fclbahar, \u201cTalebimiz netti, e\u011fer di\u011fer<\/p>\n","protected":false},"author":1,"featured_media":73472,"comment_status":"open","ping_status":"open","sticky":false,"template":"","format":"standard","meta":{"footnotes":""},"categories":[81,101],"tags":[],"class_list":["post-74480","post","type-post","status-publish","format-standard","has-post-thumbnail","hentry","category-kibris","category-manset"],"yoast_head":"<!-- This site is optimized with the Yoast SEO plugin v27.5 - https:\/\/yoast.com\/product\/yoast-seo-wordpress\/ -->\n<title>MMV Ba\u015fkan\u0131 G\u00fclbahar: Direni\u015f milli kimli\u011fimize ve haklar\u0131m\u0131za ba\u011fl\u0131l\u0131\u011f\u0131m\u0131z\u0131n bir g\u00f6stergesidir -<\/title>\n<meta name=\"robots\" content=\"index, follow, max-snippet:-1, max-image-preview:large, max-video-preview:-1\" \/>\n<link rel=\"canonical\" href=\"https:\/\/kibrisdakik.com\/?p=74480\" \/>\n<meta property=\"og:locale\" content=\"tr_TR\" \/>\n<meta property=\"og:type\" content=\"article\" \/>\n<meta property=\"og:title\" content=\"MMV Ba\u015fkan\u0131 G\u00fclbahar: Direni\u015f milli kimli\u011fimize ve haklar\u0131m\u0131za ba\u011fl\u0131l\u0131\u011f\u0131m\u0131z\u0131n bir g\u00f6stergesidir -\" \/>\n<meta property=\"og:description\" content=\"\u00a0Milli M\u00fccadele Vakf\u0131(MMV)Ba\u015fkan\u0131 Aziz G\u00fclbahar, 27-28 Ocak 1958 Direni\u015finin \u201cMilli kimli\u011fimize ve haklar\u0131m\u0131za ba\u011fl\u0131l\u0131\u011f\u0131m\u0131z\u0131n bir g\u00f6stergesidir\u201d dedi. G\u00fclbahar, 27-28 Ocak 1958 Direni\u015finin y\u0131ld\u00f6n\u00fcm\u00fc vesilesiyle yapt\u0131\u011f\u0131 yaz\u0131l\u0131 a\u00e7\u0131klamada, K\u0131br\u0131s T\u00fcrk\u00fc\u2019n\u00fcn milli varolu\u015f ve direni\u015f hareketini, Ada\u2019n\u0131n Yunan olmamas\u0131, Anavatan T\u00fcrkiye ile birlikte kendi haklar\u0131n\u0131n da g\u00f6z \u00f6n\u00fcnde bulundurulmas\u0131 i\u00e7in ba\u015flatt\u0131\u011f\u0131n\u0131 anlatt\u0131. G\u00fclbahar, \u201cTalebimiz netti, e\u011fer di\u011fer\" \/>\n<meta property=\"og:url\" content=\"https:\/\/kibrisdakik.com\/?p=74480\" \/>\n<meta property=\"article:published_time\" content=\"2025-01-27T11:40:03+00:00\" \/>\n<meta property=\"og:image\" content=\"https:\/\/kibrisdakik.com\/wp-content\/uploads\/2025\/01\/gulbahar-son-scaled-740x420.jpg\" \/>\n\t<meta property=\"og:image:width\" content=\"2560\" \/>\n\t<meta property=\"og:image:height\" content=\"1479\" \/>\n\t<meta property=\"og:image:type\" content=\"image\/jpeg\" \/>\n<meta name=\"author\" content=\"admin\" \/>\n<meta name=\"twitter:card\" content=\"summary_large_image\" \/>\n<meta name=\"twitter:label1\" content=\"Yazan:\" \/>\n\t<meta name=\"twitter:data1\" content=\"admin\" \/>\n\t<meta name=\"twitter:label2\" content=\"Tahmini okuma s\u00fcresi\" \/>\n\t<meta name=\"twitter:data2\" content=\"3 dakika\" \/>\n<script type=\"application\/ld+json\" class=\"yoast-schema-graph\">{\"@context\":\"https:\\\/\\\/schema.org\",\"@graph\":[{\"@type\":\"Article\",\"@id\":\"https:\\\/\\\/kibrisdakik.com\\\/?p=74480#article\",\"isPartOf\":{\"@id\":\"https:\\\/\\\/kibrisdakik.com\\\/?p=74480\"},\"author\":{\"name\":\"admin\",\"@id\":\"https:\\\/\\\/kibrisdakik.com\\\/#\\\/schema\\\/person\\\/9cd9d437bbb44f72b73ba127e06d8e79\"},\"headline\":\"MMV Ba\u015fkan\u0131 G\u00fclbahar: Direni\u015f milli kimli\u011fimize ve haklar\u0131m\u0131za ba\u011fl\u0131l\u0131\u011f\u0131m\u0131z\u0131n bir g\u00f6stergesidir\",\"datePublished\":\"2025-01-27T11:40:03+00:00\",\"mainEntityOfPage\":{\"@id\":\"https:\\\/\\\/kibrisdakik.com\\\/?p=74480\"},\"wordCount\":593,\"commentCount\":0,\"image\":{\"@id\":\"https:\\\/\\\/kibrisdakik.com\\\/?p=74480#primaryimage\"},\"thumbnailUrl\":\"https:\\\/\\\/kibrisdakik.com\\\/wp-content\\\/uploads\\\/2025\\\/01\\\/gulbahar-son-scaled-740x420.jpg\",\"articleSection\":[\"K\u0131br\u0131s\",\"Man\u015fet\"],\"inLanguage\":\"tr\",\"potentialAction\":[{\"@type\":\"CommentAction\",\"name\":\"Comment\",\"target\":[\"https:\\\/\\\/kibrisdakik.com\\\/?p=74480#respond\"]}]},{\"@type\":\"WebPage\",\"@id\":\"https:\\\/\\\/kibrisdakik.com\\\/?p=74480\",\"url\":\"https:\\\/\\\/kibrisdakik.com\\\/?p=74480\",\"name\":\"MMV Ba\u015fkan\u0131 G\u00fclbahar: Direni\u015f milli kimli\u011fimize ve haklar\u0131m\u0131za ba\u011fl\u0131l\u0131\u011f\u0131m\u0131z\u0131n bir g\u00f6stergesidir -\",\"isPartOf\":{\"@id\":\"https:\\\/\\\/kibrisdakik.com\\\/#website\"},\"primaryImageOfPage\":{\"@id\":\"https:\\\/\\\/kibrisdakik.com\\\/?p=74480#primaryimage\"},\"image\":{\"@id\":\"https:\\\/\\\/kibrisdakik.com\\\/?p=74480#primaryimage\"},\"thumbnailUrl\":\"https:\\\/\\\/kibrisdakik.com\\\/wp-content\\\/uploads\\\/2025\\\/01\\\/gulbahar-son-scaled-740x420.jpg\",\"datePublished\":\"2025-01-27T11:40:03+00:00\",\"author\":{\"@id\":\"https:\\\/\\\/kibrisdakik.com\\\/#\\\/schema\\\/person\\\/9cd9d437bbb44f72b73ba127e06d8e79\"},\"breadcrumb\":{\"@id\":\"https:\\\/\\\/kibrisdakik.com\\\/?p=74480#breadcrumb\"},\"inLanguage\":\"tr\",\"potentialAction\":[{\"@type\":\"ReadAction\",\"target\":[\"https:\\\/\\\/kibrisdakik.com\\\/?p=74480\"]}]},{\"@type\":\"ImageObject\",\"inLanguage\":\"tr\",\"@id\":\"https:\\\/\\\/kibrisdakik.com\\\/?p=74480#primaryimage\",\"url\":\"https:\\\/\\\/kibrisdakik.com\\\/wp-content\\\/uploads\\\/2025\\\/01\\\/gulbahar-son-scaled-740x420.jpg\",\"contentUrl\":\"https:\\\/\\\/kibrisdakik.com\\\/wp-content\\\/uploads\\\/2025\\\/01\\\/gulbahar-son-scaled-740x420.jpg\",\"width\":2560,\"height\":1479},{\"@type\":\"BreadcrumbList\",\"@id\":\"https:\\\/\\\/kibrisdakik.com\\\/?p=74480#breadcrumb\",\"itemListElement\":[{\"@type\":\"ListItem\",\"position\":1,\"name\":\"Home\",\"item\":\"https:\\\/\\\/kibrisdakik.com\\\/\"},{\"@type\":\"ListItem\",\"position\":2,\"name\":\"MMV Ba\u015fkan\u0131 G\u00fclbahar: Direni\u015f milli kimli\u011fimize ve haklar\u0131m\u0131za ba\u011fl\u0131l\u0131\u011f\u0131m\u0131z\u0131n bir g\u00f6stergesidir\"}]},{\"@type\":\"WebSite\",\"@id\":\"https:\\\/\\\/kibrisdakik.com\\\/#website\",\"url\":\"https:\\\/\\\/kibrisdakik.com\\\/\",\"name\":\"\",\"description\":\"Tam vaktinde haber\",\"potentialAction\":[{\"@type\":\"SearchAction\",\"target\":{\"@type\":\"EntryPoint\",\"urlTemplate\":\"https:\\\/\\\/kibrisdakik.com\\\/?s={search_term_string}\"},\"query-input\":{\"@type\":\"PropertyValueSpecification\",\"valueRequired\":true,\"valueName\":\"search_term_string\"}}],\"inLanguage\":\"tr\"},{\"@type\":\"Person\",\"@id\":\"https:\\\/\\\/kibrisdakik.com\\\/#\\\/schema\\\/person\\\/9cd9d437bbb44f72b73ba127e06d8e79\",\"name\":\"admin\",\"image\":{\"@type\":\"ImageObject\",\"inLanguage\":\"tr\",\"@id\":\"https:\\\/\\\/secure.gravatar.com\\\/avatar\\\/ccc17943b9d660506c869530f897617f7cb1c21a4bf30023f252596d83e1f007?s=96&d=mm&r=g\",\"url\":\"https:\\\/\\\/secure.gravatar.com\\\/avatar\\\/ccc17943b9d660506c869530f897617f7cb1c21a4bf30023f252596d83e1f007?s=96&d=mm&r=g\",\"contentUrl\":\"https:\\\/\\\/secure.gravatar.com\\\/avatar\\\/ccc17943b9d660506c869530f897617f7cb1c21a4bf30023f252596d83e1f007?s=96&d=mm&r=g\",\"caption\":\"admin\"},\"sameAs\":[\"https:\\\/\\\/kibrisdakik.com\"],\"url\":\"https:\\\/\\\/kibrisdakik.com\\\/?author=1\"}]}<\/script>\n<!-- \/ Yoast SEO plugin. -->","yoast_head_json":{"title":"MMV Ba\u015fkan\u0131 G\u00fclbahar: Direni\u015f milli kimli\u011fimize ve haklar\u0131m\u0131za ba\u011fl\u0131l\u0131\u011f\u0131m\u0131z\u0131n bir g\u00f6stergesidir -","robots":{"index":"index","follow":"follow","max-snippet":"max-snippet:-1","max-image-preview":"max-image-preview:large","max-video-preview":"max-video-preview:-1"},"canonical":"https:\/\/kibrisdakik.com\/?p=74480","og_locale":"tr_TR","og_type":"article","og_title":"MMV Ba\u015fkan\u0131 G\u00fclbahar: Direni\u015f milli kimli\u011fimize ve haklar\u0131m\u0131za ba\u011fl\u0131l\u0131\u011f\u0131m\u0131z\u0131n bir g\u00f6stergesidir -","og_description":"\u00a0Milli M\u00fccadele Vakf\u0131(MMV)Ba\u015fkan\u0131 Aziz G\u00fclbahar, 27-28 Ocak 1958 Direni\u015finin \u201cMilli kimli\u011fimize ve haklar\u0131m\u0131za ba\u011fl\u0131l\u0131\u011f\u0131m\u0131z\u0131n bir g\u00f6stergesidir\u201d dedi. G\u00fclbahar, 27-28 Ocak 1958 Direni\u015finin y\u0131ld\u00f6n\u00fcm\u00fc vesilesiyle yapt\u0131\u011f\u0131 yaz\u0131l\u0131 a\u00e7\u0131klamada, K\u0131br\u0131s T\u00fcrk\u00fc\u2019n\u00fcn milli varolu\u015f ve direni\u015f hareketini, Ada\u2019n\u0131n Yunan olmamas\u0131, Anavatan T\u00fcrkiye ile birlikte kendi haklar\u0131n\u0131n da g\u00f6z \u00f6n\u00fcnde bulundurulmas\u0131 i\u00e7in ba\u015flatt\u0131\u011f\u0131n\u0131 anlatt\u0131. G\u00fclbahar, \u201cTalebimiz netti, e\u011fer di\u011fer","og_url":"https:\/\/kibrisdakik.com\/?p=74480","article_published_time":"2025-01-27T11:40:03+00:00","og_image":[{"width":2560,"height":1479,"url":"https:\/\/kibrisdakik.com\/wp-content\/uploads\/2025\/01\/gulbahar-son-scaled-740x420.jpg","type":"image\/jpeg"}],"author":"admin","twitter_card":"summary_large_image","twitter_misc":{"Yazan:":"admin","Tahmini okuma s\u00fcresi":"3 dakika"},"schema":{"@context":"https:\/\/schema.org","@graph":[{"@type":"Article","@id":"https:\/\/kibrisdakik.com\/?p=74480#article","isPartOf":{"@id":"https:\/\/kibrisdakik.com\/?p=74480"},"author":{"name":"admin","@id":"https:\/\/kibrisdakik.com\/#\/schema\/person\/9cd9d437bbb44f72b73ba127e06d8e79"},"headline":"MMV Ba\u015fkan\u0131 G\u00fclbahar: Direni\u015f milli kimli\u011fimize ve haklar\u0131m\u0131za ba\u011fl\u0131l\u0131\u011f\u0131m\u0131z\u0131n bir g\u00f6stergesidir","datePublished":"2025-01-27T11:40:03+00:00","mainEntityOfPage":{"@id":"https:\/\/kibrisdakik.com\/?p=74480"},"wordCount":593,"commentCount":0,"image":{"@id":"https:\/\/kibrisdakik.com\/?p=74480#primaryimage"},"thumbnailUrl":"https:\/\/kibrisdakik.com\/wp-content\/uploads\/2025\/01\/gulbahar-son-scaled-740x420.jpg","articleSection":["K\u0131br\u0131s","Man\u015fet"],"inLanguage":"tr","potentialAction":[{"@type":"CommentAction","name":"Comment","target":["https:\/\/kibrisdakik.com\/?p=74480#respond"]}]},{"@type":"WebPage","@id":"https:\/\/kibrisdakik.com\/?p=74480","url":"https:\/\/kibrisdakik.com\/?p=74480","name":"MMV Ba\u015fkan\u0131 G\u00fclbahar: Direni\u015f milli kimli\u011fimize ve haklar\u0131m\u0131za ba\u011fl\u0131l\u0131\u011f\u0131m\u0131z\u0131n bir g\u00f6stergesidir -","isPartOf":{"@id":"https:\/\/kibrisdakik.com\/#website"},"primaryImageOfPage":{"@id":"https:\/\/kibrisdakik.com\/?p=74480#primaryimage"},"image":{"@id":"https:\/\/kibrisdakik.com\/?p=74480#primaryimage"},"thumbnailUrl":"https:\/\/kibrisdakik.com\/wp-content\/uploads\/2025\/01\/gulbahar-son-scaled-740x420.jpg","datePublished":"2025-01-27T11:40:03+00:00","author":{"@id":"https:\/\/kibrisdakik.com\/#\/schema\/person\/9cd9d437bbb44f72b73ba127e06d8e79"},"breadcrumb":{"@id":"https:\/\/kibrisdakik.com\/?p=74480#breadcrumb"},"inLanguage":"tr","potentialAction":[{"@type":"ReadAction","target":["https:\/\/kibrisdakik.com\/?p=74480"]}]},{"@type":"ImageObject","inLanguage":"tr","@id":"https:\/\/kibrisdakik.com\/?p=74480#primaryimage","url":"https:\/\/kibrisdakik.com\/wp-content\/uploads\/2025\/01\/gulbahar-son-scaled-740x420.jpg","contentUrl":"https:\/\/kibrisdakik.com\/wp-content\/uploads\/2025\/01\/gulbahar-son-scaled-740x420.jpg","width":2560,"height":1479},{"@type":"BreadcrumbList","@id":"https:\/\/kibrisdakik.com\/?p=74480#breadcrumb","itemListElement":[{"@type":"ListItem","position":1,"name":"Home","item":"https:\/\/kibrisdakik.com\/"},{"@type":"ListItem","position":2,"name":"MMV Ba\u015fkan\u0131 G\u00fclbahar: Direni\u015f milli kimli\u011fimize ve haklar\u0131m\u0131za ba\u011fl\u0131l\u0131\u011f\u0131m\u0131z\u0131n bir g\u00f6stergesidir"}]},{"@type":"WebSite","@id":"https:\/\/kibrisdakik.com\/#website","url":"https:\/\/kibrisdakik.com\/","name":"","description":"Tam vaktinde haber","potentialAction":[{"@type":"SearchAction","target":{"@type":"EntryPoint","urlTemplate":"https:\/\/kibrisdakik.com\/?s={search_term_string}"},"query-input":{"@type":"PropertyValueSpecification","valueRequired":true,"valueName":"search_term_string"}}],"inLanguage":"tr"},{"@type":"Person","@id":"https:\/\/kibrisdakik.com\/#\/schema\/person\/9cd9d437bbb44f72b73ba127e06d8e79","name":"admin","image":{"@type":"ImageObject","inLanguage":"tr","@id":"https:\/\/secure.gravatar.com\/avatar\/ccc17943b9d660506c869530f897617f7cb1c21a4bf30023f252596d83e1f007?s=96&d=mm&r=g","url":"https:\/\/secure.gravatar.com\/avatar\/ccc17943b9d660506c869530f897617f7cb1c21a4bf30023f252596d83e1f007?s=96&d=mm&r=g","contentUrl":"https:\/\/secure.gravatar.com\/avatar\/ccc17943b9d660506c869530f897617f7cb1c21a4bf30023f252596d83e1f007?s=96&d=mm&r=g","caption":"admin"},"sameAs":["https:\/\/kibrisdakik.com"],"url":"https:\/\/kibrisdakik.com\/?author=1"}]}},"_links":{"self":[{"href":"https:\/\/kibrisdakik.com\/index.php?rest_route=\/wp\/v2\/posts\/74480","targetHints":{"allow":["GET"]}}],"collection":[{"href":"https:\/\/kibrisdakik.com\/index.php?rest_route=\/wp\/v2\/posts"}],"about":[{"href":"https:\/\/kibrisdakik.com\/index.php?rest_route=\/wp\/v2\/types\/post"}],"author":[{"embeddable":true,"href":"https:\/\/kibrisdakik.com\/index.php?rest_route=\/wp\/v2\/users\/1"}],"replies":[{"embeddable":true,"href":"https:\/\/kibrisdakik.com\/index.php?rest_route=%2Fwp%2Fv2%2Fcomments&post=74480"}],"version-history":[{"count":0,"href":"https:\/\/kibrisdakik.com\/index.php?rest_route=\/wp\/v2\/posts\/74480\/revisions"}],"wp:featuredmedia":[{"embeddable":true,"href":"https:\/\/kibrisdakik.com\/index.php?rest_route=\/wp\/v2\/media\/73472"}],"wp:attachment":[{"href":"https:\/\/kibrisdakik.com\/index.php?rest_route=%2Fwp%2Fv2%2Fmedia&parent=74480"}],"wp:term":[{"taxonomy":"category","embeddable":true,"href":"https:\/\/kibrisdakik.com\/index.php?rest_route=%2Fwp%2Fv2%2Fcategories&post=74480"},{"taxonomy":"post_tag","embeddable":true,"href":"https:\/\/kibrisdakik.com\/index.php?rest_route=%2Fwp%2Fv2%2Ftags&post=74480"}],"curies":[{"name":"wp","href":"https:\/\/api.w.org\/{rel}","templated":true}]}}