{"id":74483,"date":"2025-01-27T14:46:45","date_gmt":"2025-01-27T11:46:45","guid":{"rendered":"https:\/\/kibrisdakik.com\/index.php\/2025\/01\/27\/maliye-bakani-berova-27-28-ocak-1958-direnisi-kibris-turk-halkini-bugunlere-tasidi\/"},"modified":"2025-01-27T14:46:45","modified_gmt":"2025-01-27T11:46:45","slug":"maliye-bakani-berova-27-28-ocak-1958-direnisi-kibris-turk-halkini-bugunlere-tasidi","status":"publish","type":"post","link":"https:\/\/kibrisdakik.com\/?p=74483","title":{"rendered":"Maliye Bakan\u0131 Berova, \u201c27-28 Ocak 1958 Direni\u015fi, K\u0131br\u0131s T\u00fcrk halk\u0131n\u0131 bug\u00fcnlere ta\u015f\u0131d\u0131\u201d"},"content":{"rendered":"<div>\n<div class=\"mariselle-image-container none\">\n                                            <\/div>\n<p>Maliye Bakan\u0131 \u00d6zdemir Berova, 27-28 Ocak 1958 Direni\u015finin\u00a0K\u0131br\u0131s T\u00fcrk halk\u0131n\u0131 bug\u00fcnlere ta\u015f\u0131d\u0131\u011f\u0131n\u0131 belirterek, direni\u015fin d\u00f6n\u00fcm noktas\u0131 oldu\u011funu kaydetti.<\/p>\n<p>Berova, 27-28 Ocak 1958 Direni\u015finin 67\u2019nci y\u0131ld\u00f6n\u00fcm\u00fc dolay\u0131s\u0131yla mesaj yay\u0131mlad\u0131.<\/p>\n<p>Berova mesaj\u0131nda \u015funlar\u0131 kaydetti:<\/p>\n<p>\u201cK\u0131br\u0131s T\u00fcrk halk\u0131n\u0131n 27-28 Ocak 1958 Direni\u015fi, \u0130ngiliz s\u00f6m\u00fcrge y\u00f6netimine kar\u015f\u0131 b\u00fcy\u00fck toplumsal direni\u015fidir.\u00a0Bu direni\u015f, K\u0131br\u0131s T\u00fcrk Halk\u0131\u2019n\u0131n, \u00f6zg\u00fcrl\u00fck, ba\u011f\u0131ms\u0131zl\u0131k ve egemenlik m\u00fccadelesinde, Enosis kar\u015f\u0131tl\u0131\u011f\u0131n\u0131 ve hak arayacak g\u00fc\u00e7te oldu\u011funu, \u00f6rg\u00fctlenip m\u00fccadele edebilece\u011fini ortaya koymu\u015ftur.\u00a0\u00a0\u0130ngiliz S\u00f6m\u00fcrge Y\u00f6netimi\u2019ne kar\u015f\u0131 g\u00f6\u011fs\u00fcn\u00fc siper ederek \u015fahlanan K\u0131br\u0131s T\u00fcrk<\/p>\n<p>halk\u0131n\u0131n 27-28 Ocak 1958 Direni\u015fi\u2019nin, 67\u2019inci y\u0131l d\u00f6n\u00fcm\u00fcnde topra\u011f\u0131 vatan yapan \u015fahadet mertebesine ula\u015fan \u015fehitlerimizi rahmet ve minnetle an\u0131yor, onurlu direni\u015fimizi selaml\u0131yorum.\u201d<\/p>\n<\/p><\/div>\n<p><script async\n                    defer\n                    crossorigin=\"anonymous\"\n                    src=\"https:\/\/connect.facebook.net\/tr_TR\/sdk.js#xfbml=1&#038;version=v3.3\"\n            ><\/script><\/p>\n","protected":false},"excerpt":{"rendered":"<p>Maliye Bakan\u0131 \u00d6zdemir Berova, 27-28 Ocak 1958 Direni\u015finin\u00a0K\u0131br\u0131s T\u00fcrk halk\u0131n\u0131 bug\u00fcnlere ta\u015f\u0131d\u0131\u011f\u0131n\u0131 belirterek, direni\u015fin d\u00f6n\u00fcm noktas\u0131 oldu\u011funu kaydetti. Berova, 27-28 Ocak 1958 Direni\u015finin 67\u2019nci y\u0131ld\u00f6n\u00fcm\u00fc dolay\u0131s\u0131yla mesaj yay\u0131mlad\u0131. Berova mesaj\u0131nda \u015funlar\u0131 kaydetti: \u201cK\u0131br\u0131s T\u00fcrk halk\u0131n\u0131n 27-28 Ocak 1958 Direni\u015fi, \u0130ngiliz s\u00f6m\u00fcrge y\u00f6netimine kar\u015f\u0131 b\u00fcy\u00fck toplumsal direni\u015fidir.\u00a0Bu direni\u015f, K\u0131br\u0131s T\u00fcrk Halk\u0131\u2019n\u0131n, \u00f6zg\u00fcrl\u00fck, ba\u011f\u0131ms\u0131zl\u0131k ve egemenlik m\u00fccadelesinde,<\/p>\n","protected":false},"author":1,"featured_media":72789,"comment_status":"open","ping_status":"open","sticky":false,"template":"","format":"standard","meta":{"footnotes":""},"categories":[81,101],"tags":[],"class_list":["post-74483","post","type-post","status-publish","format-standard","has-post-thumbnail","hentry","category-kibris","category-manset"],"yoast_head":"<!-- This site is optimized with the Yoast SEO plugin v27.5 - https:\/\/yoast.com\/product\/yoast-seo-wordpress\/ -->\n<title>Maliye Bakan\u0131 Berova, \u201c27-28 Ocak 1958 Direni\u015fi, K\u0131br\u0131s T\u00fcrk halk\u0131n\u0131 bug\u00fcnlere ta\u015f\u0131d\u0131\u201d -<\/title>\n<meta name=\"robots\" content=\"index, follow, max-snippet:-1, max-image-preview:large, max-video-preview:-1\" \/>\n<link rel=\"canonical\" href=\"https:\/\/kibrisdakik.com\/?p=74483\" \/>\n<meta property=\"og:locale\" content=\"tr_TR\" \/>\n<meta property=\"og:type\" content=\"article\" \/>\n<meta property=\"og:title\" content=\"Maliye Bakan\u0131 Berova, \u201c27-28 Ocak 1958 Direni\u015fi, K\u0131br\u0131s T\u00fcrk halk\u0131n\u0131 bug\u00fcnlere ta\u015f\u0131d\u0131\u201d -\" \/>\n<meta property=\"og:description\" content=\"Maliye Bakan\u0131 \u00d6zdemir Berova, 27-28 Ocak 1958 Direni\u015finin\u00a0K\u0131br\u0131s T\u00fcrk halk\u0131n\u0131 bug\u00fcnlere ta\u015f\u0131d\u0131\u011f\u0131n\u0131 belirterek, direni\u015fin d\u00f6n\u00fcm noktas\u0131 oldu\u011funu kaydetti. Berova, 27-28 Ocak 1958 Direni\u015finin 67\u2019nci y\u0131ld\u00f6n\u00fcm\u00fc dolay\u0131s\u0131yla mesaj yay\u0131mlad\u0131. Berova mesaj\u0131nda \u015funlar\u0131 kaydetti: \u201cK\u0131br\u0131s T\u00fcrk halk\u0131n\u0131n 27-28 Ocak 1958 Direni\u015fi, \u0130ngiliz s\u00f6m\u00fcrge y\u00f6netimine kar\u015f\u0131 b\u00fcy\u00fck toplumsal direni\u015fidir.\u00a0Bu direni\u015f, K\u0131br\u0131s T\u00fcrk Halk\u0131\u2019n\u0131n, \u00f6zg\u00fcrl\u00fck, ba\u011f\u0131ms\u0131zl\u0131k ve egemenlik m\u00fccadelesinde,\" \/>\n<meta property=\"og:url\" content=\"https:\/\/kibrisdakik.com\/?p=74483\" \/>\n<meta property=\"article:published_time\" content=\"2025-01-27T11:46:45+00:00\" \/>\n<meta property=\"og:image\" content=\"https:\/\/kibrisdakik.com\/wp-content\/uploads\/2025\/01\/1735738432203MALIYE-BAKANI-BEROVA-REGAIP-KANDILI-MUNASEBETIYLE-MESAJ-YAYINLADI-740x420.jpeg\" \/>\n\t<meta property=\"og:image:width\" content=\"1024\" \/>\n\t<meta property=\"og:image:height\" content=\"748\" \/>\n\t<meta property=\"og:image:type\" content=\"image\/jpeg\" \/>\n<meta name=\"author\" content=\"admin\" \/>\n<meta name=\"twitter:card\" content=\"summary_large_image\" \/>\n<meta name=\"twitter:label1\" content=\"Yazan:\" \/>\n\t<meta name=\"twitter:data1\" content=\"admin\" \/>\n\t<meta name=\"twitter:label2\" content=\"Tahmini okuma s\u00fcresi\" \/>\n\t<meta name=\"twitter:data2\" content=\"1 dakika\" \/>\n<script type=\"application\/ld+json\" class=\"yoast-schema-graph\">{\"@context\":\"https:\\\/\\\/schema.org\",\"@graph\":[{\"@type\":\"Article\",\"@id\":\"https:\\\/\\\/kibrisdakik.com\\\/?p=74483#article\",\"isPartOf\":{\"@id\":\"https:\\\/\\\/kibrisdakik.com\\\/?p=74483\"},\"author\":{\"name\":\"admin\",\"@id\":\"https:\\\/\\\/kibrisdakik.com\\\/#\\\/schema\\\/person\\\/9cd9d437bbb44f72b73ba127e06d8e79\"},\"headline\":\"Maliye Bakan\u0131 Berova, \u201c27-28 Ocak 1958 Direni\u015fi, K\u0131br\u0131s T\u00fcrk halk\u0131n\u0131 bug\u00fcnlere ta\u015f\u0131d\u0131\u201d\",\"datePublished\":\"2025-01-27T11:46:45+00:00\",\"mainEntityOfPage\":{\"@id\":\"https:\\\/\\\/kibrisdakik.com\\\/?p=74483\"},\"wordCount\":187,\"commentCount\":0,\"image\":{\"@id\":\"https:\\\/\\\/kibrisdakik.com\\\/?p=74483#primaryimage\"},\"thumbnailUrl\":\"https:\\\/\\\/kibrisdakik.com\\\/wp-content\\\/uploads\\\/2025\\\/01\\\/1735738432203MALIYE-BAKANI-BEROVA-REGAIP-KANDILI-MUNASEBETIYLE-MESAJ-YAYINLADI-740x420.jpeg\",\"articleSection\":[\"K\u0131br\u0131s\",\"Man\u015fet\"],\"inLanguage\":\"tr\",\"potentialAction\":[{\"@type\":\"CommentAction\",\"name\":\"Comment\",\"target\":[\"https:\\\/\\\/kibrisdakik.com\\\/?p=74483#respond\"]}]},{\"@type\":\"WebPage\",\"@id\":\"https:\\\/\\\/kibrisdakik.com\\\/?p=74483\",\"url\":\"https:\\\/\\\/kibrisdakik.com\\\/?p=74483\",\"name\":\"Maliye Bakan\u0131 Berova, \u201c27-28 Ocak 1958 Direni\u015fi, K\u0131br\u0131s T\u00fcrk halk\u0131n\u0131 bug\u00fcnlere ta\u015f\u0131d\u0131\u201d -\",\"isPartOf\":{\"@id\":\"https:\\\/\\\/kibrisdakik.com\\\/#website\"},\"primaryImageOfPage\":{\"@id\":\"https:\\\/\\\/kibrisdakik.com\\\/?p=74483#primaryimage\"},\"image\":{\"@id\":\"https:\\\/\\\/kibrisdakik.com\\\/?p=74483#primaryimage\"},\"thumbnailUrl\":\"https:\\\/\\\/kibrisdakik.com\\\/wp-content\\\/uploads\\\/2025\\\/01\\\/1735738432203MALIYE-BAKANI-BEROVA-REGAIP-KANDILI-MUNASEBETIYLE-MESAJ-YAYINLADI-740x420.jpeg\",\"datePublished\":\"2025-01-27T11:46:45+00:00\",\"author\":{\"@id\":\"https:\\\/\\\/kibrisdakik.com\\\/#\\\/schema\\\/person\\\/9cd9d437bbb44f72b73ba127e06d8e79\"},\"breadcrumb\":{\"@id\":\"https:\\\/\\\/kibrisdakik.com\\\/?p=74483#breadcrumb\"},\"inLanguage\":\"tr\",\"potentialAction\":[{\"@type\":\"ReadAction\",\"target\":[\"https:\\\/\\\/kibrisdakik.com\\\/?p=74483\"]}]},{\"@type\":\"ImageObject\",\"inLanguage\":\"tr\",\"@id\":\"https:\\\/\\\/kibrisdakik.com\\\/?p=74483#primaryimage\",\"url\":\"https:\\\/\\\/kibrisdakik.com\\\/wp-content\\\/uploads\\\/2025\\\/01\\\/1735738432203MALIYE-BAKANI-BEROVA-REGAIP-KANDILI-MUNASEBETIYLE-MESAJ-YAYINLADI-740x420.jpeg\",\"contentUrl\":\"https:\\\/\\\/kibrisdakik.com\\\/wp-content\\\/uploads\\\/2025\\\/01\\\/1735738432203MALIYE-BAKANI-BEROVA-REGAIP-KANDILI-MUNASEBETIYLE-MESAJ-YAYINLADI-740x420.jpeg\",\"width\":1024,\"height\":748},{\"@type\":\"BreadcrumbList\",\"@id\":\"https:\\\/\\\/kibrisdakik.com\\\/?p=74483#breadcrumb\",\"itemListElement\":[{\"@type\":\"ListItem\",\"position\":1,\"name\":\"Home\",\"item\":\"https:\\\/\\\/kibrisdakik.com\\\/\"},{\"@type\":\"ListItem\",\"position\":2,\"name\":\"Maliye Bakan\u0131 Berova, \u201c27-28 Ocak 1958 Direni\u015fi, K\u0131br\u0131s T\u00fcrk halk\u0131n\u0131 bug\u00fcnlere ta\u015f\u0131d\u0131\u201d\"}]},{\"@type\":\"WebSite\",\"@id\":\"https:\\\/\\\/kibrisdakik.com\\\/#website\",\"url\":\"https:\\\/\\\/kibrisdakik.com\\\/\",\"name\":\"\",\"description\":\"Tam vaktinde haber\",\"potentialAction\":[{\"@type\":\"SearchAction\",\"target\":{\"@type\":\"EntryPoint\",\"urlTemplate\":\"https:\\\/\\\/kibrisdakik.com\\\/?s={search_term_string}\"},\"query-input\":{\"@type\":\"PropertyValueSpecification\",\"valueRequired\":true,\"valueName\":\"search_term_string\"}}],\"inLanguage\":\"tr\"},{\"@type\":\"Person\",\"@id\":\"https:\\\/\\\/kibrisdakik.com\\\/#\\\/schema\\\/person\\\/9cd9d437bbb44f72b73ba127e06d8e79\",\"name\":\"admin\",\"image\":{\"@type\":\"ImageObject\",\"inLanguage\":\"tr\",\"@id\":\"https:\\\/\\\/secure.gravatar.com\\\/avatar\\\/ccc17943b9d660506c869530f897617f7cb1c21a4bf30023f252596d83e1f007?s=96&d=mm&r=g\",\"url\":\"https:\\\/\\\/secure.gravatar.com\\\/avatar\\\/ccc17943b9d660506c869530f897617f7cb1c21a4bf30023f252596d83e1f007?s=96&d=mm&r=g\",\"contentUrl\":\"https:\\\/\\\/secure.gravatar.com\\\/avatar\\\/ccc17943b9d660506c869530f897617f7cb1c21a4bf30023f252596d83e1f007?s=96&d=mm&r=g\",\"caption\":\"admin\"},\"sameAs\":[\"https:\\\/\\\/kibrisdakik.com\"],\"url\":\"https:\\\/\\\/kibrisdakik.com\\\/?author=1\"}]}<\/script>\n<!-- \/ Yoast SEO plugin. -->","yoast_head_json":{"title":"Maliye Bakan\u0131 Berova, \u201c27-28 Ocak 1958 Direni\u015fi, K\u0131br\u0131s T\u00fcrk halk\u0131n\u0131 bug\u00fcnlere ta\u015f\u0131d\u0131\u201d -","robots":{"index":"index","follow":"follow","max-snippet":"max-snippet:-1","max-image-preview":"max-image-preview:large","max-video-preview":"max-video-preview:-1"},"canonical":"https:\/\/kibrisdakik.com\/?p=74483","og_locale":"tr_TR","og_type":"article","og_title":"Maliye Bakan\u0131 Berova, \u201c27-28 Ocak 1958 Direni\u015fi, K\u0131br\u0131s T\u00fcrk halk\u0131n\u0131 bug\u00fcnlere ta\u015f\u0131d\u0131\u201d -","og_description":"Maliye Bakan\u0131 \u00d6zdemir Berova, 27-28 Ocak 1958 Direni\u015finin\u00a0K\u0131br\u0131s T\u00fcrk halk\u0131n\u0131 bug\u00fcnlere ta\u015f\u0131d\u0131\u011f\u0131n\u0131 belirterek, direni\u015fin d\u00f6n\u00fcm noktas\u0131 oldu\u011funu kaydetti. Berova, 27-28 Ocak 1958 Direni\u015finin 67\u2019nci y\u0131ld\u00f6n\u00fcm\u00fc dolay\u0131s\u0131yla mesaj yay\u0131mlad\u0131. Berova mesaj\u0131nda \u015funlar\u0131 kaydetti: \u201cK\u0131br\u0131s T\u00fcrk halk\u0131n\u0131n 27-28 Ocak 1958 Direni\u015fi, \u0130ngiliz s\u00f6m\u00fcrge y\u00f6netimine kar\u015f\u0131 b\u00fcy\u00fck toplumsal direni\u015fidir.\u00a0Bu direni\u015f, K\u0131br\u0131s T\u00fcrk Halk\u0131\u2019n\u0131n, \u00f6zg\u00fcrl\u00fck, ba\u011f\u0131ms\u0131zl\u0131k ve egemenlik m\u00fccadelesinde,","og_url":"https:\/\/kibrisdakik.com\/?p=74483","article_published_time":"2025-01-27T11:46:45+00:00","og_image":[{"width":1024,"height":748,"url":"https:\/\/kibrisdakik.com\/wp-content\/uploads\/2025\/01\/1735738432203MALIYE-BAKANI-BEROVA-REGAIP-KANDILI-MUNASEBETIYLE-MESAJ-YAYINLADI-740x420.jpeg","type":"image\/jpeg"}],"author":"admin","twitter_card":"summary_large_image","twitter_misc":{"Yazan:":"admin","Tahmini okuma s\u00fcresi":"1 dakika"},"schema":{"@context":"https:\/\/schema.org","@graph":[{"@type":"Article","@id":"https:\/\/kibrisdakik.com\/?p=74483#article","isPartOf":{"@id":"https:\/\/kibrisdakik.com\/?p=74483"},"author":{"name":"admin","@id":"https:\/\/kibrisdakik.com\/#\/schema\/person\/9cd9d437bbb44f72b73ba127e06d8e79"},"headline":"Maliye Bakan\u0131 Berova, \u201c27-28 Ocak 1958 Direni\u015fi, K\u0131br\u0131s T\u00fcrk halk\u0131n\u0131 bug\u00fcnlere ta\u015f\u0131d\u0131\u201d","datePublished":"2025-01-27T11:46:45+00:00","mainEntityOfPage":{"@id":"https:\/\/kibrisdakik.com\/?p=74483"},"wordCount":187,"commentCount":0,"image":{"@id":"https:\/\/kibrisdakik.com\/?p=74483#primaryimage"},"thumbnailUrl":"https:\/\/kibrisdakik.com\/wp-content\/uploads\/2025\/01\/1735738432203MALIYE-BAKANI-BEROVA-REGAIP-KANDILI-MUNASEBETIYLE-MESAJ-YAYINLADI-740x420.jpeg","articleSection":["K\u0131br\u0131s","Man\u015fet"],"inLanguage":"tr","potentialAction":[{"@type":"CommentAction","name":"Comment","target":["https:\/\/kibrisdakik.com\/?p=74483#respond"]}]},{"@type":"WebPage","@id":"https:\/\/kibrisdakik.com\/?p=74483","url":"https:\/\/kibrisdakik.com\/?p=74483","name":"Maliye Bakan\u0131 Berova, \u201c27-28 Ocak 1958 Direni\u015fi, K\u0131br\u0131s T\u00fcrk halk\u0131n\u0131 bug\u00fcnlere ta\u015f\u0131d\u0131\u201d -","isPartOf":{"@id":"https:\/\/kibrisdakik.com\/#website"},"primaryImageOfPage":{"@id":"https:\/\/kibrisdakik.com\/?p=74483#primaryimage"},"image":{"@id":"https:\/\/kibrisdakik.com\/?p=74483#primaryimage"},"thumbnailUrl":"https:\/\/kibrisdakik.com\/wp-content\/uploads\/2025\/01\/1735738432203MALIYE-BAKANI-BEROVA-REGAIP-KANDILI-MUNASEBETIYLE-MESAJ-YAYINLADI-740x420.jpeg","datePublished":"2025-01-27T11:46:45+00:00","author":{"@id":"https:\/\/kibrisdakik.com\/#\/schema\/person\/9cd9d437bbb44f72b73ba127e06d8e79"},"breadcrumb":{"@id":"https:\/\/kibrisdakik.com\/?p=74483#breadcrumb"},"inLanguage":"tr","potentialAction":[{"@type":"ReadAction","target":["https:\/\/kibrisdakik.com\/?p=74483"]}]},{"@type":"ImageObject","inLanguage":"tr","@id":"https:\/\/kibrisdakik.com\/?p=74483#primaryimage","url":"https:\/\/kibrisdakik.com\/wp-content\/uploads\/2025\/01\/1735738432203MALIYE-BAKANI-BEROVA-REGAIP-KANDILI-MUNASEBETIYLE-MESAJ-YAYINLADI-740x420.jpeg","contentUrl":"https:\/\/kibrisdakik.com\/wp-content\/uploads\/2025\/01\/1735738432203MALIYE-BAKANI-BEROVA-REGAIP-KANDILI-MUNASEBETIYLE-MESAJ-YAYINLADI-740x420.jpeg","width":1024,"height":748},{"@type":"BreadcrumbList","@id":"https:\/\/kibrisdakik.com\/?p=74483#breadcrumb","itemListElement":[{"@type":"ListItem","position":1,"name":"Home","item":"https:\/\/kibrisdakik.com\/"},{"@type":"ListItem","position":2,"name":"Maliye Bakan\u0131 Berova, \u201c27-28 Ocak 1958 Direni\u015fi, K\u0131br\u0131s T\u00fcrk halk\u0131n\u0131 bug\u00fcnlere ta\u015f\u0131d\u0131\u201d"}]},{"@type":"WebSite","@id":"https:\/\/kibrisdakik.com\/#website","url":"https:\/\/kibrisdakik.com\/","name":"","description":"Tam vaktinde haber","potentialAction":[{"@type":"SearchAction","target":{"@type":"EntryPoint","urlTemplate":"https:\/\/kibrisdakik.com\/?s={search_term_string}"},"query-input":{"@type":"PropertyValueSpecification","valueRequired":true,"valueName":"search_term_string"}}],"inLanguage":"tr"},{"@type":"Person","@id":"https:\/\/kibrisdakik.com\/#\/schema\/person\/9cd9d437bbb44f72b73ba127e06d8e79","name":"admin","image":{"@type":"ImageObject","inLanguage":"tr","@id":"https:\/\/secure.gravatar.com\/avatar\/ccc17943b9d660506c869530f897617f7cb1c21a4bf30023f252596d83e1f007?s=96&d=mm&r=g","url":"https:\/\/secure.gravatar.com\/avatar\/ccc17943b9d660506c869530f897617f7cb1c21a4bf30023f252596d83e1f007?s=96&d=mm&r=g","contentUrl":"https:\/\/secure.gravatar.com\/avatar\/ccc17943b9d660506c869530f897617f7cb1c21a4bf30023f252596d83e1f007?s=96&d=mm&r=g","caption":"admin"},"sameAs":["https:\/\/kibrisdakik.com"],"url":"https:\/\/kibrisdakik.com\/?author=1"}]}},"_links":{"self":[{"href":"https:\/\/kibrisdakik.com\/index.php?rest_route=\/wp\/v2\/posts\/74483","targetHints":{"allow":["GET"]}}],"collection":[{"href":"https:\/\/kibrisdakik.com\/index.php?rest_route=\/wp\/v2\/posts"}],"about":[{"href":"https:\/\/kibrisdakik.com\/index.php?rest_route=\/wp\/v2\/types\/post"}],"author":[{"embeddable":true,"href":"https:\/\/kibrisdakik.com\/index.php?rest_route=\/wp\/v2\/users\/1"}],"replies":[{"embeddable":true,"href":"https:\/\/kibrisdakik.com\/index.php?rest_route=%2Fwp%2Fv2%2Fcomments&post=74483"}],"version-history":[{"count":0,"href":"https:\/\/kibrisdakik.com\/index.php?rest_route=\/wp\/v2\/posts\/74483\/revisions"}],"wp:featuredmedia":[{"embeddable":true,"href":"https:\/\/kibrisdakik.com\/index.php?rest_route=\/wp\/v2\/media\/72789"}],"wp:attachment":[{"href":"https:\/\/kibrisdakik.com\/index.php?rest_route=%2Fwp%2Fv2%2Fmedia&parent=74483"}],"wp:term":[{"taxonomy":"category","embeddable":true,"href":"https:\/\/kibrisdakik.com\/index.php?rest_route=%2Fwp%2Fv2%2Fcategories&post=74483"},{"taxonomy":"post_tag","embeddable":true,"href":"https:\/\/kibrisdakik.com\/index.php?rest_route=%2Fwp%2Fv2%2Ftags&post=74483"}],"curies":[{"name":"wp","href":"https:\/\/api.w.org\/{rel}","templated":true}]}}