{"id":74491,"date":"2025-01-27T16:05:02","date_gmt":"2025-01-27T13:05:02","guid":{"rendered":"https:\/\/kibrisdakik.com\/index.php\/2025\/01\/27\/vefat-edenlerin-beyan-edilmeyen-gelirleri-ile-vefat-ile-devreden-mallarin-vergilendirilmesi-degisiklik-yasa-tasarisi-kabul-edildi\/"},"modified":"2025-01-27T16:05:02","modified_gmt":"2025-01-27T13:05:02","slug":"vefat-edenlerin-beyan-edilmeyen-gelirleri-ile-vefat-ile-devreden-mallarin-vergilendirilmesi-degisiklik-yasa-tasarisi-kabul-edildi","status":"publish","type":"post","link":"https:\/\/kibrisdakik.com\/?p=74491","title":{"rendered":"Vefat Edenlerin Beyan Edilmeyen Gelirleri ile Vefat ile Devreden Mallar\u0131n Vergilendirilmesi (De\u011fi\u015fiklik) Yasa Tasar\u0131s\u0131 kabul edildi"},"content":{"rendered":"<div>\n<div class=\"mariselle-image-container none\">\n                                            <\/div>\n<p>Cumhuriyet Meclisi Genel Kurulu\u2019nda\u00a0devlet taraf\u0131ndan el konulan ithal ara\u00e7lar konusu tart\u0131\u015f\u0131lmaya devam etti. Daha sonra\u00a0Vefat Edenlerin Beyan Edilmeyen Gelirleri ile Vefat ile Devreden Mallar\u0131n Vergilendirilmesi (De\u011fi\u015fiklik) Yasa Tasar\u0131s\u0131 oylanarak kabul edildi.<\/p>\n<p>\u0130thal ara\u00e7larla ilgili olarak k\u00fcrs\u00fcye \u00e7\u0131kan CTP Genel Ba\u015fkan\u0131 Tufan Erh\u00fcrman, devlet taraf\u0131ndan el konulan 61 arac\u0131n kullan\u0131lmas\u0131n\u0131n hukuka ayk\u0131r\u0131 oldu\u011funu kaydetti.<\/p>\n<p>\u201cDevlet burada su\u00e7 i\u015fler duruma d\u00fc\u015f\u00fcyor. Bu yanl\u0131\u015f uygulamaya bir an \u00f6nce son verilmeli\u201d diyen Erh\u00fcrman, \u015f\u00f6yle devam etti<\/p>\n<p>\u201c\u00c7al\u0131nt\u0131 bir ara\u00e7 var. Mahkemeye bildirildi. Mahkemedeki a\u015fama hen\u00fcz tamamlanmad\u0131. \u0130thalat\u00e7\u0131n\u0131n bunu bilerek yap\u0131p yapmad\u0131\u011f\u0131, su\u00e7lu olup olmad\u0131\u011f\u0131 tespit edilmedi. Devletin bu ara\u00e7lar\u0131n Resmi Hizmet Ara\u00e7 olarak kullanmas\u0131na yetki veren bir mevzuat yok. Ve \u0130ngiliz yetkililer taraf\u0131ndan \u00e7al\u0131nt\u0131 oldu\u011fu resmi olarak bildirilmi\u015f olmas\u0131na ra\u011fmen bu ara\u00e7lar kullan\u0131yor\u2026 \u201d<\/p>\n<p>Maliye Bakan\u0131 \u00d6zdemir Berova\u2019n\u0131n \u201cdevletin itibar\u0131\u201d a\u00e7\u0131klamas\u0131na ele\u015ftiren Tufan Erh\u00fcrman, \u201cBa\u015fka memleketin \u2018h\u0131rs\u0131zl\u0131kt\u0131r\u2019 dedi\u011fi mal\u0131 kullanmak itibars\u0131zl\u0131kt\u0131r\u201d diye konu\u015ftu.<\/p>\n<p>Yeniden s\u00f6z alan ve Erh\u00fcrman\u2019\u0131 yan\u0131tlayan Maliye Bakan\u0131 \u00d6zdemir Berova, Devlet Emlak Malzeme Dairesi\u2019ne verilen 27 arac\u0131n ger\u00e7ek sahiplerine bildirim yap\u0131ld\u0131\u011f\u0131n\u0131, iade talep edilmeyece\u011fi i\u00e7in bu ara\u00e7larla ilgili i\u015flem ba\u015flat\u0131ld\u0131\u011f\u0131n\u0131 s\u00f6yledi.<\/p>\n<p>Berova, \u0130ncirli\u2019nin 61 ara\u00e7la ilgili konu\u015fmas\u0131na haz\u0131rl\u0131ks\u0131z yakaland\u0131\u011f\u0131n\u0131 ifade ederek, bu ara\u00e7lar konusunda hangi maddelerden hareket edildi\u011fiyle ilgili yasal bilgiyi gelecek hafta payla\u015fabilece\u011fini s\u00f6yledi.<\/p>\n<p>CTP Genel Ba\u015fkan\u0131 Tufan Eh\u00fcrman yeniden s\u00f6z alarak, Berova\u2019y\u0131 ele\u015ftirdi, bu konunun g\u00fcnlerdir kamuoyunun g\u00fcndeminde oldu\u011funu ifade ederek, \u201cHukuksuzlu\u011fun dibine vurmu\u015f durumdas\u0131n\u0131z\u201d dedi.<\/p>\n<p><strong>-2 Say\u0131\u015ftay raporu okundu<\/strong><\/p>\n<p>Konu\u015fmalar\u0131n ard\u0131ndan\u00a0Say\u0131\u015ftay Komitesi Ba\u015fkan\u0131 Teberr\u00fcken Ulu\u00e7ay, \u201cKarpaz Meslek Lisesi Uygulamal\u0131 Turizm Oteli D\u00f6ner Sermaye \u0130\u015fletmesinde Noksan Yap\u0131lan Tahsilat ve Yat\u0131r\u0131mlar ile D\u00f6ner Sermaye Uygulama \u0130lkelerine Uyulup Uyulmad\u0131\u011f\u0131 Hakk\u0131nda Say\u0131\u015ftay Denetim Raporu\u201d ile \u201cTatl\u0131su Belediyesi 2008-2009 Kesin Hesap ve 01.01.2008-31.08.2010 tarihleri aras\u0131nda Belediye Plaj\u0131 D\u00f6ner Sermayesi Kesin Hesap Say\u0131\u015ftay Denetim Raporu\u201dnu okudu.<\/p>\n<p>-Vefat edenlerin gelirleri ve mallar\u0131yla ilgili yasa tasar\u0131s\u0131 oy birli\u011fiyle kabul edildi<\/p>\n<p>Daha sonra Ekonomi, Maliye, B\u00fct\u00e7e ve Plan Komitesi\u2019nde g\u00f6r\u00fc\u015f\u00fclen Vefat Edenlerin Beyan Edilmeyen Gelirleri ile Vefat ile Devreden Mallar\u0131n Vergilendirilmesi (De\u011fi\u015fiklik) Yasa Tasar\u0131s\u0131 oyland\u0131. Genel Kurul\u2019daki a\u00e7\u0131k oylamada yasa tasar\u0131s\u0131 i\u00e7in 33 kabul oyu kullan\u0131ld\u0131.<\/p>\n<p>Tasar\u0131n\u0131n oy birli\u011fiyle kabul edilmesinin ard\u0131ndan g\u00fcncel konu\u015fmalara ge\u00e7ildi.<\/p>\n<\/p><\/div>\n<p><script async\n                    defer\n                    crossorigin=\"anonymous\"\n                    src=\"https:\/\/connect.facebook.net\/tr_TR\/sdk.js#xfbml=1&#038;version=v3.3\"\n            ><\/script><\/p>\n","protected":false},"excerpt":{"rendered":"<p>Cumhuriyet Meclisi Genel Kurulu\u2019nda\u00a0devlet taraf\u0131ndan el konulan ithal ara\u00e7lar konusu tart\u0131\u015f\u0131lmaya devam etti. Daha sonra\u00a0Vefat Edenlerin Beyan Edilmeyen Gelirleri ile Vefat ile Devreden Mallar\u0131n Vergilendirilmesi (De\u011fi\u015fiklik) Yasa Tasar\u0131s\u0131 oylanarak kabul edildi. \u0130thal ara\u00e7larla ilgili olarak k\u00fcrs\u00fcye \u00e7\u0131kan CTP Genel Ba\u015fkan\u0131 Tufan Erh\u00fcrman, devlet taraf\u0131ndan el konulan 61 arac\u0131n kullan\u0131lmas\u0131n\u0131n hukuka ayk\u0131r\u0131 oldu\u011funu kaydetti. \u201cDevlet burada<\/p>\n","protected":false},"author":1,"featured_media":74492,"comment_status":"open","ping_status":"open","sticky":false,"template":"","format":"standard","meta":{"footnotes":""},"categories":[81,101],"tags":[],"class_list":["post-74491","post","type-post","status-publish","format-standard","has-post-thumbnail","hentry","category-kibris","category-manset"],"yoast_head":"<!-- This site is optimized with the Yoast SEO plugin v27.4 - https:\/\/yoast.com\/product\/yoast-seo-wordpress\/ -->\n<title>Vefat Edenlerin Beyan Edilmeyen Gelirleri ile Vefat ile Devreden Mallar\u0131n Vergilendirilmesi (De\u011fi\u015fiklik) Yasa Tasar\u0131s\u0131 kabul edildi -<\/title>\n<meta name=\"robots\" content=\"index, follow, max-snippet:-1, max-image-preview:large, max-video-preview:-1\" \/>\n<link rel=\"canonical\" href=\"https:\/\/kibrisdakik.com\/?p=74491\" \/>\n<meta property=\"og:locale\" content=\"tr_TR\" \/>\n<meta property=\"og:type\" content=\"article\" \/>\n<meta property=\"og:title\" content=\"Vefat Edenlerin Beyan Edilmeyen Gelirleri ile Vefat ile Devreden Mallar\u0131n Vergilendirilmesi (De\u011fi\u015fiklik) Yasa Tasar\u0131s\u0131 kabul edildi -\" \/>\n<meta property=\"og:description\" content=\"Cumhuriyet Meclisi Genel Kurulu\u2019nda\u00a0devlet taraf\u0131ndan el konulan ithal ara\u00e7lar konusu tart\u0131\u015f\u0131lmaya devam etti. Daha sonra\u00a0Vefat Edenlerin Beyan Edilmeyen Gelirleri ile Vefat ile Devreden Mallar\u0131n Vergilendirilmesi (De\u011fi\u015fiklik) Yasa Tasar\u0131s\u0131 oylanarak kabul edildi. \u0130thal ara\u00e7larla ilgili olarak k\u00fcrs\u00fcye \u00e7\u0131kan CTP Genel Ba\u015fkan\u0131 Tufan Erh\u00fcrman, devlet taraf\u0131ndan el konulan 61 arac\u0131n kullan\u0131lmas\u0131n\u0131n hukuka ayk\u0131r\u0131 oldu\u011funu kaydetti. \u201cDevlet burada\" \/>\n<meta property=\"og:url\" content=\"https:\/\/kibrisdakik.com\/?p=74491\" \/>\n<meta property=\"article:published_time\" content=\"2025-01-27T13:05:02+00:00\" \/>\n<meta property=\"og:image\" content=\"https:\/\/kibrisdakik.com\/wp-content\/uploads\/2025\/01\/meclis-acilis-3-ERO-4-740x420.jpg\" \/>\n\t<meta property=\"og:image:width\" content=\"903\" \/>\n\t<meta property=\"og:image:height\" content=\"599\" \/>\n\t<meta property=\"og:image:type\" content=\"image\/jpeg\" \/>\n<meta name=\"author\" content=\"admin\" \/>\n<meta name=\"twitter:card\" content=\"summary_large_image\" \/>\n<meta name=\"twitter:label1\" content=\"Yazan:\" \/>\n\t<meta name=\"twitter:data1\" content=\"admin\" \/>\n\t<meta name=\"twitter:label2\" content=\"Tahmini okuma s\u00fcresi\" \/>\n\t<meta name=\"twitter:data2\" content=\"2 dakika\" \/>\n<script type=\"application\/ld+json\" class=\"yoast-schema-graph\">{\"@context\":\"https:\\\/\\\/schema.org\",\"@graph\":[{\"@type\":\"Article\",\"@id\":\"https:\\\/\\\/kibrisdakik.com\\\/?p=74491#article\",\"isPartOf\":{\"@id\":\"https:\\\/\\\/kibrisdakik.com\\\/?p=74491\"},\"author\":{\"name\":\"admin\",\"@id\":\"https:\\\/\\\/kibrisdakik.com\\\/#\\\/schema\\\/person\\\/9cd9d437bbb44f72b73ba127e06d8e79\"},\"headline\":\"Vefat Edenlerin Beyan Edilmeyen Gelirleri ile Vefat ile Devreden Mallar\u0131n Vergilendirilmesi (De\u011fi\u015fiklik) Yasa Tasar\u0131s\u0131 kabul edildi\",\"datePublished\":\"2025-01-27T13:05:02+00:00\",\"mainEntityOfPage\":{\"@id\":\"https:\\\/\\\/kibrisdakik.com\\\/?p=74491\"},\"wordCount\":486,\"commentCount\":0,\"image\":{\"@id\":\"https:\\\/\\\/kibrisdakik.com\\\/?p=74491#primaryimage\"},\"thumbnailUrl\":\"https:\\\/\\\/kibrisdakik.com\\\/wp-content\\\/uploads\\\/2025\\\/01\\\/meclis-acilis-3-ERO-4-740x420.jpg\",\"articleSection\":[\"K\u0131br\u0131s\",\"Man\u015fet\"],\"inLanguage\":\"tr\",\"potentialAction\":[{\"@type\":\"CommentAction\",\"name\":\"Comment\",\"target\":[\"https:\\\/\\\/kibrisdakik.com\\\/?p=74491#respond\"]}]},{\"@type\":\"WebPage\",\"@id\":\"https:\\\/\\\/kibrisdakik.com\\\/?p=74491\",\"url\":\"https:\\\/\\\/kibrisdakik.com\\\/?p=74491\",\"name\":\"Vefat Edenlerin Beyan Edilmeyen Gelirleri ile Vefat ile Devreden Mallar\u0131n Vergilendirilmesi (De\u011fi\u015fiklik) Yasa Tasar\u0131s\u0131 kabul edildi -\",\"isPartOf\":{\"@id\":\"https:\\\/\\\/kibrisdakik.com\\\/#website\"},\"primaryImageOfPage\":{\"@id\":\"https:\\\/\\\/kibrisdakik.com\\\/?p=74491#primaryimage\"},\"image\":{\"@id\":\"https:\\\/\\\/kibrisdakik.com\\\/?p=74491#primaryimage\"},\"thumbnailUrl\":\"https:\\\/\\\/kibrisdakik.com\\\/wp-content\\\/uploads\\\/2025\\\/01\\\/meclis-acilis-3-ERO-4-740x420.jpg\",\"datePublished\":\"2025-01-27T13:05:02+00:00\",\"author\":{\"@id\":\"https:\\\/\\\/kibrisdakik.com\\\/#\\\/schema\\\/person\\\/9cd9d437bbb44f72b73ba127e06d8e79\"},\"breadcrumb\":{\"@id\":\"https:\\\/\\\/kibrisdakik.com\\\/?p=74491#breadcrumb\"},\"inLanguage\":\"tr\",\"potentialAction\":[{\"@type\":\"ReadAction\",\"target\":[\"https:\\\/\\\/kibrisdakik.com\\\/?p=74491\"]}]},{\"@type\":\"ImageObject\",\"inLanguage\":\"tr\",\"@id\":\"https:\\\/\\\/kibrisdakik.com\\\/?p=74491#primaryimage\",\"url\":\"https:\\\/\\\/kibrisdakik.com\\\/wp-content\\\/uploads\\\/2025\\\/01\\\/meclis-acilis-3-ERO-4-740x420.jpg\",\"contentUrl\":\"https:\\\/\\\/kibrisdakik.com\\\/wp-content\\\/uploads\\\/2025\\\/01\\\/meclis-acilis-3-ERO-4-740x420.jpg\",\"width\":903,\"height\":599},{\"@type\":\"BreadcrumbList\",\"@id\":\"https:\\\/\\\/kibrisdakik.com\\\/?p=74491#breadcrumb\",\"itemListElement\":[{\"@type\":\"ListItem\",\"position\":1,\"name\":\"Home\",\"item\":\"https:\\\/\\\/kibrisdakik.com\\\/\"},{\"@type\":\"ListItem\",\"position\":2,\"name\":\"Vefat Edenlerin Beyan Edilmeyen Gelirleri ile Vefat ile Devreden Mallar\u0131n Vergilendirilmesi (De\u011fi\u015fiklik) Yasa Tasar\u0131s\u0131 kabul edildi\"}]},{\"@type\":\"WebSite\",\"@id\":\"https:\\\/\\\/kibrisdakik.com\\\/#website\",\"url\":\"https:\\\/\\\/kibrisdakik.com\\\/\",\"name\":\"\",\"description\":\"Tam vaktinde haber\",\"potentialAction\":[{\"@type\":\"SearchAction\",\"target\":{\"@type\":\"EntryPoint\",\"urlTemplate\":\"https:\\\/\\\/kibrisdakik.com\\\/?s={search_term_string}\"},\"query-input\":{\"@type\":\"PropertyValueSpecification\",\"valueRequired\":true,\"valueName\":\"search_term_string\"}}],\"inLanguage\":\"tr\"},{\"@type\":\"Person\",\"@id\":\"https:\\\/\\\/kibrisdakik.com\\\/#\\\/schema\\\/person\\\/9cd9d437bbb44f72b73ba127e06d8e79\",\"name\":\"admin\",\"image\":{\"@type\":\"ImageObject\",\"inLanguage\":\"tr\",\"@id\":\"https:\\\/\\\/secure.gravatar.com\\\/avatar\\\/ccc17943b9d660506c869530f897617f7cb1c21a4bf30023f252596d83e1f007?s=96&d=mm&r=g\",\"url\":\"https:\\\/\\\/secure.gravatar.com\\\/avatar\\\/ccc17943b9d660506c869530f897617f7cb1c21a4bf30023f252596d83e1f007?s=96&d=mm&r=g\",\"contentUrl\":\"https:\\\/\\\/secure.gravatar.com\\\/avatar\\\/ccc17943b9d660506c869530f897617f7cb1c21a4bf30023f252596d83e1f007?s=96&d=mm&r=g\",\"caption\":\"admin\"},\"sameAs\":[\"https:\\\/\\\/kibrisdakik.com\"],\"url\":\"https:\\\/\\\/kibrisdakik.com\\\/?author=1\"}]}<\/script>\n<!-- \/ Yoast SEO plugin. -->","yoast_head_json":{"title":"Vefat Edenlerin Beyan Edilmeyen Gelirleri ile Vefat ile Devreden Mallar\u0131n Vergilendirilmesi (De\u011fi\u015fiklik) Yasa Tasar\u0131s\u0131 kabul edildi -","robots":{"index":"index","follow":"follow","max-snippet":"max-snippet:-1","max-image-preview":"max-image-preview:large","max-video-preview":"max-video-preview:-1"},"canonical":"https:\/\/kibrisdakik.com\/?p=74491","og_locale":"tr_TR","og_type":"article","og_title":"Vefat Edenlerin Beyan Edilmeyen Gelirleri ile Vefat ile Devreden Mallar\u0131n Vergilendirilmesi (De\u011fi\u015fiklik) Yasa Tasar\u0131s\u0131 kabul edildi -","og_description":"Cumhuriyet Meclisi Genel Kurulu\u2019nda\u00a0devlet taraf\u0131ndan el konulan ithal ara\u00e7lar konusu tart\u0131\u015f\u0131lmaya devam etti. Daha sonra\u00a0Vefat Edenlerin Beyan Edilmeyen Gelirleri ile Vefat ile Devreden Mallar\u0131n Vergilendirilmesi (De\u011fi\u015fiklik) Yasa Tasar\u0131s\u0131 oylanarak kabul edildi. \u0130thal ara\u00e7larla ilgili olarak k\u00fcrs\u00fcye \u00e7\u0131kan CTP Genel Ba\u015fkan\u0131 Tufan Erh\u00fcrman, devlet taraf\u0131ndan el konulan 61 arac\u0131n kullan\u0131lmas\u0131n\u0131n hukuka ayk\u0131r\u0131 oldu\u011funu kaydetti. \u201cDevlet burada","og_url":"https:\/\/kibrisdakik.com\/?p=74491","article_published_time":"2025-01-27T13:05:02+00:00","og_image":[{"width":903,"height":599,"url":"https:\/\/kibrisdakik.com\/wp-content\/uploads\/2025\/01\/meclis-acilis-3-ERO-4-740x420.jpg","type":"image\/jpeg"}],"author":"admin","twitter_card":"summary_large_image","twitter_misc":{"Yazan:":"admin","Tahmini okuma s\u00fcresi":"2 dakika"},"schema":{"@context":"https:\/\/schema.org","@graph":[{"@type":"Article","@id":"https:\/\/kibrisdakik.com\/?p=74491#article","isPartOf":{"@id":"https:\/\/kibrisdakik.com\/?p=74491"},"author":{"name":"admin","@id":"https:\/\/kibrisdakik.com\/#\/schema\/person\/9cd9d437bbb44f72b73ba127e06d8e79"},"headline":"Vefat Edenlerin Beyan Edilmeyen Gelirleri ile Vefat ile Devreden Mallar\u0131n Vergilendirilmesi (De\u011fi\u015fiklik) Yasa Tasar\u0131s\u0131 kabul edildi","datePublished":"2025-01-27T13:05:02+00:00","mainEntityOfPage":{"@id":"https:\/\/kibrisdakik.com\/?p=74491"},"wordCount":486,"commentCount":0,"image":{"@id":"https:\/\/kibrisdakik.com\/?p=74491#primaryimage"},"thumbnailUrl":"https:\/\/kibrisdakik.com\/wp-content\/uploads\/2025\/01\/meclis-acilis-3-ERO-4-740x420.jpg","articleSection":["K\u0131br\u0131s","Man\u015fet"],"inLanguage":"tr","potentialAction":[{"@type":"CommentAction","name":"Comment","target":["https:\/\/kibrisdakik.com\/?p=74491#respond"]}]},{"@type":"WebPage","@id":"https:\/\/kibrisdakik.com\/?p=74491","url":"https:\/\/kibrisdakik.com\/?p=74491","name":"Vefat Edenlerin Beyan Edilmeyen Gelirleri ile Vefat ile Devreden Mallar\u0131n Vergilendirilmesi (De\u011fi\u015fiklik) Yasa Tasar\u0131s\u0131 kabul edildi -","isPartOf":{"@id":"https:\/\/kibrisdakik.com\/#website"},"primaryImageOfPage":{"@id":"https:\/\/kibrisdakik.com\/?p=74491#primaryimage"},"image":{"@id":"https:\/\/kibrisdakik.com\/?p=74491#primaryimage"},"thumbnailUrl":"https:\/\/kibrisdakik.com\/wp-content\/uploads\/2025\/01\/meclis-acilis-3-ERO-4-740x420.jpg","datePublished":"2025-01-27T13:05:02+00:00","author":{"@id":"https:\/\/kibrisdakik.com\/#\/schema\/person\/9cd9d437bbb44f72b73ba127e06d8e79"},"breadcrumb":{"@id":"https:\/\/kibrisdakik.com\/?p=74491#breadcrumb"},"inLanguage":"tr","potentialAction":[{"@type":"ReadAction","target":["https:\/\/kibrisdakik.com\/?p=74491"]}]},{"@type":"ImageObject","inLanguage":"tr","@id":"https:\/\/kibrisdakik.com\/?p=74491#primaryimage","url":"https:\/\/kibrisdakik.com\/wp-content\/uploads\/2025\/01\/meclis-acilis-3-ERO-4-740x420.jpg","contentUrl":"https:\/\/kibrisdakik.com\/wp-content\/uploads\/2025\/01\/meclis-acilis-3-ERO-4-740x420.jpg","width":903,"height":599},{"@type":"BreadcrumbList","@id":"https:\/\/kibrisdakik.com\/?p=74491#breadcrumb","itemListElement":[{"@type":"ListItem","position":1,"name":"Home","item":"https:\/\/kibrisdakik.com\/"},{"@type":"ListItem","position":2,"name":"Vefat Edenlerin Beyan Edilmeyen Gelirleri ile Vefat ile Devreden Mallar\u0131n Vergilendirilmesi (De\u011fi\u015fiklik) Yasa Tasar\u0131s\u0131 kabul edildi"}]},{"@type":"WebSite","@id":"https:\/\/kibrisdakik.com\/#website","url":"https:\/\/kibrisdakik.com\/","name":"","description":"Tam vaktinde haber","potentialAction":[{"@type":"SearchAction","target":{"@type":"EntryPoint","urlTemplate":"https:\/\/kibrisdakik.com\/?s={search_term_string}"},"query-input":{"@type":"PropertyValueSpecification","valueRequired":true,"valueName":"search_term_string"}}],"inLanguage":"tr"},{"@type":"Person","@id":"https:\/\/kibrisdakik.com\/#\/schema\/person\/9cd9d437bbb44f72b73ba127e06d8e79","name":"admin","image":{"@type":"ImageObject","inLanguage":"tr","@id":"https:\/\/secure.gravatar.com\/avatar\/ccc17943b9d660506c869530f897617f7cb1c21a4bf30023f252596d83e1f007?s=96&d=mm&r=g","url":"https:\/\/secure.gravatar.com\/avatar\/ccc17943b9d660506c869530f897617f7cb1c21a4bf30023f252596d83e1f007?s=96&d=mm&r=g","contentUrl":"https:\/\/secure.gravatar.com\/avatar\/ccc17943b9d660506c869530f897617f7cb1c21a4bf30023f252596d83e1f007?s=96&d=mm&r=g","caption":"admin"},"sameAs":["https:\/\/kibrisdakik.com"],"url":"https:\/\/kibrisdakik.com\/?author=1"}]}},"_links":{"self":[{"href":"https:\/\/kibrisdakik.com\/index.php?rest_route=\/wp\/v2\/posts\/74491","targetHints":{"allow":["GET"]}}],"collection":[{"href":"https:\/\/kibrisdakik.com\/index.php?rest_route=\/wp\/v2\/posts"}],"about":[{"href":"https:\/\/kibrisdakik.com\/index.php?rest_route=\/wp\/v2\/types\/post"}],"author":[{"embeddable":true,"href":"https:\/\/kibrisdakik.com\/index.php?rest_route=\/wp\/v2\/users\/1"}],"replies":[{"embeddable":true,"href":"https:\/\/kibrisdakik.com\/index.php?rest_route=%2Fwp%2Fv2%2Fcomments&post=74491"}],"version-history":[{"count":0,"href":"https:\/\/kibrisdakik.com\/index.php?rest_route=\/wp\/v2\/posts\/74491\/revisions"}],"wp:featuredmedia":[{"embeddable":true,"href":"https:\/\/kibrisdakik.com\/index.php?rest_route=\/wp\/v2\/media\/74492"}],"wp:attachment":[{"href":"https:\/\/kibrisdakik.com\/index.php?rest_route=%2Fwp%2Fv2%2Fmedia&parent=74491"}],"wp:term":[{"taxonomy":"category","embeddable":true,"href":"https:\/\/kibrisdakik.com\/index.php?rest_route=%2Fwp%2Fv2%2Fcategories&post=74491"},{"taxonomy":"post_tag","embeddable":true,"href":"https:\/\/kibrisdakik.com\/index.php?rest_route=%2Fwp%2Fv2%2Ftags&post=74491"}],"curies":[{"name":"wp","href":"https:\/\/api.w.org\/{rel}","templated":true}]}}