{"id":74520,"date":"2025-01-27T21:26:40","date_gmt":"2025-01-27T18:26:40","guid":{"rendered":"https:\/\/kibrisdakik.com\/index.php\/2025\/01\/27\/serim-denktas-sadece-bir-lider-degil-cok-yonlu-bir-deger-olarak-tarih-sahnesinde-one-cikti\/"},"modified":"2025-01-27T21:26:40","modified_gmt":"2025-01-27T18:26:40","slug":"serim-denktas-sadece-bir-lider-degil-cok-yonlu-bir-deger-olarak-tarih-sahnesinde-one-cikti","status":"publish","type":"post","link":"https:\/\/kibrisdakik.com\/?p=74520","title":{"rendered":"Serim: \u201cDenkta\u015f, sadece bir lider de\u011fil \u00e7ok y\u00f6nl\u00fc bir de\u011fer olarak tarih sahnesinde \u00f6ne \u00e7\u0131kt\u0131\u201d"},"content":{"rendered":"<div>\n<div class=\"mariselle-image-container center\">\n                                            <\/div>\n<p>Ankara Sosyal Bilimler \u00dcniversitesi (ASB\u00dc) taraf\u0131ndan \u201cDo\u011fumunun 101. Y\u0131l\u0131nda Rauf R. Denkta\u015f Panel ve Foto\u011fraf Sergisi\u201d d\u00fczenlendi.<\/p>\n<p>ASB\u00dc Kuzey K\u0131br\u0131s Yerle\u015fkesi Konferans Salonu\u2019nda, T.C. Lefko\u015fa B\u00fcy\u00fckel\u00e7ili\u011fi himayesinde ve Yunus Emre Enstit\u00fcs\u00fc ortakl\u0131\u011f\u0131yla ger\u00e7ekle\u015fen etkinli\u011fe Cumhurba\u015fkan\u0131 Ersin Tatar, T.C. Lefko\u015fa B\u00fcy\u00fckel\u00e7isi Yasin Ekrem Serim, ASB\u00dc akademik ve idari kadrosu \u00f6\u011frenciler ve davetliler kat\u0131ld\u0131.<\/p>\n<p>Konu\u015fmalar ile ba\u015flayan etkinlikte daha sonra Cumhurba\u015fkan\u0131 Ersin Tatar, T.C. Lefko\u015fa B\u00fcy\u00fckel\u00e7isi Yasin Ekrem Serim panelistler, Prof. Dr. Ata Atun, Dr. Zeki Ak\u00e7am ve Av. Murat \u00d6zad\u2019a te\u015fekk\u00fcr belgesi takdim etti.<\/p>\n<p><strong>-Serim: \u201cDenkta\u015f, sadece bir lider de\u011fil \u00e7ok y\u00f6nl\u00fc bir de\u011fer olarak tarih sahnesinde \u00f6ne \u00e7\u0131kt\u0131\u201d<\/strong><\/p>\n<p>Etkinlikte ilk s\u00f6z\u00fc alan, T.C. Lefko\u015fa B\u00fcy\u00fckel\u00e7isi Yasin Ekrem Serim, Rauf Raif Denkta\u015f\u2019\u0131n K\u0131br\u0131s T\u00fcrk halk\u0131n\u0131n haklar\u0131n\u0131 savunmak, ba\u011f\u0131ms\u0131zl\u0131\u011f\u0131n\u0131 ve \u00f6zg\u00fcrl\u00fc\u011f\u00fcn\u00fc g\u00fcvence alt\u0131na almak i\u00e7in \u00f6mr\u00fcn\u00fc adad\u0131\u011f\u0131 davas\u0131yla \u00f6zde\u015fle\u015fmi\u015f bir lider oldu\u011funu vurgulad\u0131.<\/p>\n<p>\u201cUnutulmaz devlet adam\u0131 M\u00fccahit Rauf Denkta\u015f K\u0131br\u0131s T\u00fcrk halk\u0131n\u0131n i\u00e7inden ge\u00e7ti\u011fi en zor zamanlarda kararl\u0131l\u0131\u011f\u0131, cesareti, m\u00fccadele azmi ve ileri g\u00f6r\u00fc\u015fl\u00fcl\u00fc\u011f\u00fcyle halk\u0131na umut olmu\u015f ve \u00f6nc\u00fcl\u00fck etmi\u015ftir.\u201d diyen Serim, Denkta\u015f\u2019\u0131n, hukuk\u00e7u, diplomat, fikir adam\u0131, \u00f6\u011fretmen ve sanat\u00e7\u0131 kimlikleriyle sadece bir lider de\u011fil, \u00e7ok y\u00f6nl\u00fc bir de\u011fer olarak tarih sahnesinde \u00f6ne \u00e7\u0131kt\u0131\u011f\u0131n\u0131 belirtti.<\/p>\n<p>Denkta\u015f\u2019\u0131n, t\u00fcm T\u00fcrk d\u00fcnyas\u0131 i\u00e7in bir ilham kayna\u011f\u0131 oldu\u011funu ifade eden Serim, inanc\u0131ndan ve davas\u0131ndan asla taviz vermeyen, Denkta\u015f\u2019\u0131n son nefesine kadar K\u0131br\u0131sl\u0131 T\u00fcrklerinin hak ve menfaatlerini korumak i\u00e7in \u00e7aba g\u00f6sterdi\u011fini s\u00f6yledi.<\/p>\n<p>Serim, Denkta\u015f\u2019\u0131n, K\u0131br\u0131s T\u00fcrklerinin, g\u00f6rd\u00fckleri zulme, bask\u0131lara ve zorluklara boyun e\u011fmeden, varolu\u015f m\u00fccadelesini ba\u015far\u0131yla s\u00fcrd\u00fcrebilmeleri ve bu u\u011furda ihtiya\u00e7 duyduklar\u0131 inanc\u0131n tahkimi i\u00e7in a\u011f\u0131r ama tarihi bir rol \u00fcstlendi\u011fini kaydetti. \u201cKuzey K\u0131br\u0131s T\u00fcrk Cumhuriyeti i\u015fte bu hakl\u0131 ve \u0131srarl\u0131 \u00e7abalar neticesinde kurulabilmi\u015ftir ve K\u0131br\u0131s T\u00fcrk halk\u0131 bug\u00fcn ay y\u0131ld\u0131zl\u0131 bayraklar\u0131n\u0131n g\u00f6lgesinde huzur ve bar\u0131\u015f i\u00e7erisinde ya\u015famaktad\u0131rlar.\u201d diyen Serim, ba\u011f\u0131ms\u0131zl\u0131k, \u00f6zg\u00fcrl\u00fck ve birlik ideallerine s\u0131k\u0131 s\u0131k\u0131ya sar\u0131larak gelecek nesillerin bu miras\u0131 daha g\u00fc\u00e7l\u00fc \u015fekilde \u00f6z\u00fcmsemesini sa\u011flaman\u0131n elzem oldu\u011funu vurgulad\u0131.<\/p>\n<p>Denkta\u015f\u2019\u0131n en b\u00fcy\u00fck hayalinin halk\u0131n\u0131n bir az\u0131nl\u0131k olarak g\u00f6r\u00fclmemesi, e\u015fit stat\u00fcye sahip, \u00f6zg\u00fcr ve refah i\u00e7erisinde ya\u015fayan bir millet olarak varl\u0131\u011f\u0131n\u0131 s\u00fcrd\u00fcrmesi oldu\u011funu vurgulayan Serim, Denkta\u015f\u2019\u0131n, m\u00fccadelesi boyunca T\u00fcrkiye Cumhuriyeti\u2019ne daima g\u00fcvendi\u011fini ve haks\u0131z \u00e7\u0131kmad\u0131\u011f\u0131n\u0131 hat\u0131rlatt\u0131.<\/p>\n<p>Serim, T\u00fcrkiye Cumhuriyeti\u2019nin bug\u00fcne kadar oldu\u011fu gibi bundan sonra da ihtiya\u00e7 duydu\u011fu her alanda, her an, her mecrada ve her \u015fekilde Kuzey K\u0131br\u0131s T\u00fcrk Cumhuriyeti\u2019nin yan\u0131nda olaca\u011f\u0131n\u0131 vurgulad\u0131.<\/p>\n<p><strong>-Tatar: \u201c\u0130ki devletli \u00e7\u00f6z\u00fcm, Kurucu Cumhurba\u015fkan\u0131 Denkta\u015f\u2019\u0131n da savundu\u011fu yakla\u015f\u0131md\u0131\u201d<\/strong><\/p>\n<p>Cumhurba\u015fkan\u0131 Ersin Tatar da etkinlikte yapt\u0131\u011f\u0131 konu\u015fmada, kendilerinin savundu\u011fu iki devletli \u00e7\u00f6z\u00fcm yakla\u015f\u0131m\u0131n\u0131n, Kurucu Cumhurba\u015fkan\u0131 Denkta\u015f\u2019\u0131n da savundu\u011fu \u00e7\u00f6z\u00fcm y\u00f6ntemi oldu\u011funu dile getirdi.<\/p>\n<p>Federasyon temelli g\u00f6r\u00fc\u015fmelerin ba\u015far\u0131s\u0131z oldu\u011funu kaydeden Tatar, Denkta\u015f\u2019\u0131n devletten asla vazge\u00e7ilmemesi gerekti\u011fini vurgulad\u0131\u011f\u0131na i\u015faret etti.<\/p>\n<p>67 y\u0131l \u00f6nce K\u0131br\u0131s T\u00fcrk halk\u0131n\u0131n s\u00f6m\u00fcrge y\u00f6netimine ba\u015fkald\u0131r\u0131\u015f\u0131n\u0131n y\u0131ld\u00f6n\u00fcm\u00fc oldu\u011funu kaydeden Tatar, o g\u00fcnlerde de K\u0131br\u0131s\u2019ta iki halk oldu\u011funun d\u00fcnyaya hayk\u0131r\u0131ld\u0131\u011f\u0131n\u0131 dile getirdi.<\/p>\n<p>Mill\u00ee m\u00fccadele y\u0131llar\u0131na ve K\u0131br\u0131sl\u0131 T\u00fcrkler\u2019in ya\u015fad\u0131klar\u0131na de\u011finen Tatar, o g\u00fcnlerde Denkta\u015f\u2019\u0131n bir lider olarak ortaya \u00e7\u0131kt\u0131\u011f\u0131n\u0131 dile getirdi. K\u00f6yden k\u00f6ye gitmenin bile tehlikeli oldu\u011fu zamanlardan ge\u00e7ildi\u011fini ve bug\u00fcn hala bulunamam\u0131\u015f kay\u0131plar oldu\u011funu belirten Tatar, o g\u00fcnlerden bug\u00fcnlere Denkta\u015f\u2019\u0131n liderli\u011fiyle gelindi\u011fini s\u00f6yledi.<\/p>\n<p>Cumhurba\u015fkan\u0131 Tatar, \u00d6zg\u00fcrl\u00fck M\u00fccadelesi Lideri Dr. Faz\u0131l K\u00fc\u00e7\u00fck\u2019\u00fcn bayra\u011f\u0131 Denkta\u015f\u2019a b\u0131rakt\u0131\u011f\u0131n\u0131, 1974 Bar\u0131\u015f Harek\u00e2t\u0131 ile Denkta\u015f\u2019\u0131n T\u00fcrkiye\u2019nin de tan\u0131d\u0131\u011f\u0131 bir lider haline geldi\u011fini kaydetti. Denkta\u015f\u2019\u0131n hayat\u0131n\u0131n ac\u0131larla ve fedak\u00e2rl\u0131klarla dolu oldu\u011funu ifade eden Tatar, Denkta\u015f\u2019\u0131n m\u00fccahitlik y\u0131llar\u0131na da de\u011findi<\/p>\n<p>Kurucu Cumhurba\u015fkan\u0131 Denkta\u015f\u2019\u0131n, halk\u0131n\u0131n yan\u0131nda olmak i\u00e7in gecenin karanl\u0131\u011f\u0131nda sandala binerek adaya gelmeye \u00e7al\u0131\u015farak, \u00f6l\u00fcm de dahil her \u015feyi g\u00f6ze ald\u0131\u011f\u0131na i\u015faret etti\u011fini belirten Tatar, sonraki y\u0131llarda Denkta\u015f\u2019\u0131n bir hukuk\u00e7u ve bir m\u00fczakereci olarak m\u00fccadelesini s\u00fcrd\u00fcrd\u00fc\u011f\u00fcn\u00fc kaydetti.<\/p>\n<p>Tatar, K\u0131br\u0131sl\u0131 Rumlar\u2019\u0131n K\u0131br\u0131sl\u0131 T\u00fcrkleri az\u0131nl\u0131k olarak g\u00f6rd\u00fc\u011f\u00fcn\u00fc ancak y\u00fczy\u0131llarca s\u00fcren Osmanl\u0131 egemenli\u011finin unutuldu\u011funu dile getirdi. Denkta\u015f\u2019\u0131n K\u0131br\u0131s T\u00fcrk m\u00fccadele tarihinin en \u00f6nemli kahramanlar\u0131ndan oldu\u011funu ifade eden Tatar, K\u0131br\u0131sl\u0131 T\u00fcrkleri ezip bir az\u0131nl\u0131k haline getirmek isteyenlere asla ge\u00e7it vermedi\u011fini s\u00f6yledi. Tatar, bug\u00fcn gelinen noktada, eskiden Denkta\u015f\u2019a muhalefet edenlerin dahi \u201cDenkta\u015f hakl\u0131yd\u0131\u201d dedi\u011fini kaydetti.<\/p>\n<p>2\u2019nci Cumhurba\u015fkan\u0131 Mehmet Ali Talat\u2019\u0131n bir s\u00fcre \u00f6nce bir Rum gazetesine verdi\u011fi demece de\u011finerek, ele\u015ftirilerde bulunan Tatar, kendilerinden farkl\u0131 siyaset g\u00fcdenlerin d\u00f6nemlerinde de anla\u015fmaya ula\u015f\u0131lamad\u0131\u011f\u0131na i\u015faret etti. \u201cBu zihniyetler, T\u00fcrkiye Cumhuriyeti garantisinden vazge\u00e7meye raz\u0131\u201d diyerek ele\u015ftiren Tatar, kendilerinin onurlu bir siyaset y\u00fcr\u00fctt\u00fcklerini dile getirdi.<\/p>\n<p>Muhalefetin bar\u0131\u015f i\u00e7in m\u00fccadele etti\u011fini s\u00f6yledi\u011fini ancak bar\u0131\u015f\u0131n zaten 1974\u2019te geldi\u011fini kaydeden Tatar, ba\u015fka \u00e7\u0131kar\u0131mlar elde etmek i\u00e7in egemenlikten vazge\u00e7memek gerekti\u011fini dile getirdi. Tatar bir anla\u015fma olacaksa KKTC\u2019nin mutlaka bu anla\u015fman\u0131n par\u00e7as\u0131 olmas\u0131 gerekti\u011fini vurgulad\u0131.<\/p>\n<p>Tek egemenlik tek kimlik olmas\u0131 durumunda K\u0131br\u0131sl\u0131 T\u00fcrklerin milli kimli\u011finin tehdit alt\u0131na girece\u011fini belirten Tatar, kendisinin bu g\u00f6r\u00fc\u015flerinin T\u00fcrkiye Cumhuriyeti Cumhurba\u015fkan\u0131 Recep Tayyip Erdo\u011fan taraf\u0131ndan da ifade edildi\u011fini kaydetti. Tatar, bu ger\u00e7ekleri en k\u0131sa s\u00fcrede muhalefetin  de anlamas\u0131 temennisinde bulundu. \u201cBizim siyasetimiz milli siyasettir\u201d diyen Tatar, bu siyasetlerini de T\u00fcrkiye ile i\u015f birli\u011fi halinde y\u00fcr\u00fctt\u00fcklerini kaydetti.<\/p>\n<p>B\u00f6lgedeki geli\u015fmelere de i\u015faret eden Tatar, iki devletli \u00e7\u00f6z\u00fcm\u00fcn ka\u00e7\u0131n\u0131lmaz hale geldi\u011fini belirtti. <\/p>\n<p>A\u00e7\u0131l\u0131\u015f konu\u015fmalar\u0131n\u0131n ard\u0131ndan panele ge\u00e7ildi. Etkinlik, serginin gezilmesiyle son buldu.<\/p>\n<\/p><\/div>\n<p><script async\n                    defer\n                    crossorigin=\"anonymous\"\n                    src=\"https:\/\/connect.facebook.net\/tr_TR\/sdk.js#xfbml=1&#038;version=v3.3\"\n            ><\/script><\/p>\n","protected":false},"excerpt":{"rendered":"<p>Ankara Sosyal Bilimler \u00dcniversitesi (ASB\u00dc) taraf\u0131ndan \u201cDo\u011fumunun 101. Y\u0131l\u0131nda Rauf R. Denkta\u015f Panel ve Foto\u011fraf Sergisi\u201d d\u00fczenlendi. ASB\u00dc Kuzey K\u0131br\u0131s Yerle\u015fkesi Konferans Salonu\u2019nda, T.C. Lefko\u015fa B\u00fcy\u00fckel\u00e7ili\u011fi himayesinde ve Yunus Emre Enstit\u00fcs\u00fc ortakl\u0131\u011f\u0131yla ger\u00e7ekle\u015fen etkinli\u011fe Cumhurba\u015fkan\u0131 Ersin Tatar, T.C. Lefko\u015fa B\u00fcy\u00fckel\u00e7isi Yasin Ekrem Serim, ASB\u00dc akademik ve idari kadrosu \u00f6\u011frenciler ve davetliler kat\u0131ld\u0131. Konu\u015fmalar ile ba\u015flayan<\/p>\n","protected":false},"author":1,"featured_media":74521,"comment_status":"open","ping_status":"open","sticky":false,"template":"","format":"standard","meta":{"footnotes":""},"categories":[81,101],"tags":[],"class_list":["post-74520","post","type-post","status-publish","format-standard","has-post-thumbnail","hentry","category-kibris","category-manset"],"yoast_head":"<!-- This site is optimized with the Yoast SEO plugin v27.4 - https:\/\/yoast.com\/product\/yoast-seo-wordpress\/ -->\n<title>Serim: \u201cDenkta\u015f, sadece bir lider de\u011fil \u00e7ok y\u00f6nl\u00fc bir de\u011fer olarak tarih sahnesinde \u00f6ne \u00e7\u0131kt\u0131\u201d -<\/title>\n<meta name=\"robots\" content=\"index, follow, max-snippet:-1, max-image-preview:large, max-video-preview:-1\" \/>\n<link rel=\"canonical\" href=\"https:\/\/kibrisdakik.com\/?p=74520\" \/>\n<meta property=\"og:locale\" content=\"tr_TR\" \/>\n<meta property=\"og:type\" content=\"article\" \/>\n<meta property=\"og:title\" content=\"Serim: \u201cDenkta\u015f, sadece bir lider de\u011fil \u00e7ok y\u00f6nl\u00fc bir de\u011fer olarak tarih sahnesinde \u00f6ne \u00e7\u0131kt\u0131\u201d -\" \/>\n<meta property=\"og:description\" content=\"Ankara Sosyal Bilimler \u00dcniversitesi (ASB\u00dc) taraf\u0131ndan \u201cDo\u011fumunun 101. Y\u0131l\u0131nda Rauf R. Denkta\u015f Panel ve Foto\u011fraf Sergisi\u201d d\u00fczenlendi. ASB\u00dc Kuzey K\u0131br\u0131s Yerle\u015fkesi Konferans Salonu\u2019nda, T.C. Lefko\u015fa B\u00fcy\u00fckel\u00e7ili\u011fi himayesinde ve Yunus Emre Enstit\u00fcs\u00fc ortakl\u0131\u011f\u0131yla ger\u00e7ekle\u015fen etkinli\u011fe Cumhurba\u015fkan\u0131 Ersin Tatar, T.C. Lefko\u015fa B\u00fcy\u00fckel\u00e7isi Yasin Ekrem Serim, ASB\u00dc akademik ve idari kadrosu \u00f6\u011frenciler ve davetliler kat\u0131ld\u0131. Konu\u015fmalar ile ba\u015flayan\" \/>\n<meta property=\"og:url\" content=\"https:\/\/kibrisdakik.com\/?p=74520\" \/>\n<meta property=\"article:published_time\" content=\"2025-01-27T18:26:40+00:00\" \/>\n<meta property=\"og:image\" content=\"https:\/\/kibrisdakik.com\/wp-content\/uploads\/2025\/01\/kjkh-scaled-740x420.jpg\" \/>\n\t<meta property=\"og:image:width\" content=\"2560\" \/>\n\t<meta property=\"og:image:height\" content=\"1709\" \/>\n\t<meta property=\"og:image:type\" content=\"image\/jpeg\" \/>\n<meta name=\"author\" content=\"admin\" \/>\n<meta name=\"twitter:card\" content=\"summary_large_image\" \/>\n<meta name=\"twitter:label1\" content=\"Yazan:\" \/>\n\t<meta name=\"twitter:data1\" content=\"admin\" \/>\n\t<meta name=\"twitter:label2\" content=\"Tahmini okuma s\u00fcresi\" \/>\n\t<meta name=\"twitter:data2\" content=\"6 dakika\" \/>\n<script type=\"application\/ld+json\" class=\"yoast-schema-graph\">{\"@context\":\"https:\\\/\\\/schema.org\",\"@graph\":[{\"@type\":\"Article\",\"@id\":\"https:\\\/\\\/kibrisdakik.com\\\/?p=74520#article\",\"isPartOf\":{\"@id\":\"https:\\\/\\\/kibrisdakik.com\\\/?p=74520\"},\"author\":{\"name\":\"admin\",\"@id\":\"https:\\\/\\\/kibrisdakik.com\\\/#\\\/schema\\\/person\\\/9cd9d437bbb44f72b73ba127e06d8e79\"},\"headline\":\"Serim: \u201cDenkta\u015f, sadece bir lider de\u011fil \u00e7ok y\u00f6nl\u00fc bir de\u011fer olarak tarih sahnesinde \u00f6ne \u00e7\u0131kt\u0131\u201d\",\"datePublished\":\"2025-01-27T18:26:40+00:00\",\"mainEntityOfPage\":{\"@id\":\"https:\\\/\\\/kibrisdakik.com\\\/?p=74520\"},\"wordCount\":1207,\"commentCount\":0,\"image\":{\"@id\":\"https:\\\/\\\/kibrisdakik.com\\\/?p=74520#primaryimage\"},\"thumbnailUrl\":\"https:\\\/\\\/kibrisdakik.com\\\/wp-content\\\/uploads\\\/2025\\\/01\\\/kjkh-scaled-740x420.jpg\",\"articleSection\":[\"K\u0131br\u0131s\",\"Man\u015fet\"],\"inLanguage\":\"tr\",\"potentialAction\":[{\"@type\":\"CommentAction\",\"name\":\"Comment\",\"target\":[\"https:\\\/\\\/kibrisdakik.com\\\/?p=74520#respond\"]}]},{\"@type\":\"WebPage\",\"@id\":\"https:\\\/\\\/kibrisdakik.com\\\/?p=74520\",\"url\":\"https:\\\/\\\/kibrisdakik.com\\\/?p=74520\",\"name\":\"Serim: \u201cDenkta\u015f, sadece bir lider de\u011fil \u00e7ok y\u00f6nl\u00fc bir de\u011fer olarak tarih sahnesinde \u00f6ne \u00e7\u0131kt\u0131\u201d -\",\"isPartOf\":{\"@id\":\"https:\\\/\\\/kibrisdakik.com\\\/#website\"},\"primaryImageOfPage\":{\"@id\":\"https:\\\/\\\/kibrisdakik.com\\\/?p=74520#primaryimage\"},\"image\":{\"@id\":\"https:\\\/\\\/kibrisdakik.com\\\/?p=74520#primaryimage\"},\"thumbnailUrl\":\"https:\\\/\\\/kibrisdakik.com\\\/wp-content\\\/uploads\\\/2025\\\/01\\\/kjkh-scaled-740x420.jpg\",\"datePublished\":\"2025-01-27T18:26:40+00:00\",\"author\":{\"@id\":\"https:\\\/\\\/kibrisdakik.com\\\/#\\\/schema\\\/person\\\/9cd9d437bbb44f72b73ba127e06d8e79\"},\"breadcrumb\":{\"@id\":\"https:\\\/\\\/kibrisdakik.com\\\/?p=74520#breadcrumb\"},\"inLanguage\":\"tr\",\"potentialAction\":[{\"@type\":\"ReadAction\",\"target\":[\"https:\\\/\\\/kibrisdakik.com\\\/?p=74520\"]}]},{\"@type\":\"ImageObject\",\"inLanguage\":\"tr\",\"@id\":\"https:\\\/\\\/kibrisdakik.com\\\/?p=74520#primaryimage\",\"url\":\"https:\\\/\\\/kibrisdakik.com\\\/wp-content\\\/uploads\\\/2025\\\/01\\\/kjkh-scaled-740x420.jpg\",\"contentUrl\":\"https:\\\/\\\/kibrisdakik.com\\\/wp-content\\\/uploads\\\/2025\\\/01\\\/kjkh-scaled-740x420.jpg\",\"width\":2560,\"height\":1709},{\"@type\":\"BreadcrumbList\",\"@id\":\"https:\\\/\\\/kibrisdakik.com\\\/?p=74520#breadcrumb\",\"itemListElement\":[{\"@type\":\"ListItem\",\"position\":1,\"name\":\"Home\",\"item\":\"https:\\\/\\\/kibrisdakik.com\\\/\"},{\"@type\":\"ListItem\",\"position\":2,\"name\":\"Serim: \u201cDenkta\u015f, sadece bir lider de\u011fil \u00e7ok y\u00f6nl\u00fc bir de\u011fer olarak tarih sahnesinde \u00f6ne \u00e7\u0131kt\u0131\u201d\"}]},{\"@type\":\"WebSite\",\"@id\":\"https:\\\/\\\/kibrisdakik.com\\\/#website\",\"url\":\"https:\\\/\\\/kibrisdakik.com\\\/\",\"name\":\"\",\"description\":\"Tam vaktinde haber\",\"potentialAction\":[{\"@type\":\"SearchAction\",\"target\":{\"@type\":\"EntryPoint\",\"urlTemplate\":\"https:\\\/\\\/kibrisdakik.com\\\/?s={search_term_string}\"},\"query-input\":{\"@type\":\"PropertyValueSpecification\",\"valueRequired\":true,\"valueName\":\"search_term_string\"}}],\"inLanguage\":\"tr\"},{\"@type\":\"Person\",\"@id\":\"https:\\\/\\\/kibrisdakik.com\\\/#\\\/schema\\\/person\\\/9cd9d437bbb44f72b73ba127e06d8e79\",\"name\":\"admin\",\"image\":{\"@type\":\"ImageObject\",\"inLanguage\":\"tr\",\"@id\":\"https:\\\/\\\/secure.gravatar.com\\\/avatar\\\/ccc17943b9d660506c869530f897617f7cb1c21a4bf30023f252596d83e1f007?s=96&d=mm&r=g\",\"url\":\"https:\\\/\\\/secure.gravatar.com\\\/avatar\\\/ccc17943b9d660506c869530f897617f7cb1c21a4bf30023f252596d83e1f007?s=96&d=mm&r=g\",\"contentUrl\":\"https:\\\/\\\/secure.gravatar.com\\\/avatar\\\/ccc17943b9d660506c869530f897617f7cb1c21a4bf30023f252596d83e1f007?s=96&d=mm&r=g\",\"caption\":\"admin\"},\"sameAs\":[\"https:\\\/\\\/kibrisdakik.com\"],\"url\":\"https:\\\/\\\/kibrisdakik.com\\\/?author=1\"}]}<\/script>\n<!-- \/ Yoast SEO plugin. -->","yoast_head_json":{"title":"Serim: \u201cDenkta\u015f, sadece bir lider de\u011fil \u00e7ok y\u00f6nl\u00fc bir de\u011fer olarak tarih sahnesinde \u00f6ne \u00e7\u0131kt\u0131\u201d -","robots":{"index":"index","follow":"follow","max-snippet":"max-snippet:-1","max-image-preview":"max-image-preview:large","max-video-preview":"max-video-preview:-1"},"canonical":"https:\/\/kibrisdakik.com\/?p=74520","og_locale":"tr_TR","og_type":"article","og_title":"Serim: \u201cDenkta\u015f, sadece bir lider de\u011fil \u00e7ok y\u00f6nl\u00fc bir de\u011fer olarak tarih sahnesinde \u00f6ne \u00e7\u0131kt\u0131\u201d -","og_description":"Ankara Sosyal Bilimler \u00dcniversitesi (ASB\u00dc) taraf\u0131ndan \u201cDo\u011fumunun 101. Y\u0131l\u0131nda Rauf R. Denkta\u015f Panel ve Foto\u011fraf Sergisi\u201d d\u00fczenlendi. ASB\u00dc Kuzey K\u0131br\u0131s Yerle\u015fkesi Konferans Salonu\u2019nda, T.C. Lefko\u015fa B\u00fcy\u00fckel\u00e7ili\u011fi himayesinde ve Yunus Emre Enstit\u00fcs\u00fc ortakl\u0131\u011f\u0131yla ger\u00e7ekle\u015fen etkinli\u011fe Cumhurba\u015fkan\u0131 Ersin Tatar, T.C. Lefko\u015fa B\u00fcy\u00fckel\u00e7isi Yasin Ekrem Serim, ASB\u00dc akademik ve idari kadrosu \u00f6\u011frenciler ve davetliler kat\u0131ld\u0131. Konu\u015fmalar ile ba\u015flayan","og_url":"https:\/\/kibrisdakik.com\/?p=74520","article_published_time":"2025-01-27T18:26:40+00:00","og_image":[{"width":2560,"height":1709,"url":"https:\/\/kibrisdakik.com\/wp-content\/uploads\/2025\/01\/kjkh-scaled-740x420.jpg","type":"image\/jpeg"}],"author":"admin","twitter_card":"summary_large_image","twitter_misc":{"Yazan:":"admin","Tahmini okuma s\u00fcresi":"6 dakika"},"schema":{"@context":"https:\/\/schema.org","@graph":[{"@type":"Article","@id":"https:\/\/kibrisdakik.com\/?p=74520#article","isPartOf":{"@id":"https:\/\/kibrisdakik.com\/?p=74520"},"author":{"name":"admin","@id":"https:\/\/kibrisdakik.com\/#\/schema\/person\/9cd9d437bbb44f72b73ba127e06d8e79"},"headline":"Serim: \u201cDenkta\u015f, sadece bir lider de\u011fil \u00e7ok y\u00f6nl\u00fc bir de\u011fer olarak tarih sahnesinde \u00f6ne \u00e7\u0131kt\u0131\u201d","datePublished":"2025-01-27T18:26:40+00:00","mainEntityOfPage":{"@id":"https:\/\/kibrisdakik.com\/?p=74520"},"wordCount":1207,"commentCount":0,"image":{"@id":"https:\/\/kibrisdakik.com\/?p=74520#primaryimage"},"thumbnailUrl":"https:\/\/kibrisdakik.com\/wp-content\/uploads\/2025\/01\/kjkh-scaled-740x420.jpg","articleSection":["K\u0131br\u0131s","Man\u015fet"],"inLanguage":"tr","potentialAction":[{"@type":"CommentAction","name":"Comment","target":["https:\/\/kibrisdakik.com\/?p=74520#respond"]}]},{"@type":"WebPage","@id":"https:\/\/kibrisdakik.com\/?p=74520","url":"https:\/\/kibrisdakik.com\/?p=74520","name":"Serim: \u201cDenkta\u015f, sadece bir lider de\u011fil \u00e7ok y\u00f6nl\u00fc bir de\u011fer olarak tarih sahnesinde \u00f6ne \u00e7\u0131kt\u0131\u201d -","isPartOf":{"@id":"https:\/\/kibrisdakik.com\/#website"},"primaryImageOfPage":{"@id":"https:\/\/kibrisdakik.com\/?p=74520#primaryimage"},"image":{"@id":"https:\/\/kibrisdakik.com\/?p=74520#primaryimage"},"thumbnailUrl":"https:\/\/kibrisdakik.com\/wp-content\/uploads\/2025\/01\/kjkh-scaled-740x420.jpg","datePublished":"2025-01-27T18:26:40+00:00","author":{"@id":"https:\/\/kibrisdakik.com\/#\/schema\/person\/9cd9d437bbb44f72b73ba127e06d8e79"},"breadcrumb":{"@id":"https:\/\/kibrisdakik.com\/?p=74520#breadcrumb"},"inLanguage":"tr","potentialAction":[{"@type":"ReadAction","target":["https:\/\/kibrisdakik.com\/?p=74520"]}]},{"@type":"ImageObject","inLanguage":"tr","@id":"https:\/\/kibrisdakik.com\/?p=74520#primaryimage","url":"https:\/\/kibrisdakik.com\/wp-content\/uploads\/2025\/01\/kjkh-scaled-740x420.jpg","contentUrl":"https:\/\/kibrisdakik.com\/wp-content\/uploads\/2025\/01\/kjkh-scaled-740x420.jpg","width":2560,"height":1709},{"@type":"BreadcrumbList","@id":"https:\/\/kibrisdakik.com\/?p=74520#breadcrumb","itemListElement":[{"@type":"ListItem","position":1,"name":"Home","item":"https:\/\/kibrisdakik.com\/"},{"@type":"ListItem","position":2,"name":"Serim: \u201cDenkta\u015f, sadece bir lider de\u011fil \u00e7ok y\u00f6nl\u00fc bir de\u011fer olarak tarih sahnesinde \u00f6ne \u00e7\u0131kt\u0131\u201d"}]},{"@type":"WebSite","@id":"https:\/\/kibrisdakik.com\/#website","url":"https:\/\/kibrisdakik.com\/","name":"","description":"Tam vaktinde haber","potentialAction":[{"@type":"SearchAction","target":{"@type":"EntryPoint","urlTemplate":"https:\/\/kibrisdakik.com\/?s={search_term_string}"},"query-input":{"@type":"PropertyValueSpecification","valueRequired":true,"valueName":"search_term_string"}}],"inLanguage":"tr"},{"@type":"Person","@id":"https:\/\/kibrisdakik.com\/#\/schema\/person\/9cd9d437bbb44f72b73ba127e06d8e79","name":"admin","image":{"@type":"ImageObject","inLanguage":"tr","@id":"https:\/\/secure.gravatar.com\/avatar\/ccc17943b9d660506c869530f897617f7cb1c21a4bf30023f252596d83e1f007?s=96&d=mm&r=g","url":"https:\/\/secure.gravatar.com\/avatar\/ccc17943b9d660506c869530f897617f7cb1c21a4bf30023f252596d83e1f007?s=96&d=mm&r=g","contentUrl":"https:\/\/secure.gravatar.com\/avatar\/ccc17943b9d660506c869530f897617f7cb1c21a4bf30023f252596d83e1f007?s=96&d=mm&r=g","caption":"admin"},"sameAs":["https:\/\/kibrisdakik.com"],"url":"https:\/\/kibrisdakik.com\/?author=1"}]}},"_links":{"self":[{"href":"https:\/\/kibrisdakik.com\/index.php?rest_route=\/wp\/v2\/posts\/74520","targetHints":{"allow":["GET"]}}],"collection":[{"href":"https:\/\/kibrisdakik.com\/index.php?rest_route=\/wp\/v2\/posts"}],"about":[{"href":"https:\/\/kibrisdakik.com\/index.php?rest_route=\/wp\/v2\/types\/post"}],"author":[{"embeddable":true,"href":"https:\/\/kibrisdakik.com\/index.php?rest_route=\/wp\/v2\/users\/1"}],"replies":[{"embeddable":true,"href":"https:\/\/kibrisdakik.com\/index.php?rest_route=%2Fwp%2Fv2%2Fcomments&post=74520"}],"version-history":[{"count":0,"href":"https:\/\/kibrisdakik.com\/index.php?rest_route=\/wp\/v2\/posts\/74520\/revisions"}],"wp:featuredmedia":[{"embeddable":true,"href":"https:\/\/kibrisdakik.com\/index.php?rest_route=\/wp\/v2\/media\/74521"}],"wp:attachment":[{"href":"https:\/\/kibrisdakik.com\/index.php?rest_route=%2Fwp%2Fv2%2Fmedia&parent=74520"}],"wp:term":[{"taxonomy":"category","embeddable":true,"href":"https:\/\/kibrisdakik.com\/index.php?rest_route=%2Fwp%2Fv2%2Fcategories&post=74520"},{"taxonomy":"post_tag","embeddable":true,"href":"https:\/\/kibrisdakik.com\/index.php?rest_route=%2Fwp%2Fv2%2Ftags&post=74520"}],"curies":[{"name":"wp","href":"https:\/\/api.w.org\/{rel}","templated":true}]}}