{"id":74531,"date":"2025-01-28T11:31:13","date_gmt":"2025-01-28T08:31:13","guid":{"rendered":"https:\/\/kibrisdakik.com\/index.php\/2025\/01\/28\/ctp-guzelyurt-ilcesine-bagli-koylerde-ocak-kongreleri-duzenledi\/"},"modified":"2025-01-28T11:31:13","modified_gmt":"2025-01-28T08:31:13","slug":"ctp-guzelyurt-ilcesine-bagli-koylerde-ocak-kongreleri-duzenledi","status":"publish","type":"post","link":"https:\/\/kibrisdakik.com\/?p=74531","title":{"rendered":"CTP G\u00fczelyurt \u0130l\u00e7esi\u2019ne ba\u011fl\u0131 k\u00f6ylerde Ocak Kongreleri d\u00fczenledi"},"content":{"rendered":"<div>\n<div class=\"mariselle-image-container center\">\n                                            <\/div>\n<p> Cumhuriyet\u00e7i T\u00fcrk Partisi (CTP), G\u00fczelyurt \u0130l\u00e7esi\u2019ne ba\u011fl\u0131 k\u00f6ylerde Ocak Kongreleri d\u00fczenledi.<\/p>\n<p>CTP Bas\u0131n B\u00fcrosundan yap\u0131lan a\u00e7\u0131klamaya g\u00f6re, Piyale Pa\u015fa Mahallesi, \u0130smet Pa\u015fa Mahallesi ve Lala Mustafa Pa\u015fa Mahallesi Ocak Kongreleri, G\u00fczelyurt \u0130l\u00e7e Binas\u0131\u2019nda yer ald\u0131.<\/p>\n<p> CTP G\u00fczelyurt \u0130l\u00e7e Ba\u015fkan\u0131 \u00c7a\u011flar Gulamkadir ve CTP G\u00fczelyurt Milletvekili Arma\u011fan Candan\u2019\u0131n da kat\u0131ld\u0131\u011f\u0131 kongrelerde Ocak \u00f6rg\u00fctlerinde g\u00f6rev yapacak ki\u015filer de \u015fu \u015fekilde belirlendi:<\/p>\n<p>\u201cPiyale Pa\u015fa Mahallesi Ocak \u00d6rg\u00fct\u00fc: G\u00fclen Yark\u0131n, Turan Tarzan, Ahmet Yorulmaz, M\u00fcge T\u00fcccar, Hasan Alt\u0131nmakas, Hatibe Nasibo\u011flu, G\u00fclcen G\u00fcneysu; Lala Mustafa Pa\u015fa Mahallesi Ocak \u00d6rg\u00fct\u00fc: D\u00fcr\u00fc Alt\u0131nmakas, D\u00fcr\u00fcye Kory\u00fcrek, Aliye Gilanl\u0131o\u011fullar\u0131, Tuncay Hakyemez, S\u00fcleyman Mert, Diren Ku\u015f; \u0130smet Pa\u015fa Mahallesi Ocak \u00d6rg\u00fct\u00fc: Muharrem Sayg\u0131l\u0131, Bar\u0131\u015f Batman, Celal Askaya, U\u011fur Sayg\u0131l\u0131, Z\u00fchre Civa, Ekin Mahan.\u201d<\/p>\n<\/p><\/div>\n<p><script async\n                    defer\n                    crossorigin=\"anonymous\"\n                    src=\"https:\/\/connect.facebook.net\/tr_TR\/sdk.js#xfbml=1&#038;version=v3.3\"\n            ><\/script><\/p>\n","protected":false},"excerpt":{"rendered":"<p>Cumhuriyet\u00e7i T\u00fcrk Partisi (CTP), G\u00fczelyurt \u0130l\u00e7esi\u2019ne ba\u011fl\u0131 k\u00f6ylerde Ocak Kongreleri d\u00fczenledi. CTP Bas\u0131n B\u00fcrosundan yap\u0131lan a\u00e7\u0131klamaya g\u00f6re, Piyale Pa\u015fa Mahallesi, \u0130smet Pa\u015fa Mahallesi ve Lala Mustafa Pa\u015fa Mahallesi Ocak Kongreleri, G\u00fczelyurt \u0130l\u00e7e Binas\u0131\u2019nda yer ald\u0131. CTP G\u00fczelyurt \u0130l\u00e7e Ba\u015fkan\u0131 \u00c7a\u011flar Gulamkadir ve CTP G\u00fczelyurt Milletvekili Arma\u011fan Candan\u2019\u0131n da kat\u0131ld\u0131\u011f\u0131 kongrelerde Ocak \u00f6rg\u00fctlerinde g\u00f6rev yapacak ki\u015filer<\/p>\n","protected":false},"author":1,"featured_media":74532,"comment_status":"open","ping_status":"open","sticky":false,"template":"","format":"standard","meta":{"footnotes":""},"categories":[81,101],"tags":[],"class_list":["post-74531","post","type-post","status-publish","format-standard","has-post-thumbnail","hentry","category-kibris","category-manset"],"yoast_head":"<!-- This site is optimized with the Yoast SEO plugin v27.5 - https:\/\/yoast.com\/product\/yoast-seo-wordpress\/ -->\n<title>CTP G\u00fczelyurt \u0130l\u00e7esi\u2019ne ba\u011fl\u0131 k\u00f6ylerde Ocak Kongreleri d\u00fczenledi -<\/title>\n<meta name=\"robots\" content=\"index, follow, max-snippet:-1, max-image-preview:large, max-video-preview:-1\" \/>\n<link rel=\"canonical\" href=\"https:\/\/kibrisdakik.com\/?p=74531\" \/>\n<meta property=\"og:locale\" content=\"tr_TR\" \/>\n<meta property=\"og:type\" content=\"article\" \/>\n<meta property=\"og:title\" content=\"CTP G\u00fczelyurt \u0130l\u00e7esi\u2019ne ba\u011fl\u0131 k\u00f6ylerde Ocak Kongreleri d\u00fczenledi -\" \/>\n<meta property=\"og:description\" content=\"Cumhuriyet\u00e7i T\u00fcrk Partisi (CTP), G\u00fczelyurt \u0130l\u00e7esi\u2019ne ba\u011fl\u0131 k\u00f6ylerde Ocak Kongreleri d\u00fczenledi. CTP Bas\u0131n B\u00fcrosundan yap\u0131lan a\u00e7\u0131klamaya g\u00f6re, Piyale Pa\u015fa Mahallesi, \u0130smet Pa\u015fa Mahallesi ve Lala Mustafa Pa\u015fa Mahallesi Ocak Kongreleri, G\u00fczelyurt \u0130l\u00e7e Binas\u0131\u2019nda yer ald\u0131. CTP G\u00fczelyurt \u0130l\u00e7e Ba\u015fkan\u0131 \u00c7a\u011flar Gulamkadir ve CTP G\u00fczelyurt Milletvekili Arma\u011fan Candan\u2019\u0131n da kat\u0131ld\u0131\u011f\u0131 kongrelerde Ocak \u00f6rg\u00fctlerinde g\u00f6rev yapacak ki\u015filer\" \/>\n<meta property=\"og:url\" content=\"https:\/\/kibrisdakik.com\/?p=74531\" \/>\n<meta property=\"article:published_time\" content=\"2025-01-28T08:31:13+00:00\" \/>\n<meta property=\"og:image\" content=\"https:\/\/kibrisdakik.com\/wp-content\/uploads\/2025\/01\/3333333333333333333333333333333333333333333333333333333333333333333333-740x420.jpg\" \/>\n\t<meta property=\"og:image:width\" content=\"1600\" \/>\n\t<meta property=\"og:image:height\" content=\"902\" \/>\n\t<meta property=\"og:image:type\" content=\"image\/jpeg\" \/>\n<meta name=\"author\" content=\"admin\" \/>\n<meta name=\"twitter:card\" content=\"summary_large_image\" \/>\n<meta name=\"twitter:label1\" content=\"Yazan:\" \/>\n\t<meta name=\"twitter:data1\" content=\"admin\" \/>\n\t<meta name=\"twitter:label2\" content=\"Tahmini okuma s\u00fcresi\" \/>\n\t<meta name=\"twitter:data2\" content=\"1 dakika\" \/>\n<script type=\"application\/ld+json\" class=\"yoast-schema-graph\">{\"@context\":\"https:\\\/\\\/schema.org\",\"@graph\":[{\"@type\":\"Article\",\"@id\":\"https:\\\/\\\/kibrisdakik.com\\\/?p=74531#article\",\"isPartOf\":{\"@id\":\"https:\\\/\\\/kibrisdakik.com\\\/?p=74531\"},\"author\":{\"name\":\"admin\",\"@id\":\"https:\\\/\\\/kibrisdakik.com\\\/#\\\/schema\\\/person\\\/9cd9d437bbb44f72b73ba127e06d8e79\"},\"headline\":\"CTP G\u00fczelyurt \u0130l\u00e7esi\u2019ne ba\u011fl\u0131 k\u00f6ylerde Ocak Kongreleri d\u00fczenledi\",\"datePublished\":\"2025-01-28T08:31:13+00:00\",\"mainEntityOfPage\":{\"@id\":\"https:\\\/\\\/kibrisdakik.com\\\/?p=74531\"},\"wordCount\":183,\"commentCount\":0,\"image\":{\"@id\":\"https:\\\/\\\/kibrisdakik.com\\\/?p=74531#primaryimage\"},\"thumbnailUrl\":\"https:\\\/\\\/kibrisdakik.com\\\/wp-content\\\/uploads\\\/2025\\\/01\\\/3333333333333333333333333333333333333333333333333333333333333333333333-740x420.jpg\",\"articleSection\":[\"K\u0131br\u0131s\",\"Man\u015fet\"],\"inLanguage\":\"tr\",\"potentialAction\":[{\"@type\":\"CommentAction\",\"name\":\"Comment\",\"target\":[\"https:\\\/\\\/kibrisdakik.com\\\/?p=74531#respond\"]}]},{\"@type\":\"WebPage\",\"@id\":\"https:\\\/\\\/kibrisdakik.com\\\/?p=74531\",\"url\":\"https:\\\/\\\/kibrisdakik.com\\\/?p=74531\",\"name\":\"CTP G\u00fczelyurt \u0130l\u00e7esi\u2019ne ba\u011fl\u0131 k\u00f6ylerde Ocak Kongreleri d\u00fczenledi -\",\"isPartOf\":{\"@id\":\"https:\\\/\\\/kibrisdakik.com\\\/#website\"},\"primaryImageOfPage\":{\"@id\":\"https:\\\/\\\/kibrisdakik.com\\\/?p=74531#primaryimage\"},\"image\":{\"@id\":\"https:\\\/\\\/kibrisdakik.com\\\/?p=74531#primaryimage\"},\"thumbnailUrl\":\"https:\\\/\\\/kibrisdakik.com\\\/wp-content\\\/uploads\\\/2025\\\/01\\\/3333333333333333333333333333333333333333333333333333333333333333333333-740x420.jpg\",\"datePublished\":\"2025-01-28T08:31:13+00:00\",\"author\":{\"@id\":\"https:\\\/\\\/kibrisdakik.com\\\/#\\\/schema\\\/person\\\/9cd9d437bbb44f72b73ba127e06d8e79\"},\"breadcrumb\":{\"@id\":\"https:\\\/\\\/kibrisdakik.com\\\/?p=74531#breadcrumb\"},\"inLanguage\":\"tr\",\"potentialAction\":[{\"@type\":\"ReadAction\",\"target\":[\"https:\\\/\\\/kibrisdakik.com\\\/?p=74531\"]}]},{\"@type\":\"ImageObject\",\"inLanguage\":\"tr\",\"@id\":\"https:\\\/\\\/kibrisdakik.com\\\/?p=74531#primaryimage\",\"url\":\"https:\\\/\\\/kibrisdakik.com\\\/wp-content\\\/uploads\\\/2025\\\/01\\\/3333333333333333333333333333333333333333333333333333333333333333333333-740x420.jpg\",\"contentUrl\":\"https:\\\/\\\/kibrisdakik.com\\\/wp-content\\\/uploads\\\/2025\\\/01\\\/3333333333333333333333333333333333333333333333333333333333333333333333-740x420.jpg\",\"width\":1600,\"height\":902},{\"@type\":\"BreadcrumbList\",\"@id\":\"https:\\\/\\\/kibrisdakik.com\\\/?p=74531#breadcrumb\",\"itemListElement\":[{\"@type\":\"ListItem\",\"position\":1,\"name\":\"Home\",\"item\":\"https:\\\/\\\/kibrisdakik.com\\\/\"},{\"@type\":\"ListItem\",\"position\":2,\"name\":\"CTP G\u00fczelyurt \u0130l\u00e7esi\u2019ne ba\u011fl\u0131 k\u00f6ylerde Ocak Kongreleri d\u00fczenledi\"}]},{\"@type\":\"WebSite\",\"@id\":\"https:\\\/\\\/kibrisdakik.com\\\/#website\",\"url\":\"https:\\\/\\\/kibrisdakik.com\\\/\",\"name\":\"\",\"description\":\"Tam vaktinde haber\",\"potentialAction\":[{\"@type\":\"SearchAction\",\"target\":{\"@type\":\"EntryPoint\",\"urlTemplate\":\"https:\\\/\\\/kibrisdakik.com\\\/?s={search_term_string}\"},\"query-input\":{\"@type\":\"PropertyValueSpecification\",\"valueRequired\":true,\"valueName\":\"search_term_string\"}}],\"inLanguage\":\"tr\"},{\"@type\":\"Person\",\"@id\":\"https:\\\/\\\/kibrisdakik.com\\\/#\\\/schema\\\/person\\\/9cd9d437bbb44f72b73ba127e06d8e79\",\"name\":\"admin\",\"image\":{\"@type\":\"ImageObject\",\"inLanguage\":\"tr\",\"@id\":\"https:\\\/\\\/secure.gravatar.com\\\/avatar\\\/ccc17943b9d660506c869530f897617f7cb1c21a4bf30023f252596d83e1f007?s=96&d=mm&r=g\",\"url\":\"https:\\\/\\\/secure.gravatar.com\\\/avatar\\\/ccc17943b9d660506c869530f897617f7cb1c21a4bf30023f252596d83e1f007?s=96&d=mm&r=g\",\"contentUrl\":\"https:\\\/\\\/secure.gravatar.com\\\/avatar\\\/ccc17943b9d660506c869530f897617f7cb1c21a4bf30023f252596d83e1f007?s=96&d=mm&r=g\",\"caption\":\"admin\"},\"sameAs\":[\"https:\\\/\\\/kibrisdakik.com\"],\"url\":\"https:\\\/\\\/kibrisdakik.com\\\/?author=1\"}]}<\/script>\n<!-- \/ Yoast SEO plugin. -->","yoast_head_json":{"title":"CTP G\u00fczelyurt \u0130l\u00e7esi\u2019ne ba\u011fl\u0131 k\u00f6ylerde Ocak Kongreleri d\u00fczenledi -","robots":{"index":"index","follow":"follow","max-snippet":"max-snippet:-1","max-image-preview":"max-image-preview:large","max-video-preview":"max-video-preview:-1"},"canonical":"https:\/\/kibrisdakik.com\/?p=74531","og_locale":"tr_TR","og_type":"article","og_title":"CTP G\u00fczelyurt \u0130l\u00e7esi\u2019ne ba\u011fl\u0131 k\u00f6ylerde Ocak Kongreleri d\u00fczenledi -","og_description":"Cumhuriyet\u00e7i T\u00fcrk Partisi (CTP), G\u00fczelyurt \u0130l\u00e7esi\u2019ne ba\u011fl\u0131 k\u00f6ylerde Ocak Kongreleri d\u00fczenledi. CTP Bas\u0131n B\u00fcrosundan yap\u0131lan a\u00e7\u0131klamaya g\u00f6re, Piyale Pa\u015fa Mahallesi, \u0130smet Pa\u015fa Mahallesi ve Lala Mustafa Pa\u015fa Mahallesi Ocak Kongreleri, G\u00fczelyurt \u0130l\u00e7e Binas\u0131\u2019nda yer ald\u0131. CTP G\u00fczelyurt \u0130l\u00e7e Ba\u015fkan\u0131 \u00c7a\u011flar Gulamkadir ve CTP G\u00fczelyurt Milletvekili Arma\u011fan Candan\u2019\u0131n da kat\u0131ld\u0131\u011f\u0131 kongrelerde Ocak \u00f6rg\u00fctlerinde g\u00f6rev yapacak ki\u015filer","og_url":"https:\/\/kibrisdakik.com\/?p=74531","article_published_time":"2025-01-28T08:31:13+00:00","og_image":[{"width":1600,"height":902,"url":"https:\/\/kibrisdakik.com\/wp-content\/uploads\/2025\/01\/3333333333333333333333333333333333333333333333333333333333333333333333-740x420.jpg","type":"image\/jpeg"}],"author":"admin","twitter_card":"summary_large_image","twitter_misc":{"Yazan:":"admin","Tahmini okuma s\u00fcresi":"1 dakika"},"schema":{"@context":"https:\/\/schema.org","@graph":[{"@type":"Article","@id":"https:\/\/kibrisdakik.com\/?p=74531#article","isPartOf":{"@id":"https:\/\/kibrisdakik.com\/?p=74531"},"author":{"name":"admin","@id":"https:\/\/kibrisdakik.com\/#\/schema\/person\/9cd9d437bbb44f72b73ba127e06d8e79"},"headline":"CTP G\u00fczelyurt \u0130l\u00e7esi\u2019ne ba\u011fl\u0131 k\u00f6ylerde Ocak Kongreleri d\u00fczenledi","datePublished":"2025-01-28T08:31:13+00:00","mainEntityOfPage":{"@id":"https:\/\/kibrisdakik.com\/?p=74531"},"wordCount":183,"commentCount":0,"image":{"@id":"https:\/\/kibrisdakik.com\/?p=74531#primaryimage"},"thumbnailUrl":"https:\/\/kibrisdakik.com\/wp-content\/uploads\/2025\/01\/3333333333333333333333333333333333333333333333333333333333333333333333-740x420.jpg","articleSection":["K\u0131br\u0131s","Man\u015fet"],"inLanguage":"tr","potentialAction":[{"@type":"CommentAction","name":"Comment","target":["https:\/\/kibrisdakik.com\/?p=74531#respond"]}]},{"@type":"WebPage","@id":"https:\/\/kibrisdakik.com\/?p=74531","url":"https:\/\/kibrisdakik.com\/?p=74531","name":"CTP G\u00fczelyurt \u0130l\u00e7esi\u2019ne ba\u011fl\u0131 k\u00f6ylerde Ocak Kongreleri d\u00fczenledi -","isPartOf":{"@id":"https:\/\/kibrisdakik.com\/#website"},"primaryImageOfPage":{"@id":"https:\/\/kibrisdakik.com\/?p=74531#primaryimage"},"image":{"@id":"https:\/\/kibrisdakik.com\/?p=74531#primaryimage"},"thumbnailUrl":"https:\/\/kibrisdakik.com\/wp-content\/uploads\/2025\/01\/3333333333333333333333333333333333333333333333333333333333333333333333-740x420.jpg","datePublished":"2025-01-28T08:31:13+00:00","author":{"@id":"https:\/\/kibrisdakik.com\/#\/schema\/person\/9cd9d437bbb44f72b73ba127e06d8e79"},"breadcrumb":{"@id":"https:\/\/kibrisdakik.com\/?p=74531#breadcrumb"},"inLanguage":"tr","potentialAction":[{"@type":"ReadAction","target":["https:\/\/kibrisdakik.com\/?p=74531"]}]},{"@type":"ImageObject","inLanguage":"tr","@id":"https:\/\/kibrisdakik.com\/?p=74531#primaryimage","url":"https:\/\/kibrisdakik.com\/wp-content\/uploads\/2025\/01\/3333333333333333333333333333333333333333333333333333333333333333333333-740x420.jpg","contentUrl":"https:\/\/kibrisdakik.com\/wp-content\/uploads\/2025\/01\/3333333333333333333333333333333333333333333333333333333333333333333333-740x420.jpg","width":1600,"height":902},{"@type":"BreadcrumbList","@id":"https:\/\/kibrisdakik.com\/?p=74531#breadcrumb","itemListElement":[{"@type":"ListItem","position":1,"name":"Home","item":"https:\/\/kibrisdakik.com\/"},{"@type":"ListItem","position":2,"name":"CTP G\u00fczelyurt \u0130l\u00e7esi\u2019ne ba\u011fl\u0131 k\u00f6ylerde Ocak Kongreleri d\u00fczenledi"}]},{"@type":"WebSite","@id":"https:\/\/kibrisdakik.com\/#website","url":"https:\/\/kibrisdakik.com\/","name":"","description":"Tam vaktinde haber","potentialAction":[{"@type":"SearchAction","target":{"@type":"EntryPoint","urlTemplate":"https:\/\/kibrisdakik.com\/?s={search_term_string}"},"query-input":{"@type":"PropertyValueSpecification","valueRequired":true,"valueName":"search_term_string"}}],"inLanguage":"tr"},{"@type":"Person","@id":"https:\/\/kibrisdakik.com\/#\/schema\/person\/9cd9d437bbb44f72b73ba127e06d8e79","name":"admin","image":{"@type":"ImageObject","inLanguage":"tr","@id":"https:\/\/secure.gravatar.com\/avatar\/ccc17943b9d660506c869530f897617f7cb1c21a4bf30023f252596d83e1f007?s=96&d=mm&r=g","url":"https:\/\/secure.gravatar.com\/avatar\/ccc17943b9d660506c869530f897617f7cb1c21a4bf30023f252596d83e1f007?s=96&d=mm&r=g","contentUrl":"https:\/\/secure.gravatar.com\/avatar\/ccc17943b9d660506c869530f897617f7cb1c21a4bf30023f252596d83e1f007?s=96&d=mm&r=g","caption":"admin"},"sameAs":["https:\/\/kibrisdakik.com"],"url":"https:\/\/kibrisdakik.com\/?author=1"}]}},"_links":{"self":[{"href":"https:\/\/kibrisdakik.com\/index.php?rest_route=\/wp\/v2\/posts\/74531","targetHints":{"allow":["GET"]}}],"collection":[{"href":"https:\/\/kibrisdakik.com\/index.php?rest_route=\/wp\/v2\/posts"}],"about":[{"href":"https:\/\/kibrisdakik.com\/index.php?rest_route=\/wp\/v2\/types\/post"}],"author":[{"embeddable":true,"href":"https:\/\/kibrisdakik.com\/index.php?rest_route=\/wp\/v2\/users\/1"}],"replies":[{"embeddable":true,"href":"https:\/\/kibrisdakik.com\/index.php?rest_route=%2Fwp%2Fv2%2Fcomments&post=74531"}],"version-history":[{"count":0,"href":"https:\/\/kibrisdakik.com\/index.php?rest_route=\/wp\/v2\/posts\/74531\/revisions"}],"wp:featuredmedia":[{"embeddable":true,"href":"https:\/\/kibrisdakik.com\/index.php?rest_route=\/wp\/v2\/media\/74532"}],"wp:attachment":[{"href":"https:\/\/kibrisdakik.com\/index.php?rest_route=%2Fwp%2Fv2%2Fmedia&parent=74531"}],"wp:term":[{"taxonomy":"category","embeddable":true,"href":"https:\/\/kibrisdakik.com\/index.php?rest_route=%2Fwp%2Fv2%2Fcategories&post=74531"},{"taxonomy":"post_tag","embeddable":true,"href":"https:\/\/kibrisdakik.com\/index.php?rest_route=%2Fwp%2Fv2%2Ftags&post=74531"}],"curies":[{"name":"wp","href":"https:\/\/api.w.org\/{rel}","templated":true}]}}