{"id":74552,"date":"2025-01-28T16:09:05","date_gmt":"2025-01-28T13:09:05","guid":{"rendered":"https:\/\/kibrisdakik.com\/index.php\/2025\/01\/28\/akdeniz-karpaz-universitesi-yasayan-degerlerimiz-baslikli-seminer-duzenleyecek\/"},"modified":"2025-01-28T16:09:05","modified_gmt":"2025-01-28T13:09:05","slug":"akdeniz-karpaz-universitesi-yasayan-degerlerimiz-baslikli-seminer-duzenleyecek","status":"publish","type":"post","link":"https:\/\/kibrisdakik.com\/?p=74552","title":{"rendered":"Akdeniz Karpaz \u00dcniversitesi \u201cYa\u015fayan De\u011ferlerimiz\u201d ba\u015fl\u0131kl\u0131 seminer d\u00fczenleyecek"},"content":{"rendered":"<div>\n<div class=\"mariselle-image-container center\">\n                                            <\/div>\n<p>Akdeniz Karpaz \u00dcniversitesi K\u0131br\u0131s Ara\u015ft\u0131rmalar\u0131 Merkezi, 31 Ocak Cuma g\u00fcn\u00fc saat 14.00\u2019te \u201cBeyarmudu Belediyesi Sosyal Tesisleri\u2019nde \u201cYa\u015fayan De\u011ferlerimiz\u201d ba\u015fl\u0131kl\u0131 seminer d\u00fczenleyecek.<\/p>\n<p>\u00dcniversiteden yap\u0131lan a\u00e7\u0131klamada, seminerin onur konu\u011funun Prof. Dr. Mehmet Alt\u0131nay olaca\u011f\u0131, konuk konu\u015fmac\u0131lar aras\u0131nda eski milletvekili ve siyaset\u00e7i H\u00fcseyin Angolemli, Akademisyen Prof. Dr. Zehra Alt\u0131nay Gazi ve eski Meclis Ba\u015fkan\u0131 ve ara\u015ft\u0131rmac\u0131-yazar \u0130smail Bozkurt\u2019un yer alaca\u011f\u0131 belirtildi.<\/p>\n<p>Moderat\u00f6rl\u00fc\u011f\u00fcn\u00fc Dr. Hasan Topal\u2019\u0131n \u00fcstlenece\u011fi etkinli\u011fin, Beyarmudu Belediyesi ile Akdeniz Karpaz \u00dcniversitesi i\u015f birli\u011fiyle d\u00fczenlenece\u011fi ve K\u0131br\u0131s T\u00fcrk toplumunun de\u011ferli isimlerini bir araya getirerek hem ge\u00e7mi\u015fe \u0131\u015f\u0131k tutmay\u0131 hem de toplumsal belle\u011fi g\u00fc\u00e7lendirmeyi hedefledi\u011fi kaydedildi.<\/p>\n<p>Seminer, halka a\u00e7\u0131k ve \u00fccretsiz olacak.<\/p>\n<\/p><\/div>\n<p><script async\n                    defer\n                    crossorigin=\"anonymous\"\n                    src=\"https:\/\/connect.facebook.net\/tr_TR\/sdk.js#xfbml=1&#038;version=v3.3\"\n            ><\/script><\/p>\n","protected":false},"excerpt":{"rendered":"<p>Akdeniz Karpaz \u00dcniversitesi K\u0131br\u0131s Ara\u015ft\u0131rmalar\u0131 Merkezi, 31 Ocak Cuma g\u00fcn\u00fc saat 14.00\u2019te \u201cBeyarmudu Belediyesi Sosyal Tesisleri\u2019nde \u201cYa\u015fayan De\u011ferlerimiz\u201d ba\u015fl\u0131kl\u0131 seminer d\u00fczenleyecek. \u00dcniversiteden yap\u0131lan a\u00e7\u0131klamada, seminerin onur konu\u011funun Prof. Dr. Mehmet Alt\u0131nay olaca\u011f\u0131, konuk konu\u015fmac\u0131lar aras\u0131nda eski milletvekili ve siyaset\u00e7i H\u00fcseyin Angolemli, Akademisyen Prof. Dr. Zehra Alt\u0131nay Gazi ve eski Meclis Ba\u015fkan\u0131 ve ara\u015ft\u0131rmac\u0131-yazar \u0130smail Bozkurt\u2019un<\/p>\n","protected":false},"author":1,"featured_media":74553,"comment_status":"open","ping_status":"open","sticky":false,"template":"","format":"standard","meta":{"footnotes":""},"categories":[81,101],"tags":[],"class_list":["post-74552","post","type-post","status-publish","format-standard","has-post-thumbnail","hentry","category-kibris","category-manset"],"yoast_head":"<!-- This site is optimized with the Yoast SEO plugin v27.5 - https:\/\/yoast.com\/product\/yoast-seo-wordpress\/ -->\n<title>Akdeniz Karpaz \u00dcniversitesi \u201cYa\u015fayan De\u011ferlerimiz\u201d ba\u015fl\u0131kl\u0131 seminer d\u00fczenleyecek -<\/title>\n<meta name=\"robots\" content=\"index, follow, max-snippet:-1, max-image-preview:large, max-video-preview:-1\" \/>\n<link rel=\"canonical\" href=\"https:\/\/kibrisdakik.com\/?p=74552\" \/>\n<meta property=\"og:locale\" content=\"tr_TR\" \/>\n<meta property=\"og:type\" content=\"article\" \/>\n<meta property=\"og:title\" content=\"Akdeniz Karpaz \u00dcniversitesi \u201cYa\u015fayan De\u011ferlerimiz\u201d ba\u015fl\u0131kl\u0131 seminer d\u00fczenleyecek -\" \/>\n<meta property=\"og:description\" content=\"Akdeniz Karpaz \u00dcniversitesi K\u0131br\u0131s Ara\u015ft\u0131rmalar\u0131 Merkezi, 31 Ocak Cuma g\u00fcn\u00fc saat 14.00\u2019te \u201cBeyarmudu Belediyesi Sosyal Tesisleri\u2019nde \u201cYa\u015fayan De\u011ferlerimiz\u201d ba\u015fl\u0131kl\u0131 seminer d\u00fczenleyecek. \u00dcniversiteden yap\u0131lan a\u00e7\u0131klamada, seminerin onur konu\u011funun Prof. Dr. Mehmet Alt\u0131nay olaca\u011f\u0131, konuk konu\u015fmac\u0131lar aras\u0131nda eski milletvekili ve siyaset\u00e7i H\u00fcseyin Angolemli, Akademisyen Prof. Dr. Zehra Alt\u0131nay Gazi ve eski Meclis Ba\u015fkan\u0131 ve ara\u015ft\u0131rmac\u0131-yazar \u0130smail Bozkurt\u2019un\" \/>\n<meta property=\"og:url\" content=\"https:\/\/kibrisdakik.com\/?p=74552\" \/>\n<meta property=\"article:published_time\" content=\"2025-01-28T13:09:05+00:00\" \/>\n<meta property=\"og:image\" content=\"https:\/\/kibrisdakik.com\/wp-content\/uploads\/2025\/01\/56565656-740x420.jpeg\" \/>\n\t<meta property=\"og:image:width\" content=\"1600\" \/>\n\t<meta property=\"og:image:height\" content=\"1600\" \/>\n\t<meta property=\"og:image:type\" content=\"image\/jpeg\" \/>\n<meta name=\"author\" content=\"admin\" \/>\n<meta name=\"twitter:card\" content=\"summary_large_image\" \/>\n<meta name=\"twitter:label1\" content=\"Yazan:\" \/>\n\t<meta name=\"twitter:data1\" content=\"admin\" \/>\n\t<meta name=\"twitter:label2\" content=\"Tahmini okuma s\u00fcresi\" \/>\n\t<meta name=\"twitter:data2\" content=\"1 dakika\" \/>\n<script type=\"application\/ld+json\" class=\"yoast-schema-graph\">{\"@context\":\"https:\\\/\\\/schema.org\",\"@graph\":[{\"@type\":\"Article\",\"@id\":\"https:\\\/\\\/kibrisdakik.com\\\/?p=74552#article\",\"isPartOf\":{\"@id\":\"https:\\\/\\\/kibrisdakik.com\\\/?p=74552\"},\"author\":{\"name\":\"admin\",\"@id\":\"https:\\\/\\\/kibrisdakik.com\\\/#\\\/schema\\\/person\\\/9cd9d437bbb44f72b73ba127e06d8e79\"},\"headline\":\"Akdeniz Karpaz \u00dcniversitesi \u201cYa\u015fayan De\u011ferlerimiz\u201d ba\u015fl\u0131kl\u0131 seminer d\u00fczenleyecek\",\"datePublished\":\"2025-01-28T13:09:05+00:00\",\"mainEntityOfPage\":{\"@id\":\"https:\\\/\\\/kibrisdakik.com\\\/?p=74552\"},\"wordCount\":155,\"commentCount\":0,\"image\":{\"@id\":\"https:\\\/\\\/kibrisdakik.com\\\/?p=74552#primaryimage\"},\"thumbnailUrl\":\"https:\\\/\\\/kibrisdakik.com\\\/wp-content\\\/uploads\\\/2025\\\/01\\\/56565656-740x420.jpeg\",\"articleSection\":[\"K\u0131br\u0131s\",\"Man\u015fet\"],\"inLanguage\":\"tr\",\"potentialAction\":[{\"@type\":\"CommentAction\",\"name\":\"Comment\",\"target\":[\"https:\\\/\\\/kibrisdakik.com\\\/?p=74552#respond\"]}]},{\"@type\":\"WebPage\",\"@id\":\"https:\\\/\\\/kibrisdakik.com\\\/?p=74552\",\"url\":\"https:\\\/\\\/kibrisdakik.com\\\/?p=74552\",\"name\":\"Akdeniz Karpaz \u00dcniversitesi \u201cYa\u015fayan De\u011ferlerimiz\u201d ba\u015fl\u0131kl\u0131 seminer d\u00fczenleyecek -\",\"isPartOf\":{\"@id\":\"https:\\\/\\\/kibrisdakik.com\\\/#website\"},\"primaryImageOfPage\":{\"@id\":\"https:\\\/\\\/kibrisdakik.com\\\/?p=74552#primaryimage\"},\"image\":{\"@id\":\"https:\\\/\\\/kibrisdakik.com\\\/?p=74552#primaryimage\"},\"thumbnailUrl\":\"https:\\\/\\\/kibrisdakik.com\\\/wp-content\\\/uploads\\\/2025\\\/01\\\/56565656-740x420.jpeg\",\"datePublished\":\"2025-01-28T13:09:05+00:00\",\"author\":{\"@id\":\"https:\\\/\\\/kibrisdakik.com\\\/#\\\/schema\\\/person\\\/9cd9d437bbb44f72b73ba127e06d8e79\"},\"breadcrumb\":{\"@id\":\"https:\\\/\\\/kibrisdakik.com\\\/?p=74552#breadcrumb\"},\"inLanguage\":\"tr\",\"potentialAction\":[{\"@type\":\"ReadAction\",\"target\":[\"https:\\\/\\\/kibrisdakik.com\\\/?p=74552\"]}]},{\"@type\":\"ImageObject\",\"inLanguage\":\"tr\",\"@id\":\"https:\\\/\\\/kibrisdakik.com\\\/?p=74552#primaryimage\",\"url\":\"https:\\\/\\\/kibrisdakik.com\\\/wp-content\\\/uploads\\\/2025\\\/01\\\/56565656-740x420.jpeg\",\"contentUrl\":\"https:\\\/\\\/kibrisdakik.com\\\/wp-content\\\/uploads\\\/2025\\\/01\\\/56565656-740x420.jpeg\",\"width\":1600,\"height\":1600},{\"@type\":\"BreadcrumbList\",\"@id\":\"https:\\\/\\\/kibrisdakik.com\\\/?p=74552#breadcrumb\",\"itemListElement\":[{\"@type\":\"ListItem\",\"position\":1,\"name\":\"Home\",\"item\":\"https:\\\/\\\/kibrisdakik.com\\\/\"},{\"@type\":\"ListItem\",\"position\":2,\"name\":\"Akdeniz Karpaz \u00dcniversitesi \u201cYa\u015fayan De\u011ferlerimiz\u201d ba\u015fl\u0131kl\u0131 seminer d\u00fczenleyecek\"}]},{\"@type\":\"WebSite\",\"@id\":\"https:\\\/\\\/kibrisdakik.com\\\/#website\",\"url\":\"https:\\\/\\\/kibrisdakik.com\\\/\",\"name\":\"\",\"description\":\"Tam vaktinde haber\",\"potentialAction\":[{\"@type\":\"SearchAction\",\"target\":{\"@type\":\"EntryPoint\",\"urlTemplate\":\"https:\\\/\\\/kibrisdakik.com\\\/?s={search_term_string}\"},\"query-input\":{\"@type\":\"PropertyValueSpecification\",\"valueRequired\":true,\"valueName\":\"search_term_string\"}}],\"inLanguage\":\"tr\"},{\"@type\":\"Person\",\"@id\":\"https:\\\/\\\/kibrisdakik.com\\\/#\\\/schema\\\/person\\\/9cd9d437bbb44f72b73ba127e06d8e79\",\"name\":\"admin\",\"image\":{\"@type\":\"ImageObject\",\"inLanguage\":\"tr\",\"@id\":\"https:\\\/\\\/secure.gravatar.com\\\/avatar\\\/ccc17943b9d660506c869530f897617f7cb1c21a4bf30023f252596d83e1f007?s=96&d=mm&r=g\",\"url\":\"https:\\\/\\\/secure.gravatar.com\\\/avatar\\\/ccc17943b9d660506c869530f897617f7cb1c21a4bf30023f252596d83e1f007?s=96&d=mm&r=g\",\"contentUrl\":\"https:\\\/\\\/secure.gravatar.com\\\/avatar\\\/ccc17943b9d660506c869530f897617f7cb1c21a4bf30023f252596d83e1f007?s=96&d=mm&r=g\",\"caption\":\"admin\"},\"sameAs\":[\"https:\\\/\\\/kibrisdakik.com\"],\"url\":\"https:\\\/\\\/kibrisdakik.com\\\/?author=1\"}]}<\/script>\n<!-- \/ Yoast SEO plugin. -->","yoast_head_json":{"title":"Akdeniz Karpaz \u00dcniversitesi \u201cYa\u015fayan De\u011ferlerimiz\u201d ba\u015fl\u0131kl\u0131 seminer d\u00fczenleyecek -","robots":{"index":"index","follow":"follow","max-snippet":"max-snippet:-1","max-image-preview":"max-image-preview:large","max-video-preview":"max-video-preview:-1"},"canonical":"https:\/\/kibrisdakik.com\/?p=74552","og_locale":"tr_TR","og_type":"article","og_title":"Akdeniz Karpaz \u00dcniversitesi \u201cYa\u015fayan De\u011ferlerimiz\u201d ba\u015fl\u0131kl\u0131 seminer d\u00fczenleyecek -","og_description":"Akdeniz Karpaz \u00dcniversitesi K\u0131br\u0131s Ara\u015ft\u0131rmalar\u0131 Merkezi, 31 Ocak Cuma g\u00fcn\u00fc saat 14.00\u2019te \u201cBeyarmudu Belediyesi Sosyal Tesisleri\u2019nde \u201cYa\u015fayan De\u011ferlerimiz\u201d ba\u015fl\u0131kl\u0131 seminer d\u00fczenleyecek. \u00dcniversiteden yap\u0131lan a\u00e7\u0131klamada, seminerin onur konu\u011funun Prof. Dr. Mehmet Alt\u0131nay olaca\u011f\u0131, konuk konu\u015fmac\u0131lar aras\u0131nda eski milletvekili ve siyaset\u00e7i H\u00fcseyin Angolemli, Akademisyen Prof. Dr. Zehra Alt\u0131nay Gazi ve eski Meclis Ba\u015fkan\u0131 ve ara\u015ft\u0131rmac\u0131-yazar \u0130smail Bozkurt\u2019un","og_url":"https:\/\/kibrisdakik.com\/?p=74552","article_published_time":"2025-01-28T13:09:05+00:00","og_image":[{"width":1600,"height":1600,"url":"https:\/\/kibrisdakik.com\/wp-content\/uploads\/2025\/01\/56565656-740x420.jpeg","type":"image\/jpeg"}],"author":"admin","twitter_card":"summary_large_image","twitter_misc":{"Yazan:":"admin","Tahmini okuma s\u00fcresi":"1 dakika"},"schema":{"@context":"https:\/\/schema.org","@graph":[{"@type":"Article","@id":"https:\/\/kibrisdakik.com\/?p=74552#article","isPartOf":{"@id":"https:\/\/kibrisdakik.com\/?p=74552"},"author":{"name":"admin","@id":"https:\/\/kibrisdakik.com\/#\/schema\/person\/9cd9d437bbb44f72b73ba127e06d8e79"},"headline":"Akdeniz Karpaz \u00dcniversitesi \u201cYa\u015fayan De\u011ferlerimiz\u201d ba\u015fl\u0131kl\u0131 seminer d\u00fczenleyecek","datePublished":"2025-01-28T13:09:05+00:00","mainEntityOfPage":{"@id":"https:\/\/kibrisdakik.com\/?p=74552"},"wordCount":155,"commentCount":0,"image":{"@id":"https:\/\/kibrisdakik.com\/?p=74552#primaryimage"},"thumbnailUrl":"https:\/\/kibrisdakik.com\/wp-content\/uploads\/2025\/01\/56565656-740x420.jpeg","articleSection":["K\u0131br\u0131s","Man\u015fet"],"inLanguage":"tr","potentialAction":[{"@type":"CommentAction","name":"Comment","target":["https:\/\/kibrisdakik.com\/?p=74552#respond"]}]},{"@type":"WebPage","@id":"https:\/\/kibrisdakik.com\/?p=74552","url":"https:\/\/kibrisdakik.com\/?p=74552","name":"Akdeniz Karpaz \u00dcniversitesi \u201cYa\u015fayan De\u011ferlerimiz\u201d ba\u015fl\u0131kl\u0131 seminer d\u00fczenleyecek -","isPartOf":{"@id":"https:\/\/kibrisdakik.com\/#website"},"primaryImageOfPage":{"@id":"https:\/\/kibrisdakik.com\/?p=74552#primaryimage"},"image":{"@id":"https:\/\/kibrisdakik.com\/?p=74552#primaryimage"},"thumbnailUrl":"https:\/\/kibrisdakik.com\/wp-content\/uploads\/2025\/01\/56565656-740x420.jpeg","datePublished":"2025-01-28T13:09:05+00:00","author":{"@id":"https:\/\/kibrisdakik.com\/#\/schema\/person\/9cd9d437bbb44f72b73ba127e06d8e79"},"breadcrumb":{"@id":"https:\/\/kibrisdakik.com\/?p=74552#breadcrumb"},"inLanguage":"tr","potentialAction":[{"@type":"ReadAction","target":["https:\/\/kibrisdakik.com\/?p=74552"]}]},{"@type":"ImageObject","inLanguage":"tr","@id":"https:\/\/kibrisdakik.com\/?p=74552#primaryimage","url":"https:\/\/kibrisdakik.com\/wp-content\/uploads\/2025\/01\/56565656-740x420.jpeg","contentUrl":"https:\/\/kibrisdakik.com\/wp-content\/uploads\/2025\/01\/56565656-740x420.jpeg","width":1600,"height":1600},{"@type":"BreadcrumbList","@id":"https:\/\/kibrisdakik.com\/?p=74552#breadcrumb","itemListElement":[{"@type":"ListItem","position":1,"name":"Home","item":"https:\/\/kibrisdakik.com\/"},{"@type":"ListItem","position":2,"name":"Akdeniz Karpaz \u00dcniversitesi \u201cYa\u015fayan De\u011ferlerimiz\u201d ba\u015fl\u0131kl\u0131 seminer d\u00fczenleyecek"}]},{"@type":"WebSite","@id":"https:\/\/kibrisdakik.com\/#website","url":"https:\/\/kibrisdakik.com\/","name":"","description":"Tam vaktinde haber","potentialAction":[{"@type":"SearchAction","target":{"@type":"EntryPoint","urlTemplate":"https:\/\/kibrisdakik.com\/?s={search_term_string}"},"query-input":{"@type":"PropertyValueSpecification","valueRequired":true,"valueName":"search_term_string"}}],"inLanguage":"tr"},{"@type":"Person","@id":"https:\/\/kibrisdakik.com\/#\/schema\/person\/9cd9d437bbb44f72b73ba127e06d8e79","name":"admin","image":{"@type":"ImageObject","inLanguage":"tr","@id":"https:\/\/secure.gravatar.com\/avatar\/ccc17943b9d660506c869530f897617f7cb1c21a4bf30023f252596d83e1f007?s=96&d=mm&r=g","url":"https:\/\/secure.gravatar.com\/avatar\/ccc17943b9d660506c869530f897617f7cb1c21a4bf30023f252596d83e1f007?s=96&d=mm&r=g","contentUrl":"https:\/\/secure.gravatar.com\/avatar\/ccc17943b9d660506c869530f897617f7cb1c21a4bf30023f252596d83e1f007?s=96&d=mm&r=g","caption":"admin"},"sameAs":["https:\/\/kibrisdakik.com"],"url":"https:\/\/kibrisdakik.com\/?author=1"}]}},"_links":{"self":[{"href":"https:\/\/kibrisdakik.com\/index.php?rest_route=\/wp\/v2\/posts\/74552","targetHints":{"allow":["GET"]}}],"collection":[{"href":"https:\/\/kibrisdakik.com\/index.php?rest_route=\/wp\/v2\/posts"}],"about":[{"href":"https:\/\/kibrisdakik.com\/index.php?rest_route=\/wp\/v2\/types\/post"}],"author":[{"embeddable":true,"href":"https:\/\/kibrisdakik.com\/index.php?rest_route=\/wp\/v2\/users\/1"}],"replies":[{"embeddable":true,"href":"https:\/\/kibrisdakik.com\/index.php?rest_route=%2Fwp%2Fv2%2Fcomments&post=74552"}],"version-history":[{"count":0,"href":"https:\/\/kibrisdakik.com\/index.php?rest_route=\/wp\/v2\/posts\/74552\/revisions"}],"wp:featuredmedia":[{"embeddable":true,"href":"https:\/\/kibrisdakik.com\/index.php?rest_route=\/wp\/v2\/media\/74553"}],"wp:attachment":[{"href":"https:\/\/kibrisdakik.com\/index.php?rest_route=%2Fwp%2Fv2%2Fmedia&parent=74552"}],"wp:term":[{"taxonomy":"category","embeddable":true,"href":"https:\/\/kibrisdakik.com\/index.php?rest_route=%2Fwp%2Fv2%2Fcategories&post=74552"},{"taxonomy":"post_tag","embeddable":true,"href":"https:\/\/kibrisdakik.com\/index.php?rest_route=%2Fwp%2Fv2%2Ftags&post=74552"}],"curies":[{"name":"wp","href":"https:\/\/api.w.org\/{rel}","templated":true}]}}