{"id":74561,"date":"2025-01-28T16:56:53","date_gmt":"2025-01-28T13:56:53","guid":{"rendered":"https:\/\/kibrisdakik.com\/index.php\/2025\/01\/28\/girne-belediyesinin-hayata-gecirdigi-bellapais-projesinde-sona-yaklasiliyor\/"},"modified":"2025-01-28T16:56:53","modified_gmt":"2025-01-28T13:56:53","slug":"girne-belediyesinin-hayata-gecirdigi-bellapais-projesinde-sona-yaklasiliyor","status":"publish","type":"post","link":"https:\/\/kibrisdakik.com\/?p=74561","title":{"rendered":"Girne Belediyesi\u2019nin hayata ge\u00e7irdi\u011fi Bellapais Projesi\u2019nde sona yakla\u015f\u0131l\u0131yor"},"content":{"rendered":"<div>\n<div class=\"mariselle-image-container center\">\n                                            <\/div>\n<p>Girne Belediye Ba\u015fkan\u0131 Murat \u015eenkul, aral\u0131k ay\u0131nda ba\u015flayan Bellapais Projesi\u2019nde sona yakla\u015f\u0131ld\u0131\u011f\u0131 belirtti.<\/p>\n<p>Belediye\u2019den verilen bilgiye g\u00f6re \u015eenkul, iki ayl\u0131k k\u0131sa bir s\u00fcrede tamamlanmas\u0131 planlanan ve \u201cGirne Beylerbeyi K\u00f6yi\u00e7i Elektrik \u015eebekesinin Yeralt\u0131na Al\u0131nmas\u0131 ve \u00c7evre Ayd\u0131nlatma\u201d, \u201cYa\u011fmur Suyu Drenaj Hatt\u0131\u201d, \u201c\u0130\u00e7me Suyu Borular\u0131n\u0131n Yenilenmesi\u201d, \u201cTelefon Hatlar\u0131n\u0131n Yenilenmesi\u201d ile \u201cZemin D\u00f6\u015femesi\u201d \u00e7al\u0131\u015fmalar\u0131n\u0131 kapsayan proje hakk\u0131nda a\u00e7\u0131klama yapt\u0131.<\/p>\n<p>Y\u0131llarca sorumluluk al\u0131n\u0131p yat\u0131r\u0131m yap\u0131lmayan ve bak\u0131ms\u0131z b\u0131rak\u0131lan bir b\u00f6lgeye hi\u00e7 \u00e7ekinmeden ve \u2018acaba m\u0131?\u2019 demeden girdiklerine vurgu yapan \u015eenkul, projenin k\u0131sa bir s\u00fcre sonra tamamlanmas\u0131n\u0131 hedeflediklerini belirtti.<\/p>\n<p><strong>\u2013 \u201cProjenin sonuna h\u0131zla yakla\u015f\u0131yoruz\u201d<\/strong><\/p>\n<p>\u201cTabelalardan, \u00e7ardaklardan, karma\u015f\u0131k \u00e7i\u00e7ekliklerden ar\u0131nan ve kod fark\u0131 uzunlamas\u0131na eklenen merdivenlerle giderilen k\u00f6y meydan\u0131; zaten muhte\u015fem olan Bellapais Manast\u0131r\u0131\u2019n\u0131 bize g\u00f6re daha da \u00f6ne \u00e7\u0131kard\u0131.\u201d ifadelerine yer veren \u015eenkul, \u015f\u00f6yle devam etti:<\/p>\n<p>\u201cKent mobilyalar\u0131n\u0131n eklenmesi ve iki b\u00fcy\u00fck a\u011fac\u0131n etraf\u0131nda olu\u015fturulan alana \u00e7i\u00e7eklerin ekilmesiyle meydan b\u00f6l\u00fcm\u00fc, bizleri kar\u015f\u0131lamaya haz\u0131r olacak. Bug\u00fcn itibar\u0131yla k\u00f6ye giri\u015f yolunun zemin d\u00f6\u015feme i\u015fleri ba\u015fl\u0131yor. Projenin sonuna h\u0131zla yakla\u015f\u0131yoruz. Her projede oldu\u011fu gibi Bellapais projemizde de eksikler, yanl\u0131\u015flar, ho\u015fumuza gitmeyen noktalar olabilir ancak zor \u015fartlar alt\u0131nda k\u0131sa s\u00fcrede t\u00fcm altyap\u0131y\u0131 hem yeniledik hem de yer alt\u0131na ald\u0131k.\u201d<\/p>\n<p>\u015eenkul, buna ek olarak tan\u0131ms\u0131z alanlar\u0131 kamu kullan\u0131m\u0131na girecek \u015fekilde d\u00f6n\u00fc\u015ft\u00fcrd\u00fcklerini, ka\u00e7ak yap\u0131lar\u0131 y\u0131kt\u0131klar\u0131n\u0131 ve bak\u0131ms\u0131z b\u00f6l\u00fcmleri de tadil ettiklerini kaydetti.<\/p>\n<p>\u201cAz konu\u015fup \u00e7ok i\u015f yapmaya\u201d devam edeceklerini belirten \u015eenkul, \u201c\u00c7\u00fcnk\u00fc biz, \u00e7al\u0131\u015fmakla me\u015fgulken bizim yerimize de konu\u015fan \u00e7ok\u2026\u201d ifadesine yer verdi.<\/p>\n<\/p><\/div>\n<p><script async\n                    defer\n                    crossorigin=\"anonymous\"\n                    src=\"https:\/\/connect.facebook.net\/tr_TR\/sdk.js#xfbml=1&#038;version=v3.3\"\n            ><\/script><\/p>\n","protected":false},"excerpt":{"rendered":"<p>Girne Belediye Ba\u015fkan\u0131 Murat \u015eenkul, aral\u0131k ay\u0131nda ba\u015flayan Bellapais Projesi\u2019nde sona yakla\u015f\u0131ld\u0131\u011f\u0131 belirtti. Belediye\u2019den verilen bilgiye g\u00f6re \u015eenkul, iki ayl\u0131k k\u0131sa bir s\u00fcrede tamamlanmas\u0131 planlanan ve \u201cGirne Beylerbeyi K\u00f6yi\u00e7i Elektrik \u015eebekesinin Yeralt\u0131na Al\u0131nmas\u0131 ve \u00c7evre Ayd\u0131nlatma\u201d, \u201cYa\u011fmur Suyu Drenaj Hatt\u0131\u201d, \u201c\u0130\u00e7me Suyu Borular\u0131n\u0131n Yenilenmesi\u201d, \u201cTelefon Hatlar\u0131n\u0131n Yenilenmesi\u201d ile \u201cZemin D\u00f6\u015femesi\u201d \u00e7al\u0131\u015fmalar\u0131n\u0131 kapsayan proje hakk\u0131nda a\u00e7\u0131klama<\/p>\n","protected":false},"author":1,"featured_media":74562,"comment_status":"open","ping_status":"open","sticky":false,"template":"","format":"standard","meta":{"footnotes":""},"categories":[81,101],"tags":[],"class_list":["post-74561","post","type-post","status-publish","format-standard","has-post-thumbnail","hentry","category-kibris","category-manset"],"yoast_head":"<!-- This site is optimized with the Yoast SEO plugin v27.5 - https:\/\/yoast.com\/product\/yoast-seo-wordpress\/ -->\n<title>Girne Belediyesi\u2019nin hayata ge\u00e7irdi\u011fi Bellapais Projesi\u2019nde sona yakla\u015f\u0131l\u0131yor -<\/title>\n<meta name=\"robots\" content=\"index, follow, max-snippet:-1, max-image-preview:large, max-video-preview:-1\" \/>\n<link rel=\"canonical\" href=\"https:\/\/kibrisdakik.com\/?p=74561\" \/>\n<meta property=\"og:locale\" content=\"tr_TR\" \/>\n<meta property=\"og:type\" content=\"article\" \/>\n<meta property=\"og:title\" content=\"Girne Belediyesi\u2019nin hayata ge\u00e7irdi\u011fi Bellapais Projesi\u2019nde sona yakla\u015f\u0131l\u0131yor -\" \/>\n<meta property=\"og:description\" content=\"Girne Belediye Ba\u015fkan\u0131 Murat \u015eenkul, aral\u0131k ay\u0131nda ba\u015flayan Bellapais Projesi\u2019nde sona yakla\u015f\u0131ld\u0131\u011f\u0131 belirtti. Belediye\u2019den verilen bilgiye g\u00f6re \u015eenkul, iki ayl\u0131k k\u0131sa bir s\u00fcrede tamamlanmas\u0131 planlanan ve \u201cGirne Beylerbeyi K\u00f6yi\u00e7i Elektrik \u015eebekesinin Yeralt\u0131na Al\u0131nmas\u0131 ve \u00c7evre Ayd\u0131nlatma\u201d, \u201cYa\u011fmur Suyu Drenaj Hatt\u0131\u201d, \u201c\u0130\u00e7me Suyu Borular\u0131n\u0131n Yenilenmesi\u201d, \u201cTelefon Hatlar\u0131n\u0131n Yenilenmesi\u201d ile \u201cZemin D\u00f6\u015femesi\u201d \u00e7al\u0131\u015fmalar\u0131n\u0131 kapsayan proje hakk\u0131nda a\u00e7\u0131klama\" \/>\n<meta property=\"og:url\" content=\"https:\/\/kibrisdakik.com\/?p=74561\" \/>\n<meta property=\"article:published_time\" content=\"2025-01-28T13:56:53+00:00\" \/>\n<meta property=\"og:image\" content=\"https:\/\/kibrisdakik.com\/wp-content\/uploads\/2025\/01\/slslslslsl-scaled-740x420.jpg\" \/>\n\t<meta property=\"og:image:width\" content=\"2560\" \/>\n\t<meta property=\"og:image:height\" content=\"1711\" \/>\n\t<meta property=\"og:image:type\" content=\"image\/jpeg\" \/>\n<meta name=\"author\" content=\"admin\" \/>\n<meta name=\"twitter:card\" content=\"summary_large_image\" \/>\n<meta name=\"twitter:label1\" content=\"Yazan:\" \/>\n\t<meta name=\"twitter:data1\" content=\"admin\" \/>\n\t<meta name=\"twitter:label2\" content=\"Tahmini okuma s\u00fcresi\" \/>\n\t<meta name=\"twitter:data2\" content=\"2 dakika\" \/>\n<script type=\"application\/ld+json\" class=\"yoast-schema-graph\">{\"@context\":\"https:\\\/\\\/schema.org\",\"@graph\":[{\"@type\":\"Article\",\"@id\":\"https:\\\/\\\/kibrisdakik.com\\\/?p=74561#article\",\"isPartOf\":{\"@id\":\"https:\\\/\\\/kibrisdakik.com\\\/?p=74561\"},\"author\":{\"name\":\"admin\",\"@id\":\"https:\\\/\\\/kibrisdakik.com\\\/#\\\/schema\\\/person\\\/9cd9d437bbb44f72b73ba127e06d8e79\"},\"headline\":\"Girne Belediyesi\u2019nin hayata ge\u00e7irdi\u011fi Bellapais Projesi\u2019nde sona yakla\u015f\u0131l\u0131yor\",\"datePublished\":\"2025-01-28T13:56:53+00:00\",\"mainEntityOfPage\":{\"@id\":\"https:\\\/\\\/kibrisdakik.com\\\/?p=74561\"},\"wordCount\":339,\"commentCount\":0,\"image\":{\"@id\":\"https:\\\/\\\/kibrisdakik.com\\\/?p=74561#primaryimage\"},\"thumbnailUrl\":\"https:\\\/\\\/kibrisdakik.com\\\/wp-content\\\/uploads\\\/2025\\\/01\\\/slslslslsl-scaled-740x420.jpg\",\"articleSection\":[\"K\u0131br\u0131s\",\"Man\u015fet\"],\"inLanguage\":\"tr\",\"potentialAction\":[{\"@type\":\"CommentAction\",\"name\":\"Comment\",\"target\":[\"https:\\\/\\\/kibrisdakik.com\\\/?p=74561#respond\"]}]},{\"@type\":\"WebPage\",\"@id\":\"https:\\\/\\\/kibrisdakik.com\\\/?p=74561\",\"url\":\"https:\\\/\\\/kibrisdakik.com\\\/?p=74561\",\"name\":\"Girne Belediyesi\u2019nin hayata ge\u00e7irdi\u011fi Bellapais Projesi\u2019nde sona yakla\u015f\u0131l\u0131yor -\",\"isPartOf\":{\"@id\":\"https:\\\/\\\/kibrisdakik.com\\\/#website\"},\"primaryImageOfPage\":{\"@id\":\"https:\\\/\\\/kibrisdakik.com\\\/?p=74561#primaryimage\"},\"image\":{\"@id\":\"https:\\\/\\\/kibrisdakik.com\\\/?p=74561#primaryimage\"},\"thumbnailUrl\":\"https:\\\/\\\/kibrisdakik.com\\\/wp-content\\\/uploads\\\/2025\\\/01\\\/slslslslsl-scaled-740x420.jpg\",\"datePublished\":\"2025-01-28T13:56:53+00:00\",\"author\":{\"@id\":\"https:\\\/\\\/kibrisdakik.com\\\/#\\\/schema\\\/person\\\/9cd9d437bbb44f72b73ba127e06d8e79\"},\"breadcrumb\":{\"@id\":\"https:\\\/\\\/kibrisdakik.com\\\/?p=74561#breadcrumb\"},\"inLanguage\":\"tr\",\"potentialAction\":[{\"@type\":\"ReadAction\",\"target\":[\"https:\\\/\\\/kibrisdakik.com\\\/?p=74561\"]}]},{\"@type\":\"ImageObject\",\"inLanguage\":\"tr\",\"@id\":\"https:\\\/\\\/kibrisdakik.com\\\/?p=74561#primaryimage\",\"url\":\"https:\\\/\\\/kibrisdakik.com\\\/wp-content\\\/uploads\\\/2025\\\/01\\\/slslslslsl-scaled-740x420.jpg\",\"contentUrl\":\"https:\\\/\\\/kibrisdakik.com\\\/wp-content\\\/uploads\\\/2025\\\/01\\\/slslslslsl-scaled-740x420.jpg\",\"width\":2560,\"height\":1711},{\"@type\":\"BreadcrumbList\",\"@id\":\"https:\\\/\\\/kibrisdakik.com\\\/?p=74561#breadcrumb\",\"itemListElement\":[{\"@type\":\"ListItem\",\"position\":1,\"name\":\"Home\",\"item\":\"https:\\\/\\\/kibrisdakik.com\\\/\"},{\"@type\":\"ListItem\",\"position\":2,\"name\":\"Girne Belediyesi\u2019nin hayata ge\u00e7irdi\u011fi Bellapais Projesi\u2019nde sona yakla\u015f\u0131l\u0131yor\"}]},{\"@type\":\"WebSite\",\"@id\":\"https:\\\/\\\/kibrisdakik.com\\\/#website\",\"url\":\"https:\\\/\\\/kibrisdakik.com\\\/\",\"name\":\"\",\"description\":\"Tam vaktinde haber\",\"potentialAction\":[{\"@type\":\"SearchAction\",\"target\":{\"@type\":\"EntryPoint\",\"urlTemplate\":\"https:\\\/\\\/kibrisdakik.com\\\/?s={search_term_string}\"},\"query-input\":{\"@type\":\"PropertyValueSpecification\",\"valueRequired\":true,\"valueName\":\"search_term_string\"}}],\"inLanguage\":\"tr\"},{\"@type\":\"Person\",\"@id\":\"https:\\\/\\\/kibrisdakik.com\\\/#\\\/schema\\\/person\\\/9cd9d437bbb44f72b73ba127e06d8e79\",\"name\":\"admin\",\"image\":{\"@type\":\"ImageObject\",\"inLanguage\":\"tr\",\"@id\":\"https:\\\/\\\/secure.gravatar.com\\\/avatar\\\/ccc17943b9d660506c869530f897617f7cb1c21a4bf30023f252596d83e1f007?s=96&d=mm&r=g\",\"url\":\"https:\\\/\\\/secure.gravatar.com\\\/avatar\\\/ccc17943b9d660506c869530f897617f7cb1c21a4bf30023f252596d83e1f007?s=96&d=mm&r=g\",\"contentUrl\":\"https:\\\/\\\/secure.gravatar.com\\\/avatar\\\/ccc17943b9d660506c869530f897617f7cb1c21a4bf30023f252596d83e1f007?s=96&d=mm&r=g\",\"caption\":\"admin\"},\"sameAs\":[\"https:\\\/\\\/kibrisdakik.com\"],\"url\":\"https:\\\/\\\/kibrisdakik.com\\\/?author=1\"}]}<\/script>\n<!-- \/ Yoast SEO plugin. -->","yoast_head_json":{"title":"Girne Belediyesi\u2019nin hayata ge\u00e7irdi\u011fi Bellapais Projesi\u2019nde sona yakla\u015f\u0131l\u0131yor -","robots":{"index":"index","follow":"follow","max-snippet":"max-snippet:-1","max-image-preview":"max-image-preview:large","max-video-preview":"max-video-preview:-1"},"canonical":"https:\/\/kibrisdakik.com\/?p=74561","og_locale":"tr_TR","og_type":"article","og_title":"Girne Belediyesi\u2019nin hayata ge\u00e7irdi\u011fi Bellapais Projesi\u2019nde sona yakla\u015f\u0131l\u0131yor -","og_description":"Girne Belediye Ba\u015fkan\u0131 Murat \u015eenkul, aral\u0131k ay\u0131nda ba\u015flayan Bellapais Projesi\u2019nde sona yakla\u015f\u0131ld\u0131\u011f\u0131 belirtti. Belediye\u2019den verilen bilgiye g\u00f6re \u015eenkul, iki ayl\u0131k k\u0131sa bir s\u00fcrede tamamlanmas\u0131 planlanan ve \u201cGirne Beylerbeyi K\u00f6yi\u00e7i Elektrik \u015eebekesinin Yeralt\u0131na Al\u0131nmas\u0131 ve \u00c7evre Ayd\u0131nlatma\u201d, \u201cYa\u011fmur Suyu Drenaj Hatt\u0131\u201d, \u201c\u0130\u00e7me Suyu Borular\u0131n\u0131n Yenilenmesi\u201d, \u201cTelefon Hatlar\u0131n\u0131n Yenilenmesi\u201d ile \u201cZemin D\u00f6\u015femesi\u201d \u00e7al\u0131\u015fmalar\u0131n\u0131 kapsayan proje hakk\u0131nda a\u00e7\u0131klama","og_url":"https:\/\/kibrisdakik.com\/?p=74561","article_published_time":"2025-01-28T13:56:53+00:00","og_image":[{"width":2560,"height":1711,"url":"https:\/\/kibrisdakik.com\/wp-content\/uploads\/2025\/01\/slslslslsl-scaled-740x420.jpg","type":"image\/jpeg"}],"author":"admin","twitter_card":"summary_large_image","twitter_misc":{"Yazan:":"admin","Tahmini okuma s\u00fcresi":"2 dakika"},"schema":{"@context":"https:\/\/schema.org","@graph":[{"@type":"Article","@id":"https:\/\/kibrisdakik.com\/?p=74561#article","isPartOf":{"@id":"https:\/\/kibrisdakik.com\/?p=74561"},"author":{"name":"admin","@id":"https:\/\/kibrisdakik.com\/#\/schema\/person\/9cd9d437bbb44f72b73ba127e06d8e79"},"headline":"Girne Belediyesi\u2019nin hayata ge\u00e7irdi\u011fi Bellapais Projesi\u2019nde sona yakla\u015f\u0131l\u0131yor","datePublished":"2025-01-28T13:56:53+00:00","mainEntityOfPage":{"@id":"https:\/\/kibrisdakik.com\/?p=74561"},"wordCount":339,"commentCount":0,"image":{"@id":"https:\/\/kibrisdakik.com\/?p=74561#primaryimage"},"thumbnailUrl":"https:\/\/kibrisdakik.com\/wp-content\/uploads\/2025\/01\/slslslslsl-scaled-740x420.jpg","articleSection":["K\u0131br\u0131s","Man\u015fet"],"inLanguage":"tr","potentialAction":[{"@type":"CommentAction","name":"Comment","target":["https:\/\/kibrisdakik.com\/?p=74561#respond"]}]},{"@type":"WebPage","@id":"https:\/\/kibrisdakik.com\/?p=74561","url":"https:\/\/kibrisdakik.com\/?p=74561","name":"Girne Belediyesi\u2019nin hayata ge\u00e7irdi\u011fi Bellapais Projesi\u2019nde sona yakla\u015f\u0131l\u0131yor -","isPartOf":{"@id":"https:\/\/kibrisdakik.com\/#website"},"primaryImageOfPage":{"@id":"https:\/\/kibrisdakik.com\/?p=74561#primaryimage"},"image":{"@id":"https:\/\/kibrisdakik.com\/?p=74561#primaryimage"},"thumbnailUrl":"https:\/\/kibrisdakik.com\/wp-content\/uploads\/2025\/01\/slslslslsl-scaled-740x420.jpg","datePublished":"2025-01-28T13:56:53+00:00","author":{"@id":"https:\/\/kibrisdakik.com\/#\/schema\/person\/9cd9d437bbb44f72b73ba127e06d8e79"},"breadcrumb":{"@id":"https:\/\/kibrisdakik.com\/?p=74561#breadcrumb"},"inLanguage":"tr","potentialAction":[{"@type":"ReadAction","target":["https:\/\/kibrisdakik.com\/?p=74561"]}]},{"@type":"ImageObject","inLanguage":"tr","@id":"https:\/\/kibrisdakik.com\/?p=74561#primaryimage","url":"https:\/\/kibrisdakik.com\/wp-content\/uploads\/2025\/01\/slslslslsl-scaled-740x420.jpg","contentUrl":"https:\/\/kibrisdakik.com\/wp-content\/uploads\/2025\/01\/slslslslsl-scaled-740x420.jpg","width":2560,"height":1711},{"@type":"BreadcrumbList","@id":"https:\/\/kibrisdakik.com\/?p=74561#breadcrumb","itemListElement":[{"@type":"ListItem","position":1,"name":"Home","item":"https:\/\/kibrisdakik.com\/"},{"@type":"ListItem","position":2,"name":"Girne Belediyesi\u2019nin hayata ge\u00e7irdi\u011fi Bellapais Projesi\u2019nde sona yakla\u015f\u0131l\u0131yor"}]},{"@type":"WebSite","@id":"https:\/\/kibrisdakik.com\/#website","url":"https:\/\/kibrisdakik.com\/","name":"","description":"Tam vaktinde haber","potentialAction":[{"@type":"SearchAction","target":{"@type":"EntryPoint","urlTemplate":"https:\/\/kibrisdakik.com\/?s={search_term_string}"},"query-input":{"@type":"PropertyValueSpecification","valueRequired":true,"valueName":"search_term_string"}}],"inLanguage":"tr"},{"@type":"Person","@id":"https:\/\/kibrisdakik.com\/#\/schema\/person\/9cd9d437bbb44f72b73ba127e06d8e79","name":"admin","image":{"@type":"ImageObject","inLanguage":"tr","@id":"https:\/\/secure.gravatar.com\/avatar\/ccc17943b9d660506c869530f897617f7cb1c21a4bf30023f252596d83e1f007?s=96&d=mm&r=g","url":"https:\/\/secure.gravatar.com\/avatar\/ccc17943b9d660506c869530f897617f7cb1c21a4bf30023f252596d83e1f007?s=96&d=mm&r=g","contentUrl":"https:\/\/secure.gravatar.com\/avatar\/ccc17943b9d660506c869530f897617f7cb1c21a4bf30023f252596d83e1f007?s=96&d=mm&r=g","caption":"admin"},"sameAs":["https:\/\/kibrisdakik.com"],"url":"https:\/\/kibrisdakik.com\/?author=1"}]}},"_links":{"self":[{"href":"https:\/\/kibrisdakik.com\/index.php?rest_route=\/wp\/v2\/posts\/74561","targetHints":{"allow":["GET"]}}],"collection":[{"href":"https:\/\/kibrisdakik.com\/index.php?rest_route=\/wp\/v2\/posts"}],"about":[{"href":"https:\/\/kibrisdakik.com\/index.php?rest_route=\/wp\/v2\/types\/post"}],"author":[{"embeddable":true,"href":"https:\/\/kibrisdakik.com\/index.php?rest_route=\/wp\/v2\/users\/1"}],"replies":[{"embeddable":true,"href":"https:\/\/kibrisdakik.com\/index.php?rest_route=%2Fwp%2Fv2%2Fcomments&post=74561"}],"version-history":[{"count":0,"href":"https:\/\/kibrisdakik.com\/index.php?rest_route=\/wp\/v2\/posts\/74561\/revisions"}],"wp:featuredmedia":[{"embeddable":true,"href":"https:\/\/kibrisdakik.com\/index.php?rest_route=\/wp\/v2\/media\/74562"}],"wp:attachment":[{"href":"https:\/\/kibrisdakik.com\/index.php?rest_route=%2Fwp%2Fv2%2Fmedia&parent=74561"}],"wp:term":[{"taxonomy":"category","embeddable":true,"href":"https:\/\/kibrisdakik.com\/index.php?rest_route=%2Fwp%2Fv2%2Fcategories&post=74561"},{"taxonomy":"post_tag","embeddable":true,"href":"https:\/\/kibrisdakik.com\/index.php?rest_route=%2Fwp%2Fv2%2Ftags&post=74561"}],"curies":[{"name":"wp","href":"https:\/\/api.w.org\/{rel}","templated":true}]}}