{"id":74571,"date":"2025-01-28T17:38:10","date_gmt":"2025-01-28T14:38:10","guid":{"rendered":"https:\/\/kibrisdakik.com\/index.php\/2025\/01\/28\/aliyevden-zengezur-koridoru-aciklamasi\/"},"modified":"2025-01-28T17:38:10","modified_gmt":"2025-01-28T14:38:10","slug":"aliyevden-zengezur-koridoru-aciklamasi","status":"publish","type":"post","link":"https:\/\/kibrisdakik.com\/?p=74571","title":{"rendered":"Aliyev\u2019den Zengezur Koridoru a\u00e7\u0131klamas\u0131"},"content":{"rendered":"<p><\/p>\n<div>\n<div class=\"mariselle-image-container center\">\n                <img loading=\"lazy\" decoding=\"async\" width=\"864\" height=\"486\" class=\"lazy-image\" alt=\"\" sizes=\"auto, (max-width: 864px) 100vw, 864px\" src=\"https:\/\/brtk.net\/wp-content\/uploads\/2024\/07\/21\/ilham-aliyev.jpg?ver=bc7a355dfa1366e1eb37aa7e0b4118d3\" srcset=\"https:\/\/brtk.net\/wp-content\/uploads\/2024\/07\/21\/ilham-aliyev.jpg?ver=bc7a355dfa1366e1eb37aa7e0b4118d3 864w, https:\/\/brtk.net\/wp-content\/uploads\/2024\/07\/21\/ilham-aliyev-300x169.jpg?ver=d16ade4d1ce051081ac825415e0d6ca1 300w, https:\/\/brtk.net\/wp-content\/uploads\/2024\/07\/21\/ilham-aliyev-768x432.jpg?ver=d16ade4d1ce051081ac825415e0d6ca1 768w\"\/>                            <\/div>\n<p>Azerbaycan Cumhurba\u015fkan\u0131 \u0130lham Aliyev, Zengezur b\u00f6lgesinin 1920\u2019de Sovyetler Birli\u011fi taraf\u0131ndan Azerbaycan\u2019dan al\u0131narak Ermenistan\u2019a verildi\u011fini belirterek, \u201cBiz Zengezur\u2019u unutmad\u0131k ve unutmayaca\u011f\u0131z. Fakat bug\u00fcn Ermenistan\u2019a kar\u015f\u0131 hi\u00e7bir toprak iddiam\u0131z yok. Ancak Ermenistan\u2019\u0131n y\u00fck\u00fcml\u00fcl\u00fcklerini yerine getirmesi ve Azerbaycan\u2019dan Azerbaycan\u2019a (Nah\u00e7\u0131van) engelsiz ge\u00e7i\u015f sa\u011flamas\u0131 gerekiyor.\u201d dedi.<\/p>\n<p>Aliyev, ula\u015ft\u0131rmadan sorumlu bakan ve yetkililerle ba\u015fkent Bak\u00fc\u2019de toplant\u0131 ger\u00e7ekle\u015ftirdi.<\/p>\n<p>Toplant\u0131da konu\u015fan Aliyev, Ermenistan\u2019\u0131n, Azerbaycan\u2019\u0131n bat\u0131 illerini Nah\u00e7\u0131van\u2019a ba\u011flayacak Zengezur Koridoru hususunda 4 y\u0131ldan fazlad\u0131r yap\u0131c\u0131 olmayan tutum sergiledi\u011fini ve y\u00fck\u00fcml\u00fcl\u00fcklerini yerine getirmedi\u011fini belirtti.<\/p>\n<p>Aliyev, Ermenistan\u2019\u0131n Zengezur Koridoru\u2019nun hayata ge\u00e7memesi i\u00e7in \u00e7e\u015fitli bahaneler \u00fcretti\u011fini ve manip\u00fclasyonlarla uluslararas\u0131 toplumun kafas\u0131n\u0131 kar\u0131\u015ft\u0131rmaya \u00e7al\u0131\u015ft\u0131\u011f\u0131n\u0131 vurgulad\u0131.<\/p>\n<p>Ermenistan Ba\u015fbakan\u0131 Nikol Pa\u015finyan\u2019\u0131n \u201cBar\u0131\u015f Kav\u015fa\u011f\u0131\u201d projesine de de\u011finen Aliyev, \u201cAzerbaycan olmadan \u2018Bar\u0131\u015f Kav\u015fa\u011f\u0131\u2019 projesinin 2 kuru\u015f bile de\u011feri yoktur. Bu projeyi hayata ge\u00e7irmek istiyorsan\u0131z ilk olarak Azerbaycan\u2019a ba\u015fvurmal\u0131s\u0131n\u0131z. Biz olmadan bu proje sadece ka\u011f\u0131t par\u00e7as\u0131 olarak kal\u0131r.\u201d ifadelerini kulland\u0131.<\/p>\n<p>Aliyev, Ermenistan\u2019\u0131n samimiyetsiz davrand\u0131\u011f\u0131n\u0131 g\u00f6rd\u00fcklerinde \u0130ran\u2019la anla\u015ft\u0131klar\u0131n\u0131 ve Ermenistan\u2019\u0131 baypas edecek otomobil k\u00f6pr\u00fclerinin in\u015fas\u0131na ba\u015flad\u0131klar\u0131n\u0131 an\u0131msatarak, \u201cB\u00f6ylece Ermenistan \u00e7\u0131kmazdaki bir \u00fclke olarak kalacak ve transit \u00fclke olma arzular\u0131 hayal olacakt\u0131r. Onlar\u0131n kayb\u0131 bizden daha fazla olacak. Dolay\u0131s\u0131yla bu konu g\u00fcndemde olacak ve hem uluslararas\u0131 alanda hem de Ermenistan\u2019la ikili temaslar\u0131m\u0131zda bir konuyu s\u00fcrekli vurguluyoruz. Azerbaycan\u2019dan Azerbaycan\u2019a ge\u00e7i\u015f rahat, serbest ve engelsiz olmal\u0131, hi\u00e7bir kontrole tabi tutulmamal\u0131d\u0131r.\u201d diye konu\u015ftu.<\/p>\n<p>Zengezur\u2019un tarihi Azerbaycan topraklar\u0131 oldu\u011funu ve bu b\u00f6lgenin 1920\u2019de Sovyetler Birli\u011fi taraf\u0131ndan Azerbaycan\u2019dan al\u0131narak Ermenistan\u2019a verildi\u011fini hat\u0131rlatan Aliyev, \u201cBiz Zengezur\u2019u unutmad\u0131k ve unutmayaca\u011f\u0131z. Fakat bug\u00fcn Ermenistan\u2019a kar\u015f\u0131 hi\u00e7bir toprak iddiam\u0131z yok. Ancak Ermenistan\u2019\u0131n y\u00fck\u00fcml\u00fcl\u00fcklerini yerine getirmesi ve Azerbaycan\u2019dan Azerbaycan\u2019a (Nah\u00e7\u0131van) engelsiz ge\u00e7i\u015f sa\u011flamas\u0131 gerekiyor.\u201d dedi.<\/p>\n<p><strong>\u2013 Bak\u00fc-Tiflis-Kars Demiryolu<\/strong><\/p>\n<p>Aliyev, Bak\u00fc-Tiflis-Kars Demiryolu hatt\u0131na da de\u011finerek bu projenin yap\u0131m\u0131nda b\u00fcy\u00fck zorluklarla, \u00f6zellikle ABD\u2019nin itirazlar\u0131yla kar\u015f\u0131la\u015ft\u0131klar\u0131n\u0131 anlatt\u0131.<\/p>\n<p>ABD\u2019nin G\u00fcrcistan\u2019a bu projenin yap\u0131lmamas\u0131 i\u00e7in ciddi bask\u0131lar yapt\u0131\u011f\u0131n\u0131 bildiren Aliyev, s\u00f6zlerini \u015f\u00f6yle tamamlad\u0131:<\/p>\n<p>\u201cG\u00fcrcistan\u2019la birka\u00e7 y\u0131l m\u00fczakere y\u00fcr\u00fctt\u00fck ve sonunda mutabakat sa\u011flad\u0131k. ABD\u2019li yetkililere de defalarca bize engel olmamalar\u0131n\u0131, bunun bizim i\u00e7in stratejik proje oldu\u011funu, bu projeden onlar\u0131n m\u00fcttefiklerinin de faydalanaca\u011f\u0131n\u0131 s\u00f6yledim. Hayat her zamanki gibi bizi hakl\u0131 \u00e7\u0131kard\u0131. Bug\u00fcn ABD\u2019nin Avrupal\u0131 m\u00fcttefikleri Bak\u00fc-Tiflis-Kars Demiryolu\u2019na ilgi duyuyor. Bu, son y\u0131llarda co\u011frafyam\u0131zda hayata ge\u00e7irilen en \u00f6nemli projelerden biridir ve bundan sonra da bir\u00e7ok \u00fclke bu projeden faydalanacakt\u0131r. Bize kar\u015f\u0131 \u00e7\u0131kan ABD\u2019li yetkililerin \u015fimdi nerede olduklar\u0131n\u0131 bilmiyorum. \u0130simleri de tarihte yer almad\u0131 ama biz ciddi irade sergiledik ve ba\u015fard\u0131k.\u201d<\/p>\n<\/p><\/div>\n<p><script async\n                    defer\n                    crossorigin=\"anonymous\"\n                    src=\"https:\/\/connect.facebook.net\/tr_TR\/sdk.js#xfbml=1&#038;version=v3.3\"\n            ><\/script><\/p>\n","protected":false},"excerpt":{"rendered":"<p>Azerbaycan Cumhurba\u015fkan\u0131 \u0130lham Aliyev, Zengezur b\u00f6lgesinin 1920\u2019de Sovyetler Birli\u011fi taraf\u0131ndan Azerbaycan\u2019dan al\u0131narak Ermenistan\u2019a verildi\u011fini belirterek, \u201cBiz Zengezur\u2019u unutmad\u0131k ve unutmayaca\u011f\u0131z. Fakat bug\u00fcn Ermenistan\u2019a kar\u015f\u0131 hi\u00e7bir toprak iddiam\u0131z yok. Ancak Ermenistan\u2019\u0131n y\u00fck\u00fcml\u00fcl\u00fcklerini yerine getirmesi ve Azerbaycan\u2019dan Azerbaycan\u2019a (Nah\u00e7\u0131van) engelsiz ge\u00e7i\u015f sa\u011flamas\u0131 gerekiyor.\u201d dedi. Aliyev, ula\u015ft\u0131rmadan sorumlu bakan ve yetkililerle ba\u015fkent Bak\u00fc\u2019de toplant\u0131 ger\u00e7ekle\u015ftirdi. Toplant\u0131da konu\u015fan Aliyev,<\/p>\n","protected":false},"author":1,"featured_media":58128,"comment_status":"open","ping_status":"open","sticky":false,"template":"","format":"standard","meta":{"footnotes":""},"categories":[1],"tags":[],"class_list":["post-74571","post","type-post","status-publish","format-standard","has-post-thumbnail","hentry","category-gundem"],"yoast_head":"<!-- This site is optimized with the Yoast SEO plugin v27.5 - https:\/\/yoast.com\/product\/yoast-seo-wordpress\/ -->\n<title>Aliyev\u2019den Zengezur Koridoru a\u00e7\u0131klamas\u0131 -<\/title>\n<meta name=\"robots\" content=\"index, follow, max-snippet:-1, max-image-preview:large, max-video-preview:-1\" \/>\n<link rel=\"canonical\" href=\"https:\/\/kibrisdakik.com\/?p=74571\" \/>\n<meta property=\"og:locale\" content=\"tr_TR\" \/>\n<meta property=\"og:type\" content=\"article\" \/>\n<meta property=\"og:title\" content=\"Aliyev\u2019den Zengezur Koridoru a\u00e7\u0131klamas\u0131 -\" \/>\n<meta property=\"og:description\" content=\"Azerbaycan Cumhurba\u015fkan\u0131 \u0130lham Aliyev, Zengezur b\u00f6lgesinin 1920\u2019de Sovyetler Birli\u011fi taraf\u0131ndan Azerbaycan\u2019dan al\u0131narak Ermenistan\u2019a verildi\u011fini belirterek, \u201cBiz Zengezur\u2019u unutmad\u0131k ve unutmayaca\u011f\u0131z. Fakat bug\u00fcn Ermenistan\u2019a kar\u015f\u0131 hi\u00e7bir toprak iddiam\u0131z yok. Ancak Ermenistan\u2019\u0131n y\u00fck\u00fcml\u00fcl\u00fcklerini yerine getirmesi ve Azerbaycan\u2019dan Azerbaycan\u2019a (Nah\u00e7\u0131van) engelsiz ge\u00e7i\u015f sa\u011flamas\u0131 gerekiyor.\u201d dedi. Aliyev, ula\u015ft\u0131rmadan sorumlu bakan ve yetkililerle ba\u015fkent Bak\u00fc\u2019de toplant\u0131 ger\u00e7ekle\u015ftirdi. Toplant\u0131da konu\u015fan Aliyev,\" \/>\n<meta property=\"og:url\" content=\"https:\/\/kibrisdakik.com\/?p=74571\" \/>\n<meta property=\"article:published_time\" content=\"2025-01-28T14:38:10+00:00\" \/>\n<meta property=\"og:image\" content=\"https:\/\/kibrisdakik.com\/wp-content\/uploads\/2024\/08\/ilham-aliyev-740x420.jpg\" \/>\n\t<meta property=\"og:image:width\" content=\"864\" \/>\n\t<meta property=\"og:image:height\" content=\"486\" \/>\n\t<meta property=\"og:image:type\" content=\"image\/jpeg\" \/>\n<meta name=\"author\" content=\"admin\" \/>\n<meta name=\"twitter:card\" content=\"summary_large_image\" \/>\n<meta name=\"twitter:label1\" content=\"Yazan:\" \/>\n\t<meta name=\"twitter:data1\" content=\"admin\" \/>\n\t<meta name=\"twitter:label2\" content=\"Tahmini okuma s\u00fcresi\" \/>\n\t<meta name=\"twitter:data2\" content=\"3 dakika\" \/>\n<script type=\"application\/ld+json\" class=\"yoast-schema-graph\">{\"@context\":\"https:\\\/\\\/schema.org\",\"@graph\":[{\"@type\":\"Article\",\"@id\":\"https:\\\/\\\/kibrisdakik.com\\\/?p=74571#article\",\"isPartOf\":{\"@id\":\"https:\\\/\\\/kibrisdakik.com\\\/?p=74571\"},\"author\":{\"name\":\"admin\",\"@id\":\"https:\\\/\\\/kibrisdakik.com\\\/#\\\/schema\\\/person\\\/9cd9d437bbb44f72b73ba127e06d8e79\"},\"headline\":\"Aliyev\u2019den Zengezur Koridoru a\u00e7\u0131klamas\u0131\",\"datePublished\":\"2025-01-28T14:38:10+00:00\",\"mainEntityOfPage\":{\"@id\":\"https:\\\/\\\/kibrisdakik.com\\\/?p=74571\"},\"wordCount\":557,\"commentCount\":0,\"image\":{\"@id\":\"https:\\\/\\\/kibrisdakik.com\\\/?p=74571#primaryimage\"},\"thumbnailUrl\":\"https:\\\/\\\/kibrisdakik.com\\\/wp-content\\\/uploads\\\/2024\\\/08\\\/ilham-aliyev-740x420.jpg\",\"articleSection\":[\"G\u00fcndem\"],\"inLanguage\":\"tr\",\"potentialAction\":[{\"@type\":\"CommentAction\",\"name\":\"Comment\",\"target\":[\"https:\\\/\\\/kibrisdakik.com\\\/?p=74571#respond\"]}]},{\"@type\":\"WebPage\",\"@id\":\"https:\\\/\\\/kibrisdakik.com\\\/?p=74571\",\"url\":\"https:\\\/\\\/kibrisdakik.com\\\/?p=74571\",\"name\":\"Aliyev\u2019den Zengezur Koridoru a\u00e7\u0131klamas\u0131 -\",\"isPartOf\":{\"@id\":\"https:\\\/\\\/kibrisdakik.com\\\/#website\"},\"primaryImageOfPage\":{\"@id\":\"https:\\\/\\\/kibrisdakik.com\\\/?p=74571#primaryimage\"},\"image\":{\"@id\":\"https:\\\/\\\/kibrisdakik.com\\\/?p=74571#primaryimage\"},\"thumbnailUrl\":\"https:\\\/\\\/kibrisdakik.com\\\/wp-content\\\/uploads\\\/2024\\\/08\\\/ilham-aliyev-740x420.jpg\",\"datePublished\":\"2025-01-28T14:38:10+00:00\",\"author\":{\"@id\":\"https:\\\/\\\/kibrisdakik.com\\\/#\\\/schema\\\/person\\\/9cd9d437bbb44f72b73ba127e06d8e79\"},\"breadcrumb\":{\"@id\":\"https:\\\/\\\/kibrisdakik.com\\\/?p=74571#breadcrumb\"},\"inLanguage\":\"tr\",\"potentialAction\":[{\"@type\":\"ReadAction\",\"target\":[\"https:\\\/\\\/kibrisdakik.com\\\/?p=74571\"]}]},{\"@type\":\"ImageObject\",\"inLanguage\":\"tr\",\"@id\":\"https:\\\/\\\/kibrisdakik.com\\\/?p=74571#primaryimage\",\"url\":\"https:\\\/\\\/kibrisdakik.com\\\/wp-content\\\/uploads\\\/2024\\\/08\\\/ilham-aliyev-740x420.jpg\",\"contentUrl\":\"https:\\\/\\\/kibrisdakik.com\\\/wp-content\\\/uploads\\\/2024\\\/08\\\/ilham-aliyev-740x420.jpg\",\"width\":864,\"height\":486},{\"@type\":\"BreadcrumbList\",\"@id\":\"https:\\\/\\\/kibrisdakik.com\\\/?p=74571#breadcrumb\",\"itemListElement\":[{\"@type\":\"ListItem\",\"position\":1,\"name\":\"Home\",\"item\":\"https:\\\/\\\/kibrisdakik.com\\\/\"},{\"@type\":\"ListItem\",\"position\":2,\"name\":\"Aliyev\u2019den Zengezur Koridoru a\u00e7\u0131klamas\u0131\"}]},{\"@type\":\"WebSite\",\"@id\":\"https:\\\/\\\/kibrisdakik.com\\\/#website\",\"url\":\"https:\\\/\\\/kibrisdakik.com\\\/\",\"name\":\"\",\"description\":\"Tam vaktinde haber\",\"potentialAction\":[{\"@type\":\"SearchAction\",\"target\":{\"@type\":\"EntryPoint\",\"urlTemplate\":\"https:\\\/\\\/kibrisdakik.com\\\/?s={search_term_string}\"},\"query-input\":{\"@type\":\"PropertyValueSpecification\",\"valueRequired\":true,\"valueName\":\"search_term_string\"}}],\"inLanguage\":\"tr\"},{\"@type\":\"Person\",\"@id\":\"https:\\\/\\\/kibrisdakik.com\\\/#\\\/schema\\\/person\\\/9cd9d437bbb44f72b73ba127e06d8e79\",\"name\":\"admin\",\"image\":{\"@type\":\"ImageObject\",\"inLanguage\":\"tr\",\"@id\":\"https:\\\/\\\/secure.gravatar.com\\\/avatar\\\/ccc17943b9d660506c869530f897617f7cb1c21a4bf30023f252596d83e1f007?s=96&d=mm&r=g\",\"url\":\"https:\\\/\\\/secure.gravatar.com\\\/avatar\\\/ccc17943b9d660506c869530f897617f7cb1c21a4bf30023f252596d83e1f007?s=96&d=mm&r=g\",\"contentUrl\":\"https:\\\/\\\/secure.gravatar.com\\\/avatar\\\/ccc17943b9d660506c869530f897617f7cb1c21a4bf30023f252596d83e1f007?s=96&d=mm&r=g\",\"caption\":\"admin\"},\"sameAs\":[\"https:\\\/\\\/kibrisdakik.com\"],\"url\":\"https:\\\/\\\/kibrisdakik.com\\\/?author=1\"}]}<\/script>\n<!-- \/ Yoast SEO plugin. -->","yoast_head_json":{"title":"Aliyev\u2019den Zengezur Koridoru a\u00e7\u0131klamas\u0131 -","robots":{"index":"index","follow":"follow","max-snippet":"max-snippet:-1","max-image-preview":"max-image-preview:large","max-video-preview":"max-video-preview:-1"},"canonical":"https:\/\/kibrisdakik.com\/?p=74571","og_locale":"tr_TR","og_type":"article","og_title":"Aliyev\u2019den Zengezur Koridoru a\u00e7\u0131klamas\u0131 -","og_description":"Azerbaycan Cumhurba\u015fkan\u0131 \u0130lham Aliyev, Zengezur b\u00f6lgesinin 1920\u2019de Sovyetler Birli\u011fi taraf\u0131ndan Azerbaycan\u2019dan al\u0131narak Ermenistan\u2019a verildi\u011fini belirterek, \u201cBiz Zengezur\u2019u unutmad\u0131k ve unutmayaca\u011f\u0131z. Fakat bug\u00fcn Ermenistan\u2019a kar\u015f\u0131 hi\u00e7bir toprak iddiam\u0131z yok. Ancak Ermenistan\u2019\u0131n y\u00fck\u00fcml\u00fcl\u00fcklerini yerine getirmesi ve Azerbaycan\u2019dan Azerbaycan\u2019a (Nah\u00e7\u0131van) engelsiz ge\u00e7i\u015f sa\u011flamas\u0131 gerekiyor.\u201d dedi. Aliyev, ula\u015ft\u0131rmadan sorumlu bakan ve yetkililerle ba\u015fkent Bak\u00fc\u2019de toplant\u0131 ger\u00e7ekle\u015ftirdi. Toplant\u0131da konu\u015fan Aliyev,","og_url":"https:\/\/kibrisdakik.com\/?p=74571","article_published_time":"2025-01-28T14:38:10+00:00","og_image":[{"width":864,"height":486,"url":"https:\/\/kibrisdakik.com\/wp-content\/uploads\/2024\/08\/ilham-aliyev-740x420.jpg","type":"image\/jpeg"}],"author":"admin","twitter_card":"summary_large_image","twitter_misc":{"Yazan:":"admin","Tahmini okuma s\u00fcresi":"3 dakika"},"schema":{"@context":"https:\/\/schema.org","@graph":[{"@type":"Article","@id":"https:\/\/kibrisdakik.com\/?p=74571#article","isPartOf":{"@id":"https:\/\/kibrisdakik.com\/?p=74571"},"author":{"name":"admin","@id":"https:\/\/kibrisdakik.com\/#\/schema\/person\/9cd9d437bbb44f72b73ba127e06d8e79"},"headline":"Aliyev\u2019den Zengezur Koridoru a\u00e7\u0131klamas\u0131","datePublished":"2025-01-28T14:38:10+00:00","mainEntityOfPage":{"@id":"https:\/\/kibrisdakik.com\/?p=74571"},"wordCount":557,"commentCount":0,"image":{"@id":"https:\/\/kibrisdakik.com\/?p=74571#primaryimage"},"thumbnailUrl":"https:\/\/kibrisdakik.com\/wp-content\/uploads\/2024\/08\/ilham-aliyev-740x420.jpg","articleSection":["G\u00fcndem"],"inLanguage":"tr","potentialAction":[{"@type":"CommentAction","name":"Comment","target":["https:\/\/kibrisdakik.com\/?p=74571#respond"]}]},{"@type":"WebPage","@id":"https:\/\/kibrisdakik.com\/?p=74571","url":"https:\/\/kibrisdakik.com\/?p=74571","name":"Aliyev\u2019den Zengezur Koridoru a\u00e7\u0131klamas\u0131 -","isPartOf":{"@id":"https:\/\/kibrisdakik.com\/#website"},"primaryImageOfPage":{"@id":"https:\/\/kibrisdakik.com\/?p=74571#primaryimage"},"image":{"@id":"https:\/\/kibrisdakik.com\/?p=74571#primaryimage"},"thumbnailUrl":"https:\/\/kibrisdakik.com\/wp-content\/uploads\/2024\/08\/ilham-aliyev-740x420.jpg","datePublished":"2025-01-28T14:38:10+00:00","author":{"@id":"https:\/\/kibrisdakik.com\/#\/schema\/person\/9cd9d437bbb44f72b73ba127e06d8e79"},"breadcrumb":{"@id":"https:\/\/kibrisdakik.com\/?p=74571#breadcrumb"},"inLanguage":"tr","potentialAction":[{"@type":"ReadAction","target":["https:\/\/kibrisdakik.com\/?p=74571"]}]},{"@type":"ImageObject","inLanguage":"tr","@id":"https:\/\/kibrisdakik.com\/?p=74571#primaryimage","url":"https:\/\/kibrisdakik.com\/wp-content\/uploads\/2024\/08\/ilham-aliyev-740x420.jpg","contentUrl":"https:\/\/kibrisdakik.com\/wp-content\/uploads\/2024\/08\/ilham-aliyev-740x420.jpg","width":864,"height":486},{"@type":"BreadcrumbList","@id":"https:\/\/kibrisdakik.com\/?p=74571#breadcrumb","itemListElement":[{"@type":"ListItem","position":1,"name":"Home","item":"https:\/\/kibrisdakik.com\/"},{"@type":"ListItem","position":2,"name":"Aliyev\u2019den Zengezur Koridoru a\u00e7\u0131klamas\u0131"}]},{"@type":"WebSite","@id":"https:\/\/kibrisdakik.com\/#website","url":"https:\/\/kibrisdakik.com\/","name":"","description":"Tam vaktinde haber","potentialAction":[{"@type":"SearchAction","target":{"@type":"EntryPoint","urlTemplate":"https:\/\/kibrisdakik.com\/?s={search_term_string}"},"query-input":{"@type":"PropertyValueSpecification","valueRequired":true,"valueName":"search_term_string"}}],"inLanguage":"tr"},{"@type":"Person","@id":"https:\/\/kibrisdakik.com\/#\/schema\/person\/9cd9d437bbb44f72b73ba127e06d8e79","name":"admin","image":{"@type":"ImageObject","inLanguage":"tr","@id":"https:\/\/secure.gravatar.com\/avatar\/ccc17943b9d660506c869530f897617f7cb1c21a4bf30023f252596d83e1f007?s=96&d=mm&r=g","url":"https:\/\/secure.gravatar.com\/avatar\/ccc17943b9d660506c869530f897617f7cb1c21a4bf30023f252596d83e1f007?s=96&d=mm&r=g","contentUrl":"https:\/\/secure.gravatar.com\/avatar\/ccc17943b9d660506c869530f897617f7cb1c21a4bf30023f252596d83e1f007?s=96&d=mm&r=g","caption":"admin"},"sameAs":["https:\/\/kibrisdakik.com"],"url":"https:\/\/kibrisdakik.com\/?author=1"}]}},"_links":{"self":[{"href":"https:\/\/kibrisdakik.com\/index.php?rest_route=\/wp\/v2\/posts\/74571","targetHints":{"allow":["GET"]}}],"collection":[{"href":"https:\/\/kibrisdakik.com\/index.php?rest_route=\/wp\/v2\/posts"}],"about":[{"href":"https:\/\/kibrisdakik.com\/index.php?rest_route=\/wp\/v2\/types\/post"}],"author":[{"embeddable":true,"href":"https:\/\/kibrisdakik.com\/index.php?rest_route=\/wp\/v2\/users\/1"}],"replies":[{"embeddable":true,"href":"https:\/\/kibrisdakik.com\/index.php?rest_route=%2Fwp%2Fv2%2Fcomments&post=74571"}],"version-history":[{"count":0,"href":"https:\/\/kibrisdakik.com\/index.php?rest_route=\/wp\/v2\/posts\/74571\/revisions"}],"wp:featuredmedia":[{"embeddable":true,"href":"https:\/\/kibrisdakik.com\/index.php?rest_route=\/wp\/v2\/media\/58128"}],"wp:attachment":[{"href":"https:\/\/kibrisdakik.com\/index.php?rest_route=%2Fwp%2Fv2%2Fmedia&parent=74571"}],"wp:term":[{"taxonomy":"category","embeddable":true,"href":"https:\/\/kibrisdakik.com\/index.php?rest_route=%2Fwp%2Fv2%2Fcategories&post=74571"},{"taxonomy":"post_tag","embeddable":true,"href":"https:\/\/kibrisdakik.com\/index.php?rest_route=%2Fwp%2Fv2%2Ftags&post=74571"}],"curies":[{"name":"wp","href":"https:\/\/api.w.org\/{rel}","templated":true}]}}