{"id":74591,"date":"2025-01-29T11:02:37","date_gmt":"2025-01-29T08:02:37","guid":{"rendered":"https:\/\/kibrisdakik.com\/index.php\/2025\/01\/29\/lefkede-cevre-icin-is-birligi\/"},"modified":"2025-01-29T11:02:37","modified_gmt":"2025-01-29T08:02:37","slug":"lefkede-cevre-icin-is-birligi","status":"publish","type":"post","link":"https:\/\/kibrisdakik.com\/?p=74591","title":{"rendered":"Lefke\u2019de \u00e7evre i\u00e7in i\u015f birli\u011fi\u2026"},"content":{"rendered":"<div>\n<div class=\"mariselle-image-container center\">\n                                            <\/div>\n<p>Lefke \u00c7evre ve Ekoloji Derne\u011fi ile \u00c7evre ve K\u00fclt\u00fcr De\u011ferlerini Koruma ve Tan\u0131tma Derne\u011fi, \u00e7evre konular\u0131nda ortak hareket etme karar\u0131 ald\u0131. Derneklerin ortak a\u00e7\u0131klamas\u0131na g\u00f6re i\u015f birli\u011fi kapsam\u0131nda d\u00fczenli toplant\u0131lar yap\u0131larak, \u00e7evresel kirlilik ve olas\u0131 tehlikelere kar\u015f\u0131 stratejiler geli\u015ftirilecek.<\/p>\n<p>Dernek temsilcileri, Lefke\u2019nin ciddi \u00e7evresel sorunlarla kar\u015f\u0131 kar\u015f\u0131ya oldu\u011funu belirterek, i\u015f birli\u011finin b\u00f6lgeye \u00f6nemli katk\u0131lar sa\u011flayaca\u011f\u0131na inand\u0131klar\u0131n\u0131 ifade etti. \u00c7aml\u0131k\u00f6y\u2019de kurulmas\u0131 planlanan beton fabrikas\u0131na kar\u015f\u0131 ortak bir duru\u015f sergileyen dernekler, bu t\u00fcr yat\u0131r\u0131mlar\u0131n do\u011fal g\u00fczelliklere zarar verece\u011fini ve turizmi olumsuz etkileyece\u011fini vurgulad\u0131.<\/p>\n<p>Lefke \u00c7evre ve Ekoloji Derne\u011fi Ba\u015fkan\u0131 Tamer Day\u0131o\u011flu, \u00e7evresel sorunlar\u0131n ancak ortak hareket edilerek \u00e7\u00f6z\u00fclebilece\u011fini belirterek, \u201cBeton fabrikas\u0131 gibi yat\u0131r\u0131mlar k\u0131sa vadede ekonomik fayda sa\u011flasa da uzun vadede \u00e7evreye ve ya\u015fam kalitesine zarar verir. Lefke\u2019nin s\u00fcrd\u00fcr\u00fclebilirli\u011fini korumak i\u00e7in birlikte hareket etmeliyiz\u201d dedi.<\/p>\n<p>\u00c7evre ve K\u00fclt\u00fcr De\u011ferlerini Koruma ve Tan\u0131tma Derne\u011fi Ba\u015fkan\u0131 Halil Mahmuto\u011flu ise do\u011fal ve k\u00fclt\u00fcrel de\u011ferlerin korunmas\u0131n\u0131n gelece\u011fin teminat\u0131 oldu\u011funu belirterek, \u201cBu t\u00fcr projelere kar\u015f\u0131 durmak, sadece \u00e7evresel de\u011fil, k\u00fclt\u00fcrel miras\u0131m\u0131z\u0131 koruma a\u00e7\u0131s\u0131ndan da b\u00fcy\u00fck \u00f6nem ta\u015f\u0131yor\u201d ifadelerini kulland\u0131.<\/p>\n<p>\u00c7evre bilincinin art\u0131r\u0131lmas\u0131 ve s\u00fcrd\u00fcr\u00fclebilirli\u011fin sa\u011flanmas\u0131 amac\u0131yla ba\u015flat\u0131lan bu giri\u015fime, b\u00f6lge halk\u0131n\u0131n ve \u00e7evre konusunda duyarl\u0131 bireylerin destek vermesi bekleniyor.<\/p>\n<\/p><\/div>\n<p><script async\n                    defer\n                    crossorigin=\"anonymous\"\n                    src=\"https:\/\/connect.facebook.net\/tr_TR\/sdk.js#xfbml=1&#038;version=v3.3\"\n            ><\/script><\/p>\n","protected":false},"excerpt":{"rendered":"<p>Lefke \u00c7evre ve Ekoloji Derne\u011fi ile \u00c7evre ve K\u00fclt\u00fcr De\u011ferlerini Koruma ve Tan\u0131tma Derne\u011fi, \u00e7evre konular\u0131nda ortak hareket etme karar\u0131 ald\u0131. Derneklerin ortak a\u00e7\u0131klamas\u0131na g\u00f6re i\u015f birli\u011fi kapsam\u0131nda d\u00fczenli toplant\u0131lar yap\u0131larak, \u00e7evresel kirlilik ve olas\u0131 tehlikelere kar\u015f\u0131 stratejiler geli\u015ftirilecek. Dernek temsilcileri, Lefke\u2019nin ciddi \u00e7evresel sorunlarla kar\u015f\u0131 kar\u015f\u0131ya oldu\u011funu belirterek, i\u015f birli\u011finin b\u00f6lgeye \u00f6nemli katk\u0131lar sa\u011flayaca\u011f\u0131na<\/p>\n","protected":false},"author":1,"featured_media":34411,"comment_status":"open","ping_status":"open","sticky":false,"template":"","format":"standard","meta":{"footnotes":""},"categories":[81,101],"tags":[],"class_list":["post-74591","post","type-post","status-publish","format-standard","has-post-thumbnail","hentry","category-kibris","category-manset"],"yoast_head":"<!-- This site is optimized with the Yoast SEO plugin v27.5 - https:\/\/yoast.com\/product\/yoast-seo-wordpress\/ -->\n<title>Lefke\u2019de \u00e7evre i\u00e7in i\u015f birli\u011fi\u2026 -<\/title>\n<meta name=\"robots\" content=\"index, follow, max-snippet:-1, max-image-preview:large, max-video-preview:-1\" \/>\n<link rel=\"canonical\" href=\"https:\/\/kibrisdakik.com\/?p=74591\" \/>\n<meta property=\"og:locale\" content=\"tr_TR\" \/>\n<meta property=\"og:type\" content=\"article\" \/>\n<meta property=\"og:title\" content=\"Lefke\u2019de \u00e7evre i\u00e7in i\u015f birli\u011fi\u2026 -\" \/>\n<meta property=\"og:description\" content=\"Lefke \u00c7evre ve Ekoloji Derne\u011fi ile \u00c7evre ve K\u00fclt\u00fcr De\u011ferlerini Koruma ve Tan\u0131tma Derne\u011fi, \u00e7evre konular\u0131nda ortak hareket etme karar\u0131 ald\u0131. Derneklerin ortak a\u00e7\u0131klamas\u0131na g\u00f6re i\u015f birli\u011fi kapsam\u0131nda d\u00fczenli toplant\u0131lar yap\u0131larak, \u00e7evresel kirlilik ve olas\u0131 tehlikelere kar\u015f\u0131 stratejiler geli\u015ftirilecek. Dernek temsilcileri, Lefke\u2019nin ciddi \u00e7evresel sorunlarla kar\u015f\u0131 kar\u015f\u0131ya oldu\u011funu belirterek, i\u015f birli\u011finin b\u00f6lgeye \u00f6nemli katk\u0131lar sa\u011flayaca\u011f\u0131na\" \/>\n<meta property=\"og:url\" content=\"https:\/\/kibrisdakik.com\/?p=74591\" \/>\n<meta property=\"article:published_time\" content=\"2025-01-29T08:02:37+00:00\" \/>\n<meta property=\"og:image\" content=\"https:\/\/kibrisdakik.com\/wp-content\/uploads\/2024\/03\/fidanyetistirme-848x450-1-740x420.jpg\" \/>\n\t<meta property=\"og:image:width\" content=\"848\" \/>\n\t<meta property=\"og:image:height\" content=\"450\" \/>\n\t<meta property=\"og:image:type\" content=\"image\/jpeg\" \/>\n<meta name=\"author\" content=\"admin\" \/>\n<meta name=\"twitter:card\" content=\"summary_large_image\" \/>\n<meta name=\"twitter:label1\" content=\"Yazan:\" \/>\n\t<meta name=\"twitter:data1\" content=\"admin\" \/>\n\t<meta name=\"twitter:label2\" content=\"Tahmini okuma s\u00fcresi\" \/>\n\t<meta name=\"twitter:data2\" content=\"1 dakika\" \/>\n<script type=\"application\/ld+json\" class=\"yoast-schema-graph\">{\"@context\":\"https:\\\/\\\/schema.org\",\"@graph\":[{\"@type\":\"Article\",\"@id\":\"https:\\\/\\\/kibrisdakik.com\\\/?p=74591#article\",\"isPartOf\":{\"@id\":\"https:\\\/\\\/kibrisdakik.com\\\/?p=74591\"},\"author\":{\"name\":\"admin\",\"@id\":\"https:\\\/\\\/kibrisdakik.com\\\/#\\\/schema\\\/person\\\/9cd9d437bbb44f72b73ba127e06d8e79\"},\"headline\":\"Lefke\u2019de \u00e7evre i\u00e7in i\u015f birli\u011fi\u2026\",\"datePublished\":\"2025-01-29T08:02:37+00:00\",\"mainEntityOfPage\":{\"@id\":\"https:\\\/\\\/kibrisdakik.com\\\/?p=74591\"},\"wordCount\":286,\"commentCount\":0,\"image\":{\"@id\":\"https:\\\/\\\/kibrisdakik.com\\\/?p=74591#primaryimage\"},\"thumbnailUrl\":\"https:\\\/\\\/kibrisdakik.com\\\/wp-content\\\/uploads\\\/2024\\\/03\\\/fidanyetistirme-848x450-1-740x420.jpg\",\"articleSection\":[\"K\u0131br\u0131s\",\"Man\u015fet\"],\"inLanguage\":\"tr\",\"potentialAction\":[{\"@type\":\"CommentAction\",\"name\":\"Comment\",\"target\":[\"https:\\\/\\\/kibrisdakik.com\\\/?p=74591#respond\"]}]},{\"@type\":\"WebPage\",\"@id\":\"https:\\\/\\\/kibrisdakik.com\\\/?p=74591\",\"url\":\"https:\\\/\\\/kibrisdakik.com\\\/?p=74591\",\"name\":\"Lefke\u2019de \u00e7evre i\u00e7in i\u015f birli\u011fi\u2026 -\",\"isPartOf\":{\"@id\":\"https:\\\/\\\/kibrisdakik.com\\\/#website\"},\"primaryImageOfPage\":{\"@id\":\"https:\\\/\\\/kibrisdakik.com\\\/?p=74591#primaryimage\"},\"image\":{\"@id\":\"https:\\\/\\\/kibrisdakik.com\\\/?p=74591#primaryimage\"},\"thumbnailUrl\":\"https:\\\/\\\/kibrisdakik.com\\\/wp-content\\\/uploads\\\/2024\\\/03\\\/fidanyetistirme-848x450-1-740x420.jpg\",\"datePublished\":\"2025-01-29T08:02:37+00:00\",\"author\":{\"@id\":\"https:\\\/\\\/kibrisdakik.com\\\/#\\\/schema\\\/person\\\/9cd9d437bbb44f72b73ba127e06d8e79\"},\"breadcrumb\":{\"@id\":\"https:\\\/\\\/kibrisdakik.com\\\/?p=74591#breadcrumb\"},\"inLanguage\":\"tr\",\"potentialAction\":[{\"@type\":\"ReadAction\",\"target\":[\"https:\\\/\\\/kibrisdakik.com\\\/?p=74591\"]}]},{\"@type\":\"ImageObject\",\"inLanguage\":\"tr\",\"@id\":\"https:\\\/\\\/kibrisdakik.com\\\/?p=74591#primaryimage\",\"url\":\"https:\\\/\\\/kibrisdakik.com\\\/wp-content\\\/uploads\\\/2024\\\/03\\\/fidanyetistirme-848x450-1-740x420.jpg\",\"contentUrl\":\"https:\\\/\\\/kibrisdakik.com\\\/wp-content\\\/uploads\\\/2024\\\/03\\\/fidanyetistirme-848x450-1-740x420.jpg\",\"width\":848,\"height\":450},{\"@type\":\"BreadcrumbList\",\"@id\":\"https:\\\/\\\/kibrisdakik.com\\\/?p=74591#breadcrumb\",\"itemListElement\":[{\"@type\":\"ListItem\",\"position\":1,\"name\":\"Home\",\"item\":\"https:\\\/\\\/kibrisdakik.com\\\/\"},{\"@type\":\"ListItem\",\"position\":2,\"name\":\"Lefke\u2019de \u00e7evre i\u00e7in i\u015f birli\u011fi\u2026\"}]},{\"@type\":\"WebSite\",\"@id\":\"https:\\\/\\\/kibrisdakik.com\\\/#website\",\"url\":\"https:\\\/\\\/kibrisdakik.com\\\/\",\"name\":\"\",\"description\":\"Tam vaktinde haber\",\"potentialAction\":[{\"@type\":\"SearchAction\",\"target\":{\"@type\":\"EntryPoint\",\"urlTemplate\":\"https:\\\/\\\/kibrisdakik.com\\\/?s={search_term_string}\"},\"query-input\":{\"@type\":\"PropertyValueSpecification\",\"valueRequired\":true,\"valueName\":\"search_term_string\"}}],\"inLanguage\":\"tr\"},{\"@type\":\"Person\",\"@id\":\"https:\\\/\\\/kibrisdakik.com\\\/#\\\/schema\\\/person\\\/9cd9d437bbb44f72b73ba127e06d8e79\",\"name\":\"admin\",\"image\":{\"@type\":\"ImageObject\",\"inLanguage\":\"tr\",\"@id\":\"https:\\\/\\\/secure.gravatar.com\\\/avatar\\\/ccc17943b9d660506c869530f897617f7cb1c21a4bf30023f252596d83e1f007?s=96&d=mm&r=g\",\"url\":\"https:\\\/\\\/secure.gravatar.com\\\/avatar\\\/ccc17943b9d660506c869530f897617f7cb1c21a4bf30023f252596d83e1f007?s=96&d=mm&r=g\",\"contentUrl\":\"https:\\\/\\\/secure.gravatar.com\\\/avatar\\\/ccc17943b9d660506c869530f897617f7cb1c21a4bf30023f252596d83e1f007?s=96&d=mm&r=g\",\"caption\":\"admin\"},\"sameAs\":[\"https:\\\/\\\/kibrisdakik.com\"],\"url\":\"https:\\\/\\\/kibrisdakik.com\\\/?author=1\"}]}<\/script>\n<!-- \/ Yoast SEO plugin. -->","yoast_head_json":{"title":"Lefke\u2019de \u00e7evre i\u00e7in i\u015f birli\u011fi\u2026 -","robots":{"index":"index","follow":"follow","max-snippet":"max-snippet:-1","max-image-preview":"max-image-preview:large","max-video-preview":"max-video-preview:-1"},"canonical":"https:\/\/kibrisdakik.com\/?p=74591","og_locale":"tr_TR","og_type":"article","og_title":"Lefke\u2019de \u00e7evre i\u00e7in i\u015f birli\u011fi\u2026 -","og_description":"Lefke \u00c7evre ve Ekoloji Derne\u011fi ile \u00c7evre ve K\u00fclt\u00fcr De\u011ferlerini Koruma ve Tan\u0131tma Derne\u011fi, \u00e7evre konular\u0131nda ortak hareket etme karar\u0131 ald\u0131. Derneklerin ortak a\u00e7\u0131klamas\u0131na g\u00f6re i\u015f birli\u011fi kapsam\u0131nda d\u00fczenli toplant\u0131lar yap\u0131larak, \u00e7evresel kirlilik ve olas\u0131 tehlikelere kar\u015f\u0131 stratejiler geli\u015ftirilecek. Dernek temsilcileri, Lefke\u2019nin ciddi \u00e7evresel sorunlarla kar\u015f\u0131 kar\u015f\u0131ya oldu\u011funu belirterek, i\u015f birli\u011finin b\u00f6lgeye \u00f6nemli katk\u0131lar sa\u011flayaca\u011f\u0131na","og_url":"https:\/\/kibrisdakik.com\/?p=74591","article_published_time":"2025-01-29T08:02:37+00:00","og_image":[{"width":848,"height":450,"url":"https:\/\/kibrisdakik.com\/wp-content\/uploads\/2024\/03\/fidanyetistirme-848x450-1-740x420.jpg","type":"image\/jpeg"}],"author":"admin","twitter_card":"summary_large_image","twitter_misc":{"Yazan:":"admin","Tahmini okuma s\u00fcresi":"1 dakika"},"schema":{"@context":"https:\/\/schema.org","@graph":[{"@type":"Article","@id":"https:\/\/kibrisdakik.com\/?p=74591#article","isPartOf":{"@id":"https:\/\/kibrisdakik.com\/?p=74591"},"author":{"name":"admin","@id":"https:\/\/kibrisdakik.com\/#\/schema\/person\/9cd9d437bbb44f72b73ba127e06d8e79"},"headline":"Lefke\u2019de \u00e7evre i\u00e7in i\u015f birli\u011fi\u2026","datePublished":"2025-01-29T08:02:37+00:00","mainEntityOfPage":{"@id":"https:\/\/kibrisdakik.com\/?p=74591"},"wordCount":286,"commentCount":0,"image":{"@id":"https:\/\/kibrisdakik.com\/?p=74591#primaryimage"},"thumbnailUrl":"https:\/\/kibrisdakik.com\/wp-content\/uploads\/2024\/03\/fidanyetistirme-848x450-1-740x420.jpg","articleSection":["K\u0131br\u0131s","Man\u015fet"],"inLanguage":"tr","potentialAction":[{"@type":"CommentAction","name":"Comment","target":["https:\/\/kibrisdakik.com\/?p=74591#respond"]}]},{"@type":"WebPage","@id":"https:\/\/kibrisdakik.com\/?p=74591","url":"https:\/\/kibrisdakik.com\/?p=74591","name":"Lefke\u2019de \u00e7evre i\u00e7in i\u015f birli\u011fi\u2026 -","isPartOf":{"@id":"https:\/\/kibrisdakik.com\/#website"},"primaryImageOfPage":{"@id":"https:\/\/kibrisdakik.com\/?p=74591#primaryimage"},"image":{"@id":"https:\/\/kibrisdakik.com\/?p=74591#primaryimage"},"thumbnailUrl":"https:\/\/kibrisdakik.com\/wp-content\/uploads\/2024\/03\/fidanyetistirme-848x450-1-740x420.jpg","datePublished":"2025-01-29T08:02:37+00:00","author":{"@id":"https:\/\/kibrisdakik.com\/#\/schema\/person\/9cd9d437bbb44f72b73ba127e06d8e79"},"breadcrumb":{"@id":"https:\/\/kibrisdakik.com\/?p=74591#breadcrumb"},"inLanguage":"tr","potentialAction":[{"@type":"ReadAction","target":["https:\/\/kibrisdakik.com\/?p=74591"]}]},{"@type":"ImageObject","inLanguage":"tr","@id":"https:\/\/kibrisdakik.com\/?p=74591#primaryimage","url":"https:\/\/kibrisdakik.com\/wp-content\/uploads\/2024\/03\/fidanyetistirme-848x450-1-740x420.jpg","contentUrl":"https:\/\/kibrisdakik.com\/wp-content\/uploads\/2024\/03\/fidanyetistirme-848x450-1-740x420.jpg","width":848,"height":450},{"@type":"BreadcrumbList","@id":"https:\/\/kibrisdakik.com\/?p=74591#breadcrumb","itemListElement":[{"@type":"ListItem","position":1,"name":"Home","item":"https:\/\/kibrisdakik.com\/"},{"@type":"ListItem","position":2,"name":"Lefke\u2019de \u00e7evre i\u00e7in i\u015f birli\u011fi\u2026"}]},{"@type":"WebSite","@id":"https:\/\/kibrisdakik.com\/#website","url":"https:\/\/kibrisdakik.com\/","name":"","description":"Tam vaktinde haber","potentialAction":[{"@type":"SearchAction","target":{"@type":"EntryPoint","urlTemplate":"https:\/\/kibrisdakik.com\/?s={search_term_string}"},"query-input":{"@type":"PropertyValueSpecification","valueRequired":true,"valueName":"search_term_string"}}],"inLanguage":"tr"},{"@type":"Person","@id":"https:\/\/kibrisdakik.com\/#\/schema\/person\/9cd9d437bbb44f72b73ba127e06d8e79","name":"admin","image":{"@type":"ImageObject","inLanguage":"tr","@id":"https:\/\/secure.gravatar.com\/avatar\/ccc17943b9d660506c869530f897617f7cb1c21a4bf30023f252596d83e1f007?s=96&d=mm&r=g","url":"https:\/\/secure.gravatar.com\/avatar\/ccc17943b9d660506c869530f897617f7cb1c21a4bf30023f252596d83e1f007?s=96&d=mm&r=g","contentUrl":"https:\/\/secure.gravatar.com\/avatar\/ccc17943b9d660506c869530f897617f7cb1c21a4bf30023f252596d83e1f007?s=96&d=mm&r=g","caption":"admin"},"sameAs":["https:\/\/kibrisdakik.com"],"url":"https:\/\/kibrisdakik.com\/?author=1"}]}},"_links":{"self":[{"href":"https:\/\/kibrisdakik.com\/index.php?rest_route=\/wp\/v2\/posts\/74591","targetHints":{"allow":["GET"]}}],"collection":[{"href":"https:\/\/kibrisdakik.com\/index.php?rest_route=\/wp\/v2\/posts"}],"about":[{"href":"https:\/\/kibrisdakik.com\/index.php?rest_route=\/wp\/v2\/types\/post"}],"author":[{"embeddable":true,"href":"https:\/\/kibrisdakik.com\/index.php?rest_route=\/wp\/v2\/users\/1"}],"replies":[{"embeddable":true,"href":"https:\/\/kibrisdakik.com\/index.php?rest_route=%2Fwp%2Fv2%2Fcomments&post=74591"}],"version-history":[{"count":0,"href":"https:\/\/kibrisdakik.com\/index.php?rest_route=\/wp\/v2\/posts\/74591\/revisions"}],"wp:featuredmedia":[{"embeddable":true,"href":"https:\/\/kibrisdakik.com\/index.php?rest_route=\/wp\/v2\/media\/34411"}],"wp:attachment":[{"href":"https:\/\/kibrisdakik.com\/index.php?rest_route=%2Fwp%2Fv2%2Fmedia&parent=74591"}],"wp:term":[{"taxonomy":"category","embeddable":true,"href":"https:\/\/kibrisdakik.com\/index.php?rest_route=%2Fwp%2Fv2%2Fcategories&post=74591"},{"taxonomy":"post_tag","embeddable":true,"href":"https:\/\/kibrisdakik.com\/index.php?rest_route=%2Fwp%2Fv2%2Ftags&post=74591"}],"curies":[{"name":"wp","href":"https:\/\/api.w.org\/{rel}","templated":true}]}}