{"id":74599,"date":"2025-01-29T08:08:32","date_gmt":"2025-01-29T05:08:32","guid":{"rendered":"https:\/\/kibrisdakik.com\/index.php\/2025\/01\/29\/meksika-abdden-sinir-disi-edilecek-gocmenler-sartli-kabul-edilecek\/"},"modified":"2025-01-29T08:08:32","modified_gmt":"2025-01-29T05:08:32","slug":"meksika-abdden-sinir-disi-edilecek-gocmenler-sartli-kabul-edilecek","status":"publish","type":"post","link":"https:\/\/kibrisdakik.com\/?p=74599","title":{"rendered":"Meksika: ABD\u2019den s\u0131n\u0131r d\u0131\u015f\u0131 edilecek g\u00f6\u00e7menler \u015fartl\u0131 kabul edilecek"},"content":{"rendered":"<p><\/p>\n<div>\n<div class=\"mariselle-image-container center\">\n                <img loading=\"lazy\" decoding=\"async\" width=\"1280\" height=\"720\" class=\"lazy-image\" alt=\"\" sizes=\"auto, (max-width: 1280px) 100vw, 1280px\" src=\"https:\/\/brtk.net\/wp-content\/uploads\/2025\/01\/29\/meksika-gocmen-a-2294676.jpg?ver=228b4400b293c4d6776371cace896021\" srcset=\"https:\/\/brtk.net\/wp-content\/uploads\/2025\/01\/29\/meksika-gocmen-a-2294676.jpg?ver=228b4400b293c4d6776371cace896021 1280w, https:\/\/brtk.net\/wp-content\/uploads\/2025\/01\/29\/meksika-gocmen-a-2294676-300x169.jpg?ver=228b4400b293c4d6776371cace896021 300w, https:\/\/brtk.net\/wp-content\/uploads\/2025\/01\/29\/meksika-gocmen-a-2294676-1024x576.jpg?ver=228b4400b293c4d6776371cace896021 1024w, https:\/\/brtk.net\/wp-content\/uploads\/2025\/01\/29\/meksika-gocmen-a-2294676-768x432.jpg?ver=2aa0ec93cc50c4534ced0447f84b5c99 768w\"\/>                            <\/div>\n<p>Meksika, ABD\u2019den s\u0131n\u0131r d\u0131\u015f\u0131 edilecek d\u00fczensiz g\u00f6\u00e7menleri kabul edeceklerini ancak \u201cg\u00fcvenli \u00fc\u00e7\u00fcnc\u00fc \u00fclke\u201d olmak istemedi\u011fini belirtti.<\/p>\n<p>Meksika Devlet Ba\u015fkan\u0131 Claudia Sheinbaum, Ulusal Saray\u2019daki g\u00fcnl\u00fck bas\u0131n toplant\u0131s\u0131nda ABD\u2019den s\u0131n\u0131r d\u0131\u015f\u0131 edilmesi beklenen binlerce d\u00fczensiz g\u00f6\u00e7menin durumuna de\u011findi.<\/p>\n<p>ABD\u2019nin g\u00f6nderdi\u011fi g\u00f6\u00e7menler konusunda \u201cg\u00fcvenli \u00fc\u00e7\u00fcnc\u00fc \u00fclke\u201d olmak istemediklerini vurgulayan Sheinbaum, \u201cDi\u011fer \u00fclke vatanda\u015flar\u0131n\u0131n Meksika\u2019ya g\u00f6nderilmesi olas\u0131l\u0131\u011f\u0131na kar\u015f\u0131 s\u00fcrekli ileti\u015fim halindeyiz. Meksikal\u0131lar olarak, s\u0131n\u0131rda zor durumda kalan birini kendi haline b\u0131rakmay\u0131z ve bu zaten bizim i\u00e7in yeni bir durum de\u011fil.\u201d dedi.<\/p>\n<p>Sheinbaum, ABD\u2019den s\u0131n\u0131r d\u0131\u015f\u0131 edilen kendi vatanda\u015flar\u0131n\u0131 kabul ettiklerini ancak di\u011fer \u00fclke vatanda\u015flar\u0131n\u0131n Meksika\u2019ya g\u00f6nderilmesi hususunda g\u00fcvenli \u00fc\u00e7\u00fcnc\u00fc \u00fclke olmay\u0131 istemediklerini s\u00f6yledi.<\/p>\n<p>Diyalog kanallar\u0131n\u0131 her zaman a\u00e7\u0131k tuttuklar\u0131n\u0131 kaydeden Sheinbaum, \u201cEgemenli\u011fimizi korumak ve Meksikal\u0131lar\u0131n haklar\u0131na sayg\u0131 g\u00f6stermek i\u00e7in onurlu, sorumlu ve diyalog odakl\u0131 bir tutum sergiliyoruz.\u201d ifadesini kulland\u0131.<\/p>\n<p>Yerel bas\u0131na g\u00f6re, ABD Ba\u015fkan\u0131 Donald Trump y\u00f6netime geldi\u011finden bu yana, \u015fimdiye kadar 4 bin 94 Meksikal\u0131 d\u00fczensiz g\u00f6\u00e7men s\u0131n\u0131r d\u0131\u015f\u0131 edildi.<\/p>\n<\/p><\/div>\n<p><script async\n                    defer\n                    crossorigin=\"anonymous\"\n                    src=\"https:\/\/connect.facebook.net\/tr_TR\/sdk.js#xfbml=1&#038;version=v3.3\"\n            ><\/script><\/p>\n","protected":false},"excerpt":{"rendered":"<p>Meksika, ABD\u2019den s\u0131n\u0131r d\u0131\u015f\u0131 edilecek d\u00fczensiz g\u00f6\u00e7menleri kabul edeceklerini ancak \u201cg\u00fcvenli \u00fc\u00e7\u00fcnc\u00fc \u00fclke\u201d olmak istemedi\u011fini belirtti. Meksika Devlet Ba\u015fkan\u0131 Claudia Sheinbaum, Ulusal Saray\u2019daki g\u00fcnl\u00fck bas\u0131n toplant\u0131s\u0131nda ABD\u2019den s\u0131n\u0131r d\u0131\u015f\u0131 edilmesi beklenen binlerce d\u00fczensiz g\u00f6\u00e7menin durumuna de\u011findi. ABD\u2019nin g\u00f6nderdi\u011fi g\u00f6\u00e7menler konusunda \u201cg\u00fcvenli \u00fc\u00e7\u00fcnc\u00fc \u00fclke\u201d olmak istemediklerini vurgulayan Sheinbaum, \u201cDi\u011fer \u00fclke vatanda\u015flar\u0131n\u0131n Meksika\u2019ya g\u00f6nderilmesi olas\u0131l\u0131\u011f\u0131na kar\u015f\u0131 s\u00fcrekli<\/p>\n","protected":false},"author":1,"featured_media":74600,"comment_status":"open","ping_status":"open","sticky":false,"template":"","format":"standard","meta":{"footnotes":""},"categories":[1],"tags":[],"class_list":["post-74599","post","type-post","status-publish","format-standard","has-post-thumbnail","hentry","category-gundem"],"yoast_head":"<!-- This site is optimized with the Yoast SEO plugin v27.4 - https:\/\/yoast.com\/product\/yoast-seo-wordpress\/ -->\n<title>Meksika: ABD\u2019den s\u0131n\u0131r d\u0131\u015f\u0131 edilecek g\u00f6\u00e7menler \u015fartl\u0131 kabul edilecek -<\/title>\n<meta name=\"robots\" content=\"index, follow, max-snippet:-1, max-image-preview:large, max-video-preview:-1\" \/>\n<link rel=\"canonical\" href=\"https:\/\/kibrisdakik.com\/?p=74599\" \/>\n<meta property=\"og:locale\" content=\"tr_TR\" \/>\n<meta property=\"og:type\" content=\"article\" \/>\n<meta property=\"og:title\" content=\"Meksika: ABD\u2019den s\u0131n\u0131r d\u0131\u015f\u0131 edilecek g\u00f6\u00e7menler \u015fartl\u0131 kabul edilecek -\" \/>\n<meta property=\"og:description\" content=\"Meksika, ABD\u2019den s\u0131n\u0131r d\u0131\u015f\u0131 edilecek d\u00fczensiz g\u00f6\u00e7menleri kabul edeceklerini ancak \u201cg\u00fcvenli \u00fc\u00e7\u00fcnc\u00fc \u00fclke\u201d olmak istemedi\u011fini belirtti. Meksika Devlet Ba\u015fkan\u0131 Claudia Sheinbaum, Ulusal Saray\u2019daki g\u00fcnl\u00fck bas\u0131n toplant\u0131s\u0131nda ABD\u2019den s\u0131n\u0131r d\u0131\u015f\u0131 edilmesi beklenen binlerce d\u00fczensiz g\u00f6\u00e7menin durumuna de\u011findi. ABD\u2019nin g\u00f6nderdi\u011fi g\u00f6\u00e7menler konusunda \u201cg\u00fcvenli \u00fc\u00e7\u00fcnc\u00fc \u00fclke\u201d olmak istemediklerini vurgulayan Sheinbaum, \u201cDi\u011fer \u00fclke vatanda\u015flar\u0131n\u0131n Meksika\u2019ya g\u00f6nderilmesi olas\u0131l\u0131\u011f\u0131na kar\u015f\u0131 s\u00fcrekli\" \/>\n<meta property=\"og:url\" content=\"https:\/\/kibrisdakik.com\/?p=74599\" \/>\n<meta property=\"article:published_time\" content=\"2025-01-29T05:08:32+00:00\" \/>\n<meta property=\"og:image\" content=\"https:\/\/kibrisdakik.com\/wp-content\/uploads\/2025\/01\/meksika-gocmen-a-2294676-740x420.jpg\" \/>\n\t<meta property=\"og:image:width\" content=\"1280\" \/>\n\t<meta property=\"og:image:height\" content=\"720\" \/>\n\t<meta property=\"og:image:type\" content=\"image\/jpeg\" \/>\n<meta name=\"author\" content=\"admin\" \/>\n<meta name=\"twitter:card\" content=\"summary_large_image\" \/>\n<meta name=\"twitter:label1\" content=\"Yazan:\" \/>\n\t<meta name=\"twitter:data1\" content=\"admin\" \/>\n\t<meta name=\"twitter:label2\" content=\"Tahmini okuma s\u00fcresi\" \/>\n\t<meta name=\"twitter:data2\" content=\"1 dakika\" \/>\n<script type=\"application\/ld+json\" class=\"yoast-schema-graph\">{\"@context\":\"https:\\\/\\\/schema.org\",\"@graph\":[{\"@type\":\"Article\",\"@id\":\"https:\\\/\\\/kibrisdakik.com\\\/?p=74599#article\",\"isPartOf\":{\"@id\":\"https:\\\/\\\/kibrisdakik.com\\\/?p=74599\"},\"author\":{\"name\":\"admin\",\"@id\":\"https:\\\/\\\/kibrisdakik.com\\\/#\\\/schema\\\/person\\\/9cd9d437bbb44f72b73ba127e06d8e79\"},\"headline\":\"Meksika: ABD\u2019den s\u0131n\u0131r d\u0131\u015f\u0131 edilecek g\u00f6\u00e7menler \u015fartl\u0131 kabul edilecek\",\"datePublished\":\"2025-01-29T05:08:32+00:00\",\"mainEntityOfPage\":{\"@id\":\"https:\\\/\\\/kibrisdakik.com\\\/?p=74599\"},\"wordCount\":231,\"commentCount\":0,\"image\":{\"@id\":\"https:\\\/\\\/kibrisdakik.com\\\/?p=74599#primaryimage\"},\"thumbnailUrl\":\"https:\\\/\\\/kibrisdakik.com\\\/wp-content\\\/uploads\\\/2025\\\/01\\\/meksika-gocmen-a-2294676-740x420.jpg\",\"articleSection\":[\"G\u00fcndem\"],\"inLanguage\":\"tr\",\"potentialAction\":[{\"@type\":\"CommentAction\",\"name\":\"Comment\",\"target\":[\"https:\\\/\\\/kibrisdakik.com\\\/?p=74599#respond\"]}]},{\"@type\":\"WebPage\",\"@id\":\"https:\\\/\\\/kibrisdakik.com\\\/?p=74599\",\"url\":\"https:\\\/\\\/kibrisdakik.com\\\/?p=74599\",\"name\":\"Meksika: ABD\u2019den s\u0131n\u0131r d\u0131\u015f\u0131 edilecek g\u00f6\u00e7menler \u015fartl\u0131 kabul edilecek -\",\"isPartOf\":{\"@id\":\"https:\\\/\\\/kibrisdakik.com\\\/#website\"},\"primaryImageOfPage\":{\"@id\":\"https:\\\/\\\/kibrisdakik.com\\\/?p=74599#primaryimage\"},\"image\":{\"@id\":\"https:\\\/\\\/kibrisdakik.com\\\/?p=74599#primaryimage\"},\"thumbnailUrl\":\"https:\\\/\\\/kibrisdakik.com\\\/wp-content\\\/uploads\\\/2025\\\/01\\\/meksika-gocmen-a-2294676-740x420.jpg\",\"datePublished\":\"2025-01-29T05:08:32+00:00\",\"author\":{\"@id\":\"https:\\\/\\\/kibrisdakik.com\\\/#\\\/schema\\\/person\\\/9cd9d437bbb44f72b73ba127e06d8e79\"},\"breadcrumb\":{\"@id\":\"https:\\\/\\\/kibrisdakik.com\\\/?p=74599#breadcrumb\"},\"inLanguage\":\"tr\",\"potentialAction\":[{\"@type\":\"ReadAction\",\"target\":[\"https:\\\/\\\/kibrisdakik.com\\\/?p=74599\"]}]},{\"@type\":\"ImageObject\",\"inLanguage\":\"tr\",\"@id\":\"https:\\\/\\\/kibrisdakik.com\\\/?p=74599#primaryimage\",\"url\":\"https:\\\/\\\/kibrisdakik.com\\\/wp-content\\\/uploads\\\/2025\\\/01\\\/meksika-gocmen-a-2294676-740x420.jpg\",\"contentUrl\":\"https:\\\/\\\/kibrisdakik.com\\\/wp-content\\\/uploads\\\/2025\\\/01\\\/meksika-gocmen-a-2294676-740x420.jpg\",\"width\":1280,\"height\":720},{\"@type\":\"BreadcrumbList\",\"@id\":\"https:\\\/\\\/kibrisdakik.com\\\/?p=74599#breadcrumb\",\"itemListElement\":[{\"@type\":\"ListItem\",\"position\":1,\"name\":\"Home\",\"item\":\"https:\\\/\\\/kibrisdakik.com\\\/\"},{\"@type\":\"ListItem\",\"position\":2,\"name\":\"Meksika: ABD\u2019den s\u0131n\u0131r d\u0131\u015f\u0131 edilecek g\u00f6\u00e7menler \u015fartl\u0131 kabul edilecek\"}]},{\"@type\":\"WebSite\",\"@id\":\"https:\\\/\\\/kibrisdakik.com\\\/#website\",\"url\":\"https:\\\/\\\/kibrisdakik.com\\\/\",\"name\":\"\",\"description\":\"Tam vaktinde haber\",\"potentialAction\":[{\"@type\":\"SearchAction\",\"target\":{\"@type\":\"EntryPoint\",\"urlTemplate\":\"https:\\\/\\\/kibrisdakik.com\\\/?s={search_term_string}\"},\"query-input\":{\"@type\":\"PropertyValueSpecification\",\"valueRequired\":true,\"valueName\":\"search_term_string\"}}],\"inLanguage\":\"tr\"},{\"@type\":\"Person\",\"@id\":\"https:\\\/\\\/kibrisdakik.com\\\/#\\\/schema\\\/person\\\/9cd9d437bbb44f72b73ba127e06d8e79\",\"name\":\"admin\",\"image\":{\"@type\":\"ImageObject\",\"inLanguage\":\"tr\",\"@id\":\"https:\\\/\\\/secure.gravatar.com\\\/avatar\\\/ccc17943b9d660506c869530f897617f7cb1c21a4bf30023f252596d83e1f007?s=96&d=mm&r=g\",\"url\":\"https:\\\/\\\/secure.gravatar.com\\\/avatar\\\/ccc17943b9d660506c869530f897617f7cb1c21a4bf30023f252596d83e1f007?s=96&d=mm&r=g\",\"contentUrl\":\"https:\\\/\\\/secure.gravatar.com\\\/avatar\\\/ccc17943b9d660506c869530f897617f7cb1c21a4bf30023f252596d83e1f007?s=96&d=mm&r=g\",\"caption\":\"admin\"},\"sameAs\":[\"https:\\\/\\\/kibrisdakik.com\"],\"url\":\"https:\\\/\\\/kibrisdakik.com\\\/?author=1\"}]}<\/script>\n<!-- \/ Yoast SEO plugin. -->","yoast_head_json":{"title":"Meksika: ABD\u2019den s\u0131n\u0131r d\u0131\u015f\u0131 edilecek g\u00f6\u00e7menler \u015fartl\u0131 kabul edilecek -","robots":{"index":"index","follow":"follow","max-snippet":"max-snippet:-1","max-image-preview":"max-image-preview:large","max-video-preview":"max-video-preview:-1"},"canonical":"https:\/\/kibrisdakik.com\/?p=74599","og_locale":"tr_TR","og_type":"article","og_title":"Meksika: ABD\u2019den s\u0131n\u0131r d\u0131\u015f\u0131 edilecek g\u00f6\u00e7menler \u015fartl\u0131 kabul edilecek -","og_description":"Meksika, ABD\u2019den s\u0131n\u0131r d\u0131\u015f\u0131 edilecek d\u00fczensiz g\u00f6\u00e7menleri kabul edeceklerini ancak \u201cg\u00fcvenli \u00fc\u00e7\u00fcnc\u00fc \u00fclke\u201d olmak istemedi\u011fini belirtti. Meksika Devlet Ba\u015fkan\u0131 Claudia Sheinbaum, Ulusal Saray\u2019daki g\u00fcnl\u00fck bas\u0131n toplant\u0131s\u0131nda ABD\u2019den s\u0131n\u0131r d\u0131\u015f\u0131 edilmesi beklenen binlerce d\u00fczensiz g\u00f6\u00e7menin durumuna de\u011findi. ABD\u2019nin g\u00f6nderdi\u011fi g\u00f6\u00e7menler konusunda \u201cg\u00fcvenli \u00fc\u00e7\u00fcnc\u00fc \u00fclke\u201d olmak istemediklerini vurgulayan Sheinbaum, \u201cDi\u011fer \u00fclke vatanda\u015flar\u0131n\u0131n Meksika\u2019ya g\u00f6nderilmesi olas\u0131l\u0131\u011f\u0131na kar\u015f\u0131 s\u00fcrekli","og_url":"https:\/\/kibrisdakik.com\/?p=74599","article_published_time":"2025-01-29T05:08:32+00:00","og_image":[{"width":1280,"height":720,"url":"https:\/\/kibrisdakik.com\/wp-content\/uploads\/2025\/01\/meksika-gocmen-a-2294676-740x420.jpg","type":"image\/jpeg"}],"author":"admin","twitter_card":"summary_large_image","twitter_misc":{"Yazan:":"admin","Tahmini okuma s\u00fcresi":"1 dakika"},"schema":{"@context":"https:\/\/schema.org","@graph":[{"@type":"Article","@id":"https:\/\/kibrisdakik.com\/?p=74599#article","isPartOf":{"@id":"https:\/\/kibrisdakik.com\/?p=74599"},"author":{"name":"admin","@id":"https:\/\/kibrisdakik.com\/#\/schema\/person\/9cd9d437bbb44f72b73ba127e06d8e79"},"headline":"Meksika: ABD\u2019den s\u0131n\u0131r d\u0131\u015f\u0131 edilecek g\u00f6\u00e7menler \u015fartl\u0131 kabul edilecek","datePublished":"2025-01-29T05:08:32+00:00","mainEntityOfPage":{"@id":"https:\/\/kibrisdakik.com\/?p=74599"},"wordCount":231,"commentCount":0,"image":{"@id":"https:\/\/kibrisdakik.com\/?p=74599#primaryimage"},"thumbnailUrl":"https:\/\/kibrisdakik.com\/wp-content\/uploads\/2025\/01\/meksika-gocmen-a-2294676-740x420.jpg","articleSection":["G\u00fcndem"],"inLanguage":"tr","potentialAction":[{"@type":"CommentAction","name":"Comment","target":["https:\/\/kibrisdakik.com\/?p=74599#respond"]}]},{"@type":"WebPage","@id":"https:\/\/kibrisdakik.com\/?p=74599","url":"https:\/\/kibrisdakik.com\/?p=74599","name":"Meksika: ABD\u2019den s\u0131n\u0131r d\u0131\u015f\u0131 edilecek g\u00f6\u00e7menler \u015fartl\u0131 kabul edilecek -","isPartOf":{"@id":"https:\/\/kibrisdakik.com\/#website"},"primaryImageOfPage":{"@id":"https:\/\/kibrisdakik.com\/?p=74599#primaryimage"},"image":{"@id":"https:\/\/kibrisdakik.com\/?p=74599#primaryimage"},"thumbnailUrl":"https:\/\/kibrisdakik.com\/wp-content\/uploads\/2025\/01\/meksika-gocmen-a-2294676-740x420.jpg","datePublished":"2025-01-29T05:08:32+00:00","author":{"@id":"https:\/\/kibrisdakik.com\/#\/schema\/person\/9cd9d437bbb44f72b73ba127e06d8e79"},"breadcrumb":{"@id":"https:\/\/kibrisdakik.com\/?p=74599#breadcrumb"},"inLanguage":"tr","potentialAction":[{"@type":"ReadAction","target":["https:\/\/kibrisdakik.com\/?p=74599"]}]},{"@type":"ImageObject","inLanguage":"tr","@id":"https:\/\/kibrisdakik.com\/?p=74599#primaryimage","url":"https:\/\/kibrisdakik.com\/wp-content\/uploads\/2025\/01\/meksika-gocmen-a-2294676-740x420.jpg","contentUrl":"https:\/\/kibrisdakik.com\/wp-content\/uploads\/2025\/01\/meksika-gocmen-a-2294676-740x420.jpg","width":1280,"height":720},{"@type":"BreadcrumbList","@id":"https:\/\/kibrisdakik.com\/?p=74599#breadcrumb","itemListElement":[{"@type":"ListItem","position":1,"name":"Home","item":"https:\/\/kibrisdakik.com\/"},{"@type":"ListItem","position":2,"name":"Meksika: ABD\u2019den s\u0131n\u0131r d\u0131\u015f\u0131 edilecek g\u00f6\u00e7menler \u015fartl\u0131 kabul edilecek"}]},{"@type":"WebSite","@id":"https:\/\/kibrisdakik.com\/#website","url":"https:\/\/kibrisdakik.com\/","name":"","description":"Tam vaktinde haber","potentialAction":[{"@type":"SearchAction","target":{"@type":"EntryPoint","urlTemplate":"https:\/\/kibrisdakik.com\/?s={search_term_string}"},"query-input":{"@type":"PropertyValueSpecification","valueRequired":true,"valueName":"search_term_string"}}],"inLanguage":"tr"},{"@type":"Person","@id":"https:\/\/kibrisdakik.com\/#\/schema\/person\/9cd9d437bbb44f72b73ba127e06d8e79","name":"admin","image":{"@type":"ImageObject","inLanguage":"tr","@id":"https:\/\/secure.gravatar.com\/avatar\/ccc17943b9d660506c869530f897617f7cb1c21a4bf30023f252596d83e1f007?s=96&d=mm&r=g","url":"https:\/\/secure.gravatar.com\/avatar\/ccc17943b9d660506c869530f897617f7cb1c21a4bf30023f252596d83e1f007?s=96&d=mm&r=g","contentUrl":"https:\/\/secure.gravatar.com\/avatar\/ccc17943b9d660506c869530f897617f7cb1c21a4bf30023f252596d83e1f007?s=96&d=mm&r=g","caption":"admin"},"sameAs":["https:\/\/kibrisdakik.com"],"url":"https:\/\/kibrisdakik.com\/?author=1"}]}},"_links":{"self":[{"href":"https:\/\/kibrisdakik.com\/index.php?rest_route=\/wp\/v2\/posts\/74599","targetHints":{"allow":["GET"]}}],"collection":[{"href":"https:\/\/kibrisdakik.com\/index.php?rest_route=\/wp\/v2\/posts"}],"about":[{"href":"https:\/\/kibrisdakik.com\/index.php?rest_route=\/wp\/v2\/types\/post"}],"author":[{"embeddable":true,"href":"https:\/\/kibrisdakik.com\/index.php?rest_route=\/wp\/v2\/users\/1"}],"replies":[{"embeddable":true,"href":"https:\/\/kibrisdakik.com\/index.php?rest_route=%2Fwp%2Fv2%2Fcomments&post=74599"}],"version-history":[{"count":0,"href":"https:\/\/kibrisdakik.com\/index.php?rest_route=\/wp\/v2\/posts\/74599\/revisions"}],"wp:featuredmedia":[{"embeddable":true,"href":"https:\/\/kibrisdakik.com\/index.php?rest_route=\/wp\/v2\/media\/74600"}],"wp:attachment":[{"href":"https:\/\/kibrisdakik.com\/index.php?rest_route=%2Fwp%2Fv2%2Fmedia&parent=74599"}],"wp:term":[{"taxonomy":"category","embeddable":true,"href":"https:\/\/kibrisdakik.com\/index.php?rest_route=%2Fwp%2Fv2%2Fcategories&post=74599"},{"taxonomy":"post_tag","embeddable":true,"href":"https:\/\/kibrisdakik.com\/index.php?rest_route=%2Fwp%2Fv2%2Ftags&post=74599"}],"curies":[{"name":"wp","href":"https:\/\/api.w.org\/{rel}","templated":true}]}}