{"id":74607,"date":"2025-01-29T16:20:53","date_gmt":"2025-01-29T13:20:53","guid":{"rendered":"https:\/\/kibrisdakik.com\/?p=74607"},"modified":"2025-01-29T16:20:53","modified_gmt":"2025-01-29T13:20:53","slug":"girne-belediyesi-yariyil-tatili-etkinlikleri-duzenliyor","status":"publish","type":"post","link":"https:\/\/kibrisdakik.com\/?p=74607","title":{"rendered":"Girne Belediyesi yar\u0131y\u0131l tatili etkinlikleri d\u00fczenliyor"},"content":{"rendered":"<p> <br \/>\n<\/p>\n<div>\n<div class=\"mariselle-image-container center\">\n                <img loading=\"lazy\" decoding=\"async\" width=\"1280\" height=\"1600\" class=\"lazy-image\" alt=\"\" sizes=\"auto, (max-width: 1280px) 100vw, 1280px\" src=\"https:\/\/brtk.net\/wp-content\/uploads\/2025\/01\/29\/1738140720864GIRNE-BELEDIYESI-ETKINLIK.jpeg?ver=daf58eb6033699453bb73642207c2935\" srcset=\"https:\/\/brtk.net\/wp-content\/uploads\/2025\/01\/29\/1738140720864GIRNE-BELEDIYESI-ETKINLIK.jpeg?ver=daf58eb6033699453bb73642207c2935 1280w, https:\/\/brtk.net\/wp-content\/uploads\/2025\/01\/29\/1738140720864GIRNE-BELEDIYESI-ETKINLIK-240x300.jpeg?ver=1cdf2bc819ccde6eeb69757ef3697200 240w, https:\/\/brtk.net\/wp-content\/uploads\/2025\/01\/29\/1738140720864GIRNE-BELEDIYESI-ETKINLIK-819x1024.jpeg?ver=0363a46530e6e17d524c2a5445c5f87c 819w, https:\/\/brtk.net\/wp-content\/uploads\/2025\/01\/29\/1738140720864GIRNE-BELEDIYESI-ETKINLIK-768x960.jpeg?ver=0363a46530e6e17d524c2a5445c5f87c 768w, https:\/\/brtk.net\/wp-content\/uploads\/2025\/01\/29\/1738140720864GIRNE-BELEDIYESI-ETKINLIK-1229x1536.jpeg?ver=10cc51df41648a71ffd308e82dc7e65e 1229w\"\/>                            <\/div>\n<p>Girne Belediyesi, yar\u0131y\u0131l tatilinde 5-12 ya\u015f aral\u0131\u011f\u0131ndaki \u00e7ocuklar i\u00e7in \u00e7e\u015fitli etkinlikler planlad\u0131.<\/p>\n<p>Girne Belediyesinden verilen bilgiye g\u00f6re, etkinlikler, Girne Belediyesi Sosyal \u0130\u015fler \u015eubesi\u2019ne ba\u011fl\u0131 Hayat Boyu \u00d6\u011frenme ve Sosyal Ya\u015fam Merkezi taraf\u0131ndan 4 \u2013 14 \u015eubat aras\u0131nda d\u00fczenlenecek.<\/p>\n<p>Hayat Boyu \u00d6\u011frenme ve Sosyal Ya\u015fam Merkezi\u2019nde yer alacak etkinlikler, 20 ki\u015fiyle s\u0131n\u0131rl\u0131 olacak.<\/p>\n<p>Kay\u0131t yapt\u0131r\u0131lmas\u0131 gereken etkinlikler i\u00e7in; 0392 815 1508, 0539 112 6363 numaral\u0131 telefonlara ula\u015f\u0131labilecek. <\/p>\n<p>Etkinlikler \u015f\u00f6yle:<\/p>\n<p>\u201c4 \u015eubat Sal\u0131: Cake Pops At\u00f6lyesi; 10.00 \u2013 11.00 (5 \u2013 12 ya\u015f)<\/p>\n<p>Bilim At\u00f6lyesi: 14.00 \u2013 15.00 (6 \u2013 11 ya\u015f)<\/p>\n<p> 7 \u015eubat Cuma: \u00c7ocuklarla Felsefe At\u00f6lyesi; 10.00 \u2013 10.45 (5 \u2013 7 ya\u015f), 11.00 \u2013 11.45 (9 \u2013 10 ya\u015f)<\/p>\n<p>Seramik At\u00f6lyesi; 14.00 \u2013 15.00 (5 \u2013 11 ya\u015f)<\/p>\n<p> 11 \u015eubat Sal\u0131: Meritta Deniz Kaplumba\u011falar\u0131 Rehabilitasyon Merkezi Ziyareti; 09.00 \u2013 11.00 (7 \u2013 12 ya\u015f). Otob\u00fcs hareket saati: 09.00 (Bald\u00f6ken Otopark\u0131)<\/p>\n<p>Tak\u0131 At\u00f6lyesi: 13.00 \u2013 14.00 (6 \u2013 11 ya\u015f)<\/p>\n<p> 14 \u015eubat Cuma: Girne Belediyesi Gen\u00e7 Bah\u00e7e Ziyareti ve Bitki K\u00f6klendirme At\u00f6lyesi; 10.00-12.00 (7-12 ya\u015f). Otob\u00fcs hareket saati: 10.00 (Bald\u00f6ken Otopark\u0131)<\/p>\n<p>Oyun At\u00f6lyesi: 14.00-15.00 (6-11 ya\u015f)<\/p>\n<\/p><\/div>\n<p><script async\n                    defer\n                    crossorigin=\"anonymous\"\n                    src=\"https:\/\/connect.facebook.net\/tr_TR\/sdk.js#xfbml=1&#038;version=v3.3\"\n            ><\/script><br \/>\n<br \/><br \/>\n<br \/><a href=\"https:\/\/brtk.net\/girne-belediyesi-yariyil-tatili-etkinlikleri-duzenliyor\/\">kpostasi <\/a><\/p>\n","protected":false},"excerpt":{"rendered":"<p>Girne Belediyesi, yar\u0131y\u0131l tatilinde 5-12 ya\u015f aral\u0131\u011f\u0131ndaki \u00e7ocuklar i\u00e7in \u00e7e\u015fitli etkinlikler planlad\u0131. Girne Belediyesinden verilen bilgiye g\u00f6re, etkinlikler, Girne Belediyesi Sosyal \u0130\u015fler \u015eubesi\u2019ne ba\u011fl\u0131 Hayat Boyu \u00d6\u011frenme ve Sosyal Ya\u015fam Merkezi taraf\u0131ndan 4 \u2013 14 \u015eubat aras\u0131nda d\u00fczenlenecek. Hayat Boyu \u00d6\u011frenme ve Sosyal Ya\u015fam Merkezi\u2019nde yer alacak etkinlikler, 20 ki\u015fiyle s\u0131n\u0131rl\u0131 olacak. Kay\u0131t yapt\u0131r\u0131lmas\u0131 gereken<\/p>\n","protected":false},"author":1,"featured_media":74608,"comment_status":"open","ping_status":"open","sticky":false,"template":"","format":"standard","meta":{"footnotes":""},"categories":[1,81,101],"tags":[],"class_list":["post-74607","post","type-post","status-publish","format-standard","has-post-thumbnail","hentry","category-gundem","category-kibris","category-manset"],"yoast_head":"<!-- This site is optimized with the Yoast SEO plugin v27.5 - https:\/\/yoast.com\/product\/yoast-seo-wordpress\/ -->\n<title>Girne Belediyesi yar\u0131y\u0131l tatili etkinlikleri d\u00fczenliyor -<\/title>\n<meta name=\"robots\" content=\"index, follow, max-snippet:-1, max-image-preview:large, max-video-preview:-1\" \/>\n<link rel=\"canonical\" href=\"https:\/\/kibrisdakik.com\/?p=74607\" \/>\n<meta property=\"og:locale\" content=\"tr_TR\" \/>\n<meta property=\"og:type\" content=\"article\" \/>\n<meta property=\"og:title\" content=\"Girne Belediyesi yar\u0131y\u0131l tatili etkinlikleri d\u00fczenliyor -\" \/>\n<meta property=\"og:description\" content=\"Girne Belediyesi, yar\u0131y\u0131l tatilinde 5-12 ya\u015f aral\u0131\u011f\u0131ndaki \u00e7ocuklar i\u00e7in \u00e7e\u015fitli etkinlikler planlad\u0131. Girne Belediyesinden verilen bilgiye g\u00f6re, etkinlikler, Girne Belediyesi Sosyal \u0130\u015fler \u015eubesi\u2019ne ba\u011fl\u0131 Hayat Boyu \u00d6\u011frenme ve Sosyal Ya\u015fam Merkezi taraf\u0131ndan 4 \u2013 14 \u015eubat aras\u0131nda d\u00fczenlenecek. Hayat Boyu \u00d6\u011frenme ve Sosyal Ya\u015fam Merkezi\u2019nde yer alacak etkinlikler, 20 ki\u015fiyle s\u0131n\u0131rl\u0131 olacak. Kay\u0131t yapt\u0131r\u0131lmas\u0131 gereken\" \/>\n<meta property=\"og:url\" content=\"https:\/\/kibrisdakik.com\/?p=74607\" \/>\n<meta property=\"article:published_time\" content=\"2025-01-29T13:20:53+00:00\" \/>\n<meta property=\"og:image\" content=\"https:\/\/kibrisdakik.com\/wp-content\/uploads\/2025\/01\/1738140720864GIRNE-BELEDIYESI-ETKINLIK-740x420.jpeg\" \/>\n\t<meta property=\"og:image:width\" content=\"1280\" \/>\n\t<meta property=\"og:image:height\" content=\"1600\" \/>\n\t<meta property=\"og:image:type\" content=\"image\/jpeg\" \/>\n<meta name=\"author\" content=\"admin\" \/>\n<meta name=\"twitter:card\" content=\"summary_large_image\" \/>\n<meta name=\"twitter:label1\" content=\"Yazan:\" \/>\n\t<meta name=\"twitter:data1\" content=\"admin\" \/>\n\t<meta name=\"twitter:label2\" content=\"Tahmini okuma s\u00fcresi\" \/>\n\t<meta name=\"twitter:data2\" content=\"1 dakika\" \/>\n<script type=\"application\/ld+json\" class=\"yoast-schema-graph\">{\"@context\":\"https:\\\/\\\/schema.org\",\"@graph\":[{\"@type\":\"Article\",\"@id\":\"https:\\\/\\\/kibrisdakik.com\\\/?p=74607#article\",\"isPartOf\":{\"@id\":\"https:\\\/\\\/kibrisdakik.com\\\/?p=74607\"},\"author\":{\"name\":\"admin\",\"@id\":\"https:\\\/\\\/kibrisdakik.com\\\/#\\\/schema\\\/person\\\/9cd9d437bbb44f72b73ba127e06d8e79\"},\"headline\":\"Girne Belediyesi yar\u0131y\u0131l tatili etkinlikleri d\u00fczenliyor\",\"datePublished\":\"2025-01-29T13:20:53+00:00\",\"mainEntityOfPage\":{\"@id\":\"https:\\\/\\\/kibrisdakik.com\\\/?p=74607\"},\"wordCount\":166,\"commentCount\":0,\"image\":{\"@id\":\"https:\\\/\\\/kibrisdakik.com\\\/?p=74607#primaryimage\"},\"thumbnailUrl\":\"https:\\\/\\\/kibrisdakik.com\\\/wp-content\\\/uploads\\\/2025\\\/01\\\/1738140720864GIRNE-BELEDIYESI-ETKINLIK-740x420.jpeg\",\"articleSection\":[\"G\u00fcndem\",\"K\u0131br\u0131s\",\"Man\u015fet\"],\"inLanguage\":\"tr\",\"potentialAction\":[{\"@type\":\"CommentAction\",\"name\":\"Comment\",\"target\":[\"https:\\\/\\\/kibrisdakik.com\\\/?p=74607#respond\"]}]},{\"@type\":\"WebPage\",\"@id\":\"https:\\\/\\\/kibrisdakik.com\\\/?p=74607\",\"url\":\"https:\\\/\\\/kibrisdakik.com\\\/?p=74607\",\"name\":\"Girne Belediyesi yar\u0131y\u0131l tatili etkinlikleri d\u00fczenliyor -\",\"isPartOf\":{\"@id\":\"https:\\\/\\\/kibrisdakik.com\\\/#website\"},\"primaryImageOfPage\":{\"@id\":\"https:\\\/\\\/kibrisdakik.com\\\/?p=74607#primaryimage\"},\"image\":{\"@id\":\"https:\\\/\\\/kibrisdakik.com\\\/?p=74607#primaryimage\"},\"thumbnailUrl\":\"https:\\\/\\\/kibrisdakik.com\\\/wp-content\\\/uploads\\\/2025\\\/01\\\/1738140720864GIRNE-BELEDIYESI-ETKINLIK-740x420.jpeg\",\"datePublished\":\"2025-01-29T13:20:53+00:00\",\"author\":{\"@id\":\"https:\\\/\\\/kibrisdakik.com\\\/#\\\/schema\\\/person\\\/9cd9d437bbb44f72b73ba127e06d8e79\"},\"breadcrumb\":{\"@id\":\"https:\\\/\\\/kibrisdakik.com\\\/?p=74607#breadcrumb\"},\"inLanguage\":\"tr\",\"potentialAction\":[{\"@type\":\"ReadAction\",\"target\":[\"https:\\\/\\\/kibrisdakik.com\\\/?p=74607\"]}]},{\"@type\":\"ImageObject\",\"inLanguage\":\"tr\",\"@id\":\"https:\\\/\\\/kibrisdakik.com\\\/?p=74607#primaryimage\",\"url\":\"https:\\\/\\\/kibrisdakik.com\\\/wp-content\\\/uploads\\\/2025\\\/01\\\/1738140720864GIRNE-BELEDIYESI-ETKINLIK-740x420.jpeg\",\"contentUrl\":\"https:\\\/\\\/kibrisdakik.com\\\/wp-content\\\/uploads\\\/2025\\\/01\\\/1738140720864GIRNE-BELEDIYESI-ETKINLIK-740x420.jpeg\",\"width\":1280,\"height\":1600},{\"@type\":\"BreadcrumbList\",\"@id\":\"https:\\\/\\\/kibrisdakik.com\\\/?p=74607#breadcrumb\",\"itemListElement\":[{\"@type\":\"ListItem\",\"position\":1,\"name\":\"Home\",\"item\":\"https:\\\/\\\/kibrisdakik.com\\\/\"},{\"@type\":\"ListItem\",\"position\":2,\"name\":\"Girne Belediyesi yar\u0131y\u0131l tatili etkinlikleri d\u00fczenliyor\"}]},{\"@type\":\"WebSite\",\"@id\":\"https:\\\/\\\/kibrisdakik.com\\\/#website\",\"url\":\"https:\\\/\\\/kibrisdakik.com\\\/\",\"name\":\"\",\"description\":\"Tam vaktinde haber\",\"potentialAction\":[{\"@type\":\"SearchAction\",\"target\":{\"@type\":\"EntryPoint\",\"urlTemplate\":\"https:\\\/\\\/kibrisdakik.com\\\/?s={search_term_string}\"},\"query-input\":{\"@type\":\"PropertyValueSpecification\",\"valueRequired\":true,\"valueName\":\"search_term_string\"}}],\"inLanguage\":\"tr\"},{\"@type\":\"Person\",\"@id\":\"https:\\\/\\\/kibrisdakik.com\\\/#\\\/schema\\\/person\\\/9cd9d437bbb44f72b73ba127e06d8e79\",\"name\":\"admin\",\"image\":{\"@type\":\"ImageObject\",\"inLanguage\":\"tr\",\"@id\":\"https:\\\/\\\/secure.gravatar.com\\\/avatar\\\/ccc17943b9d660506c869530f897617f7cb1c21a4bf30023f252596d83e1f007?s=96&d=mm&r=g\",\"url\":\"https:\\\/\\\/secure.gravatar.com\\\/avatar\\\/ccc17943b9d660506c869530f897617f7cb1c21a4bf30023f252596d83e1f007?s=96&d=mm&r=g\",\"contentUrl\":\"https:\\\/\\\/secure.gravatar.com\\\/avatar\\\/ccc17943b9d660506c869530f897617f7cb1c21a4bf30023f252596d83e1f007?s=96&d=mm&r=g\",\"caption\":\"admin\"},\"sameAs\":[\"https:\\\/\\\/kibrisdakik.com\"],\"url\":\"https:\\\/\\\/kibrisdakik.com\\\/?author=1\"}]}<\/script>\n<!-- \/ Yoast SEO plugin. -->","yoast_head_json":{"title":"Girne Belediyesi yar\u0131y\u0131l tatili etkinlikleri d\u00fczenliyor -","robots":{"index":"index","follow":"follow","max-snippet":"max-snippet:-1","max-image-preview":"max-image-preview:large","max-video-preview":"max-video-preview:-1"},"canonical":"https:\/\/kibrisdakik.com\/?p=74607","og_locale":"tr_TR","og_type":"article","og_title":"Girne Belediyesi yar\u0131y\u0131l tatili etkinlikleri d\u00fczenliyor -","og_description":"Girne Belediyesi, yar\u0131y\u0131l tatilinde 5-12 ya\u015f aral\u0131\u011f\u0131ndaki \u00e7ocuklar i\u00e7in \u00e7e\u015fitli etkinlikler planlad\u0131. Girne Belediyesinden verilen bilgiye g\u00f6re, etkinlikler, Girne Belediyesi Sosyal \u0130\u015fler \u015eubesi\u2019ne ba\u011fl\u0131 Hayat Boyu \u00d6\u011frenme ve Sosyal Ya\u015fam Merkezi taraf\u0131ndan 4 \u2013 14 \u015eubat aras\u0131nda d\u00fczenlenecek. Hayat Boyu \u00d6\u011frenme ve Sosyal Ya\u015fam Merkezi\u2019nde yer alacak etkinlikler, 20 ki\u015fiyle s\u0131n\u0131rl\u0131 olacak. Kay\u0131t yapt\u0131r\u0131lmas\u0131 gereken","og_url":"https:\/\/kibrisdakik.com\/?p=74607","article_published_time":"2025-01-29T13:20:53+00:00","og_image":[{"width":1280,"height":1600,"url":"https:\/\/kibrisdakik.com\/wp-content\/uploads\/2025\/01\/1738140720864GIRNE-BELEDIYESI-ETKINLIK-740x420.jpeg","type":"image\/jpeg"}],"author":"admin","twitter_card":"summary_large_image","twitter_misc":{"Yazan:":"admin","Tahmini okuma s\u00fcresi":"1 dakika"},"schema":{"@context":"https:\/\/schema.org","@graph":[{"@type":"Article","@id":"https:\/\/kibrisdakik.com\/?p=74607#article","isPartOf":{"@id":"https:\/\/kibrisdakik.com\/?p=74607"},"author":{"name":"admin","@id":"https:\/\/kibrisdakik.com\/#\/schema\/person\/9cd9d437bbb44f72b73ba127e06d8e79"},"headline":"Girne Belediyesi yar\u0131y\u0131l tatili etkinlikleri d\u00fczenliyor","datePublished":"2025-01-29T13:20:53+00:00","mainEntityOfPage":{"@id":"https:\/\/kibrisdakik.com\/?p=74607"},"wordCount":166,"commentCount":0,"image":{"@id":"https:\/\/kibrisdakik.com\/?p=74607#primaryimage"},"thumbnailUrl":"https:\/\/kibrisdakik.com\/wp-content\/uploads\/2025\/01\/1738140720864GIRNE-BELEDIYESI-ETKINLIK-740x420.jpeg","articleSection":["G\u00fcndem","K\u0131br\u0131s","Man\u015fet"],"inLanguage":"tr","potentialAction":[{"@type":"CommentAction","name":"Comment","target":["https:\/\/kibrisdakik.com\/?p=74607#respond"]}]},{"@type":"WebPage","@id":"https:\/\/kibrisdakik.com\/?p=74607","url":"https:\/\/kibrisdakik.com\/?p=74607","name":"Girne Belediyesi yar\u0131y\u0131l tatili etkinlikleri d\u00fczenliyor -","isPartOf":{"@id":"https:\/\/kibrisdakik.com\/#website"},"primaryImageOfPage":{"@id":"https:\/\/kibrisdakik.com\/?p=74607#primaryimage"},"image":{"@id":"https:\/\/kibrisdakik.com\/?p=74607#primaryimage"},"thumbnailUrl":"https:\/\/kibrisdakik.com\/wp-content\/uploads\/2025\/01\/1738140720864GIRNE-BELEDIYESI-ETKINLIK-740x420.jpeg","datePublished":"2025-01-29T13:20:53+00:00","author":{"@id":"https:\/\/kibrisdakik.com\/#\/schema\/person\/9cd9d437bbb44f72b73ba127e06d8e79"},"breadcrumb":{"@id":"https:\/\/kibrisdakik.com\/?p=74607#breadcrumb"},"inLanguage":"tr","potentialAction":[{"@type":"ReadAction","target":["https:\/\/kibrisdakik.com\/?p=74607"]}]},{"@type":"ImageObject","inLanguage":"tr","@id":"https:\/\/kibrisdakik.com\/?p=74607#primaryimage","url":"https:\/\/kibrisdakik.com\/wp-content\/uploads\/2025\/01\/1738140720864GIRNE-BELEDIYESI-ETKINLIK-740x420.jpeg","contentUrl":"https:\/\/kibrisdakik.com\/wp-content\/uploads\/2025\/01\/1738140720864GIRNE-BELEDIYESI-ETKINLIK-740x420.jpeg","width":1280,"height":1600},{"@type":"BreadcrumbList","@id":"https:\/\/kibrisdakik.com\/?p=74607#breadcrumb","itemListElement":[{"@type":"ListItem","position":1,"name":"Home","item":"https:\/\/kibrisdakik.com\/"},{"@type":"ListItem","position":2,"name":"Girne Belediyesi yar\u0131y\u0131l tatili etkinlikleri d\u00fczenliyor"}]},{"@type":"WebSite","@id":"https:\/\/kibrisdakik.com\/#website","url":"https:\/\/kibrisdakik.com\/","name":"","description":"Tam vaktinde haber","potentialAction":[{"@type":"SearchAction","target":{"@type":"EntryPoint","urlTemplate":"https:\/\/kibrisdakik.com\/?s={search_term_string}"},"query-input":{"@type":"PropertyValueSpecification","valueRequired":true,"valueName":"search_term_string"}}],"inLanguage":"tr"},{"@type":"Person","@id":"https:\/\/kibrisdakik.com\/#\/schema\/person\/9cd9d437bbb44f72b73ba127e06d8e79","name":"admin","image":{"@type":"ImageObject","inLanguage":"tr","@id":"https:\/\/secure.gravatar.com\/avatar\/ccc17943b9d660506c869530f897617f7cb1c21a4bf30023f252596d83e1f007?s=96&d=mm&r=g","url":"https:\/\/secure.gravatar.com\/avatar\/ccc17943b9d660506c869530f897617f7cb1c21a4bf30023f252596d83e1f007?s=96&d=mm&r=g","contentUrl":"https:\/\/secure.gravatar.com\/avatar\/ccc17943b9d660506c869530f897617f7cb1c21a4bf30023f252596d83e1f007?s=96&d=mm&r=g","caption":"admin"},"sameAs":["https:\/\/kibrisdakik.com"],"url":"https:\/\/kibrisdakik.com\/?author=1"}]}},"_links":{"self":[{"href":"https:\/\/kibrisdakik.com\/index.php?rest_route=\/wp\/v2\/posts\/74607","targetHints":{"allow":["GET"]}}],"collection":[{"href":"https:\/\/kibrisdakik.com\/index.php?rest_route=\/wp\/v2\/posts"}],"about":[{"href":"https:\/\/kibrisdakik.com\/index.php?rest_route=\/wp\/v2\/types\/post"}],"author":[{"embeddable":true,"href":"https:\/\/kibrisdakik.com\/index.php?rest_route=\/wp\/v2\/users\/1"}],"replies":[{"embeddable":true,"href":"https:\/\/kibrisdakik.com\/index.php?rest_route=%2Fwp%2Fv2%2Fcomments&post=74607"}],"version-history":[{"count":1,"href":"https:\/\/kibrisdakik.com\/index.php?rest_route=\/wp\/v2\/posts\/74607\/revisions"}],"predecessor-version":[{"id":74626,"href":"https:\/\/kibrisdakik.com\/index.php?rest_route=\/wp\/v2\/posts\/74607\/revisions\/74626"}],"wp:featuredmedia":[{"embeddable":true,"href":"https:\/\/kibrisdakik.com\/index.php?rest_route=\/wp\/v2\/media\/74608"}],"wp:attachment":[{"href":"https:\/\/kibrisdakik.com\/index.php?rest_route=%2Fwp%2Fv2%2Fmedia&parent=74607"}],"wp:term":[{"taxonomy":"category","embeddable":true,"href":"https:\/\/kibrisdakik.com\/index.php?rest_route=%2Fwp%2Fv2%2Fcategories&post=74607"},{"taxonomy":"post_tag","embeddable":true,"href":"https:\/\/kibrisdakik.com\/index.php?rest_route=%2Fwp%2Fv2%2Ftags&post=74607"}],"curies":[{"name":"wp","href":"https:\/\/api.w.org\/{rel}","templated":true}]}}