{"id":74611,"date":"2025-01-29T13:26:23","date_gmt":"2025-01-29T10:26:23","guid":{"rendered":"https:\/\/kibrisdakik.com\/index.php\/2025\/01\/29\/ltb-foder-is-birliginde-duzenlenen-burcin-ozkus-fotograf-yarismasi-odulleri-verildi\/"},"modified":"2025-01-29T13:26:23","modified_gmt":"2025-01-29T10:26:23","slug":"ltb-foder-is-birliginde-duzenlenen-burcin-ozkus-fotograf-yarismasi-odulleri-verildi","status":"publish","type":"post","link":"https:\/\/kibrisdakik.com\/?p=74611","title":{"rendered":"LTB-FODER i\u015f birli\u011finde d\u00fczenlenen Bur\u00e7in \u00d6zku\u015f Foto\u011fraf Yar\u0131\u015fmas\u0131 \u00f6d\u00fclleri verildi"},"content":{"rendered":"<div>\n<div class=\"mariselle-image-container center\">\n                                            <\/div>\n<p>Foto\u011fraf sanat\u00e7\u0131s\u0131 ve Lefko\u015fa T\u00fcrk Belediyesi \u00e7al\u0131\u015fan\u0131 Bur\u00e7in \u00d6zku\u015f an\u0131s\u0131na Lefko\u015fa T\u00fcrk Belediyesi (LTB) ve K\u0131br\u0131s T\u00fcrk Foto\u011fraf Derne\u011fi (FODER) i\u015f birli\u011fiyle anma etkinlikleri yap\u0131l\u0131yor.<\/p>\n<p>Bur\u00e7in \u00d6zku\u015f Foto\u011fraf Yar\u0131\u015fmas\u0131 ve Sergisi ile Anma Etkinlikleri ile ilgili Merkez Lefko\u015fa ve FODER\u2019de \u00fc\u00e7 g\u00fcn boyunca yer alacak organizasyonlar\u0131n ilki, d\u00fcn ak\u015fam d\u00fczenlendi.<\/p>\n<p>LTB\u2019den verilen bilgiye g\u00f6re, j\u00fcri sunumlar\u0131 ve s\u00f6yle\u015filerle ba\u015flayan gecede, j\u00fcride yer alan foto\u011fraf sanat\u00e7\u0131lar\u0131 Alexis Saveriades, \u0130brahim Y\u0131lmaz, Kadir Kaba ve \u0130smail G\u00f6k\u00e7e\u2019nin \u00e7al\u0131\u015fmalar\u0131 slayt e\u015fli\u011finde foto\u011fraf severlere sunulurken, t\u00fcm\u00fcn\u00fcn arka plan\u0131 ve ya\u015fanm\u0131\u015fl\u0131k hikayeleri de anlat\u0131ld\u0131. Sunum ve s\u00f6yle\u015finin ard\u0131ndan serginin a\u00e7\u0131l\u0131\u015f konu\u015fmalar\u0131 yap\u0131ld\u0131, Girne Gen\u00e7lik Merkezi Derne\u011fi\u2019nin halk danslar\u0131 g\u00f6sterisinin ard\u0131ndan sergi a\u00e7\u0131ld\u0131.<\/p>\n<p>LTB Ba\u015fkan\u0131 Mehmet Harmanc\u0131, etkinli\u011fin Bur\u00e7in \u00d6zku\u015f\u2019a yak\u0131\u015fan bir \u015fekilde d\u00fczenlendi\u011fini belirterek, \u201cFODER ve onu seven arkada\u015flar\u0131 ile \u00e7ok g\u00fczel bir etkinlik d\u00fczenledik. Bur\u00e7in foto\u011frafla an\u0131lmak isterdi\u201d dedi.<\/p>\n<p>Harmanc\u0131, etkinli\u011fin uluslararas\u0131 d\u00fczeyde ger\u00e7ekle\u015fmi\u015f olmas\u0131ndan ve \u00fclkenin her iki yakas\u0131ndan insanlar\u0131n kat\u0131lmas\u0131ndan duydu\u011fu memnuniyeti de dile getiren Harmanc\u0131, \u201cBur\u00e7in\u2019in de hayali ve \u00f6zlemiydi. T\u00fcrkiye\u2019den ve b\u00f6lge co\u011frafyas\u0131ndan da insanlar\u0131n kat\u0131lmas\u0131 \u00e7ok \u00f6nemliydi\u201d diye konu\u015ftu.<\/p>\n<p>Harmanc\u0131, konu\u015fmas\u0131 \u00f6ncesi izledi\u011fi sunumlar\u0131n olduk\u00e7a etkileyici oldu\u011funu ve bunlar\u0131n kendisinde toplumdaki e\u015fitsizlikleri an\u0131msatt\u0131\u011f\u0131n\u0131 belirterek, \u201cDo\u011fdu\u011fumuz yer, bizi oldu\u011fumuz ki\u015fi yap\u0131yor. Bir \u00e7ocu\u011fun hangi okula gitti\u011fini, hangi hastaneden hizmet ald\u0131\u011f\u0131n\u0131, ailesinin sosyoekonomik durumu belirliyorsa, o \u00e7ocu\u011fun geli\u015fmesindeki en \u00f6nemli unsur siyasettir ve \u00fclkeyi y\u00f6netimdedir\u201d diyerek, toplumdaki e\u015fitsizliklere dikkat \u00e7ekti.<\/p>\n<p>Ba\u015fkan Harmanc\u0131, LTB olarak Bur\u00e7in \u00d6zku\u015f\u2019un isminin ya\u015fat\u0131lmas\u0131 sorumlulu\u011funu ta\u015f\u0131d\u0131klar\u0131n\u0131 ve ellerinden geleni yapacaklar\u0131n\u0131 belirterek, etkinli\u011fe kat\u0131lanlara ve emek verenlere te\u015fekk\u00fcr etti.<\/p>\n<p>FODER Ba\u015fkan\u0131 Ramadan G\u00fcm\u00fc\u015fok, yar\u0131\u015fmaya 400\u2019\u00fcn \u00fczerinde foto\u011fraf ba\u015fvurusu yap\u0131ld\u0131\u011f\u0131n\u0131, bunlardan 387 foto\u011fraf\u0131n yar\u0131\u015fma \u015fartnamesine uygun oldu\u011fu i\u00e7in j\u00fcriye sunuldu\u011funu a\u00e7\u0131klad\u0131.<\/p>\n<p>G\u00fcm\u00fc\u015fok, foto\u011fraflar\u0131n, j\u00fcri taraf\u0131ndan tek tek de\u011ferlendirilerek se\u00e7ildi\u011fini ve her foto\u011fraf konusunda ortak bir g\u00f6r\u00fc\u015fe var\u0131ld\u0131\u011f\u0131n\u0131 belirtti. Ramadan G\u00fcm\u00fc\u015fok, KKTC yan\u0131nda T\u00fcrkiye, G\u00fcney K\u0131br\u0131s, M\u0131s\u0131r, Portekiz gibi farkl\u0131 \u00fclkelerden kat\u0131l\u0131m sa\u011fland\u0131\u011f\u0131n\u0131 ve bu sayede uluslararas\u0131 bir d\u00fczeyde ba\u015far\u0131ya ula\u015f\u0131lmas\u0131na katk\u0131 sa\u011fland\u0131\u011f\u0131n\u0131 ifade etti.<\/p>\n<p>Girne Gen\u00e7lik Merkezi Derne\u011fi\u2019nden G\u00fcnay Toygar ise, Bur\u00e7in \u00d6zku\u015f\u2019u kaybetmenin derin \u00fcz\u00fcnt\u00fcs\u00fcn\u00fc payla\u015ft\u0131.<\/p>\n<p>Toygar, Bur\u00e7in\u2019in sadece \u00e7ok yak\u0131n bir arkada\u015f de\u011fil, ayn\u0131 zamanda bir karde\u015f oldu\u011funu belirterek, onunla ailelerinden daha \u00e7ok zaman ge\u00e7irdiklerini s\u00f6yledi.<\/p>\n<p>Bur\u00e7in\u2019in eksikli\u011finin i\u00e7lerinde halen taze oldu\u011funu ve \u00e7al\u0131\u015fmalar\u0131na dahi ba\u015flayamad\u0131klar\u0131n\u0131 ifade eden Toygar, etkinli\u011fe kat\u0131lan herkese te\u015fekk\u00fcr etti.<\/p>\n<p>-\u00d6d\u00fcl alanlara ve j\u00fcriye takdimleri yap\u0131ld\u0131<\/p>\n<p>Bur\u00e7in \u00d6zku\u015f Foto\u011fraf Yar\u0131\u015fmas\u0131\u2019nda, 90 foto\u011fraf\u00e7\u0131n\u0131n g\u00f6nderdi\u011fi toplam 387 foto\u011fraf j\u00fcri taraf\u0131ndan de\u011ferlendirildi.<\/p>\n<p>J\u00fcri \u00fcyeleri Alexis Saveriades, Burak \u015eenbak, \u0130brahim Y\u0131lmaz, Kadir Kaba ve \u0130smail G\u00f6k\u00e7e\u2019nin titiz \u00e7al\u0131\u015fmas\u0131 sonucu, 27 foto\u011fraf\u00e7\u0131n\u0131n 32 foto\u011fraf\u0131 sergilenmeye de\u011fer bulunurken, Kenan Talas \u201cPencere\u201d isimli foto\u011fraf\u0131yla birinci, \u015eaziye Kofal\u0131 Kurt \u201cMahsun Bak\u0131\u015f\u201d ile ikinci ve Hasan U\u00e7ar \u201cTand\u0131r Evi\u201d ile \u00fc\u00e7\u00fcnc\u00fc oldu. Ayr\u0131ca, Ufuk Turpcan\u2019\u0131n \u201cEsla\u201d isimli \u00e7al\u0131\u015fmas\u0131 Bur\u00e7in \u00d6zku\u015f \u00d6zel \u00d6d\u00fcl\u00fc\u2019ne lay\u0131k g\u00f6r\u00fcld\u00fc.<\/p>\n<p>-Sergi Merkez Lefko\u015fa\u2019da iki hafta boyunca a\u00e7\u0131k<\/p>\n<p>\u00d6d\u00fcl kazanan ve sergilenmeye hak kazanan foto\u011fraflar, Merkez Lefko\u015fa\u2019da sanatseverlerin be\u011fenisine sunulmaya ba\u015fland\u0131. Foto\u011fraf sergisi iki hafta boyunca a\u00e7\u0131k kalacak.<\/p>\n<p>-Anma etkinlikleri bug\u00fcn ve yar\u0131n devam edecek<\/p>\n<p>Anma etkinlikleri kapsam\u0131nda bug\u00fcn Merkez Lefko\u015fa\u2019da belirlenen b\u00f6lgeye fidan dikimi yap\u0131lacak.<\/p>\n<p>Yar\u0131n ise FODER binas\u0131nda saat 19.00\u2019da Edremit Foto\u011fraf ve Sinema Sanat\u0131 Derne\u011fi (EDFOD) Ba\u015fkan\u0131 \u00d6zcan \u015eim\u015fek\u2019in sunum ve s\u00f6yle\u015fisi yer alacak.<\/p>\n<\/p><\/div>\n<p><script async\n                    defer\n                    crossorigin=\"anonymous\"\n                    src=\"https:\/\/connect.facebook.net\/tr_TR\/sdk.js#xfbml=1&#038;version=v3.3\"\n            ><\/script><\/p>\n","protected":false},"excerpt":{"rendered":"<p>Foto\u011fraf sanat\u00e7\u0131s\u0131 ve Lefko\u015fa T\u00fcrk Belediyesi \u00e7al\u0131\u015fan\u0131 Bur\u00e7in \u00d6zku\u015f an\u0131s\u0131na Lefko\u015fa T\u00fcrk Belediyesi (LTB) ve K\u0131br\u0131s T\u00fcrk Foto\u011fraf Derne\u011fi (FODER) i\u015f birli\u011fiyle anma etkinlikleri yap\u0131l\u0131yor. Bur\u00e7in \u00d6zku\u015f Foto\u011fraf Yar\u0131\u015fmas\u0131 ve Sergisi ile Anma Etkinlikleri ile ilgili Merkez Lefko\u015fa ve FODER\u2019de \u00fc\u00e7 g\u00fcn boyunca yer alacak organizasyonlar\u0131n ilki, d\u00fcn ak\u015fam d\u00fczenlendi. LTB\u2019den verilen bilgiye g\u00f6re, j\u00fcri<\/p>\n","protected":false},"author":1,"featured_media":74612,"comment_status":"open","ping_status":"open","sticky":false,"template":"","format":"standard","meta":{"footnotes":""},"categories":[81,101],"tags":[],"class_list":["post-74611","post","type-post","status-publish","format-standard","has-post-thumbnail","hentry","category-kibris","category-manset"],"yoast_head":"<!-- This site is optimized with the Yoast SEO plugin v27.5 - https:\/\/yoast.com\/product\/yoast-seo-wordpress\/ -->\n<title>LTB-FODER i\u015f birli\u011finde d\u00fczenlenen Bur\u00e7in \u00d6zku\u015f Foto\u011fraf Yar\u0131\u015fmas\u0131 \u00f6d\u00fclleri verildi -<\/title>\n<meta name=\"robots\" content=\"index, follow, max-snippet:-1, max-image-preview:large, max-video-preview:-1\" \/>\n<link rel=\"canonical\" href=\"https:\/\/kibrisdakik.com\/?p=74611\" \/>\n<meta property=\"og:locale\" content=\"tr_TR\" \/>\n<meta property=\"og:type\" content=\"article\" \/>\n<meta property=\"og:title\" content=\"LTB-FODER i\u015f birli\u011finde d\u00fczenlenen Bur\u00e7in \u00d6zku\u015f Foto\u011fraf Yar\u0131\u015fmas\u0131 \u00f6d\u00fclleri verildi -\" \/>\n<meta property=\"og:description\" content=\"Foto\u011fraf sanat\u00e7\u0131s\u0131 ve Lefko\u015fa T\u00fcrk Belediyesi \u00e7al\u0131\u015fan\u0131 Bur\u00e7in \u00d6zku\u015f an\u0131s\u0131na Lefko\u015fa T\u00fcrk Belediyesi (LTB) ve K\u0131br\u0131s T\u00fcrk Foto\u011fraf Derne\u011fi (FODER) i\u015f birli\u011fiyle anma etkinlikleri yap\u0131l\u0131yor. Bur\u00e7in \u00d6zku\u015f Foto\u011fraf Yar\u0131\u015fmas\u0131 ve Sergisi ile Anma Etkinlikleri ile ilgili Merkez Lefko\u015fa ve FODER\u2019de \u00fc\u00e7 g\u00fcn boyunca yer alacak organizasyonlar\u0131n ilki, d\u00fcn ak\u015fam d\u00fczenlendi. LTB\u2019den verilen bilgiye g\u00f6re, j\u00fcri\" \/>\n<meta property=\"og:url\" content=\"https:\/\/kibrisdakik.com\/?p=74611\" \/>\n<meta property=\"article:published_time\" content=\"2025-01-29T10:26:23+00:00\" \/>\n<meta property=\"og:image\" content=\"https:\/\/kibrisdakik.com\/wp-content\/uploads\/2025\/01\/1738141272518LTB-BURCIN-OZKUS-6-740x420.jpeg\" \/>\n\t<meta property=\"og:image:width\" content=\"1600\" \/>\n\t<meta property=\"og:image:height\" content=\"1510\" \/>\n\t<meta property=\"og:image:type\" content=\"image\/jpeg\" \/>\n<meta name=\"author\" content=\"admin\" \/>\n<meta name=\"twitter:card\" content=\"summary_large_image\" \/>\n<meta name=\"twitter:label1\" content=\"Yazan:\" \/>\n\t<meta name=\"twitter:data1\" content=\"admin\" \/>\n\t<meta name=\"twitter:label2\" content=\"Tahmini okuma s\u00fcresi\" \/>\n\t<meta name=\"twitter:data2\" content=\"4 dakika\" \/>\n<script type=\"application\/ld+json\" class=\"yoast-schema-graph\">{\"@context\":\"https:\\\/\\\/schema.org\",\"@graph\":[{\"@type\":\"Article\",\"@id\":\"https:\\\/\\\/kibrisdakik.com\\\/?p=74611#article\",\"isPartOf\":{\"@id\":\"https:\\\/\\\/kibrisdakik.com\\\/?p=74611\"},\"author\":{\"name\":\"admin\",\"@id\":\"https:\\\/\\\/kibrisdakik.com\\\/#\\\/schema\\\/person\\\/9cd9d437bbb44f72b73ba127e06d8e79\"},\"headline\":\"LTB-FODER i\u015f birli\u011finde d\u00fczenlenen Bur\u00e7in \u00d6zku\u015f Foto\u011fraf Yar\u0131\u015fmas\u0131 \u00f6d\u00fclleri verildi\",\"datePublished\":\"2025-01-29T10:26:23+00:00\",\"mainEntityOfPage\":{\"@id\":\"https:\\\/\\\/kibrisdakik.com\\\/?p=74611\"},\"wordCount\":789,\"commentCount\":0,\"image\":{\"@id\":\"https:\\\/\\\/kibrisdakik.com\\\/?p=74611#primaryimage\"},\"thumbnailUrl\":\"https:\\\/\\\/kibrisdakik.com\\\/wp-content\\\/uploads\\\/2025\\\/01\\\/1738141272518LTB-BURCIN-OZKUS-6-740x420.jpeg\",\"articleSection\":[\"K\u0131br\u0131s\",\"Man\u015fet\"],\"inLanguage\":\"tr\",\"potentialAction\":[{\"@type\":\"CommentAction\",\"name\":\"Comment\",\"target\":[\"https:\\\/\\\/kibrisdakik.com\\\/?p=74611#respond\"]}]},{\"@type\":\"WebPage\",\"@id\":\"https:\\\/\\\/kibrisdakik.com\\\/?p=74611\",\"url\":\"https:\\\/\\\/kibrisdakik.com\\\/?p=74611\",\"name\":\"LTB-FODER i\u015f birli\u011finde d\u00fczenlenen Bur\u00e7in \u00d6zku\u015f Foto\u011fraf Yar\u0131\u015fmas\u0131 \u00f6d\u00fclleri verildi -\",\"isPartOf\":{\"@id\":\"https:\\\/\\\/kibrisdakik.com\\\/#website\"},\"primaryImageOfPage\":{\"@id\":\"https:\\\/\\\/kibrisdakik.com\\\/?p=74611#primaryimage\"},\"image\":{\"@id\":\"https:\\\/\\\/kibrisdakik.com\\\/?p=74611#primaryimage\"},\"thumbnailUrl\":\"https:\\\/\\\/kibrisdakik.com\\\/wp-content\\\/uploads\\\/2025\\\/01\\\/1738141272518LTB-BURCIN-OZKUS-6-740x420.jpeg\",\"datePublished\":\"2025-01-29T10:26:23+00:00\",\"author\":{\"@id\":\"https:\\\/\\\/kibrisdakik.com\\\/#\\\/schema\\\/person\\\/9cd9d437bbb44f72b73ba127e06d8e79\"},\"breadcrumb\":{\"@id\":\"https:\\\/\\\/kibrisdakik.com\\\/?p=74611#breadcrumb\"},\"inLanguage\":\"tr\",\"potentialAction\":[{\"@type\":\"ReadAction\",\"target\":[\"https:\\\/\\\/kibrisdakik.com\\\/?p=74611\"]}]},{\"@type\":\"ImageObject\",\"inLanguage\":\"tr\",\"@id\":\"https:\\\/\\\/kibrisdakik.com\\\/?p=74611#primaryimage\",\"url\":\"https:\\\/\\\/kibrisdakik.com\\\/wp-content\\\/uploads\\\/2025\\\/01\\\/1738141272518LTB-BURCIN-OZKUS-6-740x420.jpeg\",\"contentUrl\":\"https:\\\/\\\/kibrisdakik.com\\\/wp-content\\\/uploads\\\/2025\\\/01\\\/1738141272518LTB-BURCIN-OZKUS-6-740x420.jpeg\",\"width\":1600,\"height\":1510},{\"@type\":\"BreadcrumbList\",\"@id\":\"https:\\\/\\\/kibrisdakik.com\\\/?p=74611#breadcrumb\",\"itemListElement\":[{\"@type\":\"ListItem\",\"position\":1,\"name\":\"Home\",\"item\":\"https:\\\/\\\/kibrisdakik.com\\\/\"},{\"@type\":\"ListItem\",\"position\":2,\"name\":\"LTB-FODER i\u015f birli\u011finde d\u00fczenlenen Bur\u00e7in \u00d6zku\u015f Foto\u011fraf Yar\u0131\u015fmas\u0131 \u00f6d\u00fclleri verildi\"}]},{\"@type\":\"WebSite\",\"@id\":\"https:\\\/\\\/kibrisdakik.com\\\/#website\",\"url\":\"https:\\\/\\\/kibrisdakik.com\\\/\",\"name\":\"\",\"description\":\"Tam vaktinde haber\",\"potentialAction\":[{\"@type\":\"SearchAction\",\"target\":{\"@type\":\"EntryPoint\",\"urlTemplate\":\"https:\\\/\\\/kibrisdakik.com\\\/?s={search_term_string}\"},\"query-input\":{\"@type\":\"PropertyValueSpecification\",\"valueRequired\":true,\"valueName\":\"search_term_string\"}}],\"inLanguage\":\"tr\"},{\"@type\":\"Person\",\"@id\":\"https:\\\/\\\/kibrisdakik.com\\\/#\\\/schema\\\/person\\\/9cd9d437bbb44f72b73ba127e06d8e79\",\"name\":\"admin\",\"image\":{\"@type\":\"ImageObject\",\"inLanguage\":\"tr\",\"@id\":\"https:\\\/\\\/secure.gravatar.com\\\/avatar\\\/ccc17943b9d660506c869530f897617f7cb1c21a4bf30023f252596d83e1f007?s=96&d=mm&r=g\",\"url\":\"https:\\\/\\\/secure.gravatar.com\\\/avatar\\\/ccc17943b9d660506c869530f897617f7cb1c21a4bf30023f252596d83e1f007?s=96&d=mm&r=g\",\"contentUrl\":\"https:\\\/\\\/secure.gravatar.com\\\/avatar\\\/ccc17943b9d660506c869530f897617f7cb1c21a4bf30023f252596d83e1f007?s=96&d=mm&r=g\",\"caption\":\"admin\"},\"sameAs\":[\"https:\\\/\\\/kibrisdakik.com\"],\"url\":\"https:\\\/\\\/kibrisdakik.com\\\/?author=1\"}]}<\/script>\n<!-- \/ Yoast SEO plugin. -->","yoast_head_json":{"title":"LTB-FODER i\u015f birli\u011finde d\u00fczenlenen Bur\u00e7in \u00d6zku\u015f Foto\u011fraf Yar\u0131\u015fmas\u0131 \u00f6d\u00fclleri verildi -","robots":{"index":"index","follow":"follow","max-snippet":"max-snippet:-1","max-image-preview":"max-image-preview:large","max-video-preview":"max-video-preview:-1"},"canonical":"https:\/\/kibrisdakik.com\/?p=74611","og_locale":"tr_TR","og_type":"article","og_title":"LTB-FODER i\u015f birli\u011finde d\u00fczenlenen Bur\u00e7in \u00d6zku\u015f Foto\u011fraf Yar\u0131\u015fmas\u0131 \u00f6d\u00fclleri verildi -","og_description":"Foto\u011fraf sanat\u00e7\u0131s\u0131 ve Lefko\u015fa T\u00fcrk Belediyesi \u00e7al\u0131\u015fan\u0131 Bur\u00e7in \u00d6zku\u015f an\u0131s\u0131na Lefko\u015fa T\u00fcrk Belediyesi (LTB) ve K\u0131br\u0131s T\u00fcrk Foto\u011fraf Derne\u011fi (FODER) i\u015f birli\u011fiyle anma etkinlikleri yap\u0131l\u0131yor. Bur\u00e7in \u00d6zku\u015f Foto\u011fraf Yar\u0131\u015fmas\u0131 ve Sergisi ile Anma Etkinlikleri ile ilgili Merkez Lefko\u015fa ve FODER\u2019de \u00fc\u00e7 g\u00fcn boyunca yer alacak organizasyonlar\u0131n ilki, d\u00fcn ak\u015fam d\u00fczenlendi. LTB\u2019den verilen bilgiye g\u00f6re, j\u00fcri","og_url":"https:\/\/kibrisdakik.com\/?p=74611","article_published_time":"2025-01-29T10:26:23+00:00","og_image":[{"width":1600,"height":1510,"url":"https:\/\/kibrisdakik.com\/wp-content\/uploads\/2025\/01\/1738141272518LTB-BURCIN-OZKUS-6-740x420.jpeg","type":"image\/jpeg"}],"author":"admin","twitter_card":"summary_large_image","twitter_misc":{"Yazan:":"admin","Tahmini okuma s\u00fcresi":"4 dakika"},"schema":{"@context":"https:\/\/schema.org","@graph":[{"@type":"Article","@id":"https:\/\/kibrisdakik.com\/?p=74611#article","isPartOf":{"@id":"https:\/\/kibrisdakik.com\/?p=74611"},"author":{"name":"admin","@id":"https:\/\/kibrisdakik.com\/#\/schema\/person\/9cd9d437bbb44f72b73ba127e06d8e79"},"headline":"LTB-FODER i\u015f birli\u011finde d\u00fczenlenen Bur\u00e7in \u00d6zku\u015f Foto\u011fraf Yar\u0131\u015fmas\u0131 \u00f6d\u00fclleri verildi","datePublished":"2025-01-29T10:26:23+00:00","mainEntityOfPage":{"@id":"https:\/\/kibrisdakik.com\/?p=74611"},"wordCount":789,"commentCount":0,"image":{"@id":"https:\/\/kibrisdakik.com\/?p=74611#primaryimage"},"thumbnailUrl":"https:\/\/kibrisdakik.com\/wp-content\/uploads\/2025\/01\/1738141272518LTB-BURCIN-OZKUS-6-740x420.jpeg","articleSection":["K\u0131br\u0131s","Man\u015fet"],"inLanguage":"tr","potentialAction":[{"@type":"CommentAction","name":"Comment","target":["https:\/\/kibrisdakik.com\/?p=74611#respond"]}]},{"@type":"WebPage","@id":"https:\/\/kibrisdakik.com\/?p=74611","url":"https:\/\/kibrisdakik.com\/?p=74611","name":"LTB-FODER i\u015f birli\u011finde d\u00fczenlenen Bur\u00e7in \u00d6zku\u015f Foto\u011fraf Yar\u0131\u015fmas\u0131 \u00f6d\u00fclleri verildi -","isPartOf":{"@id":"https:\/\/kibrisdakik.com\/#website"},"primaryImageOfPage":{"@id":"https:\/\/kibrisdakik.com\/?p=74611#primaryimage"},"image":{"@id":"https:\/\/kibrisdakik.com\/?p=74611#primaryimage"},"thumbnailUrl":"https:\/\/kibrisdakik.com\/wp-content\/uploads\/2025\/01\/1738141272518LTB-BURCIN-OZKUS-6-740x420.jpeg","datePublished":"2025-01-29T10:26:23+00:00","author":{"@id":"https:\/\/kibrisdakik.com\/#\/schema\/person\/9cd9d437bbb44f72b73ba127e06d8e79"},"breadcrumb":{"@id":"https:\/\/kibrisdakik.com\/?p=74611#breadcrumb"},"inLanguage":"tr","potentialAction":[{"@type":"ReadAction","target":["https:\/\/kibrisdakik.com\/?p=74611"]}]},{"@type":"ImageObject","inLanguage":"tr","@id":"https:\/\/kibrisdakik.com\/?p=74611#primaryimage","url":"https:\/\/kibrisdakik.com\/wp-content\/uploads\/2025\/01\/1738141272518LTB-BURCIN-OZKUS-6-740x420.jpeg","contentUrl":"https:\/\/kibrisdakik.com\/wp-content\/uploads\/2025\/01\/1738141272518LTB-BURCIN-OZKUS-6-740x420.jpeg","width":1600,"height":1510},{"@type":"BreadcrumbList","@id":"https:\/\/kibrisdakik.com\/?p=74611#breadcrumb","itemListElement":[{"@type":"ListItem","position":1,"name":"Home","item":"https:\/\/kibrisdakik.com\/"},{"@type":"ListItem","position":2,"name":"LTB-FODER i\u015f birli\u011finde d\u00fczenlenen Bur\u00e7in \u00d6zku\u015f Foto\u011fraf Yar\u0131\u015fmas\u0131 \u00f6d\u00fclleri verildi"}]},{"@type":"WebSite","@id":"https:\/\/kibrisdakik.com\/#website","url":"https:\/\/kibrisdakik.com\/","name":"","description":"Tam vaktinde haber","potentialAction":[{"@type":"SearchAction","target":{"@type":"EntryPoint","urlTemplate":"https:\/\/kibrisdakik.com\/?s={search_term_string}"},"query-input":{"@type":"PropertyValueSpecification","valueRequired":true,"valueName":"search_term_string"}}],"inLanguage":"tr"},{"@type":"Person","@id":"https:\/\/kibrisdakik.com\/#\/schema\/person\/9cd9d437bbb44f72b73ba127e06d8e79","name":"admin","image":{"@type":"ImageObject","inLanguage":"tr","@id":"https:\/\/secure.gravatar.com\/avatar\/ccc17943b9d660506c869530f897617f7cb1c21a4bf30023f252596d83e1f007?s=96&d=mm&r=g","url":"https:\/\/secure.gravatar.com\/avatar\/ccc17943b9d660506c869530f897617f7cb1c21a4bf30023f252596d83e1f007?s=96&d=mm&r=g","contentUrl":"https:\/\/secure.gravatar.com\/avatar\/ccc17943b9d660506c869530f897617f7cb1c21a4bf30023f252596d83e1f007?s=96&d=mm&r=g","caption":"admin"},"sameAs":["https:\/\/kibrisdakik.com"],"url":"https:\/\/kibrisdakik.com\/?author=1"}]}},"_links":{"self":[{"href":"https:\/\/kibrisdakik.com\/index.php?rest_route=\/wp\/v2\/posts\/74611","targetHints":{"allow":["GET"]}}],"collection":[{"href":"https:\/\/kibrisdakik.com\/index.php?rest_route=\/wp\/v2\/posts"}],"about":[{"href":"https:\/\/kibrisdakik.com\/index.php?rest_route=\/wp\/v2\/types\/post"}],"author":[{"embeddable":true,"href":"https:\/\/kibrisdakik.com\/index.php?rest_route=\/wp\/v2\/users\/1"}],"replies":[{"embeddable":true,"href":"https:\/\/kibrisdakik.com\/index.php?rest_route=%2Fwp%2Fv2%2Fcomments&post=74611"}],"version-history":[{"count":0,"href":"https:\/\/kibrisdakik.com\/index.php?rest_route=\/wp\/v2\/posts\/74611\/revisions"}],"wp:featuredmedia":[{"embeddable":true,"href":"https:\/\/kibrisdakik.com\/index.php?rest_route=\/wp\/v2\/media\/74612"}],"wp:attachment":[{"href":"https:\/\/kibrisdakik.com\/index.php?rest_route=%2Fwp%2Fv2%2Fmedia&parent=74611"}],"wp:term":[{"taxonomy":"category","embeddable":true,"href":"https:\/\/kibrisdakik.com\/index.php?rest_route=%2Fwp%2Fv2%2Fcategories&post=74611"},{"taxonomy":"post_tag","embeddable":true,"href":"https:\/\/kibrisdakik.com\/index.php?rest_route=%2Fwp%2Fv2%2Ftags&post=74611"}],"curies":[{"name":"wp","href":"https:\/\/api.w.org\/{rel}","templated":true}]}}