{"id":74627,"date":"2025-01-29T16:49:36","date_gmt":"2025-01-29T13:49:36","guid":{"rendered":"https:\/\/kibrisdakik.com\/index.php\/2025\/01\/29\/kalkinma-plani-ustel-plan-kktcyi-uluslararasi-alanda-hak-ettigi-yere-tasimak-icin-atilmis-kararli-bir-adimdir\/"},"modified":"2025-01-29T16:49:36","modified_gmt":"2025-01-29T13:49:36","slug":"kalkinma-plani-ustel-plan-kktcyi-uluslararasi-alanda-hak-ettigi-yere-tasimak-icin-atilmis-kararli-bir-adimdir","status":"publish","type":"post","link":"https:\/\/kibrisdakik.com\/?p=74627","title":{"rendered":"Kalk\u0131nma Plan\u0131\u2026 \u00dcstel: \u201cPlan, KKTC\u2019yi uluslararas\u0131 alanda hak etti\u011fi yere ta\u015f\u0131mak i\u00e7in at\u0131lm\u0131\u015f kararl\u0131 bir ad\u0131md\u0131r\u201d"},"content":{"rendered":"<div>\n<div class=\"mariselle-image-container center\">\n                                            <\/div>\n<p>\u201cKKTC 4. Be\u015f Y\u0131ll\u0131k Kalk\u0131nma Plan\u0131 Toplant\u0131s\u0131\u201dnda konu\u015fan Ba\u015fbakan \u00dcnal \u00dcstel, haz\u0131rlanan plan\u0131n halk\u0131n refah\u0131n\u0131 art\u0131rmak ve KKTC\u2019yi uluslararas\u0131 alanda hak etti\u011fi yere ta\u015f\u0131mak i\u00e7in at\u0131lm\u0131\u015f kararl\u0131 bir ad\u0131m oldu\u011funu vurgulad\u0131.<\/p>\n<p>\u201cKKTC 4. Be\u015f Y\u0131ll\u0131k Kalk\u0131nma Plan\u0131 Toplant\u0131s\u0131\u201d bug\u00fcn Lefko\u015fa Concorde Tower\u2019da yap\u0131ld\u0131. Cumhurba\u015fkan\u0131 Ersin Tatar, Cumhuriyet Meclisi Ba\u015fkan\u0131 Ziya \u00d6zt\u00fcrkler, T\u00fcrkiye Cumhuriyeti Cumhurba\u015fkan\u0131 Yard\u0131mc\u0131s\u0131 Cevdet Y\u0131lmaz, Ba\u015fbakan \u00dcnal \u00dcstel, TC Lefko\u015fa B\u00fcy\u00fckel\u00e7isi Yasin Ekrem Serim,  CTP Genel Ba\u015fkan\u0131 Tufan Erh\u00fcrman, baz\u0131 bakanlar, milletvekilleri ve b\u00fcrokratlar\u0131n kat\u0131ld\u0131\u011f\u0131 toplant\u0131n\u0131n a\u00e7\u0131l\u0131\u015f konu\u015fmalar\u0131n\u0131, Cumhurba\u015fkan\u0131 Ersin Tatar, T\u00fcrkiye Cumhuriyeti Cumhurba\u015fkan\u0131 Yard\u0131mc\u0131s\u0131 Cevdet Y\u0131lmaz,  Ba\u015fbakan \u00dcnal \u00dcstel ve Devlet Planlama \u00d6rg\u00fct\u00fc (DP\u00d6) M\u00fcste\u015far\u0131 Durali G\u00fc\u00e7l\u00fcsoy yapt\u0131.<\/p>\n<p>-\u00dcstel: \u201cBu bir siyasi irade beyan\u0131, ortak bir gelecek vizyondur\u201d<\/p>\n<p>Ba\u015fbakan \u00dcnal \u00dcstel, konu\u015fmas\u0131na, Kuzey K\u0131br\u0131s T\u00fcrk Cumhuriyeti\u2019nin gelece\u011fini \u015fekillendirecek, toplumsal kalk\u0131nman\u0131n temel ta\u015flar\u0131n\u0131 yeniden in\u015fa edecek 2025-2029 D\u00f6rd\u00fcnc\u00fc Be\u015f Y\u0131ll\u0131k Kalk\u0131nma Plan\u0131\u2019n\u0131n payla\u015f\u0131laca\u011f\u0131 toplant\u0131da bulunmaktan onur duydu\u011funu belirterek ba\u015flad\u0131.<\/p>\n<p>\u201cBu plan, sadece teknik bir belge de\u011fil; halk\u0131m\u0131z\u0131n hak etti\u011fi refaha ula\u015fma m\u00fccadelesinin bir yol haritas\u0131, ge\u00e7mi\u015ften bug\u00fcne gelen eksiklikleri giderme kararl\u0131l\u0131\u011f\u0131n\u0131n bir g\u00f6stergesi ve daha g\u00fc\u00e7l\u00fc bir KKTC in\u015fa etme iradesinin somut bir yans\u0131mas\u0131d\u0131r.\u201d diyen \u00dcstel, 1974\u2019ten bug\u00fcne ge\u00e7en 51 y\u0131lda sadece \u00fc\u00e7 kalk\u0131nma plan\u0131 haz\u0131rland\u0131\u011f\u0131n\u0131, bunlar\u0131n sonuncusunun ise 1993-1997 y\u0131llar\u0131n\u0131 kapsad\u0131\u011f\u0131n\u0131 an\u0131msatt\u0131. \u00dcstel, \u201cBug\u00fcn, 28 y\u0131ll\u0131k bu suskunlu\u011fu bozarak, hep birlikte gelece\u011fimizi \u015fekillendirecek yeni bir d\u00f6nemin kap\u0131lar\u0131n\u0131 aral\u0131yoruz. Bu, sadece bir kalk\u0131nma plan\u0131 de\u011fil; bir siyasi irade beyan\u0131, ortak bir gelecek vizyonudur.\u201d ifadelerini kulland\u0131.<\/p>\n<p>-\u201c Bu g\u00fc\u00e7l\u00fc birliktelik gelece\u011fe dair umutlar\u0131n en b\u00fcy\u00fck teminat\u0131d\u0131r\u201d<\/p>\n<p>K\u0131br\u0131s T\u00fcrk halk\u0131n\u0131n T\u00fcrkiye\u2019nin deste\u011fi ile tarih boyunca pek \u00e7ok zorlu\u011fun \u00fcstesinden gelerek bug\u00fcnlere ula\u015ft\u0131\u011f\u0131n\u0131 kaydeden \u00dcstel, \u201cT\u00fcrkiye Cumhuriyeti\u2019nin her d\u00f6nemde Kuzey K\u0131br\u0131s T\u00fcrk Cumhuriyeti\u2019nin hakl\u0131 davas\u0131na verdi\u011fi destek, ekonomiden altyap\u0131ya, e\u011fitimden sa\u011fl\u0131\u011fa kadar pek \u00e7ok alandaki katk\u0131lar\u0131yla bizlere g\u00fcven ve g\u00fc\u00e7 vermi\u015ftir.\u201d dedi. \u00dcstel, iki \u00fclke aras\u0131ndaki karde\u015flik ba\u011f\u0131n\u0131n yaln\u0131zca bir siyasi ortakl\u0131k de\u011fil, ayn\u0131 zamanda tarihsel ve duygusal bir ba\u011f\u0131n yans\u0131mas\u0131 oldu\u011funu da vurgulad\u0131.<\/p>\n<p>Bug\u00fcn kar\u015f\u0131la\u015f\u0131lan en b\u00fcy\u00fck s\u0131navlardan birinin k\u00fcresel rekabetin yo\u011funla\u015ft\u0131\u011f\u0131 ve h\u0131zla de\u011fi\u015fimin ya\u015fand\u0131\u011f\u0131 d\u00fcnyada varl\u0131\u011f\u0131 g\u00fc\u00e7lendirmek ve gelece\u011fi g\u00fcvence alt\u0131na almak oldu\u011funu s\u00f6yleyen Ba\u015fbakan \u00dcstel, bu hedef do\u011frultusunda haz\u0131rlanan D\u00f6rd\u00fcnc\u00fc Be\u015f Y\u0131ll\u0131k Kalk\u0131nma Plan\u0131\u2019n\u0131n g\u00fc\u00e7l\u00fc bir ekonomi, s\u00fcrd\u00fcr\u00fclebilir bir \u00e7evre ve toplumsal dayan\u0131\u015fma temelinde y\u00fckselen bir Kuzey K\u0131br\u0131s T\u00fcrk Cumhuriyeti in\u015fa etme kararl\u0131l\u0131klar\u0131n\u0131 ortaya koydu\u011funu ifade etti. \u00dcstel, \u201cAna vatan T\u00fcrkiye\u2019nin bize verdi\u011fi destekle, her alanda daha g\u00fc\u00e7l\u00fc bir KKTC yarataca\u011f\u0131m\u0131za olan inanc\u0131m\u0131z tamd\u0131r. 1974\u2019te ba\u015flayan ba\u011f\u0131ms\u0131zl\u0131k m\u00fccadelesi, T\u00fcrkiye\u2019nin yan\u0131m\u0131zda kararl\u0131l\u0131kla durmas\u0131 sayesinde ta\u00e7lanm\u0131\u015ft\u0131r.\u201d dedi. Bug\u00fcn de T\u00fcrkiye ile birlikte \u00e7al\u0131\u015farak KKTC\u2019nin uluslararas\u0131 alandaki konumunu sa\u011flamla\u015ft\u0131rmay\u0131 ve halk\u0131n refah seviyesini y\u00fckseltmeyi hedeflediklerini kaydeden \u00dcstel, bu g\u00fc\u00e7l\u00fc birlikteli\u011fin gelece\u011fe dair umutlar\u0131n en b\u00fcy\u00fck teminat\u0131 oldu\u011funun alt\u0131n\u0131 \u00e7izdi.<\/p>\n<p>Ba\u015fbakan \u00dcstel, \u201cG\u00fc\u00e7l\u00fc, rekabet\u00e7i ve s\u00fcrd\u00fcr\u00fclebilir\u201d olarak niteledi\u011fi plan\u0131n, \u201cistikrarl\u0131 ve g\u00fc\u00e7l\u00fc b\u00fcy\u00fcyen, rekabet\u00e7i ve y\u00fcksek katma de\u011ferli \u00fcretim kapasitesine sahip, ya\u015fanabilir mekanlar ve s\u00fcrd\u00fcr\u00fclebilir bir \u00e7evre ile nitelikli ve sa\u011fl\u0131kl\u0131 bir topluma dayal\u0131, uluslararas\u0131 i\u015f birli\u011fi geli\u015ftirilmi\u015f bir Kuzey K\u0131br\u0131s T\u00fcrk Cumhuriyeti\u201d vizyonuyla haz\u0131rland\u0131\u011f\u0131n\u0131 belirtti. \u00dcstel, \u201cBu vizyon, ekonomimizi g\u00fc\u00e7lendirecek, uluslararas\u0131 platformlarda sesimizi daha g\u00fcr duyuracak ve halk\u0131m\u0131z\u0131n ya\u015fam kalitesini art\u0131racakt\u0131r.\u201d diye konu\u015ftu.<\/p>\n<p>\u2013 \u201cHedeflere ula\u015fmak i\u00e7in somut ad\u0131mlar at\u0131lacakt\u0131r\u201d<\/p>\n<p>\u00dcstel, plan\u0131 \u015f\u00f6yle \u00f6zetledi:<\/p>\n<p>\u201c\u0130stikrarl\u0131 ve g\u00fc\u00e7l\u00fc b\u00fcy\u00fcme i\u00e7in, ekonomimizi dengeli ve s\u00fcrd\u00fcr\u00fclebilir bir \u015fekilde b\u00fcy\u00fctmeyi hedefliyoruz. 2029 y\u0131l\u0131nda ki\u015fi ba\u015f\u0131na d\u00fc\u015fen milli geliri 19,115 ABD dolar\u0131na \u00e7\u0131karmay\u0131 ve kay\u0131t d\u0131\u015f\u0131 ekonomiyi etkin bir \u015fekilde kontrol alt\u0131na almay\u0131 hedefliyoruz.<\/p>\n<p>Rekabet\u00e7i ve y\u00fcksek katma de\u011ferli \u00fcretim i\u00e7in, KKTC\u2019yi, turizmden y\u00fcksek\u00f6\u011frenime, sanayiden tar\u0131ma kadar her sekt\u00f6rde uluslararas\u0131 bir marka haline getirece\u011fiz. Turizm gelirlerimizin 2029 y\u0131l\u0131na kadar iki kat\u0131na kadar y\u00fckselece\u011fi \u00f6ng\u00f6r\u00fcl\u00fcyor, y\u00fcksek\u00f6\u011fretimde \u00f6ncelikle kaliteyi y\u00fckseltmeyi ayn\u0131 zamanda mevcut \u00f6\u011frenci say\u0131m\u0131z\u0131 110 bine \u00e7\u0131karmay\u0131 hedefliyoruz. Yerli \u00fcretimi art\u0131racak, dijital ve ye\u015fil d\u00f6n\u00fc\u015f\u00fcmle ekonomide verimlili\u011fi art\u0131rmak i\u00e7in gerekli ad\u0131mlar\u0131 ataca\u011f\u0131z.<\/p>\n<p>Ya\u015fanabilir mekanlar ve s\u00fcrd\u00fcr\u00fclebilir \u00e7evre i\u00e7in, afetlere diren\u00e7li \u015fehirler in\u015fa ederek \u00e7evreyi koruyacak, k\u0131rsal kalk\u0131nmay\u0131 te\u015fvik edece\u011fiz. Yenilenebilir enerji kaynaklar\u0131n\u0131n art\u0131r\u0131lmas\u0131 ve altyap\u0131n\u0131n modernizasyonu bu eksen alt\u0131nda en \u00f6ncelikli konular\u0131m\u0131zd\u0131r. Bunlar\u0131 yaparken \u00fclkemizin gelece\u011fi olan gen\u00e7lerimizin hak etti\u011fi ve boynumuzun borcu olan, gen\u00e7lerimizin kendi do\u011fup b\u00fcy\u00fcd\u00fc\u011f\u00fc b\u00f6lgelerde k\u0131rsal kalk\u0131nmay\u0131 te\u015fvik edip, hak ettikleri ya\u015fam alanlar\u0131n\u0131 olu\u015fturmak hedeflerimiz aras\u0131ndad\u0131r.<\/p>\n<p>Nitelikli insan ve g\u00fc\u00e7l\u00fc toplum i\u00e7in, e\u011fitimde f\u0131rsat e\u015fitli\u011fini sa\u011flayacak, sa\u011fl\u0131k hizmetlerini herkes i\u00e7in eri\u015filebilir hale getirecek, gen\u00e7lerimizin ve kad\u0131nlar\u0131m\u0131z\u0131n i\u015f g\u00fcc\u00fcne kat\u0131l\u0131m\u0131n\u0131 art\u0131raca\u011f\u0131z. 2029 y\u0131l\u0131nda i\u015fsizlik oran\u0131n\u0131 d\u00fc\u015f\u00fcrmeyi ve toplumun her kesimine refah\u0131 yaymay\u0131 hedefliyoruz.<\/p>\n<p>Kalk\u0131nma i\u00e7in ulusal ve uluslararas\u0131 i\u015f birli\u011fi i\u00e7in, T\u00fcrkiye Cumhuriyeti ile g\u00fc\u00e7l\u00fc ba\u011flar\u0131m\u0131z daha da g\u00fc\u00e7lendirilecektir, uluslararas\u0131 alanda hakl\u0131 davalar\u0131m\u0131z\u0131 savunacak ve \u00fclkemizi k\u00fcresel arenada hak etti\u011fi yere ta\u015f\u0131yaca\u011f\u0131z.<\/p>\n<p>Hedeflere ula\u015fmak i\u00e7in somut ad\u0131mlar at\u0131lacakt\u0131r. Plan d\u00f6neminde, enerjide; enerji arz g\u00fcvenli\u011fini sa\u011flamak i\u00e7in her t\u00fcrl\u00fc ad\u0131m\u0131 atmak hedeflerimiz aras\u0131ndad\u0131r. E\u011fitimde; yeni okullar in\u015fa ederek gen\u00e7lerimizin gelece\u011fine yat\u0131r\u0131m yapaca\u011f\u0131z. Sa\u011fl\u0131kta; yeni hastaneler ve sa\u011fl\u0131k merkezleriyle halk\u0131m\u0131z\u0131n sa\u011fl\u0131\u011fa eri\u015fimini kolayla\u015ft\u0131raca\u011f\u0131z. Tar\u0131mda; sulama projelerini geni\u015fleterek tar\u0131msal \u00fcretimde verimlili\u011fi art\u0131raca\u011f\u0131z. Y\u0131llarca sadece kuru tar\u0131m yap\u0131lan Mesarya b\u00f6lgesine ana vatan T\u00fcrkiye\u2019den gelen can suyunu ula\u015ft\u0131raca\u011f\u0131z ve b\u00f6lge halk\u0131n\u0131n sulu tar\u0131m alan\u0131nda yat\u0131r\u0131mlar yapabilmesini sa\u011flayaca\u011f\u0131z.  Ula\u015ft\u0131rmada; yeni limanlar, yollar ve ileti\u015fim altyap\u0131s\u0131yla ticaret ve turizmi geli\u015ftirece\u011fiz.<\/p>\n<p>T\u00fcm bu projeler, halk\u0131m\u0131z\u0131n daha iyi bir ya\u015fam standard\u0131na kavu\u015fmas\u0131, ekonomimizin g\u00fc\u00e7lenmesi ve Kuzey K\u0131br\u0131s T\u00fcrk Cumhuriyeti\u2019nin gelecekte daha g\u00fc\u00e7l\u00fc bir \u015fekilde var olabilmesi i\u00e7in hayati \u00f6nem ta\u015f\u0131maktad\u0131r.\u201d<\/p>\n<p>-\u201cGelece\u011fin Kuzey K\u0131br\u0131s T\u00fcrk Cumhuriyeti\u2019nin yol haritas\u0131\u2026\u201d<\/p>\n<p>\u201cBu plan yaln\u0131zca bir kalk\u0131nma hedefi de\u011fil, ayn\u0131 zamanda halk\u0131m\u0131za duydu\u011fumuz sorumlulu\u011fun bir yans\u0131mas\u0131d\u0131r. Bizler, bu topraklara ve bu halka olan borcumuzu ancak daha g\u00fc\u00e7l\u00fc, daha sa\u011flam bir gelecek in\u015fa ederek \u00f6deyebiliriz.\u201d diyen \u00dcstel, Kalk\u0131nma Plan\u0131\u2019n\u0131 \u201chalk\u0131n refah\u0131n\u0131 art\u0131rmak ve KKTC\u2019yi uluslararas\u0131 alanda hak etti\u011fi yere ta\u015f\u0131mak i\u00e7in at\u0131lm\u0131\u015f kararl\u0131 bir ad\u0131m\u201d olarak de\u011ferlendirdi.<\/p>\n<p>Kuzey K\u0131br\u0131s T\u00fcrk Cumhuriyeti\u2019nin \u00f6zg\u00fcvenli ve g\u00fc\u00e7l\u00fc bir devlet oldu\u011funu vurgulayan Ba\u015fbakan \u00dcnal \u00dcstel, bu devletin her bir ferdinin bu topraklar\u0131n ger\u00e7ek sahibi oldu\u011funu s\u00f6yledi.<\/p>\n<p>\u00dcstel, konu\u015fmas\u0131n\u0131n sonunda plan\u0131n haz\u0131rlanmas\u0131nda eme\u011fi ge\u00e7en Devlet Planlama \u00d6rg\u00fct\u00fc\u2019ne, uzmanlara, akademisyenlere ve katk\u0131 koyan t\u00fcm kurumlara te\u015fekk\u00fcr etti; plan\u0131n sadece bug\u00fcn\u00fcn de\u011fil, gelece\u011fin Kuzey K\u0131br\u0131s T\u00fcrk Cumhuriyeti\u2019nin yol haritas\u0131 oldu\u011funu s\u00f6yledi.<\/p>\n<\/p><\/div>\n<p><script async\n                    defer\n                    crossorigin=\"anonymous\"\n                    src=\"https:\/\/connect.facebook.net\/tr_TR\/sdk.js#xfbml=1&#038;version=v3.3\"\n            ><\/script><\/p>\n","protected":false},"excerpt":{"rendered":"<p>\u201cKKTC 4. Be\u015f Y\u0131ll\u0131k Kalk\u0131nma Plan\u0131 Toplant\u0131s\u0131\u201dnda konu\u015fan Ba\u015fbakan \u00dcnal \u00dcstel, haz\u0131rlanan plan\u0131n halk\u0131n refah\u0131n\u0131 art\u0131rmak ve KKTC\u2019yi uluslararas\u0131 alanda hak etti\u011fi yere ta\u015f\u0131mak i\u00e7in at\u0131lm\u0131\u015f kararl\u0131 bir ad\u0131m oldu\u011funu vurgulad\u0131. \u201cKKTC 4. Be\u015f Y\u0131ll\u0131k Kalk\u0131nma Plan\u0131 Toplant\u0131s\u0131\u201d bug\u00fcn Lefko\u015fa Concorde Tower\u2019da yap\u0131ld\u0131. Cumhurba\u015fkan\u0131 Ersin Tatar, Cumhuriyet Meclisi Ba\u015fkan\u0131 Ziya \u00d6zt\u00fcrkler, T\u00fcrkiye Cumhuriyeti Cumhurba\u015fkan\u0131 Yard\u0131mc\u0131s\u0131<\/p>\n","protected":false},"author":1,"featured_media":74628,"comment_status":"open","ping_status":"open","sticky":false,"template":"","format":"standard","meta":{"footnotes":""},"categories":[81,101],"tags":[],"class_list":["post-74627","post","type-post","status-publish","format-standard","has-post-thumbnail","hentry","category-kibris","category-manset"],"yoast_head":"<!-- This site is optimized with the Yoast SEO plugin v27.5 - https:\/\/yoast.com\/product\/yoast-seo-wordpress\/ -->\n<title>Kalk\u0131nma Plan\u0131\u2026 \u00dcstel: \u201cPlan, KKTC\u2019yi uluslararas\u0131 alanda hak etti\u011fi yere ta\u015f\u0131mak i\u00e7in at\u0131lm\u0131\u015f kararl\u0131 bir ad\u0131md\u0131r\u201d -<\/title>\n<meta name=\"robots\" content=\"index, follow, max-snippet:-1, max-image-preview:large, max-video-preview:-1\" \/>\n<link rel=\"canonical\" href=\"https:\/\/kibrisdakik.com\/?p=74627\" \/>\n<meta property=\"og:locale\" content=\"tr_TR\" \/>\n<meta property=\"og:type\" content=\"article\" \/>\n<meta property=\"og:title\" content=\"Kalk\u0131nma Plan\u0131\u2026 \u00dcstel: \u201cPlan, KKTC\u2019yi uluslararas\u0131 alanda hak etti\u011fi yere ta\u015f\u0131mak i\u00e7in at\u0131lm\u0131\u015f kararl\u0131 bir ad\u0131md\u0131r\u201d -\" \/>\n<meta property=\"og:description\" content=\"\u201cKKTC 4. Be\u015f Y\u0131ll\u0131k Kalk\u0131nma Plan\u0131 Toplant\u0131s\u0131\u201dnda konu\u015fan Ba\u015fbakan \u00dcnal \u00dcstel, haz\u0131rlanan plan\u0131n halk\u0131n refah\u0131n\u0131 art\u0131rmak ve KKTC\u2019yi uluslararas\u0131 alanda hak etti\u011fi yere ta\u015f\u0131mak i\u00e7in at\u0131lm\u0131\u015f kararl\u0131 bir ad\u0131m oldu\u011funu vurgulad\u0131. \u201cKKTC 4. Be\u015f Y\u0131ll\u0131k Kalk\u0131nma Plan\u0131 Toplant\u0131s\u0131\u201d bug\u00fcn Lefko\u015fa Concorde Tower\u2019da yap\u0131ld\u0131. Cumhurba\u015fkan\u0131 Ersin Tatar, Cumhuriyet Meclisi Ba\u015fkan\u0131 Ziya \u00d6zt\u00fcrkler, T\u00fcrkiye Cumhuriyeti Cumhurba\u015fkan\u0131 Yard\u0131mc\u0131s\u0131\" \/>\n<meta property=\"og:url\" content=\"https:\/\/kibrisdakik.com\/?p=74627\" \/>\n<meta property=\"article:published_time\" content=\"2025-01-29T13:49:36+00:00\" \/>\n<meta property=\"og:image\" content=\"https:\/\/kibrisdakik.com\/wp-content\/uploads\/2025\/01\/1738153956172KKTC-4.-Bes-Yillik-Kalkinma-Plani-Toplantisi-3-so-740x420.jpg\" \/>\n\t<meta property=\"og:image:width\" content=\"2480\" \/>\n\t<meta property=\"og:image:height\" content=\"1656\" \/>\n\t<meta property=\"og:image:type\" content=\"image\/jpeg\" \/>\n<meta name=\"author\" content=\"admin\" \/>\n<meta name=\"twitter:card\" content=\"summary_large_image\" \/>\n<meta name=\"twitter:label1\" content=\"Yazan:\" \/>\n\t<meta name=\"twitter:data1\" content=\"admin\" \/>\n\t<meta name=\"twitter:label2\" content=\"Tahmini okuma s\u00fcresi\" \/>\n\t<meta name=\"twitter:data2\" content=\"8 dakika\" \/>\n<script type=\"application\/ld+json\" class=\"yoast-schema-graph\">{\"@context\":\"https:\\\/\\\/schema.org\",\"@graph\":[{\"@type\":\"Article\",\"@id\":\"https:\\\/\\\/kibrisdakik.com\\\/?p=74627#article\",\"isPartOf\":{\"@id\":\"https:\\\/\\\/kibrisdakik.com\\\/?p=74627\"},\"author\":{\"name\":\"admin\",\"@id\":\"https:\\\/\\\/kibrisdakik.com\\\/#\\\/schema\\\/person\\\/9cd9d437bbb44f72b73ba127e06d8e79\"},\"headline\":\"Kalk\u0131nma Plan\u0131\u2026 \u00dcstel: \u201cPlan, KKTC\u2019yi uluslararas\u0131 alanda hak etti\u011fi yere ta\u015f\u0131mak i\u00e7in at\u0131lm\u0131\u015f kararl\u0131 bir ad\u0131md\u0131r\u201d\",\"datePublished\":\"2025-01-29T13:49:36+00:00\",\"mainEntityOfPage\":{\"@id\":\"https:\\\/\\\/kibrisdakik.com\\\/?p=74627\"},\"wordCount\":1526,\"commentCount\":0,\"image\":{\"@id\":\"https:\\\/\\\/kibrisdakik.com\\\/?p=74627#primaryimage\"},\"thumbnailUrl\":\"https:\\\/\\\/kibrisdakik.com\\\/wp-content\\\/uploads\\\/2025\\\/01\\\/1738153956172KKTC-4.-Bes-Yillik-Kalkinma-Plani-Toplantisi-3-so-740x420.jpg\",\"articleSection\":[\"K\u0131br\u0131s\",\"Man\u015fet\"],\"inLanguage\":\"tr\",\"potentialAction\":[{\"@type\":\"CommentAction\",\"name\":\"Comment\",\"target\":[\"https:\\\/\\\/kibrisdakik.com\\\/?p=74627#respond\"]}]},{\"@type\":\"WebPage\",\"@id\":\"https:\\\/\\\/kibrisdakik.com\\\/?p=74627\",\"url\":\"https:\\\/\\\/kibrisdakik.com\\\/?p=74627\",\"name\":\"Kalk\u0131nma Plan\u0131\u2026 \u00dcstel: \u201cPlan, KKTC\u2019yi uluslararas\u0131 alanda hak etti\u011fi yere ta\u015f\u0131mak i\u00e7in at\u0131lm\u0131\u015f kararl\u0131 bir ad\u0131md\u0131r\u201d -\",\"isPartOf\":{\"@id\":\"https:\\\/\\\/kibrisdakik.com\\\/#website\"},\"primaryImageOfPage\":{\"@id\":\"https:\\\/\\\/kibrisdakik.com\\\/?p=74627#primaryimage\"},\"image\":{\"@id\":\"https:\\\/\\\/kibrisdakik.com\\\/?p=74627#primaryimage\"},\"thumbnailUrl\":\"https:\\\/\\\/kibrisdakik.com\\\/wp-content\\\/uploads\\\/2025\\\/01\\\/1738153956172KKTC-4.-Bes-Yillik-Kalkinma-Plani-Toplantisi-3-so-740x420.jpg\",\"datePublished\":\"2025-01-29T13:49:36+00:00\",\"author\":{\"@id\":\"https:\\\/\\\/kibrisdakik.com\\\/#\\\/schema\\\/person\\\/9cd9d437bbb44f72b73ba127e06d8e79\"},\"breadcrumb\":{\"@id\":\"https:\\\/\\\/kibrisdakik.com\\\/?p=74627#breadcrumb\"},\"inLanguage\":\"tr\",\"potentialAction\":[{\"@type\":\"ReadAction\",\"target\":[\"https:\\\/\\\/kibrisdakik.com\\\/?p=74627\"]}]},{\"@type\":\"ImageObject\",\"inLanguage\":\"tr\",\"@id\":\"https:\\\/\\\/kibrisdakik.com\\\/?p=74627#primaryimage\",\"url\":\"https:\\\/\\\/kibrisdakik.com\\\/wp-content\\\/uploads\\\/2025\\\/01\\\/1738153956172KKTC-4.-Bes-Yillik-Kalkinma-Plani-Toplantisi-3-so-740x420.jpg\",\"contentUrl\":\"https:\\\/\\\/kibrisdakik.com\\\/wp-content\\\/uploads\\\/2025\\\/01\\\/1738153956172KKTC-4.-Bes-Yillik-Kalkinma-Plani-Toplantisi-3-so-740x420.jpg\",\"width\":2480,\"height\":1656},{\"@type\":\"BreadcrumbList\",\"@id\":\"https:\\\/\\\/kibrisdakik.com\\\/?p=74627#breadcrumb\",\"itemListElement\":[{\"@type\":\"ListItem\",\"position\":1,\"name\":\"Home\",\"item\":\"https:\\\/\\\/kibrisdakik.com\\\/\"},{\"@type\":\"ListItem\",\"position\":2,\"name\":\"Kalk\u0131nma Plan\u0131\u2026 \u00dcstel: \u201cPlan, KKTC\u2019yi uluslararas\u0131 alanda hak etti\u011fi yere ta\u015f\u0131mak i\u00e7in at\u0131lm\u0131\u015f kararl\u0131 bir ad\u0131md\u0131r\u201d\"}]},{\"@type\":\"WebSite\",\"@id\":\"https:\\\/\\\/kibrisdakik.com\\\/#website\",\"url\":\"https:\\\/\\\/kibrisdakik.com\\\/\",\"name\":\"\",\"description\":\"Tam vaktinde haber\",\"potentialAction\":[{\"@type\":\"SearchAction\",\"target\":{\"@type\":\"EntryPoint\",\"urlTemplate\":\"https:\\\/\\\/kibrisdakik.com\\\/?s={search_term_string}\"},\"query-input\":{\"@type\":\"PropertyValueSpecification\",\"valueRequired\":true,\"valueName\":\"search_term_string\"}}],\"inLanguage\":\"tr\"},{\"@type\":\"Person\",\"@id\":\"https:\\\/\\\/kibrisdakik.com\\\/#\\\/schema\\\/person\\\/9cd9d437bbb44f72b73ba127e06d8e79\",\"name\":\"admin\",\"image\":{\"@type\":\"ImageObject\",\"inLanguage\":\"tr\",\"@id\":\"https:\\\/\\\/secure.gravatar.com\\\/avatar\\\/ccc17943b9d660506c869530f897617f7cb1c21a4bf30023f252596d83e1f007?s=96&d=mm&r=g\",\"url\":\"https:\\\/\\\/secure.gravatar.com\\\/avatar\\\/ccc17943b9d660506c869530f897617f7cb1c21a4bf30023f252596d83e1f007?s=96&d=mm&r=g\",\"contentUrl\":\"https:\\\/\\\/secure.gravatar.com\\\/avatar\\\/ccc17943b9d660506c869530f897617f7cb1c21a4bf30023f252596d83e1f007?s=96&d=mm&r=g\",\"caption\":\"admin\"},\"sameAs\":[\"https:\\\/\\\/kibrisdakik.com\"],\"url\":\"https:\\\/\\\/kibrisdakik.com\\\/?author=1\"}]}<\/script>\n<!-- \/ Yoast SEO plugin. -->","yoast_head_json":{"title":"Kalk\u0131nma Plan\u0131\u2026 \u00dcstel: \u201cPlan, KKTC\u2019yi uluslararas\u0131 alanda hak etti\u011fi yere ta\u015f\u0131mak i\u00e7in at\u0131lm\u0131\u015f kararl\u0131 bir ad\u0131md\u0131r\u201d -","robots":{"index":"index","follow":"follow","max-snippet":"max-snippet:-1","max-image-preview":"max-image-preview:large","max-video-preview":"max-video-preview:-1"},"canonical":"https:\/\/kibrisdakik.com\/?p=74627","og_locale":"tr_TR","og_type":"article","og_title":"Kalk\u0131nma Plan\u0131\u2026 \u00dcstel: \u201cPlan, KKTC\u2019yi uluslararas\u0131 alanda hak etti\u011fi yere ta\u015f\u0131mak i\u00e7in at\u0131lm\u0131\u015f kararl\u0131 bir ad\u0131md\u0131r\u201d -","og_description":"\u201cKKTC 4. Be\u015f Y\u0131ll\u0131k Kalk\u0131nma Plan\u0131 Toplant\u0131s\u0131\u201dnda konu\u015fan Ba\u015fbakan \u00dcnal \u00dcstel, haz\u0131rlanan plan\u0131n halk\u0131n refah\u0131n\u0131 art\u0131rmak ve KKTC\u2019yi uluslararas\u0131 alanda hak etti\u011fi yere ta\u015f\u0131mak i\u00e7in at\u0131lm\u0131\u015f kararl\u0131 bir ad\u0131m oldu\u011funu vurgulad\u0131. \u201cKKTC 4. Be\u015f Y\u0131ll\u0131k Kalk\u0131nma Plan\u0131 Toplant\u0131s\u0131\u201d bug\u00fcn Lefko\u015fa Concorde Tower\u2019da yap\u0131ld\u0131. Cumhurba\u015fkan\u0131 Ersin Tatar, Cumhuriyet Meclisi Ba\u015fkan\u0131 Ziya \u00d6zt\u00fcrkler, T\u00fcrkiye Cumhuriyeti Cumhurba\u015fkan\u0131 Yard\u0131mc\u0131s\u0131","og_url":"https:\/\/kibrisdakik.com\/?p=74627","article_published_time":"2025-01-29T13:49:36+00:00","og_image":[{"width":2480,"height":1656,"url":"https:\/\/kibrisdakik.com\/wp-content\/uploads\/2025\/01\/1738153956172KKTC-4.-Bes-Yillik-Kalkinma-Plani-Toplantisi-3-so-740x420.jpg","type":"image\/jpeg"}],"author":"admin","twitter_card":"summary_large_image","twitter_misc":{"Yazan:":"admin","Tahmini okuma s\u00fcresi":"8 dakika"},"schema":{"@context":"https:\/\/schema.org","@graph":[{"@type":"Article","@id":"https:\/\/kibrisdakik.com\/?p=74627#article","isPartOf":{"@id":"https:\/\/kibrisdakik.com\/?p=74627"},"author":{"name":"admin","@id":"https:\/\/kibrisdakik.com\/#\/schema\/person\/9cd9d437bbb44f72b73ba127e06d8e79"},"headline":"Kalk\u0131nma Plan\u0131\u2026 \u00dcstel: \u201cPlan, KKTC\u2019yi uluslararas\u0131 alanda hak etti\u011fi yere ta\u015f\u0131mak i\u00e7in at\u0131lm\u0131\u015f kararl\u0131 bir ad\u0131md\u0131r\u201d","datePublished":"2025-01-29T13:49:36+00:00","mainEntityOfPage":{"@id":"https:\/\/kibrisdakik.com\/?p=74627"},"wordCount":1526,"commentCount":0,"image":{"@id":"https:\/\/kibrisdakik.com\/?p=74627#primaryimage"},"thumbnailUrl":"https:\/\/kibrisdakik.com\/wp-content\/uploads\/2025\/01\/1738153956172KKTC-4.-Bes-Yillik-Kalkinma-Plani-Toplantisi-3-so-740x420.jpg","articleSection":["K\u0131br\u0131s","Man\u015fet"],"inLanguage":"tr","potentialAction":[{"@type":"CommentAction","name":"Comment","target":["https:\/\/kibrisdakik.com\/?p=74627#respond"]}]},{"@type":"WebPage","@id":"https:\/\/kibrisdakik.com\/?p=74627","url":"https:\/\/kibrisdakik.com\/?p=74627","name":"Kalk\u0131nma Plan\u0131\u2026 \u00dcstel: \u201cPlan, KKTC\u2019yi uluslararas\u0131 alanda hak etti\u011fi yere ta\u015f\u0131mak i\u00e7in at\u0131lm\u0131\u015f kararl\u0131 bir ad\u0131md\u0131r\u201d -","isPartOf":{"@id":"https:\/\/kibrisdakik.com\/#website"},"primaryImageOfPage":{"@id":"https:\/\/kibrisdakik.com\/?p=74627#primaryimage"},"image":{"@id":"https:\/\/kibrisdakik.com\/?p=74627#primaryimage"},"thumbnailUrl":"https:\/\/kibrisdakik.com\/wp-content\/uploads\/2025\/01\/1738153956172KKTC-4.-Bes-Yillik-Kalkinma-Plani-Toplantisi-3-so-740x420.jpg","datePublished":"2025-01-29T13:49:36+00:00","author":{"@id":"https:\/\/kibrisdakik.com\/#\/schema\/person\/9cd9d437bbb44f72b73ba127e06d8e79"},"breadcrumb":{"@id":"https:\/\/kibrisdakik.com\/?p=74627#breadcrumb"},"inLanguage":"tr","potentialAction":[{"@type":"ReadAction","target":["https:\/\/kibrisdakik.com\/?p=74627"]}]},{"@type":"ImageObject","inLanguage":"tr","@id":"https:\/\/kibrisdakik.com\/?p=74627#primaryimage","url":"https:\/\/kibrisdakik.com\/wp-content\/uploads\/2025\/01\/1738153956172KKTC-4.-Bes-Yillik-Kalkinma-Plani-Toplantisi-3-so-740x420.jpg","contentUrl":"https:\/\/kibrisdakik.com\/wp-content\/uploads\/2025\/01\/1738153956172KKTC-4.-Bes-Yillik-Kalkinma-Plani-Toplantisi-3-so-740x420.jpg","width":2480,"height":1656},{"@type":"BreadcrumbList","@id":"https:\/\/kibrisdakik.com\/?p=74627#breadcrumb","itemListElement":[{"@type":"ListItem","position":1,"name":"Home","item":"https:\/\/kibrisdakik.com\/"},{"@type":"ListItem","position":2,"name":"Kalk\u0131nma Plan\u0131\u2026 \u00dcstel: \u201cPlan, KKTC\u2019yi uluslararas\u0131 alanda hak etti\u011fi yere ta\u015f\u0131mak i\u00e7in at\u0131lm\u0131\u015f kararl\u0131 bir ad\u0131md\u0131r\u201d"}]},{"@type":"WebSite","@id":"https:\/\/kibrisdakik.com\/#website","url":"https:\/\/kibrisdakik.com\/","name":"","description":"Tam vaktinde haber","potentialAction":[{"@type":"SearchAction","target":{"@type":"EntryPoint","urlTemplate":"https:\/\/kibrisdakik.com\/?s={search_term_string}"},"query-input":{"@type":"PropertyValueSpecification","valueRequired":true,"valueName":"search_term_string"}}],"inLanguage":"tr"},{"@type":"Person","@id":"https:\/\/kibrisdakik.com\/#\/schema\/person\/9cd9d437bbb44f72b73ba127e06d8e79","name":"admin","image":{"@type":"ImageObject","inLanguage":"tr","@id":"https:\/\/secure.gravatar.com\/avatar\/ccc17943b9d660506c869530f897617f7cb1c21a4bf30023f252596d83e1f007?s=96&d=mm&r=g","url":"https:\/\/secure.gravatar.com\/avatar\/ccc17943b9d660506c869530f897617f7cb1c21a4bf30023f252596d83e1f007?s=96&d=mm&r=g","contentUrl":"https:\/\/secure.gravatar.com\/avatar\/ccc17943b9d660506c869530f897617f7cb1c21a4bf30023f252596d83e1f007?s=96&d=mm&r=g","caption":"admin"},"sameAs":["https:\/\/kibrisdakik.com"],"url":"https:\/\/kibrisdakik.com\/?author=1"}]}},"_links":{"self":[{"href":"https:\/\/kibrisdakik.com\/index.php?rest_route=\/wp\/v2\/posts\/74627","targetHints":{"allow":["GET"]}}],"collection":[{"href":"https:\/\/kibrisdakik.com\/index.php?rest_route=\/wp\/v2\/posts"}],"about":[{"href":"https:\/\/kibrisdakik.com\/index.php?rest_route=\/wp\/v2\/types\/post"}],"author":[{"embeddable":true,"href":"https:\/\/kibrisdakik.com\/index.php?rest_route=\/wp\/v2\/users\/1"}],"replies":[{"embeddable":true,"href":"https:\/\/kibrisdakik.com\/index.php?rest_route=%2Fwp%2Fv2%2Fcomments&post=74627"}],"version-history":[{"count":0,"href":"https:\/\/kibrisdakik.com\/index.php?rest_route=\/wp\/v2\/posts\/74627\/revisions"}],"wp:featuredmedia":[{"embeddable":true,"href":"https:\/\/kibrisdakik.com\/index.php?rest_route=\/wp\/v2\/media\/74628"}],"wp:attachment":[{"href":"https:\/\/kibrisdakik.com\/index.php?rest_route=%2Fwp%2Fv2%2Fmedia&parent=74627"}],"wp:term":[{"taxonomy":"category","embeddable":true,"href":"https:\/\/kibrisdakik.com\/index.php?rest_route=%2Fwp%2Fv2%2Fcategories&post=74627"},{"taxonomy":"post_tag","embeddable":true,"href":"https:\/\/kibrisdakik.com\/index.php?rest_route=%2Fwp%2Fv2%2Ftags&post=74627"}],"curies":[{"name":"wp","href":"https:\/\/api.w.org\/{rel}","templated":true}]}}