{"id":74631,"date":"2025-01-29T16:58:48","date_gmt":"2025-01-29T13:58:48","guid":{"rendered":"https:\/\/kibrisdakik.com\/index.php\/2025\/01\/29\/hasipoglu-ve-candan-strazburgda-akpa-2025-ilk-olagan-oturumuna-katilarak-konusma-yapti\/"},"modified":"2025-01-29T16:58:48","modified_gmt":"2025-01-29T13:58:48","slug":"hasipoglu-ve-candan-strazburgda-akpa-2025-ilk-olagan-oturumuna-katilarak-konusma-yapti","status":"publish","type":"post","link":"https:\/\/kibrisdakik.com\/?p=74631","title":{"rendered":"Hasipo\u011flu ve Candan Strazburg\u2019da AKPA 2025 \u0130lk Ola\u011fan Oturumu\u2019na kat\u0131larak konu\u015fma yapt\u0131"},"content":{"rendered":"<div>\n<div class=\"mariselle-image-container center\">\n                                            <\/div>\n<p>\nKKTC Cumhuriyet Meclisi AKPA Temsilcileri UBP Genel Sekreteri Milletvekili O\u011fuzhan Hasipo\u011flu ve CTP Milletvekili Arma\u011fan Candan\u2019dan olu\u015fan Meclis heyeti, Avrupa Konseyi Parlamenter Asamblesi\u2019nin (AKPA) 2025 \u0130lk Ola\u011fan Oturumu\u2019na kat\u0131lmak \u00fczere Strazburg\u2019da bulunuyor.<\/p>\n<p>Meclisten verilen bilgiye g\u00f6re, heyet Genel Kurul toplant\u0131lar\u0131nda g\u00f6r\u00fc\u015f\u00fclen \u00e7e\u015fitli konularda s\u00f6z alarak konu\u015fma yapt\u0131.<\/p>\n<p>\u0130lk olarak Avrupa Konseyi Genel Sekreteri Alain Berset\u2019nin \u201c\u0130nsan Haklar\u0131 ve Hukukun \u00dcst\u00fcnl\u00fc\u011f\u00fc\u201d konulu konu\u015fmas\u0131n\u0131n ard\u0131ndan s\u00f6z alan O\u011fuzhan Hasipo\u011flu, Genel Sekreter\u2019in konu\u015fmas\u0131na atfen KKTC\u2019nin Avrupa \u0130nsan Haklar\u0131 Mahkemesi\u2019nin kararlar\u0131 \u0131\u015f\u0131\u011f\u0131nda hareket etti\u011fini, A\u0130HM\u2019in Xenides-Arestis karar\u0131ndan sonra Ta\u015f\u0131nmaz Mal Komisyonu\u2019nun (TMK) kuruldu\u011funu ve bug\u00fcne kadar G\u00fcney K\u0131br\u0131s vatanda\u015flar\u0131na 511 milyon sterlin \u00fczerinde \u00f6deme yap\u0131ld\u0131\u011f\u0131n\u0131; buna mukabil GKRY\u2019nin G\u00fcney\u2019de mal b\u0131rakan K\u0131br\u0131sl\u0131 T\u00fcrkler i\u00e7in herhangi bir i\u00e7 hukuk y\u00f6ntemi \u00fcretmedi\u011fini, dahas\u0131 K\u0131br\u0131sl\u0131 T\u00fcrklerin mallar\u0131n\u0131 habersiz \u015fekilde kamula\u015ft\u0131rd\u0131\u011f\u0131n\u0131 ifade etti.<\/p>\n<p>Hasipo\u011flu, ayr\u0131ca, GKRY\u2019nin Kuzey K\u0131br\u0131s\u2019ta faaliyette bulunan i\u015f insanlar\u0131n\u0131 tutuklamakta oldu\u011funu, iki Macar, bir Alman vatanda\u015f\u0131 ve bir \u0130srailli i\u015f adam\u0131n\u0131n tutuklulu\u011funun h\u00e2l\u00e2 devam etti\u011fini ve bu s\u00fcrenin alt\u0131 ay\u0131 ge\u00e7ti\u011fini Genel Kurul\u2019da ifade etti.<\/p>\n<p>Hasipo\u011flu, Avrupa Konseyi\u2019nden bu haks\u0131z tutuklamalar\u0131 \u00f6nlemek i\u00e7in ad\u0131mlar at\u0131lmas\u0131 ve tutuklama s\u00fcre\u00e7lerinin yak\u0131n takibe al\u0131nmas\u0131 gerekti\u011fini Genel Sekreter\u2019in dikkatine getirerek, bu hususta gerekli giri\u015fimlerin yap\u0131lmas\u0131n\u0131 talep etti.<\/p>\n<p>Milletvekili O\u011fuzhan Hasipo\u011flu, 7 bin 970 Rum vatanda\u015f\u0131n\u0131n TMK\u2019ya ba\u015fvuru yaparak A\u0130HM\u2019i etkin i\u00e7 hukuk yolu olarak kabul etti\u011fini hat\u0131rlatarak, GKRY\u2019nin de TMK\u2019n\u0131n yetkisini kabul etmesi i\u00e7in Avrupa Konseyi\u2019nin \u00e7a\u011fr\u0131da bulunmas\u0131n\u0131n gereklili\u011fini hat\u0131rlatt\u0131.<\/p>\n<p>Hasipo\u011flu, Genel Kurul\u2019da g\u00f6r\u00fc\u015f\u00fclen \u201cparal\u0131 asker, \u00f6zel asker ve g\u00fcvenlik \u015firketlerinin insan haklar\u0131 ve hukukun \u00fcst\u00fcnl\u00fc\u011f\u00fcne kar\u015f\u0131 olu\u015fturdu\u011fu riskler \u2013 kapsaml\u0131 bir d\u00fczenleme i\u00e7in \u00e7a\u011fr\u0131\u201d konulu oturumda da s\u00f6z alarak, GKRY\u2019nin son y\u0131llarda a\u015f\u0131r\u0131 silahlanma faaliyetlerine dikkat \u00e7ekti ve Konsey Genel Kurulu\u2019na bu hususta ayr\u0131nt\u0131l\u0131 bilgi aktard\u0131.<\/p>\n<p>Hasipo\u011flu, ABD\u2019nin silah ambargosunu kald\u0131rarak Rum ordusuna askeri e\u011fitim vermeye ba\u015flamas\u0131, ayr\u0131ca GKRY\u2019nin \u0130srail taraf\u0131ndan silahland\u0131r\u0131lmas\u0131, hava ve deniz sahalar\u0131n\u0131 \u0130ngiltere, Fransa, \u0130srail, ABD\u2019ye a\u00e7m\u0131\u015f olmas\u0131n\u0131n Aday\u0131 adeta bir y\u00fczen sava\u015f gemisi haline getirdi\u011fini vurgulad\u0131.<\/p>\n<p>-\u201cRum taraf\u0131n\u0131n silahlanma \u00e7abalar\u0131 beyhude\u2026\u201d<\/p>\n<p>BM Genel Sekreteri\u2019nin Ocak ay\u0131nda yay\u0131nlanan BMBG raporunda GKRY\u2019nin sivil alanlara askeri konu\u015fland\u0131rma yapt\u0131\u011f\u0131 y\u00f6n\u00fcnde ele\u015ftirdi\u011fini de dikkatlere getiren Hasipo\u011flu, bu askeri silahlanman\u0131n gelecekte planlanan i\u015f birli\u011fi g\u00f6r\u00fc\u015fmelerine fayda sa\u011flamayaca\u011f\u0131n\u0131 ifade etti. Bu silahlanmalar\u0131n kime kar\u015f\u0131 yap\u0131ld\u0131\u011f\u0131n\u0131 sorgulayan Hasipo\u011flu, s\u00f6z konusu \u00e7abalar\u0131n beyhude oldu\u011funu kaydetti.<\/p>\n<p>TC Cumhurba\u015fkan\u0131 Recep Tayyip Erdo\u011fan liderli\u011finde T\u00fcrkiye\u2019nin Adadaki bar\u0131\u015f ve huzurun devaml\u0131l\u0131\u011f\u0131 konusunda asla \u00f6rd\u00fcn vermeyece\u011fini kaydeden Hasipo\u011flu, T\u00fcrkiye\u2019nin 1974 Mutlu Bar\u0131\u015f Harek\u00e2t\u0131\u2019ndan bug\u00fcne kadar Adada bar\u0131\u015f ve huzurun teminat\u0131 oldu\u011funu ifade etti.<\/p>\n<p>CTP Milletvekili Arma\u011fan Candan da AKPA Genel Kurulu\u2019nun g\u00fcndem maddelerinden biri olan Gazze Raporuyla ilgili s\u00f6z alarak konu\u015fma yapt\u0131. Candan, Gazze\u2019de var\u0131lan ate\u015fkes anla\u015fmas\u0131n\u0131n s\u00fcrd\u00fcr\u00fclebilir olmas\u0131 gerekti\u011fini, bug\u00fcne kadar binlerce can kaybedildi\u011fini, Gazze\u2019nin yeniden in\u015fas\u0131 i\u00e7in uluslararas\u0131 toplumun \u00fcst\u00fcne d\u00fc\u015feni yapmas\u0131 gerekti\u011fini ve \u0130srail ile Filistin\u2019in birbirlerinin varl\u0131\u011f\u0131n\u0131 tan\u0131yacak bir \u00e7\u00f6z\u00fcm s\u00fcrecine girmesi gerekti\u011fini vurgulad\u0131.<\/p>\n<p>Arma\u011fan Candan, AKPA Genel Kurulu\u2019nda yapt\u0131\u011f\u0131 bir di\u011fer konu\u015fmada K\u0131br\u0131s meselesinde son geli\u015fmelerle ilgili bilgi vererek, mart ay\u0131 i\u00e7inde \u0130svi\u00e7re\u2019de BM\u2019nin ev sahipli\u011finde uluslararas\u0131 bir toplant\u0131 ger\u00e7ekle\u015ftirilece\u011fini, bu toplant\u0131ya K\u0131br\u0131s\u2019taki iki taraf ve Garant\u00f6r \u00dclkelerin kat\u0131laca\u011f\u0131n\u0131 vurgulad\u0131.<\/p>\n<p>-\u201cK\u0131br\u0131s\u2019taki t\u00fcm taraflar\u0131 bir yol haritas\u0131 i\u00e7in \u00e7aba g\u00f6stermeye davet ediyorum\u201d<\/p>\n<p>K\u0131br\u0131s sorununun daha fazla \u00e7\u00f6z\u00fcms\u00fcz kalamayaca\u011f\u0131n\u0131, mevcut stat\u00fckonun s\u00fcrd\u00fcr\u00fclebilir olmad\u0131\u011f\u0131n\u0131 ifade eden Candan, t\u00fcm taraflar\u0131 mart ay\u0131nda yap\u0131lacak toplant\u0131da uzla\u015f\u0131yla var\u0131lacak bir yol haritas\u0131n\u0131n ortaya \u00e7\u0131kmas\u0131 i\u00e7in \u00e7aba g\u00f6stermeye davet etti.<\/p>\n<p>Cumhuriyet Meclisi heyeti, AKPA nezdinde y\u00fcr\u00fctt\u00fc\u011f\u00fc temas ve \u00e7al\u0131\u015fmalar\u0131n\u0131 tamamlayarak yar\u0131n yurda d\u00f6necek.<\/p>\n<\/p><\/div>\n<p><script async\n                    defer\n                    crossorigin=\"anonymous\"\n                    src=\"https:\/\/connect.facebook.net\/tr_TR\/sdk.js#xfbml=1&#038;version=v3.3\"\n            ><\/script><\/p>\n","protected":false},"excerpt":{"rendered":"<p>KKTC Cumhuriyet Meclisi AKPA Temsilcileri UBP Genel Sekreteri Milletvekili O\u011fuzhan Hasipo\u011flu ve CTP Milletvekili Arma\u011fan Candan\u2019dan olu\u015fan Meclis heyeti, Avrupa Konseyi Parlamenter Asamblesi\u2019nin (AKPA) 2025 \u0130lk Ola\u011fan Oturumu\u2019na kat\u0131lmak \u00fczere Strazburg\u2019da bulunuyor. Meclisten verilen bilgiye g\u00f6re, heyet Genel Kurul toplant\u0131lar\u0131nda g\u00f6r\u00fc\u015f\u00fclen \u00e7e\u015fitli konularda s\u00f6z alarak konu\u015fma yapt\u0131. \u0130lk olarak Avrupa Konseyi Genel Sekreteri Alain Berset\u2019nin<\/p>\n","protected":false},"author":1,"featured_media":74632,"comment_status":"open","ping_status":"open","sticky":false,"template":"","format":"standard","meta":{"footnotes":""},"categories":[81,101],"tags":[],"class_list":["post-74631","post","type-post","status-publish","format-standard","has-post-thumbnail","hentry","category-kibris","category-manset"],"yoast_head":"<!-- This site is optimized with the Yoast SEO plugin v27.4 - https:\/\/yoast.com\/product\/yoast-seo-wordpress\/ -->\n<title>Hasipo\u011flu ve Candan Strazburg\u2019da AKPA 2025 \u0130lk Ola\u011fan Oturumu\u2019na kat\u0131larak konu\u015fma yapt\u0131 -<\/title>\n<meta name=\"robots\" content=\"index, follow, max-snippet:-1, max-image-preview:large, max-video-preview:-1\" \/>\n<link rel=\"canonical\" href=\"https:\/\/kibrisdakik.com\/?p=74631\" \/>\n<meta property=\"og:locale\" content=\"tr_TR\" \/>\n<meta property=\"og:type\" content=\"article\" \/>\n<meta property=\"og:title\" content=\"Hasipo\u011flu ve Candan Strazburg\u2019da AKPA 2025 \u0130lk Ola\u011fan Oturumu\u2019na kat\u0131larak konu\u015fma yapt\u0131 -\" \/>\n<meta property=\"og:description\" content=\"KKTC Cumhuriyet Meclisi AKPA Temsilcileri UBP Genel Sekreteri Milletvekili O\u011fuzhan Hasipo\u011flu ve CTP Milletvekili Arma\u011fan Candan\u2019dan olu\u015fan Meclis heyeti, Avrupa Konseyi Parlamenter Asamblesi\u2019nin (AKPA) 2025 \u0130lk Ola\u011fan Oturumu\u2019na kat\u0131lmak \u00fczere Strazburg\u2019da bulunuyor. Meclisten verilen bilgiye g\u00f6re, heyet Genel Kurul toplant\u0131lar\u0131nda g\u00f6r\u00fc\u015f\u00fclen \u00e7e\u015fitli konularda s\u00f6z alarak konu\u015fma yapt\u0131. \u0130lk olarak Avrupa Konseyi Genel Sekreteri Alain Berset\u2019nin\" \/>\n<meta property=\"og:url\" content=\"https:\/\/kibrisdakik.com\/?p=74631\" \/>\n<meta property=\"article:published_time\" content=\"2025-01-29T13:58:48+00:00\" \/>\n<meta property=\"og:image\" content=\"https:\/\/kibrisdakik.com\/wp-content\/uploads\/2025\/01\/1738155378421MECLIS-AKPA-2-740x420.jpg\" \/>\n\t<meta property=\"og:image:width\" content=\"954\" \/>\n\t<meta property=\"og:image:height\" content=\"830\" \/>\n\t<meta property=\"og:image:type\" content=\"image\/jpeg\" \/>\n<meta name=\"author\" content=\"admin\" \/>\n<meta name=\"twitter:card\" content=\"summary_large_image\" \/>\n<meta name=\"twitter:label1\" content=\"Yazan:\" \/>\n\t<meta name=\"twitter:data1\" content=\"admin\" \/>\n\t<meta name=\"twitter:label2\" content=\"Tahmini okuma s\u00fcresi\" \/>\n\t<meta name=\"twitter:data2\" content=\"4 dakika\" \/>\n<script type=\"application\/ld+json\" class=\"yoast-schema-graph\">{\"@context\":\"https:\\\/\\\/schema.org\",\"@graph\":[{\"@type\":\"Article\",\"@id\":\"https:\\\/\\\/kibrisdakik.com\\\/?p=74631#article\",\"isPartOf\":{\"@id\":\"https:\\\/\\\/kibrisdakik.com\\\/?p=74631\"},\"author\":{\"name\":\"admin\",\"@id\":\"https:\\\/\\\/kibrisdakik.com\\\/#\\\/schema\\\/person\\\/9cd9d437bbb44f72b73ba127e06d8e79\"},\"headline\":\"Hasipo\u011flu ve Candan Strazburg\u2019da AKPA 2025 \u0130lk Ola\u011fan Oturumu\u2019na kat\u0131larak konu\u015fma yapt\u0131\",\"datePublished\":\"2025-01-29T13:58:48+00:00\",\"mainEntityOfPage\":{\"@id\":\"https:\\\/\\\/kibrisdakik.com\\\/?p=74631\"},\"wordCount\":823,\"commentCount\":0,\"image\":{\"@id\":\"https:\\\/\\\/kibrisdakik.com\\\/?p=74631#primaryimage\"},\"thumbnailUrl\":\"https:\\\/\\\/kibrisdakik.com\\\/wp-content\\\/uploads\\\/2025\\\/01\\\/1738155378421MECLIS-AKPA-2-740x420.jpg\",\"articleSection\":[\"K\u0131br\u0131s\",\"Man\u015fet\"],\"inLanguage\":\"tr\",\"potentialAction\":[{\"@type\":\"CommentAction\",\"name\":\"Comment\",\"target\":[\"https:\\\/\\\/kibrisdakik.com\\\/?p=74631#respond\"]}]},{\"@type\":\"WebPage\",\"@id\":\"https:\\\/\\\/kibrisdakik.com\\\/?p=74631\",\"url\":\"https:\\\/\\\/kibrisdakik.com\\\/?p=74631\",\"name\":\"Hasipo\u011flu ve Candan Strazburg\u2019da AKPA 2025 \u0130lk Ola\u011fan Oturumu\u2019na kat\u0131larak konu\u015fma yapt\u0131 -\",\"isPartOf\":{\"@id\":\"https:\\\/\\\/kibrisdakik.com\\\/#website\"},\"primaryImageOfPage\":{\"@id\":\"https:\\\/\\\/kibrisdakik.com\\\/?p=74631#primaryimage\"},\"image\":{\"@id\":\"https:\\\/\\\/kibrisdakik.com\\\/?p=74631#primaryimage\"},\"thumbnailUrl\":\"https:\\\/\\\/kibrisdakik.com\\\/wp-content\\\/uploads\\\/2025\\\/01\\\/1738155378421MECLIS-AKPA-2-740x420.jpg\",\"datePublished\":\"2025-01-29T13:58:48+00:00\",\"author\":{\"@id\":\"https:\\\/\\\/kibrisdakik.com\\\/#\\\/schema\\\/person\\\/9cd9d437bbb44f72b73ba127e06d8e79\"},\"breadcrumb\":{\"@id\":\"https:\\\/\\\/kibrisdakik.com\\\/?p=74631#breadcrumb\"},\"inLanguage\":\"tr\",\"potentialAction\":[{\"@type\":\"ReadAction\",\"target\":[\"https:\\\/\\\/kibrisdakik.com\\\/?p=74631\"]}]},{\"@type\":\"ImageObject\",\"inLanguage\":\"tr\",\"@id\":\"https:\\\/\\\/kibrisdakik.com\\\/?p=74631#primaryimage\",\"url\":\"https:\\\/\\\/kibrisdakik.com\\\/wp-content\\\/uploads\\\/2025\\\/01\\\/1738155378421MECLIS-AKPA-2-740x420.jpg\",\"contentUrl\":\"https:\\\/\\\/kibrisdakik.com\\\/wp-content\\\/uploads\\\/2025\\\/01\\\/1738155378421MECLIS-AKPA-2-740x420.jpg\",\"width\":954,\"height\":830},{\"@type\":\"BreadcrumbList\",\"@id\":\"https:\\\/\\\/kibrisdakik.com\\\/?p=74631#breadcrumb\",\"itemListElement\":[{\"@type\":\"ListItem\",\"position\":1,\"name\":\"Home\",\"item\":\"https:\\\/\\\/kibrisdakik.com\\\/\"},{\"@type\":\"ListItem\",\"position\":2,\"name\":\"Hasipo\u011flu ve Candan Strazburg\u2019da AKPA 2025 \u0130lk Ola\u011fan Oturumu\u2019na kat\u0131larak konu\u015fma yapt\u0131\"}]},{\"@type\":\"WebSite\",\"@id\":\"https:\\\/\\\/kibrisdakik.com\\\/#website\",\"url\":\"https:\\\/\\\/kibrisdakik.com\\\/\",\"name\":\"\",\"description\":\"Tam vaktinde haber\",\"potentialAction\":[{\"@type\":\"SearchAction\",\"target\":{\"@type\":\"EntryPoint\",\"urlTemplate\":\"https:\\\/\\\/kibrisdakik.com\\\/?s={search_term_string}\"},\"query-input\":{\"@type\":\"PropertyValueSpecification\",\"valueRequired\":true,\"valueName\":\"search_term_string\"}}],\"inLanguage\":\"tr\"},{\"@type\":\"Person\",\"@id\":\"https:\\\/\\\/kibrisdakik.com\\\/#\\\/schema\\\/person\\\/9cd9d437bbb44f72b73ba127e06d8e79\",\"name\":\"admin\",\"image\":{\"@type\":\"ImageObject\",\"inLanguage\":\"tr\",\"@id\":\"https:\\\/\\\/secure.gravatar.com\\\/avatar\\\/ccc17943b9d660506c869530f897617f7cb1c21a4bf30023f252596d83e1f007?s=96&d=mm&r=g\",\"url\":\"https:\\\/\\\/secure.gravatar.com\\\/avatar\\\/ccc17943b9d660506c869530f897617f7cb1c21a4bf30023f252596d83e1f007?s=96&d=mm&r=g\",\"contentUrl\":\"https:\\\/\\\/secure.gravatar.com\\\/avatar\\\/ccc17943b9d660506c869530f897617f7cb1c21a4bf30023f252596d83e1f007?s=96&d=mm&r=g\",\"caption\":\"admin\"},\"sameAs\":[\"https:\\\/\\\/kibrisdakik.com\"],\"url\":\"https:\\\/\\\/kibrisdakik.com\\\/?author=1\"}]}<\/script>\n<!-- \/ Yoast SEO plugin. -->","yoast_head_json":{"title":"Hasipo\u011flu ve Candan Strazburg\u2019da AKPA 2025 \u0130lk Ola\u011fan Oturumu\u2019na kat\u0131larak konu\u015fma yapt\u0131 -","robots":{"index":"index","follow":"follow","max-snippet":"max-snippet:-1","max-image-preview":"max-image-preview:large","max-video-preview":"max-video-preview:-1"},"canonical":"https:\/\/kibrisdakik.com\/?p=74631","og_locale":"tr_TR","og_type":"article","og_title":"Hasipo\u011flu ve Candan Strazburg\u2019da AKPA 2025 \u0130lk Ola\u011fan Oturumu\u2019na kat\u0131larak konu\u015fma yapt\u0131 -","og_description":"KKTC Cumhuriyet Meclisi AKPA Temsilcileri UBP Genel Sekreteri Milletvekili O\u011fuzhan Hasipo\u011flu ve CTP Milletvekili Arma\u011fan Candan\u2019dan olu\u015fan Meclis heyeti, Avrupa Konseyi Parlamenter Asamblesi\u2019nin (AKPA) 2025 \u0130lk Ola\u011fan Oturumu\u2019na kat\u0131lmak \u00fczere Strazburg\u2019da bulunuyor. Meclisten verilen bilgiye g\u00f6re, heyet Genel Kurul toplant\u0131lar\u0131nda g\u00f6r\u00fc\u015f\u00fclen \u00e7e\u015fitli konularda s\u00f6z alarak konu\u015fma yapt\u0131. \u0130lk olarak Avrupa Konseyi Genel Sekreteri Alain Berset\u2019nin","og_url":"https:\/\/kibrisdakik.com\/?p=74631","article_published_time":"2025-01-29T13:58:48+00:00","og_image":[{"width":954,"height":830,"url":"https:\/\/kibrisdakik.com\/wp-content\/uploads\/2025\/01\/1738155378421MECLIS-AKPA-2-740x420.jpg","type":"image\/jpeg"}],"author":"admin","twitter_card":"summary_large_image","twitter_misc":{"Yazan:":"admin","Tahmini okuma s\u00fcresi":"4 dakika"},"schema":{"@context":"https:\/\/schema.org","@graph":[{"@type":"Article","@id":"https:\/\/kibrisdakik.com\/?p=74631#article","isPartOf":{"@id":"https:\/\/kibrisdakik.com\/?p=74631"},"author":{"name":"admin","@id":"https:\/\/kibrisdakik.com\/#\/schema\/person\/9cd9d437bbb44f72b73ba127e06d8e79"},"headline":"Hasipo\u011flu ve Candan Strazburg\u2019da AKPA 2025 \u0130lk Ola\u011fan Oturumu\u2019na kat\u0131larak konu\u015fma yapt\u0131","datePublished":"2025-01-29T13:58:48+00:00","mainEntityOfPage":{"@id":"https:\/\/kibrisdakik.com\/?p=74631"},"wordCount":823,"commentCount":0,"image":{"@id":"https:\/\/kibrisdakik.com\/?p=74631#primaryimage"},"thumbnailUrl":"https:\/\/kibrisdakik.com\/wp-content\/uploads\/2025\/01\/1738155378421MECLIS-AKPA-2-740x420.jpg","articleSection":["K\u0131br\u0131s","Man\u015fet"],"inLanguage":"tr","potentialAction":[{"@type":"CommentAction","name":"Comment","target":["https:\/\/kibrisdakik.com\/?p=74631#respond"]}]},{"@type":"WebPage","@id":"https:\/\/kibrisdakik.com\/?p=74631","url":"https:\/\/kibrisdakik.com\/?p=74631","name":"Hasipo\u011flu ve Candan Strazburg\u2019da AKPA 2025 \u0130lk Ola\u011fan Oturumu\u2019na kat\u0131larak konu\u015fma yapt\u0131 -","isPartOf":{"@id":"https:\/\/kibrisdakik.com\/#website"},"primaryImageOfPage":{"@id":"https:\/\/kibrisdakik.com\/?p=74631#primaryimage"},"image":{"@id":"https:\/\/kibrisdakik.com\/?p=74631#primaryimage"},"thumbnailUrl":"https:\/\/kibrisdakik.com\/wp-content\/uploads\/2025\/01\/1738155378421MECLIS-AKPA-2-740x420.jpg","datePublished":"2025-01-29T13:58:48+00:00","author":{"@id":"https:\/\/kibrisdakik.com\/#\/schema\/person\/9cd9d437bbb44f72b73ba127e06d8e79"},"breadcrumb":{"@id":"https:\/\/kibrisdakik.com\/?p=74631#breadcrumb"},"inLanguage":"tr","potentialAction":[{"@type":"ReadAction","target":["https:\/\/kibrisdakik.com\/?p=74631"]}]},{"@type":"ImageObject","inLanguage":"tr","@id":"https:\/\/kibrisdakik.com\/?p=74631#primaryimage","url":"https:\/\/kibrisdakik.com\/wp-content\/uploads\/2025\/01\/1738155378421MECLIS-AKPA-2-740x420.jpg","contentUrl":"https:\/\/kibrisdakik.com\/wp-content\/uploads\/2025\/01\/1738155378421MECLIS-AKPA-2-740x420.jpg","width":954,"height":830},{"@type":"BreadcrumbList","@id":"https:\/\/kibrisdakik.com\/?p=74631#breadcrumb","itemListElement":[{"@type":"ListItem","position":1,"name":"Home","item":"https:\/\/kibrisdakik.com\/"},{"@type":"ListItem","position":2,"name":"Hasipo\u011flu ve Candan Strazburg\u2019da AKPA 2025 \u0130lk Ola\u011fan Oturumu\u2019na kat\u0131larak konu\u015fma yapt\u0131"}]},{"@type":"WebSite","@id":"https:\/\/kibrisdakik.com\/#website","url":"https:\/\/kibrisdakik.com\/","name":"","description":"Tam vaktinde haber","potentialAction":[{"@type":"SearchAction","target":{"@type":"EntryPoint","urlTemplate":"https:\/\/kibrisdakik.com\/?s={search_term_string}"},"query-input":{"@type":"PropertyValueSpecification","valueRequired":true,"valueName":"search_term_string"}}],"inLanguage":"tr"},{"@type":"Person","@id":"https:\/\/kibrisdakik.com\/#\/schema\/person\/9cd9d437bbb44f72b73ba127e06d8e79","name":"admin","image":{"@type":"ImageObject","inLanguage":"tr","@id":"https:\/\/secure.gravatar.com\/avatar\/ccc17943b9d660506c869530f897617f7cb1c21a4bf30023f252596d83e1f007?s=96&d=mm&r=g","url":"https:\/\/secure.gravatar.com\/avatar\/ccc17943b9d660506c869530f897617f7cb1c21a4bf30023f252596d83e1f007?s=96&d=mm&r=g","contentUrl":"https:\/\/secure.gravatar.com\/avatar\/ccc17943b9d660506c869530f897617f7cb1c21a4bf30023f252596d83e1f007?s=96&d=mm&r=g","caption":"admin"},"sameAs":["https:\/\/kibrisdakik.com"],"url":"https:\/\/kibrisdakik.com\/?author=1"}]}},"_links":{"self":[{"href":"https:\/\/kibrisdakik.com\/index.php?rest_route=\/wp\/v2\/posts\/74631","targetHints":{"allow":["GET"]}}],"collection":[{"href":"https:\/\/kibrisdakik.com\/index.php?rest_route=\/wp\/v2\/posts"}],"about":[{"href":"https:\/\/kibrisdakik.com\/index.php?rest_route=\/wp\/v2\/types\/post"}],"author":[{"embeddable":true,"href":"https:\/\/kibrisdakik.com\/index.php?rest_route=\/wp\/v2\/users\/1"}],"replies":[{"embeddable":true,"href":"https:\/\/kibrisdakik.com\/index.php?rest_route=%2Fwp%2Fv2%2Fcomments&post=74631"}],"version-history":[{"count":0,"href":"https:\/\/kibrisdakik.com\/index.php?rest_route=\/wp\/v2\/posts\/74631\/revisions"}],"wp:featuredmedia":[{"embeddable":true,"href":"https:\/\/kibrisdakik.com\/index.php?rest_route=\/wp\/v2\/media\/74632"}],"wp:attachment":[{"href":"https:\/\/kibrisdakik.com\/index.php?rest_route=%2Fwp%2Fv2%2Fmedia&parent=74631"}],"wp:term":[{"taxonomy":"category","embeddable":true,"href":"https:\/\/kibrisdakik.com\/index.php?rest_route=%2Fwp%2Fv2%2Fcategories&post=74631"},{"taxonomy":"post_tag","embeddable":true,"href":"https:\/\/kibrisdakik.com\/index.php?rest_route=%2Fwp%2Fv2%2Ftags&post=74631"}],"curies":[{"name":"wp","href":"https:\/\/api.w.org\/{rel}","templated":true}]}}