{"id":74633,"date":"2025-01-29T17:02:05","date_gmt":"2025-01-29T14:02:05","guid":{"rendered":"https:\/\/kibrisdakik.com\/index.php\/2025\/01\/29\/yilmaz-kktc-4-bes-yillik-kalkinma-planini-degerlendirdi-onemli-bir-donum-noktasi-ve-guclu-bir-kalkinma-hamlesinin-baslangici\/"},"modified":"2025-01-29T17:02:05","modified_gmt":"2025-01-29T14:02:05","slug":"yilmaz-kktc-4-bes-yillik-kalkinma-planini-degerlendirdi-onemli-bir-donum-noktasi-ve-guclu-bir-kalkinma-hamlesinin-baslangici","status":"publish","type":"post","link":"https:\/\/kibrisdakik.com\/?p=74633","title":{"rendered":"Y\u0131lmaz KKTC 4. Be\u015f Y\u0131ll\u0131k Kalk\u0131nma Plan\u0131\u2019n\u0131 de\u011ferlendirdi: \u201c\u00d6nemli bir d\u00f6n\u00fcm noktas\u0131 ve g\u00fc\u00e7l\u00fc bir kalk\u0131nma hamlesinin ba\u015flang\u0131c\u0131\u201d"},"content":{"rendered":"<div>\n<div class=\"mariselle-image-container center\">\n                                            <\/div>\n<p>T\u00fcrkiye Cumhuriyeti Cumhurba\u015fkan\u0131 Yard\u0131mc\u0131s\u0131 Cevdet Y\u0131lmaz, \u201cKKTC 4. Be\u015f Y\u0131ll\u0131k Kalk\u0131nma Plan\u0131n\u0131n\u201d  K\u0131br\u0131s T\u00fcrk halk\u0131n\u0131n gelece\u011fi ad\u0131na \u00f6nemli bir d\u00f6n\u00fcm noktas\u0131 ve g\u00fc\u00e7l\u00fc bir kalk\u0131nma hamlesinin ba\u015flang\u0131c\u0131 oldu\u011funu belirtti<\/p>\n<p>D\u00f6rd\u00fcnc\u00fc Be\u015f Y\u0131ll\u0131k Kalk\u0131nma Plan\u0131\u2019n\u0131n KKTC\u2019nin ekonomik b\u00fcy\u00fcme s\u00fcrecini derinlemesine \u015fekillendirirken toplumun her kesimine hizmet etmeyi ve sosyal refah\u0131 art\u0131rmay\u0131 hedefleyen kapsaml\u0131 bir politika seti sundu\u011funu belirten Y\u0131lmaz,  2025-2029 d\u00f6neminde KKTC ekonomisinde y\u0131ll\u0131k ortalama y\u00fczde 5 oran\u0131nda b\u00fcy\u00fcme hedeflendi\u011fini kaydetti.<\/p>\n<p>T\u00fcrkiye Cumhuriyeti Cumhurba\u015fkan\u0131 Yard\u0131mc\u0131s\u0131 Cevdet Y\u0131lmaz, \u201cKKTC 4. Be\u015f Y\u0131ll\u0131k Kalk\u0131nma Plan\u0131 Toplant\u0131s\u0131\u201dnda konu\u015fma yapt\u0131.<\/p>\n<p>-\u201cKalk\u0131nma Plan\u0131 tarihi bir ad\u0131m\u201d<\/p>\n<p>Y\u0131lmaz,\u201d4. Be\u015f Y\u0131ll\u0131k Kalk\u0131nma Plan\u0131n\u201d, planl\u0131 kalk\u0131nma anlay\u0131\u015f\u0131n\u0131n Kuzey K\u0131br\u0131s\u2019ta yeniden \u00f6ne \u00e7\u0131kar\u0131lmas\u0131 y\u00f6n\u00fcnde tarihi bir ad\u0131m olarak de\u011ferlendirildi\u011fini s\u00f6yledi.<\/p>\n<div class=\"mariselle-image-container center\">\n                <img loading=\"lazy\" decoding=\"async\" width=\"2480\" height=\"1656\" class=\"lazy-image\" alt=\"\" sizes=\"auto, (max-width: 2480px) 100vw, 2480px\" src=\"https:\/\/brtk.net\/wp-content\/uploads\/2025\/01\/29\/1738154786105KKTC-4.-Bes-Yillik-Kalkinma-Plani-Toplantisi-4-so.jpg?ver=1d7e65af1ac98adf0eefa1a0fb5df070\" srcset=\"https:\/\/brtk.net\/wp-content\/uploads\/2025\/01\/29\/1738154786105KKTC-4.-Bes-Yillik-Kalkinma-Plani-Toplantisi-4-so.jpg?ver=1d7e65af1ac98adf0eefa1a0fb5df070 2480w, https:\/\/brtk.net\/wp-content\/uploads\/2025\/01\/29\/1738154786105KKTC-4.-Bes-Yillik-Kalkinma-Plani-Toplantisi-4-so-300x200.jpg?ver=6624695adc4e473778e28dec89402612 300w, https:\/\/brtk.net\/wp-content\/uploads\/2025\/01\/29\/1738154786105KKTC-4.-Bes-Yillik-Kalkinma-Plani-Toplantisi-4-so-1024x684.jpg?ver=6624695adc4e473778e28dec89402612 1024w, https:\/\/brtk.net\/wp-content\/uploads\/2025\/01\/29\/1738154786105KKTC-4.-Bes-Yillik-Kalkinma-Plani-Toplantisi-4-so-768x513.jpg?ver=0fb1634968696f4b0be1f6ce33fdea21 768w, https:\/\/brtk.net\/wp-content\/uploads\/2025\/01\/29\/1738154786105KKTC-4.-Bes-Yillik-Kalkinma-Plani-Toplantisi-4-so-1536x1026.jpg?ver=cb9773ebe9f41d654c27d1f7556d0119 1536w, https:\/\/brtk.net\/wp-content\/uploads\/2025\/01\/29\/1738154786105KKTC-4.-Bes-Yillik-Kalkinma-Plani-Toplantisi-4-so-2048x1368.jpg?ver=686bfaf67a27f0d62321a55f1603639d 2048w\"\/>                            <\/div>\n<p>Y\u0131lmaz, T\u00fcrkiye ile Kuzey K\u0131br\u0131s T\u00fcrk Cumhuriyeti aras\u0131nda her alanda i\u015fbirli\u011finin \u201c\u0130ktisadi ve Mali \u0130\u015fbirli\u011fi anla\u015fmalar\u0131\u201d \u00e7er\u00e7evesinde ilerledi\u011fini dile getiren Y\u0131lmaz, Kalk\u0131nma Plan\u0131\u2019n\u0131n hem i\u015fbirli\u011fine g\u00fc\u00e7l\u00fc bir altyap\u0131 sunaca\u011f\u0131n\u0131, hem de K\u0131br\u0131s T\u00fcrk\u00fc\u2019n\u00fcn refah\u0131 i\u00e7in \u00f6nemli bir merhale olaca\u011f\u0131n\u0131 kaydetti.<\/p>\n<p>Y\u0131lmaz, bug\u00fcn sunulan D\u00f6rd\u00fcnc\u00fc Kalk\u0131nma Plan\u0131n\u0131n, planl\u0131 kalk\u0131nma anlay\u0131\u015f\u0131n\u0131n Kuzey K\u0131br\u0131s\u2019ta yeniden \u00f6ne \u00e7\u0131kar\u0131lmas\u0131 y\u00f6n\u00fcnde tarihi bir ad\u0131m olarak de\u011ferlendirildi\u011fini dile getirdi.<\/p>\n<p>T\u00fcrkiye ve Kuzey K\u0131br\u0131s T\u00fcrk Cumhuriyeti aras\u0131ndaki ba\u011f\u0131n k\u00f6klerinin tarihin derinliklerine uzanan bir karde\u015flik hik\u00e2yesi oldu\u011funu s\u00f6yleyen Y\u0131lmaz,  \u201cBu hik\u00e2ye, inan\u00e7 ve kararl\u0131l\u0131kla yaz\u0131lm\u0131\u015ft\u0131r. K\u0131br\u0131s T\u00fcrk halk\u0131, en zor g\u00fcnlerde bile haklar\u0131 i\u00e7in m\u00fccadele etmi\u015f, onurundan ve \u00f6zg\u00fcrl\u00fc\u011f\u00fcnden asla taviz vermemi\u015ftir.\u201d dedi.<\/p>\n<p>Y\u0131lmaz, \u201cBug\u00fcn bu azim, KKTC bayra\u011f\u0131nda hayat bulmakta, ba\u011f\u0131ms\u0131zl\u0131\u011f\u0131n ve gururun bir sembol\u00fc olarak dalgalanmaktad\u0131r. Bu topraklar, b\u00fcy\u00fck fedak\u00e2rl\u0131klarla yo\u011frulmu\u015f; her kar\u0131\u015f\u0131 eme\u011fin, al\u0131n terinin ve kahramanl\u0131\u011f\u0131n izlerini ta\u015f\u0131maktad\u0131r.\u201d ifadelerini kulland\u0131.<\/p>\n<p>-\u201cKalk\u0131nma plan\u0131 i\u015fbirli\u011fi ve g\u00f6n\u00fcl birli\u011fimiz temelinde \u015fekillendi\u201d<\/p>\n<p>K\u0131br\u0131s m\u00fccahitleri ve Mehmet\u00e7i\u011fin el ele, omuz omuza vererek ba\u011f\u0131ms\u0131zl\u0131\u011f\u0131n temelini att\u0131\u011f\u0131n\u0131 dile getiren Y\u0131lmaz, \u201cT\u00fcrkiye ve Kuzey K\u0131br\u0131s T\u00fcrk Cumhuriyeti her zaman g\u00f6n\u00fcl birli\u011fi i\u00e7erisinde olmu\u015ftur. Kalk\u0131nma plan\u0131 haz\u0131rl\u0131klar\u0131 da yine bu kapsamda kar\u015f\u0131l\u0131kl\u0131 i\u015fbirli\u011fi ve g\u00f6n\u00fcl birli\u011fimiz temelinde \u015fekillenmi\u015ftir.\u201d dedi.<\/p>\n<p>Bolu\u2019da ya\u015fanan yang\u0131n ard\u0131ndan KKTC\u2019de de yas ilan edilmesinin bu g\u00f6n\u00fcl birli\u011finin bir \u00f6rne\u011fi oldu\u011funu s\u00f6yleyen Y\u0131lmaz, te\u015fekk\u00fcr etti.<\/p>\n<p>-\u201cKalk\u0131nma, ekonomik b\u00fcy\u00fcme ile birlikte \u00e7evre, s\u00fcrd\u00fcr\u00fclebilirlik, sosyal denge gibi unsurlar\u0131 i\u00e7eren bir kavram\u201d<\/p>\n<p>Kalk\u0131nma kavram\u0131na de\u011finen Y\u0131lmaz, kalk\u0131nman\u0131n ekonomik b\u00fcy\u00fcme ile birlikte \u00e7evre, s\u00fcrd\u00fcr\u00fclebilirlik, sosyal denge gibi unsurlar\u0131 i\u00e7eren bir kavram oldu\u011funu anlatt\u0131. <\/p>\n<p>Kalk\u0131nman\u0131n \u00fczerinde durdu\u011fu kavramlar\u0131 irdeleyen Y\u0131lmaz, bu noktada y\u00f6neti\u015fimin kalk\u0131nman\u0131n bir unsuru olarak yerle\u015fmesi gerekti\u011fini kaydetti.<\/p>\n<p>Cevdet Y\u0131lmaz, D\u00f6rd\u00fcnc\u00fc Kalk\u0131nma Plan\u0131\u2019n\u0131n haz\u0131rl\u0131k s\u00fcrecinde, 14 \u00d6zel \u0130htisas Komisyonu kuruldu\u011funu, toplant\u0131lar yap\u0131ld\u0131\u011f\u0131n\u0131, T\u00fcrkiye\u2019nin Kuzey K\u0131br\u0131s T\u00fcrk Cumhuriyeti\u2019ne teknik d\u00fczeyde destek sa\u011flad\u0131\u011f\u0131n\u0131 belirtti.<\/p>\n<p>Kat\u0131l\u0131mc\u0131l\u0131\u011f\u0131n art\u0131r\u0131ld\u0131\u011f\u0131n\u0131 dile getiren Y\u0131lmaz, plan\u0131nda, kat\u0131l\u0131m\u0131n art\u0131r\u0131lmas\u0131n\u0131n daha fazla bilgi ve fikirle haz\u0131rlanmas\u0131n\u0131 sa\u011flad\u0131\u011f\u0131n\u0131 aktard\u0131. <\/p>\n<p>Y\u0131lmaz, bu i\u015fbirli\u011finin, iki \u00fclke aras\u0131ndaki tarihi ve g\u00fc\u00e7l\u00fc ili\u015fkileri bir kez daha peki\u015ftirirken, Kuzey K\u0131br\u0131s\u2019\u0131n D\u00f6rd\u00fcnc\u00fc Kalk\u0131nma Plan\u0131n\u0131n daha b\u00fct\u00fcnc\u00fcl ve kapsay\u0131c\u0131 bir bi\u00e7imde \u015fekillendirilmesinde \u00f6nemli rol oynad\u0131\u011f\u0131n\u0131 ifade etti.<\/p>\n<p>-\u201c\u00d6nemli bir d\u00f6n\u00fcm noktas\u0131 ve g\u00fc\u00e7l\u00fc bir kalk\u0131nma hamlesinin ba\u015flang\u0131c\u0131\u201d<\/p>\n<p>Y\u0131lmaz, d\u00fcnyadaki ekonomik ve sosyal geli\u015fmelere bak\u0131ld\u0131\u011f\u0131nda, son y\u0131llarda jeopolitik gerilimlerin t\u0131rmand\u0131\u011f\u0131n\u0131 ve b\u00f6lgesel \u00e7at\u0131\u015fmalar\u0131n tansiyonunun y\u00fckseldi\u011fini, iktisadi ayr\u0131\u015fman\u0131n belirginle\u015fmesinin yan\u0131 s\u0131ra daha korumac\u0131 ticaret politikalar\u0131n\u0131n da giderek yerle\u015fik hale geldi\u011fini kaydetti.<\/p>\n<p>D\u00fcnya genelinde pek \u00e7ok \u00fclkede ya\u015fanan se\u00e7imler sonucunda politika de\u011fi\u015fimleri, iklim de\u011fi\u015fikli\u011fi ve yapay zek\u00e2n\u0131n d\u00f6n\u00fc\u015ft\u00fcr\u00fcc\u00fc etkileri gibi pek \u00e7ok unsurun k\u00fcresel g\u00fcndemde \u00f6n plana \u00e7\u0131kt\u0131\u011f\u0131n\u0131 dile getiren Y\u0131lmaz, b\u00f6yle d\u00f6nemlerde belirsizli\u011fi azalt\u0131c\u0131 \u00e7abalar\u0131n \u00f6nemli oldu\u011funu ifade etti.<\/p>\n<p>Bu tarihi d\u00f6nemde, KKTC\u2019nin 4. Kalk\u0131nma Plan\u0131\u2019n\u0131n duyuruldu\u011fu bu an\u0131, yaln\u0131zca bir plan\u0131n sunumu olarak g\u00f6rmedi\u011fini s\u00f6yleyen Y\u0131lmaz, \u201cBu an\u0131, ayn\u0131 zamanda, K\u0131br\u0131s T\u00fcrk halk\u0131n\u0131n gelece\u011fi ad\u0131na \u00f6nemli bir d\u00f6n\u00fcm noktas\u0131 ve g\u00fc\u00e7l\u00fc bir kalk\u0131nma hamlesinin ba\u015flat\u0131lmas\u0131 olarak de\u011ferlendiriyorum.\u201d dedi.<\/p>\n<p>Y\u0131lmaz, plan\u0131 kalk\u0131nman\u0131n temeli olarak g\u00f6rd\u00fcklerini belirtti.<\/p>\n<p>-2025-2029 d\u00f6neminde KKTC ekonomisinin y\u0131ll\u0131k ortalama y\u00fczde 5 oran\u0131nda b\u00fcy\u00fcmesi hedefleniyor<\/p>\n<p>D\u00f6rd\u00fcnc\u00fc Be\u015f Y\u0131ll\u0131k Kalk\u0131nma Plan\u0131\u2019n\u0131n KKTC\u2019nin ekonomik b\u00fcy\u00fcme s\u00fcrecini derinlemesine \u015fekillendirirken toplumun her kesimine hizmet etmeyi ve sosyal refah\u0131 art\u0131rmay\u0131 hedefleyen kapsaml\u0131 bir politika seti sundu\u011funu ifade eden Y\u0131lmaz,  2025-2029 d\u00f6neminde KKTC ekonomisinin y\u0131ll\u0131k ortalama y\u00fczde 5 oran\u0131nda b\u00fcy\u00fcmesini hedefledi\u011fini kaydetti.<\/p>\n<p>Plan d\u00f6nemi sonunda, yani 2029 y\u0131l\u0131nda ise ki\u015fi ba\u015f\u0131na d\u00fc\u015fen gelirin 19 bin 115 dolara ula\u015faca\u011f\u0131n\u0131n \u00f6ng\u00f6r\u00fcld\u00fc\u011f\u00fcn\u00fc dile getiren Y\u0131lmaz, kalk\u0131nman\u0131n sa\u011flanmas\u0131 i\u00e7in yaln\u0131zca ekonomik g\u00f6stergelerin artmas\u0131n\u0131n yeterli olmad\u0131\u011f\u0131n\u0131, toplumun t\u00fcm katmanlar\u0131na dokunan sosyal politikalar\u0131n, \u00e7evresel s\u00fcrd\u00fcr\u00fclebilirli\u011fin ve vatanda\u015flar\u0131n refah seviyesinin de y\u00fckseltilmesi gerekti\u011fini s\u00f6yledi.<\/p>\n<p>4. Be\u015f Y\u0131ll\u0131k Kalk\u0131nma Plan\u0131\u2019n\u0131n temel vizyonunun, istikrarl\u0131 ve g\u00fc\u00e7l\u00fc bir b\u00fcy\u00fcme sergileyen, rekabet\u00e7i ve y\u00fcksek katma de\u011ferli \u00fcretim kapasitesine sahip bir Kuzey K\u0131br\u0131s T\u00fcrk Cumhuriyeti in\u015fa etmek oldu\u011funa i\u015faret eden Y\u0131lmaz, bu vizyonun, sadece yerel geli\u015fmeyi de\u011fil, ayn\u0131 zamanda k\u00fcresel d\u00fczeydeki ekonomik ve \u00e7evresel s\u00fcrd\u00fcr\u00fclebilirlik hedeflerine ula\u015fmay\u0131 da ama\u00e7lad\u0131\u011f\u0131n\u0131 belirtti.<\/p>\n<p>-Kalk\u0131nma plan\u0131 be\u015f ana eksen \u00fczerine in\u015fa edildi <\/p>\n<p>4. Be\u015f Y\u0131ll\u0131k Kalk\u0131nma Plan\u0131\u2019n\u0131n, KKTC\u2019nin kalk\u0131nma hedeflerini ger\u00e7ekle\u015ftirme do\u011frultusunda be\u015f ana eksen \u00fczerine in\u015fa edildi\u011fini s\u00f6yleyen Y\u0131lmaz, \u015fu ifadeleri kulland\u0131:<\/p>\n<p>\u201cBu eksenler: \u0130stikrarl\u0131 ve G\u00fc\u00e7l\u00fc B\u00fcy\u00fcme, Rekabet\u00e7i ve Y\u00fcksek Katma De\u011ferli \u00dcretim Kapasitesinin Art\u0131r\u0131lmas\u0131, Ya\u015fanabilir Mekanlar ve S\u00fcrd\u00fcr\u00fclebilir \u00c7evre,  G\u00fc\u00e7l\u00fc Toplum \u0130\u00e7in Nitelikli ve Sa\u011fl\u0131kl\u0131 \u0130nsan, Kalk\u0131nma \u0130\u00e7in Uluslararas\u0131 \u0130\u015f Birli\u011fi, \u015feklinde s\u0131ralanm\u0131\u015ft\u0131r. Her bir eksen, s\u00fcrd\u00fcr\u00fclebilir kalk\u0131nma anlay\u0131\u015f\u0131 \u00e7er\u00e7evesinde, ekonomik, sosyal ve \u00e7evresel boyutlar\u0131yla bir b\u00fct\u00fcnl\u00fck arz etmekte ve KKTC\u2019nin uzun vadeli refah seviyesini art\u0131rmay\u0131 hedeflemektedir.\u201d<\/p>\n<p>Planda, tar\u0131m sekt\u00f6r\u00fcn\u00fcn sadece ekonominin de\u011fil, ayn\u0131 zamanda \u00e7evresel s\u00fcrd\u00fcr\u00fclebilirli\u011fin de \u00f6nemli bir unsuru olarak \u00f6ne \u00e7\u0131kar\u0131ld\u0131\u011f\u0131n\u0131 kaydeden Y\u0131lmaz, KKTC\u2019nin sahip oldu\u011fu zengin do\u011fal kaynaklar ve tar\u0131ma elveri\u015fli araziler, tar\u0131mda sa\u011flanacak verimlilik art\u0131\u015f\u0131yla ekonomiye b\u00fcy\u00fck katk\u0131lar sunaca\u011f\u0131n\u0131 ve \u00e7evresel etkilerin en aza indirilece\u011fini s\u00f6yledi.<\/p>\n<p>-\u201cKKTC\u2019nin ekonomik \u00e7e\u015fitlili\u011fini art\u0131rarak d\u0131\u015fa ba\u011f\u0131ml\u0131l\u0131\u011f\u0131n\u0131 azaltmas\u0131 ve k\u00fcresel ticarette daha g\u00fc\u00e7l\u00fc bir konuma ula\u015fmas\u0131 hedeflenmekte\u201d<\/p>\n<p>Tar\u0131m\u0131n yan\u0131 s\u0131ra sanayi sekt\u00f6r\u00fcn\u00fcn de bu plan\u0131n \u00f6nemli unsurlar\u0131ndan birini olu\u015fturdu\u011funu dile getiren Y\u0131lmaz,  \u015funlar\u0131 kaydetti:<\/p>\n<p>\u201cKKTC, y\u00fcksek katma de\u011ferli ve ihracata y\u00f6nelik bir sanayi yap\u0131s\u0131na ula\u015fmay\u0131 hedeflemektedir. Bu kapsamda, KKTC\u2019nin ekonomik \u00e7e\u015fitlili\u011fini art\u0131rarak d\u0131\u015fa ba\u011f\u0131ml\u0131l\u0131\u011f\u0131n\u0131 azaltmas\u0131 ve k\u00fcresel ticarette daha g\u00fc\u00e7l\u00fc bir konuma ula\u015fmas\u0131 hedeflenmektedir.<\/p>\n<p>B\u00f6ylece, yerel ekonominin b\u00fcy\u00fcmesine katk\u0131 sa\u011flan\u0131rken, istihdam yarat\u0131lmas\u0131na da \u00f6nemli bir destek sunulacakt\u0131r.<\/p>\n<p>Sanayi ve \u00fcretim altyap\u0131s\u0131n\u0131n g\u00fc\u00e7lendirilmesi, i\u015f g\u00fcc\u00fc verimlili\u011fini art\u0131racak ve KKTC\u2019nin d\u0131\u015fa ba\u011f\u0131ml\u0131l\u0131\u011f\u0131n\u0131 azaltarak daha rekabet\u00e7i bir ekonomi haline getirecektir. \u201c<\/p>\n<p>-\u201c E\u011fitim ve sa\u011fl\u0131k gibi temel alanlarda da kapsaml\u0131 politikalar geli\u015ftirildi\u201d<\/p>\n<p>KKTC\u2019nin4. Be\u015f Y\u0131ll\u0131k Kalk\u0131nma Plan\u0131 kapsam\u0131nda, e\u011fitim ve sa\u011fl\u0131k gibi temel alanlarda da kapsaml\u0131 politikalar geli\u015ftirildi\u011fini s\u00f6yleyen Y\u0131lmaz, e\u011fitimde daha nitelikli bir sistemin gen\u00e7lerin i\u015f g\u00fcc\u00fc piyasas\u0131na uyum sa\u011flamalar\u0131n\u0131 kolayla\u015ft\u0131raca\u011f\u0131n\u0131, ayn\u0131 zamanda yeni i\u015f kollar\u0131n\u0131n olu\u015fmas\u0131na da katk\u0131 sa\u011flayaca\u011f\u0131n\u0131 belirtti.<\/p>\n<p>Sa\u011fl\u0131k sekt\u00f6r\u00fcnde ise, hem altyap\u0131n\u0131n g\u00fc\u00e7lendirilmesi, hem de sa\u011fl\u0131k hizmetlerine eri\u015filebilirli\u011fin art\u0131r\u0131lmas\u0131n\u0131n hedeflendi\u011fini s\u00f6yleyen Y\u0131lmaz, \u201c4. Be\u015f Y\u0131ll\u0131k Kalk\u0131nma Plan\u0131, toplumun her kesimine e\u015fit f\u0131rsatlar sunmay\u0131 ama\u00e7lamaktad\u0131r.\u201d diye konu\u015ftu.<\/p>\n<p>Bu kapsamda, kad\u0131nlar\u0131n i\u015f g\u00fcc\u00fcne kat\u0131l\u0131m\u0131n\u0131 art\u0131rmak, gen\u00e7lerin e\u011fitimini g\u00fc\u00e7lendirmek ve engelli bireylerin toplumsal hayata daha etkin kat\u0131l\u0131m\u0131n\u0131 sa\u011flamak gibi hedefler belirlendi\u011fini dile getiren Y\u0131lmaz, \u015f\u00f6yle devam etti:<\/p>\n<p>\u201cAyr\u0131ca, ya\u015fl\u0131 n\u00fcfusun bak\u0131m hizmetlerinin iyile\u015ftirilmesi ve \u00e7ocuk haklar\u0131 konusunda yap\u0131lacak \u00e7al\u0131\u015fmalar da toplumsal refah\u0131 art\u0131rmay\u0131 ama\u00e7lamaktad\u0131r. Bu hedefler do\u011frultusunda, sosyal yard\u0131mlar, sa\u011fl\u0131k hizmetleri ve e\u011fitim alanlar\u0131nda daha adil bir da\u011f\u0131l\u0131m sa\u011flanacakt\u0131r.\u201d<\/p>\n<p>-\u201cYat\u0131r\u0131mlar b\u00f6lgesel kalk\u0131nmay\u0131 destekleyecek\u201d<\/p>\n<p>KKTC\u2019nin mevcut altyap\u0131 projelerine yap\u0131lacak yat\u0131r\u0131mlar\u0131n da olduk\u00e7a \u00f6nemli oldu\u011funa i\u015faret eden Y\u0131lmaz, altyap\u0131n\u0131n, yaln\u0131zca ekonomik b\u00fcy\u00fcme i\u00e7in de\u011fil, ayn\u0131 zamanda ya\u015fam kalitesini art\u0131rmak i\u00e7in de kritik bir \u00f6neme sahip oldu\u011funu belirtti.<\/p>\n<p>Ula\u015f\u0131m, enerji ve ileti\u015fim altyap\u0131lar\u0131nda yap\u0131lacak yenilik\u00e7i yat\u0131r\u0131mlar\u0131n, hem yerel halk\u0131n hem de turistlerin ya\u015fam\u0131n\u0131 kolayla\u015ft\u0131raca\u011f\u0131n\u0131 dile getiren Y\u0131lmaz,  bu altyap\u0131 yat\u0131r\u0131mlar\u0131n\u0131n ayn\u0131 zamanda b\u00f6lgesel kalk\u0131nmay\u0131 destekleyece\u011fini, KKTC\u2019yi Do\u011fu Akdeniz\u2019in \u00f6nemli bir merkezi haline getirece\u011fini s\u00f6yledi. <\/p>\n<p>Bu geli\u015fmelerin Do\u011fu Akdeniz\u2019in geli\u015fmesi i\u00e7in de k\u0131ymetli oldu\u011funu dile getiren Y\u0131lmaz, geli\u015fen, kalk\u0131nan KKTC\u2019nin t\u00fcm ada ve Do\u011fu Akdeniz lehine oldu\u011funu, geli\u015fen toplumlar\u0131n istikrar ve demokrasi \u00fcrettiklerini kaydetti.<\/p>\n<p>4. Plan kapsam\u0131nda, \u015fehirlerde ve k\u0131rsal alanlarda ya\u015fam kalitesini iyile\u015ftirmeye y\u00f6nelik kapsaml\u0131 politikalar geli\u015ftirildi\u011fini ifade eden Y\u0131lmaz, \u201cBu politikalar, sadece ya\u015fam standartlar\u0131n\u0131 y\u00fckseltmekle kalmayacak, ayn\u0131 zamanda \u00e7evrenin korunmas\u0131n\u0131 da sa\u011flayacakt\u0131r. Ayr\u0131ca, yerle\u015fim alanlar\u0131n\u0131n ve toplumun afetlere kar\u015f\u0131 dayan\u0131kl\u0131l\u0131\u011f\u0131n\u0131 art\u0131rmak i\u00e7in ad\u0131mlar at\u0131lacakt\u0131r\u201d dedi. <\/p>\n<p>\u201cKKTC\u2019nin sahip oldu\u011fu gen\u00e7 ve dinamik n\u00fcfus, \u00fclkenin en b\u00fcy\u00fck stratejik avantajlar\u0131ndan biridir\u201d diyen Y\u0131lmaz,  gen\u00e7lerin, \u00fclkelerinin gelece\u011fini in\u015fa etme noktas\u0131nda b\u00fcy\u00fck bir potansiyel bar\u0131nd\u0131rd\u0131\u011f\u0131n\u0131, bu nedenle, e\u011fitim ve istihdam alanlar\u0131nda yap\u0131lacak yat\u0131r\u0131mlar\u0131n \u00f6nemli oldu\u011funu kaydetti.<\/p>\n<p>Kamu yan\u0131nda \u00f6zel sekt\u00f6rde yat\u0131r\u0131mlar\u0131n da \u00f6nemli oldu\u011funa vurgu yapan Y\u0131lmaz, \u00f6zel sekt\u00f6r i\u00e7in uygun bir yat\u0131r\u0131m iklimi olu\u015fturmak gerekti\u011fini, plan\u0131n buna \u00f6nemli katk\u0131lar sunaca\u011f\u0131n\u0131 ifade etti.<\/p>\n<p>Haz\u0131rlanan plan\u0131n, k\u00fcresel ve b\u00f6lgesel geli\u015fmeler \u0131\u015f\u0131\u011f\u0131nda de\u011fi\u015fen ihtiya\u00e7lara ve \u00f6nceliklere yan\u0131t verecek \u015fekilde kapsaml\u0131 bir yol haritas\u0131 sundu\u011funu belirten Y\u0131lmaz, \u201cBirlik ve beraberlik i\u00e7erisinde, daha g\u00fc\u00e7l\u00fc bir KKTC i\u00e7in kararl\u0131 ad\u0131mlarla ilerleyecek ve plan\u0131n her a\u015famas\u0131nda T\u00fcrkiye\u2019nin deste\u011fiyle, K\u0131br\u0131s T\u00fcrk halk\u0131n\u0131n daha parlak bir gelece\u011fe ula\u015fmas\u0131na katk\u0131 sa\u011flayaca\u011f\u0131z\u201d dedi.<\/p>\n<p>-\u201c Demokrasisi ve kalk\u0131nmas\u0131 geli\u015fen KKTC, adan\u0131n tamam\u0131 i\u00e7in de b\u00fcy\u00fck bir kazan\u00e7t\u0131r\u201d<\/p>\n<p>Kalk\u0131nma plan\u0131n\u0131n, yaln\u0131zca Kuzey K\u0131br\u0131s T\u00fcrk Cumhuriyeti i\u00e7in de\u011fil, ayn\u0131 zamanda t\u00fcm Do\u011fu Akdeniz i\u00e7in bir f\u0131rsat oldu\u011funu dile getiren Y\u0131lmaz, \u201cDemokrasisi ve kalk\u0131nmas\u0131 geli\u015fen KKTC, adan\u0131n tamam\u0131 i\u00e7in de b\u00fcy\u00fck bir kazan\u00e7t\u0131r\u201d dedi.<\/p>\n<p>Cumhurba\u015fkan\u0131 Ersin Tatar\u2019\u0131n ortaya koydu\u011fu iki devletli \u00e7\u00f6z\u00fcm vizyonunu desteklemeye devam edeceklerini dile getiren Y\u0131lmaz, \u201cK\u0131br\u0131s meselesinin \u00e7\u00f6z\u00fcm\u00fcnde her zaman ortaya samimi bir irade koyan ve K\u0131br\u0131s adas\u0131n\u0131n e\u015fit ve ortak sahibi olan K\u0131br\u0131s T\u00fcrklerinin me\u015fru hak ve \u00e7\u0131karlar\u0131ndan \u00f6d\u00fcn vermeyece\u011fiz.\u201d ifadelerini kulland\u0131.<\/p>\n<p>Y\u0131lmaz, 4. Be\u015f Y\u0131ll\u0131k Kalk\u0131nma Plan\u0131\u2019n\u0131n hay\u0131rlara vesile olmas\u0131n\u0131 dileyerek, haz\u0131rlanmas\u0131nda eme\u011fi ge\u00e7en herkese te\u015fekk\u00fcr etti.<\/p>\n<\/p><\/div>\n<p><script async\n                    defer\n                    crossorigin=\"anonymous\"\n                    src=\"https:\/\/connect.facebook.net\/tr_TR\/sdk.js#xfbml=1&#038;version=v3.3\"\n            ><\/script><\/p>\n","protected":false},"excerpt":{"rendered":"<p>T\u00fcrkiye Cumhuriyeti Cumhurba\u015fkan\u0131 Yard\u0131mc\u0131s\u0131 Cevdet Y\u0131lmaz, \u201cKKTC 4. Be\u015f Y\u0131ll\u0131k Kalk\u0131nma Plan\u0131n\u0131n\u201d K\u0131br\u0131s T\u00fcrk halk\u0131n\u0131n gelece\u011fi ad\u0131na \u00f6nemli bir d\u00f6n\u00fcm noktas\u0131 ve g\u00fc\u00e7l\u00fc bir kalk\u0131nma hamlesinin ba\u015flang\u0131c\u0131 oldu\u011funu belirtti D\u00f6rd\u00fcnc\u00fc Be\u015f Y\u0131ll\u0131k Kalk\u0131nma Plan\u0131\u2019n\u0131n KKTC\u2019nin ekonomik b\u00fcy\u00fcme s\u00fcrecini derinlemesine \u015fekillendirirken toplumun her kesimine hizmet etmeyi ve sosyal refah\u0131 art\u0131rmay\u0131 hedefleyen kapsaml\u0131 bir politika seti sundu\u011funu<\/p>\n","protected":false},"author":1,"featured_media":74634,"comment_status":"open","ping_status":"open","sticky":false,"template":"","format":"standard","meta":{"footnotes":""},"categories":[81,101],"tags":[],"class_list":["post-74633","post","type-post","status-publish","format-standard","has-post-thumbnail","hentry","category-kibris","category-manset"],"yoast_head":"<!-- This site is optimized with the Yoast SEO plugin v27.4 - https:\/\/yoast.com\/product\/yoast-seo-wordpress\/ -->\n<title>Y\u0131lmaz KKTC 4. Be\u015f Y\u0131ll\u0131k Kalk\u0131nma Plan\u0131\u2019n\u0131 de\u011ferlendirdi: \u201c\u00d6nemli bir d\u00f6n\u00fcm noktas\u0131 ve g\u00fc\u00e7l\u00fc bir kalk\u0131nma hamlesinin ba\u015flang\u0131c\u0131\u201d -<\/title>\n<meta name=\"robots\" content=\"index, follow, max-snippet:-1, max-image-preview:large, max-video-preview:-1\" \/>\n<link rel=\"canonical\" href=\"https:\/\/kibrisdakik.com\/?p=74633\" \/>\n<meta property=\"og:locale\" content=\"tr_TR\" \/>\n<meta property=\"og:type\" content=\"article\" \/>\n<meta property=\"og:title\" content=\"Y\u0131lmaz KKTC 4. Be\u015f Y\u0131ll\u0131k Kalk\u0131nma Plan\u0131\u2019n\u0131 de\u011ferlendirdi: \u201c\u00d6nemli bir d\u00f6n\u00fcm noktas\u0131 ve g\u00fc\u00e7l\u00fc bir kalk\u0131nma hamlesinin ba\u015flang\u0131c\u0131\u201d -\" \/>\n<meta property=\"og:description\" content=\"T\u00fcrkiye Cumhuriyeti Cumhurba\u015fkan\u0131 Yard\u0131mc\u0131s\u0131 Cevdet Y\u0131lmaz, \u201cKKTC 4. Be\u015f Y\u0131ll\u0131k Kalk\u0131nma Plan\u0131n\u0131n\u201d K\u0131br\u0131s T\u00fcrk halk\u0131n\u0131n gelece\u011fi ad\u0131na \u00f6nemli bir d\u00f6n\u00fcm noktas\u0131 ve g\u00fc\u00e7l\u00fc bir kalk\u0131nma hamlesinin ba\u015flang\u0131c\u0131 oldu\u011funu belirtti D\u00f6rd\u00fcnc\u00fc Be\u015f Y\u0131ll\u0131k Kalk\u0131nma Plan\u0131\u2019n\u0131n KKTC\u2019nin ekonomik b\u00fcy\u00fcme s\u00fcrecini derinlemesine \u015fekillendirirken toplumun her kesimine hizmet etmeyi ve sosyal refah\u0131 art\u0131rmay\u0131 hedefleyen kapsaml\u0131 bir politika seti sundu\u011funu\" \/>\n<meta property=\"og:url\" content=\"https:\/\/kibrisdakik.com\/?p=74633\" \/>\n<meta property=\"article:published_time\" content=\"2025-01-29T14:02:05+00:00\" \/>\n<meta property=\"og:image\" content=\"https:\/\/kibrisdakik.com\/wp-content\/uploads\/2025\/01\/1738154786105KKTC-4.-Bes-Yillik-Kalkinma-Plani-Toplantisi-4-so-740x420.jpg\" \/>\n\t<meta property=\"og:image:width\" content=\"2480\" \/>\n\t<meta property=\"og:image:height\" content=\"1656\" \/>\n\t<meta property=\"og:image:type\" content=\"image\/jpeg\" \/>\n<meta name=\"author\" content=\"admin\" \/>\n<meta name=\"twitter:card\" content=\"summary_large_image\" \/>\n<meta name=\"twitter:label1\" content=\"Yazan:\" \/>\n\t<meta name=\"twitter:data1\" content=\"admin\" \/>\n\t<meta name=\"twitter:label2\" content=\"Tahmini okuma s\u00fcresi\" \/>\n\t<meta name=\"twitter:data2\" content=\"12 dakika\" \/>\n<script type=\"application\/ld+json\" class=\"yoast-schema-graph\">{\"@context\":\"https:\\\/\\\/schema.org\",\"@graph\":[{\"@type\":\"Article\",\"@id\":\"https:\\\/\\\/kibrisdakik.com\\\/?p=74633#article\",\"isPartOf\":{\"@id\":\"https:\\\/\\\/kibrisdakik.com\\\/?p=74633\"},\"author\":{\"name\":\"admin\",\"@id\":\"https:\\\/\\\/kibrisdakik.com\\\/#\\\/schema\\\/person\\\/9cd9d437bbb44f72b73ba127e06d8e79\"},\"headline\":\"Y\u0131lmaz KKTC 4. Be\u015f Y\u0131ll\u0131k Kalk\u0131nma Plan\u0131\u2019n\u0131 de\u011ferlendirdi: \u201c\u00d6nemli bir d\u00f6n\u00fcm noktas\u0131 ve g\u00fc\u00e7l\u00fc bir kalk\u0131nma hamlesinin ba\u015flang\u0131c\u0131\u201d\",\"datePublished\":\"2025-01-29T14:02:05+00:00\",\"mainEntityOfPage\":{\"@id\":\"https:\\\/\\\/kibrisdakik.com\\\/?p=74633\"},\"wordCount\":2398,\"commentCount\":0,\"image\":{\"@id\":\"https:\\\/\\\/kibrisdakik.com\\\/?p=74633#primaryimage\"},\"thumbnailUrl\":\"https:\\\/\\\/kibrisdakik.com\\\/wp-content\\\/uploads\\\/2025\\\/01\\\/1738154786105KKTC-4.-Bes-Yillik-Kalkinma-Plani-Toplantisi-4-so-740x420.jpg\",\"articleSection\":[\"K\u0131br\u0131s\",\"Man\u015fet\"],\"inLanguage\":\"tr\",\"potentialAction\":[{\"@type\":\"CommentAction\",\"name\":\"Comment\",\"target\":[\"https:\\\/\\\/kibrisdakik.com\\\/?p=74633#respond\"]}]},{\"@type\":\"WebPage\",\"@id\":\"https:\\\/\\\/kibrisdakik.com\\\/?p=74633\",\"url\":\"https:\\\/\\\/kibrisdakik.com\\\/?p=74633\",\"name\":\"Y\u0131lmaz KKTC 4. Be\u015f Y\u0131ll\u0131k Kalk\u0131nma Plan\u0131\u2019n\u0131 de\u011ferlendirdi: \u201c\u00d6nemli bir d\u00f6n\u00fcm noktas\u0131 ve g\u00fc\u00e7l\u00fc bir kalk\u0131nma hamlesinin ba\u015flang\u0131c\u0131\u201d -\",\"isPartOf\":{\"@id\":\"https:\\\/\\\/kibrisdakik.com\\\/#website\"},\"primaryImageOfPage\":{\"@id\":\"https:\\\/\\\/kibrisdakik.com\\\/?p=74633#primaryimage\"},\"image\":{\"@id\":\"https:\\\/\\\/kibrisdakik.com\\\/?p=74633#primaryimage\"},\"thumbnailUrl\":\"https:\\\/\\\/kibrisdakik.com\\\/wp-content\\\/uploads\\\/2025\\\/01\\\/1738154786105KKTC-4.-Bes-Yillik-Kalkinma-Plani-Toplantisi-4-so-740x420.jpg\",\"datePublished\":\"2025-01-29T14:02:05+00:00\",\"author\":{\"@id\":\"https:\\\/\\\/kibrisdakik.com\\\/#\\\/schema\\\/person\\\/9cd9d437bbb44f72b73ba127e06d8e79\"},\"breadcrumb\":{\"@id\":\"https:\\\/\\\/kibrisdakik.com\\\/?p=74633#breadcrumb\"},\"inLanguage\":\"tr\",\"potentialAction\":[{\"@type\":\"ReadAction\",\"target\":[\"https:\\\/\\\/kibrisdakik.com\\\/?p=74633\"]}]},{\"@type\":\"ImageObject\",\"inLanguage\":\"tr\",\"@id\":\"https:\\\/\\\/kibrisdakik.com\\\/?p=74633#primaryimage\",\"url\":\"https:\\\/\\\/kibrisdakik.com\\\/wp-content\\\/uploads\\\/2025\\\/01\\\/1738154786105KKTC-4.-Bes-Yillik-Kalkinma-Plani-Toplantisi-4-so-740x420.jpg\",\"contentUrl\":\"https:\\\/\\\/kibrisdakik.com\\\/wp-content\\\/uploads\\\/2025\\\/01\\\/1738154786105KKTC-4.-Bes-Yillik-Kalkinma-Plani-Toplantisi-4-so-740x420.jpg\",\"width\":2480,\"height\":1656},{\"@type\":\"BreadcrumbList\",\"@id\":\"https:\\\/\\\/kibrisdakik.com\\\/?p=74633#breadcrumb\",\"itemListElement\":[{\"@type\":\"ListItem\",\"position\":1,\"name\":\"Home\",\"item\":\"https:\\\/\\\/kibrisdakik.com\\\/\"},{\"@type\":\"ListItem\",\"position\":2,\"name\":\"Y\u0131lmaz KKTC 4. Be\u015f Y\u0131ll\u0131k Kalk\u0131nma Plan\u0131\u2019n\u0131 de\u011ferlendirdi: \u201c\u00d6nemli bir d\u00f6n\u00fcm noktas\u0131 ve g\u00fc\u00e7l\u00fc bir kalk\u0131nma hamlesinin ba\u015flang\u0131c\u0131\u201d\"}]},{\"@type\":\"WebSite\",\"@id\":\"https:\\\/\\\/kibrisdakik.com\\\/#website\",\"url\":\"https:\\\/\\\/kibrisdakik.com\\\/\",\"name\":\"\",\"description\":\"Tam vaktinde haber\",\"potentialAction\":[{\"@type\":\"SearchAction\",\"target\":{\"@type\":\"EntryPoint\",\"urlTemplate\":\"https:\\\/\\\/kibrisdakik.com\\\/?s={search_term_string}\"},\"query-input\":{\"@type\":\"PropertyValueSpecification\",\"valueRequired\":true,\"valueName\":\"search_term_string\"}}],\"inLanguage\":\"tr\"},{\"@type\":\"Person\",\"@id\":\"https:\\\/\\\/kibrisdakik.com\\\/#\\\/schema\\\/person\\\/9cd9d437bbb44f72b73ba127e06d8e79\",\"name\":\"admin\",\"image\":{\"@type\":\"ImageObject\",\"inLanguage\":\"tr\",\"@id\":\"https:\\\/\\\/secure.gravatar.com\\\/avatar\\\/ccc17943b9d660506c869530f897617f7cb1c21a4bf30023f252596d83e1f007?s=96&d=mm&r=g\",\"url\":\"https:\\\/\\\/secure.gravatar.com\\\/avatar\\\/ccc17943b9d660506c869530f897617f7cb1c21a4bf30023f252596d83e1f007?s=96&d=mm&r=g\",\"contentUrl\":\"https:\\\/\\\/secure.gravatar.com\\\/avatar\\\/ccc17943b9d660506c869530f897617f7cb1c21a4bf30023f252596d83e1f007?s=96&d=mm&r=g\",\"caption\":\"admin\"},\"sameAs\":[\"https:\\\/\\\/kibrisdakik.com\"],\"url\":\"https:\\\/\\\/kibrisdakik.com\\\/?author=1\"}]}<\/script>\n<!-- \/ Yoast SEO plugin. -->","yoast_head_json":{"title":"Y\u0131lmaz KKTC 4. Be\u015f Y\u0131ll\u0131k Kalk\u0131nma Plan\u0131\u2019n\u0131 de\u011ferlendirdi: \u201c\u00d6nemli bir d\u00f6n\u00fcm noktas\u0131 ve g\u00fc\u00e7l\u00fc bir kalk\u0131nma hamlesinin ba\u015flang\u0131c\u0131\u201d -","robots":{"index":"index","follow":"follow","max-snippet":"max-snippet:-1","max-image-preview":"max-image-preview:large","max-video-preview":"max-video-preview:-1"},"canonical":"https:\/\/kibrisdakik.com\/?p=74633","og_locale":"tr_TR","og_type":"article","og_title":"Y\u0131lmaz KKTC 4. Be\u015f Y\u0131ll\u0131k Kalk\u0131nma Plan\u0131\u2019n\u0131 de\u011ferlendirdi: \u201c\u00d6nemli bir d\u00f6n\u00fcm noktas\u0131 ve g\u00fc\u00e7l\u00fc bir kalk\u0131nma hamlesinin ba\u015flang\u0131c\u0131\u201d -","og_description":"T\u00fcrkiye Cumhuriyeti Cumhurba\u015fkan\u0131 Yard\u0131mc\u0131s\u0131 Cevdet Y\u0131lmaz, \u201cKKTC 4. Be\u015f Y\u0131ll\u0131k Kalk\u0131nma Plan\u0131n\u0131n\u201d K\u0131br\u0131s T\u00fcrk halk\u0131n\u0131n gelece\u011fi ad\u0131na \u00f6nemli bir d\u00f6n\u00fcm noktas\u0131 ve g\u00fc\u00e7l\u00fc bir kalk\u0131nma hamlesinin ba\u015flang\u0131c\u0131 oldu\u011funu belirtti D\u00f6rd\u00fcnc\u00fc Be\u015f Y\u0131ll\u0131k Kalk\u0131nma Plan\u0131\u2019n\u0131n KKTC\u2019nin ekonomik b\u00fcy\u00fcme s\u00fcrecini derinlemesine \u015fekillendirirken toplumun her kesimine hizmet etmeyi ve sosyal refah\u0131 art\u0131rmay\u0131 hedefleyen kapsaml\u0131 bir politika seti sundu\u011funu","og_url":"https:\/\/kibrisdakik.com\/?p=74633","article_published_time":"2025-01-29T14:02:05+00:00","og_image":[{"width":2480,"height":1656,"url":"https:\/\/kibrisdakik.com\/wp-content\/uploads\/2025\/01\/1738154786105KKTC-4.-Bes-Yillik-Kalkinma-Plani-Toplantisi-4-so-740x420.jpg","type":"image\/jpeg"}],"author":"admin","twitter_card":"summary_large_image","twitter_misc":{"Yazan:":"admin","Tahmini okuma s\u00fcresi":"12 dakika"},"schema":{"@context":"https:\/\/schema.org","@graph":[{"@type":"Article","@id":"https:\/\/kibrisdakik.com\/?p=74633#article","isPartOf":{"@id":"https:\/\/kibrisdakik.com\/?p=74633"},"author":{"name":"admin","@id":"https:\/\/kibrisdakik.com\/#\/schema\/person\/9cd9d437bbb44f72b73ba127e06d8e79"},"headline":"Y\u0131lmaz KKTC 4. Be\u015f Y\u0131ll\u0131k Kalk\u0131nma Plan\u0131\u2019n\u0131 de\u011ferlendirdi: \u201c\u00d6nemli bir d\u00f6n\u00fcm noktas\u0131 ve g\u00fc\u00e7l\u00fc bir kalk\u0131nma hamlesinin ba\u015flang\u0131c\u0131\u201d","datePublished":"2025-01-29T14:02:05+00:00","mainEntityOfPage":{"@id":"https:\/\/kibrisdakik.com\/?p=74633"},"wordCount":2398,"commentCount":0,"image":{"@id":"https:\/\/kibrisdakik.com\/?p=74633#primaryimage"},"thumbnailUrl":"https:\/\/kibrisdakik.com\/wp-content\/uploads\/2025\/01\/1738154786105KKTC-4.-Bes-Yillik-Kalkinma-Plani-Toplantisi-4-so-740x420.jpg","articleSection":["K\u0131br\u0131s","Man\u015fet"],"inLanguage":"tr","potentialAction":[{"@type":"CommentAction","name":"Comment","target":["https:\/\/kibrisdakik.com\/?p=74633#respond"]}]},{"@type":"WebPage","@id":"https:\/\/kibrisdakik.com\/?p=74633","url":"https:\/\/kibrisdakik.com\/?p=74633","name":"Y\u0131lmaz KKTC 4. Be\u015f Y\u0131ll\u0131k Kalk\u0131nma Plan\u0131\u2019n\u0131 de\u011ferlendirdi: \u201c\u00d6nemli bir d\u00f6n\u00fcm noktas\u0131 ve g\u00fc\u00e7l\u00fc bir kalk\u0131nma hamlesinin ba\u015flang\u0131c\u0131\u201d -","isPartOf":{"@id":"https:\/\/kibrisdakik.com\/#website"},"primaryImageOfPage":{"@id":"https:\/\/kibrisdakik.com\/?p=74633#primaryimage"},"image":{"@id":"https:\/\/kibrisdakik.com\/?p=74633#primaryimage"},"thumbnailUrl":"https:\/\/kibrisdakik.com\/wp-content\/uploads\/2025\/01\/1738154786105KKTC-4.-Bes-Yillik-Kalkinma-Plani-Toplantisi-4-so-740x420.jpg","datePublished":"2025-01-29T14:02:05+00:00","author":{"@id":"https:\/\/kibrisdakik.com\/#\/schema\/person\/9cd9d437bbb44f72b73ba127e06d8e79"},"breadcrumb":{"@id":"https:\/\/kibrisdakik.com\/?p=74633#breadcrumb"},"inLanguage":"tr","potentialAction":[{"@type":"ReadAction","target":["https:\/\/kibrisdakik.com\/?p=74633"]}]},{"@type":"ImageObject","inLanguage":"tr","@id":"https:\/\/kibrisdakik.com\/?p=74633#primaryimage","url":"https:\/\/kibrisdakik.com\/wp-content\/uploads\/2025\/01\/1738154786105KKTC-4.-Bes-Yillik-Kalkinma-Plani-Toplantisi-4-so-740x420.jpg","contentUrl":"https:\/\/kibrisdakik.com\/wp-content\/uploads\/2025\/01\/1738154786105KKTC-4.-Bes-Yillik-Kalkinma-Plani-Toplantisi-4-so-740x420.jpg","width":2480,"height":1656},{"@type":"BreadcrumbList","@id":"https:\/\/kibrisdakik.com\/?p=74633#breadcrumb","itemListElement":[{"@type":"ListItem","position":1,"name":"Home","item":"https:\/\/kibrisdakik.com\/"},{"@type":"ListItem","position":2,"name":"Y\u0131lmaz KKTC 4. Be\u015f Y\u0131ll\u0131k Kalk\u0131nma Plan\u0131\u2019n\u0131 de\u011ferlendirdi: \u201c\u00d6nemli bir d\u00f6n\u00fcm noktas\u0131 ve g\u00fc\u00e7l\u00fc bir kalk\u0131nma hamlesinin ba\u015flang\u0131c\u0131\u201d"}]},{"@type":"WebSite","@id":"https:\/\/kibrisdakik.com\/#website","url":"https:\/\/kibrisdakik.com\/","name":"","description":"Tam vaktinde haber","potentialAction":[{"@type":"SearchAction","target":{"@type":"EntryPoint","urlTemplate":"https:\/\/kibrisdakik.com\/?s={search_term_string}"},"query-input":{"@type":"PropertyValueSpecification","valueRequired":true,"valueName":"search_term_string"}}],"inLanguage":"tr"},{"@type":"Person","@id":"https:\/\/kibrisdakik.com\/#\/schema\/person\/9cd9d437bbb44f72b73ba127e06d8e79","name":"admin","image":{"@type":"ImageObject","inLanguage":"tr","@id":"https:\/\/secure.gravatar.com\/avatar\/ccc17943b9d660506c869530f897617f7cb1c21a4bf30023f252596d83e1f007?s=96&d=mm&r=g","url":"https:\/\/secure.gravatar.com\/avatar\/ccc17943b9d660506c869530f897617f7cb1c21a4bf30023f252596d83e1f007?s=96&d=mm&r=g","contentUrl":"https:\/\/secure.gravatar.com\/avatar\/ccc17943b9d660506c869530f897617f7cb1c21a4bf30023f252596d83e1f007?s=96&d=mm&r=g","caption":"admin"},"sameAs":["https:\/\/kibrisdakik.com"],"url":"https:\/\/kibrisdakik.com\/?author=1"}]}},"_links":{"self":[{"href":"https:\/\/kibrisdakik.com\/index.php?rest_route=\/wp\/v2\/posts\/74633","targetHints":{"allow":["GET"]}}],"collection":[{"href":"https:\/\/kibrisdakik.com\/index.php?rest_route=\/wp\/v2\/posts"}],"about":[{"href":"https:\/\/kibrisdakik.com\/index.php?rest_route=\/wp\/v2\/types\/post"}],"author":[{"embeddable":true,"href":"https:\/\/kibrisdakik.com\/index.php?rest_route=\/wp\/v2\/users\/1"}],"replies":[{"embeddable":true,"href":"https:\/\/kibrisdakik.com\/index.php?rest_route=%2Fwp%2Fv2%2Fcomments&post=74633"}],"version-history":[{"count":0,"href":"https:\/\/kibrisdakik.com\/index.php?rest_route=\/wp\/v2\/posts\/74633\/revisions"}],"wp:featuredmedia":[{"embeddable":true,"href":"https:\/\/kibrisdakik.com\/index.php?rest_route=\/wp\/v2\/media\/74634"}],"wp:attachment":[{"href":"https:\/\/kibrisdakik.com\/index.php?rest_route=%2Fwp%2Fv2%2Fmedia&parent=74633"}],"wp:term":[{"taxonomy":"category","embeddable":true,"href":"https:\/\/kibrisdakik.com\/index.php?rest_route=%2Fwp%2Fv2%2Fcategories&post=74633"},{"taxonomy":"post_tag","embeddable":true,"href":"https:\/\/kibrisdakik.com\/index.php?rest_route=%2Fwp%2Fv2%2Ftags&post=74633"}],"curies":[{"name":"wp","href":"https:\/\/api.w.org\/{rel}","templated":true}]}}