{"id":74639,"date":"2025-01-29T17:10:17","date_gmt":"2025-01-29T14:10:17","guid":{"rendered":"https:\/\/kibrisdakik.com\/index.php\/2025\/01\/29\/4-bes-yillik-kalkinma-planinin-hedefleri-ve-politikalari-aciklandi\/"},"modified":"2025-01-29T17:10:17","modified_gmt":"2025-01-29T14:10:17","slug":"4-bes-yillik-kalkinma-planinin-hedefleri-ve-politikalari-aciklandi","status":"publish","type":"post","link":"https:\/\/kibrisdakik.com\/?p=74639","title":{"rendered":"4. Be\u015f Y\u0131ll\u0131k Kalk\u0131nma Plan\u0131\u2019n\u0131n hedefleri ve politikalar\u0131 a\u00e7\u0131kland\u0131"},"content":{"rendered":"<div>\n<div class=\"mariselle-image-container center\">\n                                            <\/div>\n<p>KKTC 4. Be\u015f Y\u0131ll\u0131k Kalk\u0131nma Plan\u0131 Toplant\u0131s\u0131 a\u00e7\u0131l\u0131\u015f konu\u015fmalar\u0131 sonras\u0131nda Devlet Planlama \u00d6rg\u00fct\u00fc (DP\u00d6) Ekonomik Planlama Dairesi Ba\u015fkan\u0131 Pembe Arifo\u011flu, 4. Be\u015f Y\u0131ll\u0131k Kalk\u0131nma Plan\u0131\u2019n\u0131n vizyonunu, hedefleri ve politikalar\u0131 hakk\u0131nda kapsaml\u0131 bir sunum yapt\u0131.<\/p>\n<p>Sunumda  Arifo\u011flu, \u201c\u0130stikrarl\u0131 ve g\u00fc\u00e7l\u00fc b\u00fcy\u00fcyen, rekabet\u00e7i ve katma de\u011ferli \u00fcretim kapasitesinin art\u0131r\u0131ld\u0131\u011f\u0131, ya\u015fanabilir mekanlar ve s\u00fcrd\u00fcr\u00fclebilir bir \u00e7evre ile nitelikli ve sa\u011fl\u0131kl\u0131 insan, g\u00fc\u00e7l\u00fc toplum yaratmaya odaklanan, ulusal ve uluslararas\u0131 i\u015f birli\u011fi art\u0131r\u0131lm\u0131\u015f bir Kuzey K\u0131br\u0131s T\u00fcrk Cumhuriyeti\u201d hedeflediklerini kaydetti.<\/p>\n<p>Arifo\u011flu, plan\u0131n temelde be\u015f ana ekseni bulundu\u011funun alt\u0131n\u0131 \u00e7izerek, bunlar\u0131n istikrarl\u0131 ve g\u00fc\u00e7l\u00fc b\u00fcy\u00fcme; rekabet\u00e7i ve y\u00fcksek katma de\u011ferli \u00fcretim kapasitesinin art\u0131r\u0131lmas\u0131; ya\u015fanabilir mekanlar s\u00fcrd\u00fcr\u00fclebilir \u00e7evre; nitelikli ve sa\u011fl\u0131kl\u0131 insan, g\u00fc\u00e7l\u00fc toplum; ile kalk\u0131nma i\u00e7in ulusal ve uluslararas\u0131 i\u015f birli\u011fi konular\u0131nda oldu\u011funu dile getirdi.<\/p>\n<p>\u0130stikrarl\u0131 ve g\u00fc\u00e7l\u00fc b\u00fcy\u00fcme ba\u015fl\u0131\u011f\u0131 alt\u0131nda dengeli ve istikrarl\u0131 b\u00fcy\u00fcme; tek haneli enflasyon; makroekonomik ve finansal istikrar; y\u00fcksek ki\u015fi ba\u015f\u0131 gelir ve kay\u0131t d\u0131\u015f\u0131l\u0131kla m\u00fccadelenin hedeflendi\u011fini aktaran Arifo\u011flu, bu hedeflerin g\u00fcncel enflasyon hesaplama y\u00f6ntemleri; b\u00fct\u00e7e disiplini; s\u00fcrekli ve etkili denetim yan\u0131 s\u0131ra kamu harcamalar\u0131n\u0131n kontrol\u00fc ve verimlili\u011fin art\u0131r\u0131lmas\u0131 politikalar\u0131yla sa\u011flanaca\u011f\u0131n\u0131 kaydetti.<\/p>\n<p>Arifo\u011flu, rekabet\u00e7i ve y\u00fcksek katma de\u011ferli \u00fcretim kapasitesinin art\u0131r\u0131lmas\u0131 konusunda ise turizm ve y\u00fcksek\u00f6\u011frenimde kalite ve verimlilik art\u0131\u015f\u0131; sanayi ve tar\u0131m sekt\u00f6rlerinde dijital d\u00f6n\u00fc\u015f\u00fcm ve ye\u015fil \u00fcretimin s\u00fcre\u00e7lerinin uygulanmas\u0131; enerji verimlili\u011fi ve geli\u015fmi\u015f altyap\u0131 ve limanlar ve ula\u015f\u0131m\u0131n geli\u015ftirilmesi hedeflerini koyduklar\u0131n\u0131 a\u00e7\u0131klad\u0131.<\/p>\n<p>S\u00f6z konusu hedeflere ula\u015f\u0131lmas\u0131nda be\u015f politika belirlendi\u011fini vurgulayan Arifo\u011flu, bunlar\u0131 destinasyon turizmi \u201cKuzey K\u0131br\u0131s (North Cyprus)\u201dmarkas\u0131n\u0131n tan\u0131t\u0131m\u0131; y\u00fcksek\u00f6\u011fretimde uluslararas\u0131 standartlar\u0131n art\u0131r\u0131lmas\u0131; turizm ve tar\u0131mda \u00fcr\u00fcn \u00e7e\u015fitlili\u011fi ve pazar geni\u015fletme, dijital ve ye\u015fil d\u00f6n\u00fc\u015f\u00fcm; g\u0131da g\u00fcvenli\u011fi, modern ve iyi tar\u0131m uygulamalar\u0131, sertifikal\u0131 \u00fcretim ve son olarak Ar-Ge, teknoparklar, enerji verimlili\u011fi, etkin devlet yard\u0131mlar\u0131 politikalar\u0131 olarak s\u0131ralad\u0131.<\/p>\n<p>-\u00d6ncelikli geli\u015fim alanlar\u0131<\/p>\n<p>Arifo\u011flu sunumunda, in\u015faat ve gayrimenkul sekt\u00f6r\u00fc, enerji, bilgi ve ileti\u015fim teknolojileri, bilim teknoloji ve yenilik (AR-GE) ve teknoloji geli\u015ftirme b\u00f6lgeleri (teknoparklar) alanlar\u0131n\u0131 \u00f6ncelikli geli\u015fme alanlar\u0131 olarak belirlediklerine de dikkat \u00e7ekti.<\/p>\n<p>Ya\u015fanabilir mekanlar ve s\u00fcrd\u00fcr\u00fclebilir bir \u00e7evre ana eksen ba\u015fl\u0131\u011f\u0131nda be\u015f hedefleri bulundu\u011funu dile getiren Arifo\u011flu, ama\u00e7lar\u0131n\u0131n ya\u015fanabilir ve planl\u0131 \u015fehirler; temel altyap\u0131 hizmetlerine kolay eri\u015fim; afetlere kar\u015f\u0131 diren\u00e7li \u015fehirler ve kentsel yenileme; ya\u015fam kalitesi y\u00fcksek k\u0131rsal kesim ve son olarak temiz ve s\u00fcrd\u00fcr\u00fclebilir \u00e7evre hedeflerini ger\u00e7ekle\u015ftirmek oldu\u011funu s\u00f6yledi.<\/p>\n<p>Arifo\u011flu, bahsi ge\u00e7en hedeflerin ger\u00e7ekle\u015fmesi konusunda uygulanacak politikalar\u0131n ise kentsel ve k\u0131rsal alanlarda ya\u015fam kalitesinin art\u0131r\u0131lmas\u0131; yerel y\u00f6netimlerin gelirlerinin art\u0131r\u0131lmas\u0131; k\u0131rsal kalk\u0131nma ve do\u011fal kaynak y\u00f6netimi ve etkili \u00e7evre koruma politikalar\u0131 olaca\u011f\u0131n\u0131 kaydetti.<\/p>\n<p>Nitelikli ve sa\u011fl\u0131kl\u0131 insan, g\u00fc\u00e7l\u00fc toplum ba\u015fl\u0131\u011f\u0131 kapsam\u0131nda alt\u0131 hedef olu\u015fturuldu\u011funu s\u00f6yleyen Arifo\u011flu, bunlar\u0131 yeni e\u011fitim kurumlar\u0131 ve e\u011fitimde kalite art\u0131\u015f\u0131; yeni hastaneler ve sa\u011fl\u0131k merkezleri; d\u00fc\u015f\u00fck i\u015fsizlik oran\u0131 ve y\u00fcksek istihdam; zengin k\u00fclt\u00fcr miras\u0131n\u0131n korunmas\u0131; spor ve k\u00fclt\u00fcrel faaliyetlerin art\u0131r\u0131lmas\u0131; sosyal hizmetlere e\u015fit eri\u015fim hakk\u0131 hedefleri olarak s\u0131ralad\u0131.<\/p>\n<p>Arifo\u011flu, bu hedefler do\u011frultusunda, \u201ckapsay\u0131c\u0131, kaliteli sa\u011fl\u0131k ve e\u011fitim; toplumsal refah art\u0131\u015f\u0131; nitelikli ve y\u00fcksek istihdam; geli\u015fmi\u015f sosyal hizmetler; geli\u015fmi\u015f spor ve k\u00fclt\u00fcrel faaliyetler\u201d politikalar\u0131n\u0131 uygulayacaklar\u0131n\u0131 belirtti.     <\/p>\n<p>Son ana eksenin kalk\u0131nma i\u00e7in ulusal ve uluslararas\u0131 i\u015f birli\u011fi konusunda oldu\u011funu dile getiren Arifo\u011flu, hedeflerini \u201cyurtd\u0131\u015f\u0131 temsilciliklerin art\u0131r\u0131lmas\u0131; T\u00fcrkiye Cumhuriyeti ile T\u00fcrk Devletleri Te\u015fkilat\u0131 ile ili\u015fkilerin artmas\u0131 ve yurtd\u0131\u015f\u0131ndaki K\u0131br\u0131sl\u0131 T\u00fcrkler ve yabanc\u0131lar i\u00e7in iyile\u015ftirilmi\u015f yat\u0131r\u0131m ortam\u0131\u201d sa\u011flamak olarak a\u00e7\u0131klad\u0131.<\/p>\n<p>Arifo\u011flu, bu hedeflerin uygulanmas\u0131 a\u015famas\u0131nda, ekonomik ili\u015fkilerin g\u00fc\u00e7lendirilmesi ve yurtd\u0131\u015f\u0131nda ya\u015fayan K\u0131br\u0131sl\u0131 T\u00fcrklerle ba\u011flar\u0131n art\u0131r\u0131lmas\u0131 politikalar\u0131n\u0131 uygulayacaklar\u0131n\u0131 da s\u00f6yledi.<\/p>\n<p>Arifo\u011flu, bu plan\u0131n KKTC\u2019nin gelece\u011fini \u015fekillendirecek bir plan oldu\u011funu s\u00f6yleyerek, sahip olduklar\u0131 uzun vadeli kalk\u0131nma vizyonuyla ama\u00e7lar\u0131n\u0131n daha y\u00fcksek ya\u015fam kalitesi ve daha g\u00fc\u00e7l\u00fc, daha rekabet\u00e7i ve s\u00fcrd\u00fcr\u00fclebilir bir ekonomi olu\u015fturmak oldu\u011funu kaydetti.<\/p>\n<\/p><\/div>\n<p><script async\n                    defer\n                    crossorigin=\"anonymous\"\n                    src=\"https:\/\/connect.facebook.net\/tr_TR\/sdk.js#xfbml=1&#038;version=v3.3\"\n            ><\/script><\/p>\n","protected":false},"excerpt":{"rendered":"<p>KKTC 4. Be\u015f Y\u0131ll\u0131k Kalk\u0131nma Plan\u0131 Toplant\u0131s\u0131 a\u00e7\u0131l\u0131\u015f konu\u015fmalar\u0131 sonras\u0131nda Devlet Planlama \u00d6rg\u00fct\u00fc (DP\u00d6) Ekonomik Planlama Dairesi Ba\u015fkan\u0131 Pembe Arifo\u011flu, 4. Be\u015f Y\u0131ll\u0131k Kalk\u0131nma Plan\u0131\u2019n\u0131n vizyonunu, hedefleri ve politikalar\u0131 hakk\u0131nda kapsaml\u0131 bir sunum yapt\u0131. Sunumda Arifo\u011flu, \u201c\u0130stikrarl\u0131 ve g\u00fc\u00e7l\u00fc b\u00fcy\u00fcyen, rekabet\u00e7i ve katma de\u011ferli \u00fcretim kapasitesinin art\u0131r\u0131ld\u0131\u011f\u0131, ya\u015fanabilir mekanlar ve s\u00fcrd\u00fcr\u00fclebilir bir \u00e7evre ile nitelikli<\/p>\n","protected":false},"author":1,"featured_media":74640,"comment_status":"open","ping_status":"open","sticky":false,"template":"","format":"standard","meta":{"footnotes":""},"categories":[81,101],"tags":[],"class_list":["post-74639","post","type-post","status-publish","format-standard","has-post-thumbnail","hentry","category-kibris","category-manset"],"yoast_head":"<!-- This site is optimized with the Yoast SEO plugin v27.5 - https:\/\/yoast.com\/product\/yoast-seo-wordpress\/ -->\n<title>4. Be\u015f Y\u0131ll\u0131k Kalk\u0131nma Plan\u0131\u2019n\u0131n hedefleri ve politikalar\u0131 a\u00e7\u0131kland\u0131 -<\/title>\n<meta name=\"robots\" content=\"index, follow, max-snippet:-1, max-image-preview:large, max-video-preview:-1\" \/>\n<link rel=\"canonical\" href=\"https:\/\/kibrisdakik.com\/?p=74639\" \/>\n<meta property=\"og:locale\" content=\"tr_TR\" \/>\n<meta property=\"og:type\" content=\"article\" \/>\n<meta property=\"og:title\" content=\"4. Be\u015f Y\u0131ll\u0131k Kalk\u0131nma Plan\u0131\u2019n\u0131n hedefleri ve politikalar\u0131 a\u00e7\u0131kland\u0131 -\" \/>\n<meta property=\"og:description\" content=\"KKTC 4. Be\u015f Y\u0131ll\u0131k Kalk\u0131nma Plan\u0131 Toplant\u0131s\u0131 a\u00e7\u0131l\u0131\u015f konu\u015fmalar\u0131 sonras\u0131nda Devlet Planlama \u00d6rg\u00fct\u00fc (DP\u00d6) Ekonomik Planlama Dairesi Ba\u015fkan\u0131 Pembe Arifo\u011flu, 4. Be\u015f Y\u0131ll\u0131k Kalk\u0131nma Plan\u0131\u2019n\u0131n vizyonunu, hedefleri ve politikalar\u0131 hakk\u0131nda kapsaml\u0131 bir sunum yapt\u0131. Sunumda Arifo\u011flu, \u201c\u0130stikrarl\u0131 ve g\u00fc\u00e7l\u00fc b\u00fcy\u00fcyen, rekabet\u00e7i ve katma de\u011ferli \u00fcretim kapasitesinin art\u0131r\u0131ld\u0131\u011f\u0131, ya\u015fanabilir mekanlar ve s\u00fcrd\u00fcr\u00fclebilir bir \u00e7evre ile nitelikli\" \/>\n<meta property=\"og:url\" content=\"https:\/\/kibrisdakik.com\/?p=74639\" \/>\n<meta property=\"article:published_time\" content=\"2025-01-29T14:10:17+00:00\" \/>\n<meta property=\"og:image\" content=\"https:\/\/kibrisdakik.com\/wp-content\/uploads\/2025\/01\/1738156728654Pembe-Arifoglu-740x420.jpg\" \/>\n\t<meta property=\"og:image:width\" content=\"1200\" \/>\n\t<meta property=\"og:image:height\" content=\"1600\" \/>\n\t<meta property=\"og:image:type\" content=\"image\/jpeg\" \/>\n<meta name=\"author\" content=\"admin\" \/>\n<meta name=\"twitter:card\" content=\"summary_large_image\" \/>\n<meta name=\"twitter:label1\" content=\"Yazan:\" \/>\n\t<meta name=\"twitter:data1\" content=\"admin\" \/>\n\t<meta name=\"twitter:label2\" content=\"Tahmini okuma s\u00fcresi\" \/>\n\t<meta name=\"twitter:data2\" content=\"4 dakika\" \/>\n<script type=\"application\/ld+json\" class=\"yoast-schema-graph\">{\"@context\":\"https:\\\/\\\/schema.org\",\"@graph\":[{\"@type\":\"Article\",\"@id\":\"https:\\\/\\\/kibrisdakik.com\\\/?p=74639#article\",\"isPartOf\":{\"@id\":\"https:\\\/\\\/kibrisdakik.com\\\/?p=74639\"},\"author\":{\"name\":\"admin\",\"@id\":\"https:\\\/\\\/kibrisdakik.com\\\/#\\\/schema\\\/person\\\/9cd9d437bbb44f72b73ba127e06d8e79\"},\"headline\":\"4. Be\u015f Y\u0131ll\u0131k Kalk\u0131nma Plan\u0131\u2019n\u0131n hedefleri ve politikalar\u0131 a\u00e7\u0131kland\u0131\",\"datePublished\":\"2025-01-29T14:10:17+00:00\",\"mainEntityOfPage\":{\"@id\":\"https:\\\/\\\/kibrisdakik.com\\\/?p=74639\"},\"wordCount\":856,\"commentCount\":0,\"image\":{\"@id\":\"https:\\\/\\\/kibrisdakik.com\\\/?p=74639#primaryimage\"},\"thumbnailUrl\":\"https:\\\/\\\/kibrisdakik.com\\\/wp-content\\\/uploads\\\/2025\\\/01\\\/1738156728654Pembe-Arifoglu-740x420.jpg\",\"articleSection\":[\"K\u0131br\u0131s\",\"Man\u015fet\"],\"inLanguage\":\"tr\",\"potentialAction\":[{\"@type\":\"CommentAction\",\"name\":\"Comment\",\"target\":[\"https:\\\/\\\/kibrisdakik.com\\\/?p=74639#respond\"]}]},{\"@type\":\"WebPage\",\"@id\":\"https:\\\/\\\/kibrisdakik.com\\\/?p=74639\",\"url\":\"https:\\\/\\\/kibrisdakik.com\\\/?p=74639\",\"name\":\"4. Be\u015f Y\u0131ll\u0131k Kalk\u0131nma Plan\u0131\u2019n\u0131n hedefleri ve politikalar\u0131 a\u00e7\u0131kland\u0131 -\",\"isPartOf\":{\"@id\":\"https:\\\/\\\/kibrisdakik.com\\\/#website\"},\"primaryImageOfPage\":{\"@id\":\"https:\\\/\\\/kibrisdakik.com\\\/?p=74639#primaryimage\"},\"image\":{\"@id\":\"https:\\\/\\\/kibrisdakik.com\\\/?p=74639#primaryimage\"},\"thumbnailUrl\":\"https:\\\/\\\/kibrisdakik.com\\\/wp-content\\\/uploads\\\/2025\\\/01\\\/1738156728654Pembe-Arifoglu-740x420.jpg\",\"datePublished\":\"2025-01-29T14:10:17+00:00\",\"author\":{\"@id\":\"https:\\\/\\\/kibrisdakik.com\\\/#\\\/schema\\\/person\\\/9cd9d437bbb44f72b73ba127e06d8e79\"},\"breadcrumb\":{\"@id\":\"https:\\\/\\\/kibrisdakik.com\\\/?p=74639#breadcrumb\"},\"inLanguage\":\"tr\",\"potentialAction\":[{\"@type\":\"ReadAction\",\"target\":[\"https:\\\/\\\/kibrisdakik.com\\\/?p=74639\"]}]},{\"@type\":\"ImageObject\",\"inLanguage\":\"tr\",\"@id\":\"https:\\\/\\\/kibrisdakik.com\\\/?p=74639#primaryimage\",\"url\":\"https:\\\/\\\/kibrisdakik.com\\\/wp-content\\\/uploads\\\/2025\\\/01\\\/1738156728654Pembe-Arifoglu-740x420.jpg\",\"contentUrl\":\"https:\\\/\\\/kibrisdakik.com\\\/wp-content\\\/uploads\\\/2025\\\/01\\\/1738156728654Pembe-Arifoglu-740x420.jpg\",\"width\":1200,\"height\":1600},{\"@type\":\"BreadcrumbList\",\"@id\":\"https:\\\/\\\/kibrisdakik.com\\\/?p=74639#breadcrumb\",\"itemListElement\":[{\"@type\":\"ListItem\",\"position\":1,\"name\":\"Home\",\"item\":\"https:\\\/\\\/kibrisdakik.com\\\/\"},{\"@type\":\"ListItem\",\"position\":2,\"name\":\"4. Be\u015f Y\u0131ll\u0131k Kalk\u0131nma Plan\u0131\u2019n\u0131n hedefleri ve politikalar\u0131 a\u00e7\u0131kland\u0131\"}]},{\"@type\":\"WebSite\",\"@id\":\"https:\\\/\\\/kibrisdakik.com\\\/#website\",\"url\":\"https:\\\/\\\/kibrisdakik.com\\\/\",\"name\":\"\",\"description\":\"Tam vaktinde haber\",\"potentialAction\":[{\"@type\":\"SearchAction\",\"target\":{\"@type\":\"EntryPoint\",\"urlTemplate\":\"https:\\\/\\\/kibrisdakik.com\\\/?s={search_term_string}\"},\"query-input\":{\"@type\":\"PropertyValueSpecification\",\"valueRequired\":true,\"valueName\":\"search_term_string\"}}],\"inLanguage\":\"tr\"},{\"@type\":\"Person\",\"@id\":\"https:\\\/\\\/kibrisdakik.com\\\/#\\\/schema\\\/person\\\/9cd9d437bbb44f72b73ba127e06d8e79\",\"name\":\"admin\",\"image\":{\"@type\":\"ImageObject\",\"inLanguage\":\"tr\",\"@id\":\"https:\\\/\\\/secure.gravatar.com\\\/avatar\\\/ccc17943b9d660506c869530f897617f7cb1c21a4bf30023f252596d83e1f007?s=96&d=mm&r=g\",\"url\":\"https:\\\/\\\/secure.gravatar.com\\\/avatar\\\/ccc17943b9d660506c869530f897617f7cb1c21a4bf30023f252596d83e1f007?s=96&d=mm&r=g\",\"contentUrl\":\"https:\\\/\\\/secure.gravatar.com\\\/avatar\\\/ccc17943b9d660506c869530f897617f7cb1c21a4bf30023f252596d83e1f007?s=96&d=mm&r=g\",\"caption\":\"admin\"},\"sameAs\":[\"https:\\\/\\\/kibrisdakik.com\"],\"url\":\"https:\\\/\\\/kibrisdakik.com\\\/?author=1\"}]}<\/script>\n<!-- \/ Yoast SEO plugin. -->","yoast_head_json":{"title":"4. Be\u015f Y\u0131ll\u0131k Kalk\u0131nma Plan\u0131\u2019n\u0131n hedefleri ve politikalar\u0131 a\u00e7\u0131kland\u0131 -","robots":{"index":"index","follow":"follow","max-snippet":"max-snippet:-1","max-image-preview":"max-image-preview:large","max-video-preview":"max-video-preview:-1"},"canonical":"https:\/\/kibrisdakik.com\/?p=74639","og_locale":"tr_TR","og_type":"article","og_title":"4. Be\u015f Y\u0131ll\u0131k Kalk\u0131nma Plan\u0131\u2019n\u0131n hedefleri ve politikalar\u0131 a\u00e7\u0131kland\u0131 -","og_description":"KKTC 4. Be\u015f Y\u0131ll\u0131k Kalk\u0131nma Plan\u0131 Toplant\u0131s\u0131 a\u00e7\u0131l\u0131\u015f konu\u015fmalar\u0131 sonras\u0131nda Devlet Planlama \u00d6rg\u00fct\u00fc (DP\u00d6) Ekonomik Planlama Dairesi Ba\u015fkan\u0131 Pembe Arifo\u011flu, 4. Be\u015f Y\u0131ll\u0131k Kalk\u0131nma Plan\u0131\u2019n\u0131n vizyonunu, hedefleri ve politikalar\u0131 hakk\u0131nda kapsaml\u0131 bir sunum yapt\u0131. Sunumda Arifo\u011flu, \u201c\u0130stikrarl\u0131 ve g\u00fc\u00e7l\u00fc b\u00fcy\u00fcyen, rekabet\u00e7i ve katma de\u011ferli \u00fcretim kapasitesinin art\u0131r\u0131ld\u0131\u011f\u0131, ya\u015fanabilir mekanlar ve s\u00fcrd\u00fcr\u00fclebilir bir \u00e7evre ile nitelikli","og_url":"https:\/\/kibrisdakik.com\/?p=74639","article_published_time":"2025-01-29T14:10:17+00:00","og_image":[{"width":1200,"height":1600,"url":"https:\/\/kibrisdakik.com\/wp-content\/uploads\/2025\/01\/1738156728654Pembe-Arifoglu-740x420.jpg","type":"image\/jpeg"}],"author":"admin","twitter_card":"summary_large_image","twitter_misc":{"Yazan:":"admin","Tahmini okuma s\u00fcresi":"4 dakika"},"schema":{"@context":"https:\/\/schema.org","@graph":[{"@type":"Article","@id":"https:\/\/kibrisdakik.com\/?p=74639#article","isPartOf":{"@id":"https:\/\/kibrisdakik.com\/?p=74639"},"author":{"name":"admin","@id":"https:\/\/kibrisdakik.com\/#\/schema\/person\/9cd9d437bbb44f72b73ba127e06d8e79"},"headline":"4. Be\u015f Y\u0131ll\u0131k Kalk\u0131nma Plan\u0131\u2019n\u0131n hedefleri ve politikalar\u0131 a\u00e7\u0131kland\u0131","datePublished":"2025-01-29T14:10:17+00:00","mainEntityOfPage":{"@id":"https:\/\/kibrisdakik.com\/?p=74639"},"wordCount":856,"commentCount":0,"image":{"@id":"https:\/\/kibrisdakik.com\/?p=74639#primaryimage"},"thumbnailUrl":"https:\/\/kibrisdakik.com\/wp-content\/uploads\/2025\/01\/1738156728654Pembe-Arifoglu-740x420.jpg","articleSection":["K\u0131br\u0131s","Man\u015fet"],"inLanguage":"tr","potentialAction":[{"@type":"CommentAction","name":"Comment","target":["https:\/\/kibrisdakik.com\/?p=74639#respond"]}]},{"@type":"WebPage","@id":"https:\/\/kibrisdakik.com\/?p=74639","url":"https:\/\/kibrisdakik.com\/?p=74639","name":"4. Be\u015f Y\u0131ll\u0131k Kalk\u0131nma Plan\u0131\u2019n\u0131n hedefleri ve politikalar\u0131 a\u00e7\u0131kland\u0131 -","isPartOf":{"@id":"https:\/\/kibrisdakik.com\/#website"},"primaryImageOfPage":{"@id":"https:\/\/kibrisdakik.com\/?p=74639#primaryimage"},"image":{"@id":"https:\/\/kibrisdakik.com\/?p=74639#primaryimage"},"thumbnailUrl":"https:\/\/kibrisdakik.com\/wp-content\/uploads\/2025\/01\/1738156728654Pembe-Arifoglu-740x420.jpg","datePublished":"2025-01-29T14:10:17+00:00","author":{"@id":"https:\/\/kibrisdakik.com\/#\/schema\/person\/9cd9d437bbb44f72b73ba127e06d8e79"},"breadcrumb":{"@id":"https:\/\/kibrisdakik.com\/?p=74639#breadcrumb"},"inLanguage":"tr","potentialAction":[{"@type":"ReadAction","target":["https:\/\/kibrisdakik.com\/?p=74639"]}]},{"@type":"ImageObject","inLanguage":"tr","@id":"https:\/\/kibrisdakik.com\/?p=74639#primaryimage","url":"https:\/\/kibrisdakik.com\/wp-content\/uploads\/2025\/01\/1738156728654Pembe-Arifoglu-740x420.jpg","contentUrl":"https:\/\/kibrisdakik.com\/wp-content\/uploads\/2025\/01\/1738156728654Pembe-Arifoglu-740x420.jpg","width":1200,"height":1600},{"@type":"BreadcrumbList","@id":"https:\/\/kibrisdakik.com\/?p=74639#breadcrumb","itemListElement":[{"@type":"ListItem","position":1,"name":"Home","item":"https:\/\/kibrisdakik.com\/"},{"@type":"ListItem","position":2,"name":"4. Be\u015f Y\u0131ll\u0131k Kalk\u0131nma Plan\u0131\u2019n\u0131n hedefleri ve politikalar\u0131 a\u00e7\u0131kland\u0131"}]},{"@type":"WebSite","@id":"https:\/\/kibrisdakik.com\/#website","url":"https:\/\/kibrisdakik.com\/","name":"","description":"Tam vaktinde haber","potentialAction":[{"@type":"SearchAction","target":{"@type":"EntryPoint","urlTemplate":"https:\/\/kibrisdakik.com\/?s={search_term_string}"},"query-input":{"@type":"PropertyValueSpecification","valueRequired":true,"valueName":"search_term_string"}}],"inLanguage":"tr"},{"@type":"Person","@id":"https:\/\/kibrisdakik.com\/#\/schema\/person\/9cd9d437bbb44f72b73ba127e06d8e79","name":"admin","image":{"@type":"ImageObject","inLanguage":"tr","@id":"https:\/\/secure.gravatar.com\/avatar\/ccc17943b9d660506c869530f897617f7cb1c21a4bf30023f252596d83e1f007?s=96&d=mm&r=g","url":"https:\/\/secure.gravatar.com\/avatar\/ccc17943b9d660506c869530f897617f7cb1c21a4bf30023f252596d83e1f007?s=96&d=mm&r=g","contentUrl":"https:\/\/secure.gravatar.com\/avatar\/ccc17943b9d660506c869530f897617f7cb1c21a4bf30023f252596d83e1f007?s=96&d=mm&r=g","caption":"admin"},"sameAs":["https:\/\/kibrisdakik.com"],"url":"https:\/\/kibrisdakik.com\/?author=1"}]}},"_links":{"self":[{"href":"https:\/\/kibrisdakik.com\/index.php?rest_route=\/wp\/v2\/posts\/74639","targetHints":{"allow":["GET"]}}],"collection":[{"href":"https:\/\/kibrisdakik.com\/index.php?rest_route=\/wp\/v2\/posts"}],"about":[{"href":"https:\/\/kibrisdakik.com\/index.php?rest_route=\/wp\/v2\/types\/post"}],"author":[{"embeddable":true,"href":"https:\/\/kibrisdakik.com\/index.php?rest_route=\/wp\/v2\/users\/1"}],"replies":[{"embeddable":true,"href":"https:\/\/kibrisdakik.com\/index.php?rest_route=%2Fwp%2Fv2%2Fcomments&post=74639"}],"version-history":[{"count":0,"href":"https:\/\/kibrisdakik.com\/index.php?rest_route=\/wp\/v2\/posts\/74639\/revisions"}],"wp:featuredmedia":[{"embeddable":true,"href":"https:\/\/kibrisdakik.com\/index.php?rest_route=\/wp\/v2\/media\/74640"}],"wp:attachment":[{"href":"https:\/\/kibrisdakik.com\/index.php?rest_route=%2Fwp%2Fv2%2Fmedia&parent=74639"}],"wp:term":[{"taxonomy":"category","embeddable":true,"href":"https:\/\/kibrisdakik.com\/index.php?rest_route=%2Fwp%2Fv2%2Fcategories&post=74639"},{"taxonomy":"post_tag","embeddable":true,"href":"https:\/\/kibrisdakik.com\/index.php?rest_route=%2Fwp%2Fv2%2Ftags&post=74639"}],"curies":[{"name":"wp","href":"https:\/\/api.w.org\/{rel}","templated":true}]}}