{"id":74647,"date":"2025-01-29T18:21:16","date_gmt":"2025-01-29T15:21:16","guid":{"rendered":"https:\/\/kibrisdakik.com\/index.php\/2025\/01\/29\/kibris-turk-sosyal-sigortalar-degisiklik-yasa-tasarisi-komiteden-gecti\/"},"modified":"2025-01-29T18:21:16","modified_gmt":"2025-01-29T15:21:16","slug":"kibris-turk-sosyal-sigortalar-degisiklik-yasa-tasarisi-komiteden-gecti","status":"publish","type":"post","link":"https:\/\/kibrisdakik.com\/?p=74647","title":{"rendered":"K\u0131br\u0131s T\u00fcrk Sosyal Sigortalar (De\u011fi\u015fiklik) Yasa Tasar\u0131s\u0131 komiteden ge\u00e7ti"},"content":{"rendered":"<div>\n<div class=\"mariselle-image-container center\">\n                                            <\/div>\n<p>K\u0131br\u0131s T\u00fcrk Sosyal Sigortalar ( De\u011fi\u015fiklik) Yasa Tasar\u0131s\u0131, Cumhuriyet Meclisi, \u0130dari, Kamu ve Sa\u011fl\u0131k \u0130\u015fleri Komitesi\u2019nde onayland\u0131.<\/p>\n<p>Cumhuriyet Meclisi\u2019nden verilen bilgiye g\u00f6re, \u0130dari, Kamu ve Sa\u011fl\u0131k \u0130\u015fleri Komitesi bug\u00fcn UBP Milletvekili Komite Ba\u015fkan\u0131 Sunat Atun ba\u015fkanl\u0131\u011f\u0131nda topland\u0131.<\/p>\n<p>Komite, g\u00fcndemindeki \u201cK\u0131br\u0131s T\u00fcrk Sosyal Sigortalar ( De\u011fi\u015fiklik) Yasa Tasar\u0131s\u0131\u201dn\u0131 g\u00f6r\u00fc\u015ft\u00fc ve oybirli\u011fi ile onaylayarak, Genel Kurul\u2019un g\u00fcndemine sevk etti.<\/p>\n<p>Komite toplant\u0131s\u0131na davetli olarak,  Maliye Bakanl\u0131\u011f\u0131, \u00c7al\u0131\u015fma ve Sosyal G\u00fcvenlik Bakanl\u0131\u011f\u0131, Kamu Y\u00f6netimi ve \u0130nsan Kaynaklar\u0131 Ba\u015fkanl\u0131\u011f\u0131, Sosyal Sigortalar Dairesi, KTAMS, KAMU-SEN ve KTOE\u00d6S\u2019den yetkililer kat\u0131larak, konu ile ilgili g\u00f6r\u00fc\u015flerini sundu.<\/p>\n<p>Komite toplant\u0131s\u0131nda \u00c7al\u0131\u015fma ve Sosyal G\u00fcvenlik Bakan\u0131 Sad\u0131k Gardiyano\u011flu da haz\u0131r bulundu.<\/p>\n<p>UBP Milletvekili Sunat Atun Ba\u015fkanl\u0131\u011f\u0131ndaki \u0130dari, Kamu ve Sa\u011fl\u0131k \u0130\u015fleri Komitesi toplant\u0131s\u0131na, Komite \u00fcyesi UBP Milletvekilleri \u0130zlem G\u00fcr\u00e7a\u011f Altu\u011fra, Ahmet Sava\u015fan ve Komite \u00fcyesi CTP Milletvekili Devrim Bar\u00e7\u0131n kat\u0131ld\u0131.<\/p>\n<\/p><\/div>\n<p><script async\n                    defer\n                    crossorigin=\"anonymous\"\n                    src=\"https:\/\/connect.facebook.net\/tr_TR\/sdk.js#xfbml=1&#038;version=v3.3\"\n            ><\/script><\/p>\n","protected":false},"excerpt":{"rendered":"<p>K\u0131br\u0131s T\u00fcrk Sosyal Sigortalar ( De\u011fi\u015fiklik) Yasa Tasar\u0131s\u0131, Cumhuriyet Meclisi, \u0130dari, Kamu ve Sa\u011fl\u0131k \u0130\u015fleri Komitesi\u2019nde onayland\u0131. Cumhuriyet Meclisi\u2019nden verilen bilgiye g\u00f6re, \u0130dari, Kamu ve Sa\u011fl\u0131k \u0130\u015fleri Komitesi bug\u00fcn UBP Milletvekili Komite Ba\u015fkan\u0131 Sunat Atun ba\u015fkanl\u0131\u011f\u0131nda topland\u0131. Komite, g\u00fcndemindeki \u201cK\u0131br\u0131s T\u00fcrk Sosyal Sigortalar ( De\u011fi\u015fiklik) Yasa Tasar\u0131s\u0131\u201dn\u0131 g\u00f6r\u00fc\u015ft\u00fc ve oybirli\u011fi ile onaylayarak, Genel Kurul\u2019un g\u00fcndemine<\/p>\n","protected":false},"author":1,"featured_media":74648,"comment_status":"open","ping_status":"open","sticky":false,"template":"","format":"standard","meta":{"footnotes":""},"categories":[81,101],"tags":[],"class_list":["post-74647","post","type-post","status-publish","format-standard","has-post-thumbnail","hentry","category-kibris","category-manset"],"yoast_head":"<!-- This site is optimized with the Yoast SEO plugin v27.4 - https:\/\/yoast.com\/product\/yoast-seo-wordpress\/ -->\n<title>K\u0131br\u0131s T\u00fcrk Sosyal Sigortalar (De\u011fi\u015fiklik) Yasa Tasar\u0131s\u0131 komiteden ge\u00e7ti -<\/title>\n<meta name=\"robots\" content=\"index, follow, max-snippet:-1, max-image-preview:large, max-video-preview:-1\" \/>\n<link rel=\"canonical\" href=\"https:\/\/kibrisdakik.com\/?p=74647\" \/>\n<meta property=\"og:locale\" content=\"tr_TR\" \/>\n<meta property=\"og:type\" content=\"article\" \/>\n<meta property=\"og:title\" content=\"K\u0131br\u0131s T\u00fcrk Sosyal Sigortalar (De\u011fi\u015fiklik) Yasa Tasar\u0131s\u0131 komiteden ge\u00e7ti -\" \/>\n<meta property=\"og:description\" content=\"K\u0131br\u0131s T\u00fcrk Sosyal Sigortalar ( De\u011fi\u015fiklik) Yasa Tasar\u0131s\u0131, Cumhuriyet Meclisi, \u0130dari, Kamu ve Sa\u011fl\u0131k \u0130\u015fleri Komitesi\u2019nde onayland\u0131. Cumhuriyet Meclisi\u2019nden verilen bilgiye g\u00f6re, \u0130dari, Kamu ve Sa\u011fl\u0131k \u0130\u015fleri Komitesi bug\u00fcn UBP Milletvekili Komite Ba\u015fkan\u0131 Sunat Atun ba\u015fkanl\u0131\u011f\u0131nda topland\u0131. Komite, g\u00fcndemindeki \u201cK\u0131br\u0131s T\u00fcrk Sosyal Sigortalar ( De\u011fi\u015fiklik) Yasa Tasar\u0131s\u0131\u201dn\u0131 g\u00f6r\u00fc\u015ft\u00fc ve oybirli\u011fi ile onaylayarak, Genel Kurul\u2019un g\u00fcndemine\" \/>\n<meta property=\"og:url\" content=\"https:\/\/kibrisdakik.com\/?p=74647\" \/>\n<meta property=\"article:published_time\" content=\"2025-01-29T15:21:16+00:00\" \/>\n<meta property=\"og:image\" content=\"https:\/\/kibrisdakik.com\/wp-content\/uploads\/2025\/01\/1738162604795IDARI-KOMITE-740x420.jpg\" \/>\n\t<meta property=\"og:image:width\" content=\"1800\" \/>\n\t<meta property=\"og:image:height\" content=\"1200\" \/>\n\t<meta property=\"og:image:type\" content=\"image\/jpeg\" \/>\n<meta name=\"author\" content=\"admin\" \/>\n<meta name=\"twitter:card\" content=\"summary_large_image\" \/>\n<meta name=\"twitter:label1\" content=\"Yazan:\" \/>\n\t<meta name=\"twitter:data1\" content=\"admin\" \/>\n\t<meta name=\"twitter:label2\" content=\"Tahmini okuma s\u00fcresi\" \/>\n\t<meta name=\"twitter:data2\" content=\"1 dakika\" \/>\n<script type=\"application\/ld+json\" class=\"yoast-schema-graph\">{\"@context\":\"https:\\\/\\\/schema.org\",\"@graph\":[{\"@type\":\"Article\",\"@id\":\"https:\\\/\\\/kibrisdakik.com\\\/?p=74647#article\",\"isPartOf\":{\"@id\":\"https:\\\/\\\/kibrisdakik.com\\\/?p=74647\"},\"author\":{\"name\":\"admin\",\"@id\":\"https:\\\/\\\/kibrisdakik.com\\\/#\\\/schema\\\/person\\\/9cd9d437bbb44f72b73ba127e06d8e79\"},\"headline\":\"K\u0131br\u0131s T\u00fcrk Sosyal Sigortalar (De\u011fi\u015fiklik) Yasa Tasar\u0131s\u0131 komiteden ge\u00e7ti\",\"datePublished\":\"2025-01-29T15:21:16+00:00\",\"mainEntityOfPage\":{\"@id\":\"https:\\\/\\\/kibrisdakik.com\\\/?p=74647\"},\"wordCount\":203,\"commentCount\":0,\"image\":{\"@id\":\"https:\\\/\\\/kibrisdakik.com\\\/?p=74647#primaryimage\"},\"thumbnailUrl\":\"https:\\\/\\\/kibrisdakik.com\\\/wp-content\\\/uploads\\\/2025\\\/01\\\/1738162604795IDARI-KOMITE-740x420.jpg\",\"articleSection\":[\"K\u0131br\u0131s\",\"Man\u015fet\"],\"inLanguage\":\"tr\",\"potentialAction\":[{\"@type\":\"CommentAction\",\"name\":\"Comment\",\"target\":[\"https:\\\/\\\/kibrisdakik.com\\\/?p=74647#respond\"]}]},{\"@type\":\"WebPage\",\"@id\":\"https:\\\/\\\/kibrisdakik.com\\\/?p=74647\",\"url\":\"https:\\\/\\\/kibrisdakik.com\\\/?p=74647\",\"name\":\"K\u0131br\u0131s T\u00fcrk Sosyal Sigortalar (De\u011fi\u015fiklik) Yasa Tasar\u0131s\u0131 komiteden ge\u00e7ti -\",\"isPartOf\":{\"@id\":\"https:\\\/\\\/kibrisdakik.com\\\/#website\"},\"primaryImageOfPage\":{\"@id\":\"https:\\\/\\\/kibrisdakik.com\\\/?p=74647#primaryimage\"},\"image\":{\"@id\":\"https:\\\/\\\/kibrisdakik.com\\\/?p=74647#primaryimage\"},\"thumbnailUrl\":\"https:\\\/\\\/kibrisdakik.com\\\/wp-content\\\/uploads\\\/2025\\\/01\\\/1738162604795IDARI-KOMITE-740x420.jpg\",\"datePublished\":\"2025-01-29T15:21:16+00:00\",\"author\":{\"@id\":\"https:\\\/\\\/kibrisdakik.com\\\/#\\\/schema\\\/person\\\/9cd9d437bbb44f72b73ba127e06d8e79\"},\"breadcrumb\":{\"@id\":\"https:\\\/\\\/kibrisdakik.com\\\/?p=74647#breadcrumb\"},\"inLanguage\":\"tr\",\"potentialAction\":[{\"@type\":\"ReadAction\",\"target\":[\"https:\\\/\\\/kibrisdakik.com\\\/?p=74647\"]}]},{\"@type\":\"ImageObject\",\"inLanguage\":\"tr\",\"@id\":\"https:\\\/\\\/kibrisdakik.com\\\/?p=74647#primaryimage\",\"url\":\"https:\\\/\\\/kibrisdakik.com\\\/wp-content\\\/uploads\\\/2025\\\/01\\\/1738162604795IDARI-KOMITE-740x420.jpg\",\"contentUrl\":\"https:\\\/\\\/kibrisdakik.com\\\/wp-content\\\/uploads\\\/2025\\\/01\\\/1738162604795IDARI-KOMITE-740x420.jpg\",\"width\":1800,\"height\":1200},{\"@type\":\"BreadcrumbList\",\"@id\":\"https:\\\/\\\/kibrisdakik.com\\\/?p=74647#breadcrumb\",\"itemListElement\":[{\"@type\":\"ListItem\",\"position\":1,\"name\":\"Home\",\"item\":\"https:\\\/\\\/kibrisdakik.com\\\/\"},{\"@type\":\"ListItem\",\"position\":2,\"name\":\"K\u0131br\u0131s T\u00fcrk Sosyal Sigortalar (De\u011fi\u015fiklik) Yasa Tasar\u0131s\u0131 komiteden ge\u00e7ti\"}]},{\"@type\":\"WebSite\",\"@id\":\"https:\\\/\\\/kibrisdakik.com\\\/#website\",\"url\":\"https:\\\/\\\/kibrisdakik.com\\\/\",\"name\":\"\",\"description\":\"Tam vaktinde haber\",\"potentialAction\":[{\"@type\":\"SearchAction\",\"target\":{\"@type\":\"EntryPoint\",\"urlTemplate\":\"https:\\\/\\\/kibrisdakik.com\\\/?s={search_term_string}\"},\"query-input\":{\"@type\":\"PropertyValueSpecification\",\"valueRequired\":true,\"valueName\":\"search_term_string\"}}],\"inLanguage\":\"tr\"},{\"@type\":\"Person\",\"@id\":\"https:\\\/\\\/kibrisdakik.com\\\/#\\\/schema\\\/person\\\/9cd9d437bbb44f72b73ba127e06d8e79\",\"name\":\"admin\",\"image\":{\"@type\":\"ImageObject\",\"inLanguage\":\"tr\",\"@id\":\"https:\\\/\\\/secure.gravatar.com\\\/avatar\\\/ccc17943b9d660506c869530f897617f7cb1c21a4bf30023f252596d83e1f007?s=96&d=mm&r=g\",\"url\":\"https:\\\/\\\/secure.gravatar.com\\\/avatar\\\/ccc17943b9d660506c869530f897617f7cb1c21a4bf30023f252596d83e1f007?s=96&d=mm&r=g\",\"contentUrl\":\"https:\\\/\\\/secure.gravatar.com\\\/avatar\\\/ccc17943b9d660506c869530f897617f7cb1c21a4bf30023f252596d83e1f007?s=96&d=mm&r=g\",\"caption\":\"admin\"},\"sameAs\":[\"https:\\\/\\\/kibrisdakik.com\"],\"url\":\"https:\\\/\\\/kibrisdakik.com\\\/?author=1\"}]}<\/script>\n<!-- \/ Yoast SEO plugin. -->","yoast_head_json":{"title":"K\u0131br\u0131s T\u00fcrk Sosyal Sigortalar (De\u011fi\u015fiklik) Yasa Tasar\u0131s\u0131 komiteden ge\u00e7ti -","robots":{"index":"index","follow":"follow","max-snippet":"max-snippet:-1","max-image-preview":"max-image-preview:large","max-video-preview":"max-video-preview:-1"},"canonical":"https:\/\/kibrisdakik.com\/?p=74647","og_locale":"tr_TR","og_type":"article","og_title":"K\u0131br\u0131s T\u00fcrk Sosyal Sigortalar (De\u011fi\u015fiklik) Yasa Tasar\u0131s\u0131 komiteden ge\u00e7ti -","og_description":"K\u0131br\u0131s T\u00fcrk Sosyal Sigortalar ( De\u011fi\u015fiklik) Yasa Tasar\u0131s\u0131, Cumhuriyet Meclisi, \u0130dari, Kamu ve Sa\u011fl\u0131k \u0130\u015fleri Komitesi\u2019nde onayland\u0131. Cumhuriyet Meclisi\u2019nden verilen bilgiye g\u00f6re, \u0130dari, Kamu ve Sa\u011fl\u0131k \u0130\u015fleri Komitesi bug\u00fcn UBP Milletvekili Komite Ba\u015fkan\u0131 Sunat Atun ba\u015fkanl\u0131\u011f\u0131nda topland\u0131. Komite, g\u00fcndemindeki \u201cK\u0131br\u0131s T\u00fcrk Sosyal Sigortalar ( De\u011fi\u015fiklik) Yasa Tasar\u0131s\u0131\u201dn\u0131 g\u00f6r\u00fc\u015ft\u00fc ve oybirli\u011fi ile onaylayarak, Genel Kurul\u2019un g\u00fcndemine","og_url":"https:\/\/kibrisdakik.com\/?p=74647","article_published_time":"2025-01-29T15:21:16+00:00","og_image":[{"width":1800,"height":1200,"url":"https:\/\/kibrisdakik.com\/wp-content\/uploads\/2025\/01\/1738162604795IDARI-KOMITE-740x420.jpg","type":"image\/jpeg"}],"author":"admin","twitter_card":"summary_large_image","twitter_misc":{"Yazan:":"admin","Tahmini okuma s\u00fcresi":"1 dakika"},"schema":{"@context":"https:\/\/schema.org","@graph":[{"@type":"Article","@id":"https:\/\/kibrisdakik.com\/?p=74647#article","isPartOf":{"@id":"https:\/\/kibrisdakik.com\/?p=74647"},"author":{"name":"admin","@id":"https:\/\/kibrisdakik.com\/#\/schema\/person\/9cd9d437bbb44f72b73ba127e06d8e79"},"headline":"K\u0131br\u0131s T\u00fcrk Sosyal Sigortalar (De\u011fi\u015fiklik) Yasa Tasar\u0131s\u0131 komiteden ge\u00e7ti","datePublished":"2025-01-29T15:21:16+00:00","mainEntityOfPage":{"@id":"https:\/\/kibrisdakik.com\/?p=74647"},"wordCount":203,"commentCount":0,"image":{"@id":"https:\/\/kibrisdakik.com\/?p=74647#primaryimage"},"thumbnailUrl":"https:\/\/kibrisdakik.com\/wp-content\/uploads\/2025\/01\/1738162604795IDARI-KOMITE-740x420.jpg","articleSection":["K\u0131br\u0131s","Man\u015fet"],"inLanguage":"tr","potentialAction":[{"@type":"CommentAction","name":"Comment","target":["https:\/\/kibrisdakik.com\/?p=74647#respond"]}]},{"@type":"WebPage","@id":"https:\/\/kibrisdakik.com\/?p=74647","url":"https:\/\/kibrisdakik.com\/?p=74647","name":"K\u0131br\u0131s T\u00fcrk Sosyal Sigortalar (De\u011fi\u015fiklik) Yasa Tasar\u0131s\u0131 komiteden ge\u00e7ti -","isPartOf":{"@id":"https:\/\/kibrisdakik.com\/#website"},"primaryImageOfPage":{"@id":"https:\/\/kibrisdakik.com\/?p=74647#primaryimage"},"image":{"@id":"https:\/\/kibrisdakik.com\/?p=74647#primaryimage"},"thumbnailUrl":"https:\/\/kibrisdakik.com\/wp-content\/uploads\/2025\/01\/1738162604795IDARI-KOMITE-740x420.jpg","datePublished":"2025-01-29T15:21:16+00:00","author":{"@id":"https:\/\/kibrisdakik.com\/#\/schema\/person\/9cd9d437bbb44f72b73ba127e06d8e79"},"breadcrumb":{"@id":"https:\/\/kibrisdakik.com\/?p=74647#breadcrumb"},"inLanguage":"tr","potentialAction":[{"@type":"ReadAction","target":["https:\/\/kibrisdakik.com\/?p=74647"]}]},{"@type":"ImageObject","inLanguage":"tr","@id":"https:\/\/kibrisdakik.com\/?p=74647#primaryimage","url":"https:\/\/kibrisdakik.com\/wp-content\/uploads\/2025\/01\/1738162604795IDARI-KOMITE-740x420.jpg","contentUrl":"https:\/\/kibrisdakik.com\/wp-content\/uploads\/2025\/01\/1738162604795IDARI-KOMITE-740x420.jpg","width":1800,"height":1200},{"@type":"BreadcrumbList","@id":"https:\/\/kibrisdakik.com\/?p=74647#breadcrumb","itemListElement":[{"@type":"ListItem","position":1,"name":"Home","item":"https:\/\/kibrisdakik.com\/"},{"@type":"ListItem","position":2,"name":"K\u0131br\u0131s T\u00fcrk Sosyal Sigortalar (De\u011fi\u015fiklik) Yasa Tasar\u0131s\u0131 komiteden ge\u00e7ti"}]},{"@type":"WebSite","@id":"https:\/\/kibrisdakik.com\/#website","url":"https:\/\/kibrisdakik.com\/","name":"","description":"Tam vaktinde haber","potentialAction":[{"@type":"SearchAction","target":{"@type":"EntryPoint","urlTemplate":"https:\/\/kibrisdakik.com\/?s={search_term_string}"},"query-input":{"@type":"PropertyValueSpecification","valueRequired":true,"valueName":"search_term_string"}}],"inLanguage":"tr"},{"@type":"Person","@id":"https:\/\/kibrisdakik.com\/#\/schema\/person\/9cd9d437bbb44f72b73ba127e06d8e79","name":"admin","image":{"@type":"ImageObject","inLanguage":"tr","@id":"https:\/\/secure.gravatar.com\/avatar\/ccc17943b9d660506c869530f897617f7cb1c21a4bf30023f252596d83e1f007?s=96&d=mm&r=g","url":"https:\/\/secure.gravatar.com\/avatar\/ccc17943b9d660506c869530f897617f7cb1c21a4bf30023f252596d83e1f007?s=96&d=mm&r=g","contentUrl":"https:\/\/secure.gravatar.com\/avatar\/ccc17943b9d660506c869530f897617f7cb1c21a4bf30023f252596d83e1f007?s=96&d=mm&r=g","caption":"admin"},"sameAs":["https:\/\/kibrisdakik.com"],"url":"https:\/\/kibrisdakik.com\/?author=1"}]}},"_links":{"self":[{"href":"https:\/\/kibrisdakik.com\/index.php?rest_route=\/wp\/v2\/posts\/74647","targetHints":{"allow":["GET"]}}],"collection":[{"href":"https:\/\/kibrisdakik.com\/index.php?rest_route=\/wp\/v2\/posts"}],"about":[{"href":"https:\/\/kibrisdakik.com\/index.php?rest_route=\/wp\/v2\/types\/post"}],"author":[{"embeddable":true,"href":"https:\/\/kibrisdakik.com\/index.php?rest_route=\/wp\/v2\/users\/1"}],"replies":[{"embeddable":true,"href":"https:\/\/kibrisdakik.com\/index.php?rest_route=%2Fwp%2Fv2%2Fcomments&post=74647"}],"version-history":[{"count":0,"href":"https:\/\/kibrisdakik.com\/index.php?rest_route=\/wp\/v2\/posts\/74647\/revisions"}],"wp:featuredmedia":[{"embeddable":true,"href":"https:\/\/kibrisdakik.com\/index.php?rest_route=\/wp\/v2\/media\/74648"}],"wp:attachment":[{"href":"https:\/\/kibrisdakik.com\/index.php?rest_route=%2Fwp%2Fv2%2Fmedia&parent=74647"}],"wp:term":[{"taxonomy":"category","embeddable":true,"href":"https:\/\/kibrisdakik.com\/index.php?rest_route=%2Fwp%2Fv2%2Fcategories&post=74647"},{"taxonomy":"post_tag","embeddable":true,"href":"https:\/\/kibrisdakik.com\/index.php?rest_route=%2Fwp%2Fv2%2Ftags&post=74647"}],"curies":[{"name":"wp","href":"https:\/\/api.w.org\/{rel}","templated":true}]}}