{"id":7466,"date":"2023-05-23T15:39:44","date_gmt":"2023-05-23T15:39:44","guid":{"rendered":"https:\/\/kibrisdakik.com\/index.php\/2023\/05\/23\/oguz-cikarilan-tuzukle-ulke-genelinde-ilk-kez-6-deniz-koruma-alani-ilan-edildi\/"},"modified":"2023-05-23T15:39:44","modified_gmt":"2023-05-23T15:39:44","slug":"oguz-cikarilan-tuzukle-ulke-genelinde-ilk-kez-6-deniz-koruma-alani-ilan-edildi","status":"publish","type":"post","link":"https:\/\/kibrisdakik.com\/?p=7466","title":{"rendered":"O\u011fuz: \u00c7\u0131kar\u0131lan t\u00fcz\u00fckle \u00fclke genelinde ilk kez 6 deniz koruma alan\u0131 ilan edildi"},"content":{"rendered":"<p><\/p>\n<div>\n<p>Tar\u0131m ve Do\u011fal Kaynaklar Bakan\u0131 Dursun O\u011fuz, Alagadi \u00c7evre Koruma B\u00f6lgesi\u2019nde bulunan Kuzey K\u0131br\u0131s Kaplumba\u011falar\u0131 Koruma Derne\u011fi Ana \u0130stasyonu\u2019nu ziyaret ederek, dernek \u00e7al\u0131\u015fanlar\u0131yla bir araya geldi.<\/p>\n<p>23 May\u0131s D\u00fcnya Kaplumba\u011fa G\u00fcn\u00fc\u2019nde ger\u00e7ekle\u015fen ziyarette, Bakan O\u011fuz, \u201cBal\u0131k\u00e7\u0131l\u0131k \u0130zinleri ve Bal\u0131k\u00e7\u0131l\u0131k Kaynaklar\u0131n\u0131n S\u00fcrd\u00fcr\u00fclebilir Kullan\u0131m\u0131 T\u00fcz\u00fc\u011f\u00fc\u201d kapsam\u0131nda olu\u015fturulan deniz koruma alanlar\u0131 hakk\u0131nda bilgi verdi.<\/p>\n<p>Kuzey K\u0131br\u0131s Kaplumba\u011falar\u0131 Koruma Derne\u011fi Y\u00f6netim Kurulu \u00dcyesi Damla Beton, ge\u00e7en t\u00fcz\u00fckle, Alagadi \u00c7evre Koruma b\u00f6lgesinin, ayn\u0131 zamanda deniz koruma alan\u0131 haline getirilmesinin, kaplumba\u011fa ve bir\u00e7ok deniz canl\u0131s\u0131n\u0131n korunarak, say\u0131lar\u0131n\u0131n artmas\u0131na, artan bal\u0131k say\u0131s\u0131n\u0131n da s\u00fcrd\u00fcr\u00fclebilir bal\u0131k\u00e7\u0131l\u0131k yap\u0131lmas\u0131n\u0131 sa\u011flayaca\u011f\u0131n\u0131 belirtti.<\/p>\n<p>Tar\u0131m ve Do\u011fal Kaynaklar Bakan\u0131 Dursun O\u011fuz da, ge\u00e7ti\u011fimiz hafta Bal\u0131k\u00e7\u0131l\u0131k Yasas\u0131 \u00e7er\u00e7evesinde y\u00fcr\u00fcl\u00fc\u011fe giren Bal\u0131k\u00e7\u0131l\u0131k \u0130zinleri ve Bal\u0131k\u00e7\u0131l\u0131k Kaynaklar\u0131n\u0131n S\u00fcrd\u00fcr\u00fclebilir Kullan\u0131m\u0131 T\u00fcz\u00fc\u011f\u00fc\u2019yle \u00fclkede karada olu\u015fturulan koruma alanlar\u0131 yan\u0131nda ilk kez 6 deniz koruma alan\u0131 ilan edildi\u011fini s\u00f6yledi.<\/p>\n<p>T\u00fcz\u00fckle, \u00e7evre koruma b\u00f6lgelerinde deniz canl\u0131lar\u0131n\u0131n korunmas\u0131, say\u0131, \u00e7e\u015fitlilik ve habitat alanlar\u0131n\u0131n artmas\u0131na katk\u0131 sa\u011flayacak deniz koruma alanlar\u0131 yarat\u0131ld\u0131\u011f\u0131n\u0131 ifade eden O\u011fuz, b\u00f6ylece \u00e7evre koruma b\u00f6lgelerinde deniz kara b\u00fct\u00fcnselli\u011finin sa\u011fland\u0131\u011f\u0131n\u0131 vurgulad\u0131.<\/p>\n<p>Bakan O\u011fuz, t\u00fcm kesimlerin g\u00f6r\u00fc\u015fleriyle haz\u0131rlanan t\u00fcz\u00fckte, amat\u00f6r bal\u0131k\u00e7\u0131l\u0131\u011fa y\u00f6nelik a\u00e7\u0131l\u0131mlar\u0131n da bulundu\u011funu da kaydetti.<\/p>\n<p>Ada \u00fclkesi olan Kuzey K\u0131br\u0131s\u2019ta, deniz \u00fcretimlerinde,  profesyonel mesleki bal\u0131k\u00e7\u0131l\u0131ktan \u00e7ok fazla yararlan\u0131lamad\u0131\u011f\u0131n\u0131 dile getiren O\u011fuz,ilgili birlik ve kooperatiflerle bunu geli\u015ftirmek i\u00e7in yapt\u0131klar\u0131 altyap\u0131 yat\u0131r\u0131mlar\u0131n\u0131n devam edece\u011fini s\u00f6yledi.<\/p>\n<p>B\u00fct\u00fcnsellik i\u00e7inde, bir yandan \u00e7evre ve canl\u0131 t\u00fcrlerinin korunmas\u0131, di\u011fer yandan profesyonel bal\u0131k\u00e7\u0131l\u0131\u011f\u0131n geli\u015fmesi, denizlerden daha fazla faydalan\u0131lmas\u0131, daha fazla gelir elde edilmesi, halk\u0131n deniz \u00fcr\u00fcnleriyle daha fazla bulu\u015fmas\u0131 i\u00e7in \u00e7al\u0131\u015ft\u0131klar\u0131n\u0131 dile getiren O\u011fuz, t\u00fcz\u00fc\u011f\u00fcn bu \u00e7er\u00e7evede olu\u015ftu\u011funu belirtti.<\/p>\n<p>Bakan O\u011fuz, \u00e7evrenin deniz canl\u0131lar\u0131n ve habitatlar\u0131n korunmas\u0131nda vatanda\u015flar\u0131n duyarl\u0131l\u0131k ve bilincinin \u00f6nem ta\u015f\u0131d\u0131\u011f\u0131na vurgu yaparak, topluma duyarl\u0131l\u0131k \u00e7a\u011fr\u0131s\u0131nda bulundu.<\/p>\n<p>T\u00fcz\u00fckle olu\u015fturulan deniz koruma alanlar\u0131ndan Alagadi, ve Gazima\u011fusa G\u00fclseren b\u00f6lgeleri deniz i\u00e7i ve olta bal\u0131k\u00e7\u0131l\u0131\u011f\u0131na kapan\u0131rken,  Lefke Gemikona\u011f\u0131 \u00d6merli, Alsancak Mare Monte, \u0130skele Piknik alan\u0131 kar\u015f\u0131s\u0131, Yenierenk\u00f6y Eski Liman b\u00f6lgeleri, deniz i\u00e7i avlanmaya kapal\u0131, oltayla avlanmaya a\u00e7\u0131k olacak.<\/p>\n<p><a href=\"https:\/\/brtk.net\/\">BRT<\/a><\/p>\n<\/p><\/div>\n<p><script async\n                    defer\n                    crossorigin=\"anonymous\"\n                    src=\"https:\/\/connect.facebook.net\/tr_TR\/sdk.js#xfbml=1&#038;version=v3.3\"\n            ><\/script><\/p>\n","protected":false},"excerpt":{"rendered":"<p>Tar\u0131m ve Do\u011fal Kaynaklar Bakan\u0131 Dursun O\u011fuz, Alagadi \u00c7evre Koruma B\u00f6lgesi\u2019nde bulunan Kuzey K\u0131br\u0131s Kaplumba\u011falar\u0131 Koruma Derne\u011fi Ana \u0130stasyonu\u2019nu ziyaret ederek, dernek \u00e7al\u0131\u015fanlar\u0131yla bir araya geldi. 23 May\u0131s D\u00fcnya Kaplumba\u011fa G\u00fcn\u00fc\u2019nde ger\u00e7ekle\u015fen ziyarette, Bakan O\u011fuz, \u201cBal\u0131k\u00e7\u0131l\u0131k \u0130zinleri ve Bal\u0131k\u00e7\u0131l\u0131k Kaynaklar\u0131n\u0131n S\u00fcrd\u00fcr\u00fclebilir Kullan\u0131m\u0131 T\u00fcz\u00fc\u011f\u00fc\u201d kapsam\u0131nda olu\u015fturulan deniz koruma alanlar\u0131 hakk\u0131nda bilgi verdi. Kuzey K\u0131br\u0131s Kaplumba\u011falar\u0131 Koruma<\/p>\n","protected":false},"author":1,"featured_media":7467,"comment_status":"open","ping_status":"open","sticky":false,"template":"","format":"standard","meta":{"footnotes":""},"categories":[1],"tags":[],"class_list":["post-7466","post","type-post","status-publish","format-standard","has-post-thumbnail","hentry","category-gundem"],"yoast_head":"<!-- This site is optimized with the Yoast SEO plugin v27.4 - https:\/\/yoast.com\/product\/yoast-seo-wordpress\/ -->\n<title>O\u011fuz: \u00c7\u0131kar\u0131lan t\u00fcz\u00fckle \u00fclke genelinde ilk kez 6 deniz koruma alan\u0131 ilan edildi -<\/title>\n<meta name=\"robots\" content=\"index, follow, max-snippet:-1, max-image-preview:large, max-video-preview:-1\" \/>\n<link rel=\"canonical\" href=\"https:\/\/kibrisdakik.com\/?p=7466\" \/>\n<meta property=\"og:locale\" content=\"tr_TR\" \/>\n<meta property=\"og:type\" content=\"article\" \/>\n<meta property=\"og:title\" content=\"O\u011fuz: \u00c7\u0131kar\u0131lan t\u00fcz\u00fckle \u00fclke genelinde ilk kez 6 deniz koruma alan\u0131 ilan edildi -\" \/>\n<meta property=\"og:description\" content=\"Tar\u0131m ve Do\u011fal Kaynaklar Bakan\u0131 Dursun O\u011fuz, Alagadi \u00c7evre Koruma B\u00f6lgesi\u2019nde bulunan Kuzey K\u0131br\u0131s Kaplumba\u011falar\u0131 Koruma Derne\u011fi Ana \u0130stasyonu\u2019nu ziyaret ederek, dernek \u00e7al\u0131\u015fanlar\u0131yla bir araya geldi. 23 May\u0131s D\u00fcnya Kaplumba\u011fa G\u00fcn\u00fc\u2019nde ger\u00e7ekle\u015fen ziyarette, Bakan O\u011fuz, \u201cBal\u0131k\u00e7\u0131l\u0131k \u0130zinleri ve Bal\u0131k\u00e7\u0131l\u0131k Kaynaklar\u0131n\u0131n S\u00fcrd\u00fcr\u00fclebilir Kullan\u0131m\u0131 T\u00fcz\u00fc\u011f\u00fc\u201d kapsam\u0131nda olu\u015fturulan deniz koruma alanlar\u0131 hakk\u0131nda bilgi verdi. Kuzey K\u0131br\u0131s Kaplumba\u011falar\u0131 Koruma\" \/>\n<meta property=\"og:url\" content=\"https:\/\/kibrisdakik.com\/?p=7466\" \/>\n<meta property=\"article:published_time\" content=\"2023-05-23T15:39:44+00:00\" \/>\n<meta property=\"og:image\" content=\"https:\/\/kibrisdakik.com\/wp-content\/uploads\/2023\/05\/rksjah3-scaled-740x420.jpg\" \/>\n\t<meta property=\"og:image:width\" content=\"2560\" \/>\n\t<meta property=\"og:image:height\" content=\"1438\" \/>\n\t<meta property=\"og:image:type\" content=\"image\/jpeg\" \/>\n<meta name=\"author\" content=\"admin\" \/>\n<meta name=\"twitter:card\" content=\"summary_large_image\" \/>\n<meta name=\"twitter:label1\" content=\"Yazan:\" \/>\n\t<meta name=\"twitter:data1\" content=\"admin\" \/>\n\t<meta name=\"twitter:label2\" content=\"Tahmini okuma s\u00fcresi\" \/>\n\t<meta name=\"twitter:data2\" content=\"3 dakika\" \/>\n<script type=\"application\/ld+json\" class=\"yoast-schema-graph\">{\"@context\":\"https:\\\/\\\/schema.org\",\"@graph\":[{\"@type\":\"Article\",\"@id\":\"https:\\\/\\\/kibrisdakik.com\\\/?p=7466#article\",\"isPartOf\":{\"@id\":\"https:\\\/\\\/kibrisdakik.com\\\/?p=7466\"},\"author\":{\"name\":\"admin\",\"@id\":\"https:\\\/\\\/kibrisdakik.com\\\/#\\\/schema\\\/person\\\/9cd9d437bbb44f72b73ba127e06d8e79\"},\"headline\":\"O\u011fuz: \u00c7\u0131kar\u0131lan t\u00fcz\u00fckle \u00fclke genelinde ilk kez 6 deniz koruma alan\u0131 ilan edildi\",\"datePublished\":\"2023-05-23T15:39:44+00:00\",\"mainEntityOfPage\":{\"@id\":\"https:\\\/\\\/kibrisdakik.com\\\/?p=7466\"},\"wordCount\":525,\"commentCount\":0,\"image\":{\"@id\":\"https:\\\/\\\/kibrisdakik.com\\\/?p=7466#primaryimage\"},\"thumbnailUrl\":\"https:\\\/\\\/kibrisdakik.com\\\/wp-content\\\/uploads\\\/2023\\\/05\\\/rksjah3-scaled-740x420.jpg\",\"articleSection\":[\"G\u00fcndem\"],\"inLanguage\":\"tr\",\"potentialAction\":[{\"@type\":\"CommentAction\",\"name\":\"Comment\",\"target\":[\"https:\\\/\\\/kibrisdakik.com\\\/?p=7466#respond\"]}]},{\"@type\":\"WebPage\",\"@id\":\"https:\\\/\\\/kibrisdakik.com\\\/?p=7466\",\"url\":\"https:\\\/\\\/kibrisdakik.com\\\/?p=7466\",\"name\":\"O\u011fuz: \u00c7\u0131kar\u0131lan t\u00fcz\u00fckle \u00fclke genelinde ilk kez 6 deniz koruma alan\u0131 ilan edildi -\",\"isPartOf\":{\"@id\":\"https:\\\/\\\/kibrisdakik.com\\\/#website\"},\"primaryImageOfPage\":{\"@id\":\"https:\\\/\\\/kibrisdakik.com\\\/?p=7466#primaryimage\"},\"image\":{\"@id\":\"https:\\\/\\\/kibrisdakik.com\\\/?p=7466#primaryimage\"},\"thumbnailUrl\":\"https:\\\/\\\/kibrisdakik.com\\\/wp-content\\\/uploads\\\/2023\\\/05\\\/rksjah3-scaled-740x420.jpg\",\"datePublished\":\"2023-05-23T15:39:44+00:00\",\"author\":{\"@id\":\"https:\\\/\\\/kibrisdakik.com\\\/#\\\/schema\\\/person\\\/9cd9d437bbb44f72b73ba127e06d8e79\"},\"breadcrumb\":{\"@id\":\"https:\\\/\\\/kibrisdakik.com\\\/?p=7466#breadcrumb\"},\"inLanguage\":\"tr\",\"potentialAction\":[{\"@type\":\"ReadAction\",\"target\":[\"https:\\\/\\\/kibrisdakik.com\\\/?p=7466\"]}]},{\"@type\":\"ImageObject\",\"inLanguage\":\"tr\",\"@id\":\"https:\\\/\\\/kibrisdakik.com\\\/?p=7466#primaryimage\",\"url\":\"https:\\\/\\\/kibrisdakik.com\\\/wp-content\\\/uploads\\\/2023\\\/05\\\/rksjah3-scaled-740x420.jpg\",\"contentUrl\":\"https:\\\/\\\/kibrisdakik.com\\\/wp-content\\\/uploads\\\/2023\\\/05\\\/rksjah3-scaled-740x420.jpg\",\"width\":2560,\"height\":1438},{\"@type\":\"BreadcrumbList\",\"@id\":\"https:\\\/\\\/kibrisdakik.com\\\/?p=7466#breadcrumb\",\"itemListElement\":[{\"@type\":\"ListItem\",\"position\":1,\"name\":\"Home\",\"item\":\"https:\\\/\\\/kibrisdakik.com\\\/\"},{\"@type\":\"ListItem\",\"position\":2,\"name\":\"O\u011fuz: \u00c7\u0131kar\u0131lan t\u00fcz\u00fckle \u00fclke genelinde ilk kez 6 deniz koruma alan\u0131 ilan edildi\"}]},{\"@type\":\"WebSite\",\"@id\":\"https:\\\/\\\/kibrisdakik.com\\\/#website\",\"url\":\"https:\\\/\\\/kibrisdakik.com\\\/\",\"name\":\"\",\"description\":\"Tam vaktinde haber\",\"potentialAction\":[{\"@type\":\"SearchAction\",\"target\":{\"@type\":\"EntryPoint\",\"urlTemplate\":\"https:\\\/\\\/kibrisdakik.com\\\/?s={search_term_string}\"},\"query-input\":{\"@type\":\"PropertyValueSpecification\",\"valueRequired\":true,\"valueName\":\"search_term_string\"}}],\"inLanguage\":\"tr\"},{\"@type\":\"Person\",\"@id\":\"https:\\\/\\\/kibrisdakik.com\\\/#\\\/schema\\\/person\\\/9cd9d437bbb44f72b73ba127e06d8e79\",\"name\":\"admin\",\"image\":{\"@type\":\"ImageObject\",\"inLanguage\":\"tr\",\"@id\":\"https:\\\/\\\/secure.gravatar.com\\\/avatar\\\/ccc17943b9d660506c869530f897617f7cb1c21a4bf30023f252596d83e1f007?s=96&d=mm&r=g\",\"url\":\"https:\\\/\\\/secure.gravatar.com\\\/avatar\\\/ccc17943b9d660506c869530f897617f7cb1c21a4bf30023f252596d83e1f007?s=96&d=mm&r=g\",\"contentUrl\":\"https:\\\/\\\/secure.gravatar.com\\\/avatar\\\/ccc17943b9d660506c869530f897617f7cb1c21a4bf30023f252596d83e1f007?s=96&d=mm&r=g\",\"caption\":\"admin\"},\"sameAs\":[\"https:\\\/\\\/kibrisdakik.com\"],\"url\":\"https:\\\/\\\/kibrisdakik.com\\\/?author=1\"}]}<\/script>\n<!-- \/ Yoast SEO plugin. -->","yoast_head_json":{"title":"O\u011fuz: \u00c7\u0131kar\u0131lan t\u00fcz\u00fckle \u00fclke genelinde ilk kez 6 deniz koruma alan\u0131 ilan edildi -","robots":{"index":"index","follow":"follow","max-snippet":"max-snippet:-1","max-image-preview":"max-image-preview:large","max-video-preview":"max-video-preview:-1"},"canonical":"https:\/\/kibrisdakik.com\/?p=7466","og_locale":"tr_TR","og_type":"article","og_title":"O\u011fuz: \u00c7\u0131kar\u0131lan t\u00fcz\u00fckle \u00fclke genelinde ilk kez 6 deniz koruma alan\u0131 ilan edildi -","og_description":"Tar\u0131m ve Do\u011fal Kaynaklar Bakan\u0131 Dursun O\u011fuz, Alagadi \u00c7evre Koruma B\u00f6lgesi\u2019nde bulunan Kuzey K\u0131br\u0131s Kaplumba\u011falar\u0131 Koruma Derne\u011fi Ana \u0130stasyonu\u2019nu ziyaret ederek, dernek \u00e7al\u0131\u015fanlar\u0131yla bir araya geldi. 23 May\u0131s D\u00fcnya Kaplumba\u011fa G\u00fcn\u00fc\u2019nde ger\u00e7ekle\u015fen ziyarette, Bakan O\u011fuz, \u201cBal\u0131k\u00e7\u0131l\u0131k \u0130zinleri ve Bal\u0131k\u00e7\u0131l\u0131k Kaynaklar\u0131n\u0131n S\u00fcrd\u00fcr\u00fclebilir Kullan\u0131m\u0131 T\u00fcz\u00fc\u011f\u00fc\u201d kapsam\u0131nda olu\u015fturulan deniz koruma alanlar\u0131 hakk\u0131nda bilgi verdi. Kuzey K\u0131br\u0131s Kaplumba\u011falar\u0131 Koruma","og_url":"https:\/\/kibrisdakik.com\/?p=7466","article_published_time":"2023-05-23T15:39:44+00:00","og_image":[{"width":2560,"height":1438,"url":"https:\/\/kibrisdakik.com\/wp-content\/uploads\/2023\/05\/rksjah3-scaled-740x420.jpg","type":"image\/jpeg"}],"author":"admin","twitter_card":"summary_large_image","twitter_misc":{"Yazan:":"admin","Tahmini okuma s\u00fcresi":"3 dakika"},"schema":{"@context":"https:\/\/schema.org","@graph":[{"@type":"Article","@id":"https:\/\/kibrisdakik.com\/?p=7466#article","isPartOf":{"@id":"https:\/\/kibrisdakik.com\/?p=7466"},"author":{"name":"admin","@id":"https:\/\/kibrisdakik.com\/#\/schema\/person\/9cd9d437bbb44f72b73ba127e06d8e79"},"headline":"O\u011fuz: \u00c7\u0131kar\u0131lan t\u00fcz\u00fckle \u00fclke genelinde ilk kez 6 deniz koruma alan\u0131 ilan edildi","datePublished":"2023-05-23T15:39:44+00:00","mainEntityOfPage":{"@id":"https:\/\/kibrisdakik.com\/?p=7466"},"wordCount":525,"commentCount":0,"image":{"@id":"https:\/\/kibrisdakik.com\/?p=7466#primaryimage"},"thumbnailUrl":"https:\/\/kibrisdakik.com\/wp-content\/uploads\/2023\/05\/rksjah3-scaled-740x420.jpg","articleSection":["G\u00fcndem"],"inLanguage":"tr","potentialAction":[{"@type":"CommentAction","name":"Comment","target":["https:\/\/kibrisdakik.com\/?p=7466#respond"]}]},{"@type":"WebPage","@id":"https:\/\/kibrisdakik.com\/?p=7466","url":"https:\/\/kibrisdakik.com\/?p=7466","name":"O\u011fuz: \u00c7\u0131kar\u0131lan t\u00fcz\u00fckle \u00fclke genelinde ilk kez 6 deniz koruma alan\u0131 ilan edildi -","isPartOf":{"@id":"https:\/\/kibrisdakik.com\/#website"},"primaryImageOfPage":{"@id":"https:\/\/kibrisdakik.com\/?p=7466#primaryimage"},"image":{"@id":"https:\/\/kibrisdakik.com\/?p=7466#primaryimage"},"thumbnailUrl":"https:\/\/kibrisdakik.com\/wp-content\/uploads\/2023\/05\/rksjah3-scaled-740x420.jpg","datePublished":"2023-05-23T15:39:44+00:00","author":{"@id":"https:\/\/kibrisdakik.com\/#\/schema\/person\/9cd9d437bbb44f72b73ba127e06d8e79"},"breadcrumb":{"@id":"https:\/\/kibrisdakik.com\/?p=7466#breadcrumb"},"inLanguage":"tr","potentialAction":[{"@type":"ReadAction","target":["https:\/\/kibrisdakik.com\/?p=7466"]}]},{"@type":"ImageObject","inLanguage":"tr","@id":"https:\/\/kibrisdakik.com\/?p=7466#primaryimage","url":"https:\/\/kibrisdakik.com\/wp-content\/uploads\/2023\/05\/rksjah3-scaled-740x420.jpg","contentUrl":"https:\/\/kibrisdakik.com\/wp-content\/uploads\/2023\/05\/rksjah3-scaled-740x420.jpg","width":2560,"height":1438},{"@type":"BreadcrumbList","@id":"https:\/\/kibrisdakik.com\/?p=7466#breadcrumb","itemListElement":[{"@type":"ListItem","position":1,"name":"Home","item":"https:\/\/kibrisdakik.com\/"},{"@type":"ListItem","position":2,"name":"O\u011fuz: \u00c7\u0131kar\u0131lan t\u00fcz\u00fckle \u00fclke genelinde ilk kez 6 deniz koruma alan\u0131 ilan edildi"}]},{"@type":"WebSite","@id":"https:\/\/kibrisdakik.com\/#website","url":"https:\/\/kibrisdakik.com\/","name":"","description":"Tam vaktinde haber","potentialAction":[{"@type":"SearchAction","target":{"@type":"EntryPoint","urlTemplate":"https:\/\/kibrisdakik.com\/?s={search_term_string}"},"query-input":{"@type":"PropertyValueSpecification","valueRequired":true,"valueName":"search_term_string"}}],"inLanguage":"tr"},{"@type":"Person","@id":"https:\/\/kibrisdakik.com\/#\/schema\/person\/9cd9d437bbb44f72b73ba127e06d8e79","name":"admin","image":{"@type":"ImageObject","inLanguage":"tr","@id":"https:\/\/secure.gravatar.com\/avatar\/ccc17943b9d660506c869530f897617f7cb1c21a4bf30023f252596d83e1f007?s=96&d=mm&r=g","url":"https:\/\/secure.gravatar.com\/avatar\/ccc17943b9d660506c869530f897617f7cb1c21a4bf30023f252596d83e1f007?s=96&d=mm&r=g","contentUrl":"https:\/\/secure.gravatar.com\/avatar\/ccc17943b9d660506c869530f897617f7cb1c21a4bf30023f252596d83e1f007?s=96&d=mm&r=g","caption":"admin"},"sameAs":["https:\/\/kibrisdakik.com"],"url":"https:\/\/kibrisdakik.com\/?author=1"}]}},"_links":{"self":[{"href":"https:\/\/kibrisdakik.com\/index.php?rest_route=\/wp\/v2\/posts\/7466","targetHints":{"allow":["GET"]}}],"collection":[{"href":"https:\/\/kibrisdakik.com\/index.php?rest_route=\/wp\/v2\/posts"}],"about":[{"href":"https:\/\/kibrisdakik.com\/index.php?rest_route=\/wp\/v2\/types\/post"}],"author":[{"embeddable":true,"href":"https:\/\/kibrisdakik.com\/index.php?rest_route=\/wp\/v2\/users\/1"}],"replies":[{"embeddable":true,"href":"https:\/\/kibrisdakik.com\/index.php?rest_route=%2Fwp%2Fv2%2Fcomments&post=7466"}],"version-history":[{"count":0,"href":"https:\/\/kibrisdakik.com\/index.php?rest_route=\/wp\/v2\/posts\/7466\/revisions"}],"wp:featuredmedia":[{"embeddable":true,"href":"https:\/\/kibrisdakik.com\/index.php?rest_route=\/wp\/v2\/media\/7467"}],"wp:attachment":[{"href":"https:\/\/kibrisdakik.com\/index.php?rest_route=%2Fwp%2Fv2%2Fmedia&parent=7466"}],"wp:term":[{"taxonomy":"category","embeddable":true,"href":"https:\/\/kibrisdakik.com\/index.php?rest_route=%2Fwp%2Fv2%2Fcategories&post=7466"},{"taxonomy":"post_tag","embeddable":true,"href":"https:\/\/kibrisdakik.com\/index.php?rest_route=%2Fwp%2Fv2%2Ftags&post=7466"}],"curies":[{"name":"wp","href":"https:\/\/api.w.org\/{rel}","templated":true}]}}