{"id":74690,"date":"2025-01-30T14:15:45","date_gmt":"2025-01-30T11:15:45","guid":{"rendered":"https:\/\/kibrisdakik.com\/index.php\/2025\/01\/30\/asgari-ucret-ayni-kaldi-sendikalar-aciklama-yapiyor\/"},"modified":"2025-01-30T14:15:45","modified_gmt":"2025-01-30T11:15:45","slug":"asgari-ucret-ayni-kaldi-sendikalar-aciklama-yapiyor","status":"publish","type":"post","link":"https:\/\/kibrisdakik.com\/?p=74690","title":{"rendered":"Asgari \u00fccret ayn\u0131 kald\u0131. Sendikalar a\u00e7\u0131klama yap\u0131yor"},"content":{"rendered":"<div>\n<div class=\"mariselle-image-container none\">\n                                            <\/div>\n<p>Sendikalar\u0131n asgari \u00fccrete en az hayat pahal\u0131l\u0131\u011f\u0131 oran\u0131nda art\u0131\u015f yap\u0131lmas\u0131 talebi, Asgari \u00dccret Tespit Komisyonu\u2019nda de\u011ferlendirildi ancak rakam de\u011fi\u015fmedi. Yeni asgari \u00fccretin 17 Ocak\u2019ta belirlenen\u00a0ayl\u0131k br\u00fct 43 bin 469, net de 37 bin 818 TL olarak kalmas\u0131na\u00a0tepki g\u00f6steren sendikalar, toplant\u0131 sonras\u0131 bas\u0131na a\u00e7\u0131klama yap\u0131yor.<\/p>\n<p>-Toplant\u0131daki a\u00e7\u0131klamalar\u2026<br \/>Asgari \u00dccret Saptama Komisyonu,\u00a0\u00c7al\u0131\u015fma ve Sosyal G\u00fcvenlik Bakanl\u0131\u011f\u0131 M\u00fcste\u015far\u0131, Asgari \u00dccret Saptama Komisyonu Ba\u015fkan\u0131 Tahir Serhat ba\u015fkanl\u0131\u011f\u0131nda bu sabah topland\u0131.<br \/>Toplant\u0131da, sendika ve i\u015fveren temsilcileri a\u00e7\u0131klama yapt\u0131.<br \/>\u00d6te yandan sabah saatlerinden itibaren polis bakanl\u0131\u011f\u0131n \u00f6n\u00fcnde geni\u015f g\u00fcvenlik \u00f6nlemleri ald\u0131.<br \/>Bakanl\u0131\u011f\u0131n bug\u00fcnk\u00fc toplant\u0131n\u0131n bas\u0131na kapal\u0131 olaca\u011f\u0131yla ilgili a\u00e7\u0131klamas\u0131na tepki g\u00f6steren sendika temsilcileri, sabah saatlerinde bakanl\u0131\u011f\u0131n \u00f6n\u00fcnde topland\u0131.<\/p>\n<p>-Sendikalardan toplant\u0131n\u0131n bas\u0131na kapal\u0131 olmas\u0131na tepki<br \/>Burada k\u0131sa bir a\u00e7\u0131klama yapan H\u00dcR-\u0130\u015e Federasyonu Ba\u015fkan\u0131 Ahmet Serdaro\u011flu, bakanl\u0131\u011f\u0131n \u00f6n\u00fcndeki manzaran\u0131n kendilerini \u00fczd\u00fc\u011f\u00fcn\u00fc s\u00f6yledi.<br \/>Toplant\u0131n\u0131n bas\u0131na kapal\u0131 olmas\u0131n\u0131 ele\u015ftiren Serdaro\u011flu, \u201cBu karar\u0131 kim ald\u0131?\u201d diye sorarak bas\u0131n\u0131n, dolay\u0131s\u0131yla kamuoyunun deste\u011fine ihtiya\u00e7lar\u0131n\u0131 oldu\u011funu ifade etti.<br \/>Serdaro\u011flu, toplant\u0131ya bas\u0131n mensuplar\u0131n\u0131 da davet ederek, di\u011fer sendikac\u0131larla birlikte itiraz\u0131n de\u011ferlendirilece\u011fi salona girdi.<br \/>Ba\u015fkan\u0131 Asgari \u00dccret Saptama Komisyonu Ba\u015fkan\u0131 Tahir Serhat ise bas\u0131n mensuplar\u0131n\u0131n toplant\u0131nda olmas\u0131n\u0131n bir mahsuru olmayaca\u011f\u0131n\u0131 s\u00f6yledi.<\/p>\n<p>Burada da s\u00f6z alan Ahmet Serdaro\u011flu, h\u00fck\u00fcmetin ve i\u015fverenlerin kamuoyuna s\u00f6yleyecek s\u00f6z\u00fc olmad\u0131\u011f\u0131n\u0131, bu y\u00fczden bas\u0131n\u0131n d\u0131\u015far\u0131da b\u0131rak\u0131ld\u0131\u011f\u0131n\u0131 savunarak, \u201cBu ay\u0131b\u0131n bir a\u00e7\u0131klamas\u0131 yok, her \u015fey ortada\u201d ifadelerini kulland\u0131.<br \/>Bir \u00f6nceki toplant\u0131da i\u015fverenlerin ekonomik verilerin olmad\u0131\u011f\u0131 s\u00f6yledi\u011fini belirten Serdaro\u011flu, \u201cB\u00fct\u00fcn verileri bulduk. Ekonomi Bakanl\u0131\u011f\u0131\u2019n\u0131n ekonominin ne kadar b\u00fcy\u00fcd\u00fc\u011f\u00fcne dair a\u00e7\u0131klad\u0131\u011f\u0131 t\u00fcm verileri dosya haline getirdik\u201d dedi.<br \/>Ya h\u00fck\u00fcmetin i\u015fvereni ya da i\u015fverenin h\u00fck\u00fcmeti kand\u0131rd\u0131\u011f\u0131n\u0131 s\u00f6yleyen, masaya ilk olarak y\u00fczde 5\u2019lik zam teklifiyle gelindi\u011fini, sonra da 7,5\u2019a ortak olundu\u011funu s\u00f6yleyen Serdaro\u011flu, h\u00fck\u00fcmeti ve i\u015fverenleri halk\u0131 g\u00f6rmezden gelmekle su\u00e7lad\u0131.<br \/>Son d\u00f6nemde Rum Y\u00f6netimi\u2019ndeki asgari \u00fccretin de g\u00fcndeme getirilmesini ele\u015ftiren Serdaro\u011flu, \u201cBiz KKTC\u2019yi reklam edece\u011fimiz yerde Rum taraf\u0131n\u0131 reklam eder hale geldik. Bunu da yapan h\u00fck\u00fcmet ve i\u015fverenlerdir. Orada asgari \u00fccretin 900 euro oldu\u011fu s\u00f6yleniyor, ancak bizim ger\u00e7e\u011fimiz 35 bin TL olan asgari \u00fccrettir. \u00d6nemli olan bu parayla ne al\u0131nd\u0131\u011f\u0131d\u0131r\u201d ifadelerini kulland\u0131.<br \/>Ahmet Serdaro\u011flu, yerli istihdam\u0131 destekleme fonundan \u00fc\u00e7\u00fcnc\u00fc \u00fclke vatanda\u015flar\u0131na prim deste\u011fi yap\u0131ld\u0131\u011f\u0131n\u0131, bunun yasaya ayk\u0131r\u0131 oldu\u011funu da ifade etti.<\/p>\n<p>Asgari \u00dccret Saptama Komisyonu Ba\u015fkan\u0131 Tahir Serhat a\u00e7\u0131klamas\u0131na, \u201cBiz h\u00fck\u00fcmet olarak gerek Maliye Bakanl\u0131\u011f\u0131 gerek DP\u00d6 olarak imkanlar \u00e7er\u00e7evesinde asgari \u00fccreti d\u00fczenlemek i\u00e7in elimizden geleni yap\u0131yoruz.\u201d diye ba\u015flad\u0131.<br \/>\u201cMart 2022\u2019den itibaren \u00e7al\u0131\u015fanlar i\u00e7in i\u015fverenlere 30 milyon TL prim deste\u011fi vermeye ba\u015flad\u0131k, \u015fu anda\u00a0i\u015f\u00e7iler i\u00e7in i\u015fverenlere\u00a0ayda 202 milyon TL prim deste\u011fi veriyoruz\u201d diyen Serhat, t\u00fcm verilerin bakanl\u0131kta mevcut oldu\u011funu s\u00f6yledi.<br \/>Ele\u015ftirileri de yan\u0131tlayan Serhat, prim te\u015fvik uygulamas\u0131n\u0131n \u015fubat ay\u0131nda sonlanaca\u011f\u0131n\u0131 belirterek, bu uygulamaya iki ay ara vereceklerini de kaydetti.<br \/>Serhat, \u00fc\u00e7\u00fcnc\u00fc uyruklular hari\u00e7 asgari \u00fccret alan KKTC ve TC vatanda\u015flar\u0131na belli bir miktarda te\u015fvi\u011fe devam edeceklerini belirterek, \u201cAsgari \u00fccret alan KKTC vatanda\u015flar\u0131na do\u011frudan maa\u015f deste\u011fi i\u00e7in \u00e7al\u0131\u015fma yap\u0131yoruz\u201d dedi.<br \/>Serhat, i\u015fverenlerin y\u00fczde 80-90\u2019n\u0131n ger\u00e7ek rakamlar \u00fczerinden yat\u0131r\u0131m yapt\u0131\u011f\u0131n\u0131, baz\u0131 i\u015fverenlerin ise prim yat\u0131r\u0131mlar\u0131n\u0131 reel maa\u015f \u00fczerinden yapmad\u0131klar\u0131n\u0131 tespit ettiklerini de aktard\u0131.<br \/>Bu s\u0131rada K\u0131br\u0131s T\u00fcrk \u0130\u015fverenler Sendikas\u0131 Temsilcisi Alp Cengiz Alp, i\u015f\u00e7ilerin ki\u015fisel hatalar\u0131 olabilece\u011fini, bunun \u00fczerinden i\u015f\u00e7iler hakk\u0131nda genelleme yapmad\u0131\u011f\u0131n\u0131 s\u00f6yleyerek, bir i\u015fverenin yapt\u0131\u011f\u0131 hata nedeniyle genelleme yap\u0131lmamas\u0131 gerketi\u011fini s\u00f6yledi.<\/p>\n<p>\u2013 M\u00fcn\u00fcr Rahvanc\u0131o\u011flu sunum yapt\u0131<\/p>\n<p>\u00d6te yandan toplant\u0131da M\u00fcn\u00fcr Rahvanc\u0131o\u011flu, H\u00fcr-\u0130\u015f ad\u0131na asgari \u00fccretle ilgili rakamlarla sunum yapt\u0131.<br \/>Rahvanc\u0131o\u011flu, asgari \u00fccretin hayat pahal\u0131\u011f\u0131 oran\u0131n\u0131n alt\u0131nda belirlenmesi halinde do\u011facak s\u0131k\u0131nt\u0131lara i\u015faret ederek, \u201c2025 enflasyon beklentisi y\u00fczde 35. \u0130lk 6 ay i\u00e7in beklenti y\u00fczde 16 civar\u0131ndad\u0131r. Devletin rakamlar\u0131na g\u00f6re, bu asgari \u00fccret ilk 6 ayda y\u00fczde 16 eriyecek.\u201d dedi.<br \/>\u00d6te yandan asgari \u00fccrete itiraz eden sendikalar aras\u0131nda bulunan T\u00fcrk-Sen\u2019in Genel Ba\u015fkan\u0131 Arslan B\u0131\u00e7akl\u0131 s\u00f6z alarak, asgari \u00fccrete enflasyonun alt\u0131nda art\u0131\u015f yap\u0131lmas\u0131n\u0131n Anayasa\u2019n\u0131n e\u015fitlik ilkesine ayk\u0131r\u0131 oldu\u011funu s\u00f6yledi ve \u201cBu ay\u0131ba son verin.\u201d diye konu\u015ftu.<br \/>Toplant\u0131da yeniden de\u011ferlendirilen asgari \u00fccret rakam\u0131nda de\u011fi\u015fiklik olmad\u0131 ve 1 Ocak itibar\u0131yla ge\u00e7erli olacak yeni asgari \u00fccret ayl\u0131k br\u00fct 43 bin 469, net de 37 bin 818 TL olarak kald\u0131.<br \/>Bu duruma tepki g\u00f6steren sendikalar, toplant\u0131n\u0131n ard\u0131ndan da bas\u0131na a\u00e7\u0131klama yap\u0131yor.<\/p>\n<\/p><\/div>\n<p><script async\n                    defer\n                    crossorigin=\"anonymous\"\n                    src=\"https:\/\/connect.facebook.net\/tr_TR\/sdk.js#xfbml=1&#038;version=v3.3\"\n            ><\/script><\/p>\n","protected":false},"excerpt":{"rendered":"<p>Sendikalar\u0131n asgari \u00fccrete en az hayat pahal\u0131l\u0131\u011f\u0131 oran\u0131nda art\u0131\u015f yap\u0131lmas\u0131 talebi, Asgari \u00dccret Tespit Komisyonu\u2019nda de\u011ferlendirildi ancak rakam de\u011fi\u015fmedi. Yeni asgari \u00fccretin 17 Ocak\u2019ta belirlenen\u00a0ayl\u0131k br\u00fct 43 bin 469, net de 37 bin 818 TL olarak kalmas\u0131na\u00a0tepki g\u00f6steren sendikalar, toplant\u0131 sonras\u0131 bas\u0131na a\u00e7\u0131klama yap\u0131yor. -Toplant\u0131daki a\u00e7\u0131klamalar\u2026Asgari \u00dccret Saptama Komisyonu,\u00a0\u00c7al\u0131\u015fma ve Sosyal G\u00fcvenlik Bakanl\u0131\u011f\u0131 M\u00fcste\u015far\u0131, Asgari<\/p>\n","protected":false},"author":1,"featured_media":74691,"comment_status":"open","ping_status":"open","sticky":false,"template":"","format":"standard","meta":{"footnotes":""},"categories":[81,101],"tags":[],"class_list":["post-74690","post","type-post","status-publish","format-standard","has-post-thumbnail","hentry","category-kibris","category-manset"],"yoast_head":"<!-- This site is optimized with the Yoast SEO plugin v27.5 - https:\/\/yoast.com\/product\/yoast-seo-wordpress\/ -->\n<title>Asgari \u00fccret ayn\u0131 kald\u0131. Sendikalar a\u00e7\u0131klama yap\u0131yor -<\/title>\n<meta name=\"robots\" content=\"index, follow, max-snippet:-1, max-image-preview:large, max-video-preview:-1\" \/>\n<link rel=\"canonical\" href=\"https:\/\/kibrisdakik.com\/?p=74690\" \/>\n<meta property=\"og:locale\" content=\"tr_TR\" \/>\n<meta property=\"og:type\" content=\"article\" \/>\n<meta property=\"og:title\" content=\"Asgari \u00fccret ayn\u0131 kald\u0131. Sendikalar a\u00e7\u0131klama yap\u0131yor -\" \/>\n<meta property=\"og:description\" content=\"Sendikalar\u0131n asgari \u00fccrete en az hayat pahal\u0131l\u0131\u011f\u0131 oran\u0131nda art\u0131\u015f yap\u0131lmas\u0131 talebi, Asgari \u00dccret Tespit Komisyonu\u2019nda de\u011ferlendirildi ancak rakam de\u011fi\u015fmedi. Yeni asgari \u00fccretin 17 Ocak\u2019ta belirlenen\u00a0ayl\u0131k br\u00fct 43 bin 469, net de 37 bin 818 TL olarak kalmas\u0131na\u00a0tepki g\u00f6steren sendikalar, toplant\u0131 sonras\u0131 bas\u0131na a\u00e7\u0131klama yap\u0131yor. -Toplant\u0131daki a\u00e7\u0131klamalar\u2026Asgari \u00dccret Saptama Komisyonu,\u00a0\u00c7al\u0131\u015fma ve Sosyal G\u00fcvenlik Bakanl\u0131\u011f\u0131 M\u00fcste\u015far\u0131, Asgari\" \/>\n<meta property=\"og:url\" content=\"https:\/\/kibrisdakik.com\/?p=74690\" \/>\n<meta property=\"article:published_time\" content=\"2025-01-30T11:15:45+00:00\" \/>\n<meta property=\"og:image\" content=\"https:\/\/kibrisdakik.com\/wp-content\/uploads\/2025\/01\/ASGARI-UCRET-KOMISYON-TOPLANDI-SO-740x420.jpg\" \/>\n\t<meta property=\"og:image:width\" content=\"929\" \/>\n\t<meta property=\"og:image:height\" content=\"449\" \/>\n\t<meta property=\"og:image:type\" content=\"image\/jpeg\" \/>\n<meta name=\"author\" content=\"admin\" \/>\n<meta name=\"twitter:card\" content=\"summary_large_image\" \/>\n<meta name=\"twitter:label1\" content=\"Yazan:\" \/>\n\t<meta name=\"twitter:data1\" content=\"admin\" \/>\n\t<meta name=\"twitter:label2\" content=\"Tahmini okuma s\u00fcresi\" \/>\n\t<meta name=\"twitter:data2\" content=\"5 dakika\" \/>\n<script type=\"application\/ld+json\" class=\"yoast-schema-graph\">{\"@context\":\"https:\\\/\\\/schema.org\",\"@graph\":[{\"@type\":\"Article\",\"@id\":\"https:\\\/\\\/kibrisdakik.com\\\/?p=74690#article\",\"isPartOf\":{\"@id\":\"https:\\\/\\\/kibrisdakik.com\\\/?p=74690\"},\"author\":{\"name\":\"admin\",\"@id\":\"https:\\\/\\\/kibrisdakik.com\\\/#\\\/schema\\\/person\\\/9cd9d437bbb44f72b73ba127e06d8e79\"},\"headline\":\"Asgari \u00fccret ayn\u0131 kald\u0131. Sendikalar a\u00e7\u0131klama yap\u0131yor\",\"datePublished\":\"2025-01-30T11:15:45+00:00\",\"mainEntityOfPage\":{\"@id\":\"https:\\\/\\\/kibrisdakik.com\\\/?p=74690\"},\"wordCount\":920,\"commentCount\":0,\"image\":{\"@id\":\"https:\\\/\\\/kibrisdakik.com\\\/?p=74690#primaryimage\"},\"thumbnailUrl\":\"https:\\\/\\\/kibrisdakik.com\\\/wp-content\\\/uploads\\\/2025\\\/01\\\/ASGARI-UCRET-KOMISYON-TOPLANDI-SO-740x420.jpg\",\"articleSection\":[\"K\u0131br\u0131s\",\"Man\u015fet\"],\"inLanguage\":\"tr\",\"potentialAction\":[{\"@type\":\"CommentAction\",\"name\":\"Comment\",\"target\":[\"https:\\\/\\\/kibrisdakik.com\\\/?p=74690#respond\"]}]},{\"@type\":\"WebPage\",\"@id\":\"https:\\\/\\\/kibrisdakik.com\\\/?p=74690\",\"url\":\"https:\\\/\\\/kibrisdakik.com\\\/?p=74690\",\"name\":\"Asgari \u00fccret ayn\u0131 kald\u0131. Sendikalar a\u00e7\u0131klama yap\u0131yor -\",\"isPartOf\":{\"@id\":\"https:\\\/\\\/kibrisdakik.com\\\/#website\"},\"primaryImageOfPage\":{\"@id\":\"https:\\\/\\\/kibrisdakik.com\\\/?p=74690#primaryimage\"},\"image\":{\"@id\":\"https:\\\/\\\/kibrisdakik.com\\\/?p=74690#primaryimage\"},\"thumbnailUrl\":\"https:\\\/\\\/kibrisdakik.com\\\/wp-content\\\/uploads\\\/2025\\\/01\\\/ASGARI-UCRET-KOMISYON-TOPLANDI-SO-740x420.jpg\",\"datePublished\":\"2025-01-30T11:15:45+00:00\",\"author\":{\"@id\":\"https:\\\/\\\/kibrisdakik.com\\\/#\\\/schema\\\/person\\\/9cd9d437bbb44f72b73ba127e06d8e79\"},\"breadcrumb\":{\"@id\":\"https:\\\/\\\/kibrisdakik.com\\\/?p=74690#breadcrumb\"},\"inLanguage\":\"tr\",\"potentialAction\":[{\"@type\":\"ReadAction\",\"target\":[\"https:\\\/\\\/kibrisdakik.com\\\/?p=74690\"]}]},{\"@type\":\"ImageObject\",\"inLanguage\":\"tr\",\"@id\":\"https:\\\/\\\/kibrisdakik.com\\\/?p=74690#primaryimage\",\"url\":\"https:\\\/\\\/kibrisdakik.com\\\/wp-content\\\/uploads\\\/2025\\\/01\\\/ASGARI-UCRET-KOMISYON-TOPLANDI-SO-740x420.jpg\",\"contentUrl\":\"https:\\\/\\\/kibrisdakik.com\\\/wp-content\\\/uploads\\\/2025\\\/01\\\/ASGARI-UCRET-KOMISYON-TOPLANDI-SO-740x420.jpg\",\"width\":929,\"height\":449},{\"@type\":\"BreadcrumbList\",\"@id\":\"https:\\\/\\\/kibrisdakik.com\\\/?p=74690#breadcrumb\",\"itemListElement\":[{\"@type\":\"ListItem\",\"position\":1,\"name\":\"Home\",\"item\":\"https:\\\/\\\/kibrisdakik.com\\\/\"},{\"@type\":\"ListItem\",\"position\":2,\"name\":\"Asgari \u00fccret ayn\u0131 kald\u0131. Sendikalar a\u00e7\u0131klama yap\u0131yor\"}]},{\"@type\":\"WebSite\",\"@id\":\"https:\\\/\\\/kibrisdakik.com\\\/#website\",\"url\":\"https:\\\/\\\/kibrisdakik.com\\\/\",\"name\":\"\",\"description\":\"Tam vaktinde haber\",\"potentialAction\":[{\"@type\":\"SearchAction\",\"target\":{\"@type\":\"EntryPoint\",\"urlTemplate\":\"https:\\\/\\\/kibrisdakik.com\\\/?s={search_term_string}\"},\"query-input\":{\"@type\":\"PropertyValueSpecification\",\"valueRequired\":true,\"valueName\":\"search_term_string\"}}],\"inLanguage\":\"tr\"},{\"@type\":\"Person\",\"@id\":\"https:\\\/\\\/kibrisdakik.com\\\/#\\\/schema\\\/person\\\/9cd9d437bbb44f72b73ba127e06d8e79\",\"name\":\"admin\",\"image\":{\"@type\":\"ImageObject\",\"inLanguage\":\"tr\",\"@id\":\"https:\\\/\\\/secure.gravatar.com\\\/avatar\\\/ccc17943b9d660506c869530f897617f7cb1c21a4bf30023f252596d83e1f007?s=96&d=mm&r=g\",\"url\":\"https:\\\/\\\/secure.gravatar.com\\\/avatar\\\/ccc17943b9d660506c869530f897617f7cb1c21a4bf30023f252596d83e1f007?s=96&d=mm&r=g\",\"contentUrl\":\"https:\\\/\\\/secure.gravatar.com\\\/avatar\\\/ccc17943b9d660506c869530f897617f7cb1c21a4bf30023f252596d83e1f007?s=96&d=mm&r=g\",\"caption\":\"admin\"},\"sameAs\":[\"https:\\\/\\\/kibrisdakik.com\"],\"url\":\"https:\\\/\\\/kibrisdakik.com\\\/?author=1\"}]}<\/script>\n<!-- \/ Yoast SEO plugin. -->","yoast_head_json":{"title":"Asgari \u00fccret ayn\u0131 kald\u0131. Sendikalar a\u00e7\u0131klama yap\u0131yor -","robots":{"index":"index","follow":"follow","max-snippet":"max-snippet:-1","max-image-preview":"max-image-preview:large","max-video-preview":"max-video-preview:-1"},"canonical":"https:\/\/kibrisdakik.com\/?p=74690","og_locale":"tr_TR","og_type":"article","og_title":"Asgari \u00fccret ayn\u0131 kald\u0131. Sendikalar a\u00e7\u0131klama yap\u0131yor -","og_description":"Sendikalar\u0131n asgari \u00fccrete en az hayat pahal\u0131l\u0131\u011f\u0131 oran\u0131nda art\u0131\u015f yap\u0131lmas\u0131 talebi, Asgari \u00dccret Tespit Komisyonu\u2019nda de\u011ferlendirildi ancak rakam de\u011fi\u015fmedi. Yeni asgari \u00fccretin 17 Ocak\u2019ta belirlenen\u00a0ayl\u0131k br\u00fct 43 bin 469, net de 37 bin 818 TL olarak kalmas\u0131na\u00a0tepki g\u00f6steren sendikalar, toplant\u0131 sonras\u0131 bas\u0131na a\u00e7\u0131klama yap\u0131yor. -Toplant\u0131daki a\u00e7\u0131klamalar\u2026Asgari \u00dccret Saptama Komisyonu,\u00a0\u00c7al\u0131\u015fma ve Sosyal G\u00fcvenlik Bakanl\u0131\u011f\u0131 M\u00fcste\u015far\u0131, Asgari","og_url":"https:\/\/kibrisdakik.com\/?p=74690","article_published_time":"2025-01-30T11:15:45+00:00","og_image":[{"width":929,"height":449,"url":"https:\/\/kibrisdakik.com\/wp-content\/uploads\/2025\/01\/ASGARI-UCRET-KOMISYON-TOPLANDI-SO-740x420.jpg","type":"image\/jpeg"}],"author":"admin","twitter_card":"summary_large_image","twitter_misc":{"Yazan:":"admin","Tahmini okuma s\u00fcresi":"5 dakika"},"schema":{"@context":"https:\/\/schema.org","@graph":[{"@type":"Article","@id":"https:\/\/kibrisdakik.com\/?p=74690#article","isPartOf":{"@id":"https:\/\/kibrisdakik.com\/?p=74690"},"author":{"name":"admin","@id":"https:\/\/kibrisdakik.com\/#\/schema\/person\/9cd9d437bbb44f72b73ba127e06d8e79"},"headline":"Asgari \u00fccret ayn\u0131 kald\u0131. Sendikalar a\u00e7\u0131klama yap\u0131yor","datePublished":"2025-01-30T11:15:45+00:00","mainEntityOfPage":{"@id":"https:\/\/kibrisdakik.com\/?p=74690"},"wordCount":920,"commentCount":0,"image":{"@id":"https:\/\/kibrisdakik.com\/?p=74690#primaryimage"},"thumbnailUrl":"https:\/\/kibrisdakik.com\/wp-content\/uploads\/2025\/01\/ASGARI-UCRET-KOMISYON-TOPLANDI-SO-740x420.jpg","articleSection":["K\u0131br\u0131s","Man\u015fet"],"inLanguage":"tr","potentialAction":[{"@type":"CommentAction","name":"Comment","target":["https:\/\/kibrisdakik.com\/?p=74690#respond"]}]},{"@type":"WebPage","@id":"https:\/\/kibrisdakik.com\/?p=74690","url":"https:\/\/kibrisdakik.com\/?p=74690","name":"Asgari \u00fccret ayn\u0131 kald\u0131. Sendikalar a\u00e7\u0131klama yap\u0131yor -","isPartOf":{"@id":"https:\/\/kibrisdakik.com\/#website"},"primaryImageOfPage":{"@id":"https:\/\/kibrisdakik.com\/?p=74690#primaryimage"},"image":{"@id":"https:\/\/kibrisdakik.com\/?p=74690#primaryimage"},"thumbnailUrl":"https:\/\/kibrisdakik.com\/wp-content\/uploads\/2025\/01\/ASGARI-UCRET-KOMISYON-TOPLANDI-SO-740x420.jpg","datePublished":"2025-01-30T11:15:45+00:00","author":{"@id":"https:\/\/kibrisdakik.com\/#\/schema\/person\/9cd9d437bbb44f72b73ba127e06d8e79"},"breadcrumb":{"@id":"https:\/\/kibrisdakik.com\/?p=74690#breadcrumb"},"inLanguage":"tr","potentialAction":[{"@type":"ReadAction","target":["https:\/\/kibrisdakik.com\/?p=74690"]}]},{"@type":"ImageObject","inLanguage":"tr","@id":"https:\/\/kibrisdakik.com\/?p=74690#primaryimage","url":"https:\/\/kibrisdakik.com\/wp-content\/uploads\/2025\/01\/ASGARI-UCRET-KOMISYON-TOPLANDI-SO-740x420.jpg","contentUrl":"https:\/\/kibrisdakik.com\/wp-content\/uploads\/2025\/01\/ASGARI-UCRET-KOMISYON-TOPLANDI-SO-740x420.jpg","width":929,"height":449},{"@type":"BreadcrumbList","@id":"https:\/\/kibrisdakik.com\/?p=74690#breadcrumb","itemListElement":[{"@type":"ListItem","position":1,"name":"Home","item":"https:\/\/kibrisdakik.com\/"},{"@type":"ListItem","position":2,"name":"Asgari \u00fccret ayn\u0131 kald\u0131. Sendikalar a\u00e7\u0131klama yap\u0131yor"}]},{"@type":"WebSite","@id":"https:\/\/kibrisdakik.com\/#website","url":"https:\/\/kibrisdakik.com\/","name":"","description":"Tam vaktinde haber","potentialAction":[{"@type":"SearchAction","target":{"@type":"EntryPoint","urlTemplate":"https:\/\/kibrisdakik.com\/?s={search_term_string}"},"query-input":{"@type":"PropertyValueSpecification","valueRequired":true,"valueName":"search_term_string"}}],"inLanguage":"tr"},{"@type":"Person","@id":"https:\/\/kibrisdakik.com\/#\/schema\/person\/9cd9d437bbb44f72b73ba127e06d8e79","name":"admin","image":{"@type":"ImageObject","inLanguage":"tr","@id":"https:\/\/secure.gravatar.com\/avatar\/ccc17943b9d660506c869530f897617f7cb1c21a4bf30023f252596d83e1f007?s=96&d=mm&r=g","url":"https:\/\/secure.gravatar.com\/avatar\/ccc17943b9d660506c869530f897617f7cb1c21a4bf30023f252596d83e1f007?s=96&d=mm&r=g","contentUrl":"https:\/\/secure.gravatar.com\/avatar\/ccc17943b9d660506c869530f897617f7cb1c21a4bf30023f252596d83e1f007?s=96&d=mm&r=g","caption":"admin"},"sameAs":["https:\/\/kibrisdakik.com"],"url":"https:\/\/kibrisdakik.com\/?author=1"}]}},"_links":{"self":[{"href":"https:\/\/kibrisdakik.com\/index.php?rest_route=\/wp\/v2\/posts\/74690","targetHints":{"allow":["GET"]}}],"collection":[{"href":"https:\/\/kibrisdakik.com\/index.php?rest_route=\/wp\/v2\/posts"}],"about":[{"href":"https:\/\/kibrisdakik.com\/index.php?rest_route=\/wp\/v2\/types\/post"}],"author":[{"embeddable":true,"href":"https:\/\/kibrisdakik.com\/index.php?rest_route=\/wp\/v2\/users\/1"}],"replies":[{"embeddable":true,"href":"https:\/\/kibrisdakik.com\/index.php?rest_route=%2Fwp%2Fv2%2Fcomments&post=74690"}],"version-history":[{"count":0,"href":"https:\/\/kibrisdakik.com\/index.php?rest_route=\/wp\/v2\/posts\/74690\/revisions"}],"wp:featuredmedia":[{"embeddable":true,"href":"https:\/\/kibrisdakik.com\/index.php?rest_route=\/wp\/v2\/media\/74691"}],"wp:attachment":[{"href":"https:\/\/kibrisdakik.com\/index.php?rest_route=%2Fwp%2Fv2%2Fmedia&parent=74690"}],"wp:term":[{"taxonomy":"category","embeddable":true,"href":"https:\/\/kibrisdakik.com\/index.php?rest_route=%2Fwp%2Fv2%2Fcategories&post=74690"},{"taxonomy":"post_tag","embeddable":true,"href":"https:\/\/kibrisdakik.com\/index.php?rest_route=%2Fwp%2Fv2%2Ftags&post=74690"}],"curies":[{"name":"wp","href":"https:\/\/api.w.org\/{rel}","templated":true}]}}