{"id":74763,"date":"2025-01-31T12:37:22","date_gmt":"2025-01-31T09:37:22","guid":{"rendered":"https:\/\/kibrisdakik.com\/index.php\/2025\/01\/31\/ctp-guzelyurt-ilcesi-ocak-kongrelerini-tamamladi\/"},"modified":"2025-01-31T12:37:22","modified_gmt":"2025-01-31T09:37:22","slug":"ctp-guzelyurt-ilcesi-ocak-kongrelerini-tamamladi","status":"publish","type":"post","link":"https:\/\/kibrisdakik.com\/?p=74763","title":{"rendered":"CTP G\u00fczelyurt \u0130l\u00e7esi Ocak Kongrelerini tamamlad\u0131"},"content":{"rendered":"<div>\n<div class=\"mariselle-image-container center\">\n                                            <\/div>\n<p>Cumhuriyet\u00e7i T\u00fcrk Partisi (CTP) G\u00fczelyurt \u0130l\u00e7esi Ocak Kongrelerini tamamlad\u0131.<\/p>\n<p>CTP Bas\u0131n b\u00fcrosundan yap\u0131lan yaz\u0131l\u0131 a\u00e7\u0131klamaya g\u00f6re, G\u00fcne\u015fk\u00f6y, Yayla, Ak\u00e7ay ve Ayd\u0131nk\u00f6y Ocak Kongreleri ger\u00e7ekle\u015ftirildi.<\/p>\n<p>Kongreler, CTP G\u00fczelyurt \u0130l\u00e7e Ba\u015fkan\u0131 \u00c7a\u011flar Gulamkadir ve CTP G\u00fczelyurt Milletvekili Arma\u011fan Candan\u2019\u0131n da kat\u0131l\u0131m\u0131yla yap\u0131ld\u0131.<\/p>\n<p>G\u00fcne\u015fk\u00f6y Ocak \u00d6rg\u00fct\u00fc Y\u00f6netimi, G\u00fcrcan  K\u0131z\u0131ler, Mehmet \u00c7etereisi, Metin Yaral\u0131, O\u011fuz Yaral\u0131, G\u00fclten K\u0131z\u0131ler, Mustafa \u00c7etereisi\u201d; Yayla Ocak \u00d6rg\u00fct\u00fc Y\u00f6netimi, Levent Kavaz, Ahmet \u00d6zg\u00f6ren, Emrah \u00d6zt\u00fcrk, Mustafa K\u00fc\u00e7\u00fckbekir, Mahmut R\u00fcstemo\u011flu, Ta\u015fk\u0131n Kavaz, Osman Solma; Ak\u00e7ay Ocak \u00d6rg\u00fct\u00fc Y\u00f6netimi, Hasan \u00c7uvalc\u0131o\u011flu, \u00d6zel \u00d6zbar\u0131\u015f\u00e7\u0131, Ahmet Bafl\u0131, Selin \u00d6zk\u0131zan, \u00dcmit Sehero\u011flu, Serta\u00e7 Yorganc\u0131, Zalihe Karabenli; Ayd\u0131nk\u00f6y Ocak \u00d6rg\u00fct\u00fc Y\u00f6netimi ise Y\u0131lmaz Siham, Selim G\u00f6\u00e7meno\u011flu, Hasan \u0130lhan, O\u011fuz Solyal\u0131, Ahmet \u0130lhan, Remziye Siham ve Osman Turan\u2019dan olu\u015ftu.<\/p>\n<p>Ocak kongrelerini tamamlayan CTP G\u00fczelyurt \u0130l\u00e7esi\u2019nin il\u00e7e kongresi ise 3 \u015eubat Pazartesi saat 18.00\u2019de G\u00fczelyurt AKM\u2019de toplanacak.<\/p>\n<\/p><\/div>\n<p><script async\n                    defer\n                    crossorigin=\"anonymous\"\n                    src=\"https:\/\/connect.facebook.net\/tr_TR\/sdk.js#xfbml=1&#038;version=v3.3\"\n            ><\/script><\/p>\n","protected":false},"excerpt":{"rendered":"<p>Cumhuriyet\u00e7i T\u00fcrk Partisi (CTP) G\u00fczelyurt \u0130l\u00e7esi Ocak Kongrelerini tamamlad\u0131. CTP Bas\u0131n b\u00fcrosundan yap\u0131lan yaz\u0131l\u0131 a\u00e7\u0131klamaya g\u00f6re, G\u00fcne\u015fk\u00f6y, Yayla, Ak\u00e7ay ve Ayd\u0131nk\u00f6y Ocak Kongreleri ger\u00e7ekle\u015ftirildi. Kongreler, CTP G\u00fczelyurt \u0130l\u00e7e Ba\u015fkan\u0131 \u00c7a\u011flar Gulamkadir ve CTP G\u00fczelyurt Milletvekili Arma\u011fan Candan\u2019\u0131n da kat\u0131l\u0131m\u0131yla yap\u0131ld\u0131. G\u00fcne\u015fk\u00f6y Ocak \u00d6rg\u00fct\u00fc Y\u00f6netimi, G\u00fcrcan K\u0131z\u0131ler, Mehmet \u00c7etereisi, Metin Yaral\u0131, O\u011fuz Yaral\u0131, G\u00fclten K\u0131z\u0131ler, Mustafa<\/p>\n","protected":false},"author":1,"featured_media":74764,"comment_status":"open","ping_status":"open","sticky":false,"template":"","format":"standard","meta":{"footnotes":""},"categories":[81,101],"tags":[],"class_list":["post-74763","post","type-post","status-publish","format-standard","has-post-thumbnail","hentry","category-kibris","category-manset"],"yoast_head":"<!-- This site is optimized with the Yoast SEO plugin v27.4 - https:\/\/yoast.com\/product\/yoast-seo-wordpress\/ -->\n<title>CTP G\u00fczelyurt \u0130l\u00e7esi Ocak Kongrelerini tamamlad\u0131 -<\/title>\n<meta name=\"robots\" content=\"index, follow, max-snippet:-1, max-image-preview:large, max-video-preview:-1\" \/>\n<link rel=\"canonical\" href=\"https:\/\/kibrisdakik.com\/?p=74763\" \/>\n<meta property=\"og:locale\" content=\"tr_TR\" \/>\n<meta property=\"og:type\" content=\"article\" \/>\n<meta property=\"og:title\" content=\"CTP G\u00fczelyurt \u0130l\u00e7esi Ocak Kongrelerini tamamlad\u0131 -\" \/>\n<meta property=\"og:description\" content=\"Cumhuriyet\u00e7i T\u00fcrk Partisi (CTP) G\u00fczelyurt \u0130l\u00e7esi Ocak Kongrelerini tamamlad\u0131. CTP Bas\u0131n b\u00fcrosundan yap\u0131lan yaz\u0131l\u0131 a\u00e7\u0131klamaya g\u00f6re, G\u00fcne\u015fk\u00f6y, Yayla, Ak\u00e7ay ve Ayd\u0131nk\u00f6y Ocak Kongreleri ger\u00e7ekle\u015ftirildi. Kongreler, CTP G\u00fczelyurt \u0130l\u00e7e Ba\u015fkan\u0131 \u00c7a\u011flar Gulamkadir ve CTP G\u00fczelyurt Milletvekili Arma\u011fan Candan\u2019\u0131n da kat\u0131l\u0131m\u0131yla yap\u0131ld\u0131. G\u00fcne\u015fk\u00f6y Ocak \u00d6rg\u00fct\u00fc Y\u00f6netimi, G\u00fcrcan K\u0131z\u0131ler, Mehmet \u00c7etereisi, Metin Yaral\u0131, O\u011fuz Yaral\u0131, G\u00fclten K\u0131z\u0131ler, Mustafa\" \/>\n<meta property=\"og:url\" content=\"https:\/\/kibrisdakik.com\/?p=74763\" \/>\n<meta property=\"article:published_time\" content=\"2025-01-31T09:37:22+00:00\" \/>\n<meta property=\"og:image\" content=\"https:\/\/kibrisdakik.com\/wp-content\/uploads\/2025\/01\/lkjljkljl-740x420.jpeg\" \/>\n\t<meta property=\"og:image:width\" content=\"1600\" \/>\n\t<meta property=\"og:image:height\" content=\"902\" \/>\n\t<meta property=\"og:image:type\" content=\"image\/jpeg\" \/>\n<meta name=\"author\" content=\"admin\" \/>\n<meta name=\"twitter:card\" content=\"summary_large_image\" \/>\n<meta name=\"twitter:label1\" content=\"Yazan:\" \/>\n\t<meta name=\"twitter:data1\" content=\"admin\" \/>\n\t<meta name=\"twitter:label2\" content=\"Tahmini okuma s\u00fcresi\" \/>\n\t<meta name=\"twitter:data2\" content=\"1 dakika\" \/>\n<script type=\"application\/ld+json\" class=\"yoast-schema-graph\">{\"@context\":\"https:\\\/\\\/schema.org\",\"@graph\":[{\"@type\":\"Article\",\"@id\":\"https:\\\/\\\/kibrisdakik.com\\\/?p=74763#article\",\"isPartOf\":{\"@id\":\"https:\\\/\\\/kibrisdakik.com\\\/?p=74763\"},\"author\":{\"name\":\"admin\",\"@id\":\"https:\\\/\\\/kibrisdakik.com\\\/#\\\/schema\\\/person\\\/9cd9d437bbb44f72b73ba127e06d8e79\"},\"headline\":\"CTP G\u00fczelyurt \u0130l\u00e7esi Ocak Kongrelerini tamamlad\u0131\",\"datePublished\":\"2025-01-31T09:37:22+00:00\",\"mainEntityOfPage\":{\"@id\":\"https:\\\/\\\/kibrisdakik.com\\\/?p=74763\"},\"wordCount\":210,\"commentCount\":0,\"image\":{\"@id\":\"https:\\\/\\\/kibrisdakik.com\\\/?p=74763#primaryimage\"},\"thumbnailUrl\":\"https:\\\/\\\/kibrisdakik.com\\\/wp-content\\\/uploads\\\/2025\\\/01\\\/lkjljkljl-740x420.jpeg\",\"articleSection\":[\"K\u0131br\u0131s\",\"Man\u015fet\"],\"inLanguage\":\"tr\",\"potentialAction\":[{\"@type\":\"CommentAction\",\"name\":\"Comment\",\"target\":[\"https:\\\/\\\/kibrisdakik.com\\\/?p=74763#respond\"]}]},{\"@type\":\"WebPage\",\"@id\":\"https:\\\/\\\/kibrisdakik.com\\\/?p=74763\",\"url\":\"https:\\\/\\\/kibrisdakik.com\\\/?p=74763\",\"name\":\"CTP G\u00fczelyurt \u0130l\u00e7esi Ocak Kongrelerini tamamlad\u0131 -\",\"isPartOf\":{\"@id\":\"https:\\\/\\\/kibrisdakik.com\\\/#website\"},\"primaryImageOfPage\":{\"@id\":\"https:\\\/\\\/kibrisdakik.com\\\/?p=74763#primaryimage\"},\"image\":{\"@id\":\"https:\\\/\\\/kibrisdakik.com\\\/?p=74763#primaryimage\"},\"thumbnailUrl\":\"https:\\\/\\\/kibrisdakik.com\\\/wp-content\\\/uploads\\\/2025\\\/01\\\/lkjljkljl-740x420.jpeg\",\"datePublished\":\"2025-01-31T09:37:22+00:00\",\"author\":{\"@id\":\"https:\\\/\\\/kibrisdakik.com\\\/#\\\/schema\\\/person\\\/9cd9d437bbb44f72b73ba127e06d8e79\"},\"breadcrumb\":{\"@id\":\"https:\\\/\\\/kibrisdakik.com\\\/?p=74763#breadcrumb\"},\"inLanguage\":\"tr\",\"potentialAction\":[{\"@type\":\"ReadAction\",\"target\":[\"https:\\\/\\\/kibrisdakik.com\\\/?p=74763\"]}]},{\"@type\":\"ImageObject\",\"inLanguage\":\"tr\",\"@id\":\"https:\\\/\\\/kibrisdakik.com\\\/?p=74763#primaryimage\",\"url\":\"https:\\\/\\\/kibrisdakik.com\\\/wp-content\\\/uploads\\\/2025\\\/01\\\/lkjljkljl-740x420.jpeg\",\"contentUrl\":\"https:\\\/\\\/kibrisdakik.com\\\/wp-content\\\/uploads\\\/2025\\\/01\\\/lkjljkljl-740x420.jpeg\",\"width\":1600,\"height\":902},{\"@type\":\"BreadcrumbList\",\"@id\":\"https:\\\/\\\/kibrisdakik.com\\\/?p=74763#breadcrumb\",\"itemListElement\":[{\"@type\":\"ListItem\",\"position\":1,\"name\":\"Home\",\"item\":\"https:\\\/\\\/kibrisdakik.com\\\/\"},{\"@type\":\"ListItem\",\"position\":2,\"name\":\"CTP G\u00fczelyurt \u0130l\u00e7esi Ocak Kongrelerini tamamlad\u0131\"}]},{\"@type\":\"WebSite\",\"@id\":\"https:\\\/\\\/kibrisdakik.com\\\/#website\",\"url\":\"https:\\\/\\\/kibrisdakik.com\\\/\",\"name\":\"\",\"description\":\"Tam vaktinde haber\",\"potentialAction\":[{\"@type\":\"SearchAction\",\"target\":{\"@type\":\"EntryPoint\",\"urlTemplate\":\"https:\\\/\\\/kibrisdakik.com\\\/?s={search_term_string}\"},\"query-input\":{\"@type\":\"PropertyValueSpecification\",\"valueRequired\":true,\"valueName\":\"search_term_string\"}}],\"inLanguage\":\"tr\"},{\"@type\":\"Person\",\"@id\":\"https:\\\/\\\/kibrisdakik.com\\\/#\\\/schema\\\/person\\\/9cd9d437bbb44f72b73ba127e06d8e79\",\"name\":\"admin\",\"image\":{\"@type\":\"ImageObject\",\"inLanguage\":\"tr\",\"@id\":\"https:\\\/\\\/secure.gravatar.com\\\/avatar\\\/ccc17943b9d660506c869530f897617f7cb1c21a4bf30023f252596d83e1f007?s=96&d=mm&r=g\",\"url\":\"https:\\\/\\\/secure.gravatar.com\\\/avatar\\\/ccc17943b9d660506c869530f897617f7cb1c21a4bf30023f252596d83e1f007?s=96&d=mm&r=g\",\"contentUrl\":\"https:\\\/\\\/secure.gravatar.com\\\/avatar\\\/ccc17943b9d660506c869530f897617f7cb1c21a4bf30023f252596d83e1f007?s=96&d=mm&r=g\",\"caption\":\"admin\"},\"sameAs\":[\"https:\\\/\\\/kibrisdakik.com\"],\"url\":\"https:\\\/\\\/kibrisdakik.com\\\/?author=1\"}]}<\/script>\n<!-- \/ Yoast SEO plugin. -->","yoast_head_json":{"title":"CTP G\u00fczelyurt \u0130l\u00e7esi Ocak Kongrelerini tamamlad\u0131 -","robots":{"index":"index","follow":"follow","max-snippet":"max-snippet:-1","max-image-preview":"max-image-preview:large","max-video-preview":"max-video-preview:-1"},"canonical":"https:\/\/kibrisdakik.com\/?p=74763","og_locale":"tr_TR","og_type":"article","og_title":"CTP G\u00fczelyurt \u0130l\u00e7esi Ocak Kongrelerini tamamlad\u0131 -","og_description":"Cumhuriyet\u00e7i T\u00fcrk Partisi (CTP) G\u00fczelyurt \u0130l\u00e7esi Ocak Kongrelerini tamamlad\u0131. CTP Bas\u0131n b\u00fcrosundan yap\u0131lan yaz\u0131l\u0131 a\u00e7\u0131klamaya g\u00f6re, G\u00fcne\u015fk\u00f6y, Yayla, Ak\u00e7ay ve Ayd\u0131nk\u00f6y Ocak Kongreleri ger\u00e7ekle\u015ftirildi. Kongreler, CTP G\u00fczelyurt \u0130l\u00e7e Ba\u015fkan\u0131 \u00c7a\u011flar Gulamkadir ve CTP G\u00fczelyurt Milletvekili Arma\u011fan Candan\u2019\u0131n da kat\u0131l\u0131m\u0131yla yap\u0131ld\u0131. G\u00fcne\u015fk\u00f6y Ocak \u00d6rg\u00fct\u00fc Y\u00f6netimi, G\u00fcrcan K\u0131z\u0131ler, Mehmet \u00c7etereisi, Metin Yaral\u0131, O\u011fuz Yaral\u0131, G\u00fclten K\u0131z\u0131ler, Mustafa","og_url":"https:\/\/kibrisdakik.com\/?p=74763","article_published_time":"2025-01-31T09:37:22+00:00","og_image":[{"width":1600,"height":902,"url":"https:\/\/kibrisdakik.com\/wp-content\/uploads\/2025\/01\/lkjljkljl-740x420.jpeg","type":"image\/jpeg"}],"author":"admin","twitter_card":"summary_large_image","twitter_misc":{"Yazan:":"admin","Tahmini okuma s\u00fcresi":"1 dakika"},"schema":{"@context":"https:\/\/schema.org","@graph":[{"@type":"Article","@id":"https:\/\/kibrisdakik.com\/?p=74763#article","isPartOf":{"@id":"https:\/\/kibrisdakik.com\/?p=74763"},"author":{"name":"admin","@id":"https:\/\/kibrisdakik.com\/#\/schema\/person\/9cd9d437bbb44f72b73ba127e06d8e79"},"headline":"CTP G\u00fczelyurt \u0130l\u00e7esi Ocak Kongrelerini tamamlad\u0131","datePublished":"2025-01-31T09:37:22+00:00","mainEntityOfPage":{"@id":"https:\/\/kibrisdakik.com\/?p=74763"},"wordCount":210,"commentCount":0,"image":{"@id":"https:\/\/kibrisdakik.com\/?p=74763#primaryimage"},"thumbnailUrl":"https:\/\/kibrisdakik.com\/wp-content\/uploads\/2025\/01\/lkjljkljl-740x420.jpeg","articleSection":["K\u0131br\u0131s","Man\u015fet"],"inLanguage":"tr","potentialAction":[{"@type":"CommentAction","name":"Comment","target":["https:\/\/kibrisdakik.com\/?p=74763#respond"]}]},{"@type":"WebPage","@id":"https:\/\/kibrisdakik.com\/?p=74763","url":"https:\/\/kibrisdakik.com\/?p=74763","name":"CTP G\u00fczelyurt \u0130l\u00e7esi Ocak Kongrelerini tamamlad\u0131 -","isPartOf":{"@id":"https:\/\/kibrisdakik.com\/#website"},"primaryImageOfPage":{"@id":"https:\/\/kibrisdakik.com\/?p=74763#primaryimage"},"image":{"@id":"https:\/\/kibrisdakik.com\/?p=74763#primaryimage"},"thumbnailUrl":"https:\/\/kibrisdakik.com\/wp-content\/uploads\/2025\/01\/lkjljkljl-740x420.jpeg","datePublished":"2025-01-31T09:37:22+00:00","author":{"@id":"https:\/\/kibrisdakik.com\/#\/schema\/person\/9cd9d437bbb44f72b73ba127e06d8e79"},"breadcrumb":{"@id":"https:\/\/kibrisdakik.com\/?p=74763#breadcrumb"},"inLanguage":"tr","potentialAction":[{"@type":"ReadAction","target":["https:\/\/kibrisdakik.com\/?p=74763"]}]},{"@type":"ImageObject","inLanguage":"tr","@id":"https:\/\/kibrisdakik.com\/?p=74763#primaryimage","url":"https:\/\/kibrisdakik.com\/wp-content\/uploads\/2025\/01\/lkjljkljl-740x420.jpeg","contentUrl":"https:\/\/kibrisdakik.com\/wp-content\/uploads\/2025\/01\/lkjljkljl-740x420.jpeg","width":1600,"height":902},{"@type":"BreadcrumbList","@id":"https:\/\/kibrisdakik.com\/?p=74763#breadcrumb","itemListElement":[{"@type":"ListItem","position":1,"name":"Home","item":"https:\/\/kibrisdakik.com\/"},{"@type":"ListItem","position":2,"name":"CTP G\u00fczelyurt \u0130l\u00e7esi Ocak Kongrelerini tamamlad\u0131"}]},{"@type":"WebSite","@id":"https:\/\/kibrisdakik.com\/#website","url":"https:\/\/kibrisdakik.com\/","name":"","description":"Tam vaktinde haber","potentialAction":[{"@type":"SearchAction","target":{"@type":"EntryPoint","urlTemplate":"https:\/\/kibrisdakik.com\/?s={search_term_string}"},"query-input":{"@type":"PropertyValueSpecification","valueRequired":true,"valueName":"search_term_string"}}],"inLanguage":"tr"},{"@type":"Person","@id":"https:\/\/kibrisdakik.com\/#\/schema\/person\/9cd9d437bbb44f72b73ba127e06d8e79","name":"admin","image":{"@type":"ImageObject","inLanguage":"tr","@id":"https:\/\/secure.gravatar.com\/avatar\/ccc17943b9d660506c869530f897617f7cb1c21a4bf30023f252596d83e1f007?s=96&d=mm&r=g","url":"https:\/\/secure.gravatar.com\/avatar\/ccc17943b9d660506c869530f897617f7cb1c21a4bf30023f252596d83e1f007?s=96&d=mm&r=g","contentUrl":"https:\/\/secure.gravatar.com\/avatar\/ccc17943b9d660506c869530f897617f7cb1c21a4bf30023f252596d83e1f007?s=96&d=mm&r=g","caption":"admin"},"sameAs":["https:\/\/kibrisdakik.com"],"url":"https:\/\/kibrisdakik.com\/?author=1"}]}},"_links":{"self":[{"href":"https:\/\/kibrisdakik.com\/index.php?rest_route=\/wp\/v2\/posts\/74763","targetHints":{"allow":["GET"]}}],"collection":[{"href":"https:\/\/kibrisdakik.com\/index.php?rest_route=\/wp\/v2\/posts"}],"about":[{"href":"https:\/\/kibrisdakik.com\/index.php?rest_route=\/wp\/v2\/types\/post"}],"author":[{"embeddable":true,"href":"https:\/\/kibrisdakik.com\/index.php?rest_route=\/wp\/v2\/users\/1"}],"replies":[{"embeddable":true,"href":"https:\/\/kibrisdakik.com\/index.php?rest_route=%2Fwp%2Fv2%2Fcomments&post=74763"}],"version-history":[{"count":0,"href":"https:\/\/kibrisdakik.com\/index.php?rest_route=\/wp\/v2\/posts\/74763\/revisions"}],"wp:featuredmedia":[{"embeddable":true,"href":"https:\/\/kibrisdakik.com\/index.php?rest_route=\/wp\/v2\/media\/74764"}],"wp:attachment":[{"href":"https:\/\/kibrisdakik.com\/index.php?rest_route=%2Fwp%2Fv2%2Fmedia&parent=74763"}],"wp:term":[{"taxonomy":"category","embeddable":true,"href":"https:\/\/kibrisdakik.com\/index.php?rest_route=%2Fwp%2Fv2%2Fcategories&post=74763"},{"taxonomy":"post_tag","embeddable":true,"href":"https:\/\/kibrisdakik.com\/index.php?rest_route=%2Fwp%2Fv2%2Ftags&post=74763"}],"curies":[{"name":"wp","href":"https:\/\/api.w.org\/{rel}","templated":true}]}}