{"id":74768,"date":"2025-01-31T13:50:27","date_gmt":"2025-01-31T10:50:27","guid":{"rendered":"https:\/\/kibrisdakik.com\/index.php\/2025\/01\/31\/rauf-raif-dektas-ve-dr-fazil-kucuk-ii-uluslararasi-kibris-arastirmalari-sempozyumu-basladi\/"},"modified":"2025-01-31T13:50:27","modified_gmt":"2025-01-31T10:50:27","slug":"rauf-raif-dektas-ve-dr-fazil-kucuk-ii-uluslararasi-kibris-arastirmalari-sempozyumu-basladi","status":"publish","type":"post","link":"https:\/\/kibrisdakik.com\/?p=74768","title":{"rendered":"Rauf Raif Dekta\u015f ve Dr. Faz\u0131l K\u00fc\u00e7\u00fck II. Uluslararas\u0131 K\u0131br\u0131s Ara\u015ft\u0131rmalar\u0131 Sempozyumu ba\u015flad\u0131"},"content":{"rendered":"<div>\n<div class=\"mariselle-image-container center\">\n                                            <\/div>\n<p>T\u00fcrk Birli\u011fi Dayan\u0131\u015fma Derne\u011fi \u00f6nc\u00fcl\u00fc\u011f\u00fcnde d\u00fczenlenen \u201cRauf Raif Dekta\u015f ve Dr. Faz\u0131l K\u00fc\u00e7\u00fck II. Uluslararas\u0131 K\u0131br\u0131s Ara\u015ft\u0131rmalar\u0131 Sempozyumu\u201d ba\u015flad\u0131.<\/p>\n<p>Ba\u015fbakan \u00dcnal \u00dcstel\u2019in kat\u0131l\u0131m\u0131yla ger\u00e7ekle\u015ftirilen sempozyumun a\u00e7\u0131l\u0131\u015f\u0131, bug\u00fcn D\u0131\u015fi\u015fleri Bakanl\u0131\u011f\u0131 U\u011fur Umar Konferans Salonunda yap\u0131ld\u0131.<\/p>\n<p>Sayg\u0131 duru\u015fu ve \u0130stiklal Mar\u015f\u0131\u2019n\u0131n okunmas\u0131yla ba\u015flayan sempozyumun a\u00e7\u0131l\u0131\u015f\u0131nda, Ba\u015fbakan Yard\u0131mc\u0131s\u0131 Fikri Atao\u011flu, D\u0131\u015fi\u015fleri Bakan\u0131 Tahsin Ertu\u011frulo\u011flu, milletvekilleri, T\u00fcrkiye ve Azerbaycan\u2019dan gelen heyetler yer ald\u0131.<\/p>\n<p>Sempozyumda, derne\u011fin \u00e7al\u0131\u015fmalar\u0131 anlat\u0131ld\u0131 ve yurt i\u00e7i ve yurt d\u0131\u015f\u0131ndaki \u00e7al\u0131\u015fmalar\u0131n\u0131 i\u00e7eren video g\u00f6sterimi de yap\u0131ld\u0131.<\/p>\n<p>Lefke Avrupa \u00dcniversitesi, Girne Amerikan \u00dcniversitesi, Erciyes \u00dcniversitesi, Trakya \u00dcniversitesi, Semerkant \u0130pek Yolu \u00dcniversitesi, European Leadership University, Avrasya Yazarlar Birli\u011fi, K\u0131br\u0131s Azerbaycan Dostluk Cemiyeti ve Bilimdili gibi kurumlar\u0131n katk\u0131lar\u0131yla d\u00fczenlenen \u201cRauf Raif Denkta\u015f ve Dr. Faz\u0131l K\u00fc\u00e7\u00fck II. Uluslararas\u0131 K\u0131br\u0131s Ara\u015ft\u0131rmalar\u0131 Sempozyumu- Gen\u00e7 T\u00fcrk D\u00fcnyas\u0131 STK Bulu\u015fmas\u0131\u201d 2 \u015eubat\u2019a kadar devam edecek.<\/p>\n<p>Sempozyum D\u00fczenleme Kurulu Ba\u015fkanl\u0131klar\u0131n\u0131, Lefke Avrupa \u00dcniversitesi\u2019nden, T\u00fcrk Birli\u011fi Dayan\u0131\u015fma Derne\u011fi Ba\u015fkan\u0131 Prof. Dr. G\u00fcven Ar\u0131kl\u0131, T\u00fcrkiye Erciyes \u00dcniversitesi\u2019nden, Bilimdili Derne\u011fi Onursal Ba\u015fkan\u0131 Do\u00e7. Dr. G\u00f6k\u00e7e Y\u00fckselen Peler yap\u0131yor.<\/p>\n<p>-G\u00fcven Ar\u0131kl\u0131<\/p>\n<p>T\u00fcrk Birli\u011fi Dayan\u0131\u015fma Derne\u011fi Ba\u015fkan\u0131 Prof. Dr. G\u00fcven Ar\u0131kl\u0131, sempozyumun a\u00e7\u0131l\u0131\u015f\u0131nda yapt\u0131\u011f\u0131 konu\u015fmada, dernek olarak yapt\u0131klar\u0131 \u00e7al\u0131\u015fmalar\u0131 anlatt\u0131, \u201cDerdimiz gitti\u011fimiz her yerde KKTC\u2019nin tan\u0131t\u0131lmas\u0131, anlat\u0131lmas\u0131d\u0131r\u201d dedi, bu davay\u0131 ge\u00e7mi\u015ften ald\u0131klar\u0131 sorumlulukla y\u00fcr\u00fctt\u00fcklerini s\u00f6yledi.<\/p>\n<p>Her gittikleri yerde her toplant\u0131da her noktada KKTC vurgusunu yapt\u0131klar\u0131n\u0131 ifade eden Ar\u0131kl\u0131, vurgular\u0131n\u0131n \u201cG\u00fc\u00e7l\u00fc T\u00fcrkiye g\u00fc\u00e7l\u00fc KKTC g\u00fc\u00e7l\u00fc T\u00fcrk birli\u011fi\u201d oldu\u011funu kaydetti.<\/p>\n<p>KKTC bayra\u011f\u0131n\u0131n her yerde olmas\u0131n\u0131n \u00f6nemine i\u015faret eden Ar\u0131kl\u0131, T\u00fcrk Devletleri Te\u015fkilat\u0131 g\u00f6zlemci \u00fcyeli\u011fi ve bu y\u00f6ndeki ili\u015fkilere katk\u0131da bulunmak amac\u0131yla d\u00fczenledikleri etkinli\u011fe destek veren Ba\u015fbakan, Ba\u015fbakan Yard\u0131mc\u0131s\u0131, T\u00fcrk Ajans\u0131 K\u0131br\u0131s (TAK) ve di\u011fer t\u00fcm yetkililere te\u015fekk\u00fcr etti.<\/p>\n<p>-Enes \u0130brahim<\/p>\n<p>Kuzey Makedonya Meclisi Milletvekili Enes \u0130brahim, T\u00fcrk birli\u011finin \u00f6nemine vurgu yaparak, T\u00fcrk d\u00fcnyas\u0131n\u0131n zor g\u00fcnlerden ge\u00e7erken bu tip organizasyonlar\u0131n birlik beraberli\u011fi art\u0131rd\u0131\u011f\u0131n\u0131 kaydetti.<\/p>\n<p>Ar\u0131kl\u0131\u2019y\u0131, KKTC\u2019yi tan\u0131tma \u00e7al\u0131\u015fmalar\u0131ndan dolay\u0131 kutlayan ve destek belirten \u0130brahim, iki b\u00fcy\u00fck lider Denkta\u015f ve K\u00fc\u00e7\u00fck\u2019\u00fc and\u0131.<\/p>\n<p>\u201cG\u00f6revimiz KKTC\u2019yi tan\u0131tmak, geli\u015ftirmektir\u201d diyen \u0130brahim, KKTC\u2019yi uluslararas\u0131 camiada daha g\u00fc\u00e7l\u00fc noktaya getireceklerini s\u00f6yledi.<\/p>\n<p>\u0130brahim, Mavi Vatan\u2019da T\u00fcrk d\u00fcnyas\u0131n\u0131n T\u00fcrkiye ve KKTC\u2019yi yaln\u0131z b\u0131rakmayaca\u011f\u0131n\u0131, her zaman g\u00f6n\u00fclden ba\u011fl\u0131 olduklar\u0131 T\u00fcrkiye ve KKTC\u2019nin yan\u0131nda destek\u00e7isi olduklar\u0131n\u0131 vurgulad\u0131.<\/p>\n<p>-Aliyeva<\/p>\n<p>Azerbaycan Milletvekili Jale Aliyeva, T\u00fcrk d\u00fcnyas\u0131 temsilcilerini selamlayarak, KKTC\u2019de olmaktan gururlu mutlu oldu\u011funu, anlaml\u0131 etkinli\u011fi d\u00fczenleyenlere te\u015fekk\u00fcr etti.<\/p>\n<p>Aliyeva, T\u00fcrk d\u00fcnyas\u0131n\u0131n birlik beraberli\u011finin \u00f6nemine i\u015faret ederek, gelece\u011fe birlikte ad\u0131mlar atacaklar\u0131n\u0131 kaydetti.<\/p>\n<p>T\u00fcrkiye ve Azerbaycan Cumhurba\u015fkanlar\u0131n\u0131n kararl\u0131klar\u0131 sayesinde KKTC\u2019nin T\u00fcrk d\u00fcnyas\u0131ndaki yerini ald\u0131\u011f\u0131n\u0131 ifade eden Aliyeva, \u201cT\u00fcrk birli\u011fi olarak vard\u0131k var\u0131z\u201d dediklerini ve bug\u00fcn de ayn\u0131 \u015fekilde \u00e7al\u0131\u015fmaya, bir olmaya devam ettiklerini kaydetti.<\/p>\n<p>Aliyeva, K\u0131br\u0131s davas\u0131, T\u00fcrk d\u00fcnyas\u0131 i\u00e7in \u015fehit olan herkesi de rahmetle and\u0131.<\/p>\n<p>-\u0130skandarov<\/p>\n<p>Azerbaycan Milletvekili Anar \u0130skandarov da, KKTC\u2019de bulunmaktan duydu\u011fu memnuniyeti dile getirerek, K\u0131br\u0131s\u2019taki m\u00fccadeleye destek belirtti, ba\u011f\u0131ms\u0131zl\u0131\u011f\u0131n \u00f6nemine i\u015faret etti.<\/p>\n<p>Azerbaycan\u2019da da buradaki gibi Ermenistan\u2019a kar\u015f\u0131 m\u00fccadele verildi\u011fini kaydeden \u0130skandarov, Azerbaycan m\u00fccadelesini anlatt\u0131.<\/p>\n<p>\u0130skandarov, Azerbaycan\u2019\u0131n KKTC\u2019de bug\u00fcn verilen m\u00fccadelenin yan\u0131nda oldu\u011funu, b\u00f6yle g\u00fc\u00e7l\u00fc olunabildi\u011fini kaydederek T\u00fcrk birli\u011finin, ba\u011f\u0131ms\u0131zl\u0131\u011f\u0131n \u00f6nemine dikkat \u00e7ekti.<\/p>\n<p>T\u00fcrk birli\u011finin daha g\u00fc\u00e7l\u00fc olmas\u0131n\u0131 temenni eden \u0130skandarov, Bak\u00fc\u2019n\u00fcn her zaman KKTC\u2019ye a\u00e7\u0131k oldu\u011funu s\u00f6yledi.<\/p>\n<p>-Atao\u011flu<\/p>\n<p>Ba\u015fbakan Yard\u0131mc\u0131s\u0131 Fikri Atao\u011flu da, KKTC\u2019yi ziyaret eden milletvekilleri ile T\u00fcrk Devleti Te\u015fkilat\u0131 temsilcilerine te\u015fekk\u00fcr ederek, sempozyumun \u00f6nemine dikkat \u00e7ekti.<\/p>\n<p>Ge\u00e7mi\u015fte ba\u015flat\u0131lan y\u00fcr\u00fcy\u00fc\u015f\u00fcn \u00f6n\u00fcne kimsenin ge\u00e7meye g\u00fcc\u00fcn\u00fcn yetmeyece\u011fini ifade eden Atao\u011flu, birlik beraberli\u011fin \u00f6nemine vurgu yapt\u0131, kar\u015f\u0131l\u0131kl\u0131 ziyaretlerin b\u00fcy\u00fck \u00f6nem ta\u015f\u0131d\u0131\u011f\u0131n\u0131 s\u00f6yledi.<\/p>\n<p>Kar\u015f\u0131l\u0131kl\u0131 ziyaretlerin, T\u00fcrk dili konu\u015fan devletlerin birlikteli\u011fini ileriye ta\u015f\u0131mas\u0131nda \u00f6nemli rol oynad\u0131\u011f\u0131n\u0131 ifade eden Atao\u011flu, KKTC olarak bu s\u00fcre\u00e7te kayna\u015fma amac\u0131yla k\u00fclt\u00fcrel sanatsal siyasi ziyaretler yan\u0131nda gen\u00e7lerin bulu\u015fmas\u0131na b\u00fcy\u00fck \u00f6nem verdiklerini kaydetti.<\/p>\n<p>Atao\u011flu, Azerbaycan ile KKTC aras\u0131nda k\u00f6pr\u00fc olu\u015fturulmas\u0131 amac\u0131yla yap\u0131lan ziyaretlerin ba\u011flar\u0131 g\u00fc\u00e7lendirdi\u011fini ifade ederek, \u201cBu ba\u011f\u0131m\u0131z artarak devam ediyor\u201d dedi, Azerbaycan Cumhurba\u015fkan\u0131na KKTC\u2019nin tan\u0131t\u0131lmas\u0131 amac\u0131yla yapt\u0131\u011f\u0131 davete te\u015fekk\u00fcr etti.<\/p>\n<p>T\u00fcrk d\u00fcnyas\u0131na bunu yaymay\u0131 hedeflediklerini ifade eden Atao\u011flu, ayn\u0131 yolda ayn\u0131 ak\u0131lla y\u00fcr\u00fcmeye devam edeceklerini s\u00f6yledi.<\/p>\n<p>Gen\u00e7lerin bulu\u015fmas\u0131n\u0131n \u00f6nemini anlatan Atao\u011flu, T\u00fcrk d\u00fcnyas\u0131 olarak ba\u015far\u0131ya ula\u015fmak i\u00e7in yolun sonuna kadar hi\u00e7bir engel tan\u0131madan y\u00fcr\u00fcyeceklerine inan\u00e7 belirtti.<\/p>\n<p>Atao\u011flu, \u201cKarde\u015fimiz olarak kendinizi kendi vatan\u0131n\u0131zda g\u00f6r\u00fcn, KKTC ileriye, anavatan\u0131 yan\u0131nda karde\u015flerinin deste\u011fiyle ilerleyecek, evinize ho\u015f geldiniz\u201d diye konu\u015ftu.<\/p>\n<p>-\u00dcstel<\/p>\n<p>Ba\u015fbakan \u00dcnal \u00dcstel ise, sempozyum i\u00e7in KKTC\u2019de bulunan t\u00fcm konuklara te\u015fekk\u00fcr ederek, T\u00fcrk d\u00fcnyas\u0131n\u0131n daha ileriye gitmesi amac\u0131yla d\u00fczenlenen sempozyumun \u00f6nemine i\u015faret etti; G\u00fcven Ar\u0131kl\u0131 ve di\u011fer katk\u0131 koyan herkese te\u015fekk\u00fcr etti.<\/p>\n<p>\u00dcstel, T\u00fcrk d\u00fcnyas\u0131nda yer alan KKTC\u2019nin tarihine ve m\u00fccadelesine i\u015faret ederek, \u201cGe\u00e7mi\u015fimiz, tarihimiz, dilimiz birdir, i\u00e7imizdeki T\u00fcrkl\u00fck ate\u015fi b\u00fcy\u00fcd\u00fc, birli\u011fimiz her ge\u00e7en g\u00fcn b\u00fcy\u00fcd\u00fc\u201d ifadelerini kulland\u0131.<\/p>\n<p>Osmanl\u0131 d\u00f6neminden bug\u00fcne T\u00fcrk d\u00fcnyas\u0131n\u0131n hep m\u00fccadele i\u00e7inde, y\u0131lmadan, korkmadan, pes etmeden dayan\u0131\u015fma ruhunu g\u00f6sterdi\u011fini ifade eden \u00dcstel, yanlar\u0131nda her zaman Anavatan T\u00fcrkiye\u2019nin oldu\u011funu, bug\u00fcnlere gelene kadar da bir\u00e7ok \u015fehit verdiklerini ancak m\u00fccadeleyi b\u0131rakmad\u0131klar\u0131n\u0131 s\u00f6yledi.<\/p>\n<p>Ba\u015fbakan \u00dcstel, bu m\u00fccadele ruhuyla ve anavatan\u0131n deste\u011fiyle adaya bar\u0131\u015f\u0131n getirildi\u011fini, ancak Rumlar\u0131n bunu anlamad\u0131\u011f\u0131n\u0131 ifade ederek, KKTC devletini kurarak, ba\u011f\u0131ms\u0131zl\u0131\u011f\u0131n\u0131 d\u00fcnyaya ilan etti\u011fini ve gelece\u011fe dev bir ad\u0131m att\u0131klar\u0131n\u0131 kaydetti.<\/p>\n<p>Bu yolda \u00f6nderlik yapan Dr. K\u00fc\u00e7\u00fck ve Denkta\u015f\u2019\u0131 anan \u00dcstel, atalar\u0131ndan ald\u0131klar\u0131 bayra\u011f\u0131, anavatan ve T\u00fcrk d\u00fcnyas\u0131 ile birlikte her t\u00fcrl\u00fc ambargoya ra\u011fmen \u00e7a\u011fda\u015f bir yap\u0131 i\u00e7erisinde \u00e7al\u0131\u015farak ileriye ta\u015f\u0131yacaklar\u0131n\u0131 s\u00f6yledi.<\/p>\n<p>T\u00fcrkiye Cumhuriyeti deste\u011fi ile Cumhurba\u015fkan\u0131 Erdo\u011fan ve Yard\u0131mc\u0131s\u0131 Y\u0131lmaz\u2019a te\u015fekk\u00fcr eden \u00dcstel, Erdo\u011fan\u2019\u0131n nereye giderse gitsin her yerde, BM Genel Kurulu\u2019nda \u201cKKTC\u2019ye uygulanan ambargolar\u0131n kald\u0131r\u0131lmas\u0131 ve tan\u0131nmas\u0131\u201d amac\u0131yla \u00e7a\u011fr\u0131lar yapt\u0131\u011f\u0131n\u0131 an\u0131msatt\u0131.<\/p>\n<p>\u00dcstel, d\u00fcnyan\u0131n 50 senedir K\u0131br\u0131s T\u00fcrk\u00fc\u2019ne haks\u0131zl\u0131k yapt\u0131\u011f\u0131n\u0131, federasyon g\u00f6r\u00fc\u015fmeleri ile oyalad\u0131\u011f\u0131n\u0131, o g\u00fcnden bug\u00fcne hi\u00e7 bir zihniyetin de\u011fi\u015fmedi\u011fini s\u00f6yledi. \u00dcstel, KKTC\u2019nin art\u0131k ba\u011f\u0131ms\u0131z bir devlet oldu\u011funu ve kimsenin boyunduru\u011fu alt\u0131na girmeyece\u011fini vurgulad\u0131.<\/p>\n<p>\u201cHedef, T\u00fcrk d\u00fcnyas\u0131 ile bir olup birle\u015fmek insanlar\u0131m\u0131z\u0131 kayna\u015ft\u0131rmak, her alanda i\u015fbirli\u011fini geli\u015ftirmektir\u201d diyen \u00dcstel, Azerbaycan\u2019\u0131n da KKTC\u2019ye verdi\u011fi \u00f6nem ve deste\u011fe te\u015fekk\u00fcr etti.<\/p>\n<p>KKTC\u2019nin ilk defa T\u00fcrkiye d\u0131\u015f\u0131nda, \u00fc\u00e7\u00fcnc\u00fc bir \u00fclkede devlet protokol\u00fc ile kar\u015f\u0131land\u0131\u011f\u0131n\u0131 ifade eden \u00dcstel, ilham Aliyev\u2019e K\u0131br\u0131s T\u00fcrk halk\u0131 ad\u0131na te\u015fekk\u00fcr etti.<\/p>\n<p>O ziyaret sonras\u0131 Azerbaycan ile e\u011fitim, turizm, ticaret ve her anlamda kar\u015f\u0131l\u0131kl\u0131 ili\u015fki kurmaya ba\u015flad\u0131klar\u0131n\u0131 belirten \u00dcstel, gen\u00e7lerin daha \u00e7ok kayna\u015fmas\u0131, turizmin geli\u015fmesinde her t\u00fcrl\u00fc ad\u0131m atmaya \u00e7al\u0131\u015fmaya haz\u0131r olduklar\u0131n\u0131 dile getirdi.<\/p>\n<p>\u00dcstel, turizm ve e\u011fitim yan\u0131nda spor alan\u0131nda da i\u015f birli\u011fini geli\u015ftirmek istediklerini ifade ederek, \u201cT\u00fcrk\u2019\u00fcn T\u00fcrk\u2019ten ba\u015fka dostu yoktur\u201d dedi.<\/p>\n<p>Gazze\u2019de, Bosna\u2019da ya\u015fananlara i\u015faret eden ve d\u00fcnyan\u0131n t\u00fcm bu ya\u015fananlar\u0131 K\u0131br\u0131s\u2019taki gibi izledi\u011fini ifade eden \u00dcstel, BM\u2019nin o zaman da \u015fimdiki gibi sadece izledi\u011fini, o y\u00fczden art\u0131k ba\u011f\u0131ms\u0131z bir devlet olarak T\u00fcrk d\u00fcnyas\u0131 ile her alanda kar\u015f\u0131l\u0131kl\u0131 ili\u015fkileri geli\u015ftirmeye devam edeceklerini vurgulad\u0131.<\/p>\n<p>Konu\u015fmalar\u0131n ard\u0131ndan Vak\u0131flar \u0130daresi Genel M\u00fcd\u00fcr\u00fc Prof. Dr. Mustafa T\u00fcmer sunum yapt\u0131. T\u00fcmer, Vakf\u0131n T\u00fcrk d\u00fcnyas\u0131ndaki \u00f6nemli bir yere sahip oldu\u011funu belirtti, Vak\u0131f ile ilgili bilgiler verdi.<\/p>\n<\/p><\/div>\n<p><script async\n                    defer\n                    crossorigin=\"anonymous\"\n                    src=\"https:\/\/connect.facebook.net\/tr_TR\/sdk.js#xfbml=1&#038;version=v3.3\"\n            ><\/script><\/p>\n","protected":false},"excerpt":{"rendered":"<p>T\u00fcrk Birli\u011fi Dayan\u0131\u015fma Derne\u011fi \u00f6nc\u00fcl\u00fc\u011f\u00fcnde d\u00fczenlenen \u201cRauf Raif Dekta\u015f ve Dr. Faz\u0131l K\u00fc\u00e7\u00fck II. Uluslararas\u0131 K\u0131br\u0131s Ara\u015ft\u0131rmalar\u0131 Sempozyumu\u201d ba\u015flad\u0131. Ba\u015fbakan \u00dcnal \u00dcstel\u2019in kat\u0131l\u0131m\u0131yla ger\u00e7ekle\u015ftirilen sempozyumun a\u00e7\u0131l\u0131\u015f\u0131, bug\u00fcn D\u0131\u015fi\u015fleri Bakanl\u0131\u011f\u0131 U\u011fur Umar Konferans Salonunda yap\u0131ld\u0131. Sayg\u0131 duru\u015fu ve \u0130stiklal Mar\u015f\u0131\u2019n\u0131n okunmas\u0131yla ba\u015flayan sempozyumun a\u00e7\u0131l\u0131\u015f\u0131nda, Ba\u015fbakan Yard\u0131mc\u0131s\u0131 Fikri Atao\u011flu, D\u0131\u015fi\u015fleri Bakan\u0131 Tahsin Ertu\u011frulo\u011flu, milletvekilleri, T\u00fcrkiye ve Azerbaycan\u2019dan<\/p>\n","protected":false},"author":1,"featured_media":74769,"comment_status":"open","ping_status":"open","sticky":false,"template":"","format":"standard","meta":{"footnotes":""},"categories":[81,101],"tags":[],"class_list":["post-74768","post","type-post","status-publish","format-standard","has-post-thumbnail","hentry","category-kibris","category-manset"],"yoast_head":"<!-- This site is optimized with the Yoast SEO plugin v27.5 - https:\/\/yoast.com\/product\/yoast-seo-wordpress\/ -->\n<title>Rauf Raif Dekta\u015f ve Dr. Faz\u0131l K\u00fc\u00e7\u00fck II. Uluslararas\u0131 K\u0131br\u0131s Ara\u015ft\u0131rmalar\u0131 Sempozyumu ba\u015flad\u0131 -<\/title>\n<meta name=\"robots\" content=\"index, follow, max-snippet:-1, max-image-preview:large, max-video-preview:-1\" \/>\n<link rel=\"canonical\" href=\"https:\/\/kibrisdakik.com\/?p=74768\" \/>\n<meta property=\"og:locale\" content=\"tr_TR\" \/>\n<meta property=\"og:type\" content=\"article\" \/>\n<meta property=\"og:title\" content=\"Rauf Raif Dekta\u015f ve Dr. Faz\u0131l K\u00fc\u00e7\u00fck II. Uluslararas\u0131 K\u0131br\u0131s Ara\u015ft\u0131rmalar\u0131 Sempozyumu ba\u015flad\u0131 -\" \/>\n<meta property=\"og:description\" content=\"T\u00fcrk Birli\u011fi Dayan\u0131\u015fma Derne\u011fi \u00f6nc\u00fcl\u00fc\u011f\u00fcnde d\u00fczenlenen \u201cRauf Raif Dekta\u015f ve Dr. Faz\u0131l K\u00fc\u00e7\u00fck II. Uluslararas\u0131 K\u0131br\u0131s Ara\u015ft\u0131rmalar\u0131 Sempozyumu\u201d ba\u015flad\u0131. Ba\u015fbakan \u00dcnal \u00dcstel\u2019in kat\u0131l\u0131m\u0131yla ger\u00e7ekle\u015ftirilen sempozyumun a\u00e7\u0131l\u0131\u015f\u0131, bug\u00fcn D\u0131\u015fi\u015fleri Bakanl\u0131\u011f\u0131 U\u011fur Umar Konferans Salonunda yap\u0131ld\u0131. Sayg\u0131 duru\u015fu ve \u0130stiklal Mar\u015f\u0131\u2019n\u0131n okunmas\u0131yla ba\u015flayan sempozyumun a\u00e7\u0131l\u0131\u015f\u0131nda, Ba\u015fbakan Yard\u0131mc\u0131s\u0131 Fikri Atao\u011flu, D\u0131\u015fi\u015fleri Bakan\u0131 Tahsin Ertu\u011frulo\u011flu, milletvekilleri, T\u00fcrkiye ve Azerbaycan\u2019dan\" \/>\n<meta property=\"og:url\" content=\"https:\/\/kibrisdakik.com\/?p=74768\" \/>\n<meta property=\"article:published_time\" content=\"2025-01-31T10:50:27+00:00\" \/>\n<meta property=\"og:image\" content=\"https:\/\/kibrisdakik.com\/wp-content\/uploads\/2025\/01\/assdksa-scaled-740x420.jpg\" \/>\n\t<meta property=\"og:image:width\" content=\"2560\" \/>\n\t<meta property=\"og:image:height\" content=\"1709\" \/>\n\t<meta property=\"og:image:type\" content=\"image\/jpeg\" \/>\n<meta name=\"author\" content=\"admin\" \/>\n<meta name=\"twitter:card\" content=\"summary_large_image\" \/>\n<meta name=\"twitter:label1\" content=\"Yazan:\" \/>\n\t<meta name=\"twitter:data1\" content=\"admin\" \/>\n\t<meta name=\"twitter:label2\" content=\"Tahmini okuma s\u00fcresi\" \/>\n\t<meta name=\"twitter:data2\" content=\"8 dakika\" \/>\n<script type=\"application\/ld+json\" class=\"yoast-schema-graph\">{\"@context\":\"https:\\\/\\\/schema.org\",\"@graph\":[{\"@type\":\"Article\",\"@id\":\"https:\\\/\\\/kibrisdakik.com\\\/?p=74768#article\",\"isPartOf\":{\"@id\":\"https:\\\/\\\/kibrisdakik.com\\\/?p=74768\"},\"author\":{\"name\":\"admin\",\"@id\":\"https:\\\/\\\/kibrisdakik.com\\\/#\\\/schema\\\/person\\\/9cd9d437bbb44f72b73ba127e06d8e79\"},\"headline\":\"Rauf Raif Dekta\u015f ve Dr. Faz\u0131l K\u00fc\u00e7\u00fck II. Uluslararas\u0131 K\u0131br\u0131s Ara\u015ft\u0131rmalar\u0131 Sempozyumu ba\u015flad\u0131\",\"datePublished\":\"2025-01-31T10:50:27+00:00\",\"mainEntityOfPage\":{\"@id\":\"https:\\\/\\\/kibrisdakik.com\\\/?p=74768\"},\"wordCount\":1655,\"commentCount\":0,\"image\":{\"@id\":\"https:\\\/\\\/kibrisdakik.com\\\/?p=74768#primaryimage\"},\"thumbnailUrl\":\"https:\\\/\\\/kibrisdakik.com\\\/wp-content\\\/uploads\\\/2025\\\/01\\\/assdksa-scaled-740x420.jpg\",\"articleSection\":[\"K\u0131br\u0131s\",\"Man\u015fet\"],\"inLanguage\":\"tr\",\"potentialAction\":[{\"@type\":\"CommentAction\",\"name\":\"Comment\",\"target\":[\"https:\\\/\\\/kibrisdakik.com\\\/?p=74768#respond\"]}]},{\"@type\":\"WebPage\",\"@id\":\"https:\\\/\\\/kibrisdakik.com\\\/?p=74768\",\"url\":\"https:\\\/\\\/kibrisdakik.com\\\/?p=74768\",\"name\":\"Rauf Raif Dekta\u015f ve Dr. Faz\u0131l K\u00fc\u00e7\u00fck II. Uluslararas\u0131 K\u0131br\u0131s Ara\u015ft\u0131rmalar\u0131 Sempozyumu ba\u015flad\u0131 -\",\"isPartOf\":{\"@id\":\"https:\\\/\\\/kibrisdakik.com\\\/#website\"},\"primaryImageOfPage\":{\"@id\":\"https:\\\/\\\/kibrisdakik.com\\\/?p=74768#primaryimage\"},\"image\":{\"@id\":\"https:\\\/\\\/kibrisdakik.com\\\/?p=74768#primaryimage\"},\"thumbnailUrl\":\"https:\\\/\\\/kibrisdakik.com\\\/wp-content\\\/uploads\\\/2025\\\/01\\\/assdksa-scaled-740x420.jpg\",\"datePublished\":\"2025-01-31T10:50:27+00:00\",\"author\":{\"@id\":\"https:\\\/\\\/kibrisdakik.com\\\/#\\\/schema\\\/person\\\/9cd9d437bbb44f72b73ba127e06d8e79\"},\"breadcrumb\":{\"@id\":\"https:\\\/\\\/kibrisdakik.com\\\/?p=74768#breadcrumb\"},\"inLanguage\":\"tr\",\"potentialAction\":[{\"@type\":\"ReadAction\",\"target\":[\"https:\\\/\\\/kibrisdakik.com\\\/?p=74768\"]}]},{\"@type\":\"ImageObject\",\"inLanguage\":\"tr\",\"@id\":\"https:\\\/\\\/kibrisdakik.com\\\/?p=74768#primaryimage\",\"url\":\"https:\\\/\\\/kibrisdakik.com\\\/wp-content\\\/uploads\\\/2025\\\/01\\\/assdksa-scaled-740x420.jpg\",\"contentUrl\":\"https:\\\/\\\/kibrisdakik.com\\\/wp-content\\\/uploads\\\/2025\\\/01\\\/assdksa-scaled-740x420.jpg\",\"width\":2560,\"height\":1709},{\"@type\":\"BreadcrumbList\",\"@id\":\"https:\\\/\\\/kibrisdakik.com\\\/?p=74768#breadcrumb\",\"itemListElement\":[{\"@type\":\"ListItem\",\"position\":1,\"name\":\"Home\",\"item\":\"https:\\\/\\\/kibrisdakik.com\\\/\"},{\"@type\":\"ListItem\",\"position\":2,\"name\":\"Rauf Raif Dekta\u015f ve Dr. Faz\u0131l K\u00fc\u00e7\u00fck II. Uluslararas\u0131 K\u0131br\u0131s Ara\u015ft\u0131rmalar\u0131 Sempozyumu ba\u015flad\u0131\"}]},{\"@type\":\"WebSite\",\"@id\":\"https:\\\/\\\/kibrisdakik.com\\\/#website\",\"url\":\"https:\\\/\\\/kibrisdakik.com\\\/\",\"name\":\"\",\"description\":\"Tam vaktinde haber\",\"potentialAction\":[{\"@type\":\"SearchAction\",\"target\":{\"@type\":\"EntryPoint\",\"urlTemplate\":\"https:\\\/\\\/kibrisdakik.com\\\/?s={search_term_string}\"},\"query-input\":{\"@type\":\"PropertyValueSpecification\",\"valueRequired\":true,\"valueName\":\"search_term_string\"}}],\"inLanguage\":\"tr\"},{\"@type\":\"Person\",\"@id\":\"https:\\\/\\\/kibrisdakik.com\\\/#\\\/schema\\\/person\\\/9cd9d437bbb44f72b73ba127e06d8e79\",\"name\":\"admin\",\"image\":{\"@type\":\"ImageObject\",\"inLanguage\":\"tr\",\"@id\":\"https:\\\/\\\/secure.gravatar.com\\\/avatar\\\/ccc17943b9d660506c869530f897617f7cb1c21a4bf30023f252596d83e1f007?s=96&d=mm&r=g\",\"url\":\"https:\\\/\\\/secure.gravatar.com\\\/avatar\\\/ccc17943b9d660506c869530f897617f7cb1c21a4bf30023f252596d83e1f007?s=96&d=mm&r=g\",\"contentUrl\":\"https:\\\/\\\/secure.gravatar.com\\\/avatar\\\/ccc17943b9d660506c869530f897617f7cb1c21a4bf30023f252596d83e1f007?s=96&d=mm&r=g\",\"caption\":\"admin\"},\"sameAs\":[\"https:\\\/\\\/kibrisdakik.com\"],\"url\":\"https:\\\/\\\/kibrisdakik.com\\\/?author=1\"}]}<\/script>\n<!-- \/ Yoast SEO plugin. -->","yoast_head_json":{"title":"Rauf Raif Dekta\u015f ve Dr. Faz\u0131l K\u00fc\u00e7\u00fck II. Uluslararas\u0131 K\u0131br\u0131s Ara\u015ft\u0131rmalar\u0131 Sempozyumu ba\u015flad\u0131 -","robots":{"index":"index","follow":"follow","max-snippet":"max-snippet:-1","max-image-preview":"max-image-preview:large","max-video-preview":"max-video-preview:-1"},"canonical":"https:\/\/kibrisdakik.com\/?p=74768","og_locale":"tr_TR","og_type":"article","og_title":"Rauf Raif Dekta\u015f ve Dr. Faz\u0131l K\u00fc\u00e7\u00fck II. Uluslararas\u0131 K\u0131br\u0131s Ara\u015ft\u0131rmalar\u0131 Sempozyumu ba\u015flad\u0131 -","og_description":"T\u00fcrk Birli\u011fi Dayan\u0131\u015fma Derne\u011fi \u00f6nc\u00fcl\u00fc\u011f\u00fcnde d\u00fczenlenen \u201cRauf Raif Dekta\u015f ve Dr. Faz\u0131l K\u00fc\u00e7\u00fck II. Uluslararas\u0131 K\u0131br\u0131s Ara\u015ft\u0131rmalar\u0131 Sempozyumu\u201d ba\u015flad\u0131. Ba\u015fbakan \u00dcnal \u00dcstel\u2019in kat\u0131l\u0131m\u0131yla ger\u00e7ekle\u015ftirilen sempozyumun a\u00e7\u0131l\u0131\u015f\u0131, bug\u00fcn D\u0131\u015fi\u015fleri Bakanl\u0131\u011f\u0131 U\u011fur Umar Konferans Salonunda yap\u0131ld\u0131. Sayg\u0131 duru\u015fu ve \u0130stiklal Mar\u015f\u0131\u2019n\u0131n okunmas\u0131yla ba\u015flayan sempozyumun a\u00e7\u0131l\u0131\u015f\u0131nda, Ba\u015fbakan Yard\u0131mc\u0131s\u0131 Fikri Atao\u011flu, D\u0131\u015fi\u015fleri Bakan\u0131 Tahsin Ertu\u011frulo\u011flu, milletvekilleri, T\u00fcrkiye ve Azerbaycan\u2019dan","og_url":"https:\/\/kibrisdakik.com\/?p=74768","article_published_time":"2025-01-31T10:50:27+00:00","og_image":[{"width":2560,"height":1709,"url":"https:\/\/kibrisdakik.com\/wp-content\/uploads\/2025\/01\/assdksa-scaled-740x420.jpg","type":"image\/jpeg"}],"author":"admin","twitter_card":"summary_large_image","twitter_misc":{"Yazan:":"admin","Tahmini okuma s\u00fcresi":"8 dakika"},"schema":{"@context":"https:\/\/schema.org","@graph":[{"@type":"Article","@id":"https:\/\/kibrisdakik.com\/?p=74768#article","isPartOf":{"@id":"https:\/\/kibrisdakik.com\/?p=74768"},"author":{"name":"admin","@id":"https:\/\/kibrisdakik.com\/#\/schema\/person\/9cd9d437bbb44f72b73ba127e06d8e79"},"headline":"Rauf Raif Dekta\u015f ve Dr. Faz\u0131l K\u00fc\u00e7\u00fck II. Uluslararas\u0131 K\u0131br\u0131s Ara\u015ft\u0131rmalar\u0131 Sempozyumu ba\u015flad\u0131","datePublished":"2025-01-31T10:50:27+00:00","mainEntityOfPage":{"@id":"https:\/\/kibrisdakik.com\/?p=74768"},"wordCount":1655,"commentCount":0,"image":{"@id":"https:\/\/kibrisdakik.com\/?p=74768#primaryimage"},"thumbnailUrl":"https:\/\/kibrisdakik.com\/wp-content\/uploads\/2025\/01\/assdksa-scaled-740x420.jpg","articleSection":["K\u0131br\u0131s","Man\u015fet"],"inLanguage":"tr","potentialAction":[{"@type":"CommentAction","name":"Comment","target":["https:\/\/kibrisdakik.com\/?p=74768#respond"]}]},{"@type":"WebPage","@id":"https:\/\/kibrisdakik.com\/?p=74768","url":"https:\/\/kibrisdakik.com\/?p=74768","name":"Rauf Raif Dekta\u015f ve Dr. Faz\u0131l K\u00fc\u00e7\u00fck II. Uluslararas\u0131 K\u0131br\u0131s Ara\u015ft\u0131rmalar\u0131 Sempozyumu ba\u015flad\u0131 -","isPartOf":{"@id":"https:\/\/kibrisdakik.com\/#website"},"primaryImageOfPage":{"@id":"https:\/\/kibrisdakik.com\/?p=74768#primaryimage"},"image":{"@id":"https:\/\/kibrisdakik.com\/?p=74768#primaryimage"},"thumbnailUrl":"https:\/\/kibrisdakik.com\/wp-content\/uploads\/2025\/01\/assdksa-scaled-740x420.jpg","datePublished":"2025-01-31T10:50:27+00:00","author":{"@id":"https:\/\/kibrisdakik.com\/#\/schema\/person\/9cd9d437bbb44f72b73ba127e06d8e79"},"breadcrumb":{"@id":"https:\/\/kibrisdakik.com\/?p=74768#breadcrumb"},"inLanguage":"tr","potentialAction":[{"@type":"ReadAction","target":["https:\/\/kibrisdakik.com\/?p=74768"]}]},{"@type":"ImageObject","inLanguage":"tr","@id":"https:\/\/kibrisdakik.com\/?p=74768#primaryimage","url":"https:\/\/kibrisdakik.com\/wp-content\/uploads\/2025\/01\/assdksa-scaled-740x420.jpg","contentUrl":"https:\/\/kibrisdakik.com\/wp-content\/uploads\/2025\/01\/assdksa-scaled-740x420.jpg","width":2560,"height":1709},{"@type":"BreadcrumbList","@id":"https:\/\/kibrisdakik.com\/?p=74768#breadcrumb","itemListElement":[{"@type":"ListItem","position":1,"name":"Home","item":"https:\/\/kibrisdakik.com\/"},{"@type":"ListItem","position":2,"name":"Rauf Raif Dekta\u015f ve Dr. Faz\u0131l K\u00fc\u00e7\u00fck II. Uluslararas\u0131 K\u0131br\u0131s Ara\u015ft\u0131rmalar\u0131 Sempozyumu ba\u015flad\u0131"}]},{"@type":"WebSite","@id":"https:\/\/kibrisdakik.com\/#website","url":"https:\/\/kibrisdakik.com\/","name":"","description":"Tam vaktinde haber","potentialAction":[{"@type":"SearchAction","target":{"@type":"EntryPoint","urlTemplate":"https:\/\/kibrisdakik.com\/?s={search_term_string}"},"query-input":{"@type":"PropertyValueSpecification","valueRequired":true,"valueName":"search_term_string"}}],"inLanguage":"tr"},{"@type":"Person","@id":"https:\/\/kibrisdakik.com\/#\/schema\/person\/9cd9d437bbb44f72b73ba127e06d8e79","name":"admin","image":{"@type":"ImageObject","inLanguage":"tr","@id":"https:\/\/secure.gravatar.com\/avatar\/ccc17943b9d660506c869530f897617f7cb1c21a4bf30023f252596d83e1f007?s=96&d=mm&r=g","url":"https:\/\/secure.gravatar.com\/avatar\/ccc17943b9d660506c869530f897617f7cb1c21a4bf30023f252596d83e1f007?s=96&d=mm&r=g","contentUrl":"https:\/\/secure.gravatar.com\/avatar\/ccc17943b9d660506c869530f897617f7cb1c21a4bf30023f252596d83e1f007?s=96&d=mm&r=g","caption":"admin"},"sameAs":["https:\/\/kibrisdakik.com"],"url":"https:\/\/kibrisdakik.com\/?author=1"}]}},"_links":{"self":[{"href":"https:\/\/kibrisdakik.com\/index.php?rest_route=\/wp\/v2\/posts\/74768","targetHints":{"allow":["GET"]}}],"collection":[{"href":"https:\/\/kibrisdakik.com\/index.php?rest_route=\/wp\/v2\/posts"}],"about":[{"href":"https:\/\/kibrisdakik.com\/index.php?rest_route=\/wp\/v2\/types\/post"}],"author":[{"embeddable":true,"href":"https:\/\/kibrisdakik.com\/index.php?rest_route=\/wp\/v2\/users\/1"}],"replies":[{"embeddable":true,"href":"https:\/\/kibrisdakik.com\/index.php?rest_route=%2Fwp%2Fv2%2Fcomments&post=74768"}],"version-history":[{"count":0,"href":"https:\/\/kibrisdakik.com\/index.php?rest_route=\/wp\/v2\/posts\/74768\/revisions"}],"wp:featuredmedia":[{"embeddable":true,"href":"https:\/\/kibrisdakik.com\/index.php?rest_route=\/wp\/v2\/media\/74769"}],"wp:attachment":[{"href":"https:\/\/kibrisdakik.com\/index.php?rest_route=%2Fwp%2Fv2%2Fmedia&parent=74768"}],"wp:term":[{"taxonomy":"category","embeddable":true,"href":"https:\/\/kibrisdakik.com\/index.php?rest_route=%2Fwp%2Fv2%2Fcategories&post=74768"},{"taxonomy":"post_tag","embeddable":true,"href":"https:\/\/kibrisdakik.com\/index.php?rest_route=%2Fwp%2Fv2%2Ftags&post=74768"}],"curies":[{"name":"wp","href":"https:\/\/api.w.org\/{rel}","templated":true}]}}